{"id":3290,"date":"2024-12-11T15:18:19","date_gmt":"2024-12-11T14:18:19","guid":{"rendered":"https:\/\/vieassociative.be\/actualites\/kmsk-deinze-en-faillite-a-la-fin-de-la-saison-probablement-seulement-une-relegation-directe-en-challenger-pro-league\/"},"modified":"2024-12-11T15:18:19","modified_gmt":"2024-12-11T14:18:19","slug":"kmsk-deinze-en-faillite-a-la-fin-de-la-saison-probablement-seulement-une-relegation-directe-en-challenger-pro-league","status":"publish","type":"post","link":"https:\/\/vieassociative.be\/actualites\/kmsk-deinze-en-faillite-a-la-fin-de-la-saison-probablement-seulement-une-relegation-directe-en-challenger-pro-league\/","title":{"rendered":"KMSK Deinze en faillite \u2013 \u00e0 la fin de la saison probablement seulement une rel\u00e9gation directe en Challenger Pro League"},"content":{"rendered":"<p><strong>Mercredi, le tribunal des affaires de Gand a annonc\u00e9 la faillite de l&rsquo;\u00e9quipe de football de deuxi\u00e8me division KMSK Deinze. Normalement, le club de Flandre orientale serait l&rsquo;adversaire de l&rsquo;AS Eupen samedi soir.<\/strong><\/p>\n<p><span id=\"more-403848\"><\/span>Le club est \u00e0 la recherche d&rsquo;un repreneur depuis que le groupe singapourien ACA Football Partners a coup\u00e9 les fonds. Le groupe d&rsquo;investissement luxembourgeois AAD Invest Group souhaitait reprendre le club belge de deuxi\u00e8me division, mais n&rsquo;a pu tenir aucune de ses promesses. Comment il est possible que KMSK Deinze re\u00e7oive toujours une licence professionnelle pour la saison 2024\/2025 reste un myst\u00e8re.<\/p>\n<p>Le 26 novembre, l&rsquo;avocat du club a fait reporter le dossier sur une \u00e9ventuelle faillite du club afin de lui laisser le temps de trouver un repreneur solide et r\u00e9put\u00e9. C&rsquo;\u00e9tait un effort inutile.<\/p>\n<div id=\"attachment_335977\" class=\"wp-caption alignleft\" style=\"max-width: 300px\"><img fetchpriority=\"high\" decoding=\"async\" class=\"wp-image-335977 size-medium\" src=\"https:\/\/vieassociative.be\/actualites\/wp-content\/uploads\/2024\/12\/KMSK-Deinze-en-faillite-\u2013-a-la-fin-de-la.jpeg\" alt=\"\" width=\"300\" height=\"200\"><\/p>\n<p class=\"wp-caption-text\">Duel entre Teddy Alloh (l) d&rsquo;Eupen et Gaetan Hendrickx (r) du KMSK Deinze le 8 novembre 2022 lors de la finale 1\/16 de la coupe nationale. Eupen a perdu 0-3 contre l&rsquo;\u00e9quipe de deuxi\u00e8me division. Photo de : Belga<\/p>\n<\/div>\n<p>La faillite de Deinze affectera \u00e9galement la Challenger Pro League, puisque tous les matchs d&rsquo;Obstflamen seront annul\u00e9s, ce qui affectera \u00e9galement le classement, puisque certaines \u00e9quipes perdront les points gagn\u00e9s contre Deinze, tandis que d&rsquo;autres vaincues par elles conserveront leur score.<\/p>\n<p>Dans la course au titre, par exemple, Zulte Waregem perdrait un point apr\u00e8s un match nul 1-1 contre Deinze, tandis que le RAAL La Louvi\u00e8re, le RWDM et le Patro Eisden, vainqueur contre Deinze, perdraient trois points. R\u00e9sultat, Zulte Waregem aurait deux points d&rsquo;avance sur La Louvi\u00e8re et sept points sur RWDM et Patro Eisden.<\/p>\n<p>En bas du tableau, la faillite de Deinze aurait \u00e9galement des cons\u00e9quences consid\u00e9rables. Les trois derniers adversaires de Deinze, les Francs Borains, Li\u00e8ge et Seraing, verraient leur victoire annul\u00e9e et perdraient trois points, tandis que Lokeren-Temse ne perdrait qu&rsquo;un point. Le RSC Anderlecht Futures et Jong Genk ne perdraient rien.<\/p>\n<div id=\"attachment_195895\" class=\"wp-caption alignleft\" style=\"max-width: 300px\"><img decoding=\"async\" class=\"wp-image-195895 size-medium\" src=\"https:\/\/vieassociative.be\/actualites\/wp-content\/uploads\/2024\/12\/1733926699_787_KMSK-Deinze-en-faillite-\u2013-a-la-fin-de-la.jpeg\" alt=\"\" width=\"300\" height=\"200\"  ><\/p>\n<p class=\"wp-caption-text\">05.12.2018, Belgique, Deinze : Duel entre Lennart Mertens de Deinze (l) et Nils Schouterden d&rsquo;Eupen en huiti\u00e8mes de finale de la coupe nationale. Eupen a gagn\u00e9 3-1. Photo de : Belga<\/p>\n<\/div>\n<p>En ce qui concerne la lutte pour le maintien en championnat, apr\u00e8s la faillite de Deinze, il n&rsquo;y aurait qu&rsquo;une seule rel\u00e9gation directe en National 1. La saison derni\u00e8re, le RFC Seraing, avant-dernier de la Challenger Pro League, a profit\u00e9 de la faillite du KV Ostende. C&rsquo;est pourquoi seuls les U23 du Standard de Li\u00e8ge ont \u00e9t\u00e9 rel\u00e9gu\u00e9s en derni\u00e8re position.<\/p>\n<p>Comme les joueurs de Deinze n&rsquo;ont pas \u00e9t\u00e9 pay\u00e9s depuis des mois, ils sont lib\u00e9r\u00e9s de leur contrat et peuvent signer o\u00f9 ils veulent. Le joueur Lennart Mertens a d\u00e9j\u00e0 sign\u00e9 avec le SK Beveren, le jeune talent Yanis Musuayi a \u00e9t\u00e9 sign\u00e9 avec le FC Bruges, tandis que Dierckx, Hendrickx et Van Landschoot ont \u00e9galement annonc\u00e9 leur d\u00e9part. Plusieurs clubs sont d\u00e9j\u00e0 int\u00e9ress\u00e9s par ces deux derniers et De Schryver, dont le RWDM.<\/p>\n<p>Ce que l&rsquo;on sait moins, c&rsquo;est que l&rsquo;\u00e9cole des jeunes de Deinze occupe les installations du Stade du Canonnier et du Futurosport \u00e0 Mouscron. Un contrat de trois ans et demi lie le club flamand \u00e0 l&rsquo;Intercommunale d&rsquo;\u00c9tude et de Gestion (IEG) de Mouscron. En cas de faillite, l&rsquo;IEG devrait trouver un autre club professionnel dispos\u00e9 \u00e0 louer les installations afin de rentabiliser les infrastructures, dont une partie est occup\u00e9e par le Stade Mouscronnois (P1). (cr\u00e9er)<\/p>\n","protected":false},"excerpt":{"rendered":"<p>Mercredi, le tribunal des affaires de Gand a annonc\u00e9 la faillite de l&rsquo;\u00e9quipe de football de deuxi\u00e8me division KMSK Deinze. Normalement, le club de Flandre<\/p>\n","protected":false},"author":1,"featured_media":3291,"comment_status":"","ping_status":"","sticky":false,"template":"","format":"standard","meta":{"footnotes":""},"categories":[298],"tags":[3949,3946,3948,3947,1908,3945,3950,630,419,3402,690,2583,110],"class_list":["post-3290","post","type-post","status-publish","format-standard","has-post-thumbnail","hentry","category-belgique","tag-challenger","tag-deinze","tag-directe","tag-faillite","tag-fin","tag-kmsk","tag-league","tag-pro","tag-probablement","tag-relegation","tag-saison","tag-seulement","tag-une","generate-columns","tablet-grid-50","mobile-grid-100","grid-parent","grid-33"],"yoast_head":"<!-- This site is optimized with the Yoast SEO plugin v24.0 - https:\/\/yoast.com\/wordpress\/plugins\/seo\/ -->\n<title>KMSK Deinze en faillite \u2013 \u00e0 la fin de la saison probablement seulement une rel\u00e9gation directe en Challenger Pro League | Vie Associative<\/title>\n<meta name=\"robots\" content=\"index, follow, max-snippet:-1, max-image-preview:large, max-video-preview:-1\" \/>\n<link rel=\"canonical\" href=\"https:\/\/vieassociative.be\/actualites\/kmsk-deinze-en-faillite-a-la-fin-de-la-saison-probablement-seulement-une-relegation-directe-en-challenger-pro-league\/\" \/>\n<meta property=\"og:locale\" content=\"fr_FR\" \/>\n<meta property=\"og:type\" content=\"article\" \/>\n<meta property=\"og:title\" content=\"KMSK Deinze en faillite \u2013 \u00e0 la fin de la saison probablement seulement une rel\u00e9gation directe en Challenger Pro League | Vie Associative\" \/>\n<meta property=\"og:description\" content=\"Mercredi, le tribunal des affaires de Gand a annonc\u00e9 la faillite de l&rsquo;\u00e9quipe de football de deuxi\u00e8me division KMSK Deinze. Normalement, le club de Flandre\" \/>\n<meta property=\"og:url\" content=\"https:\/\/vieassociative.be\/actualites\/kmsk-deinze-en-faillite-a-la-fin-de-la-saison-probablement-seulement-une-relegation-directe-en-challenger-pro-league\/\" \/>\n<meta property=\"og:site_name\" content=\"Vie Associative\" \/>\n<meta property=\"article:published_time\" content=\"2024-12-11T14:18:19+00:00\" \/>\n<meta property=\"og:image\" content=\"https:\/\/vieassociative.be\/actualites\/wp-content\/uploads\/2024\/09\/header_backgroundk-01-e1726694325946.png\" \/>\n\t<meta property=\"og:image:width\" content=\"279\" \/>\n\t<meta property=\"og:image:height\" content=\"92\" \/>\n\t<meta property=\"og:image:type\" content=\"image\/png\" \/>\n<meta name=\"author\" content=\"Julien\" \/>\n<meta name=\"twitter:card\" content=\"summary_large_image\" \/>\n<meta name=\"twitter:label1\" content=\"\u00c9crit par\" \/>\n\t<meta name=\"twitter:data1\" content=\"Julien\" \/>\n\t<meta name=\"twitter:label2\" content=\"Dur\u00e9e de lecture est.\" \/>\n\t<meta name=\"twitter:data2\" content=\"3 minutes\" \/>\n<script type=\"application\/ld+json\" class=\"yoast-schema-graph\">{\"@context\":\"https:\/\/schema.org\",\"@graph\":[{\"@type\":\"Article\",\"@id\":\"https:\/\/vieassociative.be\/actualites\/kmsk-deinze-en-faillite-a-la-fin-de-la-saison-probablement-seulement-une-relegation-directe-en-challenger-pro-league\/#article\",\"isPartOf\":{\"@id\":\"https:\/\/vieassociative.be\/actualites\/kmsk-deinze-en-faillite-a-la-fin-de-la-saison-probablement-seulement-une-relegation-directe-en-challenger-pro-league\/\"},\"author\":{\"name\":\"Julien\",\"@id\":\"https:\/\/vieassociative.be\/actualites\/#\/schema\/person\/b87ac4f82f9d4e7b7cec7395b679edc4\"},\"headline\":\"KMSK Deinze en faillite \u2013 \u00e0 la fin de la saison probablement seulement une rel\u00e9gation directe en Challenger Pro League\",\"datePublished\":\"2024-12-11T14:18:19+00:00\",\"dateModified\":\"2024-12-11T14:18:19+00:00\",\"mainEntityOfPage\":{\"@id\":\"https:\/\/vieassociative.be\/actualites\/kmsk-deinze-en-faillite-a-la-fin-de-la-saison-probablement-seulement-une-relegation-directe-en-challenger-pro-league\/\"},\"wordCount\":620,\"publisher\":{\"@id\":\"https:\/\/vieassociative.be\/actualites\/#organization\"},\"image\":{\"@id\":\"https:\/\/vieassociative.be\/actualites\/kmsk-deinze-en-faillite-a-la-fin-de-la-saison-probablement-seulement-une-relegation-directe-en-challenger-pro-league\/#primaryimage\"},\"thumbnailUrl\":\"https:\/\/vieassociative.be\/actualites\/wp-content\/uploads\/2024\/12\/KMSK-Deinze-en-faillite-\u2013-a-la-fin-de-la.jpg\",\"keywords\":[\"Challenger\",\"Deinze\",\"directe\",\"faillite\",\"fin\",\"KMSK\",\"League\",\"Pro\",\"probablement\",\"rel\u00e9gation\",\"Saison\",\"seulement\",\"une\"],\"articleSection\":[\"Belgique\"],\"inLanguage\":\"fr-BE\"},{\"@type\":\"WebPage\",\"@id\":\"https:\/\/vieassociative.be\/actualites\/kmsk-deinze-en-faillite-a-la-fin-de-la-saison-probablement-seulement-une-relegation-directe-en-challenger-pro-league\/\",\"url\":\"https:\/\/vieassociative.be\/actualites\/kmsk-deinze-en-faillite-a-la-fin-de-la-saison-probablement-seulement-une-relegation-directe-en-challenger-pro-league\/\",\"name\":\"KMSK Deinze en faillite \u2013 \u00e0 la fin de la saison probablement seulement une rel\u00e9gation directe en Challenger Pro League | Vie Associative\",\"isPartOf\":{\"@id\":\"https:\/\/vieassociative.be\/actualites\/#website\"},\"primaryImageOfPage\":{\"@id\":\"https:\/\/vieassociative.be\/actualites\/kmsk-deinze-en-faillite-a-la-fin-de-la-saison-probablement-seulement-une-relegation-directe-en-challenger-pro-league\/#primaryimage\"},\"image\":{\"@id\":\"https:\/\/vieassociative.be\/actualites\/kmsk-deinze-en-faillite-a-la-fin-de-la-saison-probablement-seulement-une-relegation-directe-en-challenger-pro-league\/#primaryimage\"},\"thumbnailUrl\":\"https:\/\/vieassociative.be\/actualites\/wp-content\/uploads\/2024\/12\/KMSK-Deinze-en-faillite-\u2013-a-la-fin-de-la.jpg\",\"datePublished\":\"2024-12-11T14:18:19+00:00\",\"dateModified\":\"2024-12-11T14:18:19+00:00\",\"breadcrumb\":{\"@id\":\"https:\/\/vieassociative.be\/actualites\/kmsk-deinze-en-faillite-a-la-fin-de-la-saison-probablement-seulement-une-relegation-directe-en-challenger-pro-league\/#breadcrumb\"},\"inLanguage\":\"fr-BE\",\"potentialAction\":[{\"@type\":\"ReadAction\",\"target\":[\"https:\/\/vieassociative.be\/actualites\/kmsk-deinze-en-faillite-a-la-fin-de-la-saison-probablement-seulement-une-relegation-directe-en-challenger-pro-league\/\"]}]},{\"@type\":\"ImageObject\",\"inLanguage\":\"fr-BE\",\"@id\":\"https:\/\/vieassociative.be\/actualites\/kmsk-deinze-en-faillite-a-la-fin-de-la-saison-probablement-seulement-une-relegation-directe-en-challenger-pro-league\/#primaryimage\",\"url\":\"https:\/\/vieassociative.be\/actualites\/wp-content\/uploads\/2024\/12\/KMSK-Deinze-en-faillite-\u2013-a-la-fin-de-la.jpg\",\"contentUrl\":\"https:\/\/vieassociative.be\/actualites\/wp-content\/uploads\/2024\/12\/KMSK-Deinze-en-faillite-\u2013-a-la-fin-de-la.jpg\",\"width\":1200,\"height\":800,\"caption\":\"KMSK Deinze en faillite \u2013 \u00e0 la fin de la saison probablement seulement une rel\u00e9gation directe en Challenger Pro League\"},{\"@type\":\"BreadcrumbList\",\"@id\":\"https:\/\/vieassociative.be\/actualites\/kmsk-deinze-en-faillite-a-la-fin-de-la-saison-probablement-seulement-une-relegation-directe-en-challenger-pro-league\/#breadcrumb\",\"itemListElement\":[{\"@type\":\"ListItem\",\"position\":1,\"name\":\"Accueil\",\"item\":\"https:\/\/vieassociative.be\/actualites\/\"},{\"@type\":\"ListItem\",\"position\":2,\"name\":\"KMSK Deinze en faillite \u2013 \u00e0 la fin de la saison probablement seulement une rel\u00e9gation directe en Challenger Pro League\"}]},{\"@type\":\"WebSite\",\"@id\":\"https:\/\/vieassociative.be\/actualites\/#website\",\"url\":\"https:\/\/vieassociative.be\/actualites\/\",\"name\":\"Vie Associative\",\"description\":\"\",\"publisher\":{\"@id\":\"https:\/\/vieassociative.be\/actualites\/#organization\"},\"potentialAction\":[{\"@type\":\"SearchAction\",\"target\":{\"@type\":\"EntryPoint\",\"urlTemplate\":\"https:\/\/vieassociative.be\/actualites\/?s={search_term_string}\"},\"query-input\":{\"@type\":\"PropertyValueSpecification\",\"valueRequired\":true,\"valueName\":\"search_term_string\"}}],\"inLanguage\":\"fr-BE\"},{\"@type\":\"Organization\",\"@id\":\"https:\/\/vieassociative.be\/actualites\/#organization\",\"name\":\"Vie Associative\",\"url\":\"https:\/\/vieassociative.be\/actualites\/\",\"logo\":{\"@type\":\"ImageObject\",\"inLanguage\":\"fr-BE\",\"@id\":\"https:\/\/vieassociative.be\/actualites\/#\/schema\/logo\/image\/\",\"url\":\"https:\/\/vieassociative.be\/actualites\/wp-content\/uploads\/2024\/09\/cropped-vieassociative_favicon.ico.png\",\"contentUrl\":\"https:\/\/vieassociative.be\/actualites\/wp-content\/uploads\/2024\/09\/cropped-vieassociative_favicon.ico.png\",\"width\":512,\"height\":512,\"caption\":\"Vie Associative\"},\"image\":{\"@id\":\"https:\/\/vieassociative.be\/actualites\/#\/schema\/logo\/image\/\"}},{\"@type\":\"Person\",\"@id\":\"https:\/\/vieassociative.be\/actualites\/#\/schema\/person\/b87ac4f82f9d4e7b7cec7395b679edc4\",\"name\":\"Julien\",\"image\":{\"@type\":\"ImageObject\",\"inLanguage\":\"fr-BE\",\"@id\":\"https:\/\/vieassociative.be\/actualites\/#\/schema\/person\/image\/\",\"url\":\"https:\/\/vieassociative.be\/actualites\/wp-content\/uploads\/2024\/09\/vie-associative-1-150x150.jpg\",\"contentUrl\":\"https:\/\/vieassociative.be\/actualites\/wp-content\/uploads\/2024\/09\/vie-associative-1-150x150.jpg\",\"caption\":\"Julien\"},\"description\":\"Je suis Julien, r\u00e9dacteur pour Vie Associative. Passionn\u00e9 par le monde associatif depuis plus de 10 ans, j'ai \u00e0 c\u0153ur de partager des histoires inspirantes et de mettre en lumi\u00e8re les initiatives locales. Mon objectif est de sensibiliser et d'encourager l'engagement communautaire \u00e0 travers mes articles.\",\"sameAs\":[\"https:\/\/vieassociative.be\/\"]}]}<\/script>\n<!-- \/ Yoast SEO plugin. -->","yoast_head_json":{"title":"KMSK Deinze en faillite \u2013 \u00e0 la fin de la saison probablement seulement une rel\u00e9gation directe en Challenger Pro League | Vie Associative","robots":{"index":"index","follow":"follow","max-snippet":"max-snippet:-1","max-image-preview":"max-image-preview:large","max-video-preview":"max-video-preview:-1"},"canonical":"https:\/\/vieassociative.be\/actualites\/kmsk-deinze-en-faillite-a-la-fin-de-la-saison-probablement-seulement-une-relegation-directe-en-challenger-pro-league\/","og_locale":"fr_FR","og_type":"article","og_title":"KMSK Deinze en faillite \u2013 \u00e0 la fin de la saison probablement seulement une rel\u00e9gation directe en Challenger Pro League | Vie Associative","og_description":"Mercredi, le tribunal des affaires de Gand a annonc\u00e9 la faillite de l&rsquo;\u00e9quipe de football de deuxi\u00e8me division KMSK Deinze. Normalement, le club de Flandre","og_url":"https:\/\/vieassociative.be\/actualites\/kmsk-deinze-en-faillite-a-la-fin-de-la-saison-probablement-seulement-une-relegation-directe-en-challenger-pro-league\/","og_site_name":"Vie Associative","article_published_time":"2024-12-11T14:18:19+00:00","og_image":[{"width":279,"height":92,"url":"https:\/\/vieassociative.be\/actualites\/wp-content\/uploads\/2024\/09\/header_backgroundk-01-e1726694325946.png","type":"image\/png"}],"author":"Julien","twitter_card":"summary_large_image","twitter_misc":{"\u00c9crit par":"Julien","Dur\u00e9e de lecture est.":"3 minutes"},"schema":{"@context":"https:\/\/schema.org","@graph":[{"@type":"Article","@id":"https:\/\/vieassociative.be\/actualites\/kmsk-deinze-en-faillite-a-la-fin-de-la-saison-probablement-seulement-une-relegation-directe-en-challenger-pro-league\/#article","isPartOf":{"@id":"https:\/\/vieassociative.be\/actualites\/kmsk-deinze-en-faillite-a-la-fin-de-la-saison-probablement-seulement-une-relegation-directe-en-challenger-pro-league\/"},"author":{"name":"Julien","@id":"https:\/\/vieassociative.be\/actualites\/#\/schema\/person\/b87ac4f82f9d4e7b7cec7395b679edc4"},"headline":"KMSK Deinze en faillite \u2013 \u00e0 la fin de la saison probablement seulement une rel\u00e9gation directe en Challenger Pro League","datePublished":"2024-12-11T14:18:19+00:00","dateModified":"2024-12-11T14:18:19+00:00","mainEntityOfPage":{"@id":"https:\/\/vieassociative.be\/actualites\/kmsk-deinze-en-faillite-a-la-fin-de-la-saison-probablement-seulement-une-relegation-directe-en-challenger-pro-league\/"},"wordCount":620,"publisher":{"@id":"https:\/\/vieassociative.be\/actualites\/#organization"},"image":{"@id":"https:\/\/vieassociative.be\/actualites\/kmsk-deinze-en-faillite-a-la-fin-de-la-saison-probablement-seulement-une-relegation-directe-en-challenger-pro-league\/#primaryimage"},"thumbnailUrl":"https:\/\/vieassociative.be\/actualites\/wp-content\/uploads\/2024\/12\/KMSK-Deinze-en-faillite-\u2013-a-la-fin-de-la.jpg","keywords":["Challenger","Deinze","directe","faillite","fin","KMSK","League","Pro","probablement","rel\u00e9gation","Saison","seulement","une"],"articleSection":["Belgique"],"inLanguage":"fr-BE"},{"@type":"WebPage","@id":"https:\/\/vieassociative.be\/actualites\/kmsk-deinze-en-faillite-a-la-fin-de-la-saison-probablement-seulement-une-relegation-directe-en-challenger-pro-league\/","url":"https:\/\/vieassociative.be\/actualites\/kmsk-deinze-en-faillite-a-la-fin-de-la-saison-probablement-seulement-une-relegation-directe-en-challenger-pro-league\/","name":"KMSK Deinze en faillite \u2013 \u00e0 la fin de la saison probablement seulement une rel\u00e9gation directe en Challenger Pro League | Vie Associative","isPartOf":{"@id":"https:\/\/vieassociative.be\/actualites\/#website"},"primaryImageOfPage":{"@id":"https:\/\/vieassociative.be\/actualites\/kmsk-deinze-en-faillite-a-la-fin-de-la-saison-probablement-seulement-une-relegation-directe-en-challenger-pro-league\/#primaryimage"},"image":{"@id":"https:\/\/vieassociative.be\/actualites\/kmsk-deinze-en-faillite-a-la-fin-de-la-saison-probablement-seulement-une-relegation-directe-en-challenger-pro-league\/#primaryimage"},"thumbnailUrl":"https:\/\/vieassociative.be\/actualites\/wp-content\/uploads\/2024\/12\/KMSK-Deinze-en-faillite-\u2013-a-la-fin-de-la.jpg","datePublished":"2024-12-11T14:18:19+00:00","dateModified":"2024-12-11T14:18:19+00:00","breadcrumb":{"@id":"https:\/\/vieassociative.be\/actualites\/kmsk-deinze-en-faillite-a-la-fin-de-la-saison-probablement-seulement-une-relegation-directe-en-challenger-pro-league\/#breadcrumb"},"inLanguage":"fr-BE","potentialAction":[{"@type":"ReadAction","target":["https:\/\/vieassociative.be\/actualites\/kmsk-deinze-en-faillite-a-la-fin-de-la-saison-probablement-seulement-une-relegation-directe-en-challenger-pro-league\/"]}]},{"@type":"ImageObject","inLanguage":"fr-BE","@id":"https:\/\/vieassociative.be\/actualites\/kmsk-deinze-en-faillite-a-la-fin-de-la-saison-probablement-seulement-une-relegation-directe-en-challenger-pro-league\/#primaryimage","url":"https:\/\/vieassociative.be\/actualites\/wp-content\/uploads\/2024\/12\/KMSK-Deinze-en-faillite-\u2013-a-la-fin-de-la.jpg","contentUrl":"https:\/\/vieassociative.be\/actualites\/wp-content\/uploads\/2024\/12\/KMSK-Deinze-en-faillite-\u2013-a-la-fin-de-la.jpg","width":1200,"height":800,"caption":"KMSK Deinze en faillite \u2013 \u00e0 la fin de la saison probablement seulement une rel\u00e9gation directe en Challenger Pro League"},{"@type":"BreadcrumbList","@id":"https:\/\/vieassociative.be\/actualites\/kmsk-deinze-en-faillite-a-la-fin-de-la-saison-probablement-seulement-une-relegation-directe-en-challenger-pro-league\/#breadcrumb","itemListElement":[{"@type":"ListItem","position":1,"name":"Accueil","item":"https:\/\/vieassociative.be\/actualites\/"},{"@type":"ListItem","position":2,"name":"KMSK Deinze en faillite \u2013 \u00e0 la fin de la saison probablement seulement une rel\u00e9gation directe en Challenger Pro League"}]},{"@type":"WebSite","@id":"https:\/\/vieassociative.be\/actualites\/#website","url":"https:\/\/vieassociative.be\/actualites\/","name":"Vie Associative","description":"","publisher":{"@id":"https:\/\/vieassociative.be\/actualites\/#organization"},"potentialAction":[{"@type":"SearchAction","target":{"@type":"EntryPoint","urlTemplate":"https:\/\/vieassociative.be\/actualites\/?s={search_term_string}"},"query-input":{"@type":"PropertyValueSpecification","valueRequired":true,"valueName":"search_term_string"}}],"inLanguage":"fr-BE"},{"@type":"Organization","@id":"https:\/\/vieassociative.be\/actualites\/#organization","name":"Vie Associative","url":"https:\/\/vieassociative.be\/actualites\/","logo":{"@type":"ImageObject","inLanguage":"fr-BE","@id":"https:\/\/vieassociative.be\/actualites\/#\/schema\/logo\/image\/","url":"https:\/\/vieassociative.be\/actualites\/wp-content\/uploads\/2024\/09\/cropped-vieassociative_favicon.ico.png","contentUrl":"https:\/\/vieassociative.be\/actualites\/wp-content\/uploads\/2024\/09\/cropped-vieassociative_favicon.ico.png","width":512,"height":512,"caption":"Vie Associative"},"image":{"@id":"https:\/\/vieassociative.be\/actualites\/#\/schema\/logo\/image\/"}},{"@type":"Person","@id":"https:\/\/vieassociative.be\/actualites\/#\/schema\/person\/b87ac4f82f9d4e7b7cec7395b679edc4","name":"Julien","image":{"@type":"ImageObject","inLanguage":"fr-BE","@id":"https:\/\/vieassociative.be\/actualites\/#\/schema\/person\/image\/","url":"https:\/\/vieassociative.be\/actualites\/wp-content\/uploads\/2024\/09\/vie-associative-1-150x150.jpg","contentUrl":"https:\/\/vieassociative.be\/actualites\/wp-content\/uploads\/2024\/09\/vie-associative-1-150x150.jpg","caption":"Julien"},"description":"Je suis Julien, r\u00e9dacteur pour Vie Associative. Passionn\u00e9 par le monde associatif depuis plus de 10 ans, j'ai \u00e0 c\u0153ur de partager des histoires inspirantes et de mettre en lumi\u00e8re les initiatives locales. Mon objectif est de sensibiliser et d'encourager l'engagement communautaire \u00e0 travers mes articles.","sameAs":["https:\/\/vieassociative.be\/"]}]}},"_links":{"self":[{"href":"https:\/\/vieassociative.be\/actualites\/wp-json\/wp\/v2\/posts\/3290"}],"collection":[{"href":"https:\/\/vieassociative.be\/actualites\/wp-json\/wp\/v2\/posts"}],"about":[{"href":"https:\/\/vieassociative.be\/actualites\/wp-json\/wp\/v2\/types\/post"}],"author":[{"embeddable":true,"href":"https:\/\/vieassociative.be\/actualites\/wp-json\/wp\/v2\/users\/1"}],"replies":[{"embeddable":true,"href":"https:\/\/vieassociative.be\/actualites\/wp-json\/wp\/v2\/comments?post=3290"}],"version-history":[{"count":0,"href":"https:\/\/vieassociative.be\/actualites\/wp-json\/wp\/v2\/posts\/3290\/revisions"}],"wp:featuredmedia":[{"embeddable":true,"href":"https:\/\/vieassociative.be\/actualites\/wp-json\/wp\/v2\/media\/3291"}],"wp:attachment":[{"href":"https:\/\/vieassociative.be\/actualites\/wp-json\/wp\/v2\/media?parent=3290"}],"wp:term":[{"taxonomy":"category","embeddable":true,"href":"https:\/\/vieassociative.be\/actualites\/wp-json\/wp\/v2\/categories?post=3290"},{"taxonomy":"post_tag","embeddable":true,"href":"https:\/\/vieassociative.be\/actualites\/wp-json\/wp\/v2\/tags?post=3290"}],"curies":[{"name":"wp","href":"https:\/\/api.w.org\/{rel}","templated":true}]}}