{"id":3286,"date":"2024-12-11T12:17:31","date_gmt":"2024-12-11T11:17:31","guid":{"rendered":"https:\/\/vieassociative.be\/actualites\/comment-empecher-votre-chien-de-manger-de-lherbe\/"},"modified":"2024-12-11T12:17:31","modified_gmt":"2024-12-11T11:17:31","slug":"comment-empecher-votre-chien-de-manger-de-lherbe","status":"publish","type":"post","link":"https:\/\/vieassociative.be\/actualites\/comment-empecher-votre-chien-de-manger-de-lherbe\/","title":{"rendered":"Comment emp\u00eacher votre chien de manger de l&rsquo;herbe"},"content":{"rendered":"<div class=\"mt-4 leading-6 md:mb-8\">De plus, pourquoi votre chien est oblig\u00e9 de manger de l\u2019herbe en premier lieu.<\/div>\n<p><\/p>\n<p>Les chiens, comme les humains, pr\u00e9f\u00e8rent certains aliments \u00e0 d\u2019autres. Peut-\u00eatre que le v\u00f4tre pr\u00e9f\u00e8re une marque de croquettes \u00e0 une autre, ou des friandises moelleuses plus que croustillantes. Mais qu\u2019en est-il de l\u2019herbe ? <\/p>\n<p>Si votre chiot a l&rsquo;habitude de manger de l&rsquo;herbe t\u00f4t le matin ou apr\u00e8s le d\u00eener &#8211; ou a tendance \u00e0 se tourner vers l&rsquo;herbe certaines fois plus que d&rsquo;autres &#8211; vous vous demandez peut-\u00eatre ce qui se passe et si cela pourrait blesser votre chien. Voici ce qu&rsquo;il faut savoir.<\/p>\n<h2 id=\"why-do-dogs-eat-grass\">Pourquoi les chiens mangent-ils de l&rsquo;herbe ?<\/h2>\n<p>Il existe diff\u00e9rentes raisons pour lesquelles les chiens grignotent de l&rsquo;herbe. Selon l&rsquo;American Kennel Club (AKC) et les sp\u00e9cialistes v\u00e9t\u00e9rinaires de Memphis, certains des plus courants sont\u00a0:<\/p>\n<ul>\n<li>\n<p><strong>Maux d&rsquo;estomac<\/strong>: Si votre chien mange de l&rsquo;herbe, vomit et semble ensuite se sentir mieux, c&rsquo;est peut-\u00eatre parce qu&rsquo;il a mal au ventre. Parfois, les chiens mangent de l&rsquo;herbe pour se faire vomir afin de pouvoir lib\u00e9rer de la bile ou d&rsquo;autres acides gastriques.<\/p>\n<\/li>\n<li>\n<p><strong>Anxi\u00e9t\u00e9<\/strong>: Certains chiens mangent de l&rsquo;herbe lorsqu&rsquo;ils sont nerveux ou pour faire face \u00e0 l&rsquo;anxi\u00e9t\u00e9 de s\u00e9paration.<\/p>\n<\/li>\n<li>\n<p><strong>Ennui<\/strong>: Si votre chien est seul et mange de l&rsquo;herbe, c&rsquo;est peut-\u00eatre parce qu&rsquo;il s&rsquo;ennuie et qu&rsquo;il a besoin de compagnie. <\/p>\n<\/li>\n<li>\n<p><strong>Carence alimentaire<\/strong>: Les chiens qui mangent de l&rsquo;herbe peuvent ne pas avoir une alimentation \u00e9quilibr\u00e9e ou avoir besoin de plus de fibres.<\/p>\n<\/li>\n<\/ul>\n<h2 id=\"is-it-safe-for-dogs-to-eat-grass\">Est-il s\u00e9curitaire pour les chiens de manger de l&rsquo;herbe ?<\/h2>\n<p>Il y a quelques facteurs \u00e0 prendre en compte pour d\u00e9terminer s&rsquo;il est s\u00e9curitaire pour votre chien de manger de l&rsquo;herbe. <\/p>\n<p>L&rsquo;herbe, en particulier dans les parcs ou autres cours, peut avoir \u00e9t\u00e9 pulv\u00e9ris\u00e9e avec des herbicides, des pesticides ou des engrais qui peuvent \u00eatre toxiques pour votre chien. De plus, s\u2019il y a des mati\u00e8res f\u00e9cales dans l\u2019herbe, votre chien pourrait manger des parasites, comme les vers ronds et les ankylostomes. <\/p>\n<p>Si votre chien est par ailleurs en bonne sant\u00e9 et prend r\u00e9guli\u00e8rement des m\u00e9dicaments antiparasitaires, manger un peu d&rsquo;herbe ne lui fera probablement pas de mal, mais il est pr\u00e9f\u00e9rable pour lui de l&rsquo;\u00e9viter.<\/p>\n<h2 id=\"how-to-get-your-dog-to-stop-eating-grass\">Comment faire en sorte que votre chien arr\u00eate de manger de l&rsquo;herbe<\/h2>\n<p>Si votre chien ne semble pas avoir assez d&rsquo;herbe, voici quelques fa\u00e7ons de l&rsquo;aider \u00e0 se d\u00e9barrasser de cette habitude, gracieuset\u00e9 de l&rsquo;AKC\u00a0: <\/p>\n<ol>\n<li>\n<p>Assurez-vous qu\u2019ils ont une alimentation \u00e9quilibr\u00e9e et riche en fibres.<\/p>\n<\/li>\n<li>\n<p>Donnez-leur un jouet ou quelque chose \u00e0 m\u00e2cher s&rsquo;ils restent seuls pendant de longues p\u00e9riodes de la journ\u00e9e.<\/p>\n<\/li>\n<li>\n<p>Donnez aux chiens (surtout les plus petits) un petit-d\u00e9jeuner d\u00e8s leur r\u00e9veil.<\/p>\n<\/li>\n<li>\n<p>Si votre chien conna\u00eet l\u2019ordre \u00ab\u00a0laisse-le\u00a0\u00bb, commencez \u00e0 l\u2019utiliser lorsqu\u2019il mange de l\u2019herbe.<\/p>\n<\/li>\n<\/ol>\n","protected":false},"excerpt":{"rendered":"<p>De plus, pourquoi votre chien est oblig\u00e9 de manger de l\u2019herbe en premier lieu. Les chiens, comme les humains, pr\u00e9f\u00e8rent certains aliments \u00e0 d\u2019autres. Peut-\u00eatre<\/p>\n","protected":false},"author":1,"featured_media":3287,"comment_status":"","ping_status":"","sticky":false,"template":"","format":"standard","meta":{"footnotes":""},"categories":[37],"tags":[91,44,1889,2861,1170,8],"class_list":["post-3286","post","type-post","status-publish","format-standard","has-post-thumbnail","hentry","category-famille","tag-chien","tag-comment","tag-empecher","tag-lherbe","tag-manger","tag-votre","generate-columns","tablet-grid-50","mobile-grid-100","grid-parent","grid-33"],"yoast_head":"<!-- This site is optimized with the Yoast SEO plugin v24.0 - https:\/\/yoast.com\/wordpress\/plugins\/seo\/ -->\n<title>Comment emp\u00eacher votre chien de manger de l&#039;herbe | Vie Associative<\/title>\n<meta name=\"robots\" content=\"index, follow, max-snippet:-1, max-image-preview:large, max-video-preview:-1\" \/>\n<link rel=\"canonical\" href=\"https:\/\/vieassociative.be\/actualites\/comment-empecher-votre-chien-de-manger-de-lherbe\/\" \/>\n<meta property=\"og:locale\" content=\"fr_FR\" \/>\n<meta property=\"og:type\" content=\"article\" \/>\n<meta property=\"og:title\" content=\"Comment emp\u00eacher votre chien de manger de l&#039;herbe | Vie Associative\" \/>\n<meta property=\"og:description\" content=\"De plus, pourquoi votre chien est oblig\u00e9 de manger de l\u2019herbe en premier lieu. Les chiens, comme les humains, pr\u00e9f\u00e8rent certains aliments \u00e0 d\u2019autres. Peut-\u00eatre\" \/>\n<meta property=\"og:url\" content=\"https:\/\/vieassociative.be\/actualites\/comment-empecher-votre-chien-de-manger-de-lherbe\/\" \/>\n<meta property=\"og:site_name\" content=\"Vie Associative\" \/>\n<meta property=\"article:published_time\" content=\"2024-12-11T11:17:31+00:00\" \/>\n<meta property=\"og:image\" content=\"https:\/\/vieassociative.be\/actualites\/wp-content\/uploads\/2024\/09\/header_backgroundk-01-e1726694325946.png\" \/>\n\t<meta property=\"og:image:width\" content=\"279\" \/>\n\t<meta property=\"og:image:height\" content=\"92\" \/>\n\t<meta property=\"og:image:type\" content=\"image\/png\" \/>\n<meta name=\"author\" content=\"Julien\" \/>\n<meta name=\"twitter:card\" content=\"summary_large_image\" \/>\n<meta name=\"twitter:label1\" content=\"\u00c9crit par\" \/>\n\t<meta name=\"twitter:data1\" content=\"Julien\" \/>\n\t<meta name=\"twitter:label2\" content=\"Dur\u00e9e de lecture est.\" \/>\n\t<meta name=\"twitter:data2\" content=\"2 minutes\" \/>\n<script type=\"application\/ld+json\" class=\"yoast-schema-graph\">{\"@context\":\"https:\/\/schema.org\",\"@graph\":[{\"@type\":\"Article\",\"@id\":\"https:\/\/vieassociative.be\/actualites\/comment-empecher-votre-chien-de-manger-de-lherbe\/#article\",\"isPartOf\":{\"@id\":\"https:\/\/vieassociative.be\/actualites\/comment-empecher-votre-chien-de-manger-de-lherbe\/\"},\"author\":{\"name\":\"Julien\",\"@id\":\"https:\/\/vieassociative.be\/actualites\/#\/schema\/person\/b87ac4f82f9d4e7b7cec7395b679edc4\"},\"headline\":\"Comment emp\u00eacher votre chien de manger de l&rsquo;herbe\",\"datePublished\":\"2024-12-11T11:17:31+00:00\",\"dateModified\":\"2024-12-11T11:17:31+00:00\",\"mainEntityOfPage\":{\"@id\":\"https:\/\/vieassociative.be\/actualites\/comment-empecher-votre-chien-de-manger-de-lherbe\/\"},\"wordCount\":530,\"publisher\":{\"@id\":\"https:\/\/vieassociative.be\/actualites\/#organization\"},\"image\":{\"@id\":\"https:\/\/vieassociative.be\/actualites\/comment-empecher-votre-chien-de-manger-de-lherbe\/#primaryimage\"},\"thumbnailUrl\":\"https:\/\/vieassociative.be\/actualites\/wp-content\/uploads\/2024\/12\/Comment-empecher-votre-chien-de-manger-de-lherbe.jpg\",\"keywords\":[\"chien\",\"Comment\",\"emp\u00eacher\",\"lherbe\",\"manger\",\"votre\"],\"articleSection\":[\"Famille\"],\"inLanguage\":\"fr-BE\"},{\"@type\":\"WebPage\",\"@id\":\"https:\/\/vieassociative.be\/actualites\/comment-empecher-votre-chien-de-manger-de-lherbe\/\",\"url\":\"https:\/\/vieassociative.be\/actualites\/comment-empecher-votre-chien-de-manger-de-lherbe\/\",\"name\":\"Comment emp\u00eacher votre chien de manger de l'herbe | Vie Associative\",\"isPartOf\":{\"@id\":\"https:\/\/vieassociative.be\/actualites\/#website\"},\"primaryImageOfPage\":{\"@id\":\"https:\/\/vieassociative.be\/actualites\/comment-empecher-votre-chien-de-manger-de-lherbe\/#primaryimage\"},\"image\":{\"@id\":\"https:\/\/vieassociative.be\/actualites\/comment-empecher-votre-chien-de-manger-de-lherbe\/#primaryimage\"},\"thumbnailUrl\":\"https:\/\/vieassociative.be\/actualites\/wp-content\/uploads\/2024\/12\/Comment-empecher-votre-chien-de-manger-de-lherbe.jpg\",\"datePublished\":\"2024-12-11T11:17:31+00:00\",\"dateModified\":\"2024-12-11T11:17:31+00:00\",\"breadcrumb\":{\"@id\":\"https:\/\/vieassociative.be\/actualites\/comment-empecher-votre-chien-de-manger-de-lherbe\/#breadcrumb\"},\"inLanguage\":\"fr-BE\",\"potentialAction\":[{\"@type\":\"ReadAction\",\"target\":[\"https:\/\/vieassociative.be\/actualites\/comment-empecher-votre-chien-de-manger-de-lherbe\/\"]}]},{\"@type\":\"ImageObject\",\"inLanguage\":\"fr-BE\",\"@id\":\"https:\/\/vieassociative.be\/actualites\/comment-empecher-votre-chien-de-manger-de-lherbe\/#primaryimage\",\"url\":\"https:\/\/vieassociative.be\/actualites\/wp-content\/uploads\/2024\/12\/Comment-empecher-votre-chien-de-manger-de-lherbe.jpg\",\"contentUrl\":\"https:\/\/vieassociative.be\/actualites\/wp-content\/uploads\/2024\/12\/Comment-empecher-votre-chien-de-manger-de-lherbe.jpg\",\"width\":1200,\"height\":675,\"caption\":\"Comment emp\u00eacher votre chien de manger de l'herbe\"},{\"@type\":\"BreadcrumbList\",\"@id\":\"https:\/\/vieassociative.be\/actualites\/comment-empecher-votre-chien-de-manger-de-lherbe\/#breadcrumb\",\"itemListElement\":[{\"@type\":\"ListItem\",\"position\":1,\"name\":\"Accueil\",\"item\":\"https:\/\/vieassociative.be\/actualites\/\"},{\"@type\":\"ListItem\",\"position\":2,\"name\":\"Comment emp\u00eacher votre chien de manger de l&rsquo;herbe\"}]},{\"@type\":\"WebSite\",\"@id\":\"https:\/\/vieassociative.be\/actualites\/#website\",\"url\":\"https:\/\/vieassociative.be\/actualites\/\",\"name\":\"Vie Associative\",\"description\":\"\",\"publisher\":{\"@id\":\"https:\/\/vieassociative.be\/actualites\/#organization\"},\"potentialAction\":[{\"@type\":\"SearchAction\",\"target\":{\"@type\":\"EntryPoint\",\"urlTemplate\":\"https:\/\/vieassociative.be\/actualites\/?s={search_term_string}\"},\"query-input\":{\"@type\":\"PropertyValueSpecification\",\"valueRequired\":true,\"valueName\":\"search_term_string\"}}],\"inLanguage\":\"fr-BE\"},{\"@type\":\"Organization\",\"@id\":\"https:\/\/vieassociative.be\/actualites\/#organization\",\"name\":\"Vie Associative\",\"url\":\"https:\/\/vieassociative.be\/actualites\/\",\"logo\":{\"@type\":\"ImageObject\",\"inLanguage\":\"fr-BE\",\"@id\":\"https:\/\/vieassociative.be\/actualites\/#\/schema\/logo\/image\/\",\"url\":\"https:\/\/vieassociative.be\/actualites\/wp-content\/uploads\/2024\/09\/cropped-vieassociative_favicon.ico.png\",\"contentUrl\":\"https:\/\/vieassociative.be\/actualites\/wp-content\/uploads\/2024\/09\/cropped-vieassociative_favicon.ico.png\",\"width\":512,\"height\":512,\"caption\":\"Vie Associative\"},\"image\":{\"@id\":\"https:\/\/vieassociative.be\/actualites\/#\/schema\/logo\/image\/\"}},{\"@type\":\"Person\",\"@id\":\"https:\/\/vieassociative.be\/actualites\/#\/schema\/person\/b87ac4f82f9d4e7b7cec7395b679edc4\",\"name\":\"Julien\",\"image\":{\"@type\":\"ImageObject\",\"inLanguage\":\"fr-BE\",\"@id\":\"https:\/\/vieassociative.be\/actualites\/#\/schema\/person\/image\/\",\"url\":\"https:\/\/vieassociative.be\/actualites\/wp-content\/uploads\/2024\/09\/vie-associative-1-150x150.jpg\",\"contentUrl\":\"https:\/\/vieassociative.be\/actualites\/wp-content\/uploads\/2024\/09\/vie-associative-1-150x150.jpg\",\"caption\":\"Julien\"},\"description\":\"Je suis Julien, r\u00e9dacteur pour Vie Associative. Passionn\u00e9 par le monde associatif depuis plus de 10 ans, j'ai \u00e0 c\u0153ur de partager des histoires inspirantes et de mettre en lumi\u00e8re les initiatives locales. Mon objectif est de sensibiliser et d'encourager l'engagement communautaire \u00e0 travers mes articles.\",\"sameAs\":[\"https:\/\/vieassociative.be\/\"]}]}<\/script>\n<!-- \/ Yoast SEO plugin. -->","yoast_head_json":{"title":"Comment emp\u00eacher votre chien de manger de l'herbe | Vie Associative","robots":{"index":"index","follow":"follow","max-snippet":"max-snippet:-1","max-image-preview":"max-image-preview:large","max-video-preview":"max-video-preview:-1"},"canonical":"https:\/\/vieassociative.be\/actualites\/comment-empecher-votre-chien-de-manger-de-lherbe\/","og_locale":"fr_FR","og_type":"article","og_title":"Comment emp\u00eacher votre chien de manger de l'herbe | Vie Associative","og_description":"De plus, pourquoi votre chien est oblig\u00e9 de manger de l\u2019herbe en premier lieu. Les chiens, comme les humains, pr\u00e9f\u00e8rent certains aliments \u00e0 d\u2019autres. Peut-\u00eatre","og_url":"https:\/\/vieassociative.be\/actualites\/comment-empecher-votre-chien-de-manger-de-lherbe\/","og_site_name":"Vie Associative","article_published_time":"2024-12-11T11:17:31+00:00","og_image":[{"width":279,"height":92,"url":"https:\/\/vieassociative.be\/actualites\/wp-content\/uploads\/2024\/09\/header_backgroundk-01-e1726694325946.png","type":"image\/png"}],"author":"Julien","twitter_card":"summary_large_image","twitter_misc":{"\u00c9crit par":"Julien","Dur\u00e9e de lecture est.":"2 minutes"},"schema":{"@context":"https:\/\/schema.org","@graph":[{"@type":"Article","@id":"https:\/\/vieassociative.be\/actualites\/comment-empecher-votre-chien-de-manger-de-lherbe\/#article","isPartOf":{"@id":"https:\/\/vieassociative.be\/actualites\/comment-empecher-votre-chien-de-manger-de-lherbe\/"},"author":{"name":"Julien","@id":"https:\/\/vieassociative.be\/actualites\/#\/schema\/person\/b87ac4f82f9d4e7b7cec7395b679edc4"},"headline":"Comment emp\u00eacher votre chien de manger de l&rsquo;herbe","datePublished":"2024-12-11T11:17:31+00:00","dateModified":"2024-12-11T11:17:31+00:00","mainEntityOfPage":{"@id":"https:\/\/vieassociative.be\/actualites\/comment-empecher-votre-chien-de-manger-de-lherbe\/"},"wordCount":530,"publisher":{"@id":"https:\/\/vieassociative.be\/actualites\/#organization"},"image":{"@id":"https:\/\/vieassociative.be\/actualites\/comment-empecher-votre-chien-de-manger-de-lherbe\/#primaryimage"},"thumbnailUrl":"https:\/\/vieassociative.be\/actualites\/wp-content\/uploads\/2024\/12\/Comment-empecher-votre-chien-de-manger-de-lherbe.jpg","keywords":["chien","Comment","emp\u00eacher","lherbe","manger","votre"],"articleSection":["Famille"],"inLanguage":"fr-BE"},{"@type":"WebPage","@id":"https:\/\/vieassociative.be\/actualites\/comment-empecher-votre-chien-de-manger-de-lherbe\/","url":"https:\/\/vieassociative.be\/actualites\/comment-empecher-votre-chien-de-manger-de-lherbe\/","name":"Comment emp\u00eacher votre chien de manger de l'herbe | Vie Associative","isPartOf":{"@id":"https:\/\/vieassociative.be\/actualites\/#website"},"primaryImageOfPage":{"@id":"https:\/\/vieassociative.be\/actualites\/comment-empecher-votre-chien-de-manger-de-lherbe\/#primaryimage"},"image":{"@id":"https:\/\/vieassociative.be\/actualites\/comment-empecher-votre-chien-de-manger-de-lherbe\/#primaryimage"},"thumbnailUrl":"https:\/\/vieassociative.be\/actualites\/wp-content\/uploads\/2024\/12\/Comment-empecher-votre-chien-de-manger-de-lherbe.jpg","datePublished":"2024-12-11T11:17:31+00:00","dateModified":"2024-12-11T11:17:31+00:00","breadcrumb":{"@id":"https:\/\/vieassociative.be\/actualites\/comment-empecher-votre-chien-de-manger-de-lherbe\/#breadcrumb"},"inLanguage":"fr-BE","potentialAction":[{"@type":"ReadAction","target":["https:\/\/vieassociative.be\/actualites\/comment-empecher-votre-chien-de-manger-de-lherbe\/"]}]},{"@type":"ImageObject","inLanguage":"fr-BE","@id":"https:\/\/vieassociative.be\/actualites\/comment-empecher-votre-chien-de-manger-de-lherbe\/#primaryimage","url":"https:\/\/vieassociative.be\/actualites\/wp-content\/uploads\/2024\/12\/Comment-empecher-votre-chien-de-manger-de-lherbe.jpg","contentUrl":"https:\/\/vieassociative.be\/actualites\/wp-content\/uploads\/2024\/12\/Comment-empecher-votre-chien-de-manger-de-lherbe.jpg","width":1200,"height":675,"caption":"Comment emp\u00eacher votre chien de manger de l'herbe"},{"@type":"BreadcrumbList","@id":"https:\/\/vieassociative.be\/actualites\/comment-empecher-votre-chien-de-manger-de-lherbe\/#breadcrumb","itemListElement":[{"@type":"ListItem","position":1,"name":"Accueil","item":"https:\/\/vieassociative.be\/actualites\/"},{"@type":"ListItem","position":2,"name":"Comment emp\u00eacher votre chien de manger de l&rsquo;herbe"}]},{"@type":"WebSite","@id":"https:\/\/vieassociative.be\/actualites\/#website","url":"https:\/\/vieassociative.be\/actualites\/","name":"Vie Associative","description":"","publisher":{"@id":"https:\/\/vieassociative.be\/actualites\/#organization"},"potentialAction":[{"@type":"SearchAction","target":{"@type":"EntryPoint","urlTemplate":"https:\/\/vieassociative.be\/actualites\/?s={search_term_string}"},"query-input":{"@type":"PropertyValueSpecification","valueRequired":true,"valueName":"search_term_string"}}],"inLanguage":"fr-BE"},{"@type":"Organization","@id":"https:\/\/vieassociative.be\/actualites\/#organization","name":"Vie Associative","url":"https:\/\/vieassociative.be\/actualites\/","logo":{"@type":"ImageObject","inLanguage":"fr-BE","@id":"https:\/\/vieassociative.be\/actualites\/#\/schema\/logo\/image\/","url":"https:\/\/vieassociative.be\/actualites\/wp-content\/uploads\/2024\/09\/cropped-vieassociative_favicon.ico.png","contentUrl":"https:\/\/vieassociative.be\/actualites\/wp-content\/uploads\/2024\/09\/cropped-vieassociative_favicon.ico.png","width":512,"height":512,"caption":"Vie Associative"},"image":{"@id":"https:\/\/vieassociative.be\/actualites\/#\/schema\/logo\/image\/"}},{"@type":"Person","@id":"https:\/\/vieassociative.be\/actualites\/#\/schema\/person\/b87ac4f82f9d4e7b7cec7395b679edc4","name":"Julien","image":{"@type":"ImageObject","inLanguage":"fr-BE","@id":"https:\/\/vieassociative.be\/actualites\/#\/schema\/person\/image\/","url":"https:\/\/vieassociative.be\/actualites\/wp-content\/uploads\/2024\/09\/vie-associative-1-150x150.jpg","contentUrl":"https:\/\/vieassociative.be\/actualites\/wp-content\/uploads\/2024\/09\/vie-associative-1-150x150.jpg","caption":"Julien"},"description":"Je suis Julien, r\u00e9dacteur pour Vie Associative. Passionn\u00e9 par le monde associatif depuis plus de 10 ans, j'ai \u00e0 c\u0153ur de partager des histoires inspirantes et de mettre en lumi\u00e8re les initiatives locales. Mon objectif est de sensibiliser et d'encourager l'engagement communautaire \u00e0 travers mes articles.","sameAs":["https:\/\/vieassociative.be\/"]}]}},"_links":{"self":[{"href":"https:\/\/vieassociative.be\/actualites\/wp-json\/wp\/v2\/posts\/3286"}],"collection":[{"href":"https:\/\/vieassociative.be\/actualites\/wp-json\/wp\/v2\/posts"}],"about":[{"href":"https:\/\/vieassociative.be\/actualites\/wp-json\/wp\/v2\/types\/post"}],"author":[{"embeddable":true,"href":"https:\/\/vieassociative.be\/actualites\/wp-json\/wp\/v2\/users\/1"}],"replies":[{"embeddable":true,"href":"https:\/\/vieassociative.be\/actualites\/wp-json\/wp\/v2\/comments?post=3286"}],"version-history":[{"count":0,"href":"https:\/\/vieassociative.be\/actualites\/wp-json\/wp\/v2\/posts\/3286\/revisions"}],"wp:featuredmedia":[{"embeddable":true,"href":"https:\/\/vieassociative.be\/actualites\/wp-json\/wp\/v2\/media\/3287"}],"wp:attachment":[{"href":"https:\/\/vieassociative.be\/actualites\/wp-json\/wp\/v2\/media?parent=3286"}],"wp:term":[{"taxonomy":"category","embeddable":true,"href":"https:\/\/vieassociative.be\/actualites\/wp-json\/wp\/v2\/categories?post=3286"},{"taxonomy":"post_tag","embeddable":true,"href":"https:\/\/vieassociative.be\/actualites\/wp-json\/wp\/v2\/tags?post=3286"}],"curies":[{"name":"wp","href":"https:\/\/api.w.org\/{rel}","templated":true}]}}