{"id":3283,"date":"2024-12-11T09:18:07","date_gmt":"2024-12-11T08:18:07","guid":{"rendered":"https:\/\/vieassociative.be\/actualites\/michel-preudhomme-contacte-comme-possible-successeur-de-domenico-tedesco-association-refusee\/"},"modified":"2024-12-11T09:18:07","modified_gmt":"2024-12-11T08:18:07","slug":"michel-preudhomme-contacte-comme-possible-successeur-de-domenico-tedesco-association-refusee","status":"publish","type":"post","link":"https:\/\/vieassociative.be\/actualites\/michel-preudhomme-contacte-comme-possible-successeur-de-domenico-tedesco-association-refusee\/","title":{"rendered":"Michel Preud&rsquo;homme contact\u00e9 comme possible successeur de Domenico Tedesco ? Association refus\u00e9e"},"content":{"rendered":"<p><strong>La F\u00e9d\u00e9ration belge de football aurait contact\u00e9 Michel Preud&rsquo;homme pour demander \u00e0 l&rsquo;ancien entra\u00eeneur champion du Standard de Li\u00e8ge et du FC Bruges s&rsquo;il serait int\u00e9ress\u00e9 \u00e0 succ\u00e9der \u00e0 Domenico Tedesco en tant qu&rsquo;entra\u00eeneur de l&rsquo;\u00e9quipe nationale belge de football si le contrat avec l&rsquo;Allemand \u00e9tait termin\u00e9. -L&rsquo;italien, qui court en 2026, prendra fin pr\u00e9matur\u00e9ment.<\/strong><\/p>\n<p><span id=\"more-403780\"><\/span>Un reportage connexe de la cha\u00eene de t\u00e9l\u00e9vision RTBF a fait sensation lundi soir. Mardi, la F\u00e9d\u00e9ration belge de football a d\u00e9menti cette information et indiqu\u00e9 qu&rsquo;une d\u00e9cision sur l&rsquo;avenir de l&rsquo;allemand-italien en tant qu&rsquo;entra\u00eeneur des Diables Rouges ne serait pas prise avant 2025.<\/p>\n<p>M\u00eame si Tedesco ne participera pas vendredi au tirage au sort des groupes de qualification pour la Coupe du monde 2026 aux \u00c9tats-Unis, au Mexique et au Canada, les milieux associatifs ont d\u00e9clar\u00e9 que son absence ne signifiait en aucun cas qu&rsquo;il ne serait plus le s\u00e9lectionneur national de la Belgique en mars.<\/p>\n<div id=\"attachment_151466\" class=\"wp-caption alignleft\" style=\"max-width: 300px\"><img fetchpriority=\"high\" decoding=\"async\" class=\"wp-image-151466 size-medium\" src=\"https:\/\/vieassociative.be\/actualites\/wp-content\/uploads\/2024\/12\/Michel-Preudhomme-contacte-comme-possible-successeur-de-Domenico-Tedesco.jpg\" alt=\"\" width=\"300\" height=\"200\"  ><\/p>\n<p class=\"wp-caption-text\">Michel Preud&rsquo;homme lorsqu&rsquo;il \u00e9tait entra\u00eeneur du FC Bruges, avec lequel il est devenu champion national en 2016. Photo : Shutterstock<\/p>\n<\/div>\n<p>Les deux matchs \u00e9liminatoires contre l\u2019Ukraine pour rester dans la ligue A de la Ligue des Nations auront lieu en mars 2025. La F\u00e9d\u00e9ration de football tient \u00e0 rester dans la A-League car les Diables Rouges auront alors l&rsquo;opportunit\u00e9 d&rsquo;affronter tous les deux ans les \u00e9quipes nationales de football europ\u00e9ennes les plus fortes. Les qualifications pour la Coupe du monde d\u00e9butent en juin 2025.<\/p>\n<p>Il est probable que Tedesco ne sera plus l&rsquo;entra\u00eeneur de l&rsquo;\u00e9quipe nationale belge de football. Apr\u00e8s les r\u00e9sultats mis\u00e9rables aux Championnats d&rsquo;Europe et \u00e0 la Ligue des Nations, Tedesco peut difficilement \u00eatre retenu, comme le montrent toutes les enqu\u00eates r\u00e9alis\u00e9es depuis en Belgique. Au mieux, la crainte des responsables de l&rsquo;association quant aux indemnit\u00e9s de d\u00e9part dues en cas de rupture anticip\u00e9e du contrat de Tedesco pourrait maintenir l&rsquo;homme de 39 ans au pouvoir. En revanche, un \u00e9chec \u00e0 se qualifier pour la Coupe du Monde 2026 aurait des cons\u00e9quences financi\u00e8res encore pires pour l\u2019Union Belge.<\/p>\n<p>On attend beaucoup de Vincent Mannaert, l&rsquo;ancien manager du FC Bruges, qui, avec Bart Verhaeghe, a fait des \u00ab Blauw en Zwart \u00bb ce qu&rsquo;est aujourd&rsquo;hui le FC Bruges, avant que des probl\u00e8mes personnels et autres n&rsquo;entra\u00eenent le d\u00e9part de Mannaert du club, 19 fois champion de Belgique. .<\/p>\n<div id=\"attachment_386621\" class=\"wp-caption alignleft\" style=\"max-width: 300px\"><img decoding=\"async\" class=\"wp-image-386621 size-medium\" src=\"https:\/\/vieassociative.be\/actualites\/wp-content\/uploads\/2024\/12\/1733905087_885_Michel-Preudhomme-contacte-comme-possible-successeur-de-Domenico-Tedesco.jpg\" alt=\"\" width=\"300\" height=\"193\"><\/p>\n<p class=\"wp-caption-text\">05.06.2024, Belgique, Bruxelles : le gardien de but Koen Casteels (arri\u00e8re lr), Wout Faes, Amadou Onana Thomas Meunier, Zeno Debast et Arthur Vermeeren (avant lr), Maxim de Cuyper, Kevin de Bruyne, Johan Bakayoko, Lois Openda et Yannick Carrasco. Photo : Virginie Lefour\/Belga\/dpa<\/p>\n<\/div>\n<p>\u00c0 l&rsquo;origine, Mannaert aurait souhait\u00e9 devenir PDG de l&rsquo;association de football, mais des r\u00e9sistances sont apparues. Mais il \u00e9tait sollicit\u00e9 au poste de directeur sportif, ce qu&rsquo;il occupe officiellement depuis le 1er d\u00e9cembre.<\/p>\n<p>Mannaert entretient d&rsquo;excellents contacts avec Michel Preud&rsquo;homme, qui a depuis pris sa retraite et passe la plupart de son temps \u00e0 Tenerife \u00e0 jouer au golf et \u00e0 faire d&rsquo;autres belles choses dans la vie. \u00c0 cet \u00e9gard, la nouvelle selon laquelle Mannaert aurait contact\u00e9 le gardien mondial de 1994 n&rsquo;est pas une surprise.<\/p>\n<p>La question est plut\u00f4t de savoir si Preud&rsquo;homme veut encore renoncer \u00e0 sa vie confortable aux Canaries pour se lancer dans l&rsquo;aventure avec les Diables Rouges, d&rsquo;autant plus que les joueurs nationaux d&rsquo;aujourd&rsquo;hui ne sont plus les m\u00eames qu&rsquo;en 2016 qu&rsquo;il l&rsquo;esp\u00e9rait. a d\u00fb devenir s\u00e9lectionneur national, mais l&rsquo;association a opt\u00e9 pour l&rsquo;Espagnol Roberto Martinez, avec lequel la Belgique a termin\u00e9 troisi\u00e8me \u00e0 la Coupe du monde en Russie deux ans plus tard.<\/p>\n<p>Pour l&rsquo;ancien joueur national Philippe Albert, Preud&rsquo;homme serait un excellent choix comme entra\u00eeneur des Diables Rouges : \u00ab\u00a0Quelqu&rsquo;un qui a ramen\u00e9 le titre au Standard apr\u00e8s 25 ans ou au FC Bruges apr\u00e8s 11 ans ne peut \u00eatre qu&rsquo;un bon choix.\u00a0\u00bb (cr\u00e9)<\/p>\n<p><em><strong>Sur le sujet, voir aussi l&rsquo;article suivant sur l&rsquo;OD :<\/strong><\/em><\/p>\n<div class=\"responsive-embed widescreen\">\n<blockquote class=\"wp-embedded-content\" data-secret=\"79Uhz5g6jU\">\n<p>#Tedescout : La campagne des supporters des Red Devils contre l&rsquo;entra\u00eeneur Domenico Tedesco prend de l&rsquo;ampleur<\/p>\n<\/blockquote>\n<p><iframe loading=\"lazy\" class=\"wp-embedded-content\" sandbox=\"allow-scripts\" security=\"restricted\" style=\"position: absolute; visibility: hidden;\" title=\"\u201e#Tedescout: Kampagne von Fans der Roten Teufel gegen Trainer Domenico Tedesco nimmt Fahrt auf\u201c \u2014 Ostbelgien Direkt\" src=\"https:\/\/ostbelgiendirekt.be\/about:blank\" data-secret=\"79Uhz5g6jU\" width=\"500\" height=\"282\" frameborder=\"0\" marginwidth=\"0\" marginheight=\"0\" scrolling=\"no\" data-rocket-lazyload=\"fitvidscompatible\" data-lazy-src=\"https:\/\/ostbelgiendirekt.be\/kampagne-gegen-tedesco-402160\/embed#?secret=NhaDFkTO92#?secret=79Uhz5g6jU\"><\/iframe><noscript><iframe class=\"wp-embedded-content\" sandbox=\"allow-scripts\" security=\"restricted\" style=\"position: absolute; visibility: hidden;\" title=\"\u201e#Tedescout: Kampagne von Fans der Roten Teufel gegen Trainer Domenico Tedesco nimmt Fahrt auf\u201c \u2014 Ostbelgien Direkt\" src=\"https:\/\/ostbelgiendirekt.be\/kampagne-gegen-tedesco-402160\/embed#?secret=NhaDFkTO92#?secret=79Uhz5g6jU\" data-secret=\"79Uhz5g6jU\" width=\"500\" height=\"282\" frameborder=\"0\" marginwidth=\"0\" marginheight=\"0\" scrolling=\"no\"><\/iframe><\/noscript><\/p>\n<\/div>\n","protected":false},"excerpt":{"rendered":"<p>La F\u00e9d\u00e9ration belge de football aurait contact\u00e9 Michel Preud&rsquo;homme pour demander \u00e0 l&rsquo;ancien entra\u00eeneur champion du Standard de Li\u00e8ge et du FC Bruges s&rsquo;il serait<\/p>\n","protected":false},"author":1,"featured_media":3284,"comment_status":"","ping_status":"","sticky":false,"template":"","format":"standard","meta":{"footnotes":""},"categories":[298],"tags":[3941,1254,3939,3272,3937,3938,3942,3940,3273],"class_list":["post-3283","post","type-post","status-publish","format-standard","has-post-thumbnail","hentry","category-belgique","tag-association","tag-comme","tag-contacte","tag-domenico","tag-michel","tag-preudhomme","tag-refusee","tag-successeur","tag-tedesco","generate-columns","tablet-grid-50","mobile-grid-100","grid-parent","grid-33"],"yoast_head":"<!-- This site is optimized with the Yoast SEO plugin v24.0 - https:\/\/yoast.com\/wordpress\/plugins\/seo\/ -->\n<title>Michel Preud&#039;homme contact\u00e9 comme possible successeur de Domenico Tedesco ? Association refus\u00e9e | Vie Associative<\/title>\n<meta name=\"robots\" content=\"index, follow, max-snippet:-1, max-image-preview:large, max-video-preview:-1\" \/>\n<link rel=\"canonical\" href=\"https:\/\/vieassociative.be\/actualites\/michel-preudhomme-contacte-comme-possible-successeur-de-domenico-tedesco-association-refusee\/\" \/>\n<meta property=\"og:locale\" content=\"fr_FR\" \/>\n<meta property=\"og:type\" content=\"article\" \/>\n<meta property=\"og:title\" content=\"Michel Preud&#039;homme contact\u00e9 comme possible successeur de Domenico Tedesco ? Association refus\u00e9e | Vie Associative\" \/>\n<meta property=\"og:description\" content=\"La F\u00e9d\u00e9ration belge de football aurait contact\u00e9 Michel Preud&rsquo;homme pour demander \u00e0 l&rsquo;ancien entra\u00eeneur champion du Standard de Li\u00e8ge et du FC Bruges s&rsquo;il serait\" \/>\n<meta property=\"og:url\" content=\"https:\/\/vieassociative.be\/actualites\/michel-preudhomme-contacte-comme-possible-successeur-de-domenico-tedesco-association-refusee\/\" \/>\n<meta property=\"og:site_name\" content=\"Vie Associative\" \/>\n<meta property=\"article:published_time\" content=\"2024-12-11T08:18:07+00:00\" \/>\n<meta property=\"og:image\" content=\"https:\/\/vieassociative.be\/actualites\/wp-content\/uploads\/2024\/09\/header_backgroundk-01-e1726694325946.png\" \/>\n\t<meta property=\"og:image:width\" content=\"279\" \/>\n\t<meta property=\"og:image:height\" content=\"92\" \/>\n\t<meta property=\"og:image:type\" content=\"image\/png\" \/>\n<meta name=\"author\" content=\"Julien\" \/>\n<meta name=\"twitter:card\" content=\"summary_large_image\" \/>\n<meta name=\"twitter:label1\" content=\"\u00c9crit par\" \/>\n\t<meta name=\"twitter:data1\" content=\"Julien\" \/>\n\t<meta name=\"twitter:label2\" content=\"Dur\u00e9e de lecture est.\" \/>\n\t<meta name=\"twitter:data2\" content=\"3 minutes\" \/>\n<script type=\"application\/ld+json\" class=\"yoast-schema-graph\">{\"@context\":\"https:\/\/schema.org\",\"@graph\":[{\"@type\":\"Article\",\"@id\":\"https:\/\/vieassociative.be\/actualites\/michel-preudhomme-contacte-comme-possible-successeur-de-domenico-tedesco-association-refusee\/#article\",\"isPartOf\":{\"@id\":\"https:\/\/vieassociative.be\/actualites\/michel-preudhomme-contacte-comme-possible-successeur-de-domenico-tedesco-association-refusee\/\"},\"author\":{\"name\":\"Julien\",\"@id\":\"https:\/\/vieassociative.be\/actualites\/#\/schema\/person\/b87ac4f82f9d4e7b7cec7395b679edc4\"},\"headline\":\"Michel Preud&rsquo;homme contact\u00e9 comme possible successeur de Domenico Tedesco ? Association refus\u00e9e\",\"datePublished\":\"2024-12-11T08:18:07+00:00\",\"dateModified\":\"2024-12-11T08:18:07+00:00\",\"mainEntityOfPage\":{\"@id\":\"https:\/\/vieassociative.be\/actualites\/michel-preudhomme-contacte-comme-possible-successeur-de-domenico-tedesco-association-refusee\/\"},\"wordCount\":734,\"publisher\":{\"@id\":\"https:\/\/vieassociative.be\/actualites\/#organization\"},\"image\":{\"@id\":\"https:\/\/vieassociative.be\/actualites\/michel-preudhomme-contacte-comme-possible-successeur-de-domenico-tedesco-association-refusee\/#primaryimage\"},\"thumbnailUrl\":\"https:\/\/vieassociative.be\/actualites\/wp-content\/uploads\/2024\/12\/1733905087_Michel-Preudhomme-contacte-comme-possible-successeur-de-Domenico-Tedesco.jpg\",\"keywords\":[\"Association\",\"comme\",\"contact\u00e9\",\"Domenico\",\"Michel\",\"Preudhomme\",\"refus\u00e9e\",\"successeur\",\"Tedesco\"],\"articleSection\":[\"Belgique\"],\"inLanguage\":\"fr-BE\"},{\"@type\":\"WebPage\",\"@id\":\"https:\/\/vieassociative.be\/actualites\/michel-preudhomme-contacte-comme-possible-successeur-de-domenico-tedesco-association-refusee\/\",\"url\":\"https:\/\/vieassociative.be\/actualites\/michel-preudhomme-contacte-comme-possible-successeur-de-domenico-tedesco-association-refusee\/\",\"name\":\"Michel Preud'homme contact\u00e9 comme possible successeur de Domenico Tedesco ? Association refus\u00e9e | Vie Associative\",\"isPartOf\":{\"@id\":\"https:\/\/vieassociative.be\/actualites\/#website\"},\"primaryImageOfPage\":{\"@id\":\"https:\/\/vieassociative.be\/actualites\/michel-preudhomme-contacte-comme-possible-successeur-de-domenico-tedesco-association-refusee\/#primaryimage\"},\"image\":{\"@id\":\"https:\/\/vieassociative.be\/actualites\/michel-preudhomme-contacte-comme-possible-successeur-de-domenico-tedesco-association-refusee\/#primaryimage\"},\"thumbnailUrl\":\"https:\/\/vieassociative.be\/actualites\/wp-content\/uploads\/2024\/12\/1733905087_Michel-Preudhomme-contacte-comme-possible-successeur-de-Domenico-Tedesco.jpg\",\"datePublished\":\"2024-12-11T08:18:07+00:00\",\"dateModified\":\"2024-12-11T08:18:07+00:00\",\"breadcrumb\":{\"@id\":\"https:\/\/vieassociative.be\/actualites\/michel-preudhomme-contacte-comme-possible-successeur-de-domenico-tedesco-association-refusee\/#breadcrumb\"},\"inLanguage\":\"fr-BE\",\"potentialAction\":[{\"@type\":\"ReadAction\",\"target\":[\"https:\/\/vieassociative.be\/actualites\/michel-preudhomme-contacte-comme-possible-successeur-de-domenico-tedesco-association-refusee\/\"]}]},{\"@type\":\"ImageObject\",\"inLanguage\":\"fr-BE\",\"@id\":\"https:\/\/vieassociative.be\/actualites\/michel-preudhomme-contacte-comme-possible-successeur-de-domenico-tedesco-association-refusee\/#primaryimage\",\"url\":\"https:\/\/vieassociative.be\/actualites\/wp-content\/uploads\/2024\/12\/1733905087_Michel-Preudhomme-contacte-comme-possible-successeur-de-Domenico-Tedesco.jpg\",\"contentUrl\":\"https:\/\/vieassociative.be\/actualites\/wp-content\/uploads\/2024\/12\/1733905087_Michel-Preudhomme-contacte-comme-possible-successeur-de-Domenico-Tedesco.jpg\",\"width\":1200,\"height\":787,\"caption\":\"Michel Preud'homme contact\u00e9 comme possible successeur de Domenico Tedesco ? Association refus\u00e9e\"},{\"@type\":\"BreadcrumbList\",\"@id\":\"https:\/\/vieassociative.be\/actualites\/michel-preudhomme-contacte-comme-possible-successeur-de-domenico-tedesco-association-refusee\/#breadcrumb\",\"itemListElement\":[{\"@type\":\"ListItem\",\"position\":1,\"name\":\"Accueil\",\"item\":\"https:\/\/vieassociative.be\/actualites\/\"},{\"@type\":\"ListItem\",\"position\":2,\"name\":\"Michel Preud&rsquo;homme contact\u00e9 comme possible successeur de Domenico Tedesco ? Association refus\u00e9e\"}]},{\"@type\":\"WebSite\",\"@id\":\"https:\/\/vieassociative.be\/actualites\/#website\",\"url\":\"https:\/\/vieassociative.be\/actualites\/\",\"name\":\"Vie Associative\",\"description\":\"\",\"publisher\":{\"@id\":\"https:\/\/vieassociative.be\/actualites\/#organization\"},\"potentialAction\":[{\"@type\":\"SearchAction\",\"target\":{\"@type\":\"EntryPoint\",\"urlTemplate\":\"https:\/\/vieassociative.be\/actualites\/?s={search_term_string}\"},\"query-input\":{\"@type\":\"PropertyValueSpecification\",\"valueRequired\":true,\"valueName\":\"search_term_string\"}}],\"inLanguage\":\"fr-BE\"},{\"@type\":\"Organization\",\"@id\":\"https:\/\/vieassociative.be\/actualites\/#organization\",\"name\":\"Vie Associative\",\"url\":\"https:\/\/vieassociative.be\/actualites\/\",\"logo\":{\"@type\":\"ImageObject\",\"inLanguage\":\"fr-BE\",\"@id\":\"https:\/\/vieassociative.be\/actualites\/#\/schema\/logo\/image\/\",\"url\":\"https:\/\/vieassociative.be\/actualites\/wp-content\/uploads\/2024\/09\/cropped-vieassociative_favicon.ico.png\",\"contentUrl\":\"https:\/\/vieassociative.be\/actualites\/wp-content\/uploads\/2024\/09\/cropped-vieassociative_favicon.ico.png\",\"width\":512,\"height\":512,\"caption\":\"Vie Associative\"},\"image\":{\"@id\":\"https:\/\/vieassociative.be\/actualites\/#\/schema\/logo\/image\/\"}},{\"@type\":\"Person\",\"@id\":\"https:\/\/vieassociative.be\/actualites\/#\/schema\/person\/b87ac4f82f9d4e7b7cec7395b679edc4\",\"name\":\"Julien\",\"image\":{\"@type\":\"ImageObject\",\"inLanguage\":\"fr-BE\",\"@id\":\"https:\/\/vieassociative.be\/actualites\/#\/schema\/person\/image\/\",\"url\":\"https:\/\/vieassociative.be\/actualites\/wp-content\/uploads\/2024\/09\/vie-associative-1-150x150.jpg\",\"contentUrl\":\"https:\/\/vieassociative.be\/actualites\/wp-content\/uploads\/2024\/09\/vie-associative-1-150x150.jpg\",\"caption\":\"Julien\"},\"description\":\"Je suis Julien, r\u00e9dacteur pour Vie Associative. Passionn\u00e9 par le monde associatif depuis plus de 10 ans, j'ai \u00e0 c\u0153ur de partager des histoires inspirantes et de mettre en lumi\u00e8re les initiatives locales. Mon objectif est de sensibiliser et d'encourager l'engagement communautaire \u00e0 travers mes articles.\",\"sameAs\":[\"https:\/\/vieassociative.be\/\"]}]}<\/script>\n<!-- \/ Yoast SEO plugin. -->","yoast_head_json":{"title":"Michel Preud'homme contact\u00e9 comme possible successeur de Domenico Tedesco ? Association refus\u00e9e | Vie Associative","robots":{"index":"index","follow":"follow","max-snippet":"max-snippet:-1","max-image-preview":"max-image-preview:large","max-video-preview":"max-video-preview:-1"},"canonical":"https:\/\/vieassociative.be\/actualites\/michel-preudhomme-contacte-comme-possible-successeur-de-domenico-tedesco-association-refusee\/","og_locale":"fr_FR","og_type":"article","og_title":"Michel Preud'homme contact\u00e9 comme possible successeur de Domenico Tedesco ? Association refus\u00e9e | Vie Associative","og_description":"La F\u00e9d\u00e9ration belge de football aurait contact\u00e9 Michel Preud&rsquo;homme pour demander \u00e0 l&rsquo;ancien entra\u00eeneur champion du Standard de Li\u00e8ge et du FC Bruges s&rsquo;il serait","og_url":"https:\/\/vieassociative.be\/actualites\/michel-preudhomme-contacte-comme-possible-successeur-de-domenico-tedesco-association-refusee\/","og_site_name":"Vie Associative","article_published_time":"2024-12-11T08:18:07+00:00","og_image":[{"width":279,"height":92,"url":"https:\/\/vieassociative.be\/actualites\/wp-content\/uploads\/2024\/09\/header_backgroundk-01-e1726694325946.png","type":"image\/png"}],"author":"Julien","twitter_card":"summary_large_image","twitter_misc":{"\u00c9crit par":"Julien","Dur\u00e9e de lecture est.":"3 minutes"},"schema":{"@context":"https:\/\/schema.org","@graph":[{"@type":"Article","@id":"https:\/\/vieassociative.be\/actualites\/michel-preudhomme-contacte-comme-possible-successeur-de-domenico-tedesco-association-refusee\/#article","isPartOf":{"@id":"https:\/\/vieassociative.be\/actualites\/michel-preudhomme-contacte-comme-possible-successeur-de-domenico-tedesco-association-refusee\/"},"author":{"name":"Julien","@id":"https:\/\/vieassociative.be\/actualites\/#\/schema\/person\/b87ac4f82f9d4e7b7cec7395b679edc4"},"headline":"Michel Preud&rsquo;homme contact\u00e9 comme possible successeur de Domenico Tedesco ? Association refus\u00e9e","datePublished":"2024-12-11T08:18:07+00:00","dateModified":"2024-12-11T08:18:07+00:00","mainEntityOfPage":{"@id":"https:\/\/vieassociative.be\/actualites\/michel-preudhomme-contacte-comme-possible-successeur-de-domenico-tedesco-association-refusee\/"},"wordCount":734,"publisher":{"@id":"https:\/\/vieassociative.be\/actualites\/#organization"},"image":{"@id":"https:\/\/vieassociative.be\/actualites\/michel-preudhomme-contacte-comme-possible-successeur-de-domenico-tedesco-association-refusee\/#primaryimage"},"thumbnailUrl":"https:\/\/vieassociative.be\/actualites\/wp-content\/uploads\/2024\/12\/1733905087_Michel-Preudhomme-contacte-comme-possible-successeur-de-Domenico-Tedesco.jpg","keywords":["Association","comme","contact\u00e9","Domenico","Michel","Preudhomme","refus\u00e9e","successeur","Tedesco"],"articleSection":["Belgique"],"inLanguage":"fr-BE"},{"@type":"WebPage","@id":"https:\/\/vieassociative.be\/actualites\/michel-preudhomme-contacte-comme-possible-successeur-de-domenico-tedesco-association-refusee\/","url":"https:\/\/vieassociative.be\/actualites\/michel-preudhomme-contacte-comme-possible-successeur-de-domenico-tedesco-association-refusee\/","name":"Michel Preud'homme contact\u00e9 comme possible successeur de Domenico Tedesco ? Association refus\u00e9e | Vie Associative","isPartOf":{"@id":"https:\/\/vieassociative.be\/actualites\/#website"},"primaryImageOfPage":{"@id":"https:\/\/vieassociative.be\/actualites\/michel-preudhomme-contacte-comme-possible-successeur-de-domenico-tedesco-association-refusee\/#primaryimage"},"image":{"@id":"https:\/\/vieassociative.be\/actualites\/michel-preudhomme-contacte-comme-possible-successeur-de-domenico-tedesco-association-refusee\/#primaryimage"},"thumbnailUrl":"https:\/\/vieassociative.be\/actualites\/wp-content\/uploads\/2024\/12\/1733905087_Michel-Preudhomme-contacte-comme-possible-successeur-de-Domenico-Tedesco.jpg","datePublished":"2024-12-11T08:18:07+00:00","dateModified":"2024-12-11T08:18:07+00:00","breadcrumb":{"@id":"https:\/\/vieassociative.be\/actualites\/michel-preudhomme-contacte-comme-possible-successeur-de-domenico-tedesco-association-refusee\/#breadcrumb"},"inLanguage":"fr-BE","potentialAction":[{"@type":"ReadAction","target":["https:\/\/vieassociative.be\/actualites\/michel-preudhomme-contacte-comme-possible-successeur-de-domenico-tedesco-association-refusee\/"]}]},{"@type":"ImageObject","inLanguage":"fr-BE","@id":"https:\/\/vieassociative.be\/actualites\/michel-preudhomme-contacte-comme-possible-successeur-de-domenico-tedesco-association-refusee\/#primaryimage","url":"https:\/\/vieassociative.be\/actualites\/wp-content\/uploads\/2024\/12\/1733905087_Michel-Preudhomme-contacte-comme-possible-successeur-de-Domenico-Tedesco.jpg","contentUrl":"https:\/\/vieassociative.be\/actualites\/wp-content\/uploads\/2024\/12\/1733905087_Michel-Preudhomme-contacte-comme-possible-successeur-de-Domenico-Tedesco.jpg","width":1200,"height":787,"caption":"Michel Preud'homme contact\u00e9 comme possible successeur de Domenico Tedesco ? Association refus\u00e9e"},{"@type":"BreadcrumbList","@id":"https:\/\/vieassociative.be\/actualites\/michel-preudhomme-contacte-comme-possible-successeur-de-domenico-tedesco-association-refusee\/#breadcrumb","itemListElement":[{"@type":"ListItem","position":1,"name":"Accueil","item":"https:\/\/vieassociative.be\/actualites\/"},{"@type":"ListItem","position":2,"name":"Michel Preud&rsquo;homme contact\u00e9 comme possible successeur de Domenico Tedesco ? Association refus\u00e9e"}]},{"@type":"WebSite","@id":"https:\/\/vieassociative.be\/actualites\/#website","url":"https:\/\/vieassociative.be\/actualites\/","name":"Vie Associative","description":"","publisher":{"@id":"https:\/\/vieassociative.be\/actualites\/#organization"},"potentialAction":[{"@type":"SearchAction","target":{"@type":"EntryPoint","urlTemplate":"https:\/\/vieassociative.be\/actualites\/?s={search_term_string}"},"query-input":{"@type":"PropertyValueSpecification","valueRequired":true,"valueName":"search_term_string"}}],"inLanguage":"fr-BE"},{"@type":"Organization","@id":"https:\/\/vieassociative.be\/actualites\/#organization","name":"Vie Associative","url":"https:\/\/vieassociative.be\/actualites\/","logo":{"@type":"ImageObject","inLanguage":"fr-BE","@id":"https:\/\/vieassociative.be\/actualites\/#\/schema\/logo\/image\/","url":"https:\/\/vieassociative.be\/actualites\/wp-content\/uploads\/2024\/09\/cropped-vieassociative_favicon.ico.png","contentUrl":"https:\/\/vieassociative.be\/actualites\/wp-content\/uploads\/2024\/09\/cropped-vieassociative_favicon.ico.png","width":512,"height":512,"caption":"Vie Associative"},"image":{"@id":"https:\/\/vieassociative.be\/actualites\/#\/schema\/logo\/image\/"}},{"@type":"Person","@id":"https:\/\/vieassociative.be\/actualites\/#\/schema\/person\/b87ac4f82f9d4e7b7cec7395b679edc4","name":"Julien","image":{"@type":"ImageObject","inLanguage":"fr-BE","@id":"https:\/\/vieassociative.be\/actualites\/#\/schema\/person\/image\/","url":"https:\/\/vieassociative.be\/actualites\/wp-content\/uploads\/2024\/09\/vie-associative-1-150x150.jpg","contentUrl":"https:\/\/vieassociative.be\/actualites\/wp-content\/uploads\/2024\/09\/vie-associative-1-150x150.jpg","caption":"Julien"},"description":"Je suis Julien, r\u00e9dacteur pour Vie Associative. Passionn\u00e9 par le monde associatif depuis plus de 10 ans, j'ai \u00e0 c\u0153ur de partager des histoires inspirantes et de mettre en lumi\u00e8re les initiatives locales. Mon objectif est de sensibiliser et d'encourager l'engagement communautaire \u00e0 travers mes articles.","sameAs":["https:\/\/vieassociative.be\/"]}]}},"_links":{"self":[{"href":"https:\/\/vieassociative.be\/actualites\/wp-json\/wp\/v2\/posts\/3283"}],"collection":[{"href":"https:\/\/vieassociative.be\/actualites\/wp-json\/wp\/v2\/posts"}],"about":[{"href":"https:\/\/vieassociative.be\/actualites\/wp-json\/wp\/v2\/types\/post"}],"author":[{"embeddable":true,"href":"https:\/\/vieassociative.be\/actualites\/wp-json\/wp\/v2\/users\/1"}],"replies":[{"embeddable":true,"href":"https:\/\/vieassociative.be\/actualites\/wp-json\/wp\/v2\/comments?post=3283"}],"version-history":[{"count":0,"href":"https:\/\/vieassociative.be\/actualites\/wp-json\/wp\/v2\/posts\/3283\/revisions"}],"wp:featuredmedia":[{"embeddable":true,"href":"https:\/\/vieassociative.be\/actualites\/wp-json\/wp\/v2\/media\/3284"}],"wp:attachment":[{"href":"https:\/\/vieassociative.be\/actualites\/wp-json\/wp\/v2\/media?parent=3283"}],"wp:term":[{"taxonomy":"category","embeddable":true,"href":"https:\/\/vieassociative.be\/actualites\/wp-json\/wp\/v2\/categories?post=3283"},{"taxonomy":"post_tag","embeddable":true,"href":"https:\/\/vieassociative.be\/actualites\/wp-json\/wp\/v2\/tags?post=3283"}],"curies":[{"name":"wp","href":"https:\/\/api.w.org\/{rel}","templated":true}]}}