{"id":3277,"date":"2024-12-11T06:18:48","date_gmt":"2024-12-11T05:18:48","guid":{"rendered":"https:\/\/vieassociative.be\/actualites\/comment-amener-les-enfants-a-arreter-de-manger-leurs-crottes-de-nez\/"},"modified":"2024-12-11T06:18:48","modified_gmt":"2024-12-11T05:18:48","slug":"comment-amener-les-enfants-a-arreter-de-manger-leurs-crottes-de-nez","status":"publish","type":"post","link":"https:\/\/vieassociative.be\/actualites\/comment-amener-les-enfants-a-arreter-de-manger-leurs-crottes-de-nez\/","title":{"rendered":"Comment amener les enfants \u00e0 arr\u00eater de manger leurs crottes de nez"},"content":{"rendered":"<div class=\"mt-4 leading-6 md:mb-8\">Mordez cette habitude dans la narine avant qu\u2019elle ne devienne incontr\u00f4lable.<\/div>\n<p><\/p>\n<p>Si vous avez d\u00e9j\u00e0 c\u00f4toy\u00e9 des enfants pendant un certain temps, vous vous \u00eates s\u00fbrement demand\u00e9 : Pourquoi, <em>pourquoi<\/em> <em>sur Terre<\/em>une personne mangerait-elle le contenu int\u00e9rieur de son nez d\u00e9go\u00fbtant\u00a0? La r\u00e9ponse la plus \u00e9l\u00e9mentaire est la suivante\u00a0: les enfants sont d\u00e9go\u00fbtants et font des choses grossi\u00e8res. Mais plus pr\u00e9cis\u00e9ment, selon les mots d&rsquo;un enfant que je connais (je ne dirai jamais qui) : \u00ab Je les mange quand j&rsquo;ai faim et parce qu&rsquo;ils ont bon go\u00fbt \u00bb.<\/p>\n<p>Aussi amusant que cela puisse para\u00eetre pour les adultes, le fait demeure : la plupart des enfants ont grignot\u00e9 une ou deux crottes de nez. Voyons d\u2019abord pourquoi, puis comment r\u00e9duire cette habitude. <\/p>\n<h2 id=\"why-do-kids-eat-boogers\">Pourquoi les enfants mangent-ils des crottes de nez ? <\/h2>\n<p>Il y a plusieurs raisons pour lesquelles les enfants adoptent cette habitude d\u00e9go\u00fbtante, en plus de la fausse \u00ab faim \u00bb susmentionn\u00e9e. Premi\u00e8rement, \u00e9tant des \u00eatres curieux et tactiles qui apprennent en observant les autres, ils veulent essayer ce qu\u2019ils voient faire les autres enfants. (Et beaucoup d&rsquo;enfants font cela.) Deuxi\u00e8mement, ce ne sont pas les \u00eatres les plus hygi\u00e9niques ou les plus hydrat\u00e9s, et ils jouent souvent dehors, l\u00e0 o\u00f9 vit la salet\u00e9. Toutes ces conditions font que les crottes s\u00e8ches et croustillantes s\u2019enl\u00e8vent plus facilement avec un doigt. Une fois qu&rsquo;ils sont sortis \u2013 encore une fois, l&rsquo;hygi\u00e8ne n&rsquo;\u00e9tant pas leur point fort \u2013 plut\u00f4t que d&rsquo;interrompre un jeu de feu rouge \u00e0 enjeux \u00e9lev\u00e9s ou un \u00e9pisode de <em>Ninjago<\/em> pour trouver un mouchoir, ils le mangent simplement parce que c&rsquo;est <em>efficace. <\/em>Il n&rsquo;y a pas d&rsquo;endroit plus facile pour \u00e9liminer les preuves que par la trappe.<\/p>\n<p>Certains enfants peuvent choisir et manger pour faire face \u00e0 leur nervosit\u00e9 ou \u00e0 leur anxi\u00e9t\u00e9. D&rsquo;autres peuvent les manger simplement parce qu&rsquo;ils sont sal\u00e9s et croquants, comme l&rsquo;a d\u00e9crit Romper, \u00ab comme les Cheetos qui vous font monter au nez. Ils sont aussi vraiment <em>disponible<\/em>.\u00bb<\/p>\n<p>Pour compliquer les choses, l&rsquo;ingestion de bact\u00e9ries et d&rsquo;agents pathog\u00e8nes pr\u00e9sents dans le mucus peut en fait <em>sois bon pour eux <\/em>et leur syst\u00e8me immunitaire<em>. <\/em>Merci beaucoup, science. Ainsi, m\u00eame si vous n&rsquo;avez pas \u00e0 trop vous soucier des cons\u00e9quences n\u00e9gatives sur la sant\u00e9, vous ne voulez probablement pas que le petit Joey soit l&rsquo;enfant de tout le monde. <em>toujours <\/em>se souvient, 30 ans plus tard, de l&rsquo;enfant qui mangeait secr\u00e8tement ses crottes de nez tout au long de l&rsquo;\u00e9cole primaire.<\/p>\n<h2 id=\"how-you-can-get-them-to-stop\">Comment les faire arr\u00eater<\/h2>\n<p>La triste v\u00e9rit\u00e9 est que, \u00e0 moins que vous n\u2019imposiez une punition s\u00e9v\u00e8re (ce que nous ne recommandons pas), amener les enfants \u00e0 abandonner cette habitude sera un processus et non une solution miracle. Voici quelques conseils. <\/p>\n<p><strong>Identifiez pourquoi ils le font\u00a0:<\/strong> Selon l&rsquo;\u00e2ge de votre enfant, les r\u00e9ponses propos\u00e9es dans cette conversation peuvent ne pas \u00eatre plus profondes que \u00ab\u00a0Parce que\u00a0!\u00a0\u00bb S&rsquo;ils sont plus \u00e2g\u00e9s, essayez d&rsquo;identifier certains moments, sentiments ou activit\u00e9s qui peuvent les inciter \u00e0 le faire plus souvent.<\/p>\n<p><strong>Expliquez les raisons physiques pour lesquelles ils ne devraient pas\u00a0:<\/strong> D\u00e8s qu\u2019ils comprennent, dites-leur pourquoi ce n\u2019est pas une bonne id\u00e9e. (Bien qu&rsquo;il puisse y avoir certains avantages pour le syst\u00e8me immunitaire, la m\u00e8re \u00e0 trois reprises en moi dit que c&rsquo;est le bon moment pour mentir et rejeter la faute sur le caract\u00e8re n\u00e9faste des \u00ab germes \u00bb.) Faites-leur savoir qu&rsquo;ils peuvent avoir des saignements de nez ou des plaies douloureuses. de trop de cueillette. <\/p>\n<p><strong>Gardez les mouchoirs partout :<\/strong> Lorsque vous essayez de r\u00e9duire cette habitude, continuez <em>tous<\/em> les tissus \u00e0 proximit\u00e9. Placez une bo\u00eete dans chaque pi\u00e8ce et montrez-la \u00e0 votre enfant afin qu&rsquo;il ne puisse pas plaider son ignorance. Mettez des mouchoirs dans leurs poches ; gardez Kleenex dans votre sac \u00e0 main, votre voiture, votre bureau, partout, pr\u00eat \u00e0 \u00eatre distribu\u00e9 \u00e0 tout moment. <\/p>\n<p><strong>Gouttes salines et humidificateurs\u00a0:<\/strong> Ces deux appareils adoucissants les crottes de nez sont vos amis. Moins il y a de crottes de nez croustillantes log\u00e9es dans leurs voies nasales, moins ils sont susceptibles d&rsquo;aller chercher de l&rsquo;or. <\/p>\n<p><strong>Donnez \u00e0 leurs nerfs un autre exutoire\u00a0: <\/strong>Si vous remarquez que l&rsquo;enfant cueille et mange est une habitude nerveuse, donnez-lui autre chose \u00e0 faire. Investissez dans une poign\u00e9e de Pop-its ou un sac de jouets fidget qu&rsquo;ils peuvent manipuler tout en regardant la t\u00e9l\u00e9vision ou en entrant dans une nouvelle situation sociale.<\/p>\n<p><\/p>\n","protected":false},"excerpt":{"rendered":"<p>Mordez cette habitude dans la narine avant qu\u2019elle ne devienne incontr\u00f4lable. Si vous avez d\u00e9j\u00e0 c\u00f4toy\u00e9 des enfants pendant un certain temps, vous vous \u00eates<\/p>\n","protected":false},"author":1,"featured_media":3278,"comment_status":"","ping_status":"","sticky":false,"template":"","format":"standard","meta":{"footnotes":""},"categories":[37],"tags":[3204,1575,44,3934,324,14,845,1170,3553],"class_list":["post-3277","post","type-post","status-publish","format-standard","has-post-thumbnail","hentry","category-famille","tag-amener","tag-arreter","tag-comment","tag-crottes","tag-enfants","tag-les","tag-leurs","tag-manger","tag-nez","generate-columns","tablet-grid-50","mobile-grid-100","grid-parent","grid-33"],"yoast_head":"<!-- This site is optimized with the Yoast SEO plugin v24.0 - https:\/\/yoast.com\/wordpress\/plugins\/seo\/ -->\n<title>Comment amener les enfants \u00e0 arr\u00eater de manger leurs crottes de nez | Vie Associative<\/title>\n<meta name=\"robots\" content=\"index, follow, max-snippet:-1, max-image-preview:large, max-video-preview:-1\" \/>\n<link rel=\"canonical\" href=\"https:\/\/vieassociative.be\/actualites\/comment-amener-les-enfants-a-arreter-de-manger-leurs-crottes-de-nez\/\" \/>\n<meta property=\"og:locale\" content=\"fr_FR\" \/>\n<meta property=\"og:type\" content=\"article\" \/>\n<meta property=\"og:title\" content=\"Comment amener les enfants \u00e0 arr\u00eater de manger leurs crottes de nez | Vie Associative\" \/>\n<meta property=\"og:description\" content=\"Mordez cette habitude dans la narine avant qu\u2019elle ne devienne incontr\u00f4lable. Si vous avez d\u00e9j\u00e0 c\u00f4toy\u00e9 des enfants pendant un certain temps, vous vous \u00eates\" \/>\n<meta property=\"og:url\" content=\"https:\/\/vieassociative.be\/actualites\/comment-amener-les-enfants-a-arreter-de-manger-leurs-crottes-de-nez\/\" \/>\n<meta property=\"og:site_name\" content=\"Vie Associative\" \/>\n<meta property=\"article:published_time\" content=\"2024-12-11T05:18:48+00:00\" \/>\n<meta property=\"og:image\" content=\"https:\/\/vieassociative.be\/actualites\/wp-content\/uploads\/2024\/09\/header_backgroundk-01-e1726694325946.png\" \/>\n\t<meta property=\"og:image:width\" content=\"279\" \/>\n\t<meta property=\"og:image:height\" content=\"92\" \/>\n\t<meta property=\"og:image:type\" content=\"image\/png\" \/>\n<meta name=\"author\" content=\"Julien\" \/>\n<meta name=\"twitter:card\" content=\"summary_large_image\" \/>\n<meta name=\"twitter:label1\" content=\"\u00c9crit par\" \/>\n\t<meta name=\"twitter:data1\" content=\"Julien\" \/>\n\t<meta name=\"twitter:label2\" content=\"Dur\u00e9e de lecture est.\" \/>\n\t<meta name=\"twitter:data2\" content=\"4 minutes\" \/>\n<script type=\"application\/ld+json\" class=\"yoast-schema-graph\">{\"@context\":\"https:\/\/schema.org\",\"@graph\":[{\"@type\":\"Article\",\"@id\":\"https:\/\/vieassociative.be\/actualites\/comment-amener-les-enfants-a-arreter-de-manger-leurs-crottes-de-nez\/#article\",\"isPartOf\":{\"@id\":\"https:\/\/vieassociative.be\/actualites\/comment-amener-les-enfants-a-arreter-de-manger-leurs-crottes-de-nez\/\"},\"author\":{\"name\":\"Julien\",\"@id\":\"https:\/\/vieassociative.be\/actualites\/#\/schema\/person\/b87ac4f82f9d4e7b7cec7395b679edc4\"},\"headline\":\"Comment amener les enfants \u00e0 arr\u00eater de manger leurs crottes de nez\",\"datePublished\":\"2024-12-11T05:18:48+00:00\",\"dateModified\":\"2024-12-11T05:18:48+00:00\",\"mainEntityOfPage\":{\"@id\":\"https:\/\/vieassociative.be\/actualites\/comment-amener-les-enfants-a-arreter-de-manger-leurs-crottes-de-nez\/\"},\"wordCount\":802,\"publisher\":{\"@id\":\"https:\/\/vieassociative.be\/actualites\/#organization\"},\"image\":{\"@id\":\"https:\/\/vieassociative.be\/actualites\/comment-amener-les-enfants-a-arreter-de-manger-leurs-crottes-de-nez\/#primaryimage\"},\"thumbnailUrl\":\"https:\/\/vieassociative.be\/actualites\/wp-content\/uploads\/2024\/12\/Comment-amener-les-enfants-a-arreter-de-manger-leurs-crottes.jpg\",\"keywords\":[\"amener\",\"arr\u00eater\",\"Comment\",\"crottes\",\"enfants\",\"Les\",\"leurs\",\"manger\",\"nez\"],\"articleSection\":[\"Famille\"],\"inLanguage\":\"fr-BE\"},{\"@type\":\"WebPage\",\"@id\":\"https:\/\/vieassociative.be\/actualites\/comment-amener-les-enfants-a-arreter-de-manger-leurs-crottes-de-nez\/\",\"url\":\"https:\/\/vieassociative.be\/actualites\/comment-amener-les-enfants-a-arreter-de-manger-leurs-crottes-de-nez\/\",\"name\":\"Comment amener les enfants \u00e0 arr\u00eater de manger leurs crottes de nez | Vie Associative\",\"isPartOf\":{\"@id\":\"https:\/\/vieassociative.be\/actualites\/#website\"},\"primaryImageOfPage\":{\"@id\":\"https:\/\/vieassociative.be\/actualites\/comment-amener-les-enfants-a-arreter-de-manger-leurs-crottes-de-nez\/#primaryimage\"},\"image\":{\"@id\":\"https:\/\/vieassociative.be\/actualites\/comment-amener-les-enfants-a-arreter-de-manger-leurs-crottes-de-nez\/#primaryimage\"},\"thumbnailUrl\":\"https:\/\/vieassociative.be\/actualites\/wp-content\/uploads\/2024\/12\/Comment-amener-les-enfants-a-arreter-de-manger-leurs-crottes.jpg\",\"datePublished\":\"2024-12-11T05:18:48+00:00\",\"dateModified\":\"2024-12-11T05:18:48+00:00\",\"breadcrumb\":{\"@id\":\"https:\/\/vieassociative.be\/actualites\/comment-amener-les-enfants-a-arreter-de-manger-leurs-crottes-de-nez\/#breadcrumb\"},\"inLanguage\":\"fr-BE\",\"potentialAction\":[{\"@type\":\"ReadAction\",\"target\":[\"https:\/\/vieassociative.be\/actualites\/comment-amener-les-enfants-a-arreter-de-manger-leurs-crottes-de-nez\/\"]}]},{\"@type\":\"ImageObject\",\"inLanguage\":\"fr-BE\",\"@id\":\"https:\/\/vieassociative.be\/actualites\/comment-amener-les-enfants-a-arreter-de-manger-leurs-crottes-de-nez\/#primaryimage\",\"url\":\"https:\/\/vieassociative.be\/actualites\/wp-content\/uploads\/2024\/12\/Comment-amener-les-enfants-a-arreter-de-manger-leurs-crottes.jpg\",\"contentUrl\":\"https:\/\/vieassociative.be\/actualites\/wp-content\/uploads\/2024\/12\/Comment-amener-les-enfants-a-arreter-de-manger-leurs-crottes.jpg\",\"width\":1200,\"height\":675,\"caption\":\"Comment amener les enfants \u00e0 arr\u00eater de manger leurs crottes de nez\"},{\"@type\":\"BreadcrumbList\",\"@id\":\"https:\/\/vieassociative.be\/actualites\/comment-amener-les-enfants-a-arreter-de-manger-leurs-crottes-de-nez\/#breadcrumb\",\"itemListElement\":[{\"@type\":\"ListItem\",\"position\":1,\"name\":\"Accueil\",\"item\":\"https:\/\/vieassociative.be\/actualites\/\"},{\"@type\":\"ListItem\",\"position\":2,\"name\":\"Comment amener les enfants \u00e0 arr\u00eater de manger leurs crottes de nez\"}]},{\"@type\":\"WebSite\",\"@id\":\"https:\/\/vieassociative.be\/actualites\/#website\",\"url\":\"https:\/\/vieassociative.be\/actualites\/\",\"name\":\"Vie Associative\",\"description\":\"\",\"publisher\":{\"@id\":\"https:\/\/vieassociative.be\/actualites\/#organization\"},\"potentialAction\":[{\"@type\":\"SearchAction\",\"target\":{\"@type\":\"EntryPoint\",\"urlTemplate\":\"https:\/\/vieassociative.be\/actualites\/?s={search_term_string}\"},\"query-input\":{\"@type\":\"PropertyValueSpecification\",\"valueRequired\":true,\"valueName\":\"search_term_string\"}}],\"inLanguage\":\"fr-BE\"},{\"@type\":\"Organization\",\"@id\":\"https:\/\/vieassociative.be\/actualites\/#organization\",\"name\":\"Vie Associative\",\"url\":\"https:\/\/vieassociative.be\/actualites\/\",\"logo\":{\"@type\":\"ImageObject\",\"inLanguage\":\"fr-BE\",\"@id\":\"https:\/\/vieassociative.be\/actualites\/#\/schema\/logo\/image\/\",\"url\":\"https:\/\/vieassociative.be\/actualites\/wp-content\/uploads\/2024\/09\/cropped-vieassociative_favicon.ico.png\",\"contentUrl\":\"https:\/\/vieassociative.be\/actualites\/wp-content\/uploads\/2024\/09\/cropped-vieassociative_favicon.ico.png\",\"width\":512,\"height\":512,\"caption\":\"Vie Associative\"},\"image\":{\"@id\":\"https:\/\/vieassociative.be\/actualites\/#\/schema\/logo\/image\/\"}},{\"@type\":\"Person\",\"@id\":\"https:\/\/vieassociative.be\/actualites\/#\/schema\/person\/b87ac4f82f9d4e7b7cec7395b679edc4\",\"name\":\"Julien\",\"image\":{\"@type\":\"ImageObject\",\"inLanguage\":\"fr-BE\",\"@id\":\"https:\/\/vieassociative.be\/actualites\/#\/schema\/person\/image\/\",\"url\":\"https:\/\/vieassociative.be\/actualites\/wp-content\/uploads\/2024\/09\/vie-associative-1-150x150.jpg\",\"contentUrl\":\"https:\/\/vieassociative.be\/actualites\/wp-content\/uploads\/2024\/09\/vie-associative-1-150x150.jpg\",\"caption\":\"Julien\"},\"description\":\"Je suis Julien, r\u00e9dacteur pour Vie Associative. Passionn\u00e9 par le monde associatif depuis plus de 10 ans, j'ai \u00e0 c\u0153ur de partager des histoires inspirantes et de mettre en lumi\u00e8re les initiatives locales. Mon objectif est de sensibiliser et d'encourager l'engagement communautaire \u00e0 travers mes articles.\",\"sameAs\":[\"https:\/\/vieassociative.be\/\"]}]}<\/script>\n<!-- \/ Yoast SEO plugin. -->","yoast_head_json":{"title":"Comment amener les enfants \u00e0 arr\u00eater de manger leurs crottes de nez | Vie Associative","robots":{"index":"index","follow":"follow","max-snippet":"max-snippet:-1","max-image-preview":"max-image-preview:large","max-video-preview":"max-video-preview:-1"},"canonical":"https:\/\/vieassociative.be\/actualites\/comment-amener-les-enfants-a-arreter-de-manger-leurs-crottes-de-nez\/","og_locale":"fr_FR","og_type":"article","og_title":"Comment amener les enfants \u00e0 arr\u00eater de manger leurs crottes de nez | Vie Associative","og_description":"Mordez cette habitude dans la narine avant qu\u2019elle ne devienne incontr\u00f4lable. Si vous avez d\u00e9j\u00e0 c\u00f4toy\u00e9 des enfants pendant un certain temps, vous vous \u00eates","og_url":"https:\/\/vieassociative.be\/actualites\/comment-amener-les-enfants-a-arreter-de-manger-leurs-crottes-de-nez\/","og_site_name":"Vie Associative","article_published_time":"2024-12-11T05:18:48+00:00","og_image":[{"width":279,"height":92,"url":"https:\/\/vieassociative.be\/actualites\/wp-content\/uploads\/2024\/09\/header_backgroundk-01-e1726694325946.png","type":"image\/png"}],"author":"Julien","twitter_card":"summary_large_image","twitter_misc":{"\u00c9crit par":"Julien","Dur\u00e9e de lecture est.":"4 minutes"},"schema":{"@context":"https:\/\/schema.org","@graph":[{"@type":"Article","@id":"https:\/\/vieassociative.be\/actualites\/comment-amener-les-enfants-a-arreter-de-manger-leurs-crottes-de-nez\/#article","isPartOf":{"@id":"https:\/\/vieassociative.be\/actualites\/comment-amener-les-enfants-a-arreter-de-manger-leurs-crottes-de-nez\/"},"author":{"name":"Julien","@id":"https:\/\/vieassociative.be\/actualites\/#\/schema\/person\/b87ac4f82f9d4e7b7cec7395b679edc4"},"headline":"Comment amener les enfants \u00e0 arr\u00eater de manger leurs crottes de nez","datePublished":"2024-12-11T05:18:48+00:00","dateModified":"2024-12-11T05:18:48+00:00","mainEntityOfPage":{"@id":"https:\/\/vieassociative.be\/actualites\/comment-amener-les-enfants-a-arreter-de-manger-leurs-crottes-de-nez\/"},"wordCount":802,"publisher":{"@id":"https:\/\/vieassociative.be\/actualites\/#organization"},"image":{"@id":"https:\/\/vieassociative.be\/actualites\/comment-amener-les-enfants-a-arreter-de-manger-leurs-crottes-de-nez\/#primaryimage"},"thumbnailUrl":"https:\/\/vieassociative.be\/actualites\/wp-content\/uploads\/2024\/12\/Comment-amener-les-enfants-a-arreter-de-manger-leurs-crottes.jpg","keywords":["amener","arr\u00eater","Comment","crottes","enfants","Les","leurs","manger","nez"],"articleSection":["Famille"],"inLanguage":"fr-BE"},{"@type":"WebPage","@id":"https:\/\/vieassociative.be\/actualites\/comment-amener-les-enfants-a-arreter-de-manger-leurs-crottes-de-nez\/","url":"https:\/\/vieassociative.be\/actualites\/comment-amener-les-enfants-a-arreter-de-manger-leurs-crottes-de-nez\/","name":"Comment amener les enfants \u00e0 arr\u00eater de manger leurs crottes de nez | Vie Associative","isPartOf":{"@id":"https:\/\/vieassociative.be\/actualites\/#website"},"primaryImageOfPage":{"@id":"https:\/\/vieassociative.be\/actualites\/comment-amener-les-enfants-a-arreter-de-manger-leurs-crottes-de-nez\/#primaryimage"},"image":{"@id":"https:\/\/vieassociative.be\/actualites\/comment-amener-les-enfants-a-arreter-de-manger-leurs-crottes-de-nez\/#primaryimage"},"thumbnailUrl":"https:\/\/vieassociative.be\/actualites\/wp-content\/uploads\/2024\/12\/Comment-amener-les-enfants-a-arreter-de-manger-leurs-crottes.jpg","datePublished":"2024-12-11T05:18:48+00:00","dateModified":"2024-12-11T05:18:48+00:00","breadcrumb":{"@id":"https:\/\/vieassociative.be\/actualites\/comment-amener-les-enfants-a-arreter-de-manger-leurs-crottes-de-nez\/#breadcrumb"},"inLanguage":"fr-BE","potentialAction":[{"@type":"ReadAction","target":["https:\/\/vieassociative.be\/actualites\/comment-amener-les-enfants-a-arreter-de-manger-leurs-crottes-de-nez\/"]}]},{"@type":"ImageObject","inLanguage":"fr-BE","@id":"https:\/\/vieassociative.be\/actualites\/comment-amener-les-enfants-a-arreter-de-manger-leurs-crottes-de-nez\/#primaryimage","url":"https:\/\/vieassociative.be\/actualites\/wp-content\/uploads\/2024\/12\/Comment-amener-les-enfants-a-arreter-de-manger-leurs-crottes.jpg","contentUrl":"https:\/\/vieassociative.be\/actualites\/wp-content\/uploads\/2024\/12\/Comment-amener-les-enfants-a-arreter-de-manger-leurs-crottes.jpg","width":1200,"height":675,"caption":"Comment amener les enfants \u00e0 arr\u00eater de manger leurs crottes de nez"},{"@type":"BreadcrumbList","@id":"https:\/\/vieassociative.be\/actualites\/comment-amener-les-enfants-a-arreter-de-manger-leurs-crottes-de-nez\/#breadcrumb","itemListElement":[{"@type":"ListItem","position":1,"name":"Accueil","item":"https:\/\/vieassociative.be\/actualites\/"},{"@type":"ListItem","position":2,"name":"Comment amener les enfants \u00e0 arr\u00eater de manger leurs crottes de nez"}]},{"@type":"WebSite","@id":"https:\/\/vieassociative.be\/actualites\/#website","url":"https:\/\/vieassociative.be\/actualites\/","name":"Vie Associative","description":"","publisher":{"@id":"https:\/\/vieassociative.be\/actualites\/#organization"},"potentialAction":[{"@type":"SearchAction","target":{"@type":"EntryPoint","urlTemplate":"https:\/\/vieassociative.be\/actualites\/?s={search_term_string}"},"query-input":{"@type":"PropertyValueSpecification","valueRequired":true,"valueName":"search_term_string"}}],"inLanguage":"fr-BE"},{"@type":"Organization","@id":"https:\/\/vieassociative.be\/actualites\/#organization","name":"Vie Associative","url":"https:\/\/vieassociative.be\/actualites\/","logo":{"@type":"ImageObject","inLanguage":"fr-BE","@id":"https:\/\/vieassociative.be\/actualites\/#\/schema\/logo\/image\/","url":"https:\/\/vieassociative.be\/actualites\/wp-content\/uploads\/2024\/09\/cropped-vieassociative_favicon.ico.png","contentUrl":"https:\/\/vieassociative.be\/actualites\/wp-content\/uploads\/2024\/09\/cropped-vieassociative_favicon.ico.png","width":512,"height":512,"caption":"Vie Associative"},"image":{"@id":"https:\/\/vieassociative.be\/actualites\/#\/schema\/logo\/image\/"}},{"@type":"Person","@id":"https:\/\/vieassociative.be\/actualites\/#\/schema\/person\/b87ac4f82f9d4e7b7cec7395b679edc4","name":"Julien","image":{"@type":"ImageObject","inLanguage":"fr-BE","@id":"https:\/\/vieassociative.be\/actualites\/#\/schema\/person\/image\/","url":"https:\/\/vieassociative.be\/actualites\/wp-content\/uploads\/2024\/09\/vie-associative-1-150x150.jpg","contentUrl":"https:\/\/vieassociative.be\/actualites\/wp-content\/uploads\/2024\/09\/vie-associative-1-150x150.jpg","caption":"Julien"},"description":"Je suis Julien, r\u00e9dacteur pour Vie Associative. Passionn\u00e9 par le monde associatif depuis plus de 10 ans, j'ai \u00e0 c\u0153ur de partager des histoires inspirantes et de mettre en lumi\u00e8re les initiatives locales. Mon objectif est de sensibiliser et d'encourager l'engagement communautaire \u00e0 travers mes articles.","sameAs":["https:\/\/vieassociative.be\/"]}]}},"_links":{"self":[{"href":"https:\/\/vieassociative.be\/actualites\/wp-json\/wp\/v2\/posts\/3277"}],"collection":[{"href":"https:\/\/vieassociative.be\/actualites\/wp-json\/wp\/v2\/posts"}],"about":[{"href":"https:\/\/vieassociative.be\/actualites\/wp-json\/wp\/v2\/types\/post"}],"author":[{"embeddable":true,"href":"https:\/\/vieassociative.be\/actualites\/wp-json\/wp\/v2\/users\/1"}],"replies":[{"embeddable":true,"href":"https:\/\/vieassociative.be\/actualites\/wp-json\/wp\/v2\/comments?post=3277"}],"version-history":[{"count":0,"href":"https:\/\/vieassociative.be\/actualites\/wp-json\/wp\/v2\/posts\/3277\/revisions"}],"wp:featuredmedia":[{"embeddable":true,"href":"https:\/\/vieassociative.be\/actualites\/wp-json\/wp\/v2\/media\/3278"}],"wp:attachment":[{"href":"https:\/\/vieassociative.be\/actualites\/wp-json\/wp\/v2\/media?parent=3277"}],"wp:term":[{"taxonomy":"category","embeddable":true,"href":"https:\/\/vieassociative.be\/actualites\/wp-json\/wp\/v2\/categories?post=3277"},{"taxonomy":"post_tag","embeddable":true,"href":"https:\/\/vieassociative.be\/actualites\/wp-json\/wp\/v2\/tags?post=3277"}],"curies":[{"name":"wp","href":"https:\/\/api.w.org\/{rel}","templated":true}]}}