{"id":3274,"date":"2024-12-11T03:17:44","date_gmt":"2024-12-11T02:17:44","guid":{"rendered":"https:\/\/vieassociative.be\/actualites\/ligue-des-champions-le-fc-bruges-se-rapproche-des-playoffs-apres-une-victoire-2-1-contre-le-sporting-lisbonne\/"},"modified":"2024-12-11T03:17:44","modified_gmt":"2024-12-11T02:17:44","slug":"ligue-des-champions-le-fc-bruges-se-rapproche-des-playoffs-apres-une-victoire-2-1-contre-le-sporting-lisbonne","status":"publish","type":"post","link":"https:\/\/vieassociative.be\/actualites\/ligue-des-champions-le-fc-bruges-se-rapproche-des-playoffs-apres-une-victoire-2-1-contre-le-sporting-lisbonne\/","title":{"rendered":"Ligue des Champions : le FC Bruges se rapproche des playoffs apr\u00e8s une victoire 2-1 contre le Sporting Lisbonne"},"content":{"rendered":"<p><strong>Le FC Bruges semble appr\u00e9cier le nouveau mode de jeu de la Ligue des Champions : les champions de Belgique ont battu mardi les champions portugais du Sporting Lisbonne 2-1 et se sont ainsi am\u00e9lior\u00e9s \u00e0 la 14e place.<\/strong><\/p>\n<p><span id=\"more-403808\"><\/span>Cela n&rsquo;a pas \u00e9t\u00e9 facile contre les Portugais, mais l&rsquo;\u00e9quipe de Bruges a bien jou\u00e9 et a marqu\u00e9 le but de la victoire \u00e0 moins de dix minutes de la fin.<\/p>\n<p>Tout a mal commenc\u00e9 pour les champions de Belgique. Les Portugais n&rsquo;ont eu besoin que de trois minutes pour prendre l&rsquo;avantage gr\u00e2ce \u00e0 Catamo.<\/p>\n<p>L&rsquo;\u00e9quipe de Bruges ne s&rsquo;est pas laiss\u00e9e perturber par ce revers pr\u00e9coce et a r\u00e9ussi \u00e0 \u00e9galiser sur un tir d\u00e9vi\u00e9 de Tziolis \u00e0 la 25e minute. Par la suite, le Sporting pensait obtenir un penalty apr\u00e8s une faute de Skov Olsen, mais le VAR a jug\u00e9 que la faute avait \u00e9t\u00e9 commise en dehors de la surface de r\u00e9paration.<\/p>\n<p>En seconde p\u00e9riode, le Sporting a monopolis\u00e9 le ballon, mais les chances \u00e9taient \u00e9gales. Au moment du partage des points, les Br\u00fcggers ont marqu\u00e9 le but vainqueur gr\u00e2ce \u00e0 Nielsen, parfaitement repouss\u00e9 par Vanaken. (cr\u00e9er)<\/p>\n","protected":false},"excerpt":{"rendered":"<p>Le FC Bruges semble appr\u00e9cier le nouveau mode de jeu de la Ligue des Champions : les champions de Belgique ont battu mardi les champions<\/p>\n","protected":false},"author":1,"featured_media":3275,"comment_status":"","ping_status":"","sticky":false,"template":"","format":"standard","meta":{"footnotes":""},"categories":[298],"tags":[472,2851,2818,796,29,2817,3933,3931,2833,3932,110,784],"class_list":["post-3274","post","type-post","status-publish","format-standard","has-post-thumbnail","hentry","category-belgique","tag-apres","tag-bruges","tag-champions","tag-contre","tag-des","tag-ligue","tag-lisbonne","tag-playoffs","tag-rapproche","tag-sporting","tag-une","tag-victoire","generate-columns","tablet-grid-50","mobile-grid-100","grid-parent","grid-33"],"yoast_head":"<!-- This site is optimized with the Yoast SEO plugin v24.0 - https:\/\/yoast.com\/wordpress\/plugins\/seo\/ -->\n<title>Ligue des Champions : le FC Bruges se rapproche des playoffs apr\u00e8s une victoire 2-1 contre le Sporting Lisbonne | Vie Associative<\/title>\n<meta name=\"robots\" content=\"index, follow, max-snippet:-1, max-image-preview:large, max-video-preview:-1\" \/>\n<link rel=\"canonical\" href=\"https:\/\/vieassociative.be\/actualites\/ligue-des-champions-le-fc-bruges-se-rapproche-des-playoffs-apres-une-victoire-2-1-contre-le-sporting-lisbonne\/\" \/>\n<meta property=\"og:locale\" content=\"fr_FR\" \/>\n<meta property=\"og:type\" content=\"article\" \/>\n<meta property=\"og:title\" content=\"Ligue des Champions : le FC Bruges se rapproche des playoffs apr\u00e8s une victoire 2-1 contre le Sporting Lisbonne | Vie Associative\" \/>\n<meta property=\"og:description\" content=\"Le FC Bruges semble appr\u00e9cier le nouveau mode de jeu de la Ligue des Champions : les champions de Belgique ont battu mardi les champions\" \/>\n<meta property=\"og:url\" content=\"https:\/\/vieassociative.be\/actualites\/ligue-des-champions-le-fc-bruges-se-rapproche-des-playoffs-apres-une-victoire-2-1-contre-le-sporting-lisbonne\/\" \/>\n<meta property=\"og:site_name\" content=\"Vie Associative\" \/>\n<meta property=\"article:published_time\" content=\"2024-12-11T02:17:44+00:00\" \/>\n<meta property=\"og:image\" content=\"https:\/\/vieassociative.be\/actualites\/wp-content\/uploads\/2024\/09\/header_backgroundk-01-e1726694325946.png\" \/>\n\t<meta property=\"og:image:width\" content=\"279\" \/>\n\t<meta property=\"og:image:height\" content=\"92\" \/>\n\t<meta property=\"og:image:type\" content=\"image\/png\" \/>\n<meta name=\"author\" content=\"Julien\" \/>\n<meta name=\"twitter:card\" content=\"summary_large_image\" \/>\n<meta name=\"twitter:label1\" content=\"\u00c9crit par\" \/>\n\t<meta name=\"twitter:data1\" content=\"Julien\" \/>\n\t<meta name=\"twitter:label2\" content=\"Dur\u00e9e de lecture est.\" \/>\n\t<meta name=\"twitter:data2\" content=\"1 minute\" \/>\n<script type=\"application\/ld+json\" class=\"yoast-schema-graph\">{\"@context\":\"https:\/\/schema.org\",\"@graph\":[{\"@type\":\"Article\",\"@id\":\"https:\/\/vieassociative.be\/actualites\/ligue-des-champions-le-fc-bruges-se-rapproche-des-playoffs-apres-une-victoire-2-1-contre-le-sporting-lisbonne\/#article\",\"isPartOf\":{\"@id\":\"https:\/\/vieassociative.be\/actualites\/ligue-des-champions-le-fc-bruges-se-rapproche-des-playoffs-apres-une-victoire-2-1-contre-le-sporting-lisbonne\/\"},\"author\":{\"name\":\"Julien\",\"@id\":\"https:\/\/vieassociative.be\/actualites\/#\/schema\/person\/b87ac4f82f9d4e7b7cec7395b679edc4\"},\"headline\":\"Ligue des Champions : le FC Bruges se rapproche des playoffs apr\u00e8s une victoire 2-1 contre le Sporting Lisbonne\",\"datePublished\":\"2024-12-11T02:17:44+00:00\",\"dateModified\":\"2024-12-11T02:17:44+00:00\",\"mainEntityOfPage\":{\"@id\":\"https:\/\/vieassociative.be\/actualites\/ligue-des-champions-le-fc-bruges-se-rapproche-des-playoffs-apres-une-victoire-2-1-contre-le-sporting-lisbonne\/\"},\"wordCount\":221,\"publisher\":{\"@id\":\"https:\/\/vieassociative.be\/actualites\/#organization\"},\"image\":{\"@id\":\"https:\/\/vieassociative.be\/actualites\/ligue-des-champions-le-fc-bruges-se-rapproche-des-playoffs-apres-une-victoire-2-1-contre-le-sporting-lisbonne\/#primaryimage\"},\"thumbnailUrl\":\"https:\/\/vieassociative.be\/actualites\/wp-content\/uploads\/2024\/12\/Ligue-des-Champions-le-FC-Bruges-se-rapproche-des.jpg\",\"keywords\":[\"Apr\u00e8s\",\"Bruges\",\"Champions\",\"contre\",\"Des\",\"Ligue\",\"Lisbonne\",\"playoffs\",\"rapproche\",\"Sporting\",\"une\",\"victoire\"],\"articleSection\":[\"Belgique\"],\"inLanguage\":\"fr-BE\"},{\"@type\":\"WebPage\",\"@id\":\"https:\/\/vieassociative.be\/actualites\/ligue-des-champions-le-fc-bruges-se-rapproche-des-playoffs-apres-une-victoire-2-1-contre-le-sporting-lisbonne\/\",\"url\":\"https:\/\/vieassociative.be\/actualites\/ligue-des-champions-le-fc-bruges-se-rapproche-des-playoffs-apres-une-victoire-2-1-contre-le-sporting-lisbonne\/\",\"name\":\"Ligue des Champions : le FC Bruges se rapproche des playoffs apr\u00e8s une victoire 2-1 contre le Sporting Lisbonne | Vie Associative\",\"isPartOf\":{\"@id\":\"https:\/\/vieassociative.be\/actualites\/#website\"},\"primaryImageOfPage\":{\"@id\":\"https:\/\/vieassociative.be\/actualites\/ligue-des-champions-le-fc-bruges-se-rapproche-des-playoffs-apres-une-victoire-2-1-contre-le-sporting-lisbonne\/#primaryimage\"},\"image\":{\"@id\":\"https:\/\/vieassociative.be\/actualites\/ligue-des-champions-le-fc-bruges-se-rapproche-des-playoffs-apres-une-victoire-2-1-contre-le-sporting-lisbonne\/#primaryimage\"},\"thumbnailUrl\":\"https:\/\/vieassociative.be\/actualites\/wp-content\/uploads\/2024\/12\/Ligue-des-Champions-le-FC-Bruges-se-rapproche-des.jpg\",\"datePublished\":\"2024-12-11T02:17:44+00:00\",\"dateModified\":\"2024-12-11T02:17:44+00:00\",\"breadcrumb\":{\"@id\":\"https:\/\/vieassociative.be\/actualites\/ligue-des-champions-le-fc-bruges-se-rapproche-des-playoffs-apres-une-victoire-2-1-contre-le-sporting-lisbonne\/#breadcrumb\"},\"inLanguage\":\"fr-BE\",\"potentialAction\":[{\"@type\":\"ReadAction\",\"target\":[\"https:\/\/vieassociative.be\/actualites\/ligue-des-champions-le-fc-bruges-se-rapproche-des-playoffs-apres-une-victoire-2-1-contre-le-sporting-lisbonne\/\"]}]},{\"@type\":\"ImageObject\",\"inLanguage\":\"fr-BE\",\"@id\":\"https:\/\/vieassociative.be\/actualites\/ligue-des-champions-le-fc-bruges-se-rapproche-des-playoffs-apres-une-victoire-2-1-contre-le-sporting-lisbonne\/#primaryimage\",\"url\":\"https:\/\/vieassociative.be\/actualites\/wp-content\/uploads\/2024\/12\/Ligue-des-Champions-le-FC-Bruges-se-rapproche-des.jpg\",\"contentUrl\":\"https:\/\/vieassociative.be\/actualites\/wp-content\/uploads\/2024\/12\/Ligue-des-Champions-le-FC-Bruges-se-rapproche-des.jpg\",\"width\":1200,\"height\":800,\"caption\":\"Ligue des Champions : le FC Bruges se rapproche des playoffs apr\u00e8s une victoire 2-1 contre le Sporting Lisbonne\"},{\"@type\":\"BreadcrumbList\",\"@id\":\"https:\/\/vieassociative.be\/actualites\/ligue-des-champions-le-fc-bruges-se-rapproche-des-playoffs-apres-une-victoire-2-1-contre-le-sporting-lisbonne\/#breadcrumb\",\"itemListElement\":[{\"@type\":\"ListItem\",\"position\":1,\"name\":\"Accueil\",\"item\":\"https:\/\/vieassociative.be\/actualites\/\"},{\"@type\":\"ListItem\",\"position\":2,\"name\":\"Ligue des Champions : le FC Bruges se rapproche des playoffs apr\u00e8s une victoire 2-1 contre le Sporting Lisbonne\"}]},{\"@type\":\"WebSite\",\"@id\":\"https:\/\/vieassociative.be\/actualites\/#website\",\"url\":\"https:\/\/vieassociative.be\/actualites\/\",\"name\":\"Vie Associative\",\"description\":\"\",\"publisher\":{\"@id\":\"https:\/\/vieassociative.be\/actualites\/#organization\"},\"potentialAction\":[{\"@type\":\"SearchAction\",\"target\":{\"@type\":\"EntryPoint\",\"urlTemplate\":\"https:\/\/vieassociative.be\/actualites\/?s={search_term_string}\"},\"query-input\":{\"@type\":\"PropertyValueSpecification\",\"valueRequired\":true,\"valueName\":\"search_term_string\"}}],\"inLanguage\":\"fr-BE\"},{\"@type\":\"Organization\",\"@id\":\"https:\/\/vieassociative.be\/actualites\/#organization\",\"name\":\"Vie Associative\",\"url\":\"https:\/\/vieassociative.be\/actualites\/\",\"logo\":{\"@type\":\"ImageObject\",\"inLanguage\":\"fr-BE\",\"@id\":\"https:\/\/vieassociative.be\/actualites\/#\/schema\/logo\/image\/\",\"url\":\"https:\/\/vieassociative.be\/actualites\/wp-content\/uploads\/2024\/09\/cropped-vieassociative_favicon.ico.png\",\"contentUrl\":\"https:\/\/vieassociative.be\/actualites\/wp-content\/uploads\/2024\/09\/cropped-vieassociative_favicon.ico.png\",\"width\":512,\"height\":512,\"caption\":\"Vie Associative\"},\"image\":{\"@id\":\"https:\/\/vieassociative.be\/actualites\/#\/schema\/logo\/image\/\"}},{\"@type\":\"Person\",\"@id\":\"https:\/\/vieassociative.be\/actualites\/#\/schema\/person\/b87ac4f82f9d4e7b7cec7395b679edc4\",\"name\":\"Julien\",\"image\":{\"@type\":\"ImageObject\",\"inLanguage\":\"fr-BE\",\"@id\":\"https:\/\/vieassociative.be\/actualites\/#\/schema\/person\/image\/\",\"url\":\"https:\/\/vieassociative.be\/actualites\/wp-content\/uploads\/2024\/09\/vie-associative-1-150x150.jpg\",\"contentUrl\":\"https:\/\/vieassociative.be\/actualites\/wp-content\/uploads\/2024\/09\/vie-associative-1-150x150.jpg\",\"caption\":\"Julien\"},\"description\":\"Je suis Julien, r\u00e9dacteur pour Vie Associative. Passionn\u00e9 par le monde associatif depuis plus de 10 ans, j'ai \u00e0 c\u0153ur de partager des histoires inspirantes et de mettre en lumi\u00e8re les initiatives locales. Mon objectif est de sensibiliser et d'encourager l'engagement communautaire \u00e0 travers mes articles.\",\"sameAs\":[\"https:\/\/vieassociative.be\/\"]}]}<\/script>\n<!-- \/ Yoast SEO plugin. -->","yoast_head_json":{"title":"Ligue des Champions : le FC Bruges se rapproche des playoffs apr\u00e8s une victoire 2-1 contre le Sporting Lisbonne | Vie Associative","robots":{"index":"index","follow":"follow","max-snippet":"max-snippet:-1","max-image-preview":"max-image-preview:large","max-video-preview":"max-video-preview:-1"},"canonical":"https:\/\/vieassociative.be\/actualites\/ligue-des-champions-le-fc-bruges-se-rapproche-des-playoffs-apres-une-victoire-2-1-contre-le-sporting-lisbonne\/","og_locale":"fr_FR","og_type":"article","og_title":"Ligue des Champions : le FC Bruges se rapproche des playoffs apr\u00e8s une victoire 2-1 contre le Sporting Lisbonne | Vie Associative","og_description":"Le FC Bruges semble appr\u00e9cier le nouveau mode de jeu de la Ligue des Champions : les champions de Belgique ont battu mardi les champions","og_url":"https:\/\/vieassociative.be\/actualites\/ligue-des-champions-le-fc-bruges-se-rapproche-des-playoffs-apres-une-victoire-2-1-contre-le-sporting-lisbonne\/","og_site_name":"Vie Associative","article_published_time":"2024-12-11T02:17:44+00:00","og_image":[{"width":279,"height":92,"url":"https:\/\/vieassociative.be\/actualites\/wp-content\/uploads\/2024\/09\/header_backgroundk-01-e1726694325946.png","type":"image\/png"}],"author":"Julien","twitter_card":"summary_large_image","twitter_misc":{"\u00c9crit par":"Julien","Dur\u00e9e de lecture est.":"1 minute"},"schema":{"@context":"https:\/\/schema.org","@graph":[{"@type":"Article","@id":"https:\/\/vieassociative.be\/actualites\/ligue-des-champions-le-fc-bruges-se-rapproche-des-playoffs-apres-une-victoire-2-1-contre-le-sporting-lisbonne\/#article","isPartOf":{"@id":"https:\/\/vieassociative.be\/actualites\/ligue-des-champions-le-fc-bruges-se-rapproche-des-playoffs-apres-une-victoire-2-1-contre-le-sporting-lisbonne\/"},"author":{"name":"Julien","@id":"https:\/\/vieassociative.be\/actualites\/#\/schema\/person\/b87ac4f82f9d4e7b7cec7395b679edc4"},"headline":"Ligue des Champions : le FC Bruges se rapproche des playoffs apr\u00e8s une victoire 2-1 contre le Sporting Lisbonne","datePublished":"2024-12-11T02:17:44+00:00","dateModified":"2024-12-11T02:17:44+00:00","mainEntityOfPage":{"@id":"https:\/\/vieassociative.be\/actualites\/ligue-des-champions-le-fc-bruges-se-rapproche-des-playoffs-apres-une-victoire-2-1-contre-le-sporting-lisbonne\/"},"wordCount":221,"publisher":{"@id":"https:\/\/vieassociative.be\/actualites\/#organization"},"image":{"@id":"https:\/\/vieassociative.be\/actualites\/ligue-des-champions-le-fc-bruges-se-rapproche-des-playoffs-apres-une-victoire-2-1-contre-le-sporting-lisbonne\/#primaryimage"},"thumbnailUrl":"https:\/\/vieassociative.be\/actualites\/wp-content\/uploads\/2024\/12\/Ligue-des-Champions-le-FC-Bruges-se-rapproche-des.jpg","keywords":["Apr\u00e8s","Bruges","Champions","contre","Des","Ligue","Lisbonne","playoffs","rapproche","Sporting","une","victoire"],"articleSection":["Belgique"],"inLanguage":"fr-BE"},{"@type":"WebPage","@id":"https:\/\/vieassociative.be\/actualites\/ligue-des-champions-le-fc-bruges-se-rapproche-des-playoffs-apres-une-victoire-2-1-contre-le-sporting-lisbonne\/","url":"https:\/\/vieassociative.be\/actualites\/ligue-des-champions-le-fc-bruges-se-rapproche-des-playoffs-apres-une-victoire-2-1-contre-le-sporting-lisbonne\/","name":"Ligue des Champions : le FC Bruges se rapproche des playoffs apr\u00e8s une victoire 2-1 contre le Sporting Lisbonne | Vie Associative","isPartOf":{"@id":"https:\/\/vieassociative.be\/actualites\/#website"},"primaryImageOfPage":{"@id":"https:\/\/vieassociative.be\/actualites\/ligue-des-champions-le-fc-bruges-se-rapproche-des-playoffs-apres-une-victoire-2-1-contre-le-sporting-lisbonne\/#primaryimage"},"image":{"@id":"https:\/\/vieassociative.be\/actualites\/ligue-des-champions-le-fc-bruges-se-rapproche-des-playoffs-apres-une-victoire-2-1-contre-le-sporting-lisbonne\/#primaryimage"},"thumbnailUrl":"https:\/\/vieassociative.be\/actualites\/wp-content\/uploads\/2024\/12\/Ligue-des-Champions-le-FC-Bruges-se-rapproche-des.jpg","datePublished":"2024-12-11T02:17:44+00:00","dateModified":"2024-12-11T02:17:44+00:00","breadcrumb":{"@id":"https:\/\/vieassociative.be\/actualites\/ligue-des-champions-le-fc-bruges-se-rapproche-des-playoffs-apres-une-victoire-2-1-contre-le-sporting-lisbonne\/#breadcrumb"},"inLanguage":"fr-BE","potentialAction":[{"@type":"ReadAction","target":["https:\/\/vieassociative.be\/actualites\/ligue-des-champions-le-fc-bruges-se-rapproche-des-playoffs-apres-une-victoire-2-1-contre-le-sporting-lisbonne\/"]}]},{"@type":"ImageObject","inLanguage":"fr-BE","@id":"https:\/\/vieassociative.be\/actualites\/ligue-des-champions-le-fc-bruges-se-rapproche-des-playoffs-apres-une-victoire-2-1-contre-le-sporting-lisbonne\/#primaryimage","url":"https:\/\/vieassociative.be\/actualites\/wp-content\/uploads\/2024\/12\/Ligue-des-Champions-le-FC-Bruges-se-rapproche-des.jpg","contentUrl":"https:\/\/vieassociative.be\/actualites\/wp-content\/uploads\/2024\/12\/Ligue-des-Champions-le-FC-Bruges-se-rapproche-des.jpg","width":1200,"height":800,"caption":"Ligue des Champions : le FC Bruges se rapproche des playoffs apr\u00e8s une victoire 2-1 contre le Sporting Lisbonne"},{"@type":"BreadcrumbList","@id":"https:\/\/vieassociative.be\/actualites\/ligue-des-champions-le-fc-bruges-se-rapproche-des-playoffs-apres-une-victoire-2-1-contre-le-sporting-lisbonne\/#breadcrumb","itemListElement":[{"@type":"ListItem","position":1,"name":"Accueil","item":"https:\/\/vieassociative.be\/actualites\/"},{"@type":"ListItem","position":2,"name":"Ligue des Champions : le FC Bruges se rapproche des playoffs apr\u00e8s une victoire 2-1 contre le Sporting Lisbonne"}]},{"@type":"WebSite","@id":"https:\/\/vieassociative.be\/actualites\/#website","url":"https:\/\/vieassociative.be\/actualites\/","name":"Vie Associative","description":"","publisher":{"@id":"https:\/\/vieassociative.be\/actualites\/#organization"},"potentialAction":[{"@type":"SearchAction","target":{"@type":"EntryPoint","urlTemplate":"https:\/\/vieassociative.be\/actualites\/?s={search_term_string}"},"query-input":{"@type":"PropertyValueSpecification","valueRequired":true,"valueName":"search_term_string"}}],"inLanguage":"fr-BE"},{"@type":"Organization","@id":"https:\/\/vieassociative.be\/actualites\/#organization","name":"Vie Associative","url":"https:\/\/vieassociative.be\/actualites\/","logo":{"@type":"ImageObject","inLanguage":"fr-BE","@id":"https:\/\/vieassociative.be\/actualites\/#\/schema\/logo\/image\/","url":"https:\/\/vieassociative.be\/actualites\/wp-content\/uploads\/2024\/09\/cropped-vieassociative_favicon.ico.png","contentUrl":"https:\/\/vieassociative.be\/actualites\/wp-content\/uploads\/2024\/09\/cropped-vieassociative_favicon.ico.png","width":512,"height":512,"caption":"Vie Associative"},"image":{"@id":"https:\/\/vieassociative.be\/actualites\/#\/schema\/logo\/image\/"}},{"@type":"Person","@id":"https:\/\/vieassociative.be\/actualites\/#\/schema\/person\/b87ac4f82f9d4e7b7cec7395b679edc4","name":"Julien","image":{"@type":"ImageObject","inLanguage":"fr-BE","@id":"https:\/\/vieassociative.be\/actualites\/#\/schema\/person\/image\/","url":"https:\/\/vieassociative.be\/actualites\/wp-content\/uploads\/2024\/09\/vie-associative-1-150x150.jpg","contentUrl":"https:\/\/vieassociative.be\/actualites\/wp-content\/uploads\/2024\/09\/vie-associative-1-150x150.jpg","caption":"Julien"},"description":"Je suis Julien, r\u00e9dacteur pour Vie Associative. Passionn\u00e9 par le monde associatif depuis plus de 10 ans, j'ai \u00e0 c\u0153ur de partager des histoires inspirantes et de mettre en lumi\u00e8re les initiatives locales. Mon objectif est de sensibiliser et d'encourager l'engagement communautaire \u00e0 travers mes articles.","sameAs":["https:\/\/vieassociative.be\/"]}]}},"_links":{"self":[{"href":"https:\/\/vieassociative.be\/actualites\/wp-json\/wp\/v2\/posts\/3274"}],"collection":[{"href":"https:\/\/vieassociative.be\/actualites\/wp-json\/wp\/v2\/posts"}],"about":[{"href":"https:\/\/vieassociative.be\/actualites\/wp-json\/wp\/v2\/types\/post"}],"author":[{"embeddable":true,"href":"https:\/\/vieassociative.be\/actualites\/wp-json\/wp\/v2\/users\/1"}],"replies":[{"embeddable":true,"href":"https:\/\/vieassociative.be\/actualites\/wp-json\/wp\/v2\/comments?post=3274"}],"version-history":[{"count":0,"href":"https:\/\/vieassociative.be\/actualites\/wp-json\/wp\/v2\/posts\/3274\/revisions"}],"wp:featuredmedia":[{"embeddable":true,"href":"https:\/\/vieassociative.be\/actualites\/wp-json\/wp\/v2\/media\/3275"}],"wp:attachment":[{"href":"https:\/\/vieassociative.be\/actualites\/wp-json\/wp\/v2\/media?parent=3274"}],"wp:term":[{"taxonomy":"category","embeddable":true,"href":"https:\/\/vieassociative.be\/actualites\/wp-json\/wp\/v2\/categories?post=3274"},{"taxonomy":"post_tag","embeddable":true,"href":"https:\/\/vieassociative.be\/actualites\/wp-json\/wp\/v2\/tags?post=3274"}],"curies":[{"name":"wp","href":"https:\/\/api.w.org\/{rel}","templated":true}]}}