{"id":3265,"date":"2024-12-10T21:18:41","date_gmt":"2024-12-10T20:18:41","guid":{"rendered":"https:\/\/vieassociative.be\/actualites\/les-enfants-de-la-princesse-delphine-fille-illegitime-dalbert-ii-ont-egalement-recu-le-nom-de-saxe-cobourg\/"},"modified":"2024-12-10T21:18:41","modified_gmt":"2024-12-10T20:18:41","slug":"les-enfants-de-la-princesse-delphine-fille-illegitime-dalbert-ii-ont-egalement-recu-le-nom-de-saxe-cobourg","status":"publish","type":"post","link":"https:\/\/vieassociative.be\/actualites\/les-enfants-de-la-princesse-delphine-fille-illegitime-dalbert-ii-ont-egalement-recu-le-nom-de-saxe-cobourg\/","title":{"rendered":"Les enfants de la princesse Delphine, fille ill\u00e9gitime d&rsquo;Albert II, ont \u00e9galement re\u00e7u le nom de Saxe-Cobourg"},"content":{"rendered":"<p><strong>Depuis 2020, Delphine Bo\u00ebl, la fille ill\u00e9gitime du roi Albert II, peut se faire appeler Delphine de Saxe-Cobourg. Cela a \u00e9galement des cons\u00e9quences pour les enfants de cet homme aujourd&rsquo;hui \u00e2g\u00e9 de 56 ans.<\/strong><\/p>\n<p><span id=\"more-403796\"><\/span>La justice belge a confirm\u00e9 il y a quatre ans que Delphine \u00e9tait bien la fille biologique du roi Albert II. C&rsquo;est pourquoi elle choisit le nom royal de Saxe-Cobourg plut\u00f4t que celui de son p\u00e8re l\u00e9gal, Jacques Bo\u00ebl.<\/p>\n<p>Mardi, Sudinfo a rapport\u00e9 que les enfants de la princesse Delphine avaient \u00e9galement l\u00e9g\u00e8rement chang\u00e9 de nom. Jos\u00e9phine (21 ans) et Oscar (16 ans) devraient d\u00e9sormais s&rsquo;appeler O&rsquo;Hare &#8211; de Saxe Cobourg (c&rsquo;est-\u00e0-dire O&rsquo;Hare &#8211; de Saxe-Cobourg).<\/p>\n<div id=\"attachment_330531\" class=\"wp-caption alignleft\" style=\"max-width: 300px\"><img fetchpriority=\"high\" decoding=\"async\" class=\"wp-image-330531 size-medium\" src=\"https:\/\/vieassociative.be\/actualites\/wp-content\/uploads\/2024\/12\/Les-enfants-de-la-princesse-Delphine-fille-illegitime-dAlbert-II.jpeg\" alt=\"\" width=\"300\" height=\"227\"><\/p>\n<p class=\"wp-caption-text\">10 septembre 2022, Belgique, Bruxelles : la princesse Delphine et son mari Jim O&rsquo;Hare. Photo : Piscine Philippe Reynaers\/BELGA\/dpa<\/p>\n<\/div>\n<p>Alors que le double nom d&rsquo;Oscar a d\u00e9j\u00e0 \u00e9t\u00e9 valid\u00e9 au Moniteur belge, pour sa s\u0153ur a\u00een\u00e9e Jos\u00e9phine ce n&rsquo;est qu&rsquo;une question de temps. Jim O&rsquo;Hare est le mari de Delphine et le p\u00e8re de Jos\u00e9phine et Oscar.<\/p>\n<p>En 2013, l&rsquo;artiste Delphine Bo\u00ebl saisit la justice et saisit toutes les juridictions pour prouver que le roi Albert II \u00e9tait son p\u00e8re biologique. Selon son r\u00e9cit, sa m\u00e8re et Albert ont eu une longue liaison il y a plusieurs d\u00e9cennies, ce qu&rsquo;Albert a toujours ni\u00e9.<\/p>\n<p>Seul un test de paternit\u00e9 impos\u00e9 par le tribunal a persuad\u00e9 l\u2019ex-monarque de c\u00e9der. En janvier 2020, il a finalement admis sa paternit\u00e9.<\/p>\n<p>D\u00e9but octobre 2020, la cour d&rsquo;appel de Bruxelles a finalement donn\u00e9 raison \u00e0 la femme aujourd&rsquo;hui \u00e2g\u00e9e de 55 ans : depuis, Delphine est officiellement princesse de Belgique. <\/p>\n<p>La Belgique a obtenu son ind\u00e9pendance en 1830 et est devenue une monarchie en 1831. L\u00e9opold Ier, prince de Saxe-Cobourg-Gotha, pr\u00eate serment en tant que premier roi des Belges le 21 juillet 1831. (cr\u00e9er)<\/p>\n","protected":false},"excerpt":{"rendered":"<p>Depuis 2020, Delphine Bo\u00ebl, la fille ill\u00e9gitime du roi Albert II, peut se faire appeler Delphine de Saxe-Cobourg. Cela a \u00e9galement des cons\u00e9quences pour les<\/p>\n","protected":false},"author":1,"featured_media":3266,"comment_status":"","ping_status":"","sticky":false,"template":"","format":"standard","meta":{"footnotes":""},"categories":[298],"tags":[3919,3916,172,324,3917,3918,14,3921,1374,3915,3920,3922],"class_list":["post-3265","post","type-post","status-publish","format-standard","has-post-thumbnail","hentry","category-belgique","tag-dalbert","tag-delphine","tag-egalement","tag-enfants","tag-fille","tag-illegitime","tag-les","tag-nom","tag-ont","tag-princesse","tag-recu","tag-saxecobourg","generate-columns","tablet-grid-50","mobile-grid-100","grid-parent","grid-33"],"yoast_head":"<!-- This site is optimized with the Yoast SEO plugin v24.0 - https:\/\/yoast.com\/wordpress\/plugins\/seo\/ -->\n<title>Les enfants de la princesse Delphine, fille ill\u00e9gitime d&#039;Albert II, ont \u00e9galement re\u00e7u le nom de Saxe-Cobourg | Vie Associative<\/title>\n<meta name=\"robots\" content=\"index, follow, max-snippet:-1, max-image-preview:large, max-video-preview:-1\" \/>\n<link rel=\"canonical\" href=\"https:\/\/vieassociative.be\/actualites\/les-enfants-de-la-princesse-delphine-fille-illegitime-dalbert-ii-ont-egalement-recu-le-nom-de-saxe-cobourg\/\" \/>\n<meta property=\"og:locale\" content=\"fr_FR\" \/>\n<meta property=\"og:type\" content=\"article\" \/>\n<meta property=\"og:title\" content=\"Les enfants de la princesse Delphine, fille ill\u00e9gitime d&#039;Albert II, ont \u00e9galement re\u00e7u le nom de Saxe-Cobourg | Vie Associative\" \/>\n<meta property=\"og:description\" content=\"Depuis 2020, Delphine Bo\u00ebl, la fille ill\u00e9gitime du roi Albert II, peut se faire appeler Delphine de Saxe-Cobourg. Cela a \u00e9galement des cons\u00e9quences pour les\" \/>\n<meta property=\"og:url\" content=\"https:\/\/vieassociative.be\/actualites\/les-enfants-de-la-princesse-delphine-fille-illegitime-dalbert-ii-ont-egalement-recu-le-nom-de-saxe-cobourg\/\" \/>\n<meta property=\"og:site_name\" content=\"Vie Associative\" \/>\n<meta property=\"article:published_time\" content=\"2024-12-10T20:18:41+00:00\" \/>\n<meta property=\"og:image\" content=\"https:\/\/vieassociative.be\/actualites\/wp-content\/uploads\/2024\/09\/header_backgroundk-01-e1726694325946.png\" \/>\n\t<meta property=\"og:image:width\" content=\"279\" \/>\n\t<meta property=\"og:image:height\" content=\"92\" \/>\n\t<meta property=\"og:image:type\" content=\"image\/png\" \/>\n<meta name=\"author\" content=\"Julien\" \/>\n<meta name=\"twitter:card\" content=\"summary_large_image\" \/>\n<meta name=\"twitter:label1\" content=\"\u00c9crit par\" \/>\n\t<meta name=\"twitter:data1\" content=\"Julien\" \/>\n\t<meta name=\"twitter:label2\" content=\"Dur\u00e9e de lecture est.\" \/>\n\t<meta name=\"twitter:data2\" content=\"2 minutes\" \/>\n<script type=\"application\/ld+json\" class=\"yoast-schema-graph\">{\"@context\":\"https:\/\/schema.org\",\"@graph\":[{\"@type\":\"Article\",\"@id\":\"https:\/\/vieassociative.be\/actualites\/les-enfants-de-la-princesse-delphine-fille-illegitime-dalbert-ii-ont-egalement-recu-le-nom-de-saxe-cobourg\/#article\",\"isPartOf\":{\"@id\":\"https:\/\/vieassociative.be\/actualites\/les-enfants-de-la-princesse-delphine-fille-illegitime-dalbert-ii-ont-egalement-recu-le-nom-de-saxe-cobourg\/\"},\"author\":{\"name\":\"Julien\",\"@id\":\"https:\/\/vieassociative.be\/actualites\/#\/schema\/person\/b87ac4f82f9d4e7b7cec7395b679edc4\"},\"headline\":\"Les enfants de la princesse Delphine, fille ill\u00e9gitime d&rsquo;Albert II, ont \u00e9galement re\u00e7u le nom de Saxe-Cobourg\",\"datePublished\":\"2024-12-10T20:18:41+00:00\",\"dateModified\":\"2024-12-10T20:18:41+00:00\",\"mainEntityOfPage\":{\"@id\":\"https:\/\/vieassociative.be\/actualites\/les-enfants-de-la-princesse-delphine-fille-illegitime-dalbert-ii-ont-egalement-recu-le-nom-de-saxe-cobourg\/\"},\"wordCount\":349,\"publisher\":{\"@id\":\"https:\/\/vieassociative.be\/actualites\/#organization\"},\"image\":{\"@id\":\"https:\/\/vieassociative.be\/actualites\/les-enfants-de-la-princesse-delphine-fille-illegitime-dalbert-ii-ont-egalement-recu-le-nom-de-saxe-cobourg\/#primaryimage\"},\"thumbnailUrl\":\"https:\/\/vieassociative.be\/actualites\/wp-content\/uploads\/2024\/12\/1733861921_Les-enfants-de-la-princesse-Delphine-fille-illegitime-dAlbert-II.jpeg\",\"keywords\":[\"dAlbert\",\"Delphine\",\"\u00e9galement\",\"enfants\",\"fille\",\"ill\u00e9gitime\",\"Les\",\"nom\",\"ont\",\"princesse\",\"re\u00e7u\",\"SaxeCobourg\"],\"articleSection\":[\"Belgique\"],\"inLanguage\":\"fr-BE\"},{\"@type\":\"WebPage\",\"@id\":\"https:\/\/vieassociative.be\/actualites\/les-enfants-de-la-princesse-delphine-fille-illegitime-dalbert-ii-ont-egalement-recu-le-nom-de-saxe-cobourg\/\",\"url\":\"https:\/\/vieassociative.be\/actualites\/les-enfants-de-la-princesse-delphine-fille-illegitime-dalbert-ii-ont-egalement-recu-le-nom-de-saxe-cobourg\/\",\"name\":\"Les enfants de la princesse Delphine, fille ill\u00e9gitime d'Albert II, ont \u00e9galement re\u00e7u le nom de Saxe-Cobourg | Vie Associative\",\"isPartOf\":{\"@id\":\"https:\/\/vieassociative.be\/actualites\/#website\"},\"primaryImageOfPage\":{\"@id\":\"https:\/\/vieassociative.be\/actualites\/les-enfants-de-la-princesse-delphine-fille-illegitime-dalbert-ii-ont-egalement-recu-le-nom-de-saxe-cobourg\/#primaryimage\"},\"image\":{\"@id\":\"https:\/\/vieassociative.be\/actualites\/les-enfants-de-la-princesse-delphine-fille-illegitime-dalbert-ii-ont-egalement-recu-le-nom-de-saxe-cobourg\/#primaryimage\"},\"thumbnailUrl\":\"https:\/\/vieassociative.be\/actualites\/wp-content\/uploads\/2024\/12\/1733861921_Les-enfants-de-la-princesse-Delphine-fille-illegitime-dAlbert-II.jpeg\",\"datePublished\":\"2024-12-10T20:18:41+00:00\",\"dateModified\":\"2024-12-10T20:18:41+00:00\",\"breadcrumb\":{\"@id\":\"https:\/\/vieassociative.be\/actualites\/les-enfants-de-la-princesse-delphine-fille-illegitime-dalbert-ii-ont-egalement-recu-le-nom-de-saxe-cobourg\/#breadcrumb\"},\"inLanguage\":\"fr-BE\",\"potentialAction\":[{\"@type\":\"ReadAction\",\"target\":[\"https:\/\/vieassociative.be\/actualites\/les-enfants-de-la-princesse-delphine-fille-illegitime-dalbert-ii-ont-egalement-recu-le-nom-de-saxe-cobourg\/\"]}]},{\"@type\":\"ImageObject\",\"inLanguage\":\"fr-BE\",\"@id\":\"https:\/\/vieassociative.be\/actualites\/les-enfants-de-la-princesse-delphine-fille-illegitime-dalbert-ii-ont-egalement-recu-le-nom-de-saxe-cobourg\/#primaryimage\",\"url\":\"https:\/\/vieassociative.be\/actualites\/wp-content\/uploads\/2024\/12\/1733861921_Les-enfants-de-la-princesse-Delphine-fille-illegitime-dAlbert-II.jpeg\",\"contentUrl\":\"https:\/\/vieassociative.be\/actualites\/wp-content\/uploads\/2024\/12\/1733861921_Les-enfants-de-la-princesse-Delphine-fille-illegitime-dAlbert-II.jpeg\",\"width\":1200,\"height\":800,\"caption\":\"Les enfants de la princesse Delphine, fille ill\u00e9gitime d'Albert II, ont \u00e9galement re\u00e7u le nom de Saxe-Cobourg\"},{\"@type\":\"BreadcrumbList\",\"@id\":\"https:\/\/vieassociative.be\/actualites\/les-enfants-de-la-princesse-delphine-fille-illegitime-dalbert-ii-ont-egalement-recu-le-nom-de-saxe-cobourg\/#breadcrumb\",\"itemListElement\":[{\"@type\":\"ListItem\",\"position\":1,\"name\":\"Accueil\",\"item\":\"https:\/\/vieassociative.be\/actualites\/\"},{\"@type\":\"ListItem\",\"position\":2,\"name\":\"Les enfants de la princesse Delphine, fille ill\u00e9gitime d&rsquo;Albert II, ont \u00e9galement re\u00e7u le nom de Saxe-Cobourg\"}]},{\"@type\":\"WebSite\",\"@id\":\"https:\/\/vieassociative.be\/actualites\/#website\",\"url\":\"https:\/\/vieassociative.be\/actualites\/\",\"name\":\"Vie Associative\",\"description\":\"\",\"publisher\":{\"@id\":\"https:\/\/vieassociative.be\/actualites\/#organization\"},\"potentialAction\":[{\"@type\":\"SearchAction\",\"target\":{\"@type\":\"EntryPoint\",\"urlTemplate\":\"https:\/\/vieassociative.be\/actualites\/?s={search_term_string}\"},\"query-input\":{\"@type\":\"PropertyValueSpecification\",\"valueRequired\":true,\"valueName\":\"search_term_string\"}}],\"inLanguage\":\"fr-BE\"},{\"@type\":\"Organization\",\"@id\":\"https:\/\/vieassociative.be\/actualites\/#organization\",\"name\":\"Vie Associative\",\"url\":\"https:\/\/vieassociative.be\/actualites\/\",\"logo\":{\"@type\":\"ImageObject\",\"inLanguage\":\"fr-BE\",\"@id\":\"https:\/\/vieassociative.be\/actualites\/#\/schema\/logo\/image\/\",\"url\":\"https:\/\/vieassociative.be\/actualites\/wp-content\/uploads\/2024\/09\/cropped-vieassociative_favicon.ico.png\",\"contentUrl\":\"https:\/\/vieassociative.be\/actualites\/wp-content\/uploads\/2024\/09\/cropped-vieassociative_favicon.ico.png\",\"width\":512,\"height\":512,\"caption\":\"Vie Associative\"},\"image\":{\"@id\":\"https:\/\/vieassociative.be\/actualites\/#\/schema\/logo\/image\/\"}},{\"@type\":\"Person\",\"@id\":\"https:\/\/vieassociative.be\/actualites\/#\/schema\/person\/b87ac4f82f9d4e7b7cec7395b679edc4\",\"name\":\"Julien\",\"image\":{\"@type\":\"ImageObject\",\"inLanguage\":\"fr-BE\",\"@id\":\"https:\/\/vieassociative.be\/actualites\/#\/schema\/person\/image\/\",\"url\":\"https:\/\/vieassociative.be\/actualites\/wp-content\/uploads\/2024\/09\/vie-associative-1-150x150.jpg\",\"contentUrl\":\"https:\/\/vieassociative.be\/actualites\/wp-content\/uploads\/2024\/09\/vie-associative-1-150x150.jpg\",\"caption\":\"Julien\"},\"description\":\"Je suis Julien, r\u00e9dacteur pour Vie Associative. Passionn\u00e9 par le monde associatif depuis plus de 10 ans, j'ai \u00e0 c\u0153ur de partager des histoires inspirantes et de mettre en lumi\u00e8re les initiatives locales. Mon objectif est de sensibiliser et d'encourager l'engagement communautaire \u00e0 travers mes articles.\",\"sameAs\":[\"https:\/\/vieassociative.be\/\"]}]}<\/script>\n<!-- \/ Yoast SEO plugin. -->","yoast_head_json":{"title":"Les enfants de la princesse Delphine, fille ill\u00e9gitime d'Albert II, ont \u00e9galement re\u00e7u le nom de Saxe-Cobourg | Vie Associative","robots":{"index":"index","follow":"follow","max-snippet":"max-snippet:-1","max-image-preview":"max-image-preview:large","max-video-preview":"max-video-preview:-1"},"canonical":"https:\/\/vieassociative.be\/actualites\/les-enfants-de-la-princesse-delphine-fille-illegitime-dalbert-ii-ont-egalement-recu-le-nom-de-saxe-cobourg\/","og_locale":"fr_FR","og_type":"article","og_title":"Les enfants de la princesse Delphine, fille ill\u00e9gitime d'Albert II, ont \u00e9galement re\u00e7u le nom de Saxe-Cobourg | Vie Associative","og_description":"Depuis 2020, Delphine Bo\u00ebl, la fille ill\u00e9gitime du roi Albert II, peut se faire appeler Delphine de Saxe-Cobourg. Cela a \u00e9galement des cons\u00e9quences pour les","og_url":"https:\/\/vieassociative.be\/actualites\/les-enfants-de-la-princesse-delphine-fille-illegitime-dalbert-ii-ont-egalement-recu-le-nom-de-saxe-cobourg\/","og_site_name":"Vie Associative","article_published_time":"2024-12-10T20:18:41+00:00","og_image":[{"width":279,"height":92,"url":"https:\/\/vieassociative.be\/actualites\/wp-content\/uploads\/2024\/09\/header_backgroundk-01-e1726694325946.png","type":"image\/png"}],"author":"Julien","twitter_card":"summary_large_image","twitter_misc":{"\u00c9crit par":"Julien","Dur\u00e9e de lecture est.":"2 minutes"},"schema":{"@context":"https:\/\/schema.org","@graph":[{"@type":"Article","@id":"https:\/\/vieassociative.be\/actualites\/les-enfants-de-la-princesse-delphine-fille-illegitime-dalbert-ii-ont-egalement-recu-le-nom-de-saxe-cobourg\/#article","isPartOf":{"@id":"https:\/\/vieassociative.be\/actualites\/les-enfants-de-la-princesse-delphine-fille-illegitime-dalbert-ii-ont-egalement-recu-le-nom-de-saxe-cobourg\/"},"author":{"name":"Julien","@id":"https:\/\/vieassociative.be\/actualites\/#\/schema\/person\/b87ac4f82f9d4e7b7cec7395b679edc4"},"headline":"Les enfants de la princesse Delphine, fille ill\u00e9gitime d&rsquo;Albert II, ont \u00e9galement re\u00e7u le nom de Saxe-Cobourg","datePublished":"2024-12-10T20:18:41+00:00","dateModified":"2024-12-10T20:18:41+00:00","mainEntityOfPage":{"@id":"https:\/\/vieassociative.be\/actualites\/les-enfants-de-la-princesse-delphine-fille-illegitime-dalbert-ii-ont-egalement-recu-le-nom-de-saxe-cobourg\/"},"wordCount":349,"publisher":{"@id":"https:\/\/vieassociative.be\/actualites\/#organization"},"image":{"@id":"https:\/\/vieassociative.be\/actualites\/les-enfants-de-la-princesse-delphine-fille-illegitime-dalbert-ii-ont-egalement-recu-le-nom-de-saxe-cobourg\/#primaryimage"},"thumbnailUrl":"https:\/\/vieassociative.be\/actualites\/wp-content\/uploads\/2024\/12\/1733861921_Les-enfants-de-la-princesse-Delphine-fille-illegitime-dAlbert-II.jpeg","keywords":["dAlbert","Delphine","\u00e9galement","enfants","fille","ill\u00e9gitime","Les","nom","ont","princesse","re\u00e7u","SaxeCobourg"],"articleSection":["Belgique"],"inLanguage":"fr-BE"},{"@type":"WebPage","@id":"https:\/\/vieassociative.be\/actualites\/les-enfants-de-la-princesse-delphine-fille-illegitime-dalbert-ii-ont-egalement-recu-le-nom-de-saxe-cobourg\/","url":"https:\/\/vieassociative.be\/actualites\/les-enfants-de-la-princesse-delphine-fille-illegitime-dalbert-ii-ont-egalement-recu-le-nom-de-saxe-cobourg\/","name":"Les enfants de la princesse Delphine, fille ill\u00e9gitime d'Albert II, ont \u00e9galement re\u00e7u le nom de Saxe-Cobourg | Vie Associative","isPartOf":{"@id":"https:\/\/vieassociative.be\/actualites\/#website"},"primaryImageOfPage":{"@id":"https:\/\/vieassociative.be\/actualites\/les-enfants-de-la-princesse-delphine-fille-illegitime-dalbert-ii-ont-egalement-recu-le-nom-de-saxe-cobourg\/#primaryimage"},"image":{"@id":"https:\/\/vieassociative.be\/actualites\/les-enfants-de-la-princesse-delphine-fille-illegitime-dalbert-ii-ont-egalement-recu-le-nom-de-saxe-cobourg\/#primaryimage"},"thumbnailUrl":"https:\/\/vieassociative.be\/actualites\/wp-content\/uploads\/2024\/12\/1733861921_Les-enfants-de-la-princesse-Delphine-fille-illegitime-dAlbert-II.jpeg","datePublished":"2024-12-10T20:18:41+00:00","dateModified":"2024-12-10T20:18:41+00:00","breadcrumb":{"@id":"https:\/\/vieassociative.be\/actualites\/les-enfants-de-la-princesse-delphine-fille-illegitime-dalbert-ii-ont-egalement-recu-le-nom-de-saxe-cobourg\/#breadcrumb"},"inLanguage":"fr-BE","potentialAction":[{"@type":"ReadAction","target":["https:\/\/vieassociative.be\/actualites\/les-enfants-de-la-princesse-delphine-fille-illegitime-dalbert-ii-ont-egalement-recu-le-nom-de-saxe-cobourg\/"]}]},{"@type":"ImageObject","inLanguage":"fr-BE","@id":"https:\/\/vieassociative.be\/actualites\/les-enfants-de-la-princesse-delphine-fille-illegitime-dalbert-ii-ont-egalement-recu-le-nom-de-saxe-cobourg\/#primaryimage","url":"https:\/\/vieassociative.be\/actualites\/wp-content\/uploads\/2024\/12\/1733861921_Les-enfants-de-la-princesse-Delphine-fille-illegitime-dAlbert-II.jpeg","contentUrl":"https:\/\/vieassociative.be\/actualites\/wp-content\/uploads\/2024\/12\/1733861921_Les-enfants-de-la-princesse-Delphine-fille-illegitime-dAlbert-II.jpeg","width":1200,"height":800,"caption":"Les enfants de la princesse Delphine, fille ill\u00e9gitime d'Albert II, ont \u00e9galement re\u00e7u le nom de Saxe-Cobourg"},{"@type":"BreadcrumbList","@id":"https:\/\/vieassociative.be\/actualites\/les-enfants-de-la-princesse-delphine-fille-illegitime-dalbert-ii-ont-egalement-recu-le-nom-de-saxe-cobourg\/#breadcrumb","itemListElement":[{"@type":"ListItem","position":1,"name":"Accueil","item":"https:\/\/vieassociative.be\/actualites\/"},{"@type":"ListItem","position":2,"name":"Les enfants de la princesse Delphine, fille ill\u00e9gitime d&rsquo;Albert II, ont \u00e9galement re\u00e7u le nom de Saxe-Cobourg"}]},{"@type":"WebSite","@id":"https:\/\/vieassociative.be\/actualites\/#website","url":"https:\/\/vieassociative.be\/actualites\/","name":"Vie Associative","description":"","publisher":{"@id":"https:\/\/vieassociative.be\/actualites\/#organization"},"potentialAction":[{"@type":"SearchAction","target":{"@type":"EntryPoint","urlTemplate":"https:\/\/vieassociative.be\/actualites\/?s={search_term_string}"},"query-input":{"@type":"PropertyValueSpecification","valueRequired":true,"valueName":"search_term_string"}}],"inLanguage":"fr-BE"},{"@type":"Organization","@id":"https:\/\/vieassociative.be\/actualites\/#organization","name":"Vie Associative","url":"https:\/\/vieassociative.be\/actualites\/","logo":{"@type":"ImageObject","inLanguage":"fr-BE","@id":"https:\/\/vieassociative.be\/actualites\/#\/schema\/logo\/image\/","url":"https:\/\/vieassociative.be\/actualites\/wp-content\/uploads\/2024\/09\/cropped-vieassociative_favicon.ico.png","contentUrl":"https:\/\/vieassociative.be\/actualites\/wp-content\/uploads\/2024\/09\/cropped-vieassociative_favicon.ico.png","width":512,"height":512,"caption":"Vie Associative"},"image":{"@id":"https:\/\/vieassociative.be\/actualites\/#\/schema\/logo\/image\/"}},{"@type":"Person","@id":"https:\/\/vieassociative.be\/actualites\/#\/schema\/person\/b87ac4f82f9d4e7b7cec7395b679edc4","name":"Julien","image":{"@type":"ImageObject","inLanguage":"fr-BE","@id":"https:\/\/vieassociative.be\/actualites\/#\/schema\/person\/image\/","url":"https:\/\/vieassociative.be\/actualites\/wp-content\/uploads\/2024\/09\/vie-associative-1-150x150.jpg","contentUrl":"https:\/\/vieassociative.be\/actualites\/wp-content\/uploads\/2024\/09\/vie-associative-1-150x150.jpg","caption":"Julien"},"description":"Je suis Julien, r\u00e9dacteur pour Vie Associative. Passionn\u00e9 par le monde associatif depuis plus de 10 ans, j'ai \u00e0 c\u0153ur de partager des histoires inspirantes et de mettre en lumi\u00e8re les initiatives locales. Mon objectif est de sensibiliser et d'encourager l'engagement communautaire \u00e0 travers mes articles.","sameAs":["https:\/\/vieassociative.be\/"]}]}},"_links":{"self":[{"href":"https:\/\/vieassociative.be\/actualites\/wp-json\/wp\/v2\/posts\/3265"}],"collection":[{"href":"https:\/\/vieassociative.be\/actualites\/wp-json\/wp\/v2\/posts"}],"about":[{"href":"https:\/\/vieassociative.be\/actualites\/wp-json\/wp\/v2\/types\/post"}],"author":[{"embeddable":true,"href":"https:\/\/vieassociative.be\/actualites\/wp-json\/wp\/v2\/users\/1"}],"replies":[{"embeddable":true,"href":"https:\/\/vieassociative.be\/actualites\/wp-json\/wp\/v2\/comments?post=3265"}],"version-history":[{"count":0,"href":"https:\/\/vieassociative.be\/actualites\/wp-json\/wp\/v2\/posts\/3265\/revisions"}],"wp:featuredmedia":[{"embeddable":true,"href":"https:\/\/vieassociative.be\/actualites\/wp-json\/wp\/v2\/media\/3266"}],"wp:attachment":[{"href":"https:\/\/vieassociative.be\/actualites\/wp-json\/wp\/v2\/media?parent=3265"}],"wp:term":[{"taxonomy":"category","embeddable":true,"href":"https:\/\/vieassociative.be\/actualites\/wp-json\/wp\/v2\/categories?post=3265"},{"taxonomy":"post_tag","embeddable":true,"href":"https:\/\/vieassociative.be\/actualites\/wp-json\/wp\/v2\/tags?post=3265"}],"curies":[{"name":"wp","href":"https:\/\/api.w.org\/{rel}","templated":true}]}}