{"id":3263,"date":"2024-12-10T20:17:26","date_gmt":"2024-12-10T19:17:26","guid":{"rendered":"https:\/\/vieassociative.be\/actualites\/mes-idees-cadeaux-preferees-pour-quelquun-qui-est-colle-a-son-ordinateur-portable-toute-la-journee\/"},"modified":"2024-12-10T20:17:26","modified_gmt":"2024-12-10T19:17:26","slug":"mes-idees-cadeaux-preferees-pour-quelquun-qui-est-colle-a-son-ordinateur-portable-toute-la-journee","status":"publish","type":"post","link":"https:\/\/vieassociative.be\/actualites\/mes-idees-cadeaux-preferees-pour-quelquun-qui-est-colle-a-son-ordinateur-portable-toute-la-journee\/","title":{"rendered":"Mes id\u00e9es cadeaux pr\u00e9f\u00e9r\u00e9es pour quelqu&rsquo;un qui est coll\u00e9 \u00e0 son ordinateur portable toute la journ\u00e9e"},"content":{"rendered":"<div class=\"mt-4 leading-6 md:mb-8\">Offrez-leur le cadeau de chaleur et de confort.<\/div>\n<p><\/p>\n<p>Comme beaucoup de gens, je passe \u00e9norm\u00e9ment de temps sur mon ordinateur. Il contient ma vie professionnelle, ma vie scolaire, ma vie personnelle ; la plupart du temps, l\u00e0 o\u00f9 je vais, mon ordinateur y va aussi. C&rsquo;est pourquoi je m&rsquo;efforce de rendre le temps que je passe \u00e0 l&rsquo;utiliser efficace et confortable. Si vous connaissez quelqu&rsquo;un comme \u00e7a \u2013 on pourrait le qualifier de \u00ab bourreau de travail \u00bb \u2013 j&rsquo;ai quelques id\u00e9es de cadeaux pour lui pour cette p\u00e9riode des f\u00eates.<\/p>\n<h2 id=\"best-gifts-to-make-computer-use-more-comfortable\">Meilleurs cadeaux pour rendre l&rsquo;utilisation de l&rsquo;ordinateur plus confortable <\/h2>\n<p>Abordons d\u2019abord le volet confort. Tout d\u2019abord, je recommande une housse de si\u00e8ge chauffante (49,99 $), qui non seulement vous r\u00e9chauffe, mais aide \u00e9galement \u00e0 d\u00e9tendre les muscles tendus. En fait, le r\u00e9chauffement est primordial. Essayez un prot\u00e8ge-poignet chauffant (24,95 $), un couvre-pied chauffant (31,99 $) ou un chauffe-tasse \u00e0 caf\u00e9 (7,99 $). Ils sont petits et portables, ils peuvent donc \u00eatre utilis\u00e9s au bureau ou \u00e0 la maison, et offrent un peu de confort et de d\u00e9tente qui sont essentiels \u00e0 toute personne attach\u00e9e \u00e0 une machine. <\/p>\n<p>J&rsquo;aime aussi les bureaux portables. J&rsquo;en ai achet\u00e9 un pour ma m\u00e8re l&rsquo;ann\u00e9e derni\u00e8re et elle l&rsquo;utilise tout le temps. Ce n\u2019est pas parce que votre destinataire doit travailler sur le canap\u00e9, en d\u00e9placement ou, au lit, qu\u2019il ne devrait pas pouvoir le faire confortablement. Un comme celui-ci (37,99 $) a tout pour plaire\u00a0: des tiroirs, des ports de chargement, une petite lampe et un porte-gobelet. <\/p>\n<div class=\"pogoClear mb-12 mt-10 rounded-md border-2 border-gray-100 py-7 shadow-xl md:py-6\">\n<div class=\"flex flex-wrap justify-between px-7 text-black no-underline md:flex-nowrap md:px-8\">\n<div class=\"order-1 mx-auto flex flex-col justify-center md:order-2 md:ml-4 md:w-full md:grow\">\n<div class=\"block cursor-pointer text-center font-akshar text-2xl font-medium leading-7 text-brand-green duration-200 ease-in-out hover:text-brand-green-700 md:text-left md:text-xl md:leading-6\">Bureau pliable pour ordinateur portable Zapuna\n                <\/div>\n<div class=\"mt-4 hidden md:flex md:justify-between\">\n<div class=\"self-end\">\n<div class=\"mb-0 h-11 md:flex md:flex-col md:justify-center\">\n<div class=\" font-sans leading-4 text-black\">\n<div class=\"flex flex-wrap items-center justify-center gap-x-1 md:justify-start\">\n        <span class=\"font-bold\"><\/p>\n<p>            37,99\u00a0$<br \/>\n                            <span class=\"font-medium\">chez Amazon<\/span><br \/>\n                    <\/span><br \/>\n                    <img decoding=\"async\" class=\"mt-0 h-(15px)\" src=\"https:\/\/vieassociative.be\/actualites\/wp-content\/uploads\/2024\/12\/Mes-idees-cadeaux-preferees-pour-quelquun-qui-est-colle-a.svg.svg+xml\" title=\"Amazon Premier\" alt=\"Amazon Premier\">\n            <\/div>\n<\/p><\/div>\n<\/p><\/div>\n<\/p><\/div>\n<div class=\"w-44 self-end\">\n                            <button class=\"flex justify-center items-center w-full bg-brand-green text-white text-base font-sans font-medium rounded-md hover:bg-brand-green-700 hover:cursor-pointer md:text-sm h-11\"><\/p>\n<p>    Achetez maintenant<br \/>\n<\/button>\n                        <\/div>\n<\/p><\/div>\n<\/p><\/div>\n<div class=\"order-2 mt-5 h-auto w-full md:order-1 md:mt-0 md:hidden\">\n<div class=\"flex aspect-video items-center justify-center\">\n                                            <img decoding=\"async\" class=\"m-0 max-h-full max-w-full rounded-md\" src=\"https:\/\/vieassociative.be\/actualites\/wp-content\/uploads\/2024\/12\/Mes-idees-cadeaux-preferees-pour-quelquun-qui-est-colle-a.jpg\" alt=\"Zapuno Bureau pour ordinateur portable, plateau pliable pour ordinateur portable avec 4 ports USB, tiroir de rangement et porte-gobelet, support de bureau pour plateau de lit, table debout portable pour lit, canap\u00e9, sol\" width=\"auto\" height=\"auto\" loading=\"lazy\">\n                                    <\/div>\n<\/p><\/div>\n<div class=\"order-2 ml-2 hidden w-32 shrink-0 items-center md:order-1 md:ml-0 md:flex\">\n<div class=\"flex aspect-video items-center justify-center\">\n                                            <img decoding=\"async\" class=\"m-0 max-h-full max-w-full rounded-md\" src=\"https:\/\/vieassociative.be\/actualites\/wp-content\/uploads\/2024\/12\/Mes-idees-cadeaux-preferees-pour-quelquun-qui-est-colle-a.jpg\" alt=\"Zapuno Bureau pour ordinateur portable, plateau pliable pour ordinateur portable avec 4 ports USB, tiroir de rangement et porte-gobelet, support de bureau pour plateau de lit, table debout portable pour lit, canap\u00e9, sol\" width=\"auto\" height=\"auto\" loading=\"lazy\">\n                                    <\/div>\n<\/p><\/div>\n<div class=\"order-3 flex grow flex-wrap md:hidden md:grow-0\">\n<div class=\"mt-4 w-full\">\n                        <button class=\"flex justify-center items-center w-full bg-brand-green text-white text-base font-sans font-medium rounded-md hover:bg-brand-green-700 hover:cursor-pointer md:text-sm h-11\"><\/p>\n<p>    Achetez maintenant<br \/>\n<\/button>\n                    <\/div>\n<div class=\"mx-2 mt-4 w-full\">\n<div class=\" font-sans leading-4 text-black\">\n<div class=\"flex flex-wrap items-center justify-center gap-x-1 md:justify-start\">\n        <span class=\"font-bold\"><\/p>\n<p>            37,99\u00a0$<br \/>\n                            <span class=\"font-medium\">chez Amazon<\/span><br \/>\n                    <\/span><br \/>\n                    <img decoding=\"async\" class=\"mt-0 h-(15px)\" src=\"https:\/\/vieassociative.be\/actualites\/wp-content\/uploads\/2024\/12\/Mes-idees-cadeaux-preferees-pour-quelquun-qui-est-colle-a.svg.svg+xml\" title=\"Amazon Premier\" alt=\"Amazon Premier\">\n            <\/div>\n<\/p><\/div>\n<\/p><\/div>\n<\/p><\/div>\n<\/p><\/div>\n<\/div>\n<p>J&rsquo;ai r\u00e9cemment re\u00e7u un tas de ces rallonges (15,99 $) dot\u00e9es de prises de courant traditionnelles, ainsi que de ports Lightning et USB, et les rendent accessibles \u00e0 cinq pieds de la prise murale. Je ne peux plus vivre sans eux. Ils gardent tous mes appareils \u00e0 port\u00e9e de main, facilitent le chargement de plusieurs objets \u00e0 la fois et viennent de r\u00e9volutionner globalement l\u2019organisation de ma vie. <\/p>\n<h2 id=\"best-gifts-to-make-laptop-work-more-efficient\">Meilleurs cadeaux pour rendre le travail sur ordinateur portable plus efficace<\/h2>\n<p>Un cadeau qui met l&rsquo;accent sur la fonctionnalit\u00e9 plut\u00f4t que sur le plaisir n&rsquo;est pas tr\u00e8s excitant, mais si votre destinataire est vraiment attach\u00e9 \u00e0 cet ordinateur portable tout le temps, il peut \u00eatre appr\u00e9ci\u00e9. Un pare-soleil pour ordinateur portable, par exemple, fait deux choses\u00a0: il permet \u00e0 votre destinataire de travailler dans un endroit lumineux (comme sur un banc de parc, pour profiter de l&rsquo;air frais dont il a tant besoin) et il emp\u00eache toute personne autour de lui de voler des secrets commerciaux sur son \u00e9cran. Essayez un pare-soleil et une pochette d&rsquo;intimit\u00e9 qui sert \u00e9galement de sac pour 79,99 $, ou un simple pare-soleil \u00e0 clipser pour 21,99 $.<\/p>\n<div class=\"pogoClear mb-12 mt-10 rounded-md border-2 border-gray-100 py-7 shadow-xl md:py-6\">\n<div class=\"flex flex-wrap justify-between px-7 text-black no-underline md:flex-nowrap md:px-8\">\n<div class=\"order-1 mx-auto flex flex-col justify-center md:order-2 md:ml-4 md:w-full md:grow\">\n<div class=\"block cursor-pointer text-center font-akshar text-2xl font-medium leading-7 text-brand-green duration-200 ease-in-out hover:text-brand-green-700 md:text-left md:text-xl md:leading-6\">Philbert Danish Design Pare-soleil pour ordinateur portable MacBook 13&Prime;\n                <\/div>\n<div class=\"mt-4 hidden md:flex md:justify-between\">\n<div class=\"self-end\">\n<div class=\"mb-0 h-11 md:flex md:flex-col md:justify-center\">\n<div class=\" font-sans leading-4 text-black\">\n<div class=\"flex flex-wrap items-center justify-center gap-x-1 md:justify-start\">\n        <span class=\"font-bold\"><\/p>\n<p>            79,99\u00a0$<br \/>\n                            <span class=\"font-medium\">chez Amazon<\/span><br \/>\n                    <\/span><br \/>\n                    <img decoding=\"async\" class=\"mt-0 h-(15px)\" src=\"https:\/\/vieassociative.be\/actualites\/wp-content\/uploads\/2024\/12\/Mes-idees-cadeaux-preferees-pour-quelquun-qui-est-colle-a.svg.svg+xml\" title=\"Amazon Premier\" alt=\"Amazon Premier\">\n            <\/div>\n<\/p><\/div>\n<\/p><\/div>\n<\/p><\/div>\n<div class=\"w-44 self-end\">\n                            <button class=\"flex justify-center items-center w-full bg-brand-green text-white text-base font-sans font-medium rounded-md hover:bg-brand-green-700 hover:cursor-pointer md:text-sm h-11\"><\/p>\n<p>    Apprendre encore plus<br \/>\n<\/button>\n                        <\/div>\n<\/p><\/div>\n<\/p><\/div>\n<div class=\"order-2 mt-5 h-auto w-full md:order-1 md:mt-0 md:hidden\">\n<div class=\"flex aspect-video items-center justify-center\">\n                                            <img decoding=\"async\" class=\"m-0 max-h-full max-w-full rounded-md\" src=\"https:\/\/vieassociative.be\/actualites\/wp-content\/uploads\/2024\/12\/1733858246_646_Mes-idees-cadeaux-preferees-pour-quelquun-qui-est-colle-a.jpg\" alt=\"Philbert Danish Design Housse pare-soleil pour ordinateur portable MacBook 13\" avec capuche int\u00e9gr\u00e9e | 4-en-1 : pare-soleil, confidentialit\u00e9, protection thermique, am\u00e9lioration du contraste | Fabriqu\u00e9 en chanvre et cuir v\u00e9g\u00e9talien - Noir\" width=\"auto\" height=\"auto\" loading=\"lazy\">\n                                    <\/div>\n<\/p><\/div>\n<div class=\"order-2 ml-2 hidden w-32 shrink-0 items-center md:order-1 md:ml-0 md:flex\">\n<div class=\"flex aspect-video items-center justify-center\">\n                                            <img decoding=\"async\" class=\"m-0 max-h-full max-w-full rounded-md\" src=\"https:\/\/vieassociative.be\/actualites\/wp-content\/uploads\/2024\/12\/1733858246_646_Mes-idees-cadeaux-preferees-pour-quelquun-qui-est-colle-a.jpg\" alt=\"Philbert Danish Design Housse pare-soleil pour ordinateur portable MacBook 13\" avec capuche int\u00e9gr\u00e9e | 4-en-1 : pare-soleil, confidentialit\u00e9, protection thermique, am\u00e9lioration du contraste | Fabriqu\u00e9 en chanvre et cuir v\u00e9g\u00e9talien - Noir\" width=\"auto\" height=\"auto\" loading=\"lazy\">\n                                    <\/div>\n<\/p><\/div>\n<div class=\"order-3 flex grow flex-wrap md:hidden md:grow-0\">\n<div class=\"mt-4 w-full\">\n                        <button class=\"flex justify-center items-center w-full bg-brand-green text-white text-base font-sans font-medium rounded-md hover:bg-brand-green-700 hover:cursor-pointer md:text-sm h-11\"><\/p>\n<p>    Apprendre encore plus<br \/>\n<\/button>\n                    <\/div>\n<div class=\"mx-2 mt-4 w-full\">\n<div class=\" font-sans leading-4 text-black\">\n<div class=\"flex flex-wrap items-center justify-center gap-x-1 md:justify-start\">\n        <span class=\"font-bold\"><\/p>\n<p>            79,99\u00a0$<br \/>\n                            <span class=\"font-medium\">chez Amazon<\/span><br \/>\n                    <\/span><br \/>\n                    <img decoding=\"async\" class=\"mt-0 h-(15px)\" src=\"https:\/\/vieassociative.be\/actualites\/wp-content\/uploads\/2024\/12\/Mes-idees-cadeaux-preferees-pour-quelquun-qui-est-colle-a.svg.svg+xml\" title=\"Amazon Premier\" alt=\"Amazon Premier\">\n            <\/div>\n<\/p><\/div>\n<\/p><\/div>\n<\/p><\/div>\n<\/p><\/div>\n<\/div>\n<p>Les chargeurs portables sont depuis longtemps indispensables pour nos t\u00e9l\u00e9phones, mais ils n&rsquo;ont souvent pas le punch (ou les bons accessoires) n\u00e9cessaires pour faire fonctionner un ordinateur. Le chargeur portable SinKeu de 24 000 mAh et 88,8 Wh (65,98 $), dot\u00e9 d&rsquo;une prise standard comme vous le voyez sur un mur, r\u00e9sout ce probl\u00e8me. Peut-\u00eatre que votre destinataire pourra enfin sortir de la maison pendant quelques minutes. <\/p>\n<p>Vous pouvez \u00e9galement leur procurer un support de t\u00e9l\u00e9phone bon march\u00e9 (9,99 $) qui leur permettra de voir plus facilement deux \u00e9crans \u00e0 la fois. Il se fixe \u00e0 l\u2019arri\u00e8re du couvercle de l\u2019ordinateur portable, maintenant le t\u00e9l\u00e9phone sur le c\u00f4t\u00e9, et est id\u00e9al pour tous ceux qui utilisent la technologie \u00e0 double usage toute la journ\u00e9e. <\/p>\n","protected":false},"excerpt":{"rendered":"<p>Offrez-leur le cadeau de chaleur et de confort. Comme beaucoup de gens, je passe \u00e9norm\u00e9ment de temps sur mon ordinateur. Il contient ma vie professionnelle,<\/p>\n","protected":false},"author":1,"featured_media":3264,"comment_status":"","ping_status":"","sticky":false,"template":"","format":"standard","meta":{"footnotes":""},"categories":[13],"tags":[88,3914,76,848,2877,87,169,170,81,116,326,99,800,150],"class_list":["post-3263","post","type-post","status-publish","format-standard","has-post-thumbnail","hentry","category-technologie","tag-cadeaux","tag-colle","tag-est","tag-idees","tag-journee","tag-mes","tag-ordinateur","tag-portable","tag-pour","tag-preferees","tag-quelquun","tag-qui","tag-son","tag-toute","generate-columns","tablet-grid-50","mobile-grid-100","grid-parent","grid-33"],"yoast_head":"<!-- This site is optimized with the Yoast SEO plugin v24.0 - https:\/\/yoast.com\/wordpress\/plugins\/seo\/ -->\n<title>Mes id\u00e9es cadeaux pr\u00e9f\u00e9r\u00e9es pour quelqu&#039;un qui est coll\u00e9 \u00e0 son ordinateur portable toute la journ\u00e9e | Vie Associative<\/title>\n<meta name=\"robots\" content=\"index, follow, max-snippet:-1, max-image-preview:large, max-video-preview:-1\" \/>\n<link rel=\"canonical\" href=\"https:\/\/vieassociative.be\/actualites\/mes-idees-cadeaux-preferees-pour-quelquun-qui-est-colle-a-son-ordinateur-portable-toute-la-journee\/\" \/>\n<meta property=\"og:locale\" content=\"fr_FR\" \/>\n<meta property=\"og:type\" content=\"article\" \/>\n<meta property=\"og:title\" content=\"Mes id\u00e9es cadeaux pr\u00e9f\u00e9r\u00e9es pour quelqu&#039;un qui est coll\u00e9 \u00e0 son ordinateur portable toute la journ\u00e9e | Vie Associative\" \/>\n<meta property=\"og:description\" content=\"Offrez-leur le cadeau de chaleur et de confort. Comme beaucoup de gens, je passe \u00e9norm\u00e9ment de temps sur mon ordinateur. Il contient ma vie professionnelle,\" \/>\n<meta property=\"og:url\" content=\"https:\/\/vieassociative.be\/actualites\/mes-idees-cadeaux-preferees-pour-quelquun-qui-est-colle-a-son-ordinateur-portable-toute-la-journee\/\" \/>\n<meta property=\"og:site_name\" content=\"Vie Associative\" \/>\n<meta property=\"article:published_time\" content=\"2024-12-10T19:17:26+00:00\" \/>\n<meta property=\"og:image\" content=\"https:\/\/vieassociative.be\/actualites\/wp-content\/uploads\/2024\/12\/Mes-idees-cadeaux-preferees-pour-quelquun-qui-est-colle-a.svg.svg+xml\" \/>\n<meta name=\"author\" content=\"Julien\" \/>\n<meta name=\"twitter:card\" content=\"summary_large_image\" \/>\n<meta name=\"twitter:label1\" content=\"\u00c9crit par\" \/>\n\t<meta name=\"twitter:data1\" content=\"Julien\" \/>\n\t<meta name=\"twitter:label2\" content=\"Dur\u00e9e de lecture est.\" \/>\n\t<meta name=\"twitter:data2\" content=\"3 minutes\" \/>\n<script type=\"application\/ld+json\" class=\"yoast-schema-graph\">{\"@context\":\"https:\/\/schema.org\",\"@graph\":[{\"@type\":\"Article\",\"@id\":\"https:\/\/vieassociative.be\/actualites\/mes-idees-cadeaux-preferees-pour-quelquun-qui-est-colle-a-son-ordinateur-portable-toute-la-journee\/#article\",\"isPartOf\":{\"@id\":\"https:\/\/vieassociative.be\/actualites\/mes-idees-cadeaux-preferees-pour-quelquun-qui-est-colle-a-son-ordinateur-portable-toute-la-journee\/\"},\"author\":{\"name\":\"Julien\",\"@id\":\"https:\/\/vieassociative.be\/actualites\/#\/schema\/person\/b87ac4f82f9d4e7b7cec7395b679edc4\"},\"headline\":\"Mes id\u00e9es cadeaux pr\u00e9f\u00e9r\u00e9es pour quelqu&rsquo;un qui est coll\u00e9 \u00e0 son ordinateur portable toute la journ\u00e9e\",\"datePublished\":\"2024-12-10T19:17:26+00:00\",\"dateModified\":\"2024-12-10T19:17:26+00:00\",\"mainEntityOfPage\":{\"@id\":\"https:\/\/vieassociative.be\/actualites\/mes-idees-cadeaux-preferees-pour-quelquun-qui-est-colle-a-son-ordinateur-portable-toute-la-journee\/\"},\"wordCount\":643,\"publisher\":{\"@id\":\"https:\/\/vieassociative.be\/actualites\/#organization\"},\"image\":{\"@id\":\"https:\/\/vieassociative.be\/actualites\/mes-idees-cadeaux-preferees-pour-quelquun-qui-est-colle-a-son-ordinateur-portable-toute-la-journee\/#primaryimage\"},\"thumbnailUrl\":\"https:\/\/vieassociative.be\/actualites\/wp-content\/uploads\/2024\/12\/Mes-idees-cadeaux-preferees-pour-quelquun-qui-est-colle-a.png\",\"keywords\":[\"cadeaux\",\"coll\u00e9\",\"est\",\"id\u00e9es\",\"journ\u00e9e\",\"Mes\",\"ordinateur\",\"portable\",\"pour\",\"pr\u00e9f\u00e9r\u00e9es\",\"quelquun\",\"qui\",\"son\",\"toute\"],\"articleSection\":[\"Technologie\"],\"inLanguage\":\"fr-BE\"},{\"@type\":\"WebPage\",\"@id\":\"https:\/\/vieassociative.be\/actualites\/mes-idees-cadeaux-preferees-pour-quelquun-qui-est-colle-a-son-ordinateur-portable-toute-la-journee\/\",\"url\":\"https:\/\/vieassociative.be\/actualites\/mes-idees-cadeaux-preferees-pour-quelquun-qui-est-colle-a-son-ordinateur-portable-toute-la-journee\/\",\"name\":\"Mes id\u00e9es cadeaux pr\u00e9f\u00e9r\u00e9es pour quelqu'un qui est coll\u00e9 \u00e0 son ordinateur portable toute la journ\u00e9e | Vie Associative\",\"isPartOf\":{\"@id\":\"https:\/\/vieassociative.be\/actualites\/#website\"},\"primaryImageOfPage\":{\"@id\":\"https:\/\/vieassociative.be\/actualites\/mes-idees-cadeaux-preferees-pour-quelquun-qui-est-colle-a-son-ordinateur-portable-toute-la-journee\/#primaryimage\"},\"image\":{\"@id\":\"https:\/\/vieassociative.be\/actualites\/mes-idees-cadeaux-preferees-pour-quelquun-qui-est-colle-a-son-ordinateur-portable-toute-la-journee\/#primaryimage\"},\"thumbnailUrl\":\"https:\/\/vieassociative.be\/actualites\/wp-content\/uploads\/2024\/12\/Mes-idees-cadeaux-preferees-pour-quelquun-qui-est-colle-a.png\",\"datePublished\":\"2024-12-10T19:17:26+00:00\",\"dateModified\":\"2024-12-10T19:17:26+00:00\",\"breadcrumb\":{\"@id\":\"https:\/\/vieassociative.be\/actualites\/mes-idees-cadeaux-preferees-pour-quelquun-qui-est-colle-a-son-ordinateur-portable-toute-la-journee\/#breadcrumb\"},\"inLanguage\":\"fr-BE\",\"potentialAction\":[{\"@type\":\"ReadAction\",\"target\":[\"https:\/\/vieassociative.be\/actualites\/mes-idees-cadeaux-preferees-pour-quelquun-qui-est-colle-a-son-ordinateur-portable-toute-la-journee\/\"]}]},{\"@type\":\"ImageObject\",\"inLanguage\":\"fr-BE\",\"@id\":\"https:\/\/vieassociative.be\/actualites\/mes-idees-cadeaux-preferees-pour-quelquun-qui-est-colle-a-son-ordinateur-portable-toute-la-journee\/#primaryimage\",\"url\":\"https:\/\/vieassociative.be\/actualites\/wp-content\/uploads\/2024\/12\/Mes-idees-cadeaux-preferees-pour-quelquun-qui-est-colle-a.png\",\"contentUrl\":\"https:\/\/vieassociative.be\/actualites\/wp-content\/uploads\/2024\/12\/Mes-idees-cadeaux-preferees-pour-quelquun-qui-est-colle-a.png\",\"width\":1200,\"height\":675,\"caption\":\"Mes id\u00e9es cadeaux pr\u00e9f\u00e9r\u00e9es pour quelqu'un qui est coll\u00e9 \u00e0 son ordinateur portable toute la journ\u00e9e\"},{\"@type\":\"BreadcrumbList\",\"@id\":\"https:\/\/vieassociative.be\/actualites\/mes-idees-cadeaux-preferees-pour-quelquun-qui-est-colle-a-son-ordinateur-portable-toute-la-journee\/#breadcrumb\",\"itemListElement\":[{\"@type\":\"ListItem\",\"position\":1,\"name\":\"Accueil\",\"item\":\"https:\/\/vieassociative.be\/actualites\/\"},{\"@type\":\"ListItem\",\"position\":2,\"name\":\"Mes id\u00e9es cadeaux pr\u00e9f\u00e9r\u00e9es pour quelqu&rsquo;un qui est coll\u00e9 \u00e0 son ordinateur portable toute la journ\u00e9e\"}]},{\"@type\":\"WebSite\",\"@id\":\"https:\/\/vieassociative.be\/actualites\/#website\",\"url\":\"https:\/\/vieassociative.be\/actualites\/\",\"name\":\"Vie Associative\",\"description\":\"\",\"publisher\":{\"@id\":\"https:\/\/vieassociative.be\/actualites\/#organization\"},\"potentialAction\":[{\"@type\":\"SearchAction\",\"target\":{\"@type\":\"EntryPoint\",\"urlTemplate\":\"https:\/\/vieassociative.be\/actualites\/?s={search_term_string}\"},\"query-input\":{\"@type\":\"PropertyValueSpecification\",\"valueRequired\":true,\"valueName\":\"search_term_string\"}}],\"inLanguage\":\"fr-BE\"},{\"@type\":\"Organization\",\"@id\":\"https:\/\/vieassociative.be\/actualites\/#organization\",\"name\":\"Vie Associative\",\"url\":\"https:\/\/vieassociative.be\/actualites\/\",\"logo\":{\"@type\":\"ImageObject\",\"inLanguage\":\"fr-BE\",\"@id\":\"https:\/\/vieassociative.be\/actualites\/#\/schema\/logo\/image\/\",\"url\":\"https:\/\/vieassociative.be\/actualites\/wp-content\/uploads\/2024\/09\/cropped-vieassociative_favicon.ico.png\",\"contentUrl\":\"https:\/\/vieassociative.be\/actualites\/wp-content\/uploads\/2024\/09\/cropped-vieassociative_favicon.ico.png\",\"width\":512,\"height\":512,\"caption\":\"Vie Associative\"},\"image\":{\"@id\":\"https:\/\/vieassociative.be\/actualites\/#\/schema\/logo\/image\/\"}},{\"@type\":\"Person\",\"@id\":\"https:\/\/vieassociative.be\/actualites\/#\/schema\/person\/b87ac4f82f9d4e7b7cec7395b679edc4\",\"name\":\"Julien\",\"image\":{\"@type\":\"ImageObject\",\"inLanguage\":\"fr-BE\",\"@id\":\"https:\/\/vieassociative.be\/actualites\/#\/schema\/person\/image\/\",\"url\":\"https:\/\/vieassociative.be\/actualites\/wp-content\/uploads\/2024\/09\/vie-associative-1-150x150.jpg\",\"contentUrl\":\"https:\/\/vieassociative.be\/actualites\/wp-content\/uploads\/2024\/09\/vie-associative-1-150x150.jpg\",\"caption\":\"Julien\"},\"description\":\"Je suis Julien, r\u00e9dacteur pour Vie Associative. Passionn\u00e9 par le monde associatif depuis plus de 10 ans, j'ai \u00e0 c\u0153ur de partager des histoires inspirantes et de mettre en lumi\u00e8re les initiatives locales. Mon objectif est de sensibiliser et d'encourager l'engagement communautaire \u00e0 travers mes articles.\",\"sameAs\":[\"https:\/\/vieassociative.be\/\"]}]}<\/script>\n<!-- \/ Yoast SEO plugin. -->","yoast_head_json":{"title":"Mes id\u00e9es cadeaux pr\u00e9f\u00e9r\u00e9es pour quelqu'un qui est coll\u00e9 \u00e0 son ordinateur portable toute la journ\u00e9e | Vie Associative","robots":{"index":"index","follow":"follow","max-snippet":"max-snippet:-1","max-image-preview":"max-image-preview:large","max-video-preview":"max-video-preview:-1"},"canonical":"https:\/\/vieassociative.be\/actualites\/mes-idees-cadeaux-preferees-pour-quelquun-qui-est-colle-a-son-ordinateur-portable-toute-la-journee\/","og_locale":"fr_FR","og_type":"article","og_title":"Mes id\u00e9es cadeaux pr\u00e9f\u00e9r\u00e9es pour quelqu'un qui est coll\u00e9 \u00e0 son ordinateur portable toute la journ\u00e9e | Vie Associative","og_description":"Offrez-leur le cadeau de chaleur et de confort. Comme beaucoup de gens, je passe \u00e9norm\u00e9ment de temps sur mon ordinateur. Il contient ma vie professionnelle,","og_url":"https:\/\/vieassociative.be\/actualites\/mes-idees-cadeaux-preferees-pour-quelquun-qui-est-colle-a-son-ordinateur-portable-toute-la-journee\/","og_site_name":"Vie Associative","article_published_time":"2024-12-10T19:17:26+00:00","og_image":[{"url":"https:\/\/vieassociative.be\/actualites\/wp-content\/uploads\/2024\/12\/Mes-idees-cadeaux-preferees-pour-quelquun-qui-est-colle-a.svg.svg+xml","type":"","width":"","height":""}],"author":"Julien","twitter_card":"summary_large_image","twitter_misc":{"\u00c9crit par":"Julien","Dur\u00e9e de lecture est.":"3 minutes"},"schema":{"@context":"https:\/\/schema.org","@graph":[{"@type":"Article","@id":"https:\/\/vieassociative.be\/actualites\/mes-idees-cadeaux-preferees-pour-quelquun-qui-est-colle-a-son-ordinateur-portable-toute-la-journee\/#article","isPartOf":{"@id":"https:\/\/vieassociative.be\/actualites\/mes-idees-cadeaux-preferees-pour-quelquun-qui-est-colle-a-son-ordinateur-portable-toute-la-journee\/"},"author":{"name":"Julien","@id":"https:\/\/vieassociative.be\/actualites\/#\/schema\/person\/b87ac4f82f9d4e7b7cec7395b679edc4"},"headline":"Mes id\u00e9es cadeaux pr\u00e9f\u00e9r\u00e9es pour quelqu&rsquo;un qui est coll\u00e9 \u00e0 son ordinateur portable toute la journ\u00e9e","datePublished":"2024-12-10T19:17:26+00:00","dateModified":"2024-12-10T19:17:26+00:00","mainEntityOfPage":{"@id":"https:\/\/vieassociative.be\/actualites\/mes-idees-cadeaux-preferees-pour-quelquun-qui-est-colle-a-son-ordinateur-portable-toute-la-journee\/"},"wordCount":643,"publisher":{"@id":"https:\/\/vieassociative.be\/actualites\/#organization"},"image":{"@id":"https:\/\/vieassociative.be\/actualites\/mes-idees-cadeaux-preferees-pour-quelquun-qui-est-colle-a-son-ordinateur-portable-toute-la-journee\/#primaryimage"},"thumbnailUrl":"https:\/\/vieassociative.be\/actualites\/wp-content\/uploads\/2024\/12\/Mes-idees-cadeaux-preferees-pour-quelquun-qui-est-colle-a.png","keywords":["cadeaux","coll\u00e9","est","id\u00e9es","journ\u00e9e","Mes","ordinateur","portable","pour","pr\u00e9f\u00e9r\u00e9es","quelquun","qui","son","toute"],"articleSection":["Technologie"],"inLanguage":"fr-BE"},{"@type":"WebPage","@id":"https:\/\/vieassociative.be\/actualites\/mes-idees-cadeaux-preferees-pour-quelquun-qui-est-colle-a-son-ordinateur-portable-toute-la-journee\/","url":"https:\/\/vieassociative.be\/actualites\/mes-idees-cadeaux-preferees-pour-quelquun-qui-est-colle-a-son-ordinateur-portable-toute-la-journee\/","name":"Mes id\u00e9es cadeaux pr\u00e9f\u00e9r\u00e9es pour quelqu'un qui est coll\u00e9 \u00e0 son ordinateur portable toute la journ\u00e9e | Vie Associative","isPartOf":{"@id":"https:\/\/vieassociative.be\/actualites\/#website"},"primaryImageOfPage":{"@id":"https:\/\/vieassociative.be\/actualites\/mes-idees-cadeaux-preferees-pour-quelquun-qui-est-colle-a-son-ordinateur-portable-toute-la-journee\/#primaryimage"},"image":{"@id":"https:\/\/vieassociative.be\/actualites\/mes-idees-cadeaux-preferees-pour-quelquun-qui-est-colle-a-son-ordinateur-portable-toute-la-journee\/#primaryimage"},"thumbnailUrl":"https:\/\/vieassociative.be\/actualites\/wp-content\/uploads\/2024\/12\/Mes-idees-cadeaux-preferees-pour-quelquun-qui-est-colle-a.png","datePublished":"2024-12-10T19:17:26+00:00","dateModified":"2024-12-10T19:17:26+00:00","breadcrumb":{"@id":"https:\/\/vieassociative.be\/actualites\/mes-idees-cadeaux-preferees-pour-quelquun-qui-est-colle-a-son-ordinateur-portable-toute-la-journee\/#breadcrumb"},"inLanguage":"fr-BE","potentialAction":[{"@type":"ReadAction","target":["https:\/\/vieassociative.be\/actualites\/mes-idees-cadeaux-preferees-pour-quelquun-qui-est-colle-a-son-ordinateur-portable-toute-la-journee\/"]}]},{"@type":"ImageObject","inLanguage":"fr-BE","@id":"https:\/\/vieassociative.be\/actualites\/mes-idees-cadeaux-preferees-pour-quelquun-qui-est-colle-a-son-ordinateur-portable-toute-la-journee\/#primaryimage","url":"https:\/\/vieassociative.be\/actualites\/wp-content\/uploads\/2024\/12\/Mes-idees-cadeaux-preferees-pour-quelquun-qui-est-colle-a.png","contentUrl":"https:\/\/vieassociative.be\/actualites\/wp-content\/uploads\/2024\/12\/Mes-idees-cadeaux-preferees-pour-quelquun-qui-est-colle-a.png","width":1200,"height":675,"caption":"Mes id\u00e9es cadeaux pr\u00e9f\u00e9r\u00e9es pour quelqu'un qui est coll\u00e9 \u00e0 son ordinateur portable toute la journ\u00e9e"},{"@type":"BreadcrumbList","@id":"https:\/\/vieassociative.be\/actualites\/mes-idees-cadeaux-preferees-pour-quelquun-qui-est-colle-a-son-ordinateur-portable-toute-la-journee\/#breadcrumb","itemListElement":[{"@type":"ListItem","position":1,"name":"Accueil","item":"https:\/\/vieassociative.be\/actualites\/"},{"@type":"ListItem","position":2,"name":"Mes id\u00e9es cadeaux pr\u00e9f\u00e9r\u00e9es pour quelqu&rsquo;un qui est coll\u00e9 \u00e0 son ordinateur portable toute la journ\u00e9e"}]},{"@type":"WebSite","@id":"https:\/\/vieassociative.be\/actualites\/#website","url":"https:\/\/vieassociative.be\/actualites\/","name":"Vie Associative","description":"","publisher":{"@id":"https:\/\/vieassociative.be\/actualites\/#organization"},"potentialAction":[{"@type":"SearchAction","target":{"@type":"EntryPoint","urlTemplate":"https:\/\/vieassociative.be\/actualites\/?s={search_term_string}"},"query-input":{"@type":"PropertyValueSpecification","valueRequired":true,"valueName":"search_term_string"}}],"inLanguage":"fr-BE"},{"@type":"Organization","@id":"https:\/\/vieassociative.be\/actualites\/#organization","name":"Vie Associative","url":"https:\/\/vieassociative.be\/actualites\/","logo":{"@type":"ImageObject","inLanguage":"fr-BE","@id":"https:\/\/vieassociative.be\/actualites\/#\/schema\/logo\/image\/","url":"https:\/\/vieassociative.be\/actualites\/wp-content\/uploads\/2024\/09\/cropped-vieassociative_favicon.ico.png","contentUrl":"https:\/\/vieassociative.be\/actualites\/wp-content\/uploads\/2024\/09\/cropped-vieassociative_favicon.ico.png","width":512,"height":512,"caption":"Vie Associative"},"image":{"@id":"https:\/\/vieassociative.be\/actualites\/#\/schema\/logo\/image\/"}},{"@type":"Person","@id":"https:\/\/vieassociative.be\/actualites\/#\/schema\/person\/b87ac4f82f9d4e7b7cec7395b679edc4","name":"Julien","image":{"@type":"ImageObject","inLanguage":"fr-BE","@id":"https:\/\/vieassociative.be\/actualites\/#\/schema\/person\/image\/","url":"https:\/\/vieassociative.be\/actualites\/wp-content\/uploads\/2024\/09\/vie-associative-1-150x150.jpg","contentUrl":"https:\/\/vieassociative.be\/actualites\/wp-content\/uploads\/2024\/09\/vie-associative-1-150x150.jpg","caption":"Julien"},"description":"Je suis Julien, r\u00e9dacteur pour Vie Associative. Passionn\u00e9 par le monde associatif depuis plus de 10 ans, j'ai \u00e0 c\u0153ur de partager des histoires inspirantes et de mettre en lumi\u00e8re les initiatives locales. Mon objectif est de sensibiliser et d'encourager l'engagement communautaire \u00e0 travers mes articles.","sameAs":["https:\/\/vieassociative.be\/"]}]}},"_links":{"self":[{"href":"https:\/\/vieassociative.be\/actualites\/wp-json\/wp\/v2\/posts\/3263"}],"collection":[{"href":"https:\/\/vieassociative.be\/actualites\/wp-json\/wp\/v2\/posts"}],"about":[{"href":"https:\/\/vieassociative.be\/actualites\/wp-json\/wp\/v2\/types\/post"}],"author":[{"embeddable":true,"href":"https:\/\/vieassociative.be\/actualites\/wp-json\/wp\/v2\/users\/1"}],"replies":[{"embeddable":true,"href":"https:\/\/vieassociative.be\/actualites\/wp-json\/wp\/v2\/comments?post=3263"}],"version-history":[{"count":0,"href":"https:\/\/vieassociative.be\/actualites\/wp-json\/wp\/v2\/posts\/3263\/revisions"}],"wp:featuredmedia":[{"embeddable":true,"href":"https:\/\/vieassociative.be\/actualites\/wp-json\/wp\/v2\/media\/3264"}],"wp:attachment":[{"href":"https:\/\/vieassociative.be\/actualites\/wp-json\/wp\/v2\/media?parent=3263"}],"wp:term":[{"taxonomy":"category","embeddable":true,"href":"https:\/\/vieassociative.be\/actualites\/wp-json\/wp\/v2\/categories?post=3263"},{"taxonomy":"post_tag","embeddable":true,"href":"https:\/\/vieassociative.be\/actualites\/wp-json\/wp\/v2\/tags?post=3263"}],"curies":[{"name":"wp","href":"https:\/\/api.w.org\/{rel}","templated":true}]}}