{"id":3257,"date":"2024-12-10T15:17:33","date_gmt":"2024-12-10T14:17:33","guid":{"rendered":"https:\/\/vieassociative.be\/actualites\/sac-a-main-avec-portefeuille-cles-de-la-porte-dentree-telephone-portable-et-nouvelles-lunettes-voles\/"},"modified":"2024-12-10T15:17:33","modified_gmt":"2024-12-10T14:17:33","slug":"sac-a-main-avec-portefeuille-cles-de-la-porte-dentree-telephone-portable-et-nouvelles-lunettes-voles","status":"publish","type":"post","link":"https:\/\/vieassociative.be\/actualites\/sac-a-main-avec-portefeuille-cles-de-la-porte-dentree-telephone-portable-et-nouvelles-lunettes-voles\/","title":{"rendered":"Sac \u00e0 main avec portefeuille, cl\u00e9s de la porte d&rsquo;entr\u00e9e, t\u00e9l\u00e9phone portable et nouvelles lunettes vol\u00e9s"},"content":{"rendered":"<p><strong>La zone de police de Weser-G\u00f6hl a signal\u00e9 deux incidents dans son rapport du mardi 10\/12.<\/strong><\/p>\n<p><span id=\"more-403773\"><\/span><strong>&#8211; Vol:<\/strong> Une femme de Kelmis (Comouth Street) se rend \u00e0 la police et souhaite signaler un vol. Elle part faire quelques courses le 12 juillet et oublie son sac \u00e0 main devant la porte de son garage. En chemin, la personne constate que son sac \u00e0 main a disparu et fait demi-tour. \u00c0 son retour, le sac \u00e0 main, le portefeuille, la cl\u00e9 de la porte d&rsquo;entr\u00e9e, le t\u00e9l\u00e9phone portable et les nouvelles lunettes ont d\u00e9j\u00e0 disparu. Une plainte est d\u00e9pos\u00e9e par la police.<\/p>\n<p><strong>\u2013 Cambriolage :<\/strong> Entre le 7 d\u00e9cembre \u00e0 13h30 et le 9 d\u00e9cembre \u00e0 15h30, il y a eu un cambriolage \u00e0 Am Weidenbruch \u00e0 Eupen. Les agresseurs se rendent derri\u00e8re la maison et ouvrent une haute fen\u00eatre. La maison a probablement \u00e9t\u00e9 quitt\u00e9e pr\u00e9cipitamment ; rien ne semble avoir \u00e9t\u00e9 fouill\u00e9 ou vol\u00e9. Seules quelques d\u00e9corations de No\u00ebl sont cass\u00e9es. Le syst\u00e8me d&rsquo;alarme ne semble pas avoir \u00e9t\u00e9 d\u00e9clench\u00e9. La police enqu\u00eate.<\/p>\n","protected":false},"excerpt":{"rendered":"<p>La zone de police de Weser-G\u00f6hl a signal\u00e9 deux incidents dans son rapport du mardi 10\/12. &#8211; Vol: Une femme de Kelmis (Comouth Street) se<\/p>\n","protected":false},"author":1,"featured_media":1939,"comment_status":"","ping_status":"","sticky":false,"template":"","format":"standard","meta":{"footnotes":""},"categories":[298],"tags":[61,3867,1489,3912,569,1215,170,3911,3866,260,542,3158],"class_list":["post-3257","post","type-post","status-publish","format-standard","has-post-thumbnail","hentry","category-belgique","tag-avec","tag-cles","tag-dentree","tag-lunettes","tag-main","tag-nouvelles","tag-portable","tag-porte","tag-portefeuille","tag-sac","tag-telephone","tag-voles","generate-columns","tablet-grid-50","mobile-grid-100","grid-parent","grid-33"],"yoast_head":"<!-- This site is optimized with the Yoast SEO plugin v24.0 - https:\/\/yoast.com\/wordpress\/plugins\/seo\/ -->\n<title>Sac \u00e0 main avec portefeuille, cl\u00e9s de la porte d&#039;entr\u00e9e, t\u00e9l\u00e9phone portable et nouvelles lunettes vol\u00e9s | Vie Associative<\/title>\n<meta name=\"robots\" content=\"index, follow, max-snippet:-1, max-image-preview:large, max-video-preview:-1\" \/>\n<link rel=\"canonical\" href=\"https:\/\/vieassociative.be\/actualites\/sac-a-main-avec-portefeuille-cles-de-la-porte-dentree-telephone-portable-et-nouvelles-lunettes-voles\/\" \/>\n<meta property=\"og:locale\" content=\"fr_FR\" \/>\n<meta property=\"og:type\" content=\"article\" \/>\n<meta property=\"og:title\" content=\"Sac \u00e0 main avec portefeuille, cl\u00e9s de la porte d&#039;entr\u00e9e, t\u00e9l\u00e9phone portable et nouvelles lunettes vol\u00e9s | Vie Associative\" \/>\n<meta property=\"og:description\" content=\"La zone de police de Weser-G\u00f6hl a signal\u00e9 deux incidents dans son rapport du mardi 10\/12. &#8211; Vol: Une femme de Kelmis (Comouth Street) se\" \/>\n<meta property=\"og:url\" content=\"https:\/\/vieassociative.be\/actualites\/sac-a-main-avec-portefeuille-cles-de-la-porte-dentree-telephone-portable-et-nouvelles-lunettes-voles\/\" \/>\n<meta property=\"og:site_name\" content=\"Vie Associative\" \/>\n<meta property=\"article:published_time\" content=\"2024-12-10T14:17:33+00:00\" \/>\n<meta property=\"og:image\" content=\"https:\/\/vieassociative.be\/actualites\/wp-content\/uploads\/2024\/09\/header_backgroundk-01-e1726694325946.png\" \/>\n\t<meta property=\"og:image:width\" content=\"279\" \/>\n\t<meta property=\"og:image:height\" content=\"92\" \/>\n\t<meta property=\"og:image:type\" content=\"image\/png\" \/>\n<meta name=\"author\" content=\"Julien\" \/>\n<meta name=\"twitter:card\" content=\"summary_large_image\" \/>\n<meta name=\"twitter:label1\" content=\"\u00c9crit par\" \/>\n\t<meta name=\"twitter:data1\" content=\"Julien\" \/>\n\t<meta name=\"twitter:label2\" content=\"Dur\u00e9e de lecture est.\" \/>\n\t<meta name=\"twitter:data2\" content=\"1 minute\" \/>\n<script type=\"application\/ld+json\" class=\"yoast-schema-graph\">{\"@context\":\"https:\/\/schema.org\",\"@graph\":[{\"@type\":\"Article\",\"@id\":\"https:\/\/vieassociative.be\/actualites\/sac-a-main-avec-portefeuille-cles-de-la-porte-dentree-telephone-portable-et-nouvelles-lunettes-voles\/#article\",\"isPartOf\":{\"@id\":\"https:\/\/vieassociative.be\/actualites\/sac-a-main-avec-portefeuille-cles-de-la-porte-dentree-telephone-portable-et-nouvelles-lunettes-voles\/\"},\"author\":{\"name\":\"Julien\",\"@id\":\"https:\/\/vieassociative.be\/actualites\/#\/schema\/person\/b87ac4f82f9d4e7b7cec7395b679edc4\"},\"headline\":\"Sac \u00e0 main avec portefeuille, cl\u00e9s de la porte d&rsquo;entr\u00e9e, t\u00e9l\u00e9phone portable et nouvelles lunettes vol\u00e9s\",\"datePublished\":\"2024-12-10T14:17:33+00:00\",\"dateModified\":\"2024-12-10T14:17:33+00:00\",\"mainEntityOfPage\":{\"@id\":\"https:\/\/vieassociative.be\/actualites\/sac-a-main-avec-portefeuille-cles-de-la-porte-dentree-telephone-portable-et-nouvelles-lunettes-voles\/\"},\"wordCount\":200,\"publisher\":{\"@id\":\"https:\/\/vieassociative.be\/actualites\/#organization\"},\"image\":{\"@id\":\"https:\/\/vieassociative.be\/actualites\/sac-a-main-avec-portefeuille-cles-de-la-porte-dentree-telephone-portable-et-nouvelles-lunettes-voles\/#primaryimage\"},\"thumbnailUrl\":\"https:\/\/vieassociative.be\/actualites\/wp-content\/uploads\/2024\/11\/Raeren-Le-conducteur-tombe-dans-un-micro-sommeil-a-midi.jpeg\",\"keywords\":[\"avec\",\"cl\u00e9s\",\"dentr\u00e9e\",\"lunettes\",\"main\",\"nouvelles\",\"portable\",\"porte\",\"portefeuille\",\"sac\",\"t\u00e9l\u00e9phone\",\"vol\u00e9s\"],\"articleSection\":[\"Belgique\"],\"inLanguage\":\"fr-BE\"},{\"@type\":\"WebPage\",\"@id\":\"https:\/\/vieassociative.be\/actualites\/sac-a-main-avec-portefeuille-cles-de-la-porte-dentree-telephone-portable-et-nouvelles-lunettes-voles\/\",\"url\":\"https:\/\/vieassociative.be\/actualites\/sac-a-main-avec-portefeuille-cles-de-la-porte-dentree-telephone-portable-et-nouvelles-lunettes-voles\/\",\"name\":\"Sac \u00e0 main avec portefeuille, cl\u00e9s de la porte d'entr\u00e9e, t\u00e9l\u00e9phone portable et nouvelles lunettes vol\u00e9s | Vie Associative\",\"isPartOf\":{\"@id\":\"https:\/\/vieassociative.be\/actualites\/#website\"},\"primaryImageOfPage\":{\"@id\":\"https:\/\/vieassociative.be\/actualites\/sac-a-main-avec-portefeuille-cles-de-la-porte-dentree-telephone-portable-et-nouvelles-lunettes-voles\/#primaryimage\"},\"image\":{\"@id\":\"https:\/\/vieassociative.be\/actualites\/sac-a-main-avec-portefeuille-cles-de-la-porte-dentree-telephone-portable-et-nouvelles-lunettes-voles\/#primaryimage\"},\"thumbnailUrl\":\"https:\/\/vieassociative.be\/actualites\/wp-content\/uploads\/2024\/11\/Raeren-Le-conducteur-tombe-dans-un-micro-sommeil-a-midi.jpeg\",\"datePublished\":\"2024-12-10T14:17:33+00:00\",\"dateModified\":\"2024-12-10T14:17:33+00:00\",\"breadcrumb\":{\"@id\":\"https:\/\/vieassociative.be\/actualites\/sac-a-main-avec-portefeuille-cles-de-la-porte-dentree-telephone-portable-et-nouvelles-lunettes-voles\/#breadcrumb\"},\"inLanguage\":\"fr-BE\",\"potentialAction\":[{\"@type\":\"ReadAction\",\"target\":[\"https:\/\/vieassociative.be\/actualites\/sac-a-main-avec-portefeuille-cles-de-la-porte-dentree-telephone-portable-et-nouvelles-lunettes-voles\/\"]}]},{\"@type\":\"ImageObject\",\"inLanguage\":\"fr-BE\",\"@id\":\"https:\/\/vieassociative.be\/actualites\/sac-a-main-avec-portefeuille-cles-de-la-porte-dentree-telephone-portable-et-nouvelles-lunettes-voles\/#primaryimage\",\"url\":\"https:\/\/vieassociative.be\/actualites\/wp-content\/uploads\/2024\/11\/Raeren-Le-conducteur-tombe-dans-un-micro-sommeil-a-midi.jpeg\",\"contentUrl\":\"https:\/\/vieassociative.be\/actualites\/wp-content\/uploads\/2024\/11\/Raeren-Le-conducteur-tombe-dans-un-micro-sommeil-a-midi.jpeg\",\"width\":1200,\"height\":800,\"caption\":\"Raeren : Le conducteur tombe dans un micro-sommeil \u00e0 midi\"},{\"@type\":\"BreadcrumbList\",\"@id\":\"https:\/\/vieassociative.be\/actualites\/sac-a-main-avec-portefeuille-cles-de-la-porte-dentree-telephone-portable-et-nouvelles-lunettes-voles\/#breadcrumb\",\"itemListElement\":[{\"@type\":\"ListItem\",\"position\":1,\"name\":\"Accueil\",\"item\":\"https:\/\/vieassociative.be\/actualites\/\"},{\"@type\":\"ListItem\",\"position\":2,\"name\":\"Sac \u00e0 main avec portefeuille, cl\u00e9s de la porte d&rsquo;entr\u00e9e, t\u00e9l\u00e9phone portable et nouvelles lunettes vol\u00e9s\"}]},{\"@type\":\"WebSite\",\"@id\":\"https:\/\/vieassociative.be\/actualites\/#website\",\"url\":\"https:\/\/vieassociative.be\/actualites\/\",\"name\":\"Vie Associative\",\"description\":\"\",\"publisher\":{\"@id\":\"https:\/\/vieassociative.be\/actualites\/#organization\"},\"potentialAction\":[{\"@type\":\"SearchAction\",\"target\":{\"@type\":\"EntryPoint\",\"urlTemplate\":\"https:\/\/vieassociative.be\/actualites\/?s={search_term_string}\"},\"query-input\":{\"@type\":\"PropertyValueSpecification\",\"valueRequired\":true,\"valueName\":\"search_term_string\"}}],\"inLanguage\":\"fr-BE\"},{\"@type\":\"Organization\",\"@id\":\"https:\/\/vieassociative.be\/actualites\/#organization\",\"name\":\"Vie Associative\",\"url\":\"https:\/\/vieassociative.be\/actualites\/\",\"logo\":{\"@type\":\"ImageObject\",\"inLanguage\":\"fr-BE\",\"@id\":\"https:\/\/vieassociative.be\/actualites\/#\/schema\/logo\/image\/\",\"url\":\"https:\/\/vieassociative.be\/actualites\/wp-content\/uploads\/2024\/09\/cropped-vieassociative_favicon.ico.png\",\"contentUrl\":\"https:\/\/vieassociative.be\/actualites\/wp-content\/uploads\/2024\/09\/cropped-vieassociative_favicon.ico.png\",\"width\":512,\"height\":512,\"caption\":\"Vie Associative\"},\"image\":{\"@id\":\"https:\/\/vieassociative.be\/actualites\/#\/schema\/logo\/image\/\"}},{\"@type\":\"Person\",\"@id\":\"https:\/\/vieassociative.be\/actualites\/#\/schema\/person\/b87ac4f82f9d4e7b7cec7395b679edc4\",\"name\":\"Julien\",\"image\":{\"@type\":\"ImageObject\",\"inLanguage\":\"fr-BE\",\"@id\":\"https:\/\/vieassociative.be\/actualites\/#\/schema\/person\/image\/\",\"url\":\"https:\/\/vieassociative.be\/actualites\/wp-content\/uploads\/2024\/09\/vie-associative-1-150x150.jpg\",\"contentUrl\":\"https:\/\/vieassociative.be\/actualites\/wp-content\/uploads\/2024\/09\/vie-associative-1-150x150.jpg\",\"caption\":\"Julien\"},\"description\":\"Je suis Julien, r\u00e9dacteur pour Vie Associative. Passionn\u00e9 par le monde associatif depuis plus de 10 ans, j'ai \u00e0 c\u0153ur de partager des histoires inspirantes et de mettre en lumi\u00e8re les initiatives locales. Mon objectif est de sensibiliser et d'encourager l'engagement communautaire \u00e0 travers mes articles.\",\"sameAs\":[\"https:\/\/vieassociative.be\/\"]}]}<\/script>\n<!-- \/ Yoast SEO plugin. -->","yoast_head_json":{"title":"Sac \u00e0 main avec portefeuille, cl\u00e9s de la porte d'entr\u00e9e, t\u00e9l\u00e9phone portable et nouvelles lunettes vol\u00e9s | Vie Associative","robots":{"index":"index","follow":"follow","max-snippet":"max-snippet:-1","max-image-preview":"max-image-preview:large","max-video-preview":"max-video-preview:-1"},"canonical":"https:\/\/vieassociative.be\/actualites\/sac-a-main-avec-portefeuille-cles-de-la-porte-dentree-telephone-portable-et-nouvelles-lunettes-voles\/","og_locale":"fr_FR","og_type":"article","og_title":"Sac \u00e0 main avec portefeuille, cl\u00e9s de la porte d'entr\u00e9e, t\u00e9l\u00e9phone portable et nouvelles lunettes vol\u00e9s | Vie Associative","og_description":"La zone de police de Weser-G\u00f6hl a signal\u00e9 deux incidents dans son rapport du mardi 10\/12. &#8211; Vol: Une femme de Kelmis (Comouth Street) se","og_url":"https:\/\/vieassociative.be\/actualites\/sac-a-main-avec-portefeuille-cles-de-la-porte-dentree-telephone-portable-et-nouvelles-lunettes-voles\/","og_site_name":"Vie Associative","article_published_time":"2024-12-10T14:17:33+00:00","og_image":[{"width":279,"height":92,"url":"https:\/\/vieassociative.be\/actualites\/wp-content\/uploads\/2024\/09\/header_backgroundk-01-e1726694325946.png","type":"image\/png"}],"author":"Julien","twitter_card":"summary_large_image","twitter_misc":{"\u00c9crit par":"Julien","Dur\u00e9e de lecture est.":"1 minute"},"schema":{"@context":"https:\/\/schema.org","@graph":[{"@type":"Article","@id":"https:\/\/vieassociative.be\/actualites\/sac-a-main-avec-portefeuille-cles-de-la-porte-dentree-telephone-portable-et-nouvelles-lunettes-voles\/#article","isPartOf":{"@id":"https:\/\/vieassociative.be\/actualites\/sac-a-main-avec-portefeuille-cles-de-la-porte-dentree-telephone-portable-et-nouvelles-lunettes-voles\/"},"author":{"name":"Julien","@id":"https:\/\/vieassociative.be\/actualites\/#\/schema\/person\/b87ac4f82f9d4e7b7cec7395b679edc4"},"headline":"Sac \u00e0 main avec portefeuille, cl\u00e9s de la porte d&rsquo;entr\u00e9e, t\u00e9l\u00e9phone portable et nouvelles lunettes vol\u00e9s","datePublished":"2024-12-10T14:17:33+00:00","dateModified":"2024-12-10T14:17:33+00:00","mainEntityOfPage":{"@id":"https:\/\/vieassociative.be\/actualites\/sac-a-main-avec-portefeuille-cles-de-la-porte-dentree-telephone-portable-et-nouvelles-lunettes-voles\/"},"wordCount":200,"publisher":{"@id":"https:\/\/vieassociative.be\/actualites\/#organization"},"image":{"@id":"https:\/\/vieassociative.be\/actualites\/sac-a-main-avec-portefeuille-cles-de-la-porte-dentree-telephone-portable-et-nouvelles-lunettes-voles\/#primaryimage"},"thumbnailUrl":"https:\/\/vieassociative.be\/actualites\/wp-content\/uploads\/2024\/11\/Raeren-Le-conducteur-tombe-dans-un-micro-sommeil-a-midi.jpeg","keywords":["avec","cl\u00e9s","dentr\u00e9e","lunettes","main","nouvelles","portable","porte","portefeuille","sac","t\u00e9l\u00e9phone","vol\u00e9s"],"articleSection":["Belgique"],"inLanguage":"fr-BE"},{"@type":"WebPage","@id":"https:\/\/vieassociative.be\/actualites\/sac-a-main-avec-portefeuille-cles-de-la-porte-dentree-telephone-portable-et-nouvelles-lunettes-voles\/","url":"https:\/\/vieassociative.be\/actualites\/sac-a-main-avec-portefeuille-cles-de-la-porte-dentree-telephone-portable-et-nouvelles-lunettes-voles\/","name":"Sac \u00e0 main avec portefeuille, cl\u00e9s de la porte d'entr\u00e9e, t\u00e9l\u00e9phone portable et nouvelles lunettes vol\u00e9s | Vie Associative","isPartOf":{"@id":"https:\/\/vieassociative.be\/actualites\/#website"},"primaryImageOfPage":{"@id":"https:\/\/vieassociative.be\/actualites\/sac-a-main-avec-portefeuille-cles-de-la-porte-dentree-telephone-portable-et-nouvelles-lunettes-voles\/#primaryimage"},"image":{"@id":"https:\/\/vieassociative.be\/actualites\/sac-a-main-avec-portefeuille-cles-de-la-porte-dentree-telephone-portable-et-nouvelles-lunettes-voles\/#primaryimage"},"thumbnailUrl":"https:\/\/vieassociative.be\/actualites\/wp-content\/uploads\/2024\/11\/Raeren-Le-conducteur-tombe-dans-un-micro-sommeil-a-midi.jpeg","datePublished":"2024-12-10T14:17:33+00:00","dateModified":"2024-12-10T14:17:33+00:00","breadcrumb":{"@id":"https:\/\/vieassociative.be\/actualites\/sac-a-main-avec-portefeuille-cles-de-la-porte-dentree-telephone-portable-et-nouvelles-lunettes-voles\/#breadcrumb"},"inLanguage":"fr-BE","potentialAction":[{"@type":"ReadAction","target":["https:\/\/vieassociative.be\/actualites\/sac-a-main-avec-portefeuille-cles-de-la-porte-dentree-telephone-portable-et-nouvelles-lunettes-voles\/"]}]},{"@type":"ImageObject","inLanguage":"fr-BE","@id":"https:\/\/vieassociative.be\/actualites\/sac-a-main-avec-portefeuille-cles-de-la-porte-dentree-telephone-portable-et-nouvelles-lunettes-voles\/#primaryimage","url":"https:\/\/vieassociative.be\/actualites\/wp-content\/uploads\/2024\/11\/Raeren-Le-conducteur-tombe-dans-un-micro-sommeil-a-midi.jpeg","contentUrl":"https:\/\/vieassociative.be\/actualites\/wp-content\/uploads\/2024\/11\/Raeren-Le-conducteur-tombe-dans-un-micro-sommeil-a-midi.jpeg","width":1200,"height":800,"caption":"Raeren : Le conducteur tombe dans un micro-sommeil \u00e0 midi"},{"@type":"BreadcrumbList","@id":"https:\/\/vieassociative.be\/actualites\/sac-a-main-avec-portefeuille-cles-de-la-porte-dentree-telephone-portable-et-nouvelles-lunettes-voles\/#breadcrumb","itemListElement":[{"@type":"ListItem","position":1,"name":"Accueil","item":"https:\/\/vieassociative.be\/actualites\/"},{"@type":"ListItem","position":2,"name":"Sac \u00e0 main avec portefeuille, cl\u00e9s de la porte d&rsquo;entr\u00e9e, t\u00e9l\u00e9phone portable et nouvelles lunettes vol\u00e9s"}]},{"@type":"WebSite","@id":"https:\/\/vieassociative.be\/actualites\/#website","url":"https:\/\/vieassociative.be\/actualites\/","name":"Vie Associative","description":"","publisher":{"@id":"https:\/\/vieassociative.be\/actualites\/#organization"},"potentialAction":[{"@type":"SearchAction","target":{"@type":"EntryPoint","urlTemplate":"https:\/\/vieassociative.be\/actualites\/?s={search_term_string}"},"query-input":{"@type":"PropertyValueSpecification","valueRequired":true,"valueName":"search_term_string"}}],"inLanguage":"fr-BE"},{"@type":"Organization","@id":"https:\/\/vieassociative.be\/actualites\/#organization","name":"Vie Associative","url":"https:\/\/vieassociative.be\/actualites\/","logo":{"@type":"ImageObject","inLanguage":"fr-BE","@id":"https:\/\/vieassociative.be\/actualites\/#\/schema\/logo\/image\/","url":"https:\/\/vieassociative.be\/actualites\/wp-content\/uploads\/2024\/09\/cropped-vieassociative_favicon.ico.png","contentUrl":"https:\/\/vieassociative.be\/actualites\/wp-content\/uploads\/2024\/09\/cropped-vieassociative_favicon.ico.png","width":512,"height":512,"caption":"Vie Associative"},"image":{"@id":"https:\/\/vieassociative.be\/actualites\/#\/schema\/logo\/image\/"}},{"@type":"Person","@id":"https:\/\/vieassociative.be\/actualites\/#\/schema\/person\/b87ac4f82f9d4e7b7cec7395b679edc4","name":"Julien","image":{"@type":"ImageObject","inLanguage":"fr-BE","@id":"https:\/\/vieassociative.be\/actualites\/#\/schema\/person\/image\/","url":"https:\/\/vieassociative.be\/actualites\/wp-content\/uploads\/2024\/09\/vie-associative-1-150x150.jpg","contentUrl":"https:\/\/vieassociative.be\/actualites\/wp-content\/uploads\/2024\/09\/vie-associative-1-150x150.jpg","caption":"Julien"},"description":"Je suis Julien, r\u00e9dacteur pour Vie Associative. Passionn\u00e9 par le monde associatif depuis plus de 10 ans, j'ai \u00e0 c\u0153ur de partager des histoires inspirantes et de mettre en lumi\u00e8re les initiatives locales. Mon objectif est de sensibiliser et d'encourager l'engagement communautaire \u00e0 travers mes articles.","sameAs":["https:\/\/vieassociative.be\/"]}]}},"_links":{"self":[{"href":"https:\/\/vieassociative.be\/actualites\/wp-json\/wp\/v2\/posts\/3257"}],"collection":[{"href":"https:\/\/vieassociative.be\/actualites\/wp-json\/wp\/v2\/posts"}],"about":[{"href":"https:\/\/vieassociative.be\/actualites\/wp-json\/wp\/v2\/types\/post"}],"author":[{"embeddable":true,"href":"https:\/\/vieassociative.be\/actualites\/wp-json\/wp\/v2\/users\/1"}],"replies":[{"embeddable":true,"href":"https:\/\/vieassociative.be\/actualites\/wp-json\/wp\/v2\/comments?post=3257"}],"version-history":[{"count":0,"href":"https:\/\/vieassociative.be\/actualites\/wp-json\/wp\/v2\/posts\/3257\/revisions"}],"wp:featuredmedia":[{"embeddable":true,"href":"https:\/\/vieassociative.be\/actualites\/wp-json\/wp\/v2\/media\/1939"}],"wp:attachment":[{"href":"https:\/\/vieassociative.be\/actualites\/wp-json\/wp\/v2\/media?parent=3257"}],"wp:term":[{"taxonomy":"category","embeddable":true,"href":"https:\/\/vieassociative.be\/actualites\/wp-json\/wp\/v2\/categories?post=3257"},{"taxonomy":"post_tag","embeddable":true,"href":"https:\/\/vieassociative.be\/actualites\/wp-json\/wp\/v2\/tags?post=3257"}],"curies":[{"name":"wp","href":"https:\/\/api.w.org\/{rel}","templated":true}]}}