{"id":3235,"date":"2024-12-10T07:18:14","date_gmt":"2024-12-10T06:18:14","guid":{"rendered":"https:\/\/vieassociative.be\/actualites\/jai-ecoute-75-jours-de-podcasts-en-2024-et-voici-mes-10-nouvelles-emissions-preferees\/"},"modified":"2024-12-10T07:18:14","modified_gmt":"2024-12-10T06:18:14","slug":"jai-ecoute-75-jours-de-podcasts-en-2024-et-voici-mes-10-nouvelles-emissions-preferees","status":"publish","type":"post","link":"https:\/\/vieassociative.be\/actualites\/jai-ecoute-75-jours-de-podcasts-en-2024-et-voici-mes-10-nouvelles-emissions-preferees\/","title":{"rendered":"J&rsquo;ai \u00e9cout\u00e9 75 jours de podcasts en 2024, et voici mes 10 nouvelles \u00e9missions pr\u00e9f\u00e9r\u00e9es"},"content":{"rendered":"<div class=\"mt-4 leading-6 md:mb-8\">Des petites villes aux minuscules dinosaures, en passant par une plong\u00e9e profonde dans la renomm\u00e9e virale, ce sont mes \u00e9coutes les plus m\u00e9morables de l&rsquo;ann\u00e9e.<\/div>\n<p><\/p>\n<p>Selon mon application de podcast pr\u00e9f\u00e9r\u00e9e, Pocket Casts, j&rsquo;ai \u00e9cout\u00e9 74 jours, 19 heures et 36 minutes de podcasts en 2024. (Si cela vous semble beaucoup, c&rsquo;est moins que l&rsquo;ann\u00e9e derni\u00e8re ; je bl\u00e2me mon enfant de 10 mois pour r\u00e9duisant mon temps d&rsquo;\u00e9coute.) J&rsquo;ai \u00e9galement pass\u00e9 l&rsquo;ann\u00e9e \u00e0 \u00e9crire sur les meilleures choses que j&rsquo;ai \u00e9cout\u00e9es pour ma newsletter, Podcast the Newsletter, et les \u00e9missions ci-dessous sont celles auxquelles je revenais sans cesse la semaine. apr\u00e8s semaine. <\/p>\n<p>Je sais qu&rsquo;il y a beaucoup de listes de podcasts de fin d&rsquo;ann\u00e9e qui circulent en ce moment, mais m\u00eame les meilleurs d&rsquo;entre eux manquent de ce que je consid\u00e8re comme d&rsquo;excellentes \u00e9missions qui n&rsquo;ont pas re\u00e7u l&rsquo;attention qu&rsquo;elles m\u00e9ritent. J&rsquo;esp\u00e8re que vous appr\u00e9cierez mes choix \u2013 certains qui ont \u00e9t\u00e9 vant\u00e9s ailleurs et quelques-uns qui peuvent \u00eatre nouveaux pour vous \u2013 et faites-moi savoir ce que j&rsquo;ai manqu\u00e9. J&rsquo;ai besoin de remonter mes chiffres pour l&rsquo;ann\u00e9e prochaine, donc j&rsquo;aurai besoin de nouveaux spectacles pour y arriver.<\/p>\n<hr>\n<h2 id=\"because-the-boss-belongs-to-us\"><em>Parce que le patron nous appartient<\/em><\/h2>\n<div class=\"eloquent-imagery-image\">\n<div class=\"flex justify-center\">\n                    <img decoding=\"async\" class=\"border border-gray-100\" src=\"https:\/\/vieassociative.be\/actualites\/wp-content\/uploads\/2024\/12\/Jai-ecoute-75-jours-de-podcasts-en-2024-et-voici.jpg\" alt=\"Logo du podcast\" width=\"2000\" height=\"2000\" loading=\"lazy\"  >\n            <\/div>\n<\/p><\/div>\n<p>Jesse Lawson et Holly Casio ont une hypoth\u00e8se : Bruce Springsteen m\u00e9rite le sceau d&rsquo;approbation de l&rsquo;ic\u00f4ne queer. Pour le prouver, ils passent chaque \u00e9pisode de <em>Parce que le patron nous appartient<\/em> en parcourant une liste qu&rsquo;ils ont dress\u00e9e, en demandant\u00a0: Bruce est-il au camp\u00a0? A-t-il un r\u00e9cit de lutte ? Ses chansons \u00e9voquent-elles des sentiments de profonde tristesse, de solitude, d\u2019euphorie ou autre chose que ressentent les personnes queer ? Pouvez-vous danser, pleurer et faire l&rsquo;amour avec Bruce ? En l&rsquo;\u00e9coutant, j&rsquo;ai l&rsquo;impression d&rsquo;\u00eatre assis par terre dans la chambre de Holly \u00e0 c\u00f4t\u00e9 de sa pile de zines, la regardant avec Jesse faire ce spectacle \u00e0 la main.<\/p>\n<hr>\n<h2 id=\"cement-city\"><em>Ville de ciment<\/em><\/h2>\n<div class=\"eloquent-imagery-image\">\n<div class=\"flex justify-center\">\n                    <img decoding=\"async\" class=\"border border-gray-100\" src=\"https:\/\/vieassociative.be\/actualites\/wp-content\/uploads\/2024\/12\/1733811493_385_Jai-ecoute-75-jours-de-podcasts-en-2024-et-voici.jpg\" alt=\"Logo du podcast\" width=\"2000\" height=\"2000\" loading=\"lazy\"  >\n            <\/div>\n<\/p><\/div>\n<p>La journaliste Jeanne Marie Laskas a emm\u00e9nag\u00e9 dans une petite ville de Pennsylvanie appel\u00e9e Denora juste pour apprendre \u00e0 quoi ressemble la vie l\u00e0-bas, et elle est repartie avec plus de 850 heures d&rsquo;enregistrement. Elle a transform\u00e9 toute cette documentation en podcast <em>Ville de ciment<\/em>. (Denora ! Population : 4\u00a0650 habitants. Denora n&rsquo;a pas de banques, pas d&rsquo;\u00e9piceries et pas de stations-service, mais il y a un mus\u00e9e du smog et un maire nomm\u00e9 Porcinet.) Tout le spectacle se pr\u00e9pare en vue des \u00e9lections g\u00e9n\u00e9rales de Denora et d&rsquo;une c\u00e9l\u00e9bration de No\u00ebl, et en chemin, Laskas nous donne l&rsquo;impression d&rsquo;y vivre aussi. Dans l\u2019ensemble, la s\u00e9rie est un reportage incroyable, et je n\u2019ai pas pu m\u2019en d\u00e9tacher.<\/p>\n<hr>\n<h2 id=\"the-confessions-of-anthony-raimondi\"><em>Les confessions d&rsquo;Anthony Raimondi<\/em><\/h2>\n<div class=\"eloquent-imagery-image\">\n<div class=\"flex justify-center\">\n                    <img decoding=\"async\" class=\"border border-gray-100\" src=\"https:\/\/vieassociative.be\/actualites\/wp-content\/uploads\/2024\/12\/1733811493_294_Jai-ecoute-75-jours-de-podcasts-en-2024-et-voici.jpg\" alt=\"Logo du podcast\" width=\"2000\" height=\"2000\" loading=\"lazy\"  >\n            <\/div>\n<\/p><\/div>\n<p><em>Les confessions d&rsquo;Anthony Raimondi<\/em> vous pr\u00e9sente Anthony, un homme issu d&rsquo;une des familles criminelles de la ville de New York qui pr\u00e9tend avoir jou\u00e9 un r\u00f4le dans l&rsquo;assassinat du pape en 1978. Il est tellement plein d&rsquo;histoires qu&rsquo;il est impossible de toutes les croire, et c&rsquo;est tout l&rsquo;int\u00e9r\u00eat de cette histoire. podcast : Marc Smerling (co-cr\u00e9ateur de la s\u00e9rie HBO <em>La mal\u00e9diction<\/em>) suit les histoires d&rsquo;Anthony et les v\u00e9rifie, ce qui est difficile, car Anthony est un sujet tellement inoubliable et un conteur fantastique qu&rsquo;il peut \u00eatre difficile de s\u00e9parer la v\u00e9rit\u00e9 de la fiction. En fait, je m&rsquo;en fiche de savoir si les histoires sont vraies ou fausses, car Anthony est fascinant et le podcast est merveilleusement r\u00e9alis\u00e9. <\/p>\n<hr>\n<h2 id=\"tiny-dinos\"><em>Petits dinosaures<\/em><\/h2>\n<div class=\"eloquent-imagery-image\">\n<div class=\"flex justify-center\">\n                    <img decoding=\"async\" class=\"border border-gray-100\" src=\"https:\/\/vieassociative.be\/actualites\/wp-content\/uploads\/2024\/12\/1733811493_206_Jai-ecoute-75-jours-de-podcasts-en-2024-et-voici.jpg\" alt=\"Logo du podcast\" width=\"2000\" height=\"2000\" loading=\"lazy\"  >\n            <\/div>\n<\/p><\/div>\n<p>Sur <em>Petits dinosaures<\/em>les improvisateurs Connor Ratliff et James III se font passer pour des scientifiques et meilleurs amis qui ont ressuscit\u00e9 des dinosaures sous forme miniature, mais ils essaient de garder le secret. Les vraies blagues commencent \u00e0 affluer lorsque leurs amis d&rsquo;improvisation c\u00e9l\u00e8bres et dr\u00f4les (comme Lauren Lapkus) passent. Ce spectacle est ridicule, mignon et bizarre, et constitue un lieu id\u00e9al pour que les com\u00e9diens deviennent vraiment idiots. L&rsquo;alchimie entre Connor et James est la meilleure. Je veux vivre \u00e0 l&rsquo;int\u00e9rieur de leur <em>Petits dinosaures<\/em> maison.<\/p>\n<hr>\n<h2 id=\"the-telepathy-tapes\"><em>Les bandes de t\u00e9l\u00e9pathie<\/em><\/h2>\n<div class=\"eloquent-imagery-image\">\n<div class=\"flex justify-center\">\n                    <img decoding=\"async\" class=\"border border-gray-100\" src=\"https:\/\/vieassociative.be\/actualites\/wp-content\/uploads\/2024\/12\/1733811493_155_Jai-ecoute-75-jours-de-podcasts-en-2024-et-voici.jpg\" alt=\"Logo du podcast\" width=\"2000\" height=\"2000\" loading=\"lazy\"  >\n            <\/div>\n<\/p><\/div>\n<p><em>Les bandes de t\u00e9l\u00e9pathie<\/em> est l\u2019une des choses les plus tordues que j\u2019ai \u00e9cout\u00e9es depuis un moment. Au c\u0153ur de celle-ci se trouve une th\u00e9orie selon laquelle les personnes autistes non verbales sont t\u00e9l\u00e9pathiques et ont des perceptions d&rsquo;un autre monde. C&rsquo;est \u00e0 la fois incroyable et, quand on y pense vraiment, tout \u00e0 fait plausible, et si c&rsquo;est vrai, cela change tout ce que la science nous a dit. non seulement les capacit\u00e9s des personnes neurodivergentes, mais aussi l&rsquo;interconnectivit\u00e9 et la communication. Cela commence avec l&rsquo;animatrice Ky Dickens transportant son magn\u00e9tophone dans les foyers d&rsquo;enfants autistes du monde entier (accompagn\u00e9e d&rsquo;un neuroscientifique) pour des conversations intimes avec leurs familles, qui partagent des choses incroyables. Si vous les croyez (et pourquoi pas ? Quelle arrogance de penser que nous avons tout compris, que les plus silencieux dans la pi\u00e8ce n&rsquo;ont rien \u00e0 dire), cela peut vous amener \u00e0 remettre en question tout ce que vous pensez. vous savez comment fonctionne la r\u00e9alit\u00e9 et comment la soci\u00e9t\u00e9 traite les personnes autistes.<\/p>\n<hr>\n<h2 id=\"empire-city\"><em>Ville Empire<\/em><\/h2>\n<div class=\"eloquent-imagery-image\">\n<div class=\"flex justify-center\">\n                    <img decoding=\"async\" class=\"border border-gray-100\" src=\"https:\/\/vieassociative.be\/actualites\/wp-content\/uploads\/2024\/12\/1733811493_82_Jai-ecoute-75-jours-de-podcasts-en-2024-et-voici.jpg\" alt=\"Logo du podcast\" width=\"2000\" height=\"2000\" loading=\"lazy\"  >\n            <\/div>\n<\/p><\/div>\n<p>Chenjerai Kumanyika est l&rsquo;h\u00f4te de <em>Ville Empire<\/em>une \u00e9mission qui plonge dans l&rsquo;histoire compliqu\u00e9e de la police de New York, depuis le d\u00e9but &#8211; et pour ne pas sonner comme un slogan, mais c&rsquo;est l&rsquo;histoire que les flics ne veulent pas que nous connaissions. Chenjerai est un conteur incroyable, il vous transporte dans le temps. Si vous \u00eates le genre de personne qui ne fait pas beaucoup confiance au maintien de l&rsquo;ordre, <em>Ville Empire<\/em> confirmera que vous ne devriez probablement pas. Il s\u2019agit d\u2019un podcast historique impr\u00e9gn\u00e9 de tant de vie. <\/p>\n<hr>\n<h2 id=\"sixteenth-minute-of-fame\"><em>Seizi\u00e8me minute (de renomm\u00e9e)<\/em><\/h2>\n<div class=\"eloquent-imagery-image\">\n<div class=\"flex justify-center\">\n                    <img decoding=\"async\" class=\"border border-gray-100\" src=\"https:\/\/vieassociative.be\/actualites\/wp-content\/uploads\/2024\/12\/1733811493_711_Jai-ecoute-75-jours-de-podcasts-en-2024-et-voici.jpg\" alt=\"Logo du podcast\" width=\"2000\" height=\"2000\" loading=\"lazy\"  >\n            <\/div>\n<\/p><\/div>\n<p>Je suivrais Jamie Loftus jusqu&rsquo;au bout du monde, mais ce n&rsquo;est pas n\u00e9cessaire lorsqu&rsquo;elle diffuse une excellente \u00e9mission hebdomadaire sur mon t\u00e9l\u00e9phone. <em>Seizi\u00e8me minute (de renomm\u00e9e)<\/em> traque d&rsquo;anciens \u00ab personnages principaux \u00bb d&rsquo;Internet \u2013 des gens qui, qu&rsquo;ils le veuillent ou non, sont devenus viraux pour diverses raisons \u2013 pour d\u00e9couvrir ce qui se passe une fois les quinze minutes de gloire en ligne termin\u00e9es. Certaines de ces histoires sont ridicules (par exemple, elle a parl\u00e9 au gars qui a mang\u00e9 40 poulets r\u00f4tis), et certaines prennent des tournures sombres (l&rsquo;histoire de la c\u00e9l\u00e8bre robe bleue et blanche ou noire et dor\u00e9e), mais Jamie interviewe toutes les personnes impliqu\u00e9es avec empathie. , essayant d&rsquo;avoir leur version de l&rsquo;histoire et de comprendre ce que cela faisait d&rsquo;\u00eatre au centre d&rsquo;Internet, ne serait-ce que pour une journ\u00e9e. Loftus fait \u00e9galement preuve de ses muscles journalistiques, \u00e0 la recherche d&rsquo;\u00e9l\u00e9ments contextuels qui pourraient expliquer pourquoi ces histoires sont entr\u00e9es dans l&rsquo;air du temps.<\/p>\n<hr>\n<h2 id=\"in-the-dark\"><em>Dans le noir<\/em><\/h2>\n<div class=\"eloquent-imagery-image\">\n<div class=\"flex justify-center\">\n                    <img decoding=\"async\" class=\"border border-gray-100\" src=\"https:\/\/vieassociative.be\/actualites\/wp-content\/uploads\/2024\/12\/1733811493_684_Jai-ecoute-75-jours-de-podcasts-en-2024-et-voici.jpg\" alt=\"Logo du podcast\" width=\"2000\" height=\"2000\" loading=\"lazy\"  >\n            <\/div>\n<\/p><\/div>\n<p>La troisi\u00e8me saison de <em>Dans le noir<\/em>produit par The New Yorker, est l&rsquo;un des plus grands projets d&rsquo;enqu\u00eate de longue dur\u00e9e que j&rsquo;ai jamais rencontr\u00e9. Madeleine Baran rapporte le massacre de Haditha en 2005, au cours duquel 24 civils irakiens non arm\u00e9s ont \u00e9t\u00e9 tu\u00e9s par des marines am\u00e9ricains, en s&rsquo;appuyant sur des enregistrements audio \u00e0 couper le souffle et en ayant acc\u00e8s \u00e0 des documents et des photos classifi\u00e9s qui reconstituent ce qui s&rsquo;est pass\u00e9 et d\u00e9mentent presque tout ce que l&rsquo;arm\u00e9e a r\u00e9v\u00e9l\u00e9 pr\u00e9c\u00e9demment. Au-del\u00e0 d\u2019expliquer cette terrible matin\u00e9e et l\u2019angoisse des familles rest\u00e9es sur place ou d\u2019identifier enfin les responsables de ces crimes de guerre, il explore la mani\u00e8re dont la guerre peut d\u00e9shumaniser les autres. C\u2019est une \u00e9coute qui donne \u00e0 r\u00e9fl\u00e9chir, convaincante et difficile.<\/p>\n<hr>\n<h2 id=\"rebel-spirit\"><em>Esprit rebelle<\/em><\/h2>\n<div class=\"eloquent-imagery-image\">\n<div class=\"flex justify-center\">\n                    <img decoding=\"async\" class=\"border border-gray-100\" src=\"https:\/\/vieassociative.be\/actualites\/wp-content\/uploads\/2024\/12\/1733811494_612_Jai-ecoute-75-jours-de-podcasts-en-2024-et-voici.jpg\" alt=\"Logo du podcast\" width=\"2000\" height=\"2000\" loading=\"lazy\"  >\n            <\/div>\n<\/p><\/div>\n<p>Pour son podcast <em>Esprit rebelle<\/em>la com\u00e9dienne\/\u00e9crivaine\/actrice Akilah Hughes est retourn\u00e9e avec son micro dans sa petite ville natale de Florence, Kentucky, pour tenter d&rsquo;amener la communaut\u00e9 \u00e0 changer la mascotte du lyc\u00e9e des Rebels du comt\u00e9 de Boone en&#8230; un incontournable de la cuisine du Sud, l&rsquo;humble biscuit. . Cela semble idiot, mais sa mission est s\u00e9rieuse, et le podcast est un excellent article de journalisme qui explore \u00e0 quel point le racisme est profond\u00e9ment enracin\u00e9 dans notre culture. Les auditeurs vivent l&rsquo;histoire aux c\u00f4t\u00e9s d&rsquo;Akilah, qui construit son r\u00e9cit avec des enregistrements originaux et des entretiens avec des personnes comme l&rsquo;artiste derri\u00e8re \u00ab Gritty \u00bb, la mascotte virale des Flyers de Philadelphie. <em>Esprit rebelle<\/em> est une histoire plus grande que celle des rebelles du comt\u00e9 de Boone, c&rsquo;est l&rsquo;histoire de la quantit\u00e9 de travail qu&rsquo;il faut pour aller au-del\u00e0 du pass\u00e9 et essayer d&rsquo;\u00eatre un peu meilleur.<\/p>\n<hr>\n<h2 id=\"the-good-whale\"><em>La bonne baleine<\/em><\/h2>\n<div class=\"eloquent-imagery-image\">\n<div class=\"flex justify-center\">\n                    <img decoding=\"async\" class=\"border border-gray-100\" src=\"https:\/\/vieassociative.be\/actualites\/wp-content\/uploads\/2024\/12\/1733811494_392_Jai-ecoute-75-jours-de-podcasts-en-2024-et-voici.jpg\" alt=\"Logo du podcast\" width=\"2000\" height=\"2000\" loading=\"lazy\"  >\n            <\/div>\n<\/p><\/div>\n<p><em>La bonne baleine<\/em> est un podcast sur Keiko, la c\u00e9l\u00e8bre baleine qui incarnait Willy dans le film <em>Lib\u00e9rez Willy<\/em>. Keiko est devenue le centre d&rsquo;une controverse lorsque le public, qui aimait <em>Lib\u00e9rez Willy<\/em> et le fait que Willy ait \u00e9t\u00e9 lib\u00e9r\u00e9 a fait comprendre que Keiko n&rsquo;\u00e9tait pas libre. Des millions de dollars ont \u00e9t\u00e9 consacr\u00e9s \u00e0 la r\u00e9introduction de Keiko dans la nature, et raconter son voyage vers la libert\u00e9 constitue une histoire incroyable. Ce spectacle a de belles valeurs de production, nous accompagnant m\u00e9thodiquement \u00e0 travers toute l&rsquo;affaire, et se livrant m\u00eame \u00e0 des envol\u00e9es artistiques. Prenons l&rsquo;\u00e9pisode cinq, qui couvre la p\u00e9riode qui a suivi la premi\u00e8re lib\u00e9ration de Keiko, lorsque les scientifiques ne savaient pas o\u00f9 il se trouvait. Au lieu de simplement sauter cette p\u00e9riode incertaine, la s\u00e9rie a demand\u00e9 aux cr\u00e9atifs qui ont \u00e9crit des com\u00e9dies musicales d&rsquo;utiliser le peu d&rsquo;informations disponibles sur l&rsquo;endroit o\u00f9 Keiko a commenc\u00e9 et o\u00f9 il a fini pour \u00e9crire des chansons qui imaginent ce qui aurait pu lui arriver entre-temps. C&rsquo;est l&rsquo;un des spectacles les plus cr\u00e9atifs que j&rsquo;ai rencontr\u00e9 cette ann\u00e9e.<\/p>\n","protected":false},"excerpt":{"rendered":"<p>Des petites villes aux minuscules dinosaures, en passant par une plong\u00e9e profonde dans la renomm\u00e9e virale, ce sont mes \u00e9coutes les plus m\u00e9morables de l&rsquo;ann\u00e9e.<\/p>\n","protected":false},"author":1,"featured_media":3236,"comment_status":"","ping_status":"","sticky":false,"template":"","format":"standard","meta":{"footnotes":""},"categories":[36],"tags":[3904,1931,823,937,87,1215,158,116,529],"class_list":["post-3235","post","type-post","status-publish","format-standard","has-post-thumbnail","hentry","category-divertissement","tag-ecoute","tag-emissions","tag-jai","tag-jours","tag-mes","tag-nouvelles","tag-podcasts","tag-preferees","tag-voici","generate-columns","tablet-grid-50","mobile-grid-100","grid-parent","grid-33"],"yoast_head":"<!-- This site is optimized with the Yoast SEO plugin v24.0 - https:\/\/yoast.com\/wordpress\/plugins\/seo\/ -->\n<title>J&#039;ai \u00e9cout\u00e9 75 jours de podcasts en 2024, et voici mes 10 nouvelles \u00e9missions pr\u00e9f\u00e9r\u00e9es | Vie Associative<\/title>\n<meta name=\"robots\" content=\"index, follow, max-snippet:-1, max-image-preview:large, max-video-preview:-1\" \/>\n<link rel=\"canonical\" href=\"https:\/\/vieassociative.be\/actualites\/jai-ecoute-75-jours-de-podcasts-en-2024-et-voici-mes-10-nouvelles-emissions-preferees\/\" \/>\n<meta property=\"og:locale\" content=\"fr_FR\" \/>\n<meta property=\"og:type\" content=\"article\" \/>\n<meta property=\"og:title\" content=\"J&#039;ai \u00e9cout\u00e9 75 jours de podcasts en 2024, et voici mes 10 nouvelles \u00e9missions pr\u00e9f\u00e9r\u00e9es | Vie Associative\" \/>\n<meta property=\"og:description\" content=\"Des petites villes aux minuscules dinosaures, en passant par une plong\u00e9e profonde dans la renomm\u00e9e virale, ce sont mes \u00e9coutes les plus m\u00e9morables de l&rsquo;ann\u00e9e.\" \/>\n<meta property=\"og:url\" content=\"https:\/\/vieassociative.be\/actualites\/jai-ecoute-75-jours-de-podcasts-en-2024-et-voici-mes-10-nouvelles-emissions-preferees\/\" \/>\n<meta property=\"og:site_name\" content=\"Vie Associative\" \/>\n<meta property=\"article:published_time\" content=\"2024-12-10T06:18:14+00:00\" \/>\n<meta property=\"og:image\" content=\"https:\/\/vieassociative.be\/actualites\/wp-content\/uploads\/2024\/12\/Jai-ecoute-75-jours-de-podcasts-en-2024-et-voici.jpg\" \/>\n<meta name=\"author\" content=\"Julien\" \/>\n<meta name=\"twitter:card\" content=\"summary_large_image\" \/>\n<meta name=\"twitter:label1\" content=\"\u00c9crit par\" \/>\n\t<meta name=\"twitter:data1\" content=\"Julien\" \/>\n\t<meta name=\"twitter:label2\" content=\"Dur\u00e9e de lecture est.\" \/>\n\t<meta name=\"twitter:data2\" content=\"8 minutes\" \/>\n<script type=\"application\/ld+json\" class=\"yoast-schema-graph\">{\"@context\":\"https:\/\/schema.org\",\"@graph\":[{\"@type\":\"Article\",\"@id\":\"https:\/\/vieassociative.be\/actualites\/jai-ecoute-75-jours-de-podcasts-en-2024-et-voici-mes-10-nouvelles-emissions-preferees\/#article\",\"isPartOf\":{\"@id\":\"https:\/\/vieassociative.be\/actualites\/jai-ecoute-75-jours-de-podcasts-en-2024-et-voici-mes-10-nouvelles-emissions-preferees\/\"},\"author\":{\"name\":\"Julien\",\"@id\":\"https:\/\/vieassociative.be\/actualites\/#\/schema\/person\/b87ac4f82f9d4e7b7cec7395b679edc4\"},\"headline\":\"J&rsquo;ai \u00e9cout\u00e9 75 jours de podcasts en 2024, et voici mes 10 nouvelles \u00e9missions pr\u00e9f\u00e9r\u00e9es\",\"datePublished\":\"2024-12-10T06:18:14+00:00\",\"dateModified\":\"2024-12-10T06:18:14+00:00\",\"mainEntityOfPage\":{\"@id\":\"https:\/\/vieassociative.be\/actualites\/jai-ecoute-75-jours-de-podcasts-en-2024-et-voici-mes-10-nouvelles-emissions-preferees\/\"},\"wordCount\":1760,\"publisher\":{\"@id\":\"https:\/\/vieassociative.be\/actualites\/#organization\"},\"image\":{\"@id\":\"https:\/\/vieassociative.be\/actualites\/jai-ecoute-75-jours-de-podcasts-en-2024-et-voici-mes-10-nouvelles-emissions-preferees\/#primaryimage\"},\"thumbnailUrl\":\"https:\/\/vieassociative.be\/actualites\/wp-content\/uploads\/2024\/12\/Jai-ecoute-75-jours-de-podcasts-en-2024-et-voici.png\",\"keywords\":[\"\u00e9cout\u00e9\",\"\u00e9missions\",\"Jai\",\"jours\",\"Mes\",\"nouvelles\",\"podcasts\",\"pr\u00e9f\u00e9r\u00e9es\",\"Voici\"],\"articleSection\":[\"Divertissement\"],\"inLanguage\":\"fr-BE\"},{\"@type\":\"WebPage\",\"@id\":\"https:\/\/vieassociative.be\/actualites\/jai-ecoute-75-jours-de-podcasts-en-2024-et-voici-mes-10-nouvelles-emissions-preferees\/\",\"url\":\"https:\/\/vieassociative.be\/actualites\/jai-ecoute-75-jours-de-podcasts-en-2024-et-voici-mes-10-nouvelles-emissions-preferees\/\",\"name\":\"J'ai \u00e9cout\u00e9 75 jours de podcasts en 2024, et voici mes 10 nouvelles \u00e9missions pr\u00e9f\u00e9r\u00e9es | Vie Associative\",\"isPartOf\":{\"@id\":\"https:\/\/vieassociative.be\/actualites\/#website\"},\"primaryImageOfPage\":{\"@id\":\"https:\/\/vieassociative.be\/actualites\/jai-ecoute-75-jours-de-podcasts-en-2024-et-voici-mes-10-nouvelles-emissions-preferees\/#primaryimage\"},\"image\":{\"@id\":\"https:\/\/vieassociative.be\/actualites\/jai-ecoute-75-jours-de-podcasts-en-2024-et-voici-mes-10-nouvelles-emissions-preferees\/#primaryimage\"},\"thumbnailUrl\":\"https:\/\/vieassociative.be\/actualites\/wp-content\/uploads\/2024\/12\/Jai-ecoute-75-jours-de-podcasts-en-2024-et-voici.png\",\"datePublished\":\"2024-12-10T06:18:14+00:00\",\"dateModified\":\"2024-12-10T06:18:14+00:00\",\"breadcrumb\":{\"@id\":\"https:\/\/vieassociative.be\/actualites\/jai-ecoute-75-jours-de-podcasts-en-2024-et-voici-mes-10-nouvelles-emissions-preferees\/#breadcrumb\"},\"inLanguage\":\"fr-BE\",\"potentialAction\":[{\"@type\":\"ReadAction\",\"target\":[\"https:\/\/vieassociative.be\/actualites\/jai-ecoute-75-jours-de-podcasts-en-2024-et-voici-mes-10-nouvelles-emissions-preferees\/\"]}]},{\"@type\":\"ImageObject\",\"inLanguage\":\"fr-BE\",\"@id\":\"https:\/\/vieassociative.be\/actualites\/jai-ecoute-75-jours-de-podcasts-en-2024-et-voici-mes-10-nouvelles-emissions-preferees\/#primaryimage\",\"url\":\"https:\/\/vieassociative.be\/actualites\/wp-content\/uploads\/2024\/12\/Jai-ecoute-75-jours-de-podcasts-en-2024-et-voici.png\",\"contentUrl\":\"https:\/\/vieassociative.be\/actualites\/wp-content\/uploads\/2024\/12\/Jai-ecoute-75-jours-de-podcasts-en-2024-et-voici.png\",\"width\":1200,\"height\":675,\"caption\":\"J'ai \u00e9cout\u00e9 75 jours de podcasts en 2024, et voici mes 10 nouvelles \u00e9missions pr\u00e9f\u00e9r\u00e9es\"},{\"@type\":\"BreadcrumbList\",\"@id\":\"https:\/\/vieassociative.be\/actualites\/jai-ecoute-75-jours-de-podcasts-en-2024-et-voici-mes-10-nouvelles-emissions-preferees\/#breadcrumb\",\"itemListElement\":[{\"@type\":\"ListItem\",\"position\":1,\"name\":\"Accueil\",\"item\":\"https:\/\/vieassociative.be\/actualites\/\"},{\"@type\":\"ListItem\",\"position\":2,\"name\":\"J&rsquo;ai \u00e9cout\u00e9 75 jours de podcasts en 2024, et voici mes 10 nouvelles \u00e9missions pr\u00e9f\u00e9r\u00e9es\"}]},{\"@type\":\"WebSite\",\"@id\":\"https:\/\/vieassociative.be\/actualites\/#website\",\"url\":\"https:\/\/vieassociative.be\/actualites\/\",\"name\":\"Vie Associative\",\"description\":\"\",\"publisher\":{\"@id\":\"https:\/\/vieassociative.be\/actualites\/#organization\"},\"potentialAction\":[{\"@type\":\"SearchAction\",\"target\":{\"@type\":\"EntryPoint\",\"urlTemplate\":\"https:\/\/vieassociative.be\/actualites\/?s={search_term_string}\"},\"query-input\":{\"@type\":\"PropertyValueSpecification\",\"valueRequired\":true,\"valueName\":\"search_term_string\"}}],\"inLanguage\":\"fr-BE\"},{\"@type\":\"Organization\",\"@id\":\"https:\/\/vieassociative.be\/actualites\/#organization\",\"name\":\"Vie Associative\",\"url\":\"https:\/\/vieassociative.be\/actualites\/\",\"logo\":{\"@type\":\"ImageObject\",\"inLanguage\":\"fr-BE\",\"@id\":\"https:\/\/vieassociative.be\/actualites\/#\/schema\/logo\/image\/\",\"url\":\"https:\/\/vieassociative.be\/actualites\/wp-content\/uploads\/2024\/09\/cropped-vieassociative_favicon.ico.png\",\"contentUrl\":\"https:\/\/vieassociative.be\/actualites\/wp-content\/uploads\/2024\/09\/cropped-vieassociative_favicon.ico.png\",\"width\":512,\"height\":512,\"caption\":\"Vie Associative\"},\"image\":{\"@id\":\"https:\/\/vieassociative.be\/actualites\/#\/schema\/logo\/image\/\"}},{\"@type\":\"Person\",\"@id\":\"https:\/\/vieassociative.be\/actualites\/#\/schema\/person\/b87ac4f82f9d4e7b7cec7395b679edc4\",\"name\":\"Julien\",\"image\":{\"@type\":\"ImageObject\",\"inLanguage\":\"fr-BE\",\"@id\":\"https:\/\/vieassociative.be\/actualites\/#\/schema\/person\/image\/\",\"url\":\"https:\/\/vieassociative.be\/actualites\/wp-content\/uploads\/2024\/09\/vie-associative-1-150x150.jpg\",\"contentUrl\":\"https:\/\/vieassociative.be\/actualites\/wp-content\/uploads\/2024\/09\/vie-associative-1-150x150.jpg\",\"caption\":\"Julien\"},\"description\":\"Je suis Julien, r\u00e9dacteur pour Vie Associative. Passionn\u00e9 par le monde associatif depuis plus de 10 ans, j'ai \u00e0 c\u0153ur de partager des histoires inspirantes et de mettre en lumi\u00e8re les initiatives locales. Mon objectif est de sensibiliser et d'encourager l'engagement communautaire \u00e0 travers mes articles.\",\"sameAs\":[\"https:\/\/vieassociative.be\/\"]}]}<\/script>\n<!-- \/ Yoast SEO plugin. -->","yoast_head_json":{"title":"J'ai \u00e9cout\u00e9 75 jours de podcasts en 2024, et voici mes 10 nouvelles \u00e9missions pr\u00e9f\u00e9r\u00e9es | Vie Associative","robots":{"index":"index","follow":"follow","max-snippet":"max-snippet:-1","max-image-preview":"max-image-preview:large","max-video-preview":"max-video-preview:-1"},"canonical":"https:\/\/vieassociative.be\/actualites\/jai-ecoute-75-jours-de-podcasts-en-2024-et-voici-mes-10-nouvelles-emissions-preferees\/","og_locale":"fr_FR","og_type":"article","og_title":"J'ai \u00e9cout\u00e9 75 jours de podcasts en 2024, et voici mes 10 nouvelles \u00e9missions pr\u00e9f\u00e9r\u00e9es | Vie Associative","og_description":"Des petites villes aux minuscules dinosaures, en passant par une plong\u00e9e profonde dans la renomm\u00e9e virale, ce sont mes \u00e9coutes les plus m\u00e9morables de l&rsquo;ann\u00e9e.","og_url":"https:\/\/vieassociative.be\/actualites\/jai-ecoute-75-jours-de-podcasts-en-2024-et-voici-mes-10-nouvelles-emissions-preferees\/","og_site_name":"Vie Associative","article_published_time":"2024-12-10T06:18:14+00:00","og_image":[{"url":"https:\/\/vieassociative.be\/actualites\/wp-content\/uploads\/2024\/12\/Jai-ecoute-75-jours-de-podcasts-en-2024-et-voici.jpg","type":"","width":"","height":""}],"author":"Julien","twitter_card":"summary_large_image","twitter_misc":{"\u00c9crit par":"Julien","Dur\u00e9e de lecture est.":"8 minutes"},"schema":{"@context":"https:\/\/schema.org","@graph":[{"@type":"Article","@id":"https:\/\/vieassociative.be\/actualites\/jai-ecoute-75-jours-de-podcasts-en-2024-et-voici-mes-10-nouvelles-emissions-preferees\/#article","isPartOf":{"@id":"https:\/\/vieassociative.be\/actualites\/jai-ecoute-75-jours-de-podcasts-en-2024-et-voici-mes-10-nouvelles-emissions-preferees\/"},"author":{"name":"Julien","@id":"https:\/\/vieassociative.be\/actualites\/#\/schema\/person\/b87ac4f82f9d4e7b7cec7395b679edc4"},"headline":"J&rsquo;ai \u00e9cout\u00e9 75 jours de podcasts en 2024, et voici mes 10 nouvelles \u00e9missions pr\u00e9f\u00e9r\u00e9es","datePublished":"2024-12-10T06:18:14+00:00","dateModified":"2024-12-10T06:18:14+00:00","mainEntityOfPage":{"@id":"https:\/\/vieassociative.be\/actualites\/jai-ecoute-75-jours-de-podcasts-en-2024-et-voici-mes-10-nouvelles-emissions-preferees\/"},"wordCount":1760,"publisher":{"@id":"https:\/\/vieassociative.be\/actualites\/#organization"},"image":{"@id":"https:\/\/vieassociative.be\/actualites\/jai-ecoute-75-jours-de-podcasts-en-2024-et-voici-mes-10-nouvelles-emissions-preferees\/#primaryimage"},"thumbnailUrl":"https:\/\/vieassociative.be\/actualites\/wp-content\/uploads\/2024\/12\/Jai-ecoute-75-jours-de-podcasts-en-2024-et-voici.png","keywords":["\u00e9cout\u00e9","\u00e9missions","Jai","jours","Mes","nouvelles","podcasts","pr\u00e9f\u00e9r\u00e9es","Voici"],"articleSection":["Divertissement"],"inLanguage":"fr-BE"},{"@type":"WebPage","@id":"https:\/\/vieassociative.be\/actualites\/jai-ecoute-75-jours-de-podcasts-en-2024-et-voici-mes-10-nouvelles-emissions-preferees\/","url":"https:\/\/vieassociative.be\/actualites\/jai-ecoute-75-jours-de-podcasts-en-2024-et-voici-mes-10-nouvelles-emissions-preferees\/","name":"J'ai \u00e9cout\u00e9 75 jours de podcasts en 2024, et voici mes 10 nouvelles \u00e9missions pr\u00e9f\u00e9r\u00e9es | Vie Associative","isPartOf":{"@id":"https:\/\/vieassociative.be\/actualites\/#website"},"primaryImageOfPage":{"@id":"https:\/\/vieassociative.be\/actualites\/jai-ecoute-75-jours-de-podcasts-en-2024-et-voici-mes-10-nouvelles-emissions-preferees\/#primaryimage"},"image":{"@id":"https:\/\/vieassociative.be\/actualites\/jai-ecoute-75-jours-de-podcasts-en-2024-et-voici-mes-10-nouvelles-emissions-preferees\/#primaryimage"},"thumbnailUrl":"https:\/\/vieassociative.be\/actualites\/wp-content\/uploads\/2024\/12\/Jai-ecoute-75-jours-de-podcasts-en-2024-et-voici.png","datePublished":"2024-12-10T06:18:14+00:00","dateModified":"2024-12-10T06:18:14+00:00","breadcrumb":{"@id":"https:\/\/vieassociative.be\/actualites\/jai-ecoute-75-jours-de-podcasts-en-2024-et-voici-mes-10-nouvelles-emissions-preferees\/#breadcrumb"},"inLanguage":"fr-BE","potentialAction":[{"@type":"ReadAction","target":["https:\/\/vieassociative.be\/actualites\/jai-ecoute-75-jours-de-podcasts-en-2024-et-voici-mes-10-nouvelles-emissions-preferees\/"]}]},{"@type":"ImageObject","inLanguage":"fr-BE","@id":"https:\/\/vieassociative.be\/actualites\/jai-ecoute-75-jours-de-podcasts-en-2024-et-voici-mes-10-nouvelles-emissions-preferees\/#primaryimage","url":"https:\/\/vieassociative.be\/actualites\/wp-content\/uploads\/2024\/12\/Jai-ecoute-75-jours-de-podcasts-en-2024-et-voici.png","contentUrl":"https:\/\/vieassociative.be\/actualites\/wp-content\/uploads\/2024\/12\/Jai-ecoute-75-jours-de-podcasts-en-2024-et-voici.png","width":1200,"height":675,"caption":"J'ai \u00e9cout\u00e9 75 jours de podcasts en 2024, et voici mes 10 nouvelles \u00e9missions pr\u00e9f\u00e9r\u00e9es"},{"@type":"BreadcrumbList","@id":"https:\/\/vieassociative.be\/actualites\/jai-ecoute-75-jours-de-podcasts-en-2024-et-voici-mes-10-nouvelles-emissions-preferees\/#breadcrumb","itemListElement":[{"@type":"ListItem","position":1,"name":"Accueil","item":"https:\/\/vieassociative.be\/actualites\/"},{"@type":"ListItem","position":2,"name":"J&rsquo;ai \u00e9cout\u00e9 75 jours de podcasts en 2024, et voici mes 10 nouvelles \u00e9missions pr\u00e9f\u00e9r\u00e9es"}]},{"@type":"WebSite","@id":"https:\/\/vieassociative.be\/actualites\/#website","url":"https:\/\/vieassociative.be\/actualites\/","name":"Vie Associative","description":"","publisher":{"@id":"https:\/\/vieassociative.be\/actualites\/#organization"},"potentialAction":[{"@type":"SearchAction","target":{"@type":"EntryPoint","urlTemplate":"https:\/\/vieassociative.be\/actualites\/?s={search_term_string}"},"query-input":{"@type":"PropertyValueSpecification","valueRequired":true,"valueName":"search_term_string"}}],"inLanguage":"fr-BE"},{"@type":"Organization","@id":"https:\/\/vieassociative.be\/actualites\/#organization","name":"Vie Associative","url":"https:\/\/vieassociative.be\/actualites\/","logo":{"@type":"ImageObject","inLanguage":"fr-BE","@id":"https:\/\/vieassociative.be\/actualites\/#\/schema\/logo\/image\/","url":"https:\/\/vieassociative.be\/actualites\/wp-content\/uploads\/2024\/09\/cropped-vieassociative_favicon.ico.png","contentUrl":"https:\/\/vieassociative.be\/actualites\/wp-content\/uploads\/2024\/09\/cropped-vieassociative_favicon.ico.png","width":512,"height":512,"caption":"Vie Associative"},"image":{"@id":"https:\/\/vieassociative.be\/actualites\/#\/schema\/logo\/image\/"}},{"@type":"Person","@id":"https:\/\/vieassociative.be\/actualites\/#\/schema\/person\/b87ac4f82f9d4e7b7cec7395b679edc4","name":"Julien","image":{"@type":"ImageObject","inLanguage":"fr-BE","@id":"https:\/\/vieassociative.be\/actualites\/#\/schema\/person\/image\/","url":"https:\/\/vieassociative.be\/actualites\/wp-content\/uploads\/2024\/09\/vie-associative-1-150x150.jpg","contentUrl":"https:\/\/vieassociative.be\/actualites\/wp-content\/uploads\/2024\/09\/vie-associative-1-150x150.jpg","caption":"Julien"},"description":"Je suis Julien, r\u00e9dacteur pour Vie Associative. Passionn\u00e9 par le monde associatif depuis plus de 10 ans, j'ai \u00e0 c\u0153ur de partager des histoires inspirantes et de mettre en lumi\u00e8re les initiatives locales. Mon objectif est de sensibiliser et d'encourager l'engagement communautaire \u00e0 travers mes articles.","sameAs":["https:\/\/vieassociative.be\/"]}]}},"_links":{"self":[{"href":"https:\/\/vieassociative.be\/actualites\/wp-json\/wp\/v2\/posts\/3235"}],"collection":[{"href":"https:\/\/vieassociative.be\/actualites\/wp-json\/wp\/v2\/posts"}],"about":[{"href":"https:\/\/vieassociative.be\/actualites\/wp-json\/wp\/v2\/types\/post"}],"author":[{"embeddable":true,"href":"https:\/\/vieassociative.be\/actualites\/wp-json\/wp\/v2\/users\/1"}],"replies":[{"embeddable":true,"href":"https:\/\/vieassociative.be\/actualites\/wp-json\/wp\/v2\/comments?post=3235"}],"version-history":[{"count":0,"href":"https:\/\/vieassociative.be\/actualites\/wp-json\/wp\/v2\/posts\/3235\/revisions"}],"wp:featuredmedia":[{"embeddable":true,"href":"https:\/\/vieassociative.be\/actualites\/wp-json\/wp\/v2\/media\/3236"}],"wp:attachment":[{"href":"https:\/\/vieassociative.be\/actualites\/wp-json\/wp\/v2\/media?parent=3235"}],"wp:term":[{"taxonomy":"category","embeddable":true,"href":"https:\/\/vieassociative.be\/actualites\/wp-json\/wp\/v2\/categories?post=3235"},{"taxonomy":"post_tag","embeddable":true,"href":"https:\/\/vieassociative.be\/actualites\/wp-json\/wp\/v2\/tags?post=3235"}],"curies":[{"name":"wp","href":"https:\/\/api.w.org\/{rel}","templated":true}]}}