{"id":3225,"date":"2024-12-10T00:17:13","date_gmt":"2024-12-09T23:17:13","guid":{"rendered":"https:\/\/vieassociative.be\/actualites\/arretez-de-dire-aux-enfants-de-soyez-prudent-et-que-dire-a-la-place\/"},"modified":"2024-12-10T00:17:13","modified_gmt":"2024-12-09T23:17:13","slug":"arretez-de-dire-aux-enfants-de-soyez-prudent-et-que-dire-a-la-place","status":"publish","type":"post","link":"https:\/\/vieassociative.be\/actualites\/arretez-de-dire-aux-enfants-de-soyez-prudent-et-que-dire-a-la-place\/","title":{"rendered":"Arr\u00eatez de dire aux enfants de \u00ab\u00a0soyez prudent\u00a0\u00bb (et que dire \u00e0 la place)"},"content":{"rendered":"<div class=\"mt-4 leading-6 md:mb-8\">Dire \u00ab soyez prudent \u00bb tout le temps peut d\u00e9router les enfants, susciter la peur et diminuer leur confiance en eux.<\/div>\n<p><\/p>\n<p>Si vous avez d\u00e9j\u00e0 vu vos enfants, pas si s\u00fbrs de leur pied, gravir un grand&#8230;<em>tr\u00e8s grand\u2014<\/em>une structure d&rsquo;escalade sur corde sur l&rsquo;aire de jeux, ou se hisser au sommet d&rsquo;une grosse b\u00fbche bancale dans les bois, ou tenter les barres de singe<em> <\/em>seul<em> <\/em>pour la premi\u00e8re fois (\u00e0 une vitesse vertigineuse), vous avez peut-\u00eatre ressenti le besoin de crier \u00ab Attention ! Et pourquoi ? Parce que les armes <em>faire<\/em> se faire casser sur les terrains de jeux et personne ne veut se rendre aux urgences. Et probablement parce que vous l&rsquo;avez souvent entendu quand <em>toi<\/em> grandissaient.<\/p>\n<p>Mais il y a plusieurs raisons pour lesquelles ces remontrances parentales souvent r\u00e9p\u00e9t\u00e9es peuvent faire plus de mal que de bien. (Et plusieurs meilleures fa\u00e7ons d&rsquo;aider vos enfants \u00e0 prendre conscience des risques et \u00e0 adopter des comportements s\u00fbrs.) Voici pourquoi vous devriez \u00e9viter cette expression courante et ce que vous pouvez dire \u00e0 la place. <\/p>\n<h2 id=\"why-saying-be-careful-is-ineffective\">Pourquoi dire attention est inefficace <\/h2>\n<p><strong>Ce n&rsquo;est pas assez pr\u00e9cis<\/strong>. Un \u00ab\u00a0Soyez prudent\u00a0!\u00a0\u00bb prononc\u00e9 de mani\u00e8re urgente. pourrait vouloir dire n&rsquo;importe quoi de <em>Attention \u00e0 cette branche d&rsquo;arbre<\/em>ou <em>Il y a une tarentule sur ta t\u00eate ! <\/em>Lorsque nous disons \u00ab\u00a0soyez prudent\u00a0\u00bb, nos enfants ne savent souvent m\u00eame pas exactement ce qu&rsquo;il faut faire attention.<em> \u00e0 propos de. <\/em><\/p>\n<p><strong>C&rsquo;est galvaud\u00e9. <\/strong>\u00c9tant donn\u00e9 que \u00ab\u00a0soyez prudent\u00a0\u00bb est une expression tellement enracin\u00e9e et impulsive, nous avons tendance \u00e0 la r\u00e9p\u00e9ter souvent, dans des situations aussi grandes que petites. On le dit quand ils sont sur le point de sauter d&rsquo;un mur <em>et<\/em> quand ils sortent tout juste de la baignoire. Mais les phrases indescriptibles fr\u00e9quemment prononc\u00e9es perdent leur sens avec le temps et ont tendance \u00e0 \u00eatre ignor\u00e9es. <\/p>\n<p><strong>Cela suscite la peur<\/strong>. Combien de fois disons-nous \u00ab soyez prudent \u00bb parce que <em>nous <\/em>avez-vous peur ? Si nous sommes honn\u00eates, la contrainte de le dire vient g\u00e9n\u00e9ralement de notre propre anxi\u00e9t\u00e9, que nous transmettons ensuite inutilement \u00e0 nos enfants. M\u00eame si les enfants doivent \u00eatre conscients des risques situationnels et physiques, leur apprendre \u00e0 avoir peur des <em>jouant <\/em>et autres activit\u00e9s quotidiennes<em> <\/em>peut cr\u00e9er une r\u00e9sistance \u00e0 essayer de nouvelles choses et un manque de confiance en soi au fil du temps. <\/p>\n<p><strong>Cela inhibe leur d\u00e9veloppement<\/strong>. Des recherches ont montr\u00e9 que \u00ab\u00a0imposer trop de restrictions aux jeux \u00e0 risque des enfants en plein air nuit \u00e0 leur d\u00e9veloppement\u00a0\u00bb. Et cette \u00e9tude a r\u00e9v\u00e9l\u00e9 que l&rsquo;augmentation des opportunit\u00e9s de nature et de jeux risqu\u00e9s am\u00e9liorait la confiance en soi, l&rsquo;autor\u00e9gulation et la cr\u00e9ativit\u00e9 et, en fait, <em>r\u00e9duit<\/em> le risque de blessure.<\/p>\n<p>Si nous intervenons constamment, nos enfants se voient priv\u00e9s de la possibilit\u00e9 de calculer et de g\u00e9rer eux-m\u00eames les risques, une comp\u00e9tence essentielle dans la vie quotidienne. Plus nous les conditionnons \u00e0 s&rsquo;appuyer sur des sources externes pour les alerter d&rsquo;un danger, moins ils seront enclins \u00e0 faire confiance \u00e0 leurs propres comp\u00e9tences et instincts et \u00e0 relever des d\u00e9fis \u00e0 l&rsquo;avenir.<\/p>\n<h2 id=\"what-to-say-instead\">Que dire \u00e0 la place<\/h2>\n<p>Bien s\u00fbr, en tant que parents, nous voulons \u00e9viter les blessures, et les enfants, peu connus pour leurs d\u00e9cisions prudentes, ont besoin de conseils. Alors, comment pouvons-nous les encourager de mani\u00e8re constructive \u00e0 d\u00e9velopper une conscience de la situation, \u00e0 \u00e9valuer les risques et \u00e0 r\u00e9soudre les probl\u00e8mes, sans leur faire ind\u00fbment peur\u00a0?<\/p>\n<p>Notre premi\u00e8re \u00e9tape, en tant que soignants, est de remarquer et d\u2019interrompre l\u2019habitude de dire \u00ab soyez prudent \u00bb chaque fois que nous sentons une bouff\u00e9e de danger pour nos enfants. Demandez-vous s\u2019il existe actuellement un risque de pr\u00e9judice grave\u00a0? Si ce n&rsquo;est pas le cas, r\u00e9sistez \u00e0 l&rsquo;envie de jeter un <em>sois prudent<\/em> et essayez plut\u00f4t l&rsquo;un de ceux-ci\u00a0: <\/p>\n<p>\u00ab\u00a0<strong>Remarquez comment&#8230;\/Voyez-vous&#8230;<\/strong>\u00ab Entra\u00eenez votre enfant \u00e0 devenir plus conscient de son environnement dans des situations impliquant sa propre s\u00e9curit\u00e9, sans lui dire quoi faire. Par exemple: <em>Remarquez \u00e0 quel point ce rocher est glissant. Remarquez la profondeur de l&rsquo;eau. Voyez-vous cette marche cass\u00e9e ? Voyez-vous un chemin vers le bas ?<\/em> <em>Vous voyez la gu\u00eape l\u00e0-bas ?<\/em> <\/p>\n<p><strong>\u00ab\u00a0Est-ce que tu te sens&#8230;?\u00a0\u00bb <\/strong>Demandez \u00e0 votre enfant de v\u00e9rifier son exp\u00e9rience \u00e9motionnelle et physique, en faisant une pause et en \u00e9valuant ce qui se passe sous la surface (une comp\u00e9tence que de nombreux adultes ma\u00eetrisent encore). <em>Vous sentez-vous en s\u00e9curit\u00e9 ? Vous sentez-vous stable sur cette branche ? Vous sentez-vous fatigu\u00e9 ? Sentez-vous \u00e0 quel point le po\u00eale est chaud ? <\/em><\/p>\n<p><strong>\u00ab\u00a0Quelle est votre prochaine action\u00a0?\u00a0\u00bb <\/strong>Donnez \u00e0 vos enfants une chance de r\u00e9soudre des probl\u00e8mes et de cr\u00e9er leur propre plan d&rsquo;action. S&rsquo;ils grimpent haut, marchent jusqu&rsquo;\u00e0 un bord ou doivent traverser un ruisseau imp\u00e9tueux, au lieu de proposer imm\u00e9diatement une solution, demandez\u00a0: <em>Quelle est votre prochaine \u00e9tape\u00a0?<\/em> ou <em>Que pensez-vous que vous devriez faire ensuite ? <\/em><\/p>\n<p><strong>\u00ab\u00a0Essayer&#8230;\u00a0\u00bb<\/strong> Lorsque vos enfants semblent incertains et demandent de l\u2019aide, au lieu de leur donner la r\u00e9ponse en bloc (\u00e0 moins qu\u2019ils ne soient en danger), encouragez-les \u00e0 \u00ab essayer \u00bb diff\u00e9rentes choses. <em>Essayez d&rsquo;utiliser vos bras. Essayez de bouger vos pieds lentement. Essayez d&rsquo;aller de c\u00f4t\u00e9.<\/em><\/p>\n<p><strong>Qui\/Quoi\/O\u00f9\/Comment\u00a0: <\/strong>Encouragez vos enfants \u00e0 consid\u00e9rer les possibilit\u00e9s, les prochaines \u00e9tapes, les cons\u00e9quences logiques et les ressources \u00e0 leur disposition avec des questions qui\/quoi\/o\u00f9\/comment. <em>Qui viendra avec toi ? Que vas-tu faire de ce b\u00e2ton ? O\u00f9 vas-tu mettre ton sac \u00e0 dos ? Comment vas-tu descendre ?<\/em><\/p>\n<p><strong>\u00ab\u00a0Souviens-toi&#8230;\u00a0\u00bb<\/strong> Le simple fait d\u2019inciter les enfants \u00e0 se souvenir de leur environnement, des propri\u00e9t\u00e9s des objets dangereux qu\u2019ils aiment tenir et de tout r\u00e9sultat n\u00e9gatif potentiel peut grandement contribuer \u00e0 assurer leur s\u00e9curit\u00e9 (et celle de ceux qui les entourent). <em>N&rsquo;oubliez pas que les pierres sont lourdes et peuvent blesser les gens. N&rsquo;oubliez pas que les b\u00e2tons sont tranchants et n\u00e9cessitent beaucoup d&rsquo;espace. N&rsquo;oubliez pas que tout le monde n&rsquo;aime pas balancer aussi haut<\/em>. <\/p>\n<p><strong>\u00ab\u00a0Je suis l\u00e0 si tu as besoin de moi.\u00a0\u00bb <\/strong>L\u2019une des meilleures choses que nous puissions faire pour nos enfants \u2013 encore une fois, lorsqu\u2019il n\u2019y a pas de danger imm\u00e9diat de danger physique grave \u2013 est simplement de se taire. M\u00eame s&rsquo;il peut \u00eatre difficile de les voir adopter des comportements \u00e0 risque, ils ont besoin de temps et d&rsquo;espace pour apprendre \u00e0 relever eux-m\u00eames les d\u00e9fis de la vie. Parfois, la meilleure fa\u00e7on d&rsquo;\u00eatre parent consiste \u00e0 dire : \u00ab Je suis l\u00e0 si tu as besoin de moi \u00bb, puis \u00e0 s&rsquo;\u00e9carter.<\/p>\n","protected":false},"excerpt":{"rendered":"<p>Dire \u00ab soyez prudent \u00bb tout le temps peut d\u00e9router les enfants, susciter la peur et diminuer leur confiance en eux. Si vous avez d\u00e9j\u00e0<\/p>\n","protected":false},"author":1,"featured_media":3226,"comment_status":"","ping_status":"","sticky":false,"template":"","format":"standard","meta":{"footnotes":""},"categories":[37],"tags":[1570,289,1074,324,204,3895,1847],"class_list":["post-3225","post","type-post","status-publish","format-standard","has-post-thumbnail","hentry","category-famille","tag-arretez","tag-aux","tag-dire","tag-enfants","tag-place","tag-prudent","tag-soyez","generate-columns","tablet-grid-50","mobile-grid-100","grid-parent","grid-33"],"yoast_head":"<!-- This site is optimized with the Yoast SEO plugin v24.0 - https:\/\/yoast.com\/wordpress\/plugins\/seo\/ -->\n<title>Arr\u00eatez de dire aux enfants de \u00ab\u00a0soyez prudent\u00a0\u00bb (et que dire \u00e0 la place) | Vie Associative<\/title>\n<meta name=\"robots\" content=\"index, follow, max-snippet:-1, max-image-preview:large, max-video-preview:-1\" \/>\n<link rel=\"canonical\" href=\"https:\/\/vieassociative.be\/actualites\/arretez-de-dire-aux-enfants-de-soyez-prudent-et-que-dire-a-la-place\/\" \/>\n<meta property=\"og:locale\" content=\"fr_FR\" \/>\n<meta property=\"og:type\" content=\"article\" \/>\n<meta property=\"og:title\" content=\"Arr\u00eatez de dire aux enfants de \u00ab\u00a0soyez prudent\u00a0\u00bb (et que dire \u00e0 la place) | Vie Associative\" \/>\n<meta property=\"og:description\" content=\"Dire \u00ab soyez prudent \u00bb tout le temps peut d\u00e9router les enfants, susciter la peur et diminuer leur confiance en eux. Si vous avez d\u00e9j\u00e0\" \/>\n<meta property=\"og:url\" content=\"https:\/\/vieassociative.be\/actualites\/arretez-de-dire-aux-enfants-de-soyez-prudent-et-que-dire-a-la-place\/\" \/>\n<meta property=\"og:site_name\" content=\"Vie Associative\" \/>\n<meta property=\"article:published_time\" content=\"2024-12-09T23:17:13+00:00\" \/>\n<meta property=\"og:image\" content=\"https:\/\/vieassociative.be\/actualites\/wp-content\/uploads\/2024\/09\/header_backgroundk-01-e1726694325946.png\" \/>\n\t<meta property=\"og:image:width\" content=\"279\" \/>\n\t<meta property=\"og:image:height\" content=\"92\" \/>\n\t<meta property=\"og:image:type\" content=\"image\/png\" \/>\n<meta name=\"author\" content=\"Julien\" \/>\n<meta name=\"twitter:card\" content=\"summary_large_image\" \/>\n<meta name=\"twitter:label1\" content=\"\u00c9crit par\" \/>\n\t<meta name=\"twitter:data1\" content=\"Julien\" \/>\n\t<meta name=\"twitter:label2\" content=\"Dur\u00e9e de lecture est.\" \/>\n\t<meta name=\"twitter:data2\" content=\"6 minutes\" \/>\n<script type=\"application\/ld+json\" class=\"yoast-schema-graph\">{\"@context\":\"https:\/\/schema.org\",\"@graph\":[{\"@type\":\"Article\",\"@id\":\"https:\/\/vieassociative.be\/actualites\/arretez-de-dire-aux-enfants-de-soyez-prudent-et-que-dire-a-la-place\/#article\",\"isPartOf\":{\"@id\":\"https:\/\/vieassociative.be\/actualites\/arretez-de-dire-aux-enfants-de-soyez-prudent-et-que-dire-a-la-place\/\"},\"author\":{\"name\":\"Julien\",\"@id\":\"https:\/\/vieassociative.be\/actualites\/#\/schema\/person\/b87ac4f82f9d4e7b7cec7395b679edc4\"},\"headline\":\"Arr\u00eatez de dire aux enfants de \u00ab\u00a0soyez prudent\u00a0\u00bb (et que dire \u00e0 la place)\",\"datePublished\":\"2024-12-09T23:17:13+00:00\",\"dateModified\":\"2024-12-09T23:17:13+00:00\",\"mainEntityOfPage\":{\"@id\":\"https:\/\/vieassociative.be\/actualites\/arretez-de-dire-aux-enfants-de-soyez-prudent-et-que-dire-a-la-place\/\"},\"wordCount\":1155,\"publisher\":{\"@id\":\"https:\/\/vieassociative.be\/actualites\/#organization\"},\"image\":{\"@id\":\"https:\/\/vieassociative.be\/actualites\/arretez-de-dire-aux-enfants-de-soyez-prudent-et-que-dire-a-la-place\/#primaryimage\"},\"thumbnailUrl\":\"https:\/\/vieassociative.be\/actualites\/wp-content\/uploads\/2024\/12\/Arretez-de-dire-aux-enfants-de-soyez-prudent-et-que.jpg\",\"keywords\":[\"Arr\u00eatez\",\"aux\",\"dire\",\"enfants\",\"place\",\"prudent\",\"soyez\"],\"articleSection\":[\"Famille\"],\"inLanguage\":\"fr-BE\"},{\"@type\":\"WebPage\",\"@id\":\"https:\/\/vieassociative.be\/actualites\/arretez-de-dire-aux-enfants-de-soyez-prudent-et-que-dire-a-la-place\/\",\"url\":\"https:\/\/vieassociative.be\/actualites\/arretez-de-dire-aux-enfants-de-soyez-prudent-et-que-dire-a-la-place\/\",\"name\":\"Arr\u00eatez de dire aux enfants de \u00ab\u00a0soyez prudent\u00a0\u00bb (et que dire \u00e0 la place) | Vie Associative\",\"isPartOf\":{\"@id\":\"https:\/\/vieassociative.be\/actualites\/#website\"},\"primaryImageOfPage\":{\"@id\":\"https:\/\/vieassociative.be\/actualites\/arretez-de-dire-aux-enfants-de-soyez-prudent-et-que-dire-a-la-place\/#primaryimage\"},\"image\":{\"@id\":\"https:\/\/vieassociative.be\/actualites\/arretez-de-dire-aux-enfants-de-soyez-prudent-et-que-dire-a-la-place\/#primaryimage\"},\"thumbnailUrl\":\"https:\/\/vieassociative.be\/actualites\/wp-content\/uploads\/2024\/12\/Arretez-de-dire-aux-enfants-de-soyez-prudent-et-que.jpg\",\"datePublished\":\"2024-12-09T23:17:13+00:00\",\"dateModified\":\"2024-12-09T23:17:13+00:00\",\"breadcrumb\":{\"@id\":\"https:\/\/vieassociative.be\/actualites\/arretez-de-dire-aux-enfants-de-soyez-prudent-et-que-dire-a-la-place\/#breadcrumb\"},\"inLanguage\":\"fr-BE\",\"potentialAction\":[{\"@type\":\"ReadAction\",\"target\":[\"https:\/\/vieassociative.be\/actualites\/arretez-de-dire-aux-enfants-de-soyez-prudent-et-que-dire-a-la-place\/\"]}]},{\"@type\":\"ImageObject\",\"inLanguage\":\"fr-BE\",\"@id\":\"https:\/\/vieassociative.be\/actualites\/arretez-de-dire-aux-enfants-de-soyez-prudent-et-que-dire-a-la-place\/#primaryimage\",\"url\":\"https:\/\/vieassociative.be\/actualites\/wp-content\/uploads\/2024\/12\/Arretez-de-dire-aux-enfants-de-soyez-prudent-et-que.jpg\",\"contentUrl\":\"https:\/\/vieassociative.be\/actualites\/wp-content\/uploads\/2024\/12\/Arretez-de-dire-aux-enfants-de-soyez-prudent-et-que.jpg\",\"width\":1200,\"height\":675,\"caption\":\"Arr\u00eatez de dire aux enfants de \u00ab\u00a0soyez prudent\u00a0\u00bb (et que dire \u00e0 la place)\"},{\"@type\":\"BreadcrumbList\",\"@id\":\"https:\/\/vieassociative.be\/actualites\/arretez-de-dire-aux-enfants-de-soyez-prudent-et-que-dire-a-la-place\/#breadcrumb\",\"itemListElement\":[{\"@type\":\"ListItem\",\"position\":1,\"name\":\"Accueil\",\"item\":\"https:\/\/vieassociative.be\/actualites\/\"},{\"@type\":\"ListItem\",\"position\":2,\"name\":\"Arr\u00eatez de dire aux enfants de \u00ab\u00a0soyez prudent\u00a0\u00bb (et que dire \u00e0 la place)\"}]},{\"@type\":\"WebSite\",\"@id\":\"https:\/\/vieassociative.be\/actualites\/#website\",\"url\":\"https:\/\/vieassociative.be\/actualites\/\",\"name\":\"Vie Associative\",\"description\":\"\",\"publisher\":{\"@id\":\"https:\/\/vieassociative.be\/actualites\/#organization\"},\"potentialAction\":[{\"@type\":\"SearchAction\",\"target\":{\"@type\":\"EntryPoint\",\"urlTemplate\":\"https:\/\/vieassociative.be\/actualites\/?s={search_term_string}\"},\"query-input\":{\"@type\":\"PropertyValueSpecification\",\"valueRequired\":true,\"valueName\":\"search_term_string\"}}],\"inLanguage\":\"fr-BE\"},{\"@type\":\"Organization\",\"@id\":\"https:\/\/vieassociative.be\/actualites\/#organization\",\"name\":\"Vie Associative\",\"url\":\"https:\/\/vieassociative.be\/actualites\/\",\"logo\":{\"@type\":\"ImageObject\",\"inLanguage\":\"fr-BE\",\"@id\":\"https:\/\/vieassociative.be\/actualites\/#\/schema\/logo\/image\/\",\"url\":\"https:\/\/vieassociative.be\/actualites\/wp-content\/uploads\/2024\/09\/cropped-vieassociative_favicon.ico.png\",\"contentUrl\":\"https:\/\/vieassociative.be\/actualites\/wp-content\/uploads\/2024\/09\/cropped-vieassociative_favicon.ico.png\",\"width\":512,\"height\":512,\"caption\":\"Vie Associative\"},\"image\":{\"@id\":\"https:\/\/vieassociative.be\/actualites\/#\/schema\/logo\/image\/\"}},{\"@type\":\"Person\",\"@id\":\"https:\/\/vieassociative.be\/actualites\/#\/schema\/person\/b87ac4f82f9d4e7b7cec7395b679edc4\",\"name\":\"Julien\",\"image\":{\"@type\":\"ImageObject\",\"inLanguage\":\"fr-BE\",\"@id\":\"https:\/\/vieassociative.be\/actualites\/#\/schema\/person\/image\/\",\"url\":\"https:\/\/vieassociative.be\/actualites\/wp-content\/uploads\/2024\/09\/vie-associative-1-150x150.jpg\",\"contentUrl\":\"https:\/\/vieassociative.be\/actualites\/wp-content\/uploads\/2024\/09\/vie-associative-1-150x150.jpg\",\"caption\":\"Julien\"},\"description\":\"Je suis Julien, r\u00e9dacteur pour Vie Associative. Passionn\u00e9 par le monde associatif depuis plus de 10 ans, j'ai \u00e0 c\u0153ur de partager des histoires inspirantes et de mettre en lumi\u00e8re les initiatives locales. Mon objectif est de sensibiliser et d'encourager l'engagement communautaire \u00e0 travers mes articles.\",\"sameAs\":[\"https:\/\/vieassociative.be\/\"]}]}<\/script>\n<!-- \/ Yoast SEO plugin. -->","yoast_head_json":{"title":"Arr\u00eatez de dire aux enfants de \u00ab\u00a0soyez prudent\u00a0\u00bb (et que dire \u00e0 la place) | Vie Associative","robots":{"index":"index","follow":"follow","max-snippet":"max-snippet:-1","max-image-preview":"max-image-preview:large","max-video-preview":"max-video-preview:-1"},"canonical":"https:\/\/vieassociative.be\/actualites\/arretez-de-dire-aux-enfants-de-soyez-prudent-et-que-dire-a-la-place\/","og_locale":"fr_FR","og_type":"article","og_title":"Arr\u00eatez de dire aux enfants de \u00ab\u00a0soyez prudent\u00a0\u00bb (et que dire \u00e0 la place) | Vie Associative","og_description":"Dire \u00ab soyez prudent \u00bb tout le temps peut d\u00e9router les enfants, susciter la peur et diminuer leur confiance en eux. Si vous avez d\u00e9j\u00e0","og_url":"https:\/\/vieassociative.be\/actualites\/arretez-de-dire-aux-enfants-de-soyez-prudent-et-que-dire-a-la-place\/","og_site_name":"Vie Associative","article_published_time":"2024-12-09T23:17:13+00:00","og_image":[{"width":279,"height":92,"url":"https:\/\/vieassociative.be\/actualites\/wp-content\/uploads\/2024\/09\/header_backgroundk-01-e1726694325946.png","type":"image\/png"}],"author":"Julien","twitter_card":"summary_large_image","twitter_misc":{"\u00c9crit par":"Julien","Dur\u00e9e de lecture est.":"6 minutes"},"schema":{"@context":"https:\/\/schema.org","@graph":[{"@type":"Article","@id":"https:\/\/vieassociative.be\/actualites\/arretez-de-dire-aux-enfants-de-soyez-prudent-et-que-dire-a-la-place\/#article","isPartOf":{"@id":"https:\/\/vieassociative.be\/actualites\/arretez-de-dire-aux-enfants-de-soyez-prudent-et-que-dire-a-la-place\/"},"author":{"name":"Julien","@id":"https:\/\/vieassociative.be\/actualites\/#\/schema\/person\/b87ac4f82f9d4e7b7cec7395b679edc4"},"headline":"Arr\u00eatez de dire aux enfants de \u00ab\u00a0soyez prudent\u00a0\u00bb (et que dire \u00e0 la place)","datePublished":"2024-12-09T23:17:13+00:00","dateModified":"2024-12-09T23:17:13+00:00","mainEntityOfPage":{"@id":"https:\/\/vieassociative.be\/actualites\/arretez-de-dire-aux-enfants-de-soyez-prudent-et-que-dire-a-la-place\/"},"wordCount":1155,"publisher":{"@id":"https:\/\/vieassociative.be\/actualites\/#organization"},"image":{"@id":"https:\/\/vieassociative.be\/actualites\/arretez-de-dire-aux-enfants-de-soyez-prudent-et-que-dire-a-la-place\/#primaryimage"},"thumbnailUrl":"https:\/\/vieassociative.be\/actualites\/wp-content\/uploads\/2024\/12\/Arretez-de-dire-aux-enfants-de-soyez-prudent-et-que.jpg","keywords":["Arr\u00eatez","aux","dire","enfants","place","prudent","soyez"],"articleSection":["Famille"],"inLanguage":"fr-BE"},{"@type":"WebPage","@id":"https:\/\/vieassociative.be\/actualites\/arretez-de-dire-aux-enfants-de-soyez-prudent-et-que-dire-a-la-place\/","url":"https:\/\/vieassociative.be\/actualites\/arretez-de-dire-aux-enfants-de-soyez-prudent-et-que-dire-a-la-place\/","name":"Arr\u00eatez de dire aux enfants de \u00ab\u00a0soyez prudent\u00a0\u00bb (et que dire \u00e0 la place) | Vie Associative","isPartOf":{"@id":"https:\/\/vieassociative.be\/actualites\/#website"},"primaryImageOfPage":{"@id":"https:\/\/vieassociative.be\/actualites\/arretez-de-dire-aux-enfants-de-soyez-prudent-et-que-dire-a-la-place\/#primaryimage"},"image":{"@id":"https:\/\/vieassociative.be\/actualites\/arretez-de-dire-aux-enfants-de-soyez-prudent-et-que-dire-a-la-place\/#primaryimage"},"thumbnailUrl":"https:\/\/vieassociative.be\/actualites\/wp-content\/uploads\/2024\/12\/Arretez-de-dire-aux-enfants-de-soyez-prudent-et-que.jpg","datePublished":"2024-12-09T23:17:13+00:00","dateModified":"2024-12-09T23:17:13+00:00","breadcrumb":{"@id":"https:\/\/vieassociative.be\/actualites\/arretez-de-dire-aux-enfants-de-soyez-prudent-et-que-dire-a-la-place\/#breadcrumb"},"inLanguage":"fr-BE","potentialAction":[{"@type":"ReadAction","target":["https:\/\/vieassociative.be\/actualites\/arretez-de-dire-aux-enfants-de-soyez-prudent-et-que-dire-a-la-place\/"]}]},{"@type":"ImageObject","inLanguage":"fr-BE","@id":"https:\/\/vieassociative.be\/actualites\/arretez-de-dire-aux-enfants-de-soyez-prudent-et-que-dire-a-la-place\/#primaryimage","url":"https:\/\/vieassociative.be\/actualites\/wp-content\/uploads\/2024\/12\/Arretez-de-dire-aux-enfants-de-soyez-prudent-et-que.jpg","contentUrl":"https:\/\/vieassociative.be\/actualites\/wp-content\/uploads\/2024\/12\/Arretez-de-dire-aux-enfants-de-soyez-prudent-et-que.jpg","width":1200,"height":675,"caption":"Arr\u00eatez de dire aux enfants de \u00ab\u00a0soyez prudent\u00a0\u00bb (et que dire \u00e0 la place)"},{"@type":"BreadcrumbList","@id":"https:\/\/vieassociative.be\/actualites\/arretez-de-dire-aux-enfants-de-soyez-prudent-et-que-dire-a-la-place\/#breadcrumb","itemListElement":[{"@type":"ListItem","position":1,"name":"Accueil","item":"https:\/\/vieassociative.be\/actualites\/"},{"@type":"ListItem","position":2,"name":"Arr\u00eatez de dire aux enfants de \u00ab\u00a0soyez prudent\u00a0\u00bb (et que dire \u00e0 la place)"}]},{"@type":"WebSite","@id":"https:\/\/vieassociative.be\/actualites\/#website","url":"https:\/\/vieassociative.be\/actualites\/","name":"Vie Associative","description":"","publisher":{"@id":"https:\/\/vieassociative.be\/actualites\/#organization"},"potentialAction":[{"@type":"SearchAction","target":{"@type":"EntryPoint","urlTemplate":"https:\/\/vieassociative.be\/actualites\/?s={search_term_string}"},"query-input":{"@type":"PropertyValueSpecification","valueRequired":true,"valueName":"search_term_string"}}],"inLanguage":"fr-BE"},{"@type":"Organization","@id":"https:\/\/vieassociative.be\/actualites\/#organization","name":"Vie Associative","url":"https:\/\/vieassociative.be\/actualites\/","logo":{"@type":"ImageObject","inLanguage":"fr-BE","@id":"https:\/\/vieassociative.be\/actualites\/#\/schema\/logo\/image\/","url":"https:\/\/vieassociative.be\/actualites\/wp-content\/uploads\/2024\/09\/cropped-vieassociative_favicon.ico.png","contentUrl":"https:\/\/vieassociative.be\/actualites\/wp-content\/uploads\/2024\/09\/cropped-vieassociative_favicon.ico.png","width":512,"height":512,"caption":"Vie Associative"},"image":{"@id":"https:\/\/vieassociative.be\/actualites\/#\/schema\/logo\/image\/"}},{"@type":"Person","@id":"https:\/\/vieassociative.be\/actualites\/#\/schema\/person\/b87ac4f82f9d4e7b7cec7395b679edc4","name":"Julien","image":{"@type":"ImageObject","inLanguage":"fr-BE","@id":"https:\/\/vieassociative.be\/actualites\/#\/schema\/person\/image\/","url":"https:\/\/vieassociative.be\/actualites\/wp-content\/uploads\/2024\/09\/vie-associative-1-150x150.jpg","contentUrl":"https:\/\/vieassociative.be\/actualites\/wp-content\/uploads\/2024\/09\/vie-associative-1-150x150.jpg","caption":"Julien"},"description":"Je suis Julien, r\u00e9dacteur pour Vie Associative. Passionn\u00e9 par le monde associatif depuis plus de 10 ans, j'ai \u00e0 c\u0153ur de partager des histoires inspirantes et de mettre en lumi\u00e8re les initiatives locales. Mon objectif est de sensibiliser et d'encourager l'engagement communautaire \u00e0 travers mes articles.","sameAs":["https:\/\/vieassociative.be\/"]}]}},"_links":{"self":[{"href":"https:\/\/vieassociative.be\/actualites\/wp-json\/wp\/v2\/posts\/3225"}],"collection":[{"href":"https:\/\/vieassociative.be\/actualites\/wp-json\/wp\/v2\/posts"}],"about":[{"href":"https:\/\/vieassociative.be\/actualites\/wp-json\/wp\/v2\/types\/post"}],"author":[{"embeddable":true,"href":"https:\/\/vieassociative.be\/actualites\/wp-json\/wp\/v2\/users\/1"}],"replies":[{"embeddable":true,"href":"https:\/\/vieassociative.be\/actualites\/wp-json\/wp\/v2\/comments?post=3225"}],"version-history":[{"count":0,"href":"https:\/\/vieassociative.be\/actualites\/wp-json\/wp\/v2\/posts\/3225\/revisions"}],"wp:featuredmedia":[{"embeddable":true,"href":"https:\/\/vieassociative.be\/actualites\/wp-json\/wp\/v2\/media\/3226"}],"wp:attachment":[{"href":"https:\/\/vieassociative.be\/actualites\/wp-json\/wp\/v2\/media?parent=3225"}],"wp:term":[{"taxonomy":"category","embeddable":true,"href":"https:\/\/vieassociative.be\/actualites\/wp-json\/wp\/v2\/categories?post=3225"},{"taxonomy":"post_tag","embeddable":true,"href":"https:\/\/vieassociative.be\/actualites\/wp-json\/wp\/v2\/tags?post=3225"}],"curies":[{"name":"wp","href":"https:\/\/api.w.org\/{rel}","templated":true}]}}