{"id":3216,"date":"2024-12-09T15:17:22","date_gmt":"2024-12-09T14:17:22","guid":{"rendered":"https:\/\/vieassociative.be\/actualites\/il-fait-extremement-froid-dehors-et-pourtant-2024-a-ete-lannee-la-plus-chaude-depuis-le-debut-des-releves\/"},"modified":"2024-12-09T15:17:22","modified_gmt":"2024-12-09T14:17:22","slug":"il-fait-extremement-froid-dehors-et-pourtant-2024-a-ete-lannee-la-plus-chaude-depuis-le-debut-des-releves","status":"publish","type":"post","link":"https:\/\/vieassociative.be\/actualites\/il-fait-extremement-froid-dehors-et-pourtant-2024-a-ete-lannee-la-plus-chaude-depuis-le-debut-des-releves\/","title":{"rendered":"Il fait extr\u00eamement froid dehors et pourtant, 2024 a \u00e9t\u00e9 l&rsquo;ann\u00e9e la plus chaude depuis le d\u00e9but des relev\u00e9s."},"content":{"rendered":"<p><strong>Lorsqu&rsquo;il fait un froid glacial d\u00e9but d\u00e9cembre dans l&rsquo;est de la Belgique et que les m\u00e9t\u00e9orologues pr\u00e9voient des chutes de neige, de nombreuses personnes dans ce pays ont du mal \u00e0 croire ce que disent les climatologues. Selon leurs \u00e9tudes, l\u2019ann\u00e9e 2024 sera probablement l\u2019ann\u00e9e la plus chaude depuis le d\u00e9but des relev\u00e9s, avec pour la premi\u00e8re fois un r\u00e9chauffement annuel moyen de plus de 1,5 degr\u00e9.<\/strong><\/p>\n<p><span id=\"more-403670\"><\/span>Le service europ\u00e9en sur le changement climatique Copernicus s&rsquo;appuie sur un ensemble de donn\u00e9es bas\u00e9 sur des milliards de mesures provenant de satellites, de navires, d&rsquo;avions et de stations m\u00e9t\u00e9orologiques du monde entier. L\u2019agence am\u00e9ricaine pour le climat NOAA estimait elle aussi r\u00e9cemment que 2024 serait une ann\u00e9e record.<\/p>\n<div id=\"attachment_335670\" class=\"wp-caption alignleft\" style=\"max-width: 300px\"><img fetchpriority=\"high\" decoding=\"async\" class=\"wp-image-335670 size-medium\" src=\"https:\/\/vieassociative.be\/actualites\/wp-content\/uploads\/2024\/11\/La-conference-mondiale-sur-le-climat-souvre-lundi-a-Bakou.jpeg\" alt=\"\" width=\"300\" height=\"225\"><\/p>\n<p class=\"wp-caption-text\">Le 5 mars 2022, Berlin : des partisans et des membres du mouvement environnemental Extinction Rebellion ont plac\u00e9 le num\u00e9ro surdimensionn\u00e9 1,5\u00b0 sur le pont Marschall. Le chiffre 1,5 repr\u00e9sente l\u2019objectif de limiter \u00e0 1,5 degr\u00e9 Celsius l\u2019augmentation de la temp\u00e9rature mondiale provoqu\u00e9e par l\u2019effet de serre. Photo : Paul Zinken\/dpa<\/p>\n<\/div>\n<p>M\u00eame si l\u2019ann\u00e9e dans son ensemble se situe \u00e0 environ 1,6 degr\u00e9 Celsius au-dessus du niveau pr\u00e9industriel (1850 \u00e0 1900), l\u2019objectif de Paris de 1,5 degr\u00e9 pour enrayer la crise climatique n\u2019est pas encore consid\u00e9r\u00e9 comme manqu\u00e9. Pour ce faire, nous examinons les valeurs moyennes \u00e0 plus long terme.<\/p>\n<p><strong>\u2013 Des mesures ambitieuses de protection du climat sont n\u00e9cessaires :<\/strong> Comme Copernic l\u2019a en outre annonc\u00e9, novembre 2024 a \u00e9t\u00e9 le deuxi\u00e8me mois de novembre le plus chaud au monde. La temp\u00e9rature moyenne \u00e0 la surface de la plan\u00e8te \u00e9tait de 14,1 degr\u00e9s Celsius.<\/p>\n<p>\u00ab\u00a0Avec les donn\u00e9es Copernicus de l&rsquo;avant-dernier mois de l&rsquo;ann\u00e9e, nous pouvons d\u00e9sormais confirmer avec une certitude raisonnable que 2024 sera l&rsquo;ann\u00e9e la plus chaude jamais enregistr\u00e9e\u00a0\u00bb, a d\u00e9clar\u00e9 Samantha Burgess, directrice adjointe du service Copernicus sur le changement climatique, dans le communiqu\u00e9. Des mesures ambitieuses de protection du climat sont plus urgentes que jamais.<\/p>\n<p>Les gaz \u00e0 effet de serre d\u2019origine humaine sont consid\u00e9r\u00e9s comme la principale cause de la hausse des temp\u00e9ratures. \u00c0 cela s&rsquo;ajoutent r\u00e9cemment d&rsquo;autres effets : l&rsquo;activit\u00e9 accrue actuelle du soleil, le ph\u00e9nom\u00e8ne m\u00e9t\u00e9orologique El Ni\u00f1o, l&rsquo;activit\u00e9 volcanique et la diminution des poussi\u00e8res fines au-dessus des oc\u00e9ans.<\/p>\n<p>Par ailleurs, des chercheurs allemands viennent de conclure qu\u2019il y a moins de nuages \u200b\u200bde basse altitude qui refroidissent le climat. Cela explique l\u2019augmentation des temp\u00e9ratures entre 2022 et 2023 et 2024. Les raisons de ce ph\u00e9nom\u00e8ne ne sont pas encore tout \u00e0 fait claires, mais elles pourraient varier. Le r\u00e9chauffement climatique lui-m\u00eame pourrait \u00eatre une des raisons de la diminution de la couverture nuageuse.<\/p>\n<p><strong>\u2013 De grandes diff\u00e9rences r\u00e9gionales :<\/strong> Selon Copernic, une image diff\u00e9renci\u00e9e se dessine pour novembre si l\u2019on examine les diff\u00e9rentes r\u00e9gions du monde. La temp\u00e9rature moyenne sur le continent europ\u00e9en \u00e9tait de 5,14 degr\u00e9s Celsius. Cela signifie que novembre 2024 ne fait pas partie des dix mois de novembre les plus chauds d\u2019Europe.<\/p>\n<p>Dans l&rsquo;ensemble, les temp\u00e9ratures dans le nord de la Russie ainsi que dans le nord-est et le sud-ouest de l&rsquo;Europe ont \u00e9t\u00e9 sup\u00e9rieures \u00e0 la moyenne, mais inf\u00e9rieures \u00e0 la moyenne dans le sud-est de l&rsquo;Europe.<\/p>\n<div id=\"attachment_403675\" class=\"wp-caption alignleft\" style=\"max-width: 300px\"><img decoding=\"async\" class=\"wp-image-403675 size-medium\" src=\"https:\/\/vieassociative.be\/actualites\/wp-content\/uploads\/2024\/12\/Il-fait-extremement-froid-dehors-et-pourtant-2024-a-ete.jpg\" alt=\"\" width=\"300\" height=\"200\"  ><\/p>\n<p class=\"wp-caption-text\">13 novembre 2024, \u00c9tats-Unis, comt\u00e9 d&rsquo;Ulster : le retrait des eaux d\u00fb \u00e0 la s\u00e9cheresse expose le lit du lac du r\u00e9servoir Ashokan dans le comt\u00e9 d&rsquo;Ulster. Photo : Ted Shaffrey\/AP\/dpa<\/p>\n<\/div>\n<p>Hors Europe, l&rsquo;est du Canada, le centre et l&rsquo;est des \u00c9tats-Unis, la majeure partie du Mexique, le Maroc, le nord-ouest de l&rsquo;Afrique, la Chine, le Pakistan, la majeure partie de la Sib\u00e9rie et l&rsquo;Australie \u00e9taient nettement inf\u00e9rieurs \u00e0 la moyenne en novembre 2024. Cependant, les temp\u00e9ratures auraient \u00e9t\u00e9 dans l&rsquo;ouest des \u00c9tats-Unis. , certaines parties de l&rsquo;Afrique du Nord, l&rsquo;Extr\u00eame-Orient de la Russie et la majeure partie de l&rsquo;Antarctique.<\/p>\n<p><strong>\u2013 Trop humide et trop sec :<\/strong> Copernic s&rsquo;est \u00e9galement pench\u00e9 sur les pr\u00e9cipitations mondiales de novembre 2024 : elles concerneront une grande partie de l&rsquo;Europe occidentale et centrale, le sud-ouest des \u00c9tats-Unis, le Mexique, le Chili et le Br\u00e9sil, la Corne de l&rsquo;Afrique, certaines parties de l&rsquo;Asie centrale, le au sud-est de la Chine et dans la partie australe de l&rsquo;Afrique, la situation \u00e9tait inf\u00e9rieure \u00e0 la moyenne. Des s\u00e9cheresses ont \u00e9galement eu lieu dans plusieurs r\u00e9gions d&rsquo;Am\u00e9rique du Nord et du Sud.<\/p>\n<p>Toutefois, des pr\u00e9cipitations sup\u00e9rieures \u00e0 la moyenne ont \u00e9t\u00e9 enregistr\u00e9es dans l&rsquo;ouest de l&rsquo;Islande, le sud de la Grande-Bretagne, le nord de la Scandinavie, le sud des Balkans et la Gr\u00e8ce, ainsi que dans l&rsquo;est de l&rsquo;Espagne et dans une grande partie de l&rsquo;Europe de l&rsquo;Est. Il a \u00e9galement fait trop humide dans de nombreuses r\u00e9gions des \u00c9tats-Unis, dans une grande partie de l&rsquo;Australie et de l&rsquo;Am\u00e9rique du Sud, en Asie centrale et dans la partie la plus orientale de la Chine. Dans le Pacifique occidental, les typhons ont \u00e9galement provoqu\u00e9 de fortes pluies et des d\u00e9g\u00e2ts, notamment aux Philippines.<\/p>\n<p><strong>\u2013 Bilan n\u00e9gatif en Antarctique :<\/strong> Selon Copernicus, la glace de mer Arctique a atteint sa troisi\u00e8me \u00e9tendue mensuelle la plus basse en novembre 2024 et \u00e9tait inf\u00e9rieure de neuf pour cent \u00e0 la moyenne.<\/p>\n<p>En Antarctique, l&rsquo;\u00e9tendue de la glace de mer a atteint sa valeur mensuelle la plus basse et \u00e9tait inf\u00e9rieure de dix pour cent \u00e0 la moyenne. \u00ab\u00a0Cela a l\u00e9g\u00e8rement d\u00e9pass\u00e9 les valeurs de 2016 et 2023 et a poursuivi une s\u00e9rie d&rsquo;anomalies n\u00e9gatives historiquement importantes de 2023 et 2024\u00a0\u00bb, indique le communiqu\u00e9. (dpa\/cr\u00e9)<\/p>\n","protected":false},"excerpt":{"rendered":"<p>Lorsqu&rsquo;il fait un froid glacial d\u00e9but d\u00e9cembre dans l&rsquo;est de la Belgique et que les m\u00e9t\u00e9orologues pr\u00e9voient des chutes de neige, de nombreuses personnes dans<\/p>\n","protected":false},"author":1,"featured_media":2640,"comment_status":"","ping_status":"","sticky":false,"template":"","format":"standard","meta":{"footnotes":""},"categories":[298],"tags":[1439,359,2585,1824,29,217,3890,635,1130,396,3891,3892],"class_list":["post-3216","post","type-post","status-publish","format-standard","has-post-thumbnail","hentry","category-belgique","tag-chaude","tag-debut","tag-dehors","tag-depuis","tag-des","tag-ete","tag-extremement","tag-fait","tag-froid","tag-lannee","tag-pourtant","tag-releves","generate-columns","tablet-grid-50","mobile-grid-100","grid-parent","grid-33"],"yoast_head":"<!-- This site is optimized with the Yoast SEO plugin v24.0 - https:\/\/yoast.com\/wordpress\/plugins\/seo\/ -->\n<title>Il fait extr\u00eamement froid dehors et pourtant, 2024 a \u00e9t\u00e9 l&#039;ann\u00e9e la plus chaude depuis le d\u00e9but des relev\u00e9s. | Vie Associative<\/title>\n<meta name=\"robots\" content=\"index, follow, max-snippet:-1, max-image-preview:large, max-video-preview:-1\" \/>\n<link rel=\"canonical\" href=\"https:\/\/vieassociative.be\/actualites\/il-fait-extremement-froid-dehors-et-pourtant-2024-a-ete-lannee-la-plus-chaude-depuis-le-debut-des-releves\/\" \/>\n<meta property=\"og:locale\" content=\"fr_FR\" \/>\n<meta property=\"og:type\" content=\"article\" \/>\n<meta property=\"og:title\" content=\"Il fait extr\u00eamement froid dehors et pourtant, 2024 a \u00e9t\u00e9 l&#039;ann\u00e9e la plus chaude depuis le d\u00e9but des relev\u00e9s. | Vie Associative\" \/>\n<meta property=\"og:description\" content=\"Lorsqu&rsquo;il fait un froid glacial d\u00e9but d\u00e9cembre dans l&rsquo;est de la Belgique et que les m\u00e9t\u00e9orologues pr\u00e9voient des chutes de neige, de nombreuses personnes dans\" \/>\n<meta property=\"og:url\" content=\"https:\/\/vieassociative.be\/actualites\/il-fait-extremement-froid-dehors-et-pourtant-2024-a-ete-lannee-la-plus-chaude-depuis-le-debut-des-releves\/\" \/>\n<meta property=\"og:site_name\" content=\"Vie Associative\" \/>\n<meta property=\"article:published_time\" content=\"2024-12-09T14:17:22+00:00\" \/>\n<meta property=\"og:image\" content=\"https:\/\/vieassociative.be\/actualites\/wp-content\/uploads\/2024\/09\/header_backgroundk-01-e1726694325946.png\" \/>\n\t<meta property=\"og:image:width\" content=\"279\" \/>\n\t<meta property=\"og:image:height\" content=\"92\" \/>\n\t<meta property=\"og:image:type\" content=\"image\/png\" \/>\n<meta name=\"author\" content=\"Julien\" \/>\n<meta name=\"twitter:card\" content=\"summary_large_image\" \/>\n<meta name=\"twitter:label1\" content=\"\u00c9crit par\" \/>\n\t<meta name=\"twitter:data1\" content=\"Julien\" \/>\n\t<meta name=\"twitter:label2\" content=\"Dur\u00e9e de lecture est.\" \/>\n\t<meta name=\"twitter:data2\" content=\"5 minutes\" \/>\n<script type=\"application\/ld+json\" class=\"yoast-schema-graph\">{\"@context\":\"https:\/\/schema.org\",\"@graph\":[{\"@type\":\"Article\",\"@id\":\"https:\/\/vieassociative.be\/actualites\/il-fait-extremement-froid-dehors-et-pourtant-2024-a-ete-lannee-la-plus-chaude-depuis-le-debut-des-releves\/#article\",\"isPartOf\":{\"@id\":\"https:\/\/vieassociative.be\/actualites\/il-fait-extremement-froid-dehors-et-pourtant-2024-a-ete-lannee-la-plus-chaude-depuis-le-debut-des-releves\/\"},\"author\":{\"name\":\"Julien\",\"@id\":\"https:\/\/vieassociative.be\/actualites\/#\/schema\/person\/b87ac4f82f9d4e7b7cec7395b679edc4\"},\"headline\":\"Il fait extr\u00eamement froid dehors et pourtant, 2024 a \u00e9t\u00e9 l&rsquo;ann\u00e9e la plus chaude depuis le d\u00e9but des relev\u00e9s.\",\"datePublished\":\"2024-12-09T14:17:22+00:00\",\"dateModified\":\"2024-12-09T14:17:22+00:00\",\"mainEntityOfPage\":{\"@id\":\"https:\/\/vieassociative.be\/actualites\/il-fait-extremement-froid-dehors-et-pourtant-2024-a-ete-lannee-la-plus-chaude-depuis-le-debut-des-releves\/\"},\"wordCount\":1003,\"publisher\":{\"@id\":\"https:\/\/vieassociative.be\/actualites\/#organization\"},\"image\":{\"@id\":\"https:\/\/vieassociative.be\/actualites\/il-fait-extremement-froid-dehors-et-pourtant-2024-a-ete-lannee-la-plus-chaude-depuis-le-debut-des-releves\/#primaryimage\"},\"thumbnailUrl\":\"https:\/\/vieassociative.be\/actualites\/wp-content\/uploads\/2024\/11\/Froid-seulement-pendant-une-courte-periode-\u2013-dimanche-13-a.jpeg\",\"keywords\":[\"chaude\",\"D\u00e9but\",\"dehors\",\"depuis\",\"Des\",\"\u00e9t\u00e9\",\"extr\u00eamement\",\"fait\",\"froid\",\"lann\u00e9e\",\"pourtant\",\"relev\u00e9s\"],\"articleSection\":[\"Belgique\"],\"inLanguage\":\"fr-BE\"},{\"@type\":\"WebPage\",\"@id\":\"https:\/\/vieassociative.be\/actualites\/il-fait-extremement-froid-dehors-et-pourtant-2024-a-ete-lannee-la-plus-chaude-depuis-le-debut-des-releves\/\",\"url\":\"https:\/\/vieassociative.be\/actualites\/il-fait-extremement-froid-dehors-et-pourtant-2024-a-ete-lannee-la-plus-chaude-depuis-le-debut-des-releves\/\",\"name\":\"Il fait extr\u00eamement froid dehors et pourtant, 2024 a \u00e9t\u00e9 l'ann\u00e9e la plus chaude depuis le d\u00e9but des relev\u00e9s. | Vie Associative\",\"isPartOf\":{\"@id\":\"https:\/\/vieassociative.be\/actualites\/#website\"},\"primaryImageOfPage\":{\"@id\":\"https:\/\/vieassociative.be\/actualites\/il-fait-extremement-froid-dehors-et-pourtant-2024-a-ete-lannee-la-plus-chaude-depuis-le-debut-des-releves\/#primaryimage\"},\"image\":{\"@id\":\"https:\/\/vieassociative.be\/actualites\/il-fait-extremement-froid-dehors-et-pourtant-2024-a-ete-lannee-la-plus-chaude-depuis-le-debut-des-releves\/#primaryimage\"},\"thumbnailUrl\":\"https:\/\/vieassociative.be\/actualites\/wp-content\/uploads\/2024\/11\/Froid-seulement-pendant-une-courte-periode-\u2013-dimanche-13-a.jpeg\",\"datePublished\":\"2024-12-09T14:17:22+00:00\",\"dateModified\":\"2024-12-09T14:17:22+00:00\",\"breadcrumb\":{\"@id\":\"https:\/\/vieassociative.be\/actualites\/il-fait-extremement-froid-dehors-et-pourtant-2024-a-ete-lannee-la-plus-chaude-depuis-le-debut-des-releves\/#breadcrumb\"},\"inLanguage\":\"fr-BE\",\"potentialAction\":[{\"@type\":\"ReadAction\",\"target\":[\"https:\/\/vieassociative.be\/actualites\/il-fait-extremement-froid-dehors-et-pourtant-2024-a-ete-lannee-la-plus-chaude-depuis-le-debut-des-releves\/\"]}]},{\"@type\":\"ImageObject\",\"inLanguage\":\"fr-BE\",\"@id\":\"https:\/\/vieassociative.be\/actualites\/il-fait-extremement-froid-dehors-et-pourtant-2024-a-ete-lannee-la-plus-chaude-depuis-le-debut-des-releves\/#primaryimage\",\"url\":\"https:\/\/vieassociative.be\/actualites\/wp-content\/uploads\/2024\/11\/Froid-seulement-pendant-une-courte-periode-\u2013-dimanche-13-a.jpeg\",\"contentUrl\":\"https:\/\/vieassociative.be\/actualites\/wp-content\/uploads\/2024\/11\/Froid-seulement-pendant-une-courte-periode-\u2013-dimanche-13-a.jpeg\",\"width\":1000,\"height\":668,\"caption\":\"Froid seulement pendant une courte p\u00e9riode \u2013 dimanche 13 \u00e0 18 degr\u00e9s\"},{\"@type\":\"BreadcrumbList\",\"@id\":\"https:\/\/vieassociative.be\/actualites\/il-fait-extremement-froid-dehors-et-pourtant-2024-a-ete-lannee-la-plus-chaude-depuis-le-debut-des-releves\/#breadcrumb\",\"itemListElement\":[{\"@type\":\"ListItem\",\"position\":1,\"name\":\"Accueil\",\"item\":\"https:\/\/vieassociative.be\/actualites\/\"},{\"@type\":\"ListItem\",\"position\":2,\"name\":\"Il fait extr\u00eamement froid dehors et pourtant, 2024 a \u00e9t\u00e9 l&rsquo;ann\u00e9e la plus chaude depuis le d\u00e9but des relev\u00e9s.\"}]},{\"@type\":\"WebSite\",\"@id\":\"https:\/\/vieassociative.be\/actualites\/#website\",\"url\":\"https:\/\/vieassociative.be\/actualites\/\",\"name\":\"Vie Associative\",\"description\":\"\",\"publisher\":{\"@id\":\"https:\/\/vieassociative.be\/actualites\/#organization\"},\"potentialAction\":[{\"@type\":\"SearchAction\",\"target\":{\"@type\":\"EntryPoint\",\"urlTemplate\":\"https:\/\/vieassociative.be\/actualites\/?s={search_term_string}\"},\"query-input\":{\"@type\":\"PropertyValueSpecification\",\"valueRequired\":true,\"valueName\":\"search_term_string\"}}],\"inLanguage\":\"fr-BE\"},{\"@type\":\"Organization\",\"@id\":\"https:\/\/vieassociative.be\/actualites\/#organization\",\"name\":\"Vie Associative\",\"url\":\"https:\/\/vieassociative.be\/actualites\/\",\"logo\":{\"@type\":\"ImageObject\",\"inLanguage\":\"fr-BE\",\"@id\":\"https:\/\/vieassociative.be\/actualites\/#\/schema\/logo\/image\/\",\"url\":\"https:\/\/vieassociative.be\/actualites\/wp-content\/uploads\/2024\/09\/cropped-vieassociative_favicon.ico.png\",\"contentUrl\":\"https:\/\/vieassociative.be\/actualites\/wp-content\/uploads\/2024\/09\/cropped-vieassociative_favicon.ico.png\",\"width\":512,\"height\":512,\"caption\":\"Vie Associative\"},\"image\":{\"@id\":\"https:\/\/vieassociative.be\/actualites\/#\/schema\/logo\/image\/\"}},{\"@type\":\"Person\",\"@id\":\"https:\/\/vieassociative.be\/actualites\/#\/schema\/person\/b87ac4f82f9d4e7b7cec7395b679edc4\",\"name\":\"Julien\",\"image\":{\"@type\":\"ImageObject\",\"inLanguage\":\"fr-BE\",\"@id\":\"https:\/\/vieassociative.be\/actualites\/#\/schema\/person\/image\/\",\"url\":\"https:\/\/vieassociative.be\/actualites\/wp-content\/uploads\/2024\/09\/vie-associative-1-150x150.jpg\",\"contentUrl\":\"https:\/\/vieassociative.be\/actualites\/wp-content\/uploads\/2024\/09\/vie-associative-1-150x150.jpg\",\"caption\":\"Julien\"},\"description\":\"Je suis Julien, r\u00e9dacteur pour Vie Associative. Passionn\u00e9 par le monde associatif depuis plus de 10 ans, j'ai \u00e0 c\u0153ur de partager des histoires inspirantes et de mettre en lumi\u00e8re les initiatives locales. Mon objectif est de sensibiliser et d'encourager l'engagement communautaire \u00e0 travers mes articles.\",\"sameAs\":[\"https:\/\/vieassociative.be\/\"]}]}<\/script>\n<!-- \/ Yoast SEO plugin. -->","yoast_head_json":{"title":"Il fait extr\u00eamement froid dehors et pourtant, 2024 a \u00e9t\u00e9 l'ann\u00e9e la plus chaude depuis le d\u00e9but des relev\u00e9s. | Vie Associative","robots":{"index":"index","follow":"follow","max-snippet":"max-snippet:-1","max-image-preview":"max-image-preview:large","max-video-preview":"max-video-preview:-1"},"canonical":"https:\/\/vieassociative.be\/actualites\/il-fait-extremement-froid-dehors-et-pourtant-2024-a-ete-lannee-la-plus-chaude-depuis-le-debut-des-releves\/","og_locale":"fr_FR","og_type":"article","og_title":"Il fait extr\u00eamement froid dehors et pourtant, 2024 a \u00e9t\u00e9 l'ann\u00e9e la plus chaude depuis le d\u00e9but des relev\u00e9s. | Vie Associative","og_description":"Lorsqu&rsquo;il fait un froid glacial d\u00e9but d\u00e9cembre dans l&rsquo;est de la Belgique et que les m\u00e9t\u00e9orologues pr\u00e9voient des chutes de neige, de nombreuses personnes dans","og_url":"https:\/\/vieassociative.be\/actualites\/il-fait-extremement-froid-dehors-et-pourtant-2024-a-ete-lannee-la-plus-chaude-depuis-le-debut-des-releves\/","og_site_name":"Vie Associative","article_published_time":"2024-12-09T14:17:22+00:00","og_image":[{"width":279,"height":92,"url":"https:\/\/vieassociative.be\/actualites\/wp-content\/uploads\/2024\/09\/header_backgroundk-01-e1726694325946.png","type":"image\/png"}],"author":"Julien","twitter_card":"summary_large_image","twitter_misc":{"\u00c9crit par":"Julien","Dur\u00e9e de lecture est.":"5 minutes"},"schema":{"@context":"https:\/\/schema.org","@graph":[{"@type":"Article","@id":"https:\/\/vieassociative.be\/actualites\/il-fait-extremement-froid-dehors-et-pourtant-2024-a-ete-lannee-la-plus-chaude-depuis-le-debut-des-releves\/#article","isPartOf":{"@id":"https:\/\/vieassociative.be\/actualites\/il-fait-extremement-froid-dehors-et-pourtant-2024-a-ete-lannee-la-plus-chaude-depuis-le-debut-des-releves\/"},"author":{"name":"Julien","@id":"https:\/\/vieassociative.be\/actualites\/#\/schema\/person\/b87ac4f82f9d4e7b7cec7395b679edc4"},"headline":"Il fait extr\u00eamement froid dehors et pourtant, 2024 a \u00e9t\u00e9 l&rsquo;ann\u00e9e la plus chaude depuis le d\u00e9but des relev\u00e9s.","datePublished":"2024-12-09T14:17:22+00:00","dateModified":"2024-12-09T14:17:22+00:00","mainEntityOfPage":{"@id":"https:\/\/vieassociative.be\/actualites\/il-fait-extremement-froid-dehors-et-pourtant-2024-a-ete-lannee-la-plus-chaude-depuis-le-debut-des-releves\/"},"wordCount":1003,"publisher":{"@id":"https:\/\/vieassociative.be\/actualites\/#organization"},"image":{"@id":"https:\/\/vieassociative.be\/actualites\/il-fait-extremement-froid-dehors-et-pourtant-2024-a-ete-lannee-la-plus-chaude-depuis-le-debut-des-releves\/#primaryimage"},"thumbnailUrl":"https:\/\/vieassociative.be\/actualites\/wp-content\/uploads\/2024\/11\/Froid-seulement-pendant-une-courte-periode-\u2013-dimanche-13-a.jpeg","keywords":["chaude","D\u00e9but","dehors","depuis","Des","\u00e9t\u00e9","extr\u00eamement","fait","froid","lann\u00e9e","pourtant","relev\u00e9s"],"articleSection":["Belgique"],"inLanguage":"fr-BE"},{"@type":"WebPage","@id":"https:\/\/vieassociative.be\/actualites\/il-fait-extremement-froid-dehors-et-pourtant-2024-a-ete-lannee-la-plus-chaude-depuis-le-debut-des-releves\/","url":"https:\/\/vieassociative.be\/actualites\/il-fait-extremement-froid-dehors-et-pourtant-2024-a-ete-lannee-la-plus-chaude-depuis-le-debut-des-releves\/","name":"Il fait extr\u00eamement froid dehors et pourtant, 2024 a \u00e9t\u00e9 l'ann\u00e9e la plus chaude depuis le d\u00e9but des relev\u00e9s. | Vie Associative","isPartOf":{"@id":"https:\/\/vieassociative.be\/actualites\/#website"},"primaryImageOfPage":{"@id":"https:\/\/vieassociative.be\/actualites\/il-fait-extremement-froid-dehors-et-pourtant-2024-a-ete-lannee-la-plus-chaude-depuis-le-debut-des-releves\/#primaryimage"},"image":{"@id":"https:\/\/vieassociative.be\/actualites\/il-fait-extremement-froid-dehors-et-pourtant-2024-a-ete-lannee-la-plus-chaude-depuis-le-debut-des-releves\/#primaryimage"},"thumbnailUrl":"https:\/\/vieassociative.be\/actualites\/wp-content\/uploads\/2024\/11\/Froid-seulement-pendant-une-courte-periode-\u2013-dimanche-13-a.jpeg","datePublished":"2024-12-09T14:17:22+00:00","dateModified":"2024-12-09T14:17:22+00:00","breadcrumb":{"@id":"https:\/\/vieassociative.be\/actualites\/il-fait-extremement-froid-dehors-et-pourtant-2024-a-ete-lannee-la-plus-chaude-depuis-le-debut-des-releves\/#breadcrumb"},"inLanguage":"fr-BE","potentialAction":[{"@type":"ReadAction","target":["https:\/\/vieassociative.be\/actualites\/il-fait-extremement-froid-dehors-et-pourtant-2024-a-ete-lannee-la-plus-chaude-depuis-le-debut-des-releves\/"]}]},{"@type":"ImageObject","inLanguage":"fr-BE","@id":"https:\/\/vieassociative.be\/actualites\/il-fait-extremement-froid-dehors-et-pourtant-2024-a-ete-lannee-la-plus-chaude-depuis-le-debut-des-releves\/#primaryimage","url":"https:\/\/vieassociative.be\/actualites\/wp-content\/uploads\/2024\/11\/Froid-seulement-pendant-une-courte-periode-\u2013-dimanche-13-a.jpeg","contentUrl":"https:\/\/vieassociative.be\/actualites\/wp-content\/uploads\/2024\/11\/Froid-seulement-pendant-une-courte-periode-\u2013-dimanche-13-a.jpeg","width":1000,"height":668,"caption":"Froid seulement pendant une courte p\u00e9riode \u2013 dimanche 13 \u00e0 18 degr\u00e9s"},{"@type":"BreadcrumbList","@id":"https:\/\/vieassociative.be\/actualites\/il-fait-extremement-froid-dehors-et-pourtant-2024-a-ete-lannee-la-plus-chaude-depuis-le-debut-des-releves\/#breadcrumb","itemListElement":[{"@type":"ListItem","position":1,"name":"Accueil","item":"https:\/\/vieassociative.be\/actualites\/"},{"@type":"ListItem","position":2,"name":"Il fait extr\u00eamement froid dehors et pourtant, 2024 a \u00e9t\u00e9 l&rsquo;ann\u00e9e la plus chaude depuis le d\u00e9but des relev\u00e9s."}]},{"@type":"WebSite","@id":"https:\/\/vieassociative.be\/actualites\/#website","url":"https:\/\/vieassociative.be\/actualites\/","name":"Vie Associative","description":"","publisher":{"@id":"https:\/\/vieassociative.be\/actualites\/#organization"},"potentialAction":[{"@type":"SearchAction","target":{"@type":"EntryPoint","urlTemplate":"https:\/\/vieassociative.be\/actualites\/?s={search_term_string}"},"query-input":{"@type":"PropertyValueSpecification","valueRequired":true,"valueName":"search_term_string"}}],"inLanguage":"fr-BE"},{"@type":"Organization","@id":"https:\/\/vieassociative.be\/actualites\/#organization","name":"Vie Associative","url":"https:\/\/vieassociative.be\/actualites\/","logo":{"@type":"ImageObject","inLanguage":"fr-BE","@id":"https:\/\/vieassociative.be\/actualites\/#\/schema\/logo\/image\/","url":"https:\/\/vieassociative.be\/actualites\/wp-content\/uploads\/2024\/09\/cropped-vieassociative_favicon.ico.png","contentUrl":"https:\/\/vieassociative.be\/actualites\/wp-content\/uploads\/2024\/09\/cropped-vieassociative_favicon.ico.png","width":512,"height":512,"caption":"Vie Associative"},"image":{"@id":"https:\/\/vieassociative.be\/actualites\/#\/schema\/logo\/image\/"}},{"@type":"Person","@id":"https:\/\/vieassociative.be\/actualites\/#\/schema\/person\/b87ac4f82f9d4e7b7cec7395b679edc4","name":"Julien","image":{"@type":"ImageObject","inLanguage":"fr-BE","@id":"https:\/\/vieassociative.be\/actualites\/#\/schema\/person\/image\/","url":"https:\/\/vieassociative.be\/actualites\/wp-content\/uploads\/2024\/09\/vie-associative-1-150x150.jpg","contentUrl":"https:\/\/vieassociative.be\/actualites\/wp-content\/uploads\/2024\/09\/vie-associative-1-150x150.jpg","caption":"Julien"},"description":"Je suis Julien, r\u00e9dacteur pour Vie Associative. Passionn\u00e9 par le monde associatif depuis plus de 10 ans, j'ai \u00e0 c\u0153ur de partager des histoires inspirantes et de mettre en lumi\u00e8re les initiatives locales. Mon objectif est de sensibiliser et d'encourager l'engagement communautaire \u00e0 travers mes articles.","sameAs":["https:\/\/vieassociative.be\/"]}]}},"_links":{"self":[{"href":"https:\/\/vieassociative.be\/actualites\/wp-json\/wp\/v2\/posts\/3216"}],"collection":[{"href":"https:\/\/vieassociative.be\/actualites\/wp-json\/wp\/v2\/posts"}],"about":[{"href":"https:\/\/vieassociative.be\/actualites\/wp-json\/wp\/v2\/types\/post"}],"author":[{"embeddable":true,"href":"https:\/\/vieassociative.be\/actualites\/wp-json\/wp\/v2\/users\/1"}],"replies":[{"embeddable":true,"href":"https:\/\/vieassociative.be\/actualites\/wp-json\/wp\/v2\/comments?post=3216"}],"version-history":[{"count":0,"href":"https:\/\/vieassociative.be\/actualites\/wp-json\/wp\/v2\/posts\/3216\/revisions"}],"wp:featuredmedia":[{"embeddable":true,"href":"https:\/\/vieassociative.be\/actualites\/wp-json\/wp\/v2\/media\/2640"}],"wp:attachment":[{"href":"https:\/\/vieassociative.be\/actualites\/wp-json\/wp\/v2\/media?parent=3216"}],"wp:term":[{"taxonomy":"category","embeddable":true,"href":"https:\/\/vieassociative.be\/actualites\/wp-json\/wp\/v2\/categories?post=3216"},{"taxonomy":"post_tag","embeddable":true,"href":"https:\/\/vieassociative.be\/actualites\/wp-json\/wp\/v2\/tags?post=3216"}],"curies":[{"name":"wp","href":"https:\/\/api.w.org\/{rel}","templated":true}]}}