{"id":3213,"date":"2024-12-09T14:17:07","date_gmt":"2024-12-09T13:17:07","guid":{"rendered":"https:\/\/vieassociative.be\/actualites\/ce-que-les-gens-se-trompent-cette-semaine-le-tueur-en-serie-de-facebook\/"},"modified":"2024-12-09T14:17:07","modified_gmt":"2024-12-09T13:17:07","slug":"ce-que-les-gens-se-trompent-cette-semaine-le-tueur-en-serie-de-facebook","status":"publish","type":"post","link":"https:\/\/vieassociative.be\/actualites\/ce-que-les-gens-se-trompent-cette-semaine-le-tueur-en-serie-de-facebook\/","title":{"rendered":"Ce que les gens se trompent cette semaine\u00a0: le tueur en s\u00e9rie de Facebook"},"content":{"rendered":"<div class=\"mt-4 leading-6 md:mb-8\">Cette semaine, je m&rsquo;int\u00e9resse \u00e0 deux personnages de fiction fa\u00e7onn\u00e9s par l&rsquo;inconscient collectif d&rsquo;Internet.<\/div>\n<p><\/p>\n<p>Cette semaine, je m&rsquo;int\u00e9resse \u00e0 deux personnages de fiction fa\u00e7onn\u00e9s par l&rsquo;inconscient collectif d&rsquo;Internet. Le premier est \u00ab Robert Thibodeau \u00bb, un tueur en s\u00e9rie qui terrorise tellement Facebook que les gens <em>avoir<\/em> pour partager son image. Le second est Elon Man, la version h\u00e9ro\u00efque et fictive d\u2019Elon Musk dont les actes audacieux sont racont\u00e9s tous les soirs autour du feu de camp num\u00e9rique des flux sociaux de proches que vous avez bloqu\u00e9s il y a des ann\u00e9es. <\/p>\n<h2 id=\"meet-facebooks-serial-killer\">Rencontrez le tueur en s\u00e9rie de Facebook<\/h2>\n<p>Des utilisateurs de Facebook \u00e0 bout de souffle dans tout le pays rapportent qu&rsquo;un tueur en s\u00e9rie est en libert\u00e9. Selon les rapports, Robert Thibodeau, 52 ans, aurait fait des victimes dans le sud de la Floride ; Salem, Massachusetts\u00a0; Las Cruces, Nouveau-Mexique\u00a0; et des dizaines d&rsquo;autres communaut\u00e9s. Peu importe o\u00f9 il va, les m\u00e9thodes de Thibodeau sont les m\u00eames. D&rsquo;apr\u00e8s les messages :<\/p>\n<blockquote>\n<p>Cet homme frappe \u00e0 la porte des gens en pr\u00e9tendant \u00eatre sans abri et en cherchant de l&rsquo;aide, et il vous attaque apr\u00e8s avoir gagn\u00e9 votre confiance. Il est impitoyable et tr\u00e8s dangereux. Jeudi, il a attaqu\u00e9 une m\u00e8re c\u00e9libataire de 37 ans avec un couteau et l&rsquo;a laiss\u00e9e lutter pour sa vie&#8230; Il a \u00e9galement vol\u00e9 un v\u00e9hicule \u00e0 une grand-m\u00e8re de 83 ans sous pr\u00e9texte de l&rsquo;aider \u00e0 d\u00e9charger les courses de sa voiture. . Si vous le voyez, appelez la police et soyez prudent. Avertissez les autres.<\/p>\n<\/blockquote>\n<p>Il y a m\u00eame une photo de lui, comme vous pouvez le voir ci-dessus. Je l&rsquo;ai rendu anonyme, car, comme vous l&rsquo;avez probablement devin\u00e9, il n&rsquo;y a pas vraiment de tueur en s\u00e9rie nomm\u00e9 Robert Thibodeau qui attaque les m\u00e8res c\u00e9libataires de 37 ans de notre pays et vole le Gran Torino de chaque grand-m\u00e8re de 83 ans. Le gars sur la photo ne s&rsquo;appelle pas Thibodeau et il n&rsquo;a attaqu\u00e9 personne avec un couteau, \u00e0 notre connaissance. (Il serait plus enclin \u00e0 cacher des cam\u00e9ras dans les toilettes pour femmes). Le tout est un syst\u00e8me \u00e9labor\u00e9 d\u2019app\u00e2t et de changement.<\/p>\n<h2 id=\"the-real-crimes-on-facebook\">Les vrais crimes sur Facebook <\/h2>\n<p>Au cours des derniers jours, des escrocs anonymes ont infiltr\u00e9 des centaines de groupes Facebook locaux et publi\u00e9 une photo d&rsquo;un homme sans lien de parent\u00e9 et l&rsquo;ont trait\u00e9 de tueur en s\u00e9rie. L\u2019id\u00e9e est d\u2019amener les gens \u00e0 interagir avec la publication, \u00e0 la commenter, \u00e0 l\u2019aimer et \u00e0 la partager. Une fois qu&rsquo;il a grimp\u00e9 dans le classement algorithmique, les escrocs changent l&rsquo;image en un lien vers une chose frauduleuse ou autre \u2013 une enqu\u00eate o\u00f9 vous pouvez obtenir de l&rsquo;argent gratuit, un argumentaire de vente, une offre de \u00ab services dentaires gratuits \u00bb \u2013 mais le v\u00e9ritable objectif est d&rsquo;obtenir des informations personnelles que les utilisateurs pourraient abandonner.  <\/p>\n<p>Il ne s&rsquo;agit pas d&rsquo;un nouveau type d&rsquo;escroquerie en ligne, mais selon le Better Business Bureau, les programmes de type app\u00e2t et changement sur les r\u00e9seaux sociaux sont en hausse et ciblent sp\u00e9cifiquement les groupes locaux sur les r\u00e9seaux sociaux. Les faux messages varient selon le sujet. Parfois, il s&rsquo;agit d&rsquo;un chien perdu qui a \u00e9t\u00e9 heurt\u00e9 par une voiture et qui ne peut retrouver sa famille que si vous partagez la publication ; parfois c&rsquo;est un enfant disparu ; et parfois c&rsquo;est un tueur en s\u00e9rie. Le point commun est qu&rsquo;il s&rsquo;agit de sujets tr\u00e8s \u00e9motionnels, con\u00e7us pour inciter les gens \u00e0 cliquer sur \u00ab\u00a0Partager\u00a0\u00bb sans consulter leur cerveau, ni prendre cinq secondes pour v\u00e9rifier si c&rsquo;est r\u00e9ellement vrai. Comme le dit le sh\u00e9rif Shannon Beasley du comt\u00e9 de Tipton, dans le Tennessee : \u00ab Vous pouvez presque \u00eatre assur\u00e9 que si quelqu&rsquo;un d&rsquo;aussi violent est en libert\u00e9, vous trouverez cette information sur notre page. \u00bb (Presque?)<\/p>\n<h2 id=\"one-simple-trick-to-defeat-facebook-scammers\">Une astuce simple pour vaincre les fraudeurs de Facebook<\/h2>\n<p>Jeffrey Blevins, professeur \u00e0 l&rsquo;Universit\u00e9 de Cincinnati sp\u00e9cialis\u00e9 dans la d\u00e9sinformation, vous conseille de recouper les affirmations de Facebook avec une autre source. L&rsquo;expert en cybers\u00e9curit\u00e9 David Derigiotis estime que vous devriez examiner le profil de la personne qui publie quelque chose de suspect pour voir si elle manque de connexions avec d&rsquo;autres utilisateurs de Facebook. Le Better Business Bureau vous sugg\u00e8re d&rsquo;effectuer une recherche d&rsquo;images invers\u00e9e sur Google pour les images que vous pensez \u00eatre fausses. Mais ce ne sont que des demi-mesures. Si vous ne pouvez vraiment pas reconna\u00eetre les escroqueries sur Facebook sans effectuer une recherche d&rsquo;image invers\u00e9e, vous devez supprimer votre Facebook ; ils finiront par vous faire tr\u00e9bucher. M\u00eame si vous ne tombez pas dans le pi\u00e8ge des escroqueries, vous devriez supprimer Facebook, simplement parce que.<\/p>\n<h2 id=\"the-further-adventures-of-elon-man\">La suite des aventures d&rsquo;Elon Man<\/h2>\n<p>Il y a quelques semaines, j\u2019ai approfondi la version fictive d\u2019Elon Musk cr\u00e9\u00e9e par l\u2019IA pour que les idiots aient des vid\u00e9os YouTube \u00e0 regarder. Elon Man est un h\u00e9ros populaire am\u00e9ricain qui passe son temps \u00e0 changer la vie des serveuses de Waffle House et \u00e0 sauver les \u00e9coliers des intimidateurs. Voici seulement quelques-unes de ses r\u00e9centes aventures :<\/p>\n<ul>\n<li>\n<p>Elon Man a \u00e9t\u00e9 expuls\u00e9 de l&rsquo;h\u00f4pital pour avoir port\u00e9 un chapeau MAGA, m\u00eame s&rsquo;il est propri\u00e9taire de l&rsquo;h\u00f4pital. Il a \u00e9t\u00e9 expuls\u00e9 d&rsquo;un concessionnaire automobile qu&rsquo;il poss\u00e8de \u00e9galement, ainsi que d&rsquo;un avion qu&rsquo;il poss\u00e8de. (Les super-fans d&rsquo;Elon semblent vraiment r\u00e9agir aux histoires de vengeance apr\u00e8s avoir \u00e9t\u00e9 expuls\u00e9s.)<\/p>\n<\/li>\n<li>\n<p>Apr\u00e8s qu&rsquo;un \u00ab gar\u00e7on noir \u00bb (ce sont leurs mots, pas les miens) ait aid\u00e9 la m\u00e8re d&rsquo;Elon \u00e0 remplacer un pneu crev\u00e9, Elon Man a offert \u00e0 l&rsquo;enfant un Cybertruck et une bourse compl\u00e8te dans une \u00e9cole d&rsquo;ing\u00e9nieurs. <\/p>\n<\/li>\n<li>\n<p>Un \u00ab vieux concierge \u00bb a rendu sa montre perdue, alors Elon-Man lui a donn\u00e9 une nouvelle maison et a construit un centre communautaire qui porte son nom.<\/p>\n<\/li>\n<li>\n<p>Elon Man a rencontr\u00e9 un ing\u00e9nieur sans-abri et lui a confi\u00e9 la responsabilit\u00e9 du \u00ab Projet Horizon \u00bb, un laboratoire de robotique d\u00e9veloppant un \u00ab robot de sauvetage enti\u00e8rement autonome \u00bb.<\/p>\n<\/li>\n<\/ul>\n<p>Musk n&rsquo;est pas seulement un h\u00e9ros, c&rsquo;est aussi un super-m\u00e9chant. Parce que je suis impartial, voici quelques-uns des actes ignobles du Bizarro Elon Man, super-m\u00e9chant des lib\u00e9raux.<\/p>\n<ul>\n<li>\n<p>Le bizarre Elon Man a jur\u00e9 de faire fondre la statue de la libert\u00e9 !<\/p>\n<\/li>\n<li>\n<p>Bizarro Elon Man d\u00e9veloppe des robots qui tombent enceintes !<\/p>\n<\/li>\n<\/ul>\n","protected":false},"excerpt":{"rendered":"<p>Cette semaine, je m&rsquo;int\u00e9resse \u00e0 deux personnages de fiction fa\u00e7onn\u00e9s par l&rsquo;inconscient collectif d&rsquo;Internet. Cette semaine, je m&rsquo;int\u00e9resse \u00e0 deux personnages de fiction fa\u00e7onn\u00e9s par<\/p>\n","protected":false},"author":1,"featured_media":3214,"comment_status":"","ping_status":"","sticky":false,"template":"","format":"standard","meta":{"footnotes":""},"categories":[36],"tags":[206,3889,1046,14,1348,606,2469,3888],"class_list":["post-3213","post","type-post","status-publish","format-standard","has-post-thumbnail","hentry","category-divertissement","tag-cette","tag-facebook","tag-gens","tag-les","tag-semaine","tag-serie","tag-trompent","tag-tueur","generate-columns","tablet-grid-50","mobile-grid-100","grid-parent","grid-33"],"yoast_head":"<!-- This site is optimized with the Yoast SEO plugin v24.0 - https:\/\/yoast.com\/wordpress\/plugins\/seo\/ -->\n<title>Ce que les gens se trompent cette semaine\u00a0: le tueur en s\u00e9rie de Facebook | Vie Associative<\/title>\n<meta name=\"robots\" content=\"index, follow, max-snippet:-1, max-image-preview:large, max-video-preview:-1\" \/>\n<link rel=\"canonical\" href=\"https:\/\/vieassociative.be\/actualites\/ce-que-les-gens-se-trompent-cette-semaine-le-tueur-en-serie-de-facebook\/\" \/>\n<meta property=\"og:locale\" content=\"fr_FR\" \/>\n<meta property=\"og:type\" content=\"article\" \/>\n<meta property=\"og:title\" content=\"Ce que les gens se trompent cette semaine\u00a0: le tueur en s\u00e9rie de Facebook | Vie Associative\" \/>\n<meta property=\"og:description\" content=\"Cette semaine, je m&rsquo;int\u00e9resse \u00e0 deux personnages de fiction fa\u00e7onn\u00e9s par l&rsquo;inconscient collectif d&rsquo;Internet. Cette semaine, je m&rsquo;int\u00e9resse \u00e0 deux personnages de fiction fa\u00e7onn\u00e9s par\" \/>\n<meta property=\"og:url\" content=\"https:\/\/vieassociative.be\/actualites\/ce-que-les-gens-se-trompent-cette-semaine-le-tueur-en-serie-de-facebook\/\" \/>\n<meta property=\"og:site_name\" content=\"Vie Associative\" \/>\n<meta property=\"article:published_time\" content=\"2024-12-09T13:17:07+00:00\" \/>\n<meta property=\"og:image\" content=\"https:\/\/vieassociative.be\/actualites\/wp-content\/uploads\/2024\/09\/header_backgroundk-01-e1726694325946.png\" \/>\n\t<meta property=\"og:image:width\" content=\"279\" \/>\n\t<meta property=\"og:image:height\" content=\"92\" \/>\n\t<meta property=\"og:image:type\" content=\"image\/png\" \/>\n<meta name=\"author\" content=\"Julien\" \/>\n<meta name=\"twitter:card\" content=\"summary_large_image\" \/>\n<meta name=\"twitter:label1\" content=\"\u00c9crit par\" \/>\n\t<meta name=\"twitter:data1\" content=\"Julien\" \/>\n\t<meta name=\"twitter:label2\" content=\"Dur\u00e9e de lecture est.\" \/>\n\t<meta name=\"twitter:data2\" content=\"5 minutes\" \/>\n<script type=\"application\/ld+json\" class=\"yoast-schema-graph\">{\"@context\":\"https:\/\/schema.org\",\"@graph\":[{\"@type\":\"Article\",\"@id\":\"https:\/\/vieassociative.be\/actualites\/ce-que-les-gens-se-trompent-cette-semaine-le-tueur-en-serie-de-facebook\/#article\",\"isPartOf\":{\"@id\":\"https:\/\/vieassociative.be\/actualites\/ce-que-les-gens-se-trompent-cette-semaine-le-tueur-en-serie-de-facebook\/\"},\"author\":{\"name\":\"Julien\",\"@id\":\"https:\/\/vieassociative.be\/actualites\/#\/schema\/person\/b87ac4f82f9d4e7b7cec7395b679edc4\"},\"headline\":\"Ce que les gens se trompent cette semaine\u00a0: le tueur en s\u00e9rie de Facebook\",\"datePublished\":\"2024-12-09T13:17:07+00:00\",\"dateModified\":\"2024-12-09T13:17:07+00:00\",\"mainEntityOfPage\":{\"@id\":\"https:\/\/vieassociative.be\/actualites\/ce-que-les-gens-se-trompent-cette-semaine-le-tueur-en-serie-de-facebook\/\"},\"wordCount\":1150,\"publisher\":{\"@id\":\"https:\/\/vieassociative.be\/actualites\/#organization\"},\"image\":{\"@id\":\"https:\/\/vieassociative.be\/actualites\/ce-que-les-gens-se-trompent-cette-semaine-le-tueur-en-serie-de-facebook\/#primaryimage\"},\"thumbnailUrl\":\"https:\/\/vieassociative.be\/actualites\/wp-content\/uploads\/2024\/12\/Ce-que-les-gens-se-trompent-cette-semaine-le-tueur.png\",\"keywords\":[\"cette\",\"Facebook\",\"gens\",\"Les\",\"semaine\",\"s\u00e9rie\",\"trompent\",\"tueur\"],\"articleSection\":[\"Divertissement\"],\"inLanguage\":\"fr-BE\"},{\"@type\":\"WebPage\",\"@id\":\"https:\/\/vieassociative.be\/actualites\/ce-que-les-gens-se-trompent-cette-semaine-le-tueur-en-serie-de-facebook\/\",\"url\":\"https:\/\/vieassociative.be\/actualites\/ce-que-les-gens-se-trompent-cette-semaine-le-tueur-en-serie-de-facebook\/\",\"name\":\"Ce que les gens se trompent cette semaine\u00a0: le tueur en s\u00e9rie de Facebook | Vie Associative\",\"isPartOf\":{\"@id\":\"https:\/\/vieassociative.be\/actualites\/#website\"},\"primaryImageOfPage\":{\"@id\":\"https:\/\/vieassociative.be\/actualites\/ce-que-les-gens-se-trompent-cette-semaine-le-tueur-en-serie-de-facebook\/#primaryimage\"},\"image\":{\"@id\":\"https:\/\/vieassociative.be\/actualites\/ce-que-les-gens-se-trompent-cette-semaine-le-tueur-en-serie-de-facebook\/#primaryimage\"},\"thumbnailUrl\":\"https:\/\/vieassociative.be\/actualites\/wp-content\/uploads\/2024\/12\/Ce-que-les-gens-se-trompent-cette-semaine-le-tueur.png\",\"datePublished\":\"2024-12-09T13:17:07+00:00\",\"dateModified\":\"2024-12-09T13:17:07+00:00\",\"breadcrumb\":{\"@id\":\"https:\/\/vieassociative.be\/actualites\/ce-que-les-gens-se-trompent-cette-semaine-le-tueur-en-serie-de-facebook\/#breadcrumb\"},\"inLanguage\":\"fr-BE\",\"potentialAction\":[{\"@type\":\"ReadAction\",\"target\":[\"https:\/\/vieassociative.be\/actualites\/ce-que-les-gens-se-trompent-cette-semaine-le-tueur-en-serie-de-facebook\/\"]}]},{\"@type\":\"ImageObject\",\"inLanguage\":\"fr-BE\",\"@id\":\"https:\/\/vieassociative.be\/actualites\/ce-que-les-gens-se-trompent-cette-semaine-le-tueur-en-serie-de-facebook\/#primaryimage\",\"url\":\"https:\/\/vieassociative.be\/actualites\/wp-content\/uploads\/2024\/12\/Ce-que-les-gens-se-trompent-cette-semaine-le-tueur.png\",\"contentUrl\":\"https:\/\/vieassociative.be\/actualites\/wp-content\/uploads\/2024\/12\/Ce-que-les-gens-se-trompent-cette-semaine-le-tueur.png\",\"width\":1200,\"height\":675,\"caption\":\"Ce que les gens se trompent cette semaine\u00a0: le tueur en s\u00e9rie de Facebook\"},{\"@type\":\"BreadcrumbList\",\"@id\":\"https:\/\/vieassociative.be\/actualites\/ce-que-les-gens-se-trompent-cette-semaine-le-tueur-en-serie-de-facebook\/#breadcrumb\",\"itemListElement\":[{\"@type\":\"ListItem\",\"position\":1,\"name\":\"Accueil\",\"item\":\"https:\/\/vieassociative.be\/actualites\/\"},{\"@type\":\"ListItem\",\"position\":2,\"name\":\"Ce que les gens se trompent cette semaine\u00a0: le tueur en s\u00e9rie de Facebook\"}]},{\"@type\":\"WebSite\",\"@id\":\"https:\/\/vieassociative.be\/actualites\/#website\",\"url\":\"https:\/\/vieassociative.be\/actualites\/\",\"name\":\"Vie Associative\",\"description\":\"\",\"publisher\":{\"@id\":\"https:\/\/vieassociative.be\/actualites\/#organization\"},\"potentialAction\":[{\"@type\":\"SearchAction\",\"target\":{\"@type\":\"EntryPoint\",\"urlTemplate\":\"https:\/\/vieassociative.be\/actualites\/?s={search_term_string}\"},\"query-input\":{\"@type\":\"PropertyValueSpecification\",\"valueRequired\":true,\"valueName\":\"search_term_string\"}}],\"inLanguage\":\"fr-BE\"},{\"@type\":\"Organization\",\"@id\":\"https:\/\/vieassociative.be\/actualites\/#organization\",\"name\":\"Vie Associative\",\"url\":\"https:\/\/vieassociative.be\/actualites\/\",\"logo\":{\"@type\":\"ImageObject\",\"inLanguage\":\"fr-BE\",\"@id\":\"https:\/\/vieassociative.be\/actualites\/#\/schema\/logo\/image\/\",\"url\":\"https:\/\/vieassociative.be\/actualites\/wp-content\/uploads\/2024\/09\/cropped-vieassociative_favicon.ico.png\",\"contentUrl\":\"https:\/\/vieassociative.be\/actualites\/wp-content\/uploads\/2024\/09\/cropped-vieassociative_favicon.ico.png\",\"width\":512,\"height\":512,\"caption\":\"Vie Associative\"},\"image\":{\"@id\":\"https:\/\/vieassociative.be\/actualites\/#\/schema\/logo\/image\/\"}},{\"@type\":\"Person\",\"@id\":\"https:\/\/vieassociative.be\/actualites\/#\/schema\/person\/b87ac4f82f9d4e7b7cec7395b679edc4\",\"name\":\"Julien\",\"image\":{\"@type\":\"ImageObject\",\"inLanguage\":\"fr-BE\",\"@id\":\"https:\/\/vieassociative.be\/actualites\/#\/schema\/person\/image\/\",\"url\":\"https:\/\/vieassociative.be\/actualites\/wp-content\/uploads\/2024\/09\/vie-associative-1-150x150.jpg\",\"contentUrl\":\"https:\/\/vieassociative.be\/actualites\/wp-content\/uploads\/2024\/09\/vie-associative-1-150x150.jpg\",\"caption\":\"Julien\"},\"description\":\"Je suis Julien, r\u00e9dacteur pour Vie Associative. Passionn\u00e9 par le monde associatif depuis plus de 10 ans, j'ai \u00e0 c\u0153ur de partager des histoires inspirantes et de mettre en lumi\u00e8re les initiatives locales. Mon objectif est de sensibiliser et d'encourager l'engagement communautaire \u00e0 travers mes articles.\",\"sameAs\":[\"https:\/\/vieassociative.be\/\"]}]}<\/script>\n<!-- \/ Yoast SEO plugin. -->","yoast_head_json":{"title":"Ce que les gens se trompent cette semaine\u00a0: le tueur en s\u00e9rie de Facebook | Vie Associative","robots":{"index":"index","follow":"follow","max-snippet":"max-snippet:-1","max-image-preview":"max-image-preview:large","max-video-preview":"max-video-preview:-1"},"canonical":"https:\/\/vieassociative.be\/actualites\/ce-que-les-gens-se-trompent-cette-semaine-le-tueur-en-serie-de-facebook\/","og_locale":"fr_FR","og_type":"article","og_title":"Ce que les gens se trompent cette semaine\u00a0: le tueur en s\u00e9rie de Facebook | Vie Associative","og_description":"Cette semaine, je m&rsquo;int\u00e9resse \u00e0 deux personnages de fiction fa\u00e7onn\u00e9s par l&rsquo;inconscient collectif d&rsquo;Internet. Cette semaine, je m&rsquo;int\u00e9resse \u00e0 deux personnages de fiction fa\u00e7onn\u00e9s par","og_url":"https:\/\/vieassociative.be\/actualites\/ce-que-les-gens-se-trompent-cette-semaine-le-tueur-en-serie-de-facebook\/","og_site_name":"Vie Associative","article_published_time":"2024-12-09T13:17:07+00:00","og_image":[{"width":279,"height":92,"url":"https:\/\/vieassociative.be\/actualites\/wp-content\/uploads\/2024\/09\/header_backgroundk-01-e1726694325946.png","type":"image\/png"}],"author":"Julien","twitter_card":"summary_large_image","twitter_misc":{"\u00c9crit par":"Julien","Dur\u00e9e de lecture est.":"5 minutes"},"schema":{"@context":"https:\/\/schema.org","@graph":[{"@type":"Article","@id":"https:\/\/vieassociative.be\/actualites\/ce-que-les-gens-se-trompent-cette-semaine-le-tueur-en-serie-de-facebook\/#article","isPartOf":{"@id":"https:\/\/vieassociative.be\/actualites\/ce-que-les-gens-se-trompent-cette-semaine-le-tueur-en-serie-de-facebook\/"},"author":{"name":"Julien","@id":"https:\/\/vieassociative.be\/actualites\/#\/schema\/person\/b87ac4f82f9d4e7b7cec7395b679edc4"},"headline":"Ce que les gens se trompent cette semaine\u00a0: le tueur en s\u00e9rie de Facebook","datePublished":"2024-12-09T13:17:07+00:00","dateModified":"2024-12-09T13:17:07+00:00","mainEntityOfPage":{"@id":"https:\/\/vieassociative.be\/actualites\/ce-que-les-gens-se-trompent-cette-semaine-le-tueur-en-serie-de-facebook\/"},"wordCount":1150,"publisher":{"@id":"https:\/\/vieassociative.be\/actualites\/#organization"},"image":{"@id":"https:\/\/vieassociative.be\/actualites\/ce-que-les-gens-se-trompent-cette-semaine-le-tueur-en-serie-de-facebook\/#primaryimage"},"thumbnailUrl":"https:\/\/vieassociative.be\/actualites\/wp-content\/uploads\/2024\/12\/Ce-que-les-gens-se-trompent-cette-semaine-le-tueur.png","keywords":["cette","Facebook","gens","Les","semaine","s\u00e9rie","trompent","tueur"],"articleSection":["Divertissement"],"inLanguage":"fr-BE"},{"@type":"WebPage","@id":"https:\/\/vieassociative.be\/actualites\/ce-que-les-gens-se-trompent-cette-semaine-le-tueur-en-serie-de-facebook\/","url":"https:\/\/vieassociative.be\/actualites\/ce-que-les-gens-se-trompent-cette-semaine-le-tueur-en-serie-de-facebook\/","name":"Ce que les gens se trompent cette semaine\u00a0: le tueur en s\u00e9rie de Facebook | Vie Associative","isPartOf":{"@id":"https:\/\/vieassociative.be\/actualites\/#website"},"primaryImageOfPage":{"@id":"https:\/\/vieassociative.be\/actualites\/ce-que-les-gens-se-trompent-cette-semaine-le-tueur-en-serie-de-facebook\/#primaryimage"},"image":{"@id":"https:\/\/vieassociative.be\/actualites\/ce-que-les-gens-se-trompent-cette-semaine-le-tueur-en-serie-de-facebook\/#primaryimage"},"thumbnailUrl":"https:\/\/vieassociative.be\/actualites\/wp-content\/uploads\/2024\/12\/Ce-que-les-gens-se-trompent-cette-semaine-le-tueur.png","datePublished":"2024-12-09T13:17:07+00:00","dateModified":"2024-12-09T13:17:07+00:00","breadcrumb":{"@id":"https:\/\/vieassociative.be\/actualites\/ce-que-les-gens-se-trompent-cette-semaine-le-tueur-en-serie-de-facebook\/#breadcrumb"},"inLanguage":"fr-BE","potentialAction":[{"@type":"ReadAction","target":["https:\/\/vieassociative.be\/actualites\/ce-que-les-gens-se-trompent-cette-semaine-le-tueur-en-serie-de-facebook\/"]}]},{"@type":"ImageObject","inLanguage":"fr-BE","@id":"https:\/\/vieassociative.be\/actualites\/ce-que-les-gens-se-trompent-cette-semaine-le-tueur-en-serie-de-facebook\/#primaryimage","url":"https:\/\/vieassociative.be\/actualites\/wp-content\/uploads\/2024\/12\/Ce-que-les-gens-se-trompent-cette-semaine-le-tueur.png","contentUrl":"https:\/\/vieassociative.be\/actualites\/wp-content\/uploads\/2024\/12\/Ce-que-les-gens-se-trompent-cette-semaine-le-tueur.png","width":1200,"height":675,"caption":"Ce que les gens se trompent cette semaine\u00a0: le tueur en s\u00e9rie de Facebook"},{"@type":"BreadcrumbList","@id":"https:\/\/vieassociative.be\/actualites\/ce-que-les-gens-se-trompent-cette-semaine-le-tueur-en-serie-de-facebook\/#breadcrumb","itemListElement":[{"@type":"ListItem","position":1,"name":"Accueil","item":"https:\/\/vieassociative.be\/actualites\/"},{"@type":"ListItem","position":2,"name":"Ce que les gens se trompent cette semaine\u00a0: le tueur en s\u00e9rie de Facebook"}]},{"@type":"WebSite","@id":"https:\/\/vieassociative.be\/actualites\/#website","url":"https:\/\/vieassociative.be\/actualites\/","name":"Vie Associative","description":"","publisher":{"@id":"https:\/\/vieassociative.be\/actualites\/#organization"},"potentialAction":[{"@type":"SearchAction","target":{"@type":"EntryPoint","urlTemplate":"https:\/\/vieassociative.be\/actualites\/?s={search_term_string}"},"query-input":{"@type":"PropertyValueSpecification","valueRequired":true,"valueName":"search_term_string"}}],"inLanguage":"fr-BE"},{"@type":"Organization","@id":"https:\/\/vieassociative.be\/actualites\/#organization","name":"Vie Associative","url":"https:\/\/vieassociative.be\/actualites\/","logo":{"@type":"ImageObject","inLanguage":"fr-BE","@id":"https:\/\/vieassociative.be\/actualites\/#\/schema\/logo\/image\/","url":"https:\/\/vieassociative.be\/actualites\/wp-content\/uploads\/2024\/09\/cropped-vieassociative_favicon.ico.png","contentUrl":"https:\/\/vieassociative.be\/actualites\/wp-content\/uploads\/2024\/09\/cropped-vieassociative_favicon.ico.png","width":512,"height":512,"caption":"Vie Associative"},"image":{"@id":"https:\/\/vieassociative.be\/actualites\/#\/schema\/logo\/image\/"}},{"@type":"Person","@id":"https:\/\/vieassociative.be\/actualites\/#\/schema\/person\/b87ac4f82f9d4e7b7cec7395b679edc4","name":"Julien","image":{"@type":"ImageObject","inLanguage":"fr-BE","@id":"https:\/\/vieassociative.be\/actualites\/#\/schema\/person\/image\/","url":"https:\/\/vieassociative.be\/actualites\/wp-content\/uploads\/2024\/09\/vie-associative-1-150x150.jpg","contentUrl":"https:\/\/vieassociative.be\/actualites\/wp-content\/uploads\/2024\/09\/vie-associative-1-150x150.jpg","caption":"Julien"},"description":"Je suis Julien, r\u00e9dacteur pour Vie Associative. Passionn\u00e9 par le monde associatif depuis plus de 10 ans, j'ai \u00e0 c\u0153ur de partager des histoires inspirantes et de mettre en lumi\u00e8re les initiatives locales. Mon objectif est de sensibiliser et d'encourager l'engagement communautaire \u00e0 travers mes articles.","sameAs":["https:\/\/vieassociative.be\/"]}]}},"_links":{"self":[{"href":"https:\/\/vieassociative.be\/actualites\/wp-json\/wp\/v2\/posts\/3213"}],"collection":[{"href":"https:\/\/vieassociative.be\/actualites\/wp-json\/wp\/v2\/posts"}],"about":[{"href":"https:\/\/vieassociative.be\/actualites\/wp-json\/wp\/v2\/types\/post"}],"author":[{"embeddable":true,"href":"https:\/\/vieassociative.be\/actualites\/wp-json\/wp\/v2\/users\/1"}],"replies":[{"embeddable":true,"href":"https:\/\/vieassociative.be\/actualites\/wp-json\/wp\/v2\/comments?post=3213"}],"version-history":[{"count":0,"href":"https:\/\/vieassociative.be\/actualites\/wp-json\/wp\/v2\/posts\/3213\/revisions"}],"wp:featuredmedia":[{"embeddable":true,"href":"https:\/\/vieassociative.be\/actualites\/wp-json\/wp\/v2\/media\/3214"}],"wp:attachment":[{"href":"https:\/\/vieassociative.be\/actualites\/wp-json\/wp\/v2\/media?parent=3213"}],"wp:term":[{"taxonomy":"category","embeddable":true,"href":"https:\/\/vieassociative.be\/actualites\/wp-json\/wp\/v2\/categories?post=3213"},{"taxonomy":"post_tag","embeddable":true,"href":"https:\/\/vieassociative.be\/actualites\/wp-json\/wp\/v2\/tags?post=3213"}],"curies":[{"name":"wp","href":"https:\/\/api.w.org\/{rel}","templated":true}]}}