{"id":3204,"date":"2024-12-09T07:19:28","date_gmt":"2024-12-09T06:19:28","guid":{"rendered":"https:\/\/vieassociative.be\/actualites\/huit-couts-caches-qui-pourraient-faire-sombrer-votre-retraite\/"},"modified":"2024-12-09T07:19:28","modified_gmt":"2024-12-09T06:19:28","slug":"huit-couts-caches-qui-pourraient-faire-sombrer-votre-retraite","status":"publish","type":"post","link":"https:\/\/vieassociative.be\/actualites\/huit-couts-caches-qui-pourraient-faire-sombrer-votre-retraite\/","title":{"rendered":"Huit co\u00fbts cach\u00e9s qui pourraient faire sombrer votre retraite"},"content":{"rendered":"<div class=\"mt-4 leading-6 md:mb-8\">Planifier sa retraite ne se limite pas \u00e0 renforcer son compte de retraite.<\/div>\n<p><\/p>\n<p>Aucun d&rsquo;entre nous ne rajeunit, et chaque ann\u00e9e qui passe fait de la planification de sa retraite une t\u00e2che de plus en plus urgente, une t\u00e2che qui nous cause beaucoup de stress collectif. Il y a d\u2019abord le fait qu\u2019un peu plus de la moiti\u00e9 du pays dispose m\u00eame d\u2019un compte de retraite. Ensuite, il y a le fait que m\u00eame les personnes qui planifient activement leur retraite se sentent tr\u00e8s en retard \u2013 et comme l\u2019\u00e9pargne-retraite m\u00e9diane n\u2019est que de 87 000 $, elles ont probablement raison.<\/p>\n<p>Vous pouvez obtenir de nombreuses aides pour planifier votre retraite, des conseillers financiers aux coachs en retraite en passant par les \u00ab tests de r\u00e9sistance \u00bb pr\u00e9alables \u00e0 la retraite qui peuvent vous indiquer si certaines de vos hypoth\u00e8ses sont correctes. Mais vous ne pouvez planifier que ce que vous connaissez, et la retraite s\u2019accompagne de nombreux co\u00fbts cach\u00e9s potentiels qui passent inaper\u00e7us jusqu\u2019au moment o\u00f9 ils prennent une part consid\u00e9rable de votre \u00e9pargne. Vous avez peut-\u00eatre envisag\u00e9 la possibilit\u00e9 d&rsquo;avoir besoin de soins de longue dur\u00e9e, vous savez peut-\u00eatre que votre s\u00e9curit\u00e9 sociale est impos\u00e9e et que vous devez en fait payer pour la couverture Medicare, mais vous n&rsquo;avez probablement pas envisag\u00e9 les co\u00fbts cach\u00e9s suivants de la retraite.<\/p>\n<h2 id=\"emergency-funds\">Fonds d&rsquo;urgence<\/h2>\n<p>Si vous \u00eates intelligent en ce qui concerne le budget de votre m\u00e9nage, vous disposez probablement d&rsquo;un fonds d&rsquo;urgence pour vous pr\u00e9munir contre les catastrophes. Mais avez-vous pris en compte le maintien (et l\u2019augmentation) de ce fonds d\u2019urgence dans votre planification de retraite\u00a0? M\u00eame si vous vous dirigez vers une retraite confortable avec un compte important et des actifs solides, des catastrophes peuvent survenir, vous devrez donc conserver cette somme d&rsquo;argent d&rsquo;urgence en place. Par exemple, le retrait\u00e9 moyen d\u00e9pensera environ 157 500 $ en<em> de ma poche<\/em> frais m\u00e9dicaux \u00e0 la retraite (pour les couples, c&rsquo;est 315 000 $).<em> <\/em>Si vous n&rsquo;avez pas pris en compte de tels co\u00fbts impr\u00e9vus dans vos plans, vous pourriez \u00eatre confront\u00e9 soit \u00e0 un style de vie inf\u00e9rieur \u00e0 celui pr\u00e9vu, soit \u00e0 la possibilit\u00e9 effrayante d&rsquo;\u00eatre an\u00e9anti par une urgence m\u00e9dicale soudaine ou une catastrophe naturelle.<\/p>\n<h2 id=\"home-maintenance\">Entretien de la maison<\/h2>\n<p>Les maisons sont ch\u00e8res. Si vous \u00eates du genre \u00e0 bricoler de nombreuses t\u00e2ches d&rsquo;entretien de la maison et que vous envisagez de vieillir chez vous, vous n&rsquo;incluez peut-\u00eatre pas un budget d&rsquo;entretien important dans vos plans de retraite. Mais \u00e0 mesure que vous vieillissez, votre capacit\u00e9 \u00e0 effectuer des travaux \u00e0 la maison peut \u00eatre compromise et vous pourriez vous retrouver \u00e0 devoir payer des gens pour effectuer des r\u00e9parations, des am\u00e9nagements paysagers et des am\u00e9liorations, ce qui entra\u00eenerait une augmentation soudaine de vos co\u00fbts de logement. Le propri\u00e9taire moyen d\u00e9pense environ 6 000 $ par an pour l&rsquo;entretien de sa maison, donc si vous comptez \u00e9conomiser beaucoup d&rsquo;argent en fournissant votre propre main-d&rsquo;\u0153uvre, devoir soudainement couvrir ces factures pourrait \u00eatre un choc pour votre budget de retraite.<\/p>\n<p>Autre chose \u00e0 consid\u00e9rer\u00a0: votre maison vieillit \u00e9galement, et ces co\u00fbts augmenteront donc probablement avec le temps, m\u00eame si vous avez pris l&rsquo;initiative de remplacer des \u00e9l\u00e9ments co\u00fbteux comme le toit ou le syst\u00e8me CVC avant de prendre votre retraite.<\/p>\n<h2 id=\"new-or-revived-hobbies\">Des passe-temps nouveaux (ou raviv\u00e9s)<\/h2>\n<p>Il y a de fortes chances que vous vous ennuyiez \u00e0 la retraite. Passer soudainement d\u2019un temps occup\u00e9 par un travail \u00e0 n\u2019avoir que du temps libre peut \u00eatre psychologiquement difficile. Afin de combler ces heures vides, la plupart des gens se lancent dans de nouveaux passe-temps \u2013 et ces passe-temps sont souvent assez co\u00fbteux et ne faisaient pas partie du plan de d\u00e9penses initial. Si vous d\u00e9cidez de vous lancer dans le golf, par exemple, cela pourrait vous co\u00fbter jusqu&rsquo;\u00e0 10 000 $ par an. Si cela ne faisait pas partie de votre budget, ce passe-temps va s\u00e9rieusement g\u00e2cher votre retraite.<\/p>\n<h2 id=\"inflation\">Inflation<\/h2>\n<p>C&rsquo;est une erreur courante, mais beaucoup de gens ne tiennent pas compte de l&rsquo;inflation lorsqu&rsquo;ils planifient leur retraite. Ils calculent le revenu qu\u2019ils peuvent g\u00e9n\u00e9rer, appliquent une r\u00e8gle (g\u00e9n\u00e9ralement arbitraire) sur le montant dont ils auront besoin et se lancent tout simplement. Mais l\u2019inflation signifie que tout devient un peu plus cher (ou, certaines ann\u00e9es, une <em>parcelle <\/em>plus) cher. Si vous n\u2019avez pas trouv\u00e9 comment tenir compte de l\u2019inflation au fil du temps, un revenu de retraite confortable aujourd\u2019hui le sera moins dans quelques ann\u00e9es \u2013 et peut-\u00eatre m\u00eame insuffisant dans une d\u00e9cennie ou plus dans le futur.<\/p>\n<h2 id=\"dental-work\">Travaux dentaires<\/h2>\n<p>Fait amusant\u00a0: Medicare ne couvre pas la plupart des soins dentaires et vous ne pouvez m\u00eame pas souscrire \u00e0 des plans Medicare distincts pour couvrir les soins dentaires. Les frais dentaires \u00e0 la retraite peuvent varier de 10 000 $ pour les besoins de base \u00e0 plus de 100 000 $ pour des probl\u00e8mes plus importants. Vous finirez donc par payer pour un plan individuel co\u00fbteux ou simplement couvrir ces d\u00e9penses de votre poche. Si vous pensez que vous b\u00e9n\u00e9ficierez d&rsquo;une couverture dentaire \u00e0 la retraite et que vous avez oubli\u00e9 de prendre en compte ces co\u00fbts, vos projets sont d\u00e9j\u00e0 compromis.<\/p>\n<h2 id=\"your-children-may-need-help-as-adults-too\">Vos enfants peuvent aussi avoir besoin d\u2019aide en tant qu\u2019adultes<\/h2>\n<p>Si vous avez des enfants, ils auront probablement tous grandi au moment o\u00f9 vous prendrez votre retraite, vous pouvez donc supposer qu&rsquo;ils ne vous co\u00fbteront rien et pourraient m\u00eame vous \u00eatre utiles. Mais il n\u2019y a aucune garantie : pr\u00e8s d\u2019un tiers des parents d\u2019enfants adultes subviennent aux besoins de leurs enfants, ce qui les incite \u00e0 r\u00e9duire leurs frais de subsistance. Si vos enfants rencontrent des difficult\u00e9s financi\u00e8res ou des difficult\u00e9s dans la vie et que vous devez intervenir pour les aider, votre retraite en prendra un coup.<\/p>\n<p>Et les familles ont tendance \u00e0 s\u2019agrandir avec le temps \u2013 et chaque nouveau petit-enfant ou arri\u00e8re-petit-enfant a un prix modeste mais appr\u00e9ciable en termes de cadeaux et d\u2019h\u00e9bergement. Bien s\u00fbr, vous serez peut-\u00eatre plus qu&rsquo;heureux d&rsquo;y pourvoir, mais si vous ne planifiez pas \u00e0 l&rsquo;avance ces co\u00fbts suppl\u00e9mentaires, ils peuvent s&rsquo;accumuler consid\u00e9rablement.<\/p>\n<h2 id=\"home-supplies\">Fournitures pour la maison<\/h2>\n<p>Si prendre sa retraite signifie passer soudainement de plus de 40 heures par semaine au bureau \u00e0 passer tout son temps \u00e0 la maison, vous devez tenir compte des co\u00fbts suppl\u00e9mentaires que cela implique. Semblable au budget que subissent les gens lorsqu&rsquo;ils travaillent \u00e0 domicile au lieu de se rendre au bureau, vous vous retrouverez \u00e0 d\u00e9penser plus que d&rsquo;habitude pour des choses comme le papier toilette, les services publics et la climatisation. Si votre plan de retraite suppose que les co\u00fbts de votre m\u00e9nage seront \u00e0 peu pr\u00e8s les m\u00eames, vous surestimez probablement le montant d&rsquo;argent qu&rsquo;il vous restera \u00e0 d\u00e9penser.<\/p>\n<h2 id=\"irmaa\">IRMAA<\/h2>\n<p>Vous savez que Medicare n&rsquo;est pas gratuit, vous avez donc pr\u00e9vu cela (et peut-\u00eatre aussi un plan suppl\u00e9mentaire). Super! Mais un nombre surprenant de personnes ne connaissent pas le montant d\u2019ajustement mensuel li\u00e9 au revenu (IRMAA) de Medicare. Cela signifie que si vous gagnez trop d&rsquo;argent (plus de 106 000 $ pour les particuliers en 2025 et 212 000 $ pour les couples), vous vous retrouverez avec un suppl\u00e9ment en plus de la prime Medicare habituelle. Ces frais suppl\u00e9mentaires peuvent d\u00e9passer 600 $ par mois selon votre situation sp\u00e9cifique.<\/p>\n<p>Peu importe \u00e0 quel point vous pensez \u00eatre pr\u00eat \u00e0 prendre votre retraite, si vous n&rsquo;avez pas pris en compte ces co\u00fbts cach\u00e9s, vous pourriez avoir du travail \u00e0 faire.<\/p>\n","protected":false},"excerpt":{"rendered":"<p>Planifier sa retraite ne se limite pas \u00e0 renforcer son compte de retraite. Aucun d&rsquo;entre nous ne rajeunit, et chaque ann\u00e9e qui passe fait de<\/p>\n","protected":false},"author":1,"featured_media":3205,"comment_status":"","ping_status":"","sticky":false,"template":"","format":"standard","meta":{"footnotes":""},"categories":[41],"tags":[3882,3529,127,78,1168,99,1460,3883,8],"class_list":["post-3204","post","type-post","status-publish","format-standard","has-post-thumbnail","hentry","category-argent","tag-caches","tag-couts","tag-faire","tag-huit","tag-pourraient","tag-qui","tag-retraite","tag-sombrer","tag-votre","generate-columns","tablet-grid-50","mobile-grid-100","grid-parent","grid-33"],"yoast_head":"<!-- This site is optimized with the Yoast SEO plugin v24.0 - https:\/\/yoast.com\/wordpress\/plugins\/seo\/ -->\n<title>Huit co\u00fbts cach\u00e9s qui pourraient faire sombrer votre retraite | Vie Associative<\/title>\n<meta name=\"robots\" content=\"index, follow, max-snippet:-1, max-image-preview:large, max-video-preview:-1\" \/>\n<link rel=\"canonical\" href=\"https:\/\/vieassociative.be\/actualites\/huit-couts-caches-qui-pourraient-faire-sombrer-votre-retraite\/\" \/>\n<meta property=\"og:locale\" content=\"fr_FR\" \/>\n<meta property=\"og:type\" content=\"article\" \/>\n<meta property=\"og:title\" content=\"Huit co\u00fbts cach\u00e9s qui pourraient faire sombrer votre retraite | Vie Associative\" \/>\n<meta property=\"og:description\" content=\"Planifier sa retraite ne se limite pas \u00e0 renforcer son compte de retraite. Aucun d&rsquo;entre nous ne rajeunit, et chaque ann\u00e9e qui passe fait de\" \/>\n<meta property=\"og:url\" content=\"https:\/\/vieassociative.be\/actualites\/huit-couts-caches-qui-pourraient-faire-sombrer-votre-retraite\/\" \/>\n<meta property=\"og:site_name\" content=\"Vie Associative\" \/>\n<meta property=\"article:published_time\" content=\"2024-12-09T06:19:28+00:00\" \/>\n<meta property=\"og:image\" content=\"https:\/\/vieassociative.be\/actualites\/wp-content\/uploads\/2024\/09\/header_backgroundk-01-e1726694325946.png\" \/>\n\t<meta property=\"og:image:width\" content=\"279\" \/>\n\t<meta property=\"og:image:height\" content=\"92\" \/>\n\t<meta property=\"og:image:type\" content=\"image\/png\" \/>\n<meta name=\"author\" content=\"Julien\" \/>\n<meta name=\"twitter:card\" content=\"summary_large_image\" \/>\n<meta name=\"twitter:label1\" content=\"\u00c9crit par\" \/>\n\t<meta name=\"twitter:data1\" content=\"Julien\" \/>\n\t<meta name=\"twitter:label2\" content=\"Dur\u00e9e de lecture est.\" \/>\n\t<meta name=\"twitter:data2\" content=\"6 minutes\" \/>\n<script type=\"application\/ld+json\" class=\"yoast-schema-graph\">{\"@context\":\"https:\/\/schema.org\",\"@graph\":[{\"@type\":\"Article\",\"@id\":\"https:\/\/vieassociative.be\/actualites\/huit-couts-caches-qui-pourraient-faire-sombrer-votre-retraite\/#article\",\"isPartOf\":{\"@id\":\"https:\/\/vieassociative.be\/actualites\/huit-couts-caches-qui-pourraient-faire-sombrer-votre-retraite\/\"},\"author\":{\"name\":\"Julien\",\"@id\":\"https:\/\/vieassociative.be\/actualites\/#\/schema\/person\/b87ac4f82f9d4e7b7cec7395b679edc4\"},\"headline\":\"Huit co\u00fbts cach\u00e9s qui pourraient faire sombrer votre retraite\",\"datePublished\":\"2024-12-09T06:19:28+00:00\",\"dateModified\":\"2024-12-09T06:19:28+00:00\",\"mainEntityOfPage\":{\"@id\":\"https:\/\/vieassociative.be\/actualites\/huit-couts-caches-qui-pourraient-faire-sombrer-votre-retraite\/\"},\"wordCount\":1335,\"publisher\":{\"@id\":\"https:\/\/vieassociative.be\/actualites\/#organization\"},\"image\":{\"@id\":\"https:\/\/vieassociative.be\/actualites\/huit-couts-caches-qui-pourraient-faire-sombrer-votre-retraite\/#primaryimage\"},\"thumbnailUrl\":\"https:\/\/vieassociative.be\/actualites\/wp-content\/uploads\/2024\/12\/Huit-couts-caches-qui-pourraient-faire-sombrer-votre-retraite.png\",\"keywords\":[\"cach\u00e9s\",\"co\u00fbts\",\"faire\",\"Huit\",\"pourraient\",\"qui\",\"retraite\",\"sombrer\",\"votre\"],\"articleSection\":[\"Argent\"],\"inLanguage\":\"fr-BE\"},{\"@type\":\"WebPage\",\"@id\":\"https:\/\/vieassociative.be\/actualites\/huit-couts-caches-qui-pourraient-faire-sombrer-votre-retraite\/\",\"url\":\"https:\/\/vieassociative.be\/actualites\/huit-couts-caches-qui-pourraient-faire-sombrer-votre-retraite\/\",\"name\":\"Huit co\u00fbts cach\u00e9s qui pourraient faire sombrer votre retraite | Vie Associative\",\"isPartOf\":{\"@id\":\"https:\/\/vieassociative.be\/actualites\/#website\"},\"primaryImageOfPage\":{\"@id\":\"https:\/\/vieassociative.be\/actualites\/huit-couts-caches-qui-pourraient-faire-sombrer-votre-retraite\/#primaryimage\"},\"image\":{\"@id\":\"https:\/\/vieassociative.be\/actualites\/huit-couts-caches-qui-pourraient-faire-sombrer-votre-retraite\/#primaryimage\"},\"thumbnailUrl\":\"https:\/\/vieassociative.be\/actualites\/wp-content\/uploads\/2024\/12\/Huit-couts-caches-qui-pourraient-faire-sombrer-votre-retraite.png\",\"datePublished\":\"2024-12-09T06:19:28+00:00\",\"dateModified\":\"2024-12-09T06:19:28+00:00\",\"breadcrumb\":{\"@id\":\"https:\/\/vieassociative.be\/actualites\/huit-couts-caches-qui-pourraient-faire-sombrer-votre-retraite\/#breadcrumb\"},\"inLanguage\":\"fr-BE\",\"potentialAction\":[{\"@type\":\"ReadAction\",\"target\":[\"https:\/\/vieassociative.be\/actualites\/huit-couts-caches-qui-pourraient-faire-sombrer-votre-retraite\/\"]}]},{\"@type\":\"ImageObject\",\"inLanguage\":\"fr-BE\",\"@id\":\"https:\/\/vieassociative.be\/actualites\/huit-couts-caches-qui-pourraient-faire-sombrer-votre-retraite\/#primaryimage\",\"url\":\"https:\/\/vieassociative.be\/actualites\/wp-content\/uploads\/2024\/12\/Huit-couts-caches-qui-pourraient-faire-sombrer-votre-retraite.png\",\"contentUrl\":\"https:\/\/vieassociative.be\/actualites\/wp-content\/uploads\/2024\/12\/Huit-couts-caches-qui-pourraient-faire-sombrer-votre-retraite.png\",\"width\":1200,\"height\":675,\"caption\":\"Huit co\u00fbts cach\u00e9s qui pourraient faire sombrer votre retraite\"},{\"@type\":\"BreadcrumbList\",\"@id\":\"https:\/\/vieassociative.be\/actualites\/huit-couts-caches-qui-pourraient-faire-sombrer-votre-retraite\/#breadcrumb\",\"itemListElement\":[{\"@type\":\"ListItem\",\"position\":1,\"name\":\"Accueil\",\"item\":\"https:\/\/vieassociative.be\/actualites\/\"},{\"@type\":\"ListItem\",\"position\":2,\"name\":\"Huit co\u00fbts cach\u00e9s qui pourraient faire sombrer votre retraite\"}]},{\"@type\":\"WebSite\",\"@id\":\"https:\/\/vieassociative.be\/actualites\/#website\",\"url\":\"https:\/\/vieassociative.be\/actualites\/\",\"name\":\"Vie Associative\",\"description\":\"\",\"publisher\":{\"@id\":\"https:\/\/vieassociative.be\/actualites\/#organization\"},\"potentialAction\":[{\"@type\":\"SearchAction\",\"target\":{\"@type\":\"EntryPoint\",\"urlTemplate\":\"https:\/\/vieassociative.be\/actualites\/?s={search_term_string}\"},\"query-input\":{\"@type\":\"PropertyValueSpecification\",\"valueRequired\":true,\"valueName\":\"search_term_string\"}}],\"inLanguage\":\"fr-BE\"},{\"@type\":\"Organization\",\"@id\":\"https:\/\/vieassociative.be\/actualites\/#organization\",\"name\":\"Vie Associative\",\"url\":\"https:\/\/vieassociative.be\/actualites\/\",\"logo\":{\"@type\":\"ImageObject\",\"inLanguage\":\"fr-BE\",\"@id\":\"https:\/\/vieassociative.be\/actualites\/#\/schema\/logo\/image\/\",\"url\":\"https:\/\/vieassociative.be\/actualites\/wp-content\/uploads\/2024\/09\/cropped-vieassociative_favicon.ico.png\",\"contentUrl\":\"https:\/\/vieassociative.be\/actualites\/wp-content\/uploads\/2024\/09\/cropped-vieassociative_favicon.ico.png\",\"width\":512,\"height\":512,\"caption\":\"Vie Associative\"},\"image\":{\"@id\":\"https:\/\/vieassociative.be\/actualites\/#\/schema\/logo\/image\/\"}},{\"@type\":\"Person\",\"@id\":\"https:\/\/vieassociative.be\/actualites\/#\/schema\/person\/b87ac4f82f9d4e7b7cec7395b679edc4\",\"name\":\"Julien\",\"image\":{\"@type\":\"ImageObject\",\"inLanguage\":\"fr-BE\",\"@id\":\"https:\/\/vieassociative.be\/actualites\/#\/schema\/person\/image\/\",\"url\":\"https:\/\/vieassociative.be\/actualites\/wp-content\/uploads\/2024\/09\/vie-associative-1-150x150.jpg\",\"contentUrl\":\"https:\/\/vieassociative.be\/actualites\/wp-content\/uploads\/2024\/09\/vie-associative-1-150x150.jpg\",\"caption\":\"Julien\"},\"description\":\"Je suis Julien, r\u00e9dacteur pour Vie Associative. Passionn\u00e9 par le monde associatif depuis plus de 10 ans, j'ai \u00e0 c\u0153ur de partager des histoires inspirantes et de mettre en lumi\u00e8re les initiatives locales. Mon objectif est de sensibiliser et d'encourager l'engagement communautaire \u00e0 travers mes articles.\",\"sameAs\":[\"https:\/\/vieassociative.be\/\"]}]}<\/script>\n<!-- \/ Yoast SEO plugin. -->","yoast_head_json":{"title":"Huit co\u00fbts cach\u00e9s qui pourraient faire sombrer votre retraite | Vie Associative","robots":{"index":"index","follow":"follow","max-snippet":"max-snippet:-1","max-image-preview":"max-image-preview:large","max-video-preview":"max-video-preview:-1"},"canonical":"https:\/\/vieassociative.be\/actualites\/huit-couts-caches-qui-pourraient-faire-sombrer-votre-retraite\/","og_locale":"fr_FR","og_type":"article","og_title":"Huit co\u00fbts cach\u00e9s qui pourraient faire sombrer votre retraite | Vie Associative","og_description":"Planifier sa retraite ne se limite pas \u00e0 renforcer son compte de retraite. Aucun d&rsquo;entre nous ne rajeunit, et chaque ann\u00e9e qui passe fait de","og_url":"https:\/\/vieassociative.be\/actualites\/huit-couts-caches-qui-pourraient-faire-sombrer-votre-retraite\/","og_site_name":"Vie Associative","article_published_time":"2024-12-09T06:19:28+00:00","og_image":[{"width":279,"height":92,"url":"https:\/\/vieassociative.be\/actualites\/wp-content\/uploads\/2024\/09\/header_backgroundk-01-e1726694325946.png","type":"image\/png"}],"author":"Julien","twitter_card":"summary_large_image","twitter_misc":{"\u00c9crit par":"Julien","Dur\u00e9e de lecture est.":"6 minutes"},"schema":{"@context":"https:\/\/schema.org","@graph":[{"@type":"Article","@id":"https:\/\/vieassociative.be\/actualites\/huit-couts-caches-qui-pourraient-faire-sombrer-votre-retraite\/#article","isPartOf":{"@id":"https:\/\/vieassociative.be\/actualites\/huit-couts-caches-qui-pourraient-faire-sombrer-votre-retraite\/"},"author":{"name":"Julien","@id":"https:\/\/vieassociative.be\/actualites\/#\/schema\/person\/b87ac4f82f9d4e7b7cec7395b679edc4"},"headline":"Huit co\u00fbts cach\u00e9s qui pourraient faire sombrer votre retraite","datePublished":"2024-12-09T06:19:28+00:00","dateModified":"2024-12-09T06:19:28+00:00","mainEntityOfPage":{"@id":"https:\/\/vieassociative.be\/actualites\/huit-couts-caches-qui-pourraient-faire-sombrer-votre-retraite\/"},"wordCount":1335,"publisher":{"@id":"https:\/\/vieassociative.be\/actualites\/#organization"},"image":{"@id":"https:\/\/vieassociative.be\/actualites\/huit-couts-caches-qui-pourraient-faire-sombrer-votre-retraite\/#primaryimage"},"thumbnailUrl":"https:\/\/vieassociative.be\/actualites\/wp-content\/uploads\/2024\/12\/Huit-couts-caches-qui-pourraient-faire-sombrer-votre-retraite.png","keywords":["cach\u00e9s","co\u00fbts","faire","Huit","pourraient","qui","retraite","sombrer","votre"],"articleSection":["Argent"],"inLanguage":"fr-BE"},{"@type":"WebPage","@id":"https:\/\/vieassociative.be\/actualites\/huit-couts-caches-qui-pourraient-faire-sombrer-votre-retraite\/","url":"https:\/\/vieassociative.be\/actualites\/huit-couts-caches-qui-pourraient-faire-sombrer-votre-retraite\/","name":"Huit co\u00fbts cach\u00e9s qui pourraient faire sombrer votre retraite | Vie Associative","isPartOf":{"@id":"https:\/\/vieassociative.be\/actualites\/#website"},"primaryImageOfPage":{"@id":"https:\/\/vieassociative.be\/actualites\/huit-couts-caches-qui-pourraient-faire-sombrer-votre-retraite\/#primaryimage"},"image":{"@id":"https:\/\/vieassociative.be\/actualites\/huit-couts-caches-qui-pourraient-faire-sombrer-votre-retraite\/#primaryimage"},"thumbnailUrl":"https:\/\/vieassociative.be\/actualites\/wp-content\/uploads\/2024\/12\/Huit-couts-caches-qui-pourraient-faire-sombrer-votre-retraite.png","datePublished":"2024-12-09T06:19:28+00:00","dateModified":"2024-12-09T06:19:28+00:00","breadcrumb":{"@id":"https:\/\/vieassociative.be\/actualites\/huit-couts-caches-qui-pourraient-faire-sombrer-votre-retraite\/#breadcrumb"},"inLanguage":"fr-BE","potentialAction":[{"@type":"ReadAction","target":["https:\/\/vieassociative.be\/actualites\/huit-couts-caches-qui-pourraient-faire-sombrer-votre-retraite\/"]}]},{"@type":"ImageObject","inLanguage":"fr-BE","@id":"https:\/\/vieassociative.be\/actualites\/huit-couts-caches-qui-pourraient-faire-sombrer-votre-retraite\/#primaryimage","url":"https:\/\/vieassociative.be\/actualites\/wp-content\/uploads\/2024\/12\/Huit-couts-caches-qui-pourraient-faire-sombrer-votre-retraite.png","contentUrl":"https:\/\/vieassociative.be\/actualites\/wp-content\/uploads\/2024\/12\/Huit-couts-caches-qui-pourraient-faire-sombrer-votre-retraite.png","width":1200,"height":675,"caption":"Huit co\u00fbts cach\u00e9s qui pourraient faire sombrer votre retraite"},{"@type":"BreadcrumbList","@id":"https:\/\/vieassociative.be\/actualites\/huit-couts-caches-qui-pourraient-faire-sombrer-votre-retraite\/#breadcrumb","itemListElement":[{"@type":"ListItem","position":1,"name":"Accueil","item":"https:\/\/vieassociative.be\/actualites\/"},{"@type":"ListItem","position":2,"name":"Huit co\u00fbts cach\u00e9s qui pourraient faire sombrer votre retraite"}]},{"@type":"WebSite","@id":"https:\/\/vieassociative.be\/actualites\/#website","url":"https:\/\/vieassociative.be\/actualites\/","name":"Vie Associative","description":"","publisher":{"@id":"https:\/\/vieassociative.be\/actualites\/#organization"},"potentialAction":[{"@type":"SearchAction","target":{"@type":"EntryPoint","urlTemplate":"https:\/\/vieassociative.be\/actualites\/?s={search_term_string}"},"query-input":{"@type":"PropertyValueSpecification","valueRequired":true,"valueName":"search_term_string"}}],"inLanguage":"fr-BE"},{"@type":"Organization","@id":"https:\/\/vieassociative.be\/actualites\/#organization","name":"Vie Associative","url":"https:\/\/vieassociative.be\/actualites\/","logo":{"@type":"ImageObject","inLanguage":"fr-BE","@id":"https:\/\/vieassociative.be\/actualites\/#\/schema\/logo\/image\/","url":"https:\/\/vieassociative.be\/actualites\/wp-content\/uploads\/2024\/09\/cropped-vieassociative_favicon.ico.png","contentUrl":"https:\/\/vieassociative.be\/actualites\/wp-content\/uploads\/2024\/09\/cropped-vieassociative_favicon.ico.png","width":512,"height":512,"caption":"Vie Associative"},"image":{"@id":"https:\/\/vieassociative.be\/actualites\/#\/schema\/logo\/image\/"}},{"@type":"Person","@id":"https:\/\/vieassociative.be\/actualites\/#\/schema\/person\/b87ac4f82f9d4e7b7cec7395b679edc4","name":"Julien","image":{"@type":"ImageObject","inLanguage":"fr-BE","@id":"https:\/\/vieassociative.be\/actualites\/#\/schema\/person\/image\/","url":"https:\/\/vieassociative.be\/actualites\/wp-content\/uploads\/2024\/09\/vie-associative-1-150x150.jpg","contentUrl":"https:\/\/vieassociative.be\/actualites\/wp-content\/uploads\/2024\/09\/vie-associative-1-150x150.jpg","caption":"Julien"},"description":"Je suis Julien, r\u00e9dacteur pour Vie Associative. Passionn\u00e9 par le monde associatif depuis plus de 10 ans, j'ai \u00e0 c\u0153ur de partager des histoires inspirantes et de mettre en lumi\u00e8re les initiatives locales. Mon objectif est de sensibiliser et d'encourager l'engagement communautaire \u00e0 travers mes articles.","sameAs":["https:\/\/vieassociative.be\/"]}]}},"_links":{"self":[{"href":"https:\/\/vieassociative.be\/actualites\/wp-json\/wp\/v2\/posts\/3204"}],"collection":[{"href":"https:\/\/vieassociative.be\/actualites\/wp-json\/wp\/v2\/posts"}],"about":[{"href":"https:\/\/vieassociative.be\/actualites\/wp-json\/wp\/v2\/types\/post"}],"author":[{"embeddable":true,"href":"https:\/\/vieassociative.be\/actualites\/wp-json\/wp\/v2\/users\/1"}],"replies":[{"embeddable":true,"href":"https:\/\/vieassociative.be\/actualites\/wp-json\/wp\/v2\/comments?post=3204"}],"version-history":[{"count":0,"href":"https:\/\/vieassociative.be\/actualites\/wp-json\/wp\/v2\/posts\/3204\/revisions"}],"wp:featuredmedia":[{"embeddable":true,"href":"https:\/\/vieassociative.be\/actualites\/wp-json\/wp\/v2\/media\/3205"}],"wp:attachment":[{"href":"https:\/\/vieassociative.be\/actualites\/wp-json\/wp\/v2\/media?parent=3204"}],"wp:term":[{"taxonomy":"category","embeddable":true,"href":"https:\/\/vieassociative.be\/actualites\/wp-json\/wp\/v2\/categories?post=3204"},{"taxonomy":"post_tag","embeddable":true,"href":"https:\/\/vieassociative.be\/actualites\/wp-json\/wp\/v2\/tags?post=3204"}],"curies":[{"name":"wp","href":"https:\/\/api.w.org\/{rel}","templated":true}]}}