{"id":3202,"date":"2024-12-09T06:18:20","date_gmt":"2024-12-09T05:18:20","guid":{"rendered":"https:\/\/vieassociative.be\/actualites\/tous-les-parents-devraient-regarder-ces-tout-petits-independants-faire-leurs-courses-assez-vieux\/"},"modified":"2024-12-09T06:18:20","modified_gmt":"2024-12-09T05:18:20","slug":"tous-les-parents-devraient-regarder-ces-tout-petits-independants-faire-leurs-courses-assez-vieux","status":"publish","type":"post","link":"https:\/\/vieassociative.be\/actualites\/tous-les-parents-devraient-regarder-ces-tout-petits-independants-faire-leurs-courses-assez-vieux\/","title":{"rendered":"Tous les parents devraient regarder ces tout-petits ind\u00e9pendants faire leurs courses \u00ab assez vieux \u00bb"},"content":{"rendered":"<div class=\"mt-4 leading-6 md:mb-8\">Les tout-petits se montrent capables de marcher jusqu&rsquo;\u00e0 l&rsquo;\u00e9picerie pour acheter du curry et des fleurs dans cette douce \u00e9mission japonaise sur Netflix.<\/div>\n<p><\/p>\n<p>Ce mois-ci, Netflix a sorti votre nouvelle \u00e9mission pr\u00e9f\u00e9r\u00e9e\u00a0: <em>Assez vieux<\/em>un programme documentaire import\u00e9 du Japon avec un principe simple et parfait\u00a0: dans chaque \u00e9pisode, un enfant diff\u00e9rent doit faire une course, seul, et nous pouvons voir comment (et si) elle est accomplie. Regarder des b\u00e9b\u00e9s naviguer dans quelque chose de complexe pour la premi\u00e8re fois de leur petite vie est dramatique et r\u00e9confortant, mais cela pr\u00e9sente \u00e9galement de v\u00e9ritables le\u00e7ons pour les parents sur la fa\u00e7on d&rsquo;\u00e9lever des enfants ind\u00e9pendants. <\/p>\n<h2 id=\"children-can-often-do-way-more-than-we-let-them\"><strong>Les enfants peuvent souvent faire bien plus que ce que nous leur laissons faire<\/strong><\/h2>\n<p>Il n&rsquo;y a \u00e9videmment pas d&rsquo;\u00e2ge pr\u00e9cis pour qu&rsquo;un enfant soit assez grand pour aller seul en public, mais selon ce sondage, la plupart des parents donnent environ 10 ans. <em>Assez vieux<\/em>cependant, l\u2019\u00e2ge r\u00e9el d\u2019acquisition des comp\u00e9tences de base chez les enfants peut \u00eatre bien plus bas. <\/p>\n<p>Le premier \u00e9pisode est typique de la s\u00e9rie. Il met en sc\u00e8ne un gar\u00e7on de deux ans et huit mois charg\u00e9 de marcher jusqu&rsquo;\u00e0 une \u00e9picerie \u00e0 un kilom\u00e8tre de chez lui, d&rsquo;acheter du curry, de la viande et des fleurs, et de revenir sain et sauf (une t\u00e2che que je raterais environ la moiti\u00e9 du temps. ). M\u00eame s&rsquo;il n&rsquo;a pas atteint son troisi\u00e8me anniversaire, l&rsquo;enfant accomplit sa course avec brio. <\/p>\n<h2 id=\"what-if-the-kids-are-scared\"><strong>Et si les enfants ont peur ?<\/strong><\/h2>\n<p>Si vous \u00eates parent, je parie que vous pourrez vous identifier <em>Assez vieux<\/em>Les segments de parents aidant des enfants r\u00e9ticents et craintifs. Tout comme dans la vraie vie, les enfants de la t\u00e9l\u00e9 disent parfois carr\u00e9ment : \u00ab Je ne peux pas le faire \u00bb. La plupart de <em>Assez vieux<\/em>Les parents r\u00e9agissent en reconnaissant la peur de leur enfant, en le r\u00e9confortant, mais en l&rsquo;encourageant quand m\u00eame \u00e0 le faire, une strat\u00e9gie conforme aux conseils des psychologues pour enfants. <\/p>\n<p>Apr\u00e8s le d\u00e9part de leurs enfants pour leur course en solo, de nombreux parents d\u00e9clarent qu&rsquo;ils ont peur que leur enfant \u00e9choue, mais ils laissent quand m\u00eame leurs enfants \u00eatre ind\u00e9pendants, une lutte \u00e0 laquelle je suis s\u00fbr que tous les parents qui lisent ceci peuvent s&rsquo;identifier.<\/p>\n<h2 id=\"you-can-set-up-independence-tasks-and-keep-things-safe-too\"><strong>Vous pouvez \u00e9galement configurer des t\u00e2ches d\u2019ind\u00e9pendance et assurer la s\u00e9curit\u00e9 des choses.<\/strong><\/h2>\n<p><em>Assez vieux<\/em> s&rsquo;assure que les enfants sont en s\u00e9curit\u00e9\u00a0: la plupart des \u00ab\u00a0\u00e9trangers\u00a0\u00bb qu&rsquo;ils croisent sont en fait des membres de l&rsquo;\u00e9quipage d\u00e9guis\u00e9s, et plusieurs cam\u00e9ramans surveillent chaque mouvement. Mais les enfants ne le font pas <em>savoir<\/em> ils sont choy\u00e9s, et je pense que c&rsquo;est important. <\/p>\n<p>Vous ne pouvez probablement pas vous permettre d&rsquo;engager une petite ville pour prot\u00e9ger votre enfant pendant qu&rsquo;il fait ses courses, mais vous <em>peut<\/em> envoyez n\u00e9gligemment votre tout-petit chez un voisin pour emprunter des \u0153ufs et ne lui dites pas que vous le surveillerez depuis la fen\u00eatre de votre cuisine, pr\u00eat \u00e0 intervenir imm\u00e9diatement au premier signe de danger. <\/p>\n<h2 id=\"dont-be-afraid-to-take-things-seriously\"><strong>N&rsquo;ayez pas peur de prendre les choses au s\u00e9rieux<\/strong><\/h2>\n<p>Avec l&rsquo;illusion du danger, <em>Assez vieux<\/em> pr\u00e9sente aux enfants l&rsquo;illusion du s\u00e9rieux. On leur dit qu&rsquo;ils font une course et qu&rsquo;ils devraient faire de leur mieux pour y parvenir parce que c&rsquo;est important. Ce n&rsquo;est pas pr\u00e9sent\u00e9 aux enfants comme un jeu ou un moment de jeu. Ce n&rsquo;est pas seulement une bonne t\u00e9l\u00e9vision, c&rsquo;est aussi une bonne parentalit\u00e9. C&rsquo;est \u00e0 vous d&rsquo;apprendre tr\u00e8s t\u00f4t \u00e0 vos enfants que tout n&rsquo;est pas un jeu et qu&rsquo;ils sont capables de faire des choses qui comptent. Des \u00e9tudes montrent que les enfants qui r\u00e9ussissent le mieux ont des parents qui attendent beaucoup d\u2019eux. Heureusement, les attentes d\u00e9pendent de vous. Il n&rsquo;est pas n\u00e9cessaire qu&rsquo;il joue du violon au plus haut niveau : je m&rsquo;attendais par exemple \u00e0 ce que mon fils soit un invit\u00e9 plein d&rsquo;esprit et divertissant \u00e0 un cocktail.<\/p>\n<h2 id=\"encourage-your-child-to-talk-to-themselves\"><strong>Encouragez votre enfant \u00e0 se parler<\/strong><\/h2>\n<p><em>Assez vieux<\/em> prend ses enfants stars au micro, et \u00e9couter leur discours int\u00e9rieur pendant qu&rsquo;ils accomplissent les \u00e9tapes de t\u00e2ches inconnues est adorable et fascinant. Ils identifient clairement les probl\u00e8mes, r\u00e9fl\u00e9chissent \u00e0 des solutions et se motivent de mani\u00e8re tr\u00e8s adulte. Ce genre de discours int\u00e9rieur chez les tout-petits est appel\u00e9 \u00ab m\u00e9ditation verbale \u00bb et c&rsquo;est une tr\u00e8s bonne chose. Selon des \u00e9tudes, les enfants d\u2019\u00e2ge pr\u00e9scolaire qui parlent tout seuls r\u00e9ussissent mieux que ceux qui restent silencieux.<\/p>\n","protected":false},"excerpt":{"rendered":"<p>Les tout-petits se montrent capables de marcher jusqu&rsquo;\u00e0 l&rsquo;\u00e9picerie pour acheter du curry et des fleurs dans cette douce \u00e9mission japonaise sur Netflix. Ce mois-ci,<\/p>\n","protected":false},"author":1,"featured_media":3203,"comment_status":"","ping_status":"","sticky":false,"template":"","format":"standard","meta":{"footnotes":""},"categories":[37],"tags":[1596,248,634,1321,127,3880,14,845,1319,1924,546,3085,3881],"class_list":["post-3202","post","type-post","status-publish","format-standard","has-post-thumbnail","hentry","category-famille","tag-assez","tag-ces","tag-courses","tag-devraient","tag-faire","tag-independants","tag-les","tag-leurs","tag-parents","tag-regarder","tag-tous","tag-toutpetits","tag-vieux","generate-columns","tablet-grid-50","mobile-grid-100","grid-parent","grid-33"],"yoast_head":"<!-- This site is optimized with the Yoast SEO plugin v24.0 - https:\/\/yoast.com\/wordpress\/plugins\/seo\/ -->\n<title>Tous les parents devraient regarder ces tout-petits ind\u00e9pendants faire leurs courses \u00ab assez vieux \u00bb | Vie Associative<\/title>\n<meta name=\"robots\" content=\"index, follow, max-snippet:-1, max-image-preview:large, max-video-preview:-1\" \/>\n<link rel=\"canonical\" href=\"https:\/\/vieassociative.be\/actualites\/tous-les-parents-devraient-regarder-ces-tout-petits-independants-faire-leurs-courses-assez-vieux\/\" \/>\n<meta property=\"og:locale\" content=\"fr_FR\" \/>\n<meta property=\"og:type\" content=\"article\" \/>\n<meta property=\"og:title\" content=\"Tous les parents devraient regarder ces tout-petits ind\u00e9pendants faire leurs courses \u00ab assez vieux \u00bb | Vie Associative\" \/>\n<meta property=\"og:description\" content=\"Les tout-petits se montrent capables de marcher jusqu&rsquo;\u00e0 l&rsquo;\u00e9picerie pour acheter du curry et des fleurs dans cette douce \u00e9mission japonaise sur Netflix. Ce mois-ci,\" \/>\n<meta property=\"og:url\" content=\"https:\/\/vieassociative.be\/actualites\/tous-les-parents-devraient-regarder-ces-tout-petits-independants-faire-leurs-courses-assez-vieux\/\" \/>\n<meta property=\"og:site_name\" content=\"Vie Associative\" \/>\n<meta property=\"article:published_time\" content=\"2024-12-09T05:18:20+00:00\" \/>\n<meta property=\"og:image\" content=\"https:\/\/vieassociative.be\/actualites\/wp-content\/uploads\/2024\/09\/header_backgroundk-01-e1726694325946.png\" \/>\n\t<meta property=\"og:image:width\" content=\"279\" \/>\n\t<meta property=\"og:image:height\" content=\"92\" \/>\n\t<meta property=\"og:image:type\" content=\"image\/png\" \/>\n<meta name=\"author\" content=\"Julien\" \/>\n<meta name=\"twitter:card\" content=\"summary_large_image\" \/>\n<meta name=\"twitter:label1\" content=\"\u00c9crit par\" \/>\n\t<meta name=\"twitter:data1\" content=\"Julien\" \/>\n\t<meta name=\"twitter:label2\" content=\"Dur\u00e9e de lecture est.\" \/>\n\t<meta name=\"twitter:data2\" content=\"4 minutes\" \/>\n<script type=\"application\/ld+json\" class=\"yoast-schema-graph\">{\"@context\":\"https:\/\/schema.org\",\"@graph\":[{\"@type\":\"Article\",\"@id\":\"https:\/\/vieassociative.be\/actualites\/tous-les-parents-devraient-regarder-ces-tout-petits-independants-faire-leurs-courses-assez-vieux\/#article\",\"isPartOf\":{\"@id\":\"https:\/\/vieassociative.be\/actualites\/tous-les-parents-devraient-regarder-ces-tout-petits-independants-faire-leurs-courses-assez-vieux\/\"},\"author\":{\"name\":\"Julien\",\"@id\":\"https:\/\/vieassociative.be\/actualites\/#\/schema\/person\/b87ac4f82f9d4e7b7cec7395b679edc4\"},\"headline\":\"Tous les parents devraient regarder ces tout-petits ind\u00e9pendants faire leurs courses \u00ab assez vieux \u00bb\",\"datePublished\":\"2024-12-09T05:18:20+00:00\",\"dateModified\":\"2024-12-09T05:18:20+00:00\",\"mainEntityOfPage\":{\"@id\":\"https:\/\/vieassociative.be\/actualites\/tous-les-parents-devraient-regarder-ces-tout-petits-independants-faire-leurs-courses-assez-vieux\/\"},\"wordCount\":829,\"publisher\":{\"@id\":\"https:\/\/vieassociative.be\/actualites\/#organization\"},\"image\":{\"@id\":\"https:\/\/vieassociative.be\/actualites\/tous-les-parents-devraient-regarder-ces-tout-petits-independants-faire-leurs-courses-assez-vieux\/#primaryimage\"},\"thumbnailUrl\":\"https:\/\/vieassociative.be\/actualites\/wp-content\/uploads\/2024\/12\/Tous-les-parents-devraient-regarder-ces-tout-petits-independants-faire-leurs.png\",\"keywords\":[\"assez\",\"ces\",\"courses\",\"devraient\",\"faire\",\"ind\u00e9pendants\",\"Les\",\"leurs\",\"parents\",\"regarder\",\"tous\",\"toutpetits\",\"vieux\"],\"articleSection\":[\"Famille\"],\"inLanguage\":\"fr-BE\"},{\"@type\":\"WebPage\",\"@id\":\"https:\/\/vieassociative.be\/actualites\/tous-les-parents-devraient-regarder-ces-tout-petits-independants-faire-leurs-courses-assez-vieux\/\",\"url\":\"https:\/\/vieassociative.be\/actualites\/tous-les-parents-devraient-regarder-ces-tout-petits-independants-faire-leurs-courses-assez-vieux\/\",\"name\":\"Tous les parents devraient regarder ces tout-petits ind\u00e9pendants faire leurs courses \u00ab assez vieux \u00bb | Vie Associative\",\"isPartOf\":{\"@id\":\"https:\/\/vieassociative.be\/actualites\/#website\"},\"primaryImageOfPage\":{\"@id\":\"https:\/\/vieassociative.be\/actualites\/tous-les-parents-devraient-regarder-ces-tout-petits-independants-faire-leurs-courses-assez-vieux\/#primaryimage\"},\"image\":{\"@id\":\"https:\/\/vieassociative.be\/actualites\/tous-les-parents-devraient-regarder-ces-tout-petits-independants-faire-leurs-courses-assez-vieux\/#primaryimage\"},\"thumbnailUrl\":\"https:\/\/vieassociative.be\/actualites\/wp-content\/uploads\/2024\/12\/Tous-les-parents-devraient-regarder-ces-tout-petits-independants-faire-leurs.png\",\"datePublished\":\"2024-12-09T05:18:20+00:00\",\"dateModified\":\"2024-12-09T05:18:20+00:00\",\"breadcrumb\":{\"@id\":\"https:\/\/vieassociative.be\/actualites\/tous-les-parents-devraient-regarder-ces-tout-petits-independants-faire-leurs-courses-assez-vieux\/#breadcrumb\"},\"inLanguage\":\"fr-BE\",\"potentialAction\":[{\"@type\":\"ReadAction\",\"target\":[\"https:\/\/vieassociative.be\/actualites\/tous-les-parents-devraient-regarder-ces-tout-petits-independants-faire-leurs-courses-assez-vieux\/\"]}]},{\"@type\":\"ImageObject\",\"inLanguage\":\"fr-BE\",\"@id\":\"https:\/\/vieassociative.be\/actualites\/tous-les-parents-devraient-regarder-ces-tout-petits-independants-faire-leurs-courses-assez-vieux\/#primaryimage\",\"url\":\"https:\/\/vieassociative.be\/actualites\/wp-content\/uploads\/2024\/12\/Tous-les-parents-devraient-regarder-ces-tout-petits-independants-faire-leurs.png\",\"contentUrl\":\"https:\/\/vieassociative.be\/actualites\/wp-content\/uploads\/2024\/12\/Tous-les-parents-devraient-regarder-ces-tout-petits-independants-faire-leurs.png\",\"width\":1200,\"height\":675,\"caption\":\"Tous les parents devraient regarder ces tout-petits ind\u00e9pendants faire leurs courses \u00ab assez vieux \u00bb\"},{\"@type\":\"BreadcrumbList\",\"@id\":\"https:\/\/vieassociative.be\/actualites\/tous-les-parents-devraient-regarder-ces-tout-petits-independants-faire-leurs-courses-assez-vieux\/#breadcrumb\",\"itemListElement\":[{\"@type\":\"ListItem\",\"position\":1,\"name\":\"Accueil\",\"item\":\"https:\/\/vieassociative.be\/actualites\/\"},{\"@type\":\"ListItem\",\"position\":2,\"name\":\"Tous les parents devraient regarder ces tout-petits ind\u00e9pendants faire leurs courses \u00ab assez vieux \u00bb\"}]},{\"@type\":\"WebSite\",\"@id\":\"https:\/\/vieassociative.be\/actualites\/#website\",\"url\":\"https:\/\/vieassociative.be\/actualites\/\",\"name\":\"Vie Associative\",\"description\":\"\",\"publisher\":{\"@id\":\"https:\/\/vieassociative.be\/actualites\/#organization\"},\"potentialAction\":[{\"@type\":\"SearchAction\",\"target\":{\"@type\":\"EntryPoint\",\"urlTemplate\":\"https:\/\/vieassociative.be\/actualites\/?s={search_term_string}\"},\"query-input\":{\"@type\":\"PropertyValueSpecification\",\"valueRequired\":true,\"valueName\":\"search_term_string\"}}],\"inLanguage\":\"fr-BE\"},{\"@type\":\"Organization\",\"@id\":\"https:\/\/vieassociative.be\/actualites\/#organization\",\"name\":\"Vie Associative\",\"url\":\"https:\/\/vieassociative.be\/actualites\/\",\"logo\":{\"@type\":\"ImageObject\",\"inLanguage\":\"fr-BE\",\"@id\":\"https:\/\/vieassociative.be\/actualites\/#\/schema\/logo\/image\/\",\"url\":\"https:\/\/vieassociative.be\/actualites\/wp-content\/uploads\/2024\/09\/cropped-vieassociative_favicon.ico.png\",\"contentUrl\":\"https:\/\/vieassociative.be\/actualites\/wp-content\/uploads\/2024\/09\/cropped-vieassociative_favicon.ico.png\",\"width\":512,\"height\":512,\"caption\":\"Vie Associative\"},\"image\":{\"@id\":\"https:\/\/vieassociative.be\/actualites\/#\/schema\/logo\/image\/\"}},{\"@type\":\"Person\",\"@id\":\"https:\/\/vieassociative.be\/actualites\/#\/schema\/person\/b87ac4f82f9d4e7b7cec7395b679edc4\",\"name\":\"Julien\",\"image\":{\"@type\":\"ImageObject\",\"inLanguage\":\"fr-BE\",\"@id\":\"https:\/\/vieassociative.be\/actualites\/#\/schema\/person\/image\/\",\"url\":\"https:\/\/vieassociative.be\/actualites\/wp-content\/uploads\/2024\/09\/vie-associative-1-150x150.jpg\",\"contentUrl\":\"https:\/\/vieassociative.be\/actualites\/wp-content\/uploads\/2024\/09\/vie-associative-1-150x150.jpg\",\"caption\":\"Julien\"},\"description\":\"Je suis Julien, r\u00e9dacteur pour Vie Associative. Passionn\u00e9 par le monde associatif depuis plus de 10 ans, j'ai \u00e0 c\u0153ur de partager des histoires inspirantes et de mettre en lumi\u00e8re les initiatives locales. Mon objectif est de sensibiliser et d'encourager l'engagement communautaire \u00e0 travers mes articles.\",\"sameAs\":[\"https:\/\/vieassociative.be\/\"]}]}<\/script>\n<!-- \/ Yoast SEO plugin. -->","yoast_head_json":{"title":"Tous les parents devraient regarder ces tout-petits ind\u00e9pendants faire leurs courses \u00ab assez vieux \u00bb | Vie Associative","robots":{"index":"index","follow":"follow","max-snippet":"max-snippet:-1","max-image-preview":"max-image-preview:large","max-video-preview":"max-video-preview:-1"},"canonical":"https:\/\/vieassociative.be\/actualites\/tous-les-parents-devraient-regarder-ces-tout-petits-independants-faire-leurs-courses-assez-vieux\/","og_locale":"fr_FR","og_type":"article","og_title":"Tous les parents devraient regarder ces tout-petits ind\u00e9pendants faire leurs courses \u00ab assez vieux \u00bb | Vie Associative","og_description":"Les tout-petits se montrent capables de marcher jusqu&rsquo;\u00e0 l&rsquo;\u00e9picerie pour acheter du curry et des fleurs dans cette douce \u00e9mission japonaise sur Netflix. Ce mois-ci,","og_url":"https:\/\/vieassociative.be\/actualites\/tous-les-parents-devraient-regarder-ces-tout-petits-independants-faire-leurs-courses-assez-vieux\/","og_site_name":"Vie Associative","article_published_time":"2024-12-09T05:18:20+00:00","og_image":[{"width":279,"height":92,"url":"https:\/\/vieassociative.be\/actualites\/wp-content\/uploads\/2024\/09\/header_backgroundk-01-e1726694325946.png","type":"image\/png"}],"author":"Julien","twitter_card":"summary_large_image","twitter_misc":{"\u00c9crit par":"Julien","Dur\u00e9e de lecture est.":"4 minutes"},"schema":{"@context":"https:\/\/schema.org","@graph":[{"@type":"Article","@id":"https:\/\/vieassociative.be\/actualites\/tous-les-parents-devraient-regarder-ces-tout-petits-independants-faire-leurs-courses-assez-vieux\/#article","isPartOf":{"@id":"https:\/\/vieassociative.be\/actualites\/tous-les-parents-devraient-regarder-ces-tout-petits-independants-faire-leurs-courses-assez-vieux\/"},"author":{"name":"Julien","@id":"https:\/\/vieassociative.be\/actualites\/#\/schema\/person\/b87ac4f82f9d4e7b7cec7395b679edc4"},"headline":"Tous les parents devraient regarder ces tout-petits ind\u00e9pendants faire leurs courses \u00ab assez vieux \u00bb","datePublished":"2024-12-09T05:18:20+00:00","dateModified":"2024-12-09T05:18:20+00:00","mainEntityOfPage":{"@id":"https:\/\/vieassociative.be\/actualites\/tous-les-parents-devraient-regarder-ces-tout-petits-independants-faire-leurs-courses-assez-vieux\/"},"wordCount":829,"publisher":{"@id":"https:\/\/vieassociative.be\/actualites\/#organization"},"image":{"@id":"https:\/\/vieassociative.be\/actualites\/tous-les-parents-devraient-regarder-ces-tout-petits-independants-faire-leurs-courses-assez-vieux\/#primaryimage"},"thumbnailUrl":"https:\/\/vieassociative.be\/actualites\/wp-content\/uploads\/2024\/12\/Tous-les-parents-devraient-regarder-ces-tout-petits-independants-faire-leurs.png","keywords":["assez","ces","courses","devraient","faire","ind\u00e9pendants","Les","leurs","parents","regarder","tous","toutpetits","vieux"],"articleSection":["Famille"],"inLanguage":"fr-BE"},{"@type":"WebPage","@id":"https:\/\/vieassociative.be\/actualites\/tous-les-parents-devraient-regarder-ces-tout-petits-independants-faire-leurs-courses-assez-vieux\/","url":"https:\/\/vieassociative.be\/actualites\/tous-les-parents-devraient-regarder-ces-tout-petits-independants-faire-leurs-courses-assez-vieux\/","name":"Tous les parents devraient regarder ces tout-petits ind\u00e9pendants faire leurs courses \u00ab assez vieux \u00bb | Vie Associative","isPartOf":{"@id":"https:\/\/vieassociative.be\/actualites\/#website"},"primaryImageOfPage":{"@id":"https:\/\/vieassociative.be\/actualites\/tous-les-parents-devraient-regarder-ces-tout-petits-independants-faire-leurs-courses-assez-vieux\/#primaryimage"},"image":{"@id":"https:\/\/vieassociative.be\/actualites\/tous-les-parents-devraient-regarder-ces-tout-petits-independants-faire-leurs-courses-assez-vieux\/#primaryimage"},"thumbnailUrl":"https:\/\/vieassociative.be\/actualites\/wp-content\/uploads\/2024\/12\/Tous-les-parents-devraient-regarder-ces-tout-petits-independants-faire-leurs.png","datePublished":"2024-12-09T05:18:20+00:00","dateModified":"2024-12-09T05:18:20+00:00","breadcrumb":{"@id":"https:\/\/vieassociative.be\/actualites\/tous-les-parents-devraient-regarder-ces-tout-petits-independants-faire-leurs-courses-assez-vieux\/#breadcrumb"},"inLanguage":"fr-BE","potentialAction":[{"@type":"ReadAction","target":["https:\/\/vieassociative.be\/actualites\/tous-les-parents-devraient-regarder-ces-tout-petits-independants-faire-leurs-courses-assez-vieux\/"]}]},{"@type":"ImageObject","inLanguage":"fr-BE","@id":"https:\/\/vieassociative.be\/actualites\/tous-les-parents-devraient-regarder-ces-tout-petits-independants-faire-leurs-courses-assez-vieux\/#primaryimage","url":"https:\/\/vieassociative.be\/actualites\/wp-content\/uploads\/2024\/12\/Tous-les-parents-devraient-regarder-ces-tout-petits-independants-faire-leurs.png","contentUrl":"https:\/\/vieassociative.be\/actualites\/wp-content\/uploads\/2024\/12\/Tous-les-parents-devraient-regarder-ces-tout-petits-independants-faire-leurs.png","width":1200,"height":675,"caption":"Tous les parents devraient regarder ces tout-petits ind\u00e9pendants faire leurs courses \u00ab assez vieux \u00bb"},{"@type":"BreadcrumbList","@id":"https:\/\/vieassociative.be\/actualites\/tous-les-parents-devraient-regarder-ces-tout-petits-independants-faire-leurs-courses-assez-vieux\/#breadcrumb","itemListElement":[{"@type":"ListItem","position":1,"name":"Accueil","item":"https:\/\/vieassociative.be\/actualites\/"},{"@type":"ListItem","position":2,"name":"Tous les parents devraient regarder ces tout-petits ind\u00e9pendants faire leurs courses \u00ab assez vieux \u00bb"}]},{"@type":"WebSite","@id":"https:\/\/vieassociative.be\/actualites\/#website","url":"https:\/\/vieassociative.be\/actualites\/","name":"Vie Associative","description":"","publisher":{"@id":"https:\/\/vieassociative.be\/actualites\/#organization"},"potentialAction":[{"@type":"SearchAction","target":{"@type":"EntryPoint","urlTemplate":"https:\/\/vieassociative.be\/actualites\/?s={search_term_string}"},"query-input":{"@type":"PropertyValueSpecification","valueRequired":true,"valueName":"search_term_string"}}],"inLanguage":"fr-BE"},{"@type":"Organization","@id":"https:\/\/vieassociative.be\/actualites\/#organization","name":"Vie Associative","url":"https:\/\/vieassociative.be\/actualites\/","logo":{"@type":"ImageObject","inLanguage":"fr-BE","@id":"https:\/\/vieassociative.be\/actualites\/#\/schema\/logo\/image\/","url":"https:\/\/vieassociative.be\/actualites\/wp-content\/uploads\/2024\/09\/cropped-vieassociative_favicon.ico.png","contentUrl":"https:\/\/vieassociative.be\/actualites\/wp-content\/uploads\/2024\/09\/cropped-vieassociative_favicon.ico.png","width":512,"height":512,"caption":"Vie Associative"},"image":{"@id":"https:\/\/vieassociative.be\/actualites\/#\/schema\/logo\/image\/"}},{"@type":"Person","@id":"https:\/\/vieassociative.be\/actualites\/#\/schema\/person\/b87ac4f82f9d4e7b7cec7395b679edc4","name":"Julien","image":{"@type":"ImageObject","inLanguage":"fr-BE","@id":"https:\/\/vieassociative.be\/actualites\/#\/schema\/person\/image\/","url":"https:\/\/vieassociative.be\/actualites\/wp-content\/uploads\/2024\/09\/vie-associative-1-150x150.jpg","contentUrl":"https:\/\/vieassociative.be\/actualites\/wp-content\/uploads\/2024\/09\/vie-associative-1-150x150.jpg","caption":"Julien"},"description":"Je suis Julien, r\u00e9dacteur pour Vie Associative. Passionn\u00e9 par le monde associatif depuis plus de 10 ans, j'ai \u00e0 c\u0153ur de partager des histoires inspirantes et de mettre en lumi\u00e8re les initiatives locales. Mon objectif est de sensibiliser et d'encourager l'engagement communautaire \u00e0 travers mes articles.","sameAs":["https:\/\/vieassociative.be\/"]}]}},"_links":{"self":[{"href":"https:\/\/vieassociative.be\/actualites\/wp-json\/wp\/v2\/posts\/3202"}],"collection":[{"href":"https:\/\/vieassociative.be\/actualites\/wp-json\/wp\/v2\/posts"}],"about":[{"href":"https:\/\/vieassociative.be\/actualites\/wp-json\/wp\/v2\/types\/post"}],"author":[{"embeddable":true,"href":"https:\/\/vieassociative.be\/actualites\/wp-json\/wp\/v2\/users\/1"}],"replies":[{"embeddable":true,"href":"https:\/\/vieassociative.be\/actualites\/wp-json\/wp\/v2\/comments?post=3202"}],"version-history":[{"count":0,"href":"https:\/\/vieassociative.be\/actualites\/wp-json\/wp\/v2\/posts\/3202\/revisions"}],"wp:featuredmedia":[{"embeddable":true,"href":"https:\/\/vieassociative.be\/actualites\/wp-json\/wp\/v2\/media\/3203"}],"wp:attachment":[{"href":"https:\/\/vieassociative.be\/actualites\/wp-json\/wp\/v2\/media?parent=3202"}],"wp:term":[{"taxonomy":"category","embeddable":true,"href":"https:\/\/vieassociative.be\/actualites\/wp-json\/wp\/v2\/categories?post=3202"},{"taxonomy":"post_tag","embeddable":true,"href":"https:\/\/vieassociative.be\/actualites\/wp-json\/wp\/v2\/tags?post=3202"}],"curies":[{"name":"wp","href":"https:\/\/api.w.org\/{rel}","templated":true}]}}