{"id":3193,"date":"2024-12-08T21:19:05","date_gmt":"2024-12-08T20:19:05","guid":{"rendered":"https:\/\/vieassociative.be\/actualites\/defaite-23-as-sest-embarrasse-face-a-la-derniere-equipe\/"},"modified":"2024-12-08T21:19:05","modified_gmt":"2024-12-08T20:19:05","slug":"defaite-23-as-sest-embarrasse-face-a-la-derniere-equipe","status":"publish","type":"post","link":"https:\/\/vieassociative.be\/actualites\/defaite-23-as-sest-embarrasse-face-a-la-derniere-equipe\/","title":{"rendered":"D\u00e9faite 2:3 : AS s&rsquo;est embarrass\u00e9 face \u00e0 la derni\u00e8re \u00e9quipe"},"content":{"rendered":"<p><strong>L&rsquo;AS Eupen s&rsquo;est encore embarrass\u00e9 dimanche: les Noirs et Blancs, qui jouaient enti\u00e8rement en rouge, ont perdu 2-3 contre les Royal Francs Borains, derniers du classement.<\/strong><\/p>\n<p><span id=\"more-403618\"><\/span>Apr\u00e8s Lokeren-Temse et Anderlecht Futures, les Francs Borains terminent derniers de la Challenger Pro League face \u00e0 l&rsquo;AS Eupen pour la troisi\u00e8me fois cette saison. <\/p>\n<p>Les deux premiers matches d&rsquo;Eupener contre la derni\u00e8re \u00e9quipe n&rsquo;ont pas \u00e9t\u00e9 tr\u00e8s r\u00e9ussis, puisqu&rsquo;il y a eu une d\u00e9faite 0-1 \u00e0 domicile contre Lokeren-Temse, tandis que l&rsquo;AS n&rsquo;a pas d\u00e9pass\u00e9 un nul 2-2 contre l&rsquo;\u00e9quipe U23 du RSC Anderlecht.<\/p>\n<p>Chez AS, le gardien Nurudeen a \u00e9t\u00e9 bless\u00e9 peu avant le coup d&rsquo;envoi et a d\u00fb \u00eatre remplac\u00e9 par Renner. De plus, l&rsquo;entra\u00eeneur Mersad Selimbegovic a proc\u00e9d\u00e9 \u00e0 deux autres changements par rapport \u00e0 la d\u00e9faite 3-4 contre La Louvi\u00e8re : Dalla Costa et Niang ont \u00e9t\u00e9 pr\u00e9f\u00e9r\u00e9s \u00e0 Gorenc et Pantovic.<\/p>\n<div id=\"attachment_403633\" class=\"wp-caption alignleft\" style=\"max-width: 300px\"><img fetchpriority=\"high\" decoding=\"async\" class=\"wp-image-403633 size-medium\" src=\"https:\/\/vieassociative.be\/actualites\/wp-content\/uploads\/2024\/12\/Defaite-23-AS-sest-embarrasse-face-a-la-derniere.jpg\" alt=\"\" width=\"300\" height=\"200\"  ><\/p>\n<p class=\"wp-caption-text\">J\u00e9r\u00f4me D\u00e9om d&rsquo;Eupen fait la f\u00eate apr\u00e8s son premier but. Photo de : Belga<\/p>\n<\/div>\n<p>Le onze de d\u00e9part d&rsquo;Eupen : Renner \u2013 Dalla Costa, Paeshuyse, Kennedy \u2013 Van Genechten, Baiye, D\u00e9om, Niang, Alloh \u2013 Gedikli, Charles-Cook.<\/p>\n<p>Charles-Cook a \u00e9t\u00e9 le premier \u00e0 cr\u00e9er un danger dans la surface de r\u00e9paration des h\u00f4tes, qui a fait sa premi\u00e8re d\u00e9claration peu de temps apr\u00e8s par l&rsquo;interm\u00e9diaire de Lavie. Puis Niang a vu le carton jaune.<\/p>\n<p>\u00c0 la 9e minute, Eupen a re\u00e7u un cadeau du P\u00e8re No\u00ebl lorsque, apr\u00e8s une remise en jeu des Francs Borains, Massolin a inexplicablement envoy\u00e9 le ballon dans la surface de r\u00e9paration d&rsquo;Eupen au D\u00e9om d&rsquo;Eupen, qui a accept\u00e9 le cadeau avec gratitude et a donn\u00e9 l&rsquo;avantage aux invit\u00e9s, 0- 1.<\/p>\n<p>\u00c0 la 13e minute, Renner a marqu\u00e9 pour la premi\u00e8re fois sur un coup franc de Lavie. Lavie a test\u00e9 Renner une deuxi\u00e8me fois \u00e0 la 16e minute lorsqu&rsquo;il a r\u00e9cup\u00e9r\u00e9 le ballon directement sur un large centre. A la 19e minute, les Francs Borains ont finalement eu de la chance lorsque Prunier s&rsquo;est jou\u00e9, s&rsquo;est impos\u00e9 face \u00e0 un Kennedy beaucoup trop lent et n&rsquo;a laiss\u00e9 aucune chance \u00e0 Renner, 1-1. La semaine pr\u00e9c\u00e9dente face \u00e0 La Louvi\u00e8re, Kennedy avait d\u00e9j\u00e0 laiss\u00e9 faire son adversaire en encaissant un but.<\/p>\n<p>\u00c0 la 32e minute, Dalla Costa a \u00e9galement vu du jaune. \u00c0 la 35e minute, Renner a sauv\u00e9 son \u00e9quipe de Curci d&rsquo;un geste brillant. Francs Borains \u00e9tait clairement meilleur que AS et prenait l&rsquo;avantage \u00e0 la 40\u00e8me minute gr\u00e2ce \u00e0 un but contre son camp de Dalla Costa d&rsquo;Eupen, qui, tout en essayant de d\u00e9gager le ballon apr\u00e8s un centre de Lavie, le mettait dans son propre but, 1-2.<\/p>\n<div id=\"attachment_403611\" class=\"wp-caption alignleft\" style=\"max-width: 300px\"><img decoding=\"async\" class=\"wp-image-403611 size-medium\" src=\"https:\/\/vieassociative.be\/actualites\/wp-content\/uploads\/2024\/12\/1733689145_956_Defaite-23-AS-sest-embarrasse-face-a-la-derniere.jpg\" alt=\"\" width=\"300\" height=\"200\"  ><\/p>\n<p class=\"wp-caption-text\">Mersad Selimbegovic, entra\u00eeneur de l&rsquo;AS Eupen. Photo de : Belga<\/p>\n<\/div>\n<p>Un spectateur ext\u00e9rieur et sans m\u00e9fiance pourrait penser que les invit\u00e9s d&rsquo;Eupen \u00e9taient en bas de tableau et non les Francs Borains. C&rsquo;\u00e9tait la premi\u00e8re fois cette saison que Francs Borains marquait deux buts sur son propre terrain. Le score \u00e0 la mi-temps \u00e9tait de 2\u00a0:\u00a01. L&rsquo;AS Eupen \u00e9tait menac\u00e9e d&rsquo;un prochain embarras en bas de tableau.<\/p>\n<p>L&rsquo;entra\u00eeneur de l&rsquo;AS Selimbegovic a r\u00e9agi : Comme pr\u00e9vu (carton jaune et but contre son camp), le malchanceux Dalla Costa a \u00e9t\u00e9 remplac\u00e9 par Pattynama, tandis que Caliskan a pris la place d&rsquo;Alloh.<\/p>\n<p>\u00c0 la 62e minute, les h\u00f4tes n&rsquo;ont pas r\u00e9ussi \u00e0 porter le score \u00e0 3-1. Heureusement pour Eupen, Renner a maintenu AS dans le match gr\u00e2ce \u00e0 deux arr\u00eats de Dessoleil et Ruiz.<\/p>\n<p>\u00c0 la 66e minute, AS a cependant failli \u00e9galiser lorsque Gedikli a tir\u00e9 au but, mais ni le rempla\u00e7ant Emond ni Charles-Cook n&rsquo;ont pu en profiter. Mais les choses se sont bien pass\u00e9es \u00e0 la 69e minute lorsque Gedikli a pris possession du ballon avec un peu de chance et a port\u00e9 le score \u00e0 2-2.<\/p>\n<p>Eupen aurait pu vivre avec le 2:2, mais \u00e0 la 88\u00e8me minute, Massolin a marqu\u00e9 le but pour porter le score \u00e0 3:2 pour la derni\u00e8re place du tableau. C&rsquo;\u00e9tait l&#8217;embarras parfait pour l&rsquo;\u00e9quipe rel\u00e9gu\u00e9e de premi\u00e8re division. <\/p>\n<p>Dans les arr\u00eats de jeu, Charles-Cook et Pattynama ont manqu\u00e9 l&rsquo;\u00e9galisation, imm\u00e9rit\u00e9e. AS a d\u00e9\u00e7u pour la troisi\u00e8me fois face au bas de tableau. Apr\u00e8s cette d\u00e9faite embarrassante, l&rsquo;AS pointe \u00e0 la 11\u00e8me place, mais n&rsquo;a que deux buts d&rsquo;avance sur le RSC Anderlecht Futures \u00e0 la 15\u00e8me place. <\/p>\n<p>Il reste encore deux matchs \u00e0 domicile avant No\u00ebl : le samedi 14 d\u00e9cembre, \u00e0 20 heures contre Deinze et le samedi 21 d\u00e9cembre, \u00e0 16 heures, le premier match de la seconde partie de saison contre le FC Li\u00e8ge. (cr\u00e9er)<\/p>\n","protected":false},"excerpt":{"rendered":"<p>L&rsquo;AS Eupen s&rsquo;est encore embarrass\u00e9 dimanche: les Noirs et Blancs, qui jouaient enti\u00e8rement en rouge, ont perdu 2-3 contre les Royal Francs Borains, derniers du<\/p>\n","protected":false},"author":1,"featured_media":3194,"comment_status":"","ping_status":"","sticky":false,"template":"","format":"standard","meta":{"footnotes":""},"categories":[298],"tags":[2350,139,3874,3875,733,3119],"class_list":["post-3193","post","type-post","status-publish","format-standard","has-post-thumbnail","hentry","category-belgique","tag-defaite","tag-derniere","tag-embarrasse","tag-equipe","tag-face","tag-sest","generate-columns","tablet-grid-50","mobile-grid-100","grid-parent","grid-33"],"yoast_head":"<!-- This site is optimized with the Yoast SEO plugin v24.0 - https:\/\/yoast.com\/wordpress\/plugins\/seo\/ -->\n<title>D\u00e9faite 2:3 : AS s&#039;est embarrass\u00e9 face \u00e0 la derni\u00e8re \u00e9quipe | Vie Associative<\/title>\n<meta name=\"robots\" content=\"index, follow, max-snippet:-1, max-image-preview:large, max-video-preview:-1\" \/>\n<link rel=\"canonical\" href=\"https:\/\/vieassociative.be\/actualites\/defaite-23-as-sest-embarrasse-face-a-la-derniere-equipe\/\" \/>\n<meta property=\"og:locale\" content=\"fr_FR\" \/>\n<meta property=\"og:type\" content=\"article\" \/>\n<meta property=\"og:title\" content=\"D\u00e9faite 2:3 : AS s&#039;est embarrass\u00e9 face \u00e0 la derni\u00e8re \u00e9quipe | Vie Associative\" \/>\n<meta property=\"og:description\" content=\"L&rsquo;AS Eupen s&rsquo;est encore embarrass\u00e9 dimanche: les Noirs et Blancs, qui jouaient enti\u00e8rement en rouge, ont perdu 2-3 contre les Royal Francs Borains, derniers du\" \/>\n<meta property=\"og:url\" content=\"https:\/\/vieassociative.be\/actualites\/defaite-23-as-sest-embarrasse-face-a-la-derniere-equipe\/\" \/>\n<meta property=\"og:site_name\" content=\"Vie Associative\" \/>\n<meta property=\"article:published_time\" content=\"2024-12-08T20:19:05+00:00\" \/>\n<meta property=\"og:image\" content=\"https:\/\/vieassociative.be\/actualites\/wp-content\/uploads\/2024\/12\/Defaite-23-AS-sest-embarrasse-face-a-la-derniere.jpg\" \/>\n<meta name=\"author\" content=\"Julien\" \/>\n<meta name=\"twitter:card\" content=\"summary_large_image\" \/>\n<meta name=\"twitter:label1\" content=\"\u00c9crit par\" \/>\n\t<meta name=\"twitter:data1\" content=\"Julien\" \/>\n\t<meta name=\"twitter:label2\" content=\"Dur\u00e9e de lecture est.\" \/>\n\t<meta name=\"twitter:data2\" content=\"4 minutes\" \/>\n<script type=\"application\/ld+json\" class=\"yoast-schema-graph\">{\"@context\":\"https:\/\/schema.org\",\"@graph\":[{\"@type\":\"Article\",\"@id\":\"https:\/\/vieassociative.be\/actualites\/defaite-23-as-sest-embarrasse-face-a-la-derniere-equipe\/#article\",\"isPartOf\":{\"@id\":\"https:\/\/vieassociative.be\/actualites\/defaite-23-as-sest-embarrasse-face-a-la-derniere-equipe\/\"},\"author\":{\"name\":\"Julien\",\"@id\":\"https:\/\/vieassociative.be\/actualites\/#\/schema\/person\/b87ac4f82f9d4e7b7cec7395b679edc4\"},\"headline\":\"D\u00e9faite 2:3 : AS s&rsquo;est embarrass\u00e9 face \u00e0 la derni\u00e8re \u00e9quipe\",\"datePublished\":\"2024-12-08T20:19:05+00:00\",\"dateModified\":\"2024-12-08T20:19:05+00:00\",\"mainEntityOfPage\":{\"@id\":\"https:\/\/vieassociative.be\/actualites\/defaite-23-as-sest-embarrasse-face-a-la-derniere-equipe\/\"},\"wordCount\":826,\"publisher\":{\"@id\":\"https:\/\/vieassociative.be\/actualites\/#organization\"},\"image\":{\"@id\":\"https:\/\/vieassociative.be\/actualites\/defaite-23-as-sest-embarrasse-face-a-la-derniere-equipe\/#primaryimage\"},\"thumbnailUrl\":\"https:\/\/vieassociative.be\/actualites\/wp-content\/uploads\/2024\/12\/1733689145_Defaite-23-AS-sest-embarrasse-face-a-la-derniere.jpg\",\"keywords\":[\"D\u00e9faite\",\"derni\u00e8re\",\"embarrass\u00e9\",\"\u00e9quipe\",\"face\",\"sest\"],\"articleSection\":[\"Belgique\"],\"inLanguage\":\"fr-BE\"},{\"@type\":\"WebPage\",\"@id\":\"https:\/\/vieassociative.be\/actualites\/defaite-23-as-sest-embarrasse-face-a-la-derniere-equipe\/\",\"url\":\"https:\/\/vieassociative.be\/actualites\/defaite-23-as-sest-embarrasse-face-a-la-derniere-equipe\/\",\"name\":\"D\u00e9faite 2:3 : AS s'est embarrass\u00e9 face \u00e0 la derni\u00e8re \u00e9quipe | Vie Associative\",\"isPartOf\":{\"@id\":\"https:\/\/vieassociative.be\/actualites\/#website\"},\"primaryImageOfPage\":{\"@id\":\"https:\/\/vieassociative.be\/actualites\/defaite-23-as-sest-embarrasse-face-a-la-derniere-equipe\/#primaryimage\"},\"image\":{\"@id\":\"https:\/\/vieassociative.be\/actualites\/defaite-23-as-sest-embarrasse-face-a-la-derniere-equipe\/#primaryimage\"},\"thumbnailUrl\":\"https:\/\/vieassociative.be\/actualites\/wp-content\/uploads\/2024\/12\/1733689145_Defaite-23-AS-sest-embarrasse-face-a-la-derniere.jpg\",\"datePublished\":\"2024-12-08T20:19:05+00:00\",\"dateModified\":\"2024-12-08T20:19:05+00:00\",\"breadcrumb\":{\"@id\":\"https:\/\/vieassociative.be\/actualites\/defaite-23-as-sest-embarrasse-face-a-la-derniere-equipe\/#breadcrumb\"},\"inLanguage\":\"fr-BE\",\"potentialAction\":[{\"@type\":\"ReadAction\",\"target\":[\"https:\/\/vieassociative.be\/actualites\/defaite-23-as-sest-embarrasse-face-a-la-derniere-equipe\/\"]}]},{\"@type\":\"ImageObject\",\"inLanguage\":\"fr-BE\",\"@id\":\"https:\/\/vieassociative.be\/actualites\/defaite-23-as-sest-embarrasse-face-a-la-derniere-equipe\/#primaryimage\",\"url\":\"https:\/\/vieassociative.be\/actualites\/wp-content\/uploads\/2024\/12\/1733689145_Defaite-23-AS-sest-embarrasse-face-a-la-derniere.jpg\",\"contentUrl\":\"https:\/\/vieassociative.be\/actualites\/wp-content\/uploads\/2024\/12\/1733689145_Defaite-23-AS-sest-embarrasse-face-a-la-derniere.jpg\",\"width\":1200,\"height\":800,\"caption\":\"D\u00e9faite 2:3 : AS s'est embarrass\u00e9 face \u00e0 la derni\u00e8re \u00e9quipe\"},{\"@type\":\"BreadcrumbList\",\"@id\":\"https:\/\/vieassociative.be\/actualites\/defaite-23-as-sest-embarrasse-face-a-la-derniere-equipe\/#breadcrumb\",\"itemListElement\":[{\"@type\":\"ListItem\",\"position\":1,\"name\":\"Accueil\",\"item\":\"https:\/\/vieassociative.be\/actualites\/\"},{\"@type\":\"ListItem\",\"position\":2,\"name\":\"D\u00e9faite 2:3 : AS s&rsquo;est embarrass\u00e9 face \u00e0 la derni\u00e8re \u00e9quipe\"}]},{\"@type\":\"WebSite\",\"@id\":\"https:\/\/vieassociative.be\/actualites\/#website\",\"url\":\"https:\/\/vieassociative.be\/actualites\/\",\"name\":\"Vie Associative\",\"description\":\"\",\"publisher\":{\"@id\":\"https:\/\/vieassociative.be\/actualites\/#organization\"},\"potentialAction\":[{\"@type\":\"SearchAction\",\"target\":{\"@type\":\"EntryPoint\",\"urlTemplate\":\"https:\/\/vieassociative.be\/actualites\/?s={search_term_string}\"},\"query-input\":{\"@type\":\"PropertyValueSpecification\",\"valueRequired\":true,\"valueName\":\"search_term_string\"}}],\"inLanguage\":\"fr-BE\"},{\"@type\":\"Organization\",\"@id\":\"https:\/\/vieassociative.be\/actualites\/#organization\",\"name\":\"Vie Associative\",\"url\":\"https:\/\/vieassociative.be\/actualites\/\",\"logo\":{\"@type\":\"ImageObject\",\"inLanguage\":\"fr-BE\",\"@id\":\"https:\/\/vieassociative.be\/actualites\/#\/schema\/logo\/image\/\",\"url\":\"https:\/\/vieassociative.be\/actualites\/wp-content\/uploads\/2024\/09\/cropped-vieassociative_favicon.ico.png\",\"contentUrl\":\"https:\/\/vieassociative.be\/actualites\/wp-content\/uploads\/2024\/09\/cropped-vieassociative_favicon.ico.png\",\"width\":512,\"height\":512,\"caption\":\"Vie Associative\"},\"image\":{\"@id\":\"https:\/\/vieassociative.be\/actualites\/#\/schema\/logo\/image\/\"}},{\"@type\":\"Person\",\"@id\":\"https:\/\/vieassociative.be\/actualites\/#\/schema\/person\/b87ac4f82f9d4e7b7cec7395b679edc4\",\"name\":\"Julien\",\"image\":{\"@type\":\"ImageObject\",\"inLanguage\":\"fr-BE\",\"@id\":\"https:\/\/vieassociative.be\/actualites\/#\/schema\/person\/image\/\",\"url\":\"https:\/\/vieassociative.be\/actualites\/wp-content\/uploads\/2024\/09\/vie-associative-1-150x150.jpg\",\"contentUrl\":\"https:\/\/vieassociative.be\/actualites\/wp-content\/uploads\/2024\/09\/vie-associative-1-150x150.jpg\",\"caption\":\"Julien\"},\"description\":\"Je suis Julien, r\u00e9dacteur pour Vie Associative. Passionn\u00e9 par le monde associatif depuis plus de 10 ans, j'ai \u00e0 c\u0153ur de partager des histoires inspirantes et de mettre en lumi\u00e8re les initiatives locales. Mon objectif est de sensibiliser et d'encourager l'engagement communautaire \u00e0 travers mes articles.\",\"sameAs\":[\"https:\/\/vieassociative.be\/\"]}]}<\/script>\n<!-- \/ Yoast SEO plugin. -->","yoast_head_json":{"title":"D\u00e9faite 2:3 : AS s'est embarrass\u00e9 face \u00e0 la derni\u00e8re \u00e9quipe | Vie Associative","robots":{"index":"index","follow":"follow","max-snippet":"max-snippet:-1","max-image-preview":"max-image-preview:large","max-video-preview":"max-video-preview:-1"},"canonical":"https:\/\/vieassociative.be\/actualites\/defaite-23-as-sest-embarrasse-face-a-la-derniere-equipe\/","og_locale":"fr_FR","og_type":"article","og_title":"D\u00e9faite 2:3 : AS s'est embarrass\u00e9 face \u00e0 la derni\u00e8re \u00e9quipe | Vie Associative","og_description":"L&rsquo;AS Eupen s&rsquo;est encore embarrass\u00e9 dimanche: les Noirs et Blancs, qui jouaient enti\u00e8rement en rouge, ont perdu 2-3 contre les Royal Francs Borains, derniers du","og_url":"https:\/\/vieassociative.be\/actualites\/defaite-23-as-sest-embarrasse-face-a-la-derniere-equipe\/","og_site_name":"Vie Associative","article_published_time":"2024-12-08T20:19:05+00:00","og_image":[{"url":"https:\/\/vieassociative.be\/actualites\/wp-content\/uploads\/2024\/12\/Defaite-23-AS-sest-embarrasse-face-a-la-derniere.jpg","type":"","width":"","height":""}],"author":"Julien","twitter_card":"summary_large_image","twitter_misc":{"\u00c9crit par":"Julien","Dur\u00e9e de lecture est.":"4 minutes"},"schema":{"@context":"https:\/\/schema.org","@graph":[{"@type":"Article","@id":"https:\/\/vieassociative.be\/actualites\/defaite-23-as-sest-embarrasse-face-a-la-derniere-equipe\/#article","isPartOf":{"@id":"https:\/\/vieassociative.be\/actualites\/defaite-23-as-sest-embarrasse-face-a-la-derniere-equipe\/"},"author":{"name":"Julien","@id":"https:\/\/vieassociative.be\/actualites\/#\/schema\/person\/b87ac4f82f9d4e7b7cec7395b679edc4"},"headline":"D\u00e9faite 2:3 : AS s&rsquo;est embarrass\u00e9 face \u00e0 la derni\u00e8re \u00e9quipe","datePublished":"2024-12-08T20:19:05+00:00","dateModified":"2024-12-08T20:19:05+00:00","mainEntityOfPage":{"@id":"https:\/\/vieassociative.be\/actualites\/defaite-23-as-sest-embarrasse-face-a-la-derniere-equipe\/"},"wordCount":826,"publisher":{"@id":"https:\/\/vieassociative.be\/actualites\/#organization"},"image":{"@id":"https:\/\/vieassociative.be\/actualites\/defaite-23-as-sest-embarrasse-face-a-la-derniere-equipe\/#primaryimage"},"thumbnailUrl":"https:\/\/vieassociative.be\/actualites\/wp-content\/uploads\/2024\/12\/1733689145_Defaite-23-AS-sest-embarrasse-face-a-la-derniere.jpg","keywords":["D\u00e9faite","derni\u00e8re","embarrass\u00e9","\u00e9quipe","face","sest"],"articleSection":["Belgique"],"inLanguage":"fr-BE"},{"@type":"WebPage","@id":"https:\/\/vieassociative.be\/actualites\/defaite-23-as-sest-embarrasse-face-a-la-derniere-equipe\/","url":"https:\/\/vieassociative.be\/actualites\/defaite-23-as-sest-embarrasse-face-a-la-derniere-equipe\/","name":"D\u00e9faite 2:3 : AS s'est embarrass\u00e9 face \u00e0 la derni\u00e8re \u00e9quipe | Vie Associative","isPartOf":{"@id":"https:\/\/vieassociative.be\/actualites\/#website"},"primaryImageOfPage":{"@id":"https:\/\/vieassociative.be\/actualites\/defaite-23-as-sest-embarrasse-face-a-la-derniere-equipe\/#primaryimage"},"image":{"@id":"https:\/\/vieassociative.be\/actualites\/defaite-23-as-sest-embarrasse-face-a-la-derniere-equipe\/#primaryimage"},"thumbnailUrl":"https:\/\/vieassociative.be\/actualites\/wp-content\/uploads\/2024\/12\/1733689145_Defaite-23-AS-sest-embarrasse-face-a-la-derniere.jpg","datePublished":"2024-12-08T20:19:05+00:00","dateModified":"2024-12-08T20:19:05+00:00","breadcrumb":{"@id":"https:\/\/vieassociative.be\/actualites\/defaite-23-as-sest-embarrasse-face-a-la-derniere-equipe\/#breadcrumb"},"inLanguage":"fr-BE","potentialAction":[{"@type":"ReadAction","target":["https:\/\/vieassociative.be\/actualites\/defaite-23-as-sest-embarrasse-face-a-la-derniere-equipe\/"]}]},{"@type":"ImageObject","inLanguage":"fr-BE","@id":"https:\/\/vieassociative.be\/actualites\/defaite-23-as-sest-embarrasse-face-a-la-derniere-equipe\/#primaryimage","url":"https:\/\/vieassociative.be\/actualites\/wp-content\/uploads\/2024\/12\/1733689145_Defaite-23-AS-sest-embarrasse-face-a-la-derniere.jpg","contentUrl":"https:\/\/vieassociative.be\/actualites\/wp-content\/uploads\/2024\/12\/1733689145_Defaite-23-AS-sest-embarrasse-face-a-la-derniere.jpg","width":1200,"height":800,"caption":"D\u00e9faite 2:3 : AS s'est embarrass\u00e9 face \u00e0 la derni\u00e8re \u00e9quipe"},{"@type":"BreadcrumbList","@id":"https:\/\/vieassociative.be\/actualites\/defaite-23-as-sest-embarrasse-face-a-la-derniere-equipe\/#breadcrumb","itemListElement":[{"@type":"ListItem","position":1,"name":"Accueil","item":"https:\/\/vieassociative.be\/actualites\/"},{"@type":"ListItem","position":2,"name":"D\u00e9faite 2:3 : AS s&rsquo;est embarrass\u00e9 face \u00e0 la derni\u00e8re \u00e9quipe"}]},{"@type":"WebSite","@id":"https:\/\/vieassociative.be\/actualites\/#website","url":"https:\/\/vieassociative.be\/actualites\/","name":"Vie Associative","description":"","publisher":{"@id":"https:\/\/vieassociative.be\/actualites\/#organization"},"potentialAction":[{"@type":"SearchAction","target":{"@type":"EntryPoint","urlTemplate":"https:\/\/vieassociative.be\/actualites\/?s={search_term_string}"},"query-input":{"@type":"PropertyValueSpecification","valueRequired":true,"valueName":"search_term_string"}}],"inLanguage":"fr-BE"},{"@type":"Organization","@id":"https:\/\/vieassociative.be\/actualites\/#organization","name":"Vie Associative","url":"https:\/\/vieassociative.be\/actualites\/","logo":{"@type":"ImageObject","inLanguage":"fr-BE","@id":"https:\/\/vieassociative.be\/actualites\/#\/schema\/logo\/image\/","url":"https:\/\/vieassociative.be\/actualites\/wp-content\/uploads\/2024\/09\/cropped-vieassociative_favicon.ico.png","contentUrl":"https:\/\/vieassociative.be\/actualites\/wp-content\/uploads\/2024\/09\/cropped-vieassociative_favicon.ico.png","width":512,"height":512,"caption":"Vie Associative"},"image":{"@id":"https:\/\/vieassociative.be\/actualites\/#\/schema\/logo\/image\/"}},{"@type":"Person","@id":"https:\/\/vieassociative.be\/actualites\/#\/schema\/person\/b87ac4f82f9d4e7b7cec7395b679edc4","name":"Julien","image":{"@type":"ImageObject","inLanguage":"fr-BE","@id":"https:\/\/vieassociative.be\/actualites\/#\/schema\/person\/image\/","url":"https:\/\/vieassociative.be\/actualites\/wp-content\/uploads\/2024\/09\/vie-associative-1-150x150.jpg","contentUrl":"https:\/\/vieassociative.be\/actualites\/wp-content\/uploads\/2024\/09\/vie-associative-1-150x150.jpg","caption":"Julien"},"description":"Je suis Julien, r\u00e9dacteur pour Vie Associative. Passionn\u00e9 par le monde associatif depuis plus de 10 ans, j'ai \u00e0 c\u0153ur de partager des histoires inspirantes et de mettre en lumi\u00e8re les initiatives locales. Mon objectif est de sensibiliser et d'encourager l'engagement communautaire \u00e0 travers mes articles.","sameAs":["https:\/\/vieassociative.be\/"]}]}},"_links":{"self":[{"href":"https:\/\/vieassociative.be\/actualites\/wp-json\/wp\/v2\/posts\/3193"}],"collection":[{"href":"https:\/\/vieassociative.be\/actualites\/wp-json\/wp\/v2\/posts"}],"about":[{"href":"https:\/\/vieassociative.be\/actualites\/wp-json\/wp\/v2\/types\/post"}],"author":[{"embeddable":true,"href":"https:\/\/vieassociative.be\/actualites\/wp-json\/wp\/v2\/users\/1"}],"replies":[{"embeddable":true,"href":"https:\/\/vieassociative.be\/actualites\/wp-json\/wp\/v2\/comments?post=3193"}],"version-history":[{"count":0,"href":"https:\/\/vieassociative.be\/actualites\/wp-json\/wp\/v2\/posts\/3193\/revisions"}],"wp:featuredmedia":[{"embeddable":true,"href":"https:\/\/vieassociative.be\/actualites\/wp-json\/wp\/v2\/media\/3194"}],"wp:attachment":[{"href":"https:\/\/vieassociative.be\/actualites\/wp-json\/wp\/v2\/media?parent=3193"}],"wp:term":[{"taxonomy":"category","embeddable":true,"href":"https:\/\/vieassociative.be\/actualites\/wp-json\/wp\/v2\/categories?post=3193"},{"taxonomy":"post_tag","embeddable":true,"href":"https:\/\/vieassociative.be\/actualites\/wp-json\/wp\/v2\/tags?post=3193"}],"curies":[{"name":"wp","href":"https:\/\/api.w.org\/{rel}","templated":true}]}}