{"id":3191,"date":"2024-12-08T20:19:11","date_gmt":"2024-12-08T19:19:11","guid":{"rendered":"https:\/\/vieassociative.be\/actualites\/comment-principalement-reparer-la-nouvelle-application-iphone-photos\/"},"modified":"2024-12-08T20:19:11","modified_gmt":"2024-12-08T19:19:11","slug":"comment-principalement-reparer-la-nouvelle-application-iphone-photos","status":"publish","type":"post","link":"https:\/\/vieassociative.be\/actualites\/comment-principalement-reparer-la-nouvelle-application-iphone-photos\/","title":{"rendered":"Comment (principalement) r\u00e9parer la nouvelle application iPhone Photos"},"content":{"rendered":"<div class=\"mt-4 leading-6 md:mb-8\">Ramenez l&rsquo;ancien look&#8230; en quelque sorte.<\/div>\n<p><\/p>\n<p>Tous les changements introduits avec iOS 18 n&rsquo;ont pas \u00e9t\u00e9 populaires aupr\u00e8s des utilisateurs, et l&rsquo;application Photos remani\u00e9e en particulier a re\u00e7u de nombreux commentaires n\u00e9gatifs sur sa nouvelle pr\u00e9sentation.<\/p>\n<p>Lorsque vos doigts et vos pouces se sont habitu\u00e9s \u00e0 une certaine fa\u00e7on de travailler, il peut \u00eatre d\u00e9concertant de devoir changer les tapotements et les balayages dont vous avez besoin pour acc\u00e9der \u00e0 certaines fonctionnalit\u00e9s de Photos. Les utilisateurs n&rsquo;ont pas h\u00e9sit\u00e9 \u00e0 se plaindre de l&rsquo;abandon des onglets et de la plus grande importance accord\u00e9e aux souvenirs et aux autres points forts de la biblioth\u00e8que.<\/p>\n<p>D\u00e9sormais, m\u00eame s&rsquo;il n&rsquo;y a malheureusement aucun moyen de revenir \u00e0 l&rsquo;ancienne m\u00e9thode de travail d&rsquo;iOS 17 (bien que si suffisamment de personnes se plaignent assez fort, Apple pourrait en tenir compte), il existe des moyens de personnaliser l&rsquo;application iOS 18 Photos et de la rendre plus \u00e0 votre go\u00fbt.<\/p>\n<h2 id=\"customizing-the-app-look\">Personnaliser l&rsquo;apparence de l&rsquo;application<\/h2>\n<p>La nouvelle application Photos n\u00e9cessite beaucoup de d\u00e9filement, et si vous faites d\u00e9filer jusqu&rsquo;en bas de l&rsquo;\u00e9cran principal de l&rsquo;application, vous trouverez une option intitul\u00e9e <strong>Personnaliser et r\u00e9organiser<\/strong>. Appuyez dessus et vous pourrez prendre un peu plus de contr\u00f4le sur la fa\u00e7on dont l&rsquo;application affiche les diff\u00e9rentes sections et raccourcis.<\/p>\n<p>Pour les sections que vous souhaitez voir plus en \u00e9vidence\u00a0: le <strong>Albums<\/strong> section, par exemple, qui avait son propre onglet dans l&rsquo;incarnation pr\u00e9c\u00e9dente de Photos\u00a0: faites glisser le nom de la section vers le haut, \u00e0 l&rsquo;aide des poign\u00e9es sur la droite. Vous verrez ici plusieurs sections famili\u00e8res, notamment <strong>Types de m\u00e9dias<\/strong> et <strong>Utilitaires<\/strong>.<\/p>\n<div class=\"eloquent-imagery-image\">\n<div class=\"flex justify-center\">\n                    <img decoding=\"async\" class=\"border border-gray-100\" src=\"https:\/\/vieassociative.be\/actualites\/wp-content\/uploads\/2024\/12\/Comment-principalement-reparer-la-nouvelle-application-iPhone-Photos.jpg\" alt=\"Application Photos iOS\" width=\"2000\" height=\"1125\" loading=\"lazy\"  >\n            <\/div>\n<\/p><\/div>\n<p>Si vous souhaitez r\u00e9duire l&rsquo;encombrement de l&rsquo;application et ne souhaitez pas voir du tout une section particuli\u00e8re\u00a0:<strong>Suggestions de papiers peints<\/strong>par exemple, ou <strong>Jours r\u00e9cents<\/strong>\u2014 appuyez simplement sur la coche \u00e0 gauche de la section pour la d\u00e9s\u00e9lectionner. Il dispara\u00eetra de l&rsquo;interface principale de Photos, mais vous pourrez toujours le r\u00e9tablir si vous changez d&rsquo;avis.<\/p>\n<p>Si vous avez perdu la trace de vos modifications et souhaitez recommencer depuis le d\u00e9but, appuyez sur <strong>R\u00e9initialiser<\/strong> dans le coin sup\u00e9rieur gauche. Pour voir \u00e0 quoi ressemblent vos modifications, appuyez sur l&rsquo;ic\u00f4ne <strong>X<\/strong> dans le coin sup\u00e9rieur droit pour revenir en arri\u00e8re\u00a0: vous pouvez continuer \u00e0 ajouter, supprimer et commander jusqu&rsquo;\u00e0 ce que vous soyez plus satisfait de l&rsquo;apparence de l&rsquo;application.<\/p>\n<h2 id=\"making-more-interface-tweaks\">Apporter davantage de modifications \u00e0 l&rsquo;interface<\/h2>\n<p>Le <strong>Personnaliser et r\u00e9organiser<\/strong> Le menu n&rsquo;est pas la seule option dont vous disposez pour rendre l&rsquo;application iOS 18 Photos plus tol\u00e9rable. Sur certaines sections, notamment <strong>Types de m\u00e9dias<\/strong> et <strong>Utilitaires<\/strong>vous pouvez balayer vers la gauche et la droite pour afficher diff\u00e9rents sous-groupes, afin de pouvoir hi\u00e9rarchiser les liens que vous utilisez le plus souvent.<\/p>\n<p>Si vous avez le <strong>Collections \u00e9pingl\u00e9es<\/strong> section affich\u00e9e, appuyez sur <strong>Modifier<\/strong> pour sp\u00e9cifier quels raccourcis sont affich\u00e9s ici\u00a0: s&rsquo;il vous manque certains raccourcis dans l&rsquo;ancienne application Photos, vous pouvez les r\u00e9tablir. Appuyez sur le vert <strong>+<\/strong> (plus) boutons pour ajouter des sections et le rouge <strong>&#8211;<\/strong> (moins) pour supprimer des sections et utilisez les poign\u00e9es de droite pour r\u00e9organiser.<\/p>\n<div class=\"eloquent-imagery-image\">\n<div class=\"flex justify-center\">\n                    <img decoding=\"async\" class=\"border border-gray-100\" src=\"https:\/\/vieassociative.be\/actualites\/wp-content\/uploads\/2024\/12\/1733685551_68_Comment-principalement-reparer-la-nouvelle-application-iPhone-Photos.jpg\" alt=\"Application Photos iOS\" width=\"2000\" height=\"1125\" loading=\"lazy\"  >\n            <\/div>\n<\/p><\/div>\n<p>Vous pouvez ajouter une multitude de sections diff\u00e9rentes ici, notamment <strong>R\u00e9cemment enregistr\u00e9<\/strong>, <strong>Favoris<\/strong>et <strong>Vid\u00e9os<\/strong>. Si vous faites d\u00e9filer jusqu&rsquo;en bas, vous obtenez un <strong>N&rsquo;importe quelle collection ou album<\/strong> lien\u00a0: appuyez dessus et vous pourrez configurer un acc\u00e8s facile \u00e0 une collection ou un album sp\u00e9cifique \u00e0 noter dans votre biblioth\u00e8que de photos.<\/p>\n<p>Faites d\u00e9filer vers le haut plut\u00f4t que vers le bas depuis la page principale de Photos, et vous avez \u00e9galement la possibilit\u00e9 de modifier ce qui est affich\u00e9 \u00e0 l&rsquo;\u00e9cran ici\u00a0: appuyez sur le bouton avec deux fl\u00e8ches (en bas \u00e0 gauche), puis <strong>Filtres<\/strong> et <strong>Afficher les options<\/strong> pour apporter des modifications\u00a0: vous pouvez par exemple masquer les captures d&rsquo;\u00e9cran ou simplement afficher vos favoris.<\/p>\n","protected":false},"excerpt":{"rendered":"<p>Ramenez l&rsquo;ancien look&#8230; en quelque sorte. Tous les changements introduits avec iOS 18 n&rsquo;ont pas \u00e9t\u00e9 populaires aupr\u00e8s des utilisateurs, et l&rsquo;application Photos remani\u00e9e en<\/p>\n","protected":false},"author":1,"featured_media":3192,"comment_status":"","ping_status":"","sticky":false,"template":"","format":"standard","meta":{"footnotes":""},"categories":[13],"tags":[1277,44,652,491,283,2824,541],"class_list":["post-3191","post","type-post","status-publish","format-standard","has-post-thumbnail","hentry","category-technologie","tag-application","tag-comment","tag-iphone","tag-nouvelle","tag-photos","tag-principalement","tag-reparer","generate-columns","tablet-grid-50","mobile-grid-100","grid-parent","grid-33"],"yoast_head":"<!-- This site is optimized with the Yoast SEO plugin v24.0 - https:\/\/yoast.com\/wordpress\/plugins\/seo\/ -->\n<title>Comment (principalement) r\u00e9parer la nouvelle application iPhone Photos | Vie Associative<\/title>\n<meta name=\"robots\" content=\"index, follow, max-snippet:-1, max-image-preview:large, max-video-preview:-1\" \/>\n<link rel=\"canonical\" href=\"https:\/\/vieassociative.be\/actualites\/comment-principalement-reparer-la-nouvelle-application-iphone-photos\/\" \/>\n<meta property=\"og:locale\" content=\"fr_FR\" \/>\n<meta property=\"og:type\" content=\"article\" \/>\n<meta property=\"og:title\" content=\"Comment (principalement) r\u00e9parer la nouvelle application iPhone Photos | Vie Associative\" \/>\n<meta property=\"og:description\" content=\"Ramenez l&rsquo;ancien look&#8230; en quelque sorte. Tous les changements introduits avec iOS 18 n&rsquo;ont pas \u00e9t\u00e9 populaires aupr\u00e8s des utilisateurs, et l&rsquo;application Photos remani\u00e9e en\" \/>\n<meta property=\"og:url\" content=\"https:\/\/vieassociative.be\/actualites\/comment-principalement-reparer-la-nouvelle-application-iphone-photos\/\" \/>\n<meta property=\"og:site_name\" content=\"Vie Associative\" \/>\n<meta property=\"article:published_time\" content=\"2024-12-08T19:19:11+00:00\" \/>\n<meta property=\"og:image\" content=\"https:\/\/vieassociative.be\/actualites\/wp-content\/uploads\/2024\/12\/Comment-principalement-reparer-la-nouvelle-application-iPhone-Photos.jpg\" \/>\n<meta name=\"author\" content=\"Julien\" \/>\n<meta name=\"twitter:card\" content=\"summary_large_image\" \/>\n<meta name=\"twitter:label1\" content=\"\u00c9crit par\" \/>\n\t<meta name=\"twitter:data1\" content=\"Julien\" \/>\n\t<meta name=\"twitter:label2\" content=\"Dur\u00e9e de lecture est.\" \/>\n\t<meta name=\"twitter:data2\" content=\"3 minutes\" \/>\n<script type=\"application\/ld+json\" class=\"yoast-schema-graph\">{\"@context\":\"https:\/\/schema.org\",\"@graph\":[{\"@type\":\"Article\",\"@id\":\"https:\/\/vieassociative.be\/actualites\/comment-principalement-reparer-la-nouvelle-application-iphone-photos\/#article\",\"isPartOf\":{\"@id\":\"https:\/\/vieassociative.be\/actualites\/comment-principalement-reparer-la-nouvelle-application-iphone-photos\/\"},\"author\":{\"name\":\"Julien\",\"@id\":\"https:\/\/vieassociative.be\/actualites\/#\/schema\/person\/b87ac4f82f9d4e7b7cec7395b679edc4\"},\"headline\":\"Comment (principalement) r\u00e9parer la nouvelle application iPhone Photos\",\"datePublished\":\"2024-12-08T19:19:11+00:00\",\"dateModified\":\"2024-12-08T19:19:11+00:00\",\"mainEntityOfPage\":{\"@id\":\"https:\/\/vieassociative.be\/actualites\/comment-principalement-reparer-la-nouvelle-application-iphone-photos\/\"},\"wordCount\":704,\"publisher\":{\"@id\":\"https:\/\/vieassociative.be\/actualites\/#organization\"},\"image\":{\"@id\":\"https:\/\/vieassociative.be\/actualites\/comment-principalement-reparer-la-nouvelle-application-iphone-photos\/#primaryimage\"},\"thumbnailUrl\":\"https:\/\/vieassociative.be\/actualites\/wp-content\/uploads\/2024\/12\/1733685551_Comment-principalement-reparer-la-nouvelle-application-iPhone-Photos.jpg\",\"keywords\":[\"application\",\"Comment\",\"iPhone\",\"nouvelle\",\"Photos\",\"principalement\",\"r\u00e9parer\"],\"articleSection\":[\"Technologie\"],\"inLanguage\":\"fr-BE\"},{\"@type\":\"WebPage\",\"@id\":\"https:\/\/vieassociative.be\/actualites\/comment-principalement-reparer-la-nouvelle-application-iphone-photos\/\",\"url\":\"https:\/\/vieassociative.be\/actualites\/comment-principalement-reparer-la-nouvelle-application-iphone-photos\/\",\"name\":\"Comment (principalement) r\u00e9parer la nouvelle application iPhone Photos | Vie Associative\",\"isPartOf\":{\"@id\":\"https:\/\/vieassociative.be\/actualites\/#website\"},\"primaryImageOfPage\":{\"@id\":\"https:\/\/vieassociative.be\/actualites\/comment-principalement-reparer-la-nouvelle-application-iphone-photos\/#primaryimage\"},\"image\":{\"@id\":\"https:\/\/vieassociative.be\/actualites\/comment-principalement-reparer-la-nouvelle-application-iphone-photos\/#primaryimage\"},\"thumbnailUrl\":\"https:\/\/vieassociative.be\/actualites\/wp-content\/uploads\/2024\/12\/1733685551_Comment-principalement-reparer-la-nouvelle-application-iPhone-Photos.jpg\",\"datePublished\":\"2024-12-08T19:19:11+00:00\",\"dateModified\":\"2024-12-08T19:19:11+00:00\",\"breadcrumb\":{\"@id\":\"https:\/\/vieassociative.be\/actualites\/comment-principalement-reparer-la-nouvelle-application-iphone-photos\/#breadcrumb\"},\"inLanguage\":\"fr-BE\",\"potentialAction\":[{\"@type\":\"ReadAction\",\"target\":[\"https:\/\/vieassociative.be\/actualites\/comment-principalement-reparer-la-nouvelle-application-iphone-photos\/\"]}]},{\"@type\":\"ImageObject\",\"inLanguage\":\"fr-BE\",\"@id\":\"https:\/\/vieassociative.be\/actualites\/comment-principalement-reparer-la-nouvelle-application-iphone-photos\/#primaryimage\",\"url\":\"https:\/\/vieassociative.be\/actualites\/wp-content\/uploads\/2024\/12\/1733685551_Comment-principalement-reparer-la-nouvelle-application-iPhone-Photos.jpg\",\"contentUrl\":\"https:\/\/vieassociative.be\/actualites\/wp-content\/uploads\/2024\/12\/1733685551_Comment-principalement-reparer-la-nouvelle-application-iPhone-Photos.jpg\",\"width\":1200,\"height\":675,\"caption\":\"Comment (principalement) r\u00e9parer la nouvelle application iPhone Photos\"},{\"@type\":\"BreadcrumbList\",\"@id\":\"https:\/\/vieassociative.be\/actualites\/comment-principalement-reparer-la-nouvelle-application-iphone-photos\/#breadcrumb\",\"itemListElement\":[{\"@type\":\"ListItem\",\"position\":1,\"name\":\"Accueil\",\"item\":\"https:\/\/vieassociative.be\/actualites\/\"},{\"@type\":\"ListItem\",\"position\":2,\"name\":\"Comment (principalement) r\u00e9parer la nouvelle application iPhone Photos\"}]},{\"@type\":\"WebSite\",\"@id\":\"https:\/\/vieassociative.be\/actualites\/#website\",\"url\":\"https:\/\/vieassociative.be\/actualites\/\",\"name\":\"Vie Associative\",\"description\":\"\",\"publisher\":{\"@id\":\"https:\/\/vieassociative.be\/actualites\/#organization\"},\"potentialAction\":[{\"@type\":\"SearchAction\",\"target\":{\"@type\":\"EntryPoint\",\"urlTemplate\":\"https:\/\/vieassociative.be\/actualites\/?s={search_term_string}\"},\"query-input\":{\"@type\":\"PropertyValueSpecification\",\"valueRequired\":true,\"valueName\":\"search_term_string\"}}],\"inLanguage\":\"fr-BE\"},{\"@type\":\"Organization\",\"@id\":\"https:\/\/vieassociative.be\/actualites\/#organization\",\"name\":\"Vie Associative\",\"url\":\"https:\/\/vieassociative.be\/actualites\/\",\"logo\":{\"@type\":\"ImageObject\",\"inLanguage\":\"fr-BE\",\"@id\":\"https:\/\/vieassociative.be\/actualites\/#\/schema\/logo\/image\/\",\"url\":\"https:\/\/vieassociative.be\/actualites\/wp-content\/uploads\/2024\/09\/cropped-vieassociative_favicon.ico.png\",\"contentUrl\":\"https:\/\/vieassociative.be\/actualites\/wp-content\/uploads\/2024\/09\/cropped-vieassociative_favicon.ico.png\",\"width\":512,\"height\":512,\"caption\":\"Vie Associative\"},\"image\":{\"@id\":\"https:\/\/vieassociative.be\/actualites\/#\/schema\/logo\/image\/\"}},{\"@type\":\"Person\",\"@id\":\"https:\/\/vieassociative.be\/actualites\/#\/schema\/person\/b87ac4f82f9d4e7b7cec7395b679edc4\",\"name\":\"Julien\",\"image\":{\"@type\":\"ImageObject\",\"inLanguage\":\"fr-BE\",\"@id\":\"https:\/\/vieassociative.be\/actualites\/#\/schema\/person\/image\/\",\"url\":\"https:\/\/vieassociative.be\/actualites\/wp-content\/uploads\/2024\/09\/vie-associative-1-150x150.jpg\",\"contentUrl\":\"https:\/\/vieassociative.be\/actualites\/wp-content\/uploads\/2024\/09\/vie-associative-1-150x150.jpg\",\"caption\":\"Julien\"},\"description\":\"Je suis Julien, r\u00e9dacteur pour Vie Associative. Passionn\u00e9 par le monde associatif depuis plus de 10 ans, j'ai \u00e0 c\u0153ur de partager des histoires inspirantes et de mettre en lumi\u00e8re les initiatives locales. Mon objectif est de sensibiliser et d'encourager l'engagement communautaire \u00e0 travers mes articles.\",\"sameAs\":[\"https:\/\/vieassociative.be\/\"]}]}<\/script>\n<!-- \/ Yoast SEO plugin. -->","yoast_head_json":{"title":"Comment (principalement) r\u00e9parer la nouvelle application iPhone Photos | Vie Associative","robots":{"index":"index","follow":"follow","max-snippet":"max-snippet:-1","max-image-preview":"max-image-preview:large","max-video-preview":"max-video-preview:-1"},"canonical":"https:\/\/vieassociative.be\/actualites\/comment-principalement-reparer-la-nouvelle-application-iphone-photos\/","og_locale":"fr_FR","og_type":"article","og_title":"Comment (principalement) r\u00e9parer la nouvelle application iPhone Photos | Vie Associative","og_description":"Ramenez l&rsquo;ancien look&#8230; en quelque sorte. Tous les changements introduits avec iOS 18 n&rsquo;ont pas \u00e9t\u00e9 populaires aupr\u00e8s des utilisateurs, et l&rsquo;application Photos remani\u00e9e en","og_url":"https:\/\/vieassociative.be\/actualites\/comment-principalement-reparer-la-nouvelle-application-iphone-photos\/","og_site_name":"Vie Associative","article_published_time":"2024-12-08T19:19:11+00:00","og_image":[{"url":"https:\/\/vieassociative.be\/actualites\/wp-content\/uploads\/2024\/12\/Comment-principalement-reparer-la-nouvelle-application-iPhone-Photos.jpg","type":"","width":"","height":""}],"author":"Julien","twitter_card":"summary_large_image","twitter_misc":{"\u00c9crit par":"Julien","Dur\u00e9e de lecture est.":"3 minutes"},"schema":{"@context":"https:\/\/schema.org","@graph":[{"@type":"Article","@id":"https:\/\/vieassociative.be\/actualites\/comment-principalement-reparer-la-nouvelle-application-iphone-photos\/#article","isPartOf":{"@id":"https:\/\/vieassociative.be\/actualites\/comment-principalement-reparer-la-nouvelle-application-iphone-photos\/"},"author":{"name":"Julien","@id":"https:\/\/vieassociative.be\/actualites\/#\/schema\/person\/b87ac4f82f9d4e7b7cec7395b679edc4"},"headline":"Comment (principalement) r\u00e9parer la nouvelle application iPhone Photos","datePublished":"2024-12-08T19:19:11+00:00","dateModified":"2024-12-08T19:19:11+00:00","mainEntityOfPage":{"@id":"https:\/\/vieassociative.be\/actualites\/comment-principalement-reparer-la-nouvelle-application-iphone-photos\/"},"wordCount":704,"publisher":{"@id":"https:\/\/vieassociative.be\/actualites\/#organization"},"image":{"@id":"https:\/\/vieassociative.be\/actualites\/comment-principalement-reparer-la-nouvelle-application-iphone-photos\/#primaryimage"},"thumbnailUrl":"https:\/\/vieassociative.be\/actualites\/wp-content\/uploads\/2024\/12\/1733685551_Comment-principalement-reparer-la-nouvelle-application-iPhone-Photos.jpg","keywords":["application","Comment","iPhone","nouvelle","Photos","principalement","r\u00e9parer"],"articleSection":["Technologie"],"inLanguage":"fr-BE"},{"@type":"WebPage","@id":"https:\/\/vieassociative.be\/actualites\/comment-principalement-reparer-la-nouvelle-application-iphone-photos\/","url":"https:\/\/vieassociative.be\/actualites\/comment-principalement-reparer-la-nouvelle-application-iphone-photos\/","name":"Comment (principalement) r\u00e9parer la nouvelle application iPhone Photos | Vie Associative","isPartOf":{"@id":"https:\/\/vieassociative.be\/actualites\/#website"},"primaryImageOfPage":{"@id":"https:\/\/vieassociative.be\/actualites\/comment-principalement-reparer-la-nouvelle-application-iphone-photos\/#primaryimage"},"image":{"@id":"https:\/\/vieassociative.be\/actualites\/comment-principalement-reparer-la-nouvelle-application-iphone-photos\/#primaryimage"},"thumbnailUrl":"https:\/\/vieassociative.be\/actualites\/wp-content\/uploads\/2024\/12\/1733685551_Comment-principalement-reparer-la-nouvelle-application-iPhone-Photos.jpg","datePublished":"2024-12-08T19:19:11+00:00","dateModified":"2024-12-08T19:19:11+00:00","breadcrumb":{"@id":"https:\/\/vieassociative.be\/actualites\/comment-principalement-reparer-la-nouvelle-application-iphone-photos\/#breadcrumb"},"inLanguage":"fr-BE","potentialAction":[{"@type":"ReadAction","target":["https:\/\/vieassociative.be\/actualites\/comment-principalement-reparer-la-nouvelle-application-iphone-photos\/"]}]},{"@type":"ImageObject","inLanguage":"fr-BE","@id":"https:\/\/vieassociative.be\/actualites\/comment-principalement-reparer-la-nouvelle-application-iphone-photos\/#primaryimage","url":"https:\/\/vieassociative.be\/actualites\/wp-content\/uploads\/2024\/12\/1733685551_Comment-principalement-reparer-la-nouvelle-application-iPhone-Photos.jpg","contentUrl":"https:\/\/vieassociative.be\/actualites\/wp-content\/uploads\/2024\/12\/1733685551_Comment-principalement-reparer-la-nouvelle-application-iPhone-Photos.jpg","width":1200,"height":675,"caption":"Comment (principalement) r\u00e9parer la nouvelle application iPhone Photos"},{"@type":"BreadcrumbList","@id":"https:\/\/vieassociative.be\/actualites\/comment-principalement-reparer-la-nouvelle-application-iphone-photos\/#breadcrumb","itemListElement":[{"@type":"ListItem","position":1,"name":"Accueil","item":"https:\/\/vieassociative.be\/actualites\/"},{"@type":"ListItem","position":2,"name":"Comment (principalement) r\u00e9parer la nouvelle application iPhone Photos"}]},{"@type":"WebSite","@id":"https:\/\/vieassociative.be\/actualites\/#website","url":"https:\/\/vieassociative.be\/actualites\/","name":"Vie Associative","description":"","publisher":{"@id":"https:\/\/vieassociative.be\/actualites\/#organization"},"potentialAction":[{"@type":"SearchAction","target":{"@type":"EntryPoint","urlTemplate":"https:\/\/vieassociative.be\/actualites\/?s={search_term_string}"},"query-input":{"@type":"PropertyValueSpecification","valueRequired":true,"valueName":"search_term_string"}}],"inLanguage":"fr-BE"},{"@type":"Organization","@id":"https:\/\/vieassociative.be\/actualites\/#organization","name":"Vie Associative","url":"https:\/\/vieassociative.be\/actualites\/","logo":{"@type":"ImageObject","inLanguage":"fr-BE","@id":"https:\/\/vieassociative.be\/actualites\/#\/schema\/logo\/image\/","url":"https:\/\/vieassociative.be\/actualites\/wp-content\/uploads\/2024\/09\/cropped-vieassociative_favicon.ico.png","contentUrl":"https:\/\/vieassociative.be\/actualites\/wp-content\/uploads\/2024\/09\/cropped-vieassociative_favicon.ico.png","width":512,"height":512,"caption":"Vie Associative"},"image":{"@id":"https:\/\/vieassociative.be\/actualites\/#\/schema\/logo\/image\/"}},{"@type":"Person","@id":"https:\/\/vieassociative.be\/actualites\/#\/schema\/person\/b87ac4f82f9d4e7b7cec7395b679edc4","name":"Julien","image":{"@type":"ImageObject","inLanguage":"fr-BE","@id":"https:\/\/vieassociative.be\/actualites\/#\/schema\/person\/image\/","url":"https:\/\/vieassociative.be\/actualites\/wp-content\/uploads\/2024\/09\/vie-associative-1-150x150.jpg","contentUrl":"https:\/\/vieassociative.be\/actualites\/wp-content\/uploads\/2024\/09\/vie-associative-1-150x150.jpg","caption":"Julien"},"description":"Je suis Julien, r\u00e9dacteur pour Vie Associative. Passionn\u00e9 par le monde associatif depuis plus de 10 ans, j'ai \u00e0 c\u0153ur de partager des histoires inspirantes et de mettre en lumi\u00e8re les initiatives locales. Mon objectif est de sensibiliser et d'encourager l'engagement communautaire \u00e0 travers mes articles.","sameAs":["https:\/\/vieassociative.be\/"]}]}},"_links":{"self":[{"href":"https:\/\/vieassociative.be\/actualites\/wp-json\/wp\/v2\/posts\/3191"}],"collection":[{"href":"https:\/\/vieassociative.be\/actualites\/wp-json\/wp\/v2\/posts"}],"about":[{"href":"https:\/\/vieassociative.be\/actualites\/wp-json\/wp\/v2\/types\/post"}],"author":[{"embeddable":true,"href":"https:\/\/vieassociative.be\/actualites\/wp-json\/wp\/v2\/users\/1"}],"replies":[{"embeddable":true,"href":"https:\/\/vieassociative.be\/actualites\/wp-json\/wp\/v2\/comments?post=3191"}],"version-history":[{"count":0,"href":"https:\/\/vieassociative.be\/actualites\/wp-json\/wp\/v2\/posts\/3191\/revisions"}],"wp:featuredmedia":[{"embeddable":true,"href":"https:\/\/vieassociative.be\/actualites\/wp-json\/wp\/v2\/media\/3192"}],"wp:attachment":[{"href":"https:\/\/vieassociative.be\/actualites\/wp-json\/wp\/v2\/media?parent=3191"}],"wp:term":[{"taxonomy":"category","embeddable":true,"href":"https:\/\/vieassociative.be\/actualites\/wp-json\/wp\/v2\/categories?post=3191"},{"taxonomy":"post_tag","embeddable":true,"href":"https:\/\/vieassociative.be\/actualites\/wp-json\/wp\/v2\/tags?post=3191"}],"curies":[{"name":"wp","href":"https:\/\/api.w.org\/{rel}","templated":true}]}}