{"id":3184,"date":"2024-12-08T15:17:12","date_gmt":"2024-12-08T14:17:12","guid":{"rendered":"https:\/\/vieassociative.be\/actualites\/as-eupen-pour-la-troisieme-fois-contre-le-bas-de-tableau-a-13h30-aux-francs-borains\/"},"modified":"2024-12-08T15:17:12","modified_gmt":"2024-12-08T14:17:12","slug":"as-eupen-pour-la-troisieme-fois-contre-le-bas-de-tableau-a-13h30-aux-francs-borains","status":"publish","type":"post","link":"https:\/\/vieassociative.be\/actualites\/as-eupen-pour-la-troisieme-fois-contre-le-bas-de-tableau-a-13h30-aux-francs-borains\/","title":{"rendered":"AS Eupen pour la troisi\u00e8me fois contre le bas de tableau \u2013 A 13h30 aux Francs Borains"},"content":{"rendered":"<p><strong>Apr\u00e8s Lokeren-Temse et Anderlecht Futures, le bas du classement de la Challenger Pro League affrontera l&rsquo;AS Eupen pour la troisi\u00e8me fois cette saison. Les Noirs et Blancs sont les invit\u00e9s des Francs Borains \u00e0 Boussu dans la province du Hainaut ce dimanche \u00e0 13h30 (en direct sur DAZN).<\/strong><\/p>\n<p><span id=\"more-403597\"><\/span>Les deux premiers matches d&rsquo;Eupener contre la derni\u00e8re \u00e9quipe n&rsquo;ont pas \u00e9t\u00e9 tr\u00e8s r\u00e9ussis, puisqu&rsquo;il y a eu une d\u00e9faite 0-1 \u00e0 domicile contre Lokeren-Temse, tandis que l&rsquo;AS n&rsquo;a pas d\u00e9pass\u00e9 un nul 2-2 contre l&rsquo;\u00e9quipe U23 du RSC Anderlecht.<\/p>\n<div id=\"attachment_322935\" class=\"wp-caption alignleft\" style=\"max-width: 300px\"><img fetchpriority=\"high\" decoding=\"async\" class=\"wp-image-322935 size-medium\" src=\"https:\/\/vieassociative.be\/actualites\/wp-content\/uploads\/2024\/12\/AS-Eupen-pour-la-troisieme-fois-contre-le-bas-de.jpeg\" alt=\"\" width=\"300\" height=\"200\"  ><\/p>\n<p class=\"wp-caption-text\">15 juin 2022, Belgique, Bruxelles : Georges-Louis Bouchez, pr\u00e9sident des Lib\u00e9raux francophones (MR) et Francs Borains Photo : Belga.<\/p>\n<\/div>\n<p>AS a tout int\u00e9r\u00eat \u00e0 une victoire contre les Francs Borains, car il reste encore deux matchs \u00e0 domicile avant No\u00ebl contre Deinze et le FC Li\u00e8ge. Avec 9 points lors des trois derniers matches de 2024, les noirs et blancs pourraient hiberner pr\u00e8s du top 6 et ainsi continuer d&rsquo;esp\u00e9rer une promotion.<\/p>\n<p>D&rsquo;ailleurs, le pr\u00e9sident du nouveau venu Francs Borains est \u00e0 la t\u00eate des Lib\u00e9raux francophones (MR), Georges-Louis Bouchez, depuis avril 2022. L&rsquo;ancien footballeur belge Marouane Fellaini, qui a jou\u00e9 pour les \u00ab Verts \u00bb dans sa jeunesse, fait office d&rsquo;\u00ab ambassadeur \u00bb. L&rsquo;entra\u00eeneur actuel n&rsquo;est pas non plus un \u00e9tranger : Karim Belhocine, ancien entra\u00eeneur du KV Courtrai, du RSC Anderlecht et du Sporting Charleroi, est cens\u00e9 aider les Francs Borains \u00e0 rester en championnat. Le directeur g\u00e9n\u00e9ral est le journaliste de la RTBF Pascal Scim\u00e8.<\/p>\n<p>La semaine derni\u00e8re \u00e0 l&rsquo;AS Eupen a \u00e9t\u00e9 marqu\u00e9e par des sp\u00e9culations sur des n\u00e9gociations entre la Fondation Aspire Zone et Qatar Sports Investments (QSI) en vue de reprendre le club de football le plus haut plac\u00e9 de l&rsquo;Est de la Belgique. Un nouvel investisseur ne serait pas forc\u00e9ment un d\u00e9savantage pour AS, car Aspire donne d\u00e9sormais l&rsquo;impression qu&rsquo;il ne s&rsquo;int\u00e9resse plus vraiment aux succ\u00e8s sportifs de l&rsquo;AS Eupen. (cr\u00e9er)<\/p>\n","protected":false},"excerpt":{"rendered":"<p>Apr\u00e8s Lokeren-Temse et Anderlecht Futures, le bas du classement de la Challenger Pro League affrontera l&rsquo;AS Eupen pour la troisi\u00e8me fois cette saison. Les Noirs<\/p>\n","protected":false},"author":1,"featured_media":3185,"comment_status":"","ping_status":"","sticky":false,"template":"","format":"standard","meta":{"footnotes":""},"categories":[298],"tags":[3869,289,700,3871,796,2329,774,3870,81,2352,3868],"class_list":["post-3184","post","type-post","status-publish","format-standard","has-post-thumbnail","hentry","category-belgique","tag-13h30","tag-aux","tag-bas","tag-borains","tag-contre","tag-eupen","tag-fois","tag-francs","tag-pour","tag-tableau","tag-troisieme","generate-columns","tablet-grid-50","mobile-grid-100","grid-parent","grid-33"],"yoast_head":"<!-- This site is optimized with the Yoast SEO plugin v24.0 - https:\/\/yoast.com\/wordpress\/plugins\/seo\/ -->\n<title>AS Eupen pour la troisi\u00e8me fois contre le bas de tableau \u2013 A 13h30 aux Francs Borains | Vie Associative<\/title>\n<meta name=\"robots\" content=\"index, follow, max-snippet:-1, max-image-preview:large, max-video-preview:-1\" \/>\n<link rel=\"canonical\" href=\"https:\/\/vieassociative.be\/actualites\/as-eupen-pour-la-troisieme-fois-contre-le-bas-de-tableau-a-13h30-aux-francs-borains\/\" \/>\n<meta property=\"og:locale\" content=\"fr_FR\" \/>\n<meta property=\"og:type\" content=\"article\" \/>\n<meta property=\"og:title\" content=\"AS Eupen pour la troisi\u00e8me fois contre le bas de tableau \u2013 A 13h30 aux Francs Borains | Vie Associative\" \/>\n<meta property=\"og:description\" content=\"Apr\u00e8s Lokeren-Temse et Anderlecht Futures, le bas du classement de la Challenger Pro League affrontera l&rsquo;AS Eupen pour la troisi\u00e8me fois cette saison. Les Noirs\" \/>\n<meta property=\"og:url\" content=\"https:\/\/vieassociative.be\/actualites\/as-eupen-pour-la-troisieme-fois-contre-le-bas-de-tableau-a-13h30-aux-francs-borains\/\" \/>\n<meta property=\"og:site_name\" content=\"Vie Associative\" \/>\n<meta property=\"article:published_time\" content=\"2024-12-08T14:17:12+00:00\" \/>\n<meta property=\"og:image\" content=\"https:\/\/vieassociative.be\/actualites\/wp-content\/uploads\/2024\/12\/AS-Eupen-pour-la-troisieme-fois-contre-le-bas-de.jpeg\" \/>\n<meta name=\"author\" content=\"Julien\" \/>\n<meta name=\"twitter:card\" content=\"summary_large_image\" \/>\n<meta name=\"twitter:label1\" content=\"\u00c9crit par\" \/>\n\t<meta name=\"twitter:data1\" content=\"Julien\" \/>\n\t<meta name=\"twitter:label2\" content=\"Dur\u00e9e de lecture est.\" \/>\n\t<meta name=\"twitter:data2\" content=\"2 minutes\" \/>\n<script type=\"application\/ld+json\" class=\"yoast-schema-graph\">{\"@context\":\"https:\/\/schema.org\",\"@graph\":[{\"@type\":\"Article\",\"@id\":\"https:\/\/vieassociative.be\/actualites\/as-eupen-pour-la-troisieme-fois-contre-le-bas-de-tableau-a-13h30-aux-francs-borains\/#article\",\"isPartOf\":{\"@id\":\"https:\/\/vieassociative.be\/actualites\/as-eupen-pour-la-troisieme-fois-contre-le-bas-de-tableau-a-13h30-aux-francs-borains\/\"},\"author\":{\"name\":\"Julien\",\"@id\":\"https:\/\/vieassociative.be\/actualites\/#\/schema\/person\/b87ac4f82f9d4e7b7cec7395b679edc4\"},\"headline\":\"AS Eupen pour la troisi\u00e8me fois contre le bas de tableau \u2013 A 13h30 aux Francs Borains\",\"datePublished\":\"2024-12-08T14:17:12+00:00\",\"dateModified\":\"2024-12-08T14:17:12+00:00\",\"mainEntityOfPage\":{\"@id\":\"https:\/\/vieassociative.be\/actualites\/as-eupen-pour-la-troisieme-fois-contre-le-bas-de-tableau-a-13h30-aux-francs-borains\/\"},\"wordCount\":364,\"publisher\":{\"@id\":\"https:\/\/vieassociative.be\/actualites\/#organization\"},\"image\":{\"@id\":\"https:\/\/vieassociative.be\/actualites\/as-eupen-pour-la-troisieme-fois-contre-le-bas-de-tableau-a-13h30-aux-francs-borains\/#primaryimage\"},\"thumbnailUrl\":\"https:\/\/vieassociative.be\/actualites\/wp-content\/uploads\/2024\/12\/AS-Eupen-pour-la-troisieme-fois-contre-le-bas-de.jpg\",\"keywords\":[\"13h30\",\"aux\",\"bas\",\"Borains\",\"contre\",\"Eupen\",\"fois\",\"Francs\",\"pour\",\"tableau\",\"troisi\u00e8me\"],\"articleSection\":[\"Belgique\"],\"inLanguage\":\"fr-BE\"},{\"@type\":\"WebPage\",\"@id\":\"https:\/\/vieassociative.be\/actualites\/as-eupen-pour-la-troisieme-fois-contre-le-bas-de-tableau-a-13h30-aux-francs-borains\/\",\"url\":\"https:\/\/vieassociative.be\/actualites\/as-eupen-pour-la-troisieme-fois-contre-le-bas-de-tableau-a-13h30-aux-francs-borains\/\",\"name\":\"AS Eupen pour la troisi\u00e8me fois contre le bas de tableau \u2013 A 13h30 aux Francs Borains | Vie Associative\",\"isPartOf\":{\"@id\":\"https:\/\/vieassociative.be\/actualites\/#website\"},\"primaryImageOfPage\":{\"@id\":\"https:\/\/vieassociative.be\/actualites\/as-eupen-pour-la-troisieme-fois-contre-le-bas-de-tableau-a-13h30-aux-francs-borains\/#primaryimage\"},\"image\":{\"@id\":\"https:\/\/vieassociative.be\/actualites\/as-eupen-pour-la-troisieme-fois-contre-le-bas-de-tableau-a-13h30-aux-francs-borains\/#primaryimage\"},\"thumbnailUrl\":\"https:\/\/vieassociative.be\/actualites\/wp-content\/uploads\/2024\/12\/AS-Eupen-pour-la-troisieme-fois-contre-le-bas-de.jpg\",\"datePublished\":\"2024-12-08T14:17:12+00:00\",\"dateModified\":\"2024-12-08T14:17:12+00:00\",\"breadcrumb\":{\"@id\":\"https:\/\/vieassociative.be\/actualites\/as-eupen-pour-la-troisieme-fois-contre-le-bas-de-tableau-a-13h30-aux-francs-borains\/#breadcrumb\"},\"inLanguage\":\"fr-BE\",\"potentialAction\":[{\"@type\":\"ReadAction\",\"target\":[\"https:\/\/vieassociative.be\/actualites\/as-eupen-pour-la-troisieme-fois-contre-le-bas-de-tableau-a-13h30-aux-francs-borains\/\"]}]},{\"@type\":\"ImageObject\",\"inLanguage\":\"fr-BE\",\"@id\":\"https:\/\/vieassociative.be\/actualites\/as-eupen-pour-la-troisieme-fois-contre-le-bas-de-tableau-a-13h30-aux-francs-borains\/#primaryimage\",\"url\":\"https:\/\/vieassociative.be\/actualites\/wp-content\/uploads\/2024\/12\/AS-Eupen-pour-la-troisieme-fois-contre-le-bas-de.jpg\",\"contentUrl\":\"https:\/\/vieassociative.be\/actualites\/wp-content\/uploads\/2024\/12\/AS-Eupen-pour-la-troisieme-fois-contre-le-bas-de.jpg\",\"width\":1200,\"height\":800,\"caption\":\"AS Eupen pour la troisi\u00e8me fois contre le bas de tableau \u2013 A 13h30 aux Francs Borains\"},{\"@type\":\"BreadcrumbList\",\"@id\":\"https:\/\/vieassociative.be\/actualites\/as-eupen-pour-la-troisieme-fois-contre-le-bas-de-tableau-a-13h30-aux-francs-borains\/#breadcrumb\",\"itemListElement\":[{\"@type\":\"ListItem\",\"position\":1,\"name\":\"Accueil\",\"item\":\"https:\/\/vieassociative.be\/actualites\/\"},{\"@type\":\"ListItem\",\"position\":2,\"name\":\"AS Eupen pour la troisi\u00e8me fois contre le bas de tableau \u2013 A 13h30 aux Francs Borains\"}]},{\"@type\":\"WebSite\",\"@id\":\"https:\/\/vieassociative.be\/actualites\/#website\",\"url\":\"https:\/\/vieassociative.be\/actualites\/\",\"name\":\"Vie Associative\",\"description\":\"\",\"publisher\":{\"@id\":\"https:\/\/vieassociative.be\/actualites\/#organization\"},\"potentialAction\":[{\"@type\":\"SearchAction\",\"target\":{\"@type\":\"EntryPoint\",\"urlTemplate\":\"https:\/\/vieassociative.be\/actualites\/?s={search_term_string}\"},\"query-input\":{\"@type\":\"PropertyValueSpecification\",\"valueRequired\":true,\"valueName\":\"search_term_string\"}}],\"inLanguage\":\"fr-BE\"},{\"@type\":\"Organization\",\"@id\":\"https:\/\/vieassociative.be\/actualites\/#organization\",\"name\":\"Vie Associative\",\"url\":\"https:\/\/vieassociative.be\/actualites\/\",\"logo\":{\"@type\":\"ImageObject\",\"inLanguage\":\"fr-BE\",\"@id\":\"https:\/\/vieassociative.be\/actualites\/#\/schema\/logo\/image\/\",\"url\":\"https:\/\/vieassociative.be\/actualites\/wp-content\/uploads\/2024\/09\/cropped-vieassociative_favicon.ico.png\",\"contentUrl\":\"https:\/\/vieassociative.be\/actualites\/wp-content\/uploads\/2024\/09\/cropped-vieassociative_favicon.ico.png\",\"width\":512,\"height\":512,\"caption\":\"Vie Associative\"},\"image\":{\"@id\":\"https:\/\/vieassociative.be\/actualites\/#\/schema\/logo\/image\/\"}},{\"@type\":\"Person\",\"@id\":\"https:\/\/vieassociative.be\/actualites\/#\/schema\/person\/b87ac4f82f9d4e7b7cec7395b679edc4\",\"name\":\"Julien\",\"image\":{\"@type\":\"ImageObject\",\"inLanguage\":\"fr-BE\",\"@id\":\"https:\/\/vieassociative.be\/actualites\/#\/schema\/person\/image\/\",\"url\":\"https:\/\/vieassociative.be\/actualites\/wp-content\/uploads\/2024\/09\/vie-associative-1-150x150.jpg\",\"contentUrl\":\"https:\/\/vieassociative.be\/actualites\/wp-content\/uploads\/2024\/09\/vie-associative-1-150x150.jpg\",\"caption\":\"Julien\"},\"description\":\"Je suis Julien, r\u00e9dacteur pour Vie Associative. Passionn\u00e9 par le monde associatif depuis plus de 10 ans, j'ai \u00e0 c\u0153ur de partager des histoires inspirantes et de mettre en lumi\u00e8re les initiatives locales. Mon objectif est de sensibiliser et d'encourager l'engagement communautaire \u00e0 travers mes articles.\",\"sameAs\":[\"https:\/\/vieassociative.be\/\"]}]}<\/script>\n<!-- \/ Yoast SEO plugin. -->","yoast_head_json":{"title":"AS Eupen pour la troisi\u00e8me fois contre le bas de tableau \u2013 A 13h30 aux Francs Borains | Vie Associative","robots":{"index":"index","follow":"follow","max-snippet":"max-snippet:-1","max-image-preview":"max-image-preview:large","max-video-preview":"max-video-preview:-1"},"canonical":"https:\/\/vieassociative.be\/actualites\/as-eupen-pour-la-troisieme-fois-contre-le-bas-de-tableau-a-13h30-aux-francs-borains\/","og_locale":"fr_FR","og_type":"article","og_title":"AS Eupen pour la troisi\u00e8me fois contre le bas de tableau \u2013 A 13h30 aux Francs Borains | Vie Associative","og_description":"Apr\u00e8s Lokeren-Temse et Anderlecht Futures, le bas du classement de la Challenger Pro League affrontera l&rsquo;AS Eupen pour la troisi\u00e8me fois cette saison. Les Noirs","og_url":"https:\/\/vieassociative.be\/actualites\/as-eupen-pour-la-troisieme-fois-contre-le-bas-de-tableau-a-13h30-aux-francs-borains\/","og_site_name":"Vie Associative","article_published_time":"2024-12-08T14:17:12+00:00","og_image":[{"url":"https:\/\/vieassociative.be\/actualites\/wp-content\/uploads\/2024\/12\/AS-Eupen-pour-la-troisieme-fois-contre-le-bas-de.jpeg","type":"","width":"","height":""}],"author":"Julien","twitter_card":"summary_large_image","twitter_misc":{"\u00c9crit par":"Julien","Dur\u00e9e de lecture est.":"2 minutes"},"schema":{"@context":"https:\/\/schema.org","@graph":[{"@type":"Article","@id":"https:\/\/vieassociative.be\/actualites\/as-eupen-pour-la-troisieme-fois-contre-le-bas-de-tableau-a-13h30-aux-francs-borains\/#article","isPartOf":{"@id":"https:\/\/vieassociative.be\/actualites\/as-eupen-pour-la-troisieme-fois-contre-le-bas-de-tableau-a-13h30-aux-francs-borains\/"},"author":{"name":"Julien","@id":"https:\/\/vieassociative.be\/actualites\/#\/schema\/person\/b87ac4f82f9d4e7b7cec7395b679edc4"},"headline":"AS Eupen pour la troisi\u00e8me fois contre le bas de tableau \u2013 A 13h30 aux Francs Borains","datePublished":"2024-12-08T14:17:12+00:00","dateModified":"2024-12-08T14:17:12+00:00","mainEntityOfPage":{"@id":"https:\/\/vieassociative.be\/actualites\/as-eupen-pour-la-troisieme-fois-contre-le-bas-de-tableau-a-13h30-aux-francs-borains\/"},"wordCount":364,"publisher":{"@id":"https:\/\/vieassociative.be\/actualites\/#organization"},"image":{"@id":"https:\/\/vieassociative.be\/actualites\/as-eupen-pour-la-troisieme-fois-contre-le-bas-de-tableau-a-13h30-aux-francs-borains\/#primaryimage"},"thumbnailUrl":"https:\/\/vieassociative.be\/actualites\/wp-content\/uploads\/2024\/12\/AS-Eupen-pour-la-troisieme-fois-contre-le-bas-de.jpg","keywords":["13h30","aux","bas","Borains","contre","Eupen","fois","Francs","pour","tableau","troisi\u00e8me"],"articleSection":["Belgique"],"inLanguage":"fr-BE"},{"@type":"WebPage","@id":"https:\/\/vieassociative.be\/actualites\/as-eupen-pour-la-troisieme-fois-contre-le-bas-de-tableau-a-13h30-aux-francs-borains\/","url":"https:\/\/vieassociative.be\/actualites\/as-eupen-pour-la-troisieme-fois-contre-le-bas-de-tableau-a-13h30-aux-francs-borains\/","name":"AS Eupen pour la troisi\u00e8me fois contre le bas de tableau \u2013 A 13h30 aux Francs Borains | Vie Associative","isPartOf":{"@id":"https:\/\/vieassociative.be\/actualites\/#website"},"primaryImageOfPage":{"@id":"https:\/\/vieassociative.be\/actualites\/as-eupen-pour-la-troisieme-fois-contre-le-bas-de-tableau-a-13h30-aux-francs-borains\/#primaryimage"},"image":{"@id":"https:\/\/vieassociative.be\/actualites\/as-eupen-pour-la-troisieme-fois-contre-le-bas-de-tableau-a-13h30-aux-francs-borains\/#primaryimage"},"thumbnailUrl":"https:\/\/vieassociative.be\/actualites\/wp-content\/uploads\/2024\/12\/AS-Eupen-pour-la-troisieme-fois-contre-le-bas-de.jpg","datePublished":"2024-12-08T14:17:12+00:00","dateModified":"2024-12-08T14:17:12+00:00","breadcrumb":{"@id":"https:\/\/vieassociative.be\/actualites\/as-eupen-pour-la-troisieme-fois-contre-le-bas-de-tableau-a-13h30-aux-francs-borains\/#breadcrumb"},"inLanguage":"fr-BE","potentialAction":[{"@type":"ReadAction","target":["https:\/\/vieassociative.be\/actualites\/as-eupen-pour-la-troisieme-fois-contre-le-bas-de-tableau-a-13h30-aux-francs-borains\/"]}]},{"@type":"ImageObject","inLanguage":"fr-BE","@id":"https:\/\/vieassociative.be\/actualites\/as-eupen-pour-la-troisieme-fois-contre-le-bas-de-tableau-a-13h30-aux-francs-borains\/#primaryimage","url":"https:\/\/vieassociative.be\/actualites\/wp-content\/uploads\/2024\/12\/AS-Eupen-pour-la-troisieme-fois-contre-le-bas-de.jpg","contentUrl":"https:\/\/vieassociative.be\/actualites\/wp-content\/uploads\/2024\/12\/AS-Eupen-pour-la-troisieme-fois-contre-le-bas-de.jpg","width":1200,"height":800,"caption":"AS Eupen pour la troisi\u00e8me fois contre le bas de tableau \u2013 A 13h30 aux Francs Borains"},{"@type":"BreadcrumbList","@id":"https:\/\/vieassociative.be\/actualites\/as-eupen-pour-la-troisieme-fois-contre-le-bas-de-tableau-a-13h30-aux-francs-borains\/#breadcrumb","itemListElement":[{"@type":"ListItem","position":1,"name":"Accueil","item":"https:\/\/vieassociative.be\/actualites\/"},{"@type":"ListItem","position":2,"name":"AS Eupen pour la troisi\u00e8me fois contre le bas de tableau \u2013 A 13h30 aux Francs Borains"}]},{"@type":"WebSite","@id":"https:\/\/vieassociative.be\/actualites\/#website","url":"https:\/\/vieassociative.be\/actualites\/","name":"Vie Associative","description":"","publisher":{"@id":"https:\/\/vieassociative.be\/actualites\/#organization"},"potentialAction":[{"@type":"SearchAction","target":{"@type":"EntryPoint","urlTemplate":"https:\/\/vieassociative.be\/actualites\/?s={search_term_string}"},"query-input":{"@type":"PropertyValueSpecification","valueRequired":true,"valueName":"search_term_string"}}],"inLanguage":"fr-BE"},{"@type":"Organization","@id":"https:\/\/vieassociative.be\/actualites\/#organization","name":"Vie Associative","url":"https:\/\/vieassociative.be\/actualites\/","logo":{"@type":"ImageObject","inLanguage":"fr-BE","@id":"https:\/\/vieassociative.be\/actualites\/#\/schema\/logo\/image\/","url":"https:\/\/vieassociative.be\/actualites\/wp-content\/uploads\/2024\/09\/cropped-vieassociative_favicon.ico.png","contentUrl":"https:\/\/vieassociative.be\/actualites\/wp-content\/uploads\/2024\/09\/cropped-vieassociative_favicon.ico.png","width":512,"height":512,"caption":"Vie Associative"},"image":{"@id":"https:\/\/vieassociative.be\/actualites\/#\/schema\/logo\/image\/"}},{"@type":"Person","@id":"https:\/\/vieassociative.be\/actualites\/#\/schema\/person\/b87ac4f82f9d4e7b7cec7395b679edc4","name":"Julien","image":{"@type":"ImageObject","inLanguage":"fr-BE","@id":"https:\/\/vieassociative.be\/actualites\/#\/schema\/person\/image\/","url":"https:\/\/vieassociative.be\/actualites\/wp-content\/uploads\/2024\/09\/vie-associative-1-150x150.jpg","contentUrl":"https:\/\/vieassociative.be\/actualites\/wp-content\/uploads\/2024\/09\/vie-associative-1-150x150.jpg","caption":"Julien"},"description":"Je suis Julien, r\u00e9dacteur pour Vie Associative. Passionn\u00e9 par le monde associatif depuis plus de 10 ans, j'ai \u00e0 c\u0153ur de partager des histoires inspirantes et de mettre en lumi\u00e8re les initiatives locales. Mon objectif est de sensibiliser et d'encourager l'engagement communautaire \u00e0 travers mes articles.","sameAs":["https:\/\/vieassociative.be\/"]}]}},"_links":{"self":[{"href":"https:\/\/vieassociative.be\/actualites\/wp-json\/wp\/v2\/posts\/3184"}],"collection":[{"href":"https:\/\/vieassociative.be\/actualites\/wp-json\/wp\/v2\/posts"}],"about":[{"href":"https:\/\/vieassociative.be\/actualites\/wp-json\/wp\/v2\/types\/post"}],"author":[{"embeddable":true,"href":"https:\/\/vieassociative.be\/actualites\/wp-json\/wp\/v2\/users\/1"}],"replies":[{"embeddable":true,"href":"https:\/\/vieassociative.be\/actualites\/wp-json\/wp\/v2\/comments?post=3184"}],"version-history":[{"count":0,"href":"https:\/\/vieassociative.be\/actualites\/wp-json\/wp\/v2\/posts\/3184\/revisions"}],"wp:featuredmedia":[{"embeddable":true,"href":"https:\/\/vieassociative.be\/actualites\/wp-json\/wp\/v2\/media\/3185"}],"wp:attachment":[{"href":"https:\/\/vieassociative.be\/actualites\/wp-json\/wp\/v2\/media?parent=3184"}],"wp:term":[{"taxonomy":"category","embeddable":true,"href":"https:\/\/vieassociative.be\/actualites\/wp-json\/wp\/v2\/categories?post=3184"},{"taxonomy":"post_tag","embeddable":true,"href":"https:\/\/vieassociative.be\/actualites\/wp-json\/wp\/v2\/tags?post=3184"}],"curies":[{"name":"wp","href":"https:\/\/api.w.org\/{rel}","templated":true}]}}