{"id":3182,"date":"2024-12-08T14:18:16","date_gmt":"2024-12-08T13:18:16","guid":{"rendered":"https:\/\/vieassociative.be\/actualites\/sept-astuces-pour-vous-aider-a-ne-plus-perdre-votre-telephone-et-votre-portefeuille-et-vos-cles\/"},"modified":"2024-12-08T14:18:16","modified_gmt":"2024-12-08T13:18:16","slug":"sept-astuces-pour-vous-aider-a-ne-plus-perdre-votre-telephone-et-votre-portefeuille-et-vos-cles","status":"publish","type":"post","link":"https:\/\/vieassociative.be\/actualites\/sept-astuces-pour-vous-aider-a-ne-plus-perdre-votre-telephone-et-votre-portefeuille-et-vos-cles\/","title":{"rendered":"Sept astuces pour vous aider \u00e0 ne plus perdre votre t\u00e9l\u00e9phone (et votre portefeuille et vos cl\u00e9s)"},"content":{"rendered":"<div class=\"mt-4 leading-6 md:mb-8\">Si vous perdez \u00e0 jamais vos affaires, vous connaissez le chaos qui s\u2019ensuit.<\/div>\n<p><\/p>\n<p>Selon une enqu\u00eate r\u00e9cente, les Am\u00e9ricains perdent cinq choses chaque mois et d\u00e9pensent environ <em>17 heures<\/em> je cherche ces choses chaque ann\u00e9e. Si vous perdez r\u00e9guli\u00e8rement vos cl\u00e9s, votre portefeuille ou votre t\u00e9l\u00e9phone, vous n&rsquo;\u00eates pas seul. Et m\u00eame si la perte r\u00e9p\u00e9t\u00e9e d&rsquo;objets peut \u00eatre le signe de troubles tels que le trouble d\u00e9ficitaire de l&rsquo;attention avec hyperactivit\u00e9 (TDAH), pour la plupart des gens, la perte d&rsquo;objets est g\u00e9n\u00e9ralement le r\u00e9sultat d&rsquo;une simple distraction.<\/p>\n<p>Ce n\u2019est pas parce que ce n\u2019est pas le signe d\u2019un probl\u00e8me grave que perdre constamment des objets n\u2019a pas d\u2019impact n\u00e9gatif sur votre vie. Perdre un t\u00e9l\u00e9phone peut \u00eatre une erreur co\u00fbteuse, et perdre un portefeuille ou des cl\u00e9s peut g\u00e2cher votre journ\u00e9e m\u00eame si vous avez des trackers dessus et que vous pouvez les r\u00e9cup\u00e9rer relativement facilement. De plus, il y a la difficult\u00e9 de remplacer des choses et de devoir \u00e9ventuellement changer les serrures de vos portes ou prendre d&rsquo;autres mesures de pr\u00e9caution. Si vous perdez des objets tout le temps, il existe des techniques simples que vous pouvez (et devriez) utiliser pour vous aider \u00e0 arr\u00eater de perdre vos affaires.<\/p>\n<h2 id=\"speak-up\">Parlez<\/h2>\n<p>Prenez l\u2019habitude de raconter vos actions. Lorsque vous posez quelque chose, dites \u00e0 voix haute ce que vous faites, par exemple : \u00ab Je pose le t\u00e9l\u00e9phone sur le comptoir \u00bb. Lire et parler \u00e0 voix haute peuvent aider \u00e0 am\u00e9liorer la m\u00e9moire dans de nombreux contextes diff\u00e9rents, ce qui peut aider \u00e0 \u00ab ancrer \u00bb l&#8217;emplacement de l&rsquo;\u00e9l\u00e9ment dans votre m\u00e9moire.<\/p>\n<h2 id=\"use-dedicated-storage\">Utiliser un stockage d\u00e9di\u00e9<\/h2>\n<p>Arr\u00eatez de laisser tomber vos affaires o\u00f9 que vous soyez. \u00c0 la maison, pr\u00e9voyez des endroits d\u00e9sign\u00e9s pour vos objets fr\u00e9quemment perdus \u2013 un bol pour vos cl\u00e9s, une station de recharge pour votre t\u00e9l\u00e9phone \u2013 et remettez-les toujours l\u00e0, m\u00eame si cela est l\u00e9g\u00e8rement g\u00eanant. Lors de vos d\u00e9placements, ayez une poche ou un sac d\u00e9sign\u00e9 o\u00f9 tout va bien. De plus, si vous trouvez vos affaires en dehors de cet endroit d\u00e9sign\u00e9, ne pensez pas simplement <em>hein, ce n&rsquo;est pas l\u00e0 que c&rsquo;est cens\u00e9 \u00eatre<\/em> et continuez \u2013 ramassez-le et d\u00e9placez-le au bon endroit.<\/p>\n<h2 id=\"make-it-stand-out\">Faites-le ressortir<\/h2>\n<p>La plupart des objets que nous perdons ont une apparence plut\u00f4t neutre : un t\u00e9l\u00e9phone blanc ou noir, un portefeuille marron, etc. Il est facile de les n\u00e9gliger. Ajouter quelque chose de distinctif peut les faire sauter aux yeux, ce qui rend moins probable que vous les laissiez derri\u00e8re vous. Des porte-cl\u00e9s color\u00e9s ou des porte-cl\u00e9s frappants peuvent vous aider \u00e0 garder vos cl\u00e9s en t\u00eate, tout comme une coque de t\u00e9l\u00e9phone color\u00e9e.<\/p>\n<h2 id=\"scan-your-location\">Scannez votre position<\/h2>\n<p>Une habitude simple \u00e0 prendre est de scanner chaque endroit avant de partir. Prenez quelques secondes pour regarder autour de votre table de restaurant, de votre si\u00e8ge dans le train, de votre voiture de location, de votre chambre d&rsquo;h\u00f4tel ou de votre salle de sport avant de franchir la porte. Cela accomplit deux choses\u00a0: premi\u00e8rement, cela vous aide \u00e0 rep\u00e9rer vos affaires avant de partir, et deuxi\u00e8mement, cela vous arr\u00eate et vous oblige \u00e0 r\u00e9fl\u00e9chir \u00e0 l&rsquo;endroit o\u00f9 se trouvent vos affaires.<\/p>\n<h2 id=\"attach-items-to-yourself\">Attachez-vous des \u00e9l\u00e9ments<\/h2>\n<p>Vous vous souvenez quand vous \u00e9tiez enfant et que vos mitaines \u00e9taient cousues sur votre manteau pour ne pas les perdre ? Cette astuce fonctionne toujours. Si vous avez essay\u00e9 d&rsquo;\u00eatre plus attentif et que vous perdez toujours des objets, essayez de les attacher \u00e0 vous-m\u00eame. De simples porte-cl\u00e9s \u00e0 mousquetons peuvent \u00eatre accroch\u00e9s aux passants de ceinture ou aux sacs ; les portefeuilles peuvent vous \u00eatre encha\u00een\u00e9s\u00a0; les lunettes peuvent \u00eatre attach\u00e9es autour de votre cou ; et les t\u00e9l\u00e9phones peuvent \u00eatre attach\u00e9s \u00e0 votre corps, ce qui rend plus difficile de quitter des espaces sans vos affaires.<\/p>\n<h2 id=\"take-a-photo\">Prendre une photo<\/h2>\n<p>Lorsque vous d\u00e9posez quelque chose ou que vous le rangez dans un endroit inhabituel, prenez-le en photo. Si vous r\u00e9alisez quelques heures plus tard que vous \u00eates parti sans l&rsquo;attraper, vous pouvez scanner votre t\u00e9l\u00e9phone pour voir exactement o\u00f9 vous l&rsquo;avez laiss\u00e9.<\/p>\n<h2 id=\"use-a-separation-alarm\">Utiliser une alarme de s\u00e9paration<\/h2>\n<p>Les applications Find Your Device sont id\u00e9ales pour <em>trouver<\/em> votre t\u00e9l\u00e9phone perdu, mais ils ne vous emp\u00eachent pas de le perdre en premier lieu. Une alarme de s\u00e9paration pour votre t\u00e9l\u00e9phone se d\u00e9clenche lorsque vous vous \u00e9loignez de plus de 50 pieds de votre t\u00e9l\u00e9phone, vous alertant instantan\u00e9ment lorsque vous le laissez derri\u00e8re vous. Vous pouvez \u00e9galement acheter des alarmes de s\u00e9paration invers\u00e9e afin que votre t\u00e9l\u00e9phone vous alerte si vous vous \u00e9loignez de quelque chose d&rsquo;autre, comme votre portefeuille.<\/p><\/p>\n","protected":false},"excerpt":{"rendered":"<p>Si vous perdez \u00e0 jamais vos affaires, vous connaissez le chaos qui s\u2019ensuit. Selon une enqu\u00eate r\u00e9cente, les Am\u00e9ricains perdent cinq choses chaque mois et<\/p>\n","protected":false},"author":1,"featured_media":3183,"comment_status":"","ping_status":"","sticky":false,"template":"","format":"standard","meta":{"footnotes":""},"categories":[38],"tags":[294,301,3867,2698,3866,81,525,542,27,8,4],"class_list":["post-3182","post","type-post","status-publish","format-standard","has-post-thumbnail","hentry","category-sante","tag-aider","tag-astuces","tag-cles","tag-perdre","tag-portefeuille","tag-pour","tag-sept","tag-telephone","tag-vos","tag-votre","tag-vous","generate-columns","tablet-grid-50","mobile-grid-100","grid-parent","grid-33"],"yoast_head":"<!-- This site is optimized with the Yoast SEO plugin v24.0 - https:\/\/yoast.com\/wordpress\/plugins\/seo\/ -->\n<title>Sept astuces pour vous aider \u00e0 ne plus perdre votre t\u00e9l\u00e9phone (et votre portefeuille et vos cl\u00e9s) | Vie Associative<\/title>\n<meta name=\"robots\" content=\"index, follow, max-snippet:-1, max-image-preview:large, max-video-preview:-1\" \/>\n<link rel=\"canonical\" href=\"https:\/\/vieassociative.be\/actualites\/sept-astuces-pour-vous-aider-a-ne-plus-perdre-votre-telephone-et-votre-portefeuille-et-vos-cles\/\" \/>\n<meta property=\"og:locale\" content=\"fr_FR\" \/>\n<meta property=\"og:type\" content=\"article\" \/>\n<meta property=\"og:title\" content=\"Sept astuces pour vous aider \u00e0 ne plus perdre votre t\u00e9l\u00e9phone (et votre portefeuille et vos cl\u00e9s) | Vie Associative\" \/>\n<meta property=\"og:description\" content=\"Si vous perdez \u00e0 jamais vos affaires, vous connaissez le chaos qui s\u2019ensuit. Selon une enqu\u00eate r\u00e9cente, les Am\u00e9ricains perdent cinq choses chaque mois et\" \/>\n<meta property=\"og:url\" content=\"https:\/\/vieassociative.be\/actualites\/sept-astuces-pour-vous-aider-a-ne-plus-perdre-votre-telephone-et-votre-portefeuille-et-vos-cles\/\" \/>\n<meta property=\"og:site_name\" content=\"Vie Associative\" \/>\n<meta property=\"article:published_time\" content=\"2024-12-08T13:18:16+00:00\" \/>\n<meta property=\"og:image\" content=\"https:\/\/vieassociative.be\/actualites\/wp-content\/uploads\/2024\/09\/header_backgroundk-01-e1726694325946.png\" \/>\n\t<meta property=\"og:image:width\" content=\"279\" \/>\n\t<meta property=\"og:image:height\" content=\"92\" \/>\n\t<meta property=\"og:image:type\" content=\"image\/png\" \/>\n<meta name=\"author\" content=\"Julien\" \/>\n<meta name=\"twitter:card\" content=\"summary_large_image\" \/>\n<meta name=\"twitter:label1\" content=\"\u00c9crit par\" \/>\n\t<meta name=\"twitter:data1\" content=\"Julien\" \/>\n\t<meta name=\"twitter:label2\" content=\"Dur\u00e9e de lecture est.\" \/>\n\t<meta name=\"twitter:data2\" content=\"4 minutes\" \/>\n<script type=\"application\/ld+json\" class=\"yoast-schema-graph\">{\"@context\":\"https:\/\/schema.org\",\"@graph\":[{\"@type\":\"Article\",\"@id\":\"https:\/\/vieassociative.be\/actualites\/sept-astuces-pour-vous-aider-a-ne-plus-perdre-votre-telephone-et-votre-portefeuille-et-vos-cles\/#article\",\"isPartOf\":{\"@id\":\"https:\/\/vieassociative.be\/actualites\/sept-astuces-pour-vous-aider-a-ne-plus-perdre-votre-telephone-et-votre-portefeuille-et-vos-cles\/\"},\"author\":{\"name\":\"Julien\",\"@id\":\"https:\/\/vieassociative.be\/actualites\/#\/schema\/person\/b87ac4f82f9d4e7b7cec7395b679edc4\"},\"headline\":\"Sept astuces pour vous aider \u00e0 ne plus perdre votre t\u00e9l\u00e9phone (et votre portefeuille et vos cl\u00e9s)\",\"datePublished\":\"2024-12-08T13:18:16+00:00\",\"dateModified\":\"2024-12-08T13:18:16+00:00\",\"mainEntityOfPage\":{\"@id\":\"https:\/\/vieassociative.be\/actualites\/sept-astuces-pour-vous-aider-a-ne-plus-perdre-votre-telephone-et-votre-portefeuille-et-vos-cles\/\"},\"wordCount\":877,\"publisher\":{\"@id\":\"https:\/\/vieassociative.be\/actualites\/#organization\"},\"image\":{\"@id\":\"https:\/\/vieassociative.be\/actualites\/sept-astuces-pour-vous-aider-a-ne-plus-perdre-votre-telephone-et-votre-portefeuille-et-vos-cles\/#primaryimage\"},\"thumbnailUrl\":\"https:\/\/vieassociative.be\/actualites\/wp-content\/uploads\/2024\/12\/Sept-astuces-pour-vous-aider-a-ne-plus-perdre-votre.jpg\",\"keywords\":[\"aider\",\"astuces\",\"cl\u00e9s\",\"perdre\",\"portefeuille\",\"pour\",\"Sept\",\"t\u00e9l\u00e9phone\",\"vos\",\"votre\",\"Vous\"],\"articleSection\":[\"Sant\u00e9\"],\"inLanguage\":\"fr-BE\"},{\"@type\":\"WebPage\",\"@id\":\"https:\/\/vieassociative.be\/actualites\/sept-astuces-pour-vous-aider-a-ne-plus-perdre-votre-telephone-et-votre-portefeuille-et-vos-cles\/\",\"url\":\"https:\/\/vieassociative.be\/actualites\/sept-astuces-pour-vous-aider-a-ne-plus-perdre-votre-telephone-et-votre-portefeuille-et-vos-cles\/\",\"name\":\"Sept astuces pour vous aider \u00e0 ne plus perdre votre t\u00e9l\u00e9phone (et votre portefeuille et vos cl\u00e9s) | Vie Associative\",\"isPartOf\":{\"@id\":\"https:\/\/vieassociative.be\/actualites\/#website\"},\"primaryImageOfPage\":{\"@id\":\"https:\/\/vieassociative.be\/actualites\/sept-astuces-pour-vous-aider-a-ne-plus-perdre-votre-telephone-et-votre-portefeuille-et-vos-cles\/#primaryimage\"},\"image\":{\"@id\":\"https:\/\/vieassociative.be\/actualites\/sept-astuces-pour-vous-aider-a-ne-plus-perdre-votre-telephone-et-votre-portefeuille-et-vos-cles\/#primaryimage\"},\"thumbnailUrl\":\"https:\/\/vieassociative.be\/actualites\/wp-content\/uploads\/2024\/12\/Sept-astuces-pour-vous-aider-a-ne-plus-perdre-votre.jpg\",\"datePublished\":\"2024-12-08T13:18:16+00:00\",\"dateModified\":\"2024-12-08T13:18:16+00:00\",\"breadcrumb\":{\"@id\":\"https:\/\/vieassociative.be\/actualites\/sept-astuces-pour-vous-aider-a-ne-plus-perdre-votre-telephone-et-votre-portefeuille-et-vos-cles\/#breadcrumb\"},\"inLanguage\":\"fr-BE\",\"potentialAction\":[{\"@type\":\"ReadAction\",\"target\":[\"https:\/\/vieassociative.be\/actualites\/sept-astuces-pour-vous-aider-a-ne-plus-perdre-votre-telephone-et-votre-portefeuille-et-vos-cles\/\"]}]},{\"@type\":\"ImageObject\",\"inLanguage\":\"fr-BE\",\"@id\":\"https:\/\/vieassociative.be\/actualites\/sept-astuces-pour-vous-aider-a-ne-plus-perdre-votre-telephone-et-votre-portefeuille-et-vos-cles\/#primaryimage\",\"url\":\"https:\/\/vieassociative.be\/actualites\/wp-content\/uploads\/2024\/12\/Sept-astuces-pour-vous-aider-a-ne-plus-perdre-votre.jpg\",\"contentUrl\":\"https:\/\/vieassociative.be\/actualites\/wp-content\/uploads\/2024\/12\/Sept-astuces-pour-vous-aider-a-ne-plus-perdre-votre.jpg\",\"width\":1200,\"height\":675,\"caption\":\"Sept astuces pour vous aider \u00e0 ne plus perdre votre t\u00e9l\u00e9phone (et votre portefeuille et vos cl\u00e9s)\"},{\"@type\":\"BreadcrumbList\",\"@id\":\"https:\/\/vieassociative.be\/actualites\/sept-astuces-pour-vous-aider-a-ne-plus-perdre-votre-telephone-et-votre-portefeuille-et-vos-cles\/#breadcrumb\",\"itemListElement\":[{\"@type\":\"ListItem\",\"position\":1,\"name\":\"Accueil\",\"item\":\"https:\/\/vieassociative.be\/actualites\/\"},{\"@type\":\"ListItem\",\"position\":2,\"name\":\"Sept astuces pour vous aider \u00e0 ne plus perdre votre t\u00e9l\u00e9phone (et votre portefeuille et vos cl\u00e9s)\"}]},{\"@type\":\"WebSite\",\"@id\":\"https:\/\/vieassociative.be\/actualites\/#website\",\"url\":\"https:\/\/vieassociative.be\/actualites\/\",\"name\":\"Vie Associative\",\"description\":\"\",\"publisher\":{\"@id\":\"https:\/\/vieassociative.be\/actualites\/#organization\"},\"potentialAction\":[{\"@type\":\"SearchAction\",\"target\":{\"@type\":\"EntryPoint\",\"urlTemplate\":\"https:\/\/vieassociative.be\/actualites\/?s={search_term_string}\"},\"query-input\":{\"@type\":\"PropertyValueSpecification\",\"valueRequired\":true,\"valueName\":\"search_term_string\"}}],\"inLanguage\":\"fr-BE\"},{\"@type\":\"Organization\",\"@id\":\"https:\/\/vieassociative.be\/actualites\/#organization\",\"name\":\"Vie Associative\",\"url\":\"https:\/\/vieassociative.be\/actualites\/\",\"logo\":{\"@type\":\"ImageObject\",\"inLanguage\":\"fr-BE\",\"@id\":\"https:\/\/vieassociative.be\/actualites\/#\/schema\/logo\/image\/\",\"url\":\"https:\/\/vieassociative.be\/actualites\/wp-content\/uploads\/2024\/09\/cropped-vieassociative_favicon.ico.png\",\"contentUrl\":\"https:\/\/vieassociative.be\/actualites\/wp-content\/uploads\/2024\/09\/cropped-vieassociative_favicon.ico.png\",\"width\":512,\"height\":512,\"caption\":\"Vie Associative\"},\"image\":{\"@id\":\"https:\/\/vieassociative.be\/actualites\/#\/schema\/logo\/image\/\"}},{\"@type\":\"Person\",\"@id\":\"https:\/\/vieassociative.be\/actualites\/#\/schema\/person\/b87ac4f82f9d4e7b7cec7395b679edc4\",\"name\":\"Julien\",\"image\":{\"@type\":\"ImageObject\",\"inLanguage\":\"fr-BE\",\"@id\":\"https:\/\/vieassociative.be\/actualites\/#\/schema\/person\/image\/\",\"url\":\"https:\/\/vieassociative.be\/actualites\/wp-content\/uploads\/2024\/09\/vie-associative-1-150x150.jpg\",\"contentUrl\":\"https:\/\/vieassociative.be\/actualites\/wp-content\/uploads\/2024\/09\/vie-associative-1-150x150.jpg\",\"caption\":\"Julien\"},\"description\":\"Je suis Julien, r\u00e9dacteur pour Vie Associative. Passionn\u00e9 par le monde associatif depuis plus de 10 ans, j'ai \u00e0 c\u0153ur de partager des histoires inspirantes et de mettre en lumi\u00e8re les initiatives locales. Mon objectif est de sensibiliser et d'encourager l'engagement communautaire \u00e0 travers mes articles.\",\"sameAs\":[\"https:\/\/vieassociative.be\/\"]}]}<\/script>\n<!-- \/ Yoast SEO plugin. -->","yoast_head_json":{"title":"Sept astuces pour vous aider \u00e0 ne plus perdre votre t\u00e9l\u00e9phone (et votre portefeuille et vos cl\u00e9s) | Vie Associative","robots":{"index":"index","follow":"follow","max-snippet":"max-snippet:-1","max-image-preview":"max-image-preview:large","max-video-preview":"max-video-preview:-1"},"canonical":"https:\/\/vieassociative.be\/actualites\/sept-astuces-pour-vous-aider-a-ne-plus-perdre-votre-telephone-et-votre-portefeuille-et-vos-cles\/","og_locale":"fr_FR","og_type":"article","og_title":"Sept astuces pour vous aider \u00e0 ne plus perdre votre t\u00e9l\u00e9phone (et votre portefeuille et vos cl\u00e9s) | Vie Associative","og_description":"Si vous perdez \u00e0 jamais vos affaires, vous connaissez le chaos qui s\u2019ensuit. Selon une enqu\u00eate r\u00e9cente, les Am\u00e9ricains perdent cinq choses chaque mois et","og_url":"https:\/\/vieassociative.be\/actualites\/sept-astuces-pour-vous-aider-a-ne-plus-perdre-votre-telephone-et-votre-portefeuille-et-vos-cles\/","og_site_name":"Vie Associative","article_published_time":"2024-12-08T13:18:16+00:00","og_image":[{"width":279,"height":92,"url":"https:\/\/vieassociative.be\/actualites\/wp-content\/uploads\/2024\/09\/header_backgroundk-01-e1726694325946.png","type":"image\/png"}],"author":"Julien","twitter_card":"summary_large_image","twitter_misc":{"\u00c9crit par":"Julien","Dur\u00e9e de lecture est.":"4 minutes"},"schema":{"@context":"https:\/\/schema.org","@graph":[{"@type":"Article","@id":"https:\/\/vieassociative.be\/actualites\/sept-astuces-pour-vous-aider-a-ne-plus-perdre-votre-telephone-et-votre-portefeuille-et-vos-cles\/#article","isPartOf":{"@id":"https:\/\/vieassociative.be\/actualites\/sept-astuces-pour-vous-aider-a-ne-plus-perdre-votre-telephone-et-votre-portefeuille-et-vos-cles\/"},"author":{"name":"Julien","@id":"https:\/\/vieassociative.be\/actualites\/#\/schema\/person\/b87ac4f82f9d4e7b7cec7395b679edc4"},"headline":"Sept astuces pour vous aider \u00e0 ne plus perdre votre t\u00e9l\u00e9phone (et votre portefeuille et vos cl\u00e9s)","datePublished":"2024-12-08T13:18:16+00:00","dateModified":"2024-12-08T13:18:16+00:00","mainEntityOfPage":{"@id":"https:\/\/vieassociative.be\/actualites\/sept-astuces-pour-vous-aider-a-ne-plus-perdre-votre-telephone-et-votre-portefeuille-et-vos-cles\/"},"wordCount":877,"publisher":{"@id":"https:\/\/vieassociative.be\/actualites\/#organization"},"image":{"@id":"https:\/\/vieassociative.be\/actualites\/sept-astuces-pour-vous-aider-a-ne-plus-perdre-votre-telephone-et-votre-portefeuille-et-vos-cles\/#primaryimage"},"thumbnailUrl":"https:\/\/vieassociative.be\/actualites\/wp-content\/uploads\/2024\/12\/Sept-astuces-pour-vous-aider-a-ne-plus-perdre-votre.jpg","keywords":["aider","astuces","cl\u00e9s","perdre","portefeuille","pour","Sept","t\u00e9l\u00e9phone","vos","votre","Vous"],"articleSection":["Sant\u00e9"],"inLanguage":"fr-BE"},{"@type":"WebPage","@id":"https:\/\/vieassociative.be\/actualites\/sept-astuces-pour-vous-aider-a-ne-plus-perdre-votre-telephone-et-votre-portefeuille-et-vos-cles\/","url":"https:\/\/vieassociative.be\/actualites\/sept-astuces-pour-vous-aider-a-ne-plus-perdre-votre-telephone-et-votre-portefeuille-et-vos-cles\/","name":"Sept astuces pour vous aider \u00e0 ne plus perdre votre t\u00e9l\u00e9phone (et votre portefeuille et vos cl\u00e9s) | Vie Associative","isPartOf":{"@id":"https:\/\/vieassociative.be\/actualites\/#website"},"primaryImageOfPage":{"@id":"https:\/\/vieassociative.be\/actualites\/sept-astuces-pour-vous-aider-a-ne-plus-perdre-votre-telephone-et-votre-portefeuille-et-vos-cles\/#primaryimage"},"image":{"@id":"https:\/\/vieassociative.be\/actualites\/sept-astuces-pour-vous-aider-a-ne-plus-perdre-votre-telephone-et-votre-portefeuille-et-vos-cles\/#primaryimage"},"thumbnailUrl":"https:\/\/vieassociative.be\/actualites\/wp-content\/uploads\/2024\/12\/Sept-astuces-pour-vous-aider-a-ne-plus-perdre-votre.jpg","datePublished":"2024-12-08T13:18:16+00:00","dateModified":"2024-12-08T13:18:16+00:00","breadcrumb":{"@id":"https:\/\/vieassociative.be\/actualites\/sept-astuces-pour-vous-aider-a-ne-plus-perdre-votre-telephone-et-votre-portefeuille-et-vos-cles\/#breadcrumb"},"inLanguage":"fr-BE","potentialAction":[{"@type":"ReadAction","target":["https:\/\/vieassociative.be\/actualites\/sept-astuces-pour-vous-aider-a-ne-plus-perdre-votre-telephone-et-votre-portefeuille-et-vos-cles\/"]}]},{"@type":"ImageObject","inLanguage":"fr-BE","@id":"https:\/\/vieassociative.be\/actualites\/sept-astuces-pour-vous-aider-a-ne-plus-perdre-votre-telephone-et-votre-portefeuille-et-vos-cles\/#primaryimage","url":"https:\/\/vieassociative.be\/actualites\/wp-content\/uploads\/2024\/12\/Sept-astuces-pour-vous-aider-a-ne-plus-perdre-votre.jpg","contentUrl":"https:\/\/vieassociative.be\/actualites\/wp-content\/uploads\/2024\/12\/Sept-astuces-pour-vous-aider-a-ne-plus-perdre-votre.jpg","width":1200,"height":675,"caption":"Sept astuces pour vous aider \u00e0 ne plus perdre votre t\u00e9l\u00e9phone (et votre portefeuille et vos cl\u00e9s)"},{"@type":"BreadcrumbList","@id":"https:\/\/vieassociative.be\/actualites\/sept-astuces-pour-vous-aider-a-ne-plus-perdre-votre-telephone-et-votre-portefeuille-et-vos-cles\/#breadcrumb","itemListElement":[{"@type":"ListItem","position":1,"name":"Accueil","item":"https:\/\/vieassociative.be\/actualites\/"},{"@type":"ListItem","position":2,"name":"Sept astuces pour vous aider \u00e0 ne plus perdre votre t\u00e9l\u00e9phone (et votre portefeuille et vos cl\u00e9s)"}]},{"@type":"WebSite","@id":"https:\/\/vieassociative.be\/actualites\/#website","url":"https:\/\/vieassociative.be\/actualites\/","name":"Vie Associative","description":"","publisher":{"@id":"https:\/\/vieassociative.be\/actualites\/#organization"},"potentialAction":[{"@type":"SearchAction","target":{"@type":"EntryPoint","urlTemplate":"https:\/\/vieassociative.be\/actualites\/?s={search_term_string}"},"query-input":{"@type":"PropertyValueSpecification","valueRequired":true,"valueName":"search_term_string"}}],"inLanguage":"fr-BE"},{"@type":"Organization","@id":"https:\/\/vieassociative.be\/actualites\/#organization","name":"Vie Associative","url":"https:\/\/vieassociative.be\/actualites\/","logo":{"@type":"ImageObject","inLanguage":"fr-BE","@id":"https:\/\/vieassociative.be\/actualites\/#\/schema\/logo\/image\/","url":"https:\/\/vieassociative.be\/actualites\/wp-content\/uploads\/2024\/09\/cropped-vieassociative_favicon.ico.png","contentUrl":"https:\/\/vieassociative.be\/actualites\/wp-content\/uploads\/2024\/09\/cropped-vieassociative_favicon.ico.png","width":512,"height":512,"caption":"Vie Associative"},"image":{"@id":"https:\/\/vieassociative.be\/actualites\/#\/schema\/logo\/image\/"}},{"@type":"Person","@id":"https:\/\/vieassociative.be\/actualites\/#\/schema\/person\/b87ac4f82f9d4e7b7cec7395b679edc4","name":"Julien","image":{"@type":"ImageObject","inLanguage":"fr-BE","@id":"https:\/\/vieassociative.be\/actualites\/#\/schema\/person\/image\/","url":"https:\/\/vieassociative.be\/actualites\/wp-content\/uploads\/2024\/09\/vie-associative-1-150x150.jpg","contentUrl":"https:\/\/vieassociative.be\/actualites\/wp-content\/uploads\/2024\/09\/vie-associative-1-150x150.jpg","caption":"Julien"},"description":"Je suis Julien, r\u00e9dacteur pour Vie Associative. Passionn\u00e9 par le monde associatif depuis plus de 10 ans, j'ai \u00e0 c\u0153ur de partager des histoires inspirantes et de mettre en lumi\u00e8re les initiatives locales. Mon objectif est de sensibiliser et d'encourager l'engagement communautaire \u00e0 travers mes articles.","sameAs":["https:\/\/vieassociative.be\/"]}]}},"_links":{"self":[{"href":"https:\/\/vieassociative.be\/actualites\/wp-json\/wp\/v2\/posts\/3182"}],"collection":[{"href":"https:\/\/vieassociative.be\/actualites\/wp-json\/wp\/v2\/posts"}],"about":[{"href":"https:\/\/vieassociative.be\/actualites\/wp-json\/wp\/v2\/types\/post"}],"author":[{"embeddable":true,"href":"https:\/\/vieassociative.be\/actualites\/wp-json\/wp\/v2\/users\/1"}],"replies":[{"embeddable":true,"href":"https:\/\/vieassociative.be\/actualites\/wp-json\/wp\/v2\/comments?post=3182"}],"version-history":[{"count":0,"href":"https:\/\/vieassociative.be\/actualites\/wp-json\/wp\/v2\/posts\/3182\/revisions"}],"wp:featuredmedia":[{"embeddable":true,"href":"https:\/\/vieassociative.be\/actualites\/wp-json\/wp\/v2\/media\/3183"}],"wp:attachment":[{"href":"https:\/\/vieassociative.be\/actualites\/wp-json\/wp\/v2\/media?parent=3182"}],"wp:term":[{"taxonomy":"category","embeddable":true,"href":"https:\/\/vieassociative.be\/actualites\/wp-json\/wp\/v2\/categories?post=3182"},{"taxonomy":"post_tag","embeddable":true,"href":"https:\/\/vieassociative.be\/actualites\/wp-json\/wp\/v2\/tags?post=3182"}],"curies":[{"name":"wp","href":"https:\/\/api.w.org\/{rel}","templated":true}]}}