{"id":3179,"date":"2024-12-08T09:17:35","date_gmt":"2024-12-08T08:17:35","guid":{"rendered":"https:\/\/vieassociative.be\/actualites\/syrie-les-rebelles-prennent-le-pouvoir-a-damas-la-fin-de-cette-ere-sombre-assad-en-fuite\/"},"modified":"2024-12-08T09:17:35","modified_gmt":"2024-12-08T08:17:35","slug":"syrie-les-rebelles-prennent-le-pouvoir-a-damas-la-fin-de-cette-ere-sombre-assad-en-fuite","status":"publish","type":"post","link":"https:\/\/vieassociative.be\/actualites\/syrie-les-rebelles-prennent-le-pouvoir-a-damas-la-fin-de-cette-ere-sombre-assad-en-fuite\/","title":{"rendered":"Syrie : Les rebelles prennent le pouvoir \u00e0 Damas \u2013 \u00ab La fin de cette \u00e8re sombre \u00bb \u2013 Assad en fuite"},"content":{"rendered":"<p><strong>La guerre civile en Syrie dure depuis plus de 13 ans. Maintenant, les choses vont extr\u00eamement vite. Les rebelles ont lanc\u00e9 leur offensive il y a \u00e0 peine une semaine et demie et semblent avoir atteint leur objectif.<\/strong><\/p>\n<p><span id=\"more-403574\"><\/span>Les rebelles syriens affirment avoir pris le contr\u00f4le de la capitale Damas, marquant la fin de plus de deux d\u00e9cennies de r\u00e8gne du dirigeant Bachar al-Assad. Assad a quitt\u00e9 la capitale t\u00f4t le matin pour une destination inconnue, comme l&rsquo;a appris l&rsquo;agence de presse allemande, citant des officiers syriens \u00e0 Damas. Pendant ce temps, les rebelles entraient dans Damas et annon\u00e7aient la lib\u00e9ration de la ville d\u2019Assad. L&rsquo;alliance rebelle a annonc\u00e9 vouloir prendre le pouvoir de mani\u00e8re pacifique.<\/p>\n<div id=\"attachment_403578\" class=\"wp-caption alignleft\" style=\"max-width: 300px\"><img fetchpriority=\"high\" decoding=\"async\" class=\"wp-image-403578 size-medium\" src=\"https:\/\/vieassociative.be\/actualites\/wp-content\/uploads\/2024\/12\/Syrie-Les-rebelles-prennent-le-pouvoir-a-Damas-\u2013.jpg\" alt=\"\" width=\"300\" height=\"200\"><\/p>\n<p class=\"wp-caption-text\">8 d\u00e9cembre 2024, Syrie, Damas : les Syriens c\u00e9l\u00e8brent l&rsquo;arriv\u00e9e des combattants de l&rsquo;opposition \u00e0 Damas, en Syrie. Photo : Omar Sanadiki\/AP\/dpa<\/p>\n<\/div>\n<p>Le 27 novembre, la guerre civile en Syrie, d\u00e9clench\u00e9e en 2011, a soudainement repris avec l&rsquo;offensive de l&rsquo;alliance islamiste Haiat Tahrir al-Sham (HTS). En peu de temps, les insurg\u00e9s ont pris le contr\u00f4le de nombreuses localit\u00e9s, dont Alep et Hama, en grande partie sans combat. Ce n&rsquo;est que samedi que les rebelles ont pris le contr\u00f4le de la ville strat\u00e9giquement importante de Homs. Au m\u00eame moment, divers autres groupes rebelles avan\u00e7aient du sud vers Damas. Les rebelles sont unis par l\u2019objectif de renverser Assad.<\/p>\n<p>Selon leur chef Abu Mohammed al-Julani, l&rsquo;alliance rebelle veut prendre le pouvoir de mani\u00e8re pacifique. Les installations publiques de Damas \u00ab resteront sous la supervision de l&rsquo;ancien Premier ministre jusqu&rsquo;\u00e0 la passation officielle des pouvoirs \u00bb, a d\u00e9clar\u00e9 Al-Julani sur les r\u00e9seaux sociaux. Il est strictement interdit aux forces militaires de s\u2019approcher de ces installations et de tirer des coups de feu.<\/p>\n<div id=\"attachment_403579\" class=\"wp-caption alignleft\" style=\"max-width: 300px\"><img decoding=\"async\" class=\"wp-image-403579 size-medium\" src=\"https:\/\/vieassociative.be\/actualites\/wp-content\/uploads\/2024\/12\/1733645855_877_Syrie-Les-rebelles-prennent-le-pouvoir-a-Damas-\u2013.jpg\" alt=\"\" width=\"300\" height=\"195\"  ><\/p>\n<p class=\"wp-caption-text\">2 octobre 2000, \u00c9gypte, Le Caire : le pr\u00e9sident syrien Bachar al-Assad s&rsquo;exprime lors d&rsquo;une conf\u00e9rence de presse au Caire, le 2 octobre 2000. Photo : Amr Nabil\/AP\/dpa<\/p>\n<\/div>\n<p>Pendant ce temps, l\u2019arm\u00e9e d\u2019\u00c9tat a d\u00e9clar\u00e9 aux soldats gouvernementaux que le r\u00e8gne d\u2019Assad \u00e9tait termin\u00e9. L&rsquo;agence de presse allemande a appris des milieux militaires syriens que le commandement de l&rsquo;arm\u00e9e avait mis les soldats hors service. Les soldats devraient rester chez eux et seraient rappel\u00e9s au service si n\u00e9cessaire.<\/p>\n<p><strong>\u2013 \u00ab La fin de cette \u00e9poque sombre \u00bb :<\/strong> Apr\u00e8s la fuite d\u2019Assad, l\u2019alliance rebelle a annonc\u00e9 le renversement de son gouvernement. \u00ab\u00a0Le tyran Bachar al-Assad a fui\u00a0\u00bb, ont d\u00e9clar\u00e9 les rebelles sur les r\u00e9seaux sociaux. \u00ab\u00a0Nous annon\u00e7ons que la capitale Damas a \u00e9t\u00e9 lib\u00e9r\u00e9e (de lui). Le 8 d\u00e9cembre marque \u00ab\u00a0la fin de cette sombre \u00e9poque\u00a0\u00bb d&rsquo;oppression sous Assad et son p\u00e8re Hafez al-Assad, qui a dirig\u00e9 le pays pendant plus de 50 ans.<\/p>\n<p>\u00ab C\u2019est le moment que les d\u00e9plac\u00e9s et les prisonniers attendent depuis longtemps, le moment du retour au pays et le moment de la libert\u00e9 apr\u00e8s des d\u00e9cennies d\u2019oppression et de souffrance. \u00bb S\u2019adressant aux millions de r\u00e9fugi\u00e9s d\u00e9plac\u00e9s par la guerre civile, les insurg\u00e9s ont d\u00e9clar\u00e9 : \u00ab Aux personnes d\u00e9plac\u00e9es du monde entier, une Syrie libre vous attend. \u00bb<\/p>\n<div id=\"attachment_403593\" class=\"wp-caption alignleft\" style=\"max-width: 300px\"><img decoding=\"async\" class=\"wp-image-403593 size-medium\" src=\"https:\/\/vieassociative.be\/actualites\/wp-content\/uploads\/2024\/12\/1733645855_98_Syrie-Les-rebelles-prennent-le-pouvoir-a-Damas-\u2013.jpg\" alt=\"\" width=\"300\" height=\"200\"><\/p>\n<p class=\"wp-caption-text\">30 novembre 2024, Syrie, Alep : un combattant arm\u00e9 de l&rsquo;opposition syrienne l\u00e8ve le drapeau de la faction Hayat Tahrir al-Sham sur une statue de Basil Hafez al-Asad. Photo : Anas Alkharboutli\/dpa<\/p>\n<\/div>\n<p><strong>\u2013 Le Premier ministre veut coop\u00e9rer :<\/strong> Selon ses propres d\u00e9clarations, le Premier ministre syrien Mohammed al-Jalali est rest\u00e9 dans le pays et souhaite coop\u00e9rer \u00e0 un changement de pouvoir. \u00ab\u00a0Nous sommes pr\u00eats \u00e0 remettre (le pouvoir) aux dirigeants \u00e9lus\u00a0\u00bb, a d\u00e9clar\u00e9 Al-Jalali dans un message vid\u00e9o qu&rsquo;il dit avoir enregistr\u00e9 chez lui. Le peuple doit d\u00e9cider de cette direction. \u00ab\u00a0Nous sommes pr\u00eats \u00e0 travailler m\u00eame avec l&rsquo;opposition.\u00a0\u00bb<\/p>\n<p>Il a appel\u00e9 les citoyens \u00e0 coop\u00e9rer avec les d\u00e9veloppements en cours et \u00e0 ne pas endommager les biens publics. La Syrie pourrait \u00eatre un \u00ab \u00c9tat normal \u00bb ayant des relations amicales avec ses voisins. Lui-m\u00eame ne s&rsquo;int\u00e9resse \u00e0 aucune fonction politique ni \u00e0 aucun autre privil\u00e8ge. \u00ab Nous pensons que la Syrie appartient \u00e0 tous les Syriens. \u00bb<\/p>\n<p>Des acclamations ont \u00e9clat\u00e9 dans le centre de Damas apr\u00e8s la fuite d&rsquo;Assad. Les habitants ont applaudi dans la rue et certains ont \u00e9t\u00e9 vus en train de prier, selon des t\u00e9moins oculaires. Des vid\u00e9os d&rsquo;habitants grimpant sur un char et entonnant des chants de c\u00e9l\u00e9bration ont fait le tour des r\u00e9seaux sociaux. Selon des vid\u00e9os, des acclamations et des chants ont \u00e9galement eu lieu pendant la nuit dans la m\u00e9tropole d&rsquo;Istanbul, en Turquie voisine, o\u00f9 vivent plus de trois millions de Syriens. Certains y ont lanc\u00e9 des feux d&rsquo;artifice.<\/p>\n<div id=\"attachment_403580\" class=\"wp-caption alignleft\" style=\"max-width: 300px\"><img loading=\"lazy\" decoding=\"async\" class=\"wp-image-403580 size-medium\" src=\"https:\/\/vieassociative.be\/actualites\/wp-content\/uploads\/2024\/12\/1733645855_27_Syrie-Les-rebelles-prennent-le-pouvoir-a-Damas-\u2013.jpg\" alt=\"\" width=\"300\" height=\"197\"><\/p>\n<p class=\"wp-caption-text\">06.01.2020, Syrie, Damas : le pr\u00e9sident syrien Bachar al-Assad, \u00e0 gauche, fait des gestes lors d&rsquo;une rencontre avec le pr\u00e9sident russe Vladimir Poutine \u00e0 Damas, en Syrie, le 7 janvier 2020. Photo : Alexei Druzhinin\/Sputnik Kremlin Pool Photo via AP\/ dpa<\/p>\n<\/div>\n<p>Hadi al-Bahra, figure de proue de l&rsquo;opposition, a d\u00e9clar\u00e9 que Damas serait libre sans Assad. Il f\u00e9licite le peuple syrien et les prisonniers qui sont en train d&rsquo;\u00eatre lib\u00e9r\u00e9s.<\/p>\n<p><strong>\u2013 Fortes explosions \u00e0 Damas :<\/strong> Les insurg\u00e9s ont lanc\u00e9 leur offensive sur Damas t\u00f4t dimanche matin. Un correspondant de la DPA sur place a signal\u00e9 de fortes explosions et des tirs nourris de mitrailleuses. Selon des t\u00e9moins oculaires, les militaires de la garde pr\u00e9sidentielle ont quitt\u00e9 la capitale. Le chef de l&rsquo;Observatoire syrien des droits de l&rsquo;homme, Rami Abdel-Rahman, a d\u00e9clar\u00e9 que le personnel de s\u00e9curit\u00e9 et l&rsquo;arm\u00e9e s&rsquo;\u00e9taient retir\u00e9s de l&rsquo;a\u00e9roport international de Damas. Selon leurs propres d\u00e9clarations, les rebelles sont \u00e9galement entr\u00e9s par effraction dans une prison notoire et ont lib\u00e9r\u00e9 des prisonniers.<\/p>\n<p>Les habitants de Damas auraient peur de l&rsquo;arriv\u00e9e des rebelles. De nombreuses familles ont d\u00e9j\u00e0 quitt\u00e9 leur domicile et se sont rendues au Liban, selon des sources bien inform\u00e9es.<\/p>\n<p>Divers m\u00e9dias avaient pr\u00e9c\u00e9demment rapport\u00e9 que les soldats syriens quittaient en masse le pays. L&rsquo;Irak a accueilli plus de 1 000 soldats du pays voisin, a rapport\u00e9 l&rsquo;agence de presse officielle INA. La cha\u00eene d&rsquo;information qatarie Al-Jazeera a cit\u00e9 un porte-parole du gouvernement irakien affirmant que 2 000 soldats syriens \u00e9taient d\u00e9j\u00e0 arriv\u00e9s en Irak avec un \u00e9quipement complet. (dpa)<\/p>\n","protected":false},"excerpt":{"rendered":"<p>La guerre civile en Syrie dure depuis plus de 13 ans. Maintenant, les choses vont extr\u00eamement vite. Les rebelles ont lanc\u00e9 leur offensive il y<\/p>\n","protected":false},"author":1,"featured_media":3180,"comment_status":"","ping_status":"","sticky":false,"template":"","format":"standard","meta":{"footnotes":""},"categories":[298],"tags":[3864,206,3861,3862,1908,3865,14,3860,3859,3858,3863,3857],"class_list":["post-3179","post","type-post","status-publish","format-standard","has-post-thumbnail","hentry","category-belgique","tag-assad","tag-cette","tag-damas","tag-ere","tag-fin","tag-fuite","tag-les","tag-pouvoir","tag-prennent","tag-rebelles","tag-sombre","tag-syrie","generate-columns","tablet-grid-50","mobile-grid-100","grid-parent","grid-33"],"yoast_head":"<!-- This site is optimized with the Yoast SEO plugin v24.0 - https:\/\/yoast.com\/wordpress\/plugins\/seo\/ -->\n<title>Syrie : Les rebelles prennent le pouvoir \u00e0 Damas \u2013 \u00ab La fin de cette \u00e8re sombre \u00bb \u2013 Assad en fuite | Vie Associative<\/title>\n<meta name=\"robots\" content=\"index, follow, max-snippet:-1, max-image-preview:large, max-video-preview:-1\" \/>\n<link rel=\"canonical\" href=\"https:\/\/vieassociative.be\/actualites\/syrie-les-rebelles-prennent-le-pouvoir-a-damas-la-fin-de-cette-ere-sombre-assad-en-fuite\/\" \/>\n<meta property=\"og:locale\" content=\"fr_FR\" \/>\n<meta property=\"og:type\" content=\"article\" \/>\n<meta property=\"og:title\" content=\"Syrie : Les rebelles prennent le pouvoir \u00e0 Damas \u2013 \u00ab La fin de cette \u00e8re sombre \u00bb \u2013 Assad en fuite | Vie Associative\" \/>\n<meta property=\"og:description\" content=\"La guerre civile en Syrie dure depuis plus de 13 ans. Maintenant, les choses vont extr\u00eamement vite. Les rebelles ont lanc\u00e9 leur offensive il y\" \/>\n<meta property=\"og:url\" content=\"https:\/\/vieassociative.be\/actualites\/syrie-les-rebelles-prennent-le-pouvoir-a-damas-la-fin-de-cette-ere-sombre-assad-en-fuite\/\" \/>\n<meta property=\"og:site_name\" content=\"Vie Associative\" \/>\n<meta property=\"article:published_time\" content=\"2024-12-08T08:17:35+00:00\" \/>\n<meta property=\"og:image\" content=\"https:\/\/vieassociative.be\/actualites\/wp-content\/uploads\/2024\/09\/header_backgroundk-01-e1726694325946.png\" \/>\n\t<meta property=\"og:image:width\" content=\"279\" \/>\n\t<meta property=\"og:image:height\" content=\"92\" \/>\n\t<meta property=\"og:image:type\" content=\"image\/png\" \/>\n<meta name=\"author\" content=\"Julien\" \/>\n<meta name=\"twitter:card\" content=\"summary_large_image\" \/>\n<meta name=\"twitter:label1\" content=\"\u00c9crit par\" \/>\n\t<meta name=\"twitter:data1\" content=\"Julien\" \/>\n\t<meta name=\"twitter:label2\" content=\"Dur\u00e9e de lecture est.\" \/>\n\t<meta name=\"twitter:data2\" content=\"5 minutes\" \/>\n<script type=\"application\/ld+json\" class=\"yoast-schema-graph\">{\"@context\":\"https:\/\/schema.org\",\"@graph\":[{\"@type\":\"Article\",\"@id\":\"https:\/\/vieassociative.be\/actualites\/syrie-les-rebelles-prennent-le-pouvoir-a-damas-la-fin-de-cette-ere-sombre-assad-en-fuite\/#article\",\"isPartOf\":{\"@id\":\"https:\/\/vieassociative.be\/actualites\/syrie-les-rebelles-prennent-le-pouvoir-a-damas-la-fin-de-cette-ere-sombre-assad-en-fuite\/\"},\"author\":{\"name\":\"Julien\",\"@id\":\"https:\/\/vieassociative.be\/actualites\/#\/schema\/person\/b87ac4f82f9d4e7b7cec7395b679edc4\"},\"headline\":\"Syrie : Les rebelles prennent le pouvoir \u00e0 Damas \u2013 \u00ab La fin de cette \u00e8re sombre \u00bb \u2013 Assad en fuite\",\"datePublished\":\"2024-12-08T08:17:35+00:00\",\"dateModified\":\"2024-12-08T08:17:35+00:00\",\"mainEntityOfPage\":{\"@id\":\"https:\/\/vieassociative.be\/actualites\/syrie-les-rebelles-prennent-le-pouvoir-a-damas-la-fin-de-cette-ere-sombre-assad-en-fuite\/\"},\"wordCount\":1113,\"publisher\":{\"@id\":\"https:\/\/vieassociative.be\/actualites\/#organization\"},\"image\":{\"@id\":\"https:\/\/vieassociative.be\/actualites\/syrie-les-rebelles-prennent-le-pouvoir-a-damas-la-fin-de-cette-ere-sombre-assad-en-fuite\/#primaryimage\"},\"thumbnailUrl\":\"https:\/\/vieassociative.be\/actualites\/wp-content\/uploads\/2024\/12\/1733645855_Syrie-Les-rebelles-prennent-le-pouvoir-a-Damas-\u2013.jpg\",\"keywords\":[\"Assad\",\"cette\",\"Damas\",\"\u00e8re\",\"fin\",\"fuite\",\"Les\",\"pouvoir\",\"prennent\",\"rebelles\",\"sombre\",\"Syrie\"],\"articleSection\":[\"Belgique\"],\"inLanguage\":\"fr-BE\"},{\"@type\":\"WebPage\",\"@id\":\"https:\/\/vieassociative.be\/actualites\/syrie-les-rebelles-prennent-le-pouvoir-a-damas-la-fin-de-cette-ere-sombre-assad-en-fuite\/\",\"url\":\"https:\/\/vieassociative.be\/actualites\/syrie-les-rebelles-prennent-le-pouvoir-a-damas-la-fin-de-cette-ere-sombre-assad-en-fuite\/\",\"name\":\"Syrie : Les rebelles prennent le pouvoir \u00e0 Damas \u2013 \u00ab La fin de cette \u00e8re sombre \u00bb \u2013 Assad en fuite | Vie Associative\",\"isPartOf\":{\"@id\":\"https:\/\/vieassociative.be\/actualites\/#website\"},\"primaryImageOfPage\":{\"@id\":\"https:\/\/vieassociative.be\/actualites\/syrie-les-rebelles-prennent-le-pouvoir-a-damas-la-fin-de-cette-ere-sombre-assad-en-fuite\/#primaryimage\"},\"image\":{\"@id\":\"https:\/\/vieassociative.be\/actualites\/syrie-les-rebelles-prennent-le-pouvoir-a-damas-la-fin-de-cette-ere-sombre-assad-en-fuite\/#primaryimage\"},\"thumbnailUrl\":\"https:\/\/vieassociative.be\/actualites\/wp-content\/uploads\/2024\/12\/1733645855_Syrie-Les-rebelles-prennent-le-pouvoir-a-Damas-\u2013.jpg\",\"datePublished\":\"2024-12-08T08:17:35+00:00\",\"dateModified\":\"2024-12-08T08:17:35+00:00\",\"breadcrumb\":{\"@id\":\"https:\/\/vieassociative.be\/actualites\/syrie-les-rebelles-prennent-le-pouvoir-a-damas-la-fin-de-cette-ere-sombre-assad-en-fuite\/#breadcrumb\"},\"inLanguage\":\"fr-BE\",\"potentialAction\":[{\"@type\":\"ReadAction\",\"target\":[\"https:\/\/vieassociative.be\/actualites\/syrie-les-rebelles-prennent-le-pouvoir-a-damas-la-fin-de-cette-ere-sombre-assad-en-fuite\/\"]}]},{\"@type\":\"ImageObject\",\"inLanguage\":\"fr-BE\",\"@id\":\"https:\/\/vieassociative.be\/actualites\/syrie-les-rebelles-prennent-le-pouvoir-a-damas-la-fin-de-cette-ere-sombre-assad-en-fuite\/#primaryimage\",\"url\":\"https:\/\/vieassociative.be\/actualites\/wp-content\/uploads\/2024\/12\/1733645855_Syrie-Les-rebelles-prennent-le-pouvoir-a-Damas-\u2013.jpg\",\"contentUrl\":\"https:\/\/vieassociative.be\/actualites\/wp-content\/uploads\/2024\/12\/1733645855_Syrie-Les-rebelles-prennent-le-pouvoir-a-Damas-\u2013.jpg\",\"width\":1200,\"height\":800,\"caption\":\"Syrie : Les rebelles prennent le pouvoir \u00e0 Damas \u2013 \u00ab La fin de cette \u00e8re sombre \u00bb \u2013 Assad en fuite\"},{\"@type\":\"BreadcrumbList\",\"@id\":\"https:\/\/vieassociative.be\/actualites\/syrie-les-rebelles-prennent-le-pouvoir-a-damas-la-fin-de-cette-ere-sombre-assad-en-fuite\/#breadcrumb\",\"itemListElement\":[{\"@type\":\"ListItem\",\"position\":1,\"name\":\"Accueil\",\"item\":\"https:\/\/vieassociative.be\/actualites\/\"},{\"@type\":\"ListItem\",\"position\":2,\"name\":\"Syrie : Les rebelles prennent le pouvoir \u00e0 Damas \u2013 \u00ab La fin de cette \u00e8re sombre \u00bb \u2013 Assad en fuite\"}]},{\"@type\":\"WebSite\",\"@id\":\"https:\/\/vieassociative.be\/actualites\/#website\",\"url\":\"https:\/\/vieassociative.be\/actualites\/\",\"name\":\"Vie Associative\",\"description\":\"\",\"publisher\":{\"@id\":\"https:\/\/vieassociative.be\/actualites\/#organization\"},\"potentialAction\":[{\"@type\":\"SearchAction\",\"target\":{\"@type\":\"EntryPoint\",\"urlTemplate\":\"https:\/\/vieassociative.be\/actualites\/?s={search_term_string}\"},\"query-input\":{\"@type\":\"PropertyValueSpecification\",\"valueRequired\":true,\"valueName\":\"search_term_string\"}}],\"inLanguage\":\"fr-BE\"},{\"@type\":\"Organization\",\"@id\":\"https:\/\/vieassociative.be\/actualites\/#organization\",\"name\":\"Vie Associative\",\"url\":\"https:\/\/vieassociative.be\/actualites\/\",\"logo\":{\"@type\":\"ImageObject\",\"inLanguage\":\"fr-BE\",\"@id\":\"https:\/\/vieassociative.be\/actualites\/#\/schema\/logo\/image\/\",\"url\":\"https:\/\/vieassociative.be\/actualites\/wp-content\/uploads\/2024\/09\/cropped-vieassociative_favicon.ico.png\",\"contentUrl\":\"https:\/\/vieassociative.be\/actualites\/wp-content\/uploads\/2024\/09\/cropped-vieassociative_favicon.ico.png\",\"width\":512,\"height\":512,\"caption\":\"Vie Associative\"},\"image\":{\"@id\":\"https:\/\/vieassociative.be\/actualites\/#\/schema\/logo\/image\/\"}},{\"@type\":\"Person\",\"@id\":\"https:\/\/vieassociative.be\/actualites\/#\/schema\/person\/b87ac4f82f9d4e7b7cec7395b679edc4\",\"name\":\"Julien\",\"image\":{\"@type\":\"ImageObject\",\"inLanguage\":\"fr-BE\",\"@id\":\"https:\/\/vieassociative.be\/actualites\/#\/schema\/person\/image\/\",\"url\":\"https:\/\/vieassociative.be\/actualites\/wp-content\/uploads\/2024\/09\/vie-associative-1-150x150.jpg\",\"contentUrl\":\"https:\/\/vieassociative.be\/actualites\/wp-content\/uploads\/2024\/09\/vie-associative-1-150x150.jpg\",\"caption\":\"Julien\"},\"description\":\"Je suis Julien, r\u00e9dacteur pour Vie Associative. Passionn\u00e9 par le monde associatif depuis plus de 10 ans, j'ai \u00e0 c\u0153ur de partager des histoires inspirantes et de mettre en lumi\u00e8re les initiatives locales. Mon objectif est de sensibiliser et d'encourager l'engagement communautaire \u00e0 travers mes articles.\",\"sameAs\":[\"https:\/\/vieassociative.be\/\"]}]}<\/script>\n<!-- \/ Yoast SEO plugin. -->","yoast_head_json":{"title":"Syrie : Les rebelles prennent le pouvoir \u00e0 Damas \u2013 \u00ab La fin de cette \u00e8re sombre \u00bb \u2013 Assad en fuite | Vie Associative","robots":{"index":"index","follow":"follow","max-snippet":"max-snippet:-1","max-image-preview":"max-image-preview:large","max-video-preview":"max-video-preview:-1"},"canonical":"https:\/\/vieassociative.be\/actualites\/syrie-les-rebelles-prennent-le-pouvoir-a-damas-la-fin-de-cette-ere-sombre-assad-en-fuite\/","og_locale":"fr_FR","og_type":"article","og_title":"Syrie : Les rebelles prennent le pouvoir \u00e0 Damas \u2013 \u00ab La fin de cette \u00e8re sombre \u00bb \u2013 Assad en fuite | Vie Associative","og_description":"La guerre civile en Syrie dure depuis plus de 13 ans. Maintenant, les choses vont extr\u00eamement vite. Les rebelles ont lanc\u00e9 leur offensive il y","og_url":"https:\/\/vieassociative.be\/actualites\/syrie-les-rebelles-prennent-le-pouvoir-a-damas-la-fin-de-cette-ere-sombre-assad-en-fuite\/","og_site_name":"Vie Associative","article_published_time":"2024-12-08T08:17:35+00:00","og_image":[{"width":279,"height":92,"url":"https:\/\/vieassociative.be\/actualites\/wp-content\/uploads\/2024\/09\/header_backgroundk-01-e1726694325946.png","type":"image\/png"}],"author":"Julien","twitter_card":"summary_large_image","twitter_misc":{"\u00c9crit par":"Julien","Dur\u00e9e de lecture est.":"5 minutes"},"schema":{"@context":"https:\/\/schema.org","@graph":[{"@type":"Article","@id":"https:\/\/vieassociative.be\/actualites\/syrie-les-rebelles-prennent-le-pouvoir-a-damas-la-fin-de-cette-ere-sombre-assad-en-fuite\/#article","isPartOf":{"@id":"https:\/\/vieassociative.be\/actualites\/syrie-les-rebelles-prennent-le-pouvoir-a-damas-la-fin-de-cette-ere-sombre-assad-en-fuite\/"},"author":{"name":"Julien","@id":"https:\/\/vieassociative.be\/actualites\/#\/schema\/person\/b87ac4f82f9d4e7b7cec7395b679edc4"},"headline":"Syrie : Les rebelles prennent le pouvoir \u00e0 Damas \u2013 \u00ab La fin de cette \u00e8re sombre \u00bb \u2013 Assad en fuite","datePublished":"2024-12-08T08:17:35+00:00","dateModified":"2024-12-08T08:17:35+00:00","mainEntityOfPage":{"@id":"https:\/\/vieassociative.be\/actualites\/syrie-les-rebelles-prennent-le-pouvoir-a-damas-la-fin-de-cette-ere-sombre-assad-en-fuite\/"},"wordCount":1113,"publisher":{"@id":"https:\/\/vieassociative.be\/actualites\/#organization"},"image":{"@id":"https:\/\/vieassociative.be\/actualites\/syrie-les-rebelles-prennent-le-pouvoir-a-damas-la-fin-de-cette-ere-sombre-assad-en-fuite\/#primaryimage"},"thumbnailUrl":"https:\/\/vieassociative.be\/actualites\/wp-content\/uploads\/2024\/12\/1733645855_Syrie-Les-rebelles-prennent-le-pouvoir-a-Damas-\u2013.jpg","keywords":["Assad","cette","Damas","\u00e8re","fin","fuite","Les","pouvoir","prennent","rebelles","sombre","Syrie"],"articleSection":["Belgique"],"inLanguage":"fr-BE"},{"@type":"WebPage","@id":"https:\/\/vieassociative.be\/actualites\/syrie-les-rebelles-prennent-le-pouvoir-a-damas-la-fin-de-cette-ere-sombre-assad-en-fuite\/","url":"https:\/\/vieassociative.be\/actualites\/syrie-les-rebelles-prennent-le-pouvoir-a-damas-la-fin-de-cette-ere-sombre-assad-en-fuite\/","name":"Syrie : Les rebelles prennent le pouvoir \u00e0 Damas \u2013 \u00ab La fin de cette \u00e8re sombre \u00bb \u2013 Assad en fuite | Vie Associative","isPartOf":{"@id":"https:\/\/vieassociative.be\/actualites\/#website"},"primaryImageOfPage":{"@id":"https:\/\/vieassociative.be\/actualites\/syrie-les-rebelles-prennent-le-pouvoir-a-damas-la-fin-de-cette-ere-sombre-assad-en-fuite\/#primaryimage"},"image":{"@id":"https:\/\/vieassociative.be\/actualites\/syrie-les-rebelles-prennent-le-pouvoir-a-damas-la-fin-de-cette-ere-sombre-assad-en-fuite\/#primaryimage"},"thumbnailUrl":"https:\/\/vieassociative.be\/actualites\/wp-content\/uploads\/2024\/12\/1733645855_Syrie-Les-rebelles-prennent-le-pouvoir-a-Damas-\u2013.jpg","datePublished":"2024-12-08T08:17:35+00:00","dateModified":"2024-12-08T08:17:35+00:00","breadcrumb":{"@id":"https:\/\/vieassociative.be\/actualites\/syrie-les-rebelles-prennent-le-pouvoir-a-damas-la-fin-de-cette-ere-sombre-assad-en-fuite\/#breadcrumb"},"inLanguage":"fr-BE","potentialAction":[{"@type":"ReadAction","target":["https:\/\/vieassociative.be\/actualites\/syrie-les-rebelles-prennent-le-pouvoir-a-damas-la-fin-de-cette-ere-sombre-assad-en-fuite\/"]}]},{"@type":"ImageObject","inLanguage":"fr-BE","@id":"https:\/\/vieassociative.be\/actualites\/syrie-les-rebelles-prennent-le-pouvoir-a-damas-la-fin-de-cette-ere-sombre-assad-en-fuite\/#primaryimage","url":"https:\/\/vieassociative.be\/actualites\/wp-content\/uploads\/2024\/12\/1733645855_Syrie-Les-rebelles-prennent-le-pouvoir-a-Damas-\u2013.jpg","contentUrl":"https:\/\/vieassociative.be\/actualites\/wp-content\/uploads\/2024\/12\/1733645855_Syrie-Les-rebelles-prennent-le-pouvoir-a-Damas-\u2013.jpg","width":1200,"height":800,"caption":"Syrie : Les rebelles prennent le pouvoir \u00e0 Damas \u2013 \u00ab La fin de cette \u00e8re sombre \u00bb \u2013 Assad en fuite"},{"@type":"BreadcrumbList","@id":"https:\/\/vieassociative.be\/actualites\/syrie-les-rebelles-prennent-le-pouvoir-a-damas-la-fin-de-cette-ere-sombre-assad-en-fuite\/#breadcrumb","itemListElement":[{"@type":"ListItem","position":1,"name":"Accueil","item":"https:\/\/vieassociative.be\/actualites\/"},{"@type":"ListItem","position":2,"name":"Syrie : Les rebelles prennent le pouvoir \u00e0 Damas \u2013 \u00ab La fin de cette \u00e8re sombre \u00bb \u2013 Assad en fuite"}]},{"@type":"WebSite","@id":"https:\/\/vieassociative.be\/actualites\/#website","url":"https:\/\/vieassociative.be\/actualites\/","name":"Vie Associative","description":"","publisher":{"@id":"https:\/\/vieassociative.be\/actualites\/#organization"},"potentialAction":[{"@type":"SearchAction","target":{"@type":"EntryPoint","urlTemplate":"https:\/\/vieassociative.be\/actualites\/?s={search_term_string}"},"query-input":{"@type":"PropertyValueSpecification","valueRequired":true,"valueName":"search_term_string"}}],"inLanguage":"fr-BE"},{"@type":"Organization","@id":"https:\/\/vieassociative.be\/actualites\/#organization","name":"Vie Associative","url":"https:\/\/vieassociative.be\/actualites\/","logo":{"@type":"ImageObject","inLanguage":"fr-BE","@id":"https:\/\/vieassociative.be\/actualites\/#\/schema\/logo\/image\/","url":"https:\/\/vieassociative.be\/actualites\/wp-content\/uploads\/2024\/09\/cropped-vieassociative_favicon.ico.png","contentUrl":"https:\/\/vieassociative.be\/actualites\/wp-content\/uploads\/2024\/09\/cropped-vieassociative_favicon.ico.png","width":512,"height":512,"caption":"Vie Associative"},"image":{"@id":"https:\/\/vieassociative.be\/actualites\/#\/schema\/logo\/image\/"}},{"@type":"Person","@id":"https:\/\/vieassociative.be\/actualites\/#\/schema\/person\/b87ac4f82f9d4e7b7cec7395b679edc4","name":"Julien","image":{"@type":"ImageObject","inLanguage":"fr-BE","@id":"https:\/\/vieassociative.be\/actualites\/#\/schema\/person\/image\/","url":"https:\/\/vieassociative.be\/actualites\/wp-content\/uploads\/2024\/09\/vie-associative-1-150x150.jpg","contentUrl":"https:\/\/vieassociative.be\/actualites\/wp-content\/uploads\/2024\/09\/vie-associative-1-150x150.jpg","caption":"Julien"},"description":"Je suis Julien, r\u00e9dacteur pour Vie Associative. Passionn\u00e9 par le monde associatif depuis plus de 10 ans, j'ai \u00e0 c\u0153ur de partager des histoires inspirantes et de mettre en lumi\u00e8re les initiatives locales. Mon objectif est de sensibiliser et d'encourager l'engagement communautaire \u00e0 travers mes articles.","sameAs":["https:\/\/vieassociative.be\/"]}]}},"_links":{"self":[{"href":"https:\/\/vieassociative.be\/actualites\/wp-json\/wp\/v2\/posts\/3179"}],"collection":[{"href":"https:\/\/vieassociative.be\/actualites\/wp-json\/wp\/v2\/posts"}],"about":[{"href":"https:\/\/vieassociative.be\/actualites\/wp-json\/wp\/v2\/types\/post"}],"author":[{"embeddable":true,"href":"https:\/\/vieassociative.be\/actualites\/wp-json\/wp\/v2\/users\/1"}],"replies":[{"embeddable":true,"href":"https:\/\/vieassociative.be\/actualites\/wp-json\/wp\/v2\/comments?post=3179"}],"version-history":[{"count":0,"href":"https:\/\/vieassociative.be\/actualites\/wp-json\/wp\/v2\/posts\/3179\/revisions"}],"wp:featuredmedia":[{"embeddable":true,"href":"https:\/\/vieassociative.be\/actualites\/wp-json\/wp\/v2\/media\/3180"}],"wp:attachment":[{"href":"https:\/\/vieassociative.be\/actualites\/wp-json\/wp\/v2\/media?parent=3179"}],"wp:term":[{"taxonomy":"category","embeddable":true,"href":"https:\/\/vieassociative.be\/actualites\/wp-json\/wp\/v2\/categories?post=3179"},{"taxonomy":"post_tag","embeddable":true,"href":"https:\/\/vieassociative.be\/actualites\/wp-json\/wp\/v2\/tags?post=3179"}],"curies":[{"name":"wp","href":"https:\/\/api.w.org\/{rel}","templated":true}]}}