{"id":3177,"date":"2024-12-08T08:20:40","date_gmt":"2024-12-08T07:20:40","guid":{"rendered":"https:\/\/vieassociative.be\/actualites\/vous-pouvez-empecher-google-de-personnaliser-vos-resultats-de-recherche\/"},"modified":"2024-12-08T08:20:40","modified_gmt":"2024-12-08T07:20:40","slug":"vous-pouvez-empecher-google-de-personnaliser-vos-resultats-de-recherche","status":"publish","type":"post","link":"https:\/\/vieassociative.be\/actualites\/vous-pouvez-empecher-google-de-personnaliser-vos-resultats-de-recherche\/","title":{"rendered":"Vous pouvez emp\u00eacher Google de personnaliser vos r\u00e9sultats de recherche"},"content":{"rendered":"<div class=\"mt-4 leading-6 md:mb-8\">La meilleure fa\u00e7on d\u2019\u00e9chapper \u00e0 la bulle du filtre.<\/div>\n<p><\/p>\n<p>Google a d\u00e9j\u00e0 \u00e9t\u00e9 critiqu\u00e9 pour avoir plac\u00e9 vos r\u00e9sultats de recherche dans une \u00ab bulle de filtre \u00bb. En effet, Google utilise les donn\u00e9es de chacune de vos recherches pour cr\u00e9er un profil sur vous et adapte tous les futurs r\u00e9sultats de recherche en cons\u00e9quence. Au fil du temps, vous finissez par voir le type de r\u00e9sultats que vous aimez, mais cela signifie que vous risquez parfois de manquer des r\u00e9sultats utiles en dehors de votre coin Internet habituel. Google propose d\u00e9sormais une nouvelle option permettant de d\u00e9sactiver plus facilement les r\u00e9sultats de recherche personnalis\u00e9s, ce qui pourrait \u00eatre un moyen d&rsquo;\u00e9chapper \u00e0 la bulle.<\/p>\n<h2 id=\"how-to-turn-off-personalized-google-search-results\">Comment d\u00e9sactiver les r\u00e9sultats de recherche Google personnalis\u00e9s<\/h2>\n<p>La d\u00e9sactivation des r\u00e9sultats de recherche personnalis\u00e9s est assez simple sur le papier et existe en r\u00e9alit\u00e9 depuis des d\u00e9cennies, mais il peut \u00eatre difficile de faire appara\u00eetre la nouvelle bascule pour vous. Essayez de rechercher quelque chose sur Google et de faire d\u00e9filer vers le bas de la page de r\u00e9sultats. Sous le logo \u00ab Gooooooooooogle \u00bb et les num\u00e9ros de page, vous verrez peut-\u00eatre une petite ligne de texte indiquant \u00ab Les r\u00e9sultats sont personnalis\u00e9s \u00bb. Cliquez sur le <strong>Essayez sans personnalisation<\/strong> bouton juste \u00e0 c\u00f4t\u00e9. Cela d\u00e9sactivera les r\u00e9sultats de recherche personnalis\u00e9s dans la recherche Google. <\/p>\n<p>La fonctionnalit\u00e9 a \u00e9t\u00e9 rep\u00e9r\u00e9e pour la premi\u00e8re fois par Search Engine Roundtable, m\u00eame si on ne sait pas pourquoi elle n&rsquo;appara\u00eet pas toujours.<\/p>\n<p>Si vous ne voyez pas la nouvelle bascule, le site Web a \u00e9galement soulign\u00e9 que vous pouvez toujours ajouter <strong>&#038;code=0<\/strong> \u00e0 la fin de toute URL de recherche Google pour supprimer la personnalisation, une technique signal\u00e9e d\u00e8s 2007. Vous pouvez \u00e9galement ouvrir les param\u00e8tres de votre compte Google et acc\u00e9der au <strong>Donn\u00e9es et confidentialit\u00e9<\/strong> languette. Ensuite, d\u00e9cochez la bascule sous <strong>Personnalisation de la recherche<\/strong>. Cliquez ici pour acc\u00e9der directement \u00e0 la page dont vous avez besoin.<\/p>\n<p>Pour confirmer si vos r\u00e9sultats ne sont plus personnalis\u00e9s, essayez une autre recherche et faites d\u00e9filer \u00e0 nouveau vers le bas. Le texte \u00ab Les r\u00e9sultats sont personnalis\u00e9s \u00bb aurait d\u00fb \u00eatre remplac\u00e9 par \u00ab Les r\u00e9sultats ne sont pas personnalis\u00e9s \u00bb. Vous devrez d\u00e9sactiver la personnalisation s\u00e9par\u00e9ment sur chaque appareil ou navigateur que vous utilisez pour la recherche Google. <\/p>\n<div class=\"eloquent-imagery-image\">\n<div class=\"flex justify-center\">\n                    <img decoding=\"async\" class=\"border border-gray-100\" src=\"https:\/\/vieassociative.be\/actualites\/wp-content\/uploads\/2024\/12\/Vous-pouvez-empecher-Google-de-personnaliser-vos-resultats-de-recherche.jpg\" alt=\"Une page de r\u00e9sultats de recherche Google dans Safari sur Mac, avec les r\u00e9sultats pour le terme, \" pranay parab lifehacker displayed. an arrow points to are not personalized. width=\"2000\" height=\"1500\" loading=\"lazy\"  >\n            <\/div>\n<\/p><\/div>\n<p>J&rsquo;ai essay\u00e9 cela dans plusieurs navigateurs diff\u00e9rents et dans la plupart des cas, j&rsquo;ai constat\u00e9 que les r\u00e9sultats n&rsquo;\u00e9taient pas personnalis\u00e9s par d\u00e9faut. C&rsquo;est probablement parce que je rejette activement \u00e0 chaque fois les banni\u00e8res de cookies ennuyeuses de Google, ou parce que j&rsquo;ai modifi\u00e9 sans le savoir l&rsquo;un des nombreux param\u00e8tres du site. Lorsque je suis revenu et que j&rsquo;ai accept\u00e9 une fen\u00eatre contextuelle de cookie, j&rsquo;ai finalement vu l&rsquo;option permettant d&rsquo;arr\u00eater la personnalisation. <\/p>\n<p>Bien que cette fonctionnalit\u00e9 soit int\u00e9ressante, sachez que vous ne pouvez pas vraiment \u00e9chapper \u00e0 la bulle de filtre de Google si c&rsquo;est le seul moteur de recherche que vous utilisez, car le site prend encore de nombreuses d\u00e9cisions en coulisses sur les \u00e9l\u00e9ments \u00e0 pr\u00e9senter. Il existe de nombreuses autres alternatives int\u00e9ressantes \u00e0 Google, notamment le moteur de recherche payant Kagi, qui vous permettent d&rsquo;\u00e9chapper \u00e0 la bulle. <\/p>\n","protected":false},"excerpt":{"rendered":"<p>La meilleure fa\u00e7on d\u2019\u00e9chapper \u00e0 la bulle du filtre. Google a d\u00e9j\u00e0 \u00e9t\u00e9 critiqu\u00e9 pour avoir plac\u00e9 vos r\u00e9sultats de recherche dans une \u00ab bulle<\/p>\n","protected":false},"author":1,"featured_media":3178,"comment_status":"","ping_status":"","sticky":false,"template":"","format":"standard","meta":{"footnotes":""},"categories":[13],"tags":[1889,968,281,5,718,3856,27,4],"class_list":["post-3177","post","type-post","status-publish","format-standard","has-post-thumbnail","hentry","category-technologie","tag-empecher","tag-google","tag-personnaliser","tag-pouvez","tag-recherche","tag-resultats","tag-vos","tag-vous","generate-columns","tablet-grid-50","mobile-grid-100","grid-parent","grid-33"],"yoast_head":"<!-- This site is optimized with the Yoast SEO plugin v24.0 - https:\/\/yoast.com\/wordpress\/plugins\/seo\/ -->\n<title>Vous pouvez emp\u00eacher Google de personnaliser vos r\u00e9sultats de recherche | Vie Associative<\/title>\n<meta name=\"robots\" content=\"index, follow, max-snippet:-1, max-image-preview:large, max-video-preview:-1\" \/>\n<link rel=\"canonical\" href=\"https:\/\/vieassociative.be\/actualites\/vous-pouvez-empecher-google-de-personnaliser-vos-resultats-de-recherche\/\" \/>\n<meta property=\"og:locale\" content=\"fr_FR\" \/>\n<meta property=\"og:type\" content=\"article\" \/>\n<meta property=\"og:title\" content=\"Vous pouvez emp\u00eacher Google de personnaliser vos r\u00e9sultats de recherche | Vie Associative\" \/>\n<meta property=\"og:description\" content=\"La meilleure fa\u00e7on d\u2019\u00e9chapper \u00e0 la bulle du filtre. Google a d\u00e9j\u00e0 \u00e9t\u00e9 critiqu\u00e9 pour avoir plac\u00e9 vos r\u00e9sultats de recherche dans une \u00ab bulle\" \/>\n<meta property=\"og:url\" content=\"https:\/\/vieassociative.be\/actualites\/vous-pouvez-empecher-google-de-personnaliser-vos-resultats-de-recherche\/\" \/>\n<meta property=\"og:site_name\" content=\"Vie Associative\" \/>\n<meta property=\"article:published_time\" content=\"2024-12-08T07:20:40+00:00\" \/>\n<meta property=\"og:image\" content=\"https:\/\/vieassociative.be\/actualites\/wp-content\/uploads\/2024\/12\/Vous-pouvez-empecher-Google-de-personnaliser-vos-resultats-de-recherche.jpg\" \/>\n<meta name=\"author\" content=\"Julien\" \/>\n<meta name=\"twitter:card\" content=\"summary_large_image\" \/>\n<meta name=\"twitter:label1\" content=\"\u00c9crit par\" \/>\n\t<meta name=\"twitter:data1\" content=\"Julien\" \/>\n\t<meta name=\"twitter:label2\" content=\"Dur\u00e9e de lecture est.\" \/>\n\t<meta name=\"twitter:data2\" content=\"3 minutes\" \/>\n<script type=\"application\/ld+json\" class=\"yoast-schema-graph\">{\"@context\":\"https:\/\/schema.org\",\"@graph\":[{\"@type\":\"Article\",\"@id\":\"https:\/\/vieassociative.be\/actualites\/vous-pouvez-empecher-google-de-personnaliser-vos-resultats-de-recherche\/#article\",\"isPartOf\":{\"@id\":\"https:\/\/vieassociative.be\/actualites\/vous-pouvez-empecher-google-de-personnaliser-vos-resultats-de-recherche\/\"},\"author\":{\"name\":\"Julien\",\"@id\":\"https:\/\/vieassociative.be\/actualites\/#\/schema\/person\/b87ac4f82f9d4e7b7cec7395b679edc4\"},\"headline\":\"Vous pouvez emp\u00eacher Google de personnaliser vos r\u00e9sultats de recherche\",\"datePublished\":\"2024-12-08T07:20:40+00:00\",\"dateModified\":\"2024-12-08T07:20:40+00:00\",\"mainEntityOfPage\":{\"@id\":\"https:\/\/vieassociative.be\/actualites\/vous-pouvez-empecher-google-de-personnaliser-vos-resultats-de-recherche\/\"},\"wordCount\":598,\"publisher\":{\"@id\":\"https:\/\/vieassociative.be\/actualites\/#organization\"},\"image\":{\"@id\":\"https:\/\/vieassociative.be\/actualites\/vous-pouvez-empecher-google-de-personnaliser-vos-resultats-de-recherche\/#primaryimage\"},\"thumbnailUrl\":\"https:\/\/vieassociative.be\/actualites\/wp-content\/uploads\/2024\/12\/Vous-pouvez-empecher-Google-de-personnaliser-vos-resultats-de-recherche.png\",\"keywords\":[\"emp\u00eacher\",\"Google\",\"personnaliser\",\"pouvez\",\"recherche\",\"r\u00e9sultats\",\"vos\",\"Vous\"],\"articleSection\":[\"Technologie\"],\"inLanguage\":\"fr-BE\"},{\"@type\":\"WebPage\",\"@id\":\"https:\/\/vieassociative.be\/actualites\/vous-pouvez-empecher-google-de-personnaliser-vos-resultats-de-recherche\/\",\"url\":\"https:\/\/vieassociative.be\/actualites\/vous-pouvez-empecher-google-de-personnaliser-vos-resultats-de-recherche\/\",\"name\":\"Vous pouvez emp\u00eacher Google de personnaliser vos r\u00e9sultats de recherche | Vie Associative\",\"isPartOf\":{\"@id\":\"https:\/\/vieassociative.be\/actualites\/#website\"},\"primaryImageOfPage\":{\"@id\":\"https:\/\/vieassociative.be\/actualites\/vous-pouvez-empecher-google-de-personnaliser-vos-resultats-de-recherche\/#primaryimage\"},\"image\":{\"@id\":\"https:\/\/vieassociative.be\/actualites\/vous-pouvez-empecher-google-de-personnaliser-vos-resultats-de-recherche\/#primaryimage\"},\"thumbnailUrl\":\"https:\/\/vieassociative.be\/actualites\/wp-content\/uploads\/2024\/12\/Vous-pouvez-empecher-Google-de-personnaliser-vos-resultats-de-recherche.png\",\"datePublished\":\"2024-12-08T07:20:40+00:00\",\"dateModified\":\"2024-12-08T07:20:40+00:00\",\"breadcrumb\":{\"@id\":\"https:\/\/vieassociative.be\/actualites\/vous-pouvez-empecher-google-de-personnaliser-vos-resultats-de-recherche\/#breadcrumb\"},\"inLanguage\":\"fr-BE\",\"potentialAction\":[{\"@type\":\"ReadAction\",\"target\":[\"https:\/\/vieassociative.be\/actualites\/vous-pouvez-empecher-google-de-personnaliser-vos-resultats-de-recherche\/\"]}]},{\"@type\":\"ImageObject\",\"inLanguage\":\"fr-BE\",\"@id\":\"https:\/\/vieassociative.be\/actualites\/vous-pouvez-empecher-google-de-personnaliser-vos-resultats-de-recherche\/#primaryimage\",\"url\":\"https:\/\/vieassociative.be\/actualites\/wp-content\/uploads\/2024\/12\/Vous-pouvez-empecher-Google-de-personnaliser-vos-resultats-de-recherche.png\",\"contentUrl\":\"https:\/\/vieassociative.be\/actualites\/wp-content\/uploads\/2024\/12\/Vous-pouvez-empecher-Google-de-personnaliser-vos-resultats-de-recherche.png\",\"width\":1200,\"height\":675,\"caption\":\"Vous pouvez emp\u00eacher Google de personnaliser vos r\u00e9sultats de recherche\"},{\"@type\":\"BreadcrumbList\",\"@id\":\"https:\/\/vieassociative.be\/actualites\/vous-pouvez-empecher-google-de-personnaliser-vos-resultats-de-recherche\/#breadcrumb\",\"itemListElement\":[{\"@type\":\"ListItem\",\"position\":1,\"name\":\"Accueil\",\"item\":\"https:\/\/vieassociative.be\/actualites\/\"},{\"@type\":\"ListItem\",\"position\":2,\"name\":\"Vous pouvez emp\u00eacher Google de personnaliser vos r\u00e9sultats de recherche\"}]},{\"@type\":\"WebSite\",\"@id\":\"https:\/\/vieassociative.be\/actualites\/#website\",\"url\":\"https:\/\/vieassociative.be\/actualites\/\",\"name\":\"Vie Associative\",\"description\":\"\",\"publisher\":{\"@id\":\"https:\/\/vieassociative.be\/actualites\/#organization\"},\"potentialAction\":[{\"@type\":\"SearchAction\",\"target\":{\"@type\":\"EntryPoint\",\"urlTemplate\":\"https:\/\/vieassociative.be\/actualites\/?s={search_term_string}\"},\"query-input\":{\"@type\":\"PropertyValueSpecification\",\"valueRequired\":true,\"valueName\":\"search_term_string\"}}],\"inLanguage\":\"fr-BE\"},{\"@type\":\"Organization\",\"@id\":\"https:\/\/vieassociative.be\/actualites\/#organization\",\"name\":\"Vie Associative\",\"url\":\"https:\/\/vieassociative.be\/actualites\/\",\"logo\":{\"@type\":\"ImageObject\",\"inLanguage\":\"fr-BE\",\"@id\":\"https:\/\/vieassociative.be\/actualites\/#\/schema\/logo\/image\/\",\"url\":\"https:\/\/vieassociative.be\/actualites\/wp-content\/uploads\/2024\/09\/cropped-vieassociative_favicon.ico.png\",\"contentUrl\":\"https:\/\/vieassociative.be\/actualites\/wp-content\/uploads\/2024\/09\/cropped-vieassociative_favicon.ico.png\",\"width\":512,\"height\":512,\"caption\":\"Vie Associative\"},\"image\":{\"@id\":\"https:\/\/vieassociative.be\/actualites\/#\/schema\/logo\/image\/\"}},{\"@type\":\"Person\",\"@id\":\"https:\/\/vieassociative.be\/actualites\/#\/schema\/person\/b87ac4f82f9d4e7b7cec7395b679edc4\",\"name\":\"Julien\",\"image\":{\"@type\":\"ImageObject\",\"inLanguage\":\"fr-BE\",\"@id\":\"https:\/\/vieassociative.be\/actualites\/#\/schema\/person\/image\/\",\"url\":\"https:\/\/vieassociative.be\/actualites\/wp-content\/uploads\/2024\/09\/vie-associative-1-150x150.jpg\",\"contentUrl\":\"https:\/\/vieassociative.be\/actualites\/wp-content\/uploads\/2024\/09\/vie-associative-1-150x150.jpg\",\"caption\":\"Julien\"},\"description\":\"Je suis Julien, r\u00e9dacteur pour Vie Associative. Passionn\u00e9 par le monde associatif depuis plus de 10 ans, j'ai \u00e0 c\u0153ur de partager des histoires inspirantes et de mettre en lumi\u00e8re les initiatives locales. Mon objectif est de sensibiliser et d'encourager l'engagement communautaire \u00e0 travers mes articles.\",\"sameAs\":[\"https:\/\/vieassociative.be\/\"]}]}<\/script>\n<!-- \/ Yoast SEO plugin. -->","yoast_head_json":{"title":"Vous pouvez emp\u00eacher Google de personnaliser vos r\u00e9sultats de recherche | Vie Associative","robots":{"index":"index","follow":"follow","max-snippet":"max-snippet:-1","max-image-preview":"max-image-preview:large","max-video-preview":"max-video-preview:-1"},"canonical":"https:\/\/vieassociative.be\/actualites\/vous-pouvez-empecher-google-de-personnaliser-vos-resultats-de-recherche\/","og_locale":"fr_FR","og_type":"article","og_title":"Vous pouvez emp\u00eacher Google de personnaliser vos r\u00e9sultats de recherche | Vie Associative","og_description":"La meilleure fa\u00e7on d\u2019\u00e9chapper \u00e0 la bulle du filtre. Google a d\u00e9j\u00e0 \u00e9t\u00e9 critiqu\u00e9 pour avoir plac\u00e9 vos r\u00e9sultats de recherche dans une \u00ab bulle","og_url":"https:\/\/vieassociative.be\/actualites\/vous-pouvez-empecher-google-de-personnaliser-vos-resultats-de-recherche\/","og_site_name":"Vie Associative","article_published_time":"2024-12-08T07:20:40+00:00","og_image":[{"url":"https:\/\/vieassociative.be\/actualites\/wp-content\/uploads\/2024\/12\/Vous-pouvez-empecher-Google-de-personnaliser-vos-resultats-de-recherche.jpg","type":"","width":"","height":""}],"author":"Julien","twitter_card":"summary_large_image","twitter_misc":{"\u00c9crit par":"Julien","Dur\u00e9e de lecture est.":"3 minutes"},"schema":{"@context":"https:\/\/schema.org","@graph":[{"@type":"Article","@id":"https:\/\/vieassociative.be\/actualites\/vous-pouvez-empecher-google-de-personnaliser-vos-resultats-de-recherche\/#article","isPartOf":{"@id":"https:\/\/vieassociative.be\/actualites\/vous-pouvez-empecher-google-de-personnaliser-vos-resultats-de-recherche\/"},"author":{"name":"Julien","@id":"https:\/\/vieassociative.be\/actualites\/#\/schema\/person\/b87ac4f82f9d4e7b7cec7395b679edc4"},"headline":"Vous pouvez emp\u00eacher Google de personnaliser vos r\u00e9sultats de recherche","datePublished":"2024-12-08T07:20:40+00:00","dateModified":"2024-12-08T07:20:40+00:00","mainEntityOfPage":{"@id":"https:\/\/vieassociative.be\/actualites\/vous-pouvez-empecher-google-de-personnaliser-vos-resultats-de-recherche\/"},"wordCount":598,"publisher":{"@id":"https:\/\/vieassociative.be\/actualites\/#organization"},"image":{"@id":"https:\/\/vieassociative.be\/actualites\/vous-pouvez-empecher-google-de-personnaliser-vos-resultats-de-recherche\/#primaryimage"},"thumbnailUrl":"https:\/\/vieassociative.be\/actualites\/wp-content\/uploads\/2024\/12\/Vous-pouvez-empecher-Google-de-personnaliser-vos-resultats-de-recherche.png","keywords":["emp\u00eacher","Google","personnaliser","pouvez","recherche","r\u00e9sultats","vos","Vous"],"articleSection":["Technologie"],"inLanguage":"fr-BE"},{"@type":"WebPage","@id":"https:\/\/vieassociative.be\/actualites\/vous-pouvez-empecher-google-de-personnaliser-vos-resultats-de-recherche\/","url":"https:\/\/vieassociative.be\/actualites\/vous-pouvez-empecher-google-de-personnaliser-vos-resultats-de-recherche\/","name":"Vous pouvez emp\u00eacher Google de personnaliser vos r\u00e9sultats de recherche | Vie Associative","isPartOf":{"@id":"https:\/\/vieassociative.be\/actualites\/#website"},"primaryImageOfPage":{"@id":"https:\/\/vieassociative.be\/actualites\/vous-pouvez-empecher-google-de-personnaliser-vos-resultats-de-recherche\/#primaryimage"},"image":{"@id":"https:\/\/vieassociative.be\/actualites\/vous-pouvez-empecher-google-de-personnaliser-vos-resultats-de-recherche\/#primaryimage"},"thumbnailUrl":"https:\/\/vieassociative.be\/actualites\/wp-content\/uploads\/2024\/12\/Vous-pouvez-empecher-Google-de-personnaliser-vos-resultats-de-recherche.png","datePublished":"2024-12-08T07:20:40+00:00","dateModified":"2024-12-08T07:20:40+00:00","breadcrumb":{"@id":"https:\/\/vieassociative.be\/actualites\/vous-pouvez-empecher-google-de-personnaliser-vos-resultats-de-recherche\/#breadcrumb"},"inLanguage":"fr-BE","potentialAction":[{"@type":"ReadAction","target":["https:\/\/vieassociative.be\/actualites\/vous-pouvez-empecher-google-de-personnaliser-vos-resultats-de-recherche\/"]}]},{"@type":"ImageObject","inLanguage":"fr-BE","@id":"https:\/\/vieassociative.be\/actualites\/vous-pouvez-empecher-google-de-personnaliser-vos-resultats-de-recherche\/#primaryimage","url":"https:\/\/vieassociative.be\/actualites\/wp-content\/uploads\/2024\/12\/Vous-pouvez-empecher-Google-de-personnaliser-vos-resultats-de-recherche.png","contentUrl":"https:\/\/vieassociative.be\/actualites\/wp-content\/uploads\/2024\/12\/Vous-pouvez-empecher-Google-de-personnaliser-vos-resultats-de-recherche.png","width":1200,"height":675,"caption":"Vous pouvez emp\u00eacher Google de personnaliser vos r\u00e9sultats de recherche"},{"@type":"BreadcrumbList","@id":"https:\/\/vieassociative.be\/actualites\/vous-pouvez-empecher-google-de-personnaliser-vos-resultats-de-recherche\/#breadcrumb","itemListElement":[{"@type":"ListItem","position":1,"name":"Accueil","item":"https:\/\/vieassociative.be\/actualites\/"},{"@type":"ListItem","position":2,"name":"Vous pouvez emp\u00eacher Google de personnaliser vos r\u00e9sultats de recherche"}]},{"@type":"WebSite","@id":"https:\/\/vieassociative.be\/actualites\/#website","url":"https:\/\/vieassociative.be\/actualites\/","name":"Vie Associative","description":"","publisher":{"@id":"https:\/\/vieassociative.be\/actualites\/#organization"},"potentialAction":[{"@type":"SearchAction","target":{"@type":"EntryPoint","urlTemplate":"https:\/\/vieassociative.be\/actualites\/?s={search_term_string}"},"query-input":{"@type":"PropertyValueSpecification","valueRequired":true,"valueName":"search_term_string"}}],"inLanguage":"fr-BE"},{"@type":"Organization","@id":"https:\/\/vieassociative.be\/actualites\/#organization","name":"Vie Associative","url":"https:\/\/vieassociative.be\/actualites\/","logo":{"@type":"ImageObject","inLanguage":"fr-BE","@id":"https:\/\/vieassociative.be\/actualites\/#\/schema\/logo\/image\/","url":"https:\/\/vieassociative.be\/actualites\/wp-content\/uploads\/2024\/09\/cropped-vieassociative_favicon.ico.png","contentUrl":"https:\/\/vieassociative.be\/actualites\/wp-content\/uploads\/2024\/09\/cropped-vieassociative_favicon.ico.png","width":512,"height":512,"caption":"Vie Associative"},"image":{"@id":"https:\/\/vieassociative.be\/actualites\/#\/schema\/logo\/image\/"}},{"@type":"Person","@id":"https:\/\/vieassociative.be\/actualites\/#\/schema\/person\/b87ac4f82f9d4e7b7cec7395b679edc4","name":"Julien","image":{"@type":"ImageObject","inLanguage":"fr-BE","@id":"https:\/\/vieassociative.be\/actualites\/#\/schema\/person\/image\/","url":"https:\/\/vieassociative.be\/actualites\/wp-content\/uploads\/2024\/09\/vie-associative-1-150x150.jpg","contentUrl":"https:\/\/vieassociative.be\/actualites\/wp-content\/uploads\/2024\/09\/vie-associative-1-150x150.jpg","caption":"Julien"},"description":"Je suis Julien, r\u00e9dacteur pour Vie Associative. Passionn\u00e9 par le monde associatif depuis plus de 10 ans, j'ai \u00e0 c\u0153ur de partager des histoires inspirantes et de mettre en lumi\u00e8re les initiatives locales. Mon objectif est de sensibiliser et d'encourager l'engagement communautaire \u00e0 travers mes articles.","sameAs":["https:\/\/vieassociative.be\/"]}]}},"_links":{"self":[{"href":"https:\/\/vieassociative.be\/actualites\/wp-json\/wp\/v2\/posts\/3177"}],"collection":[{"href":"https:\/\/vieassociative.be\/actualites\/wp-json\/wp\/v2\/posts"}],"about":[{"href":"https:\/\/vieassociative.be\/actualites\/wp-json\/wp\/v2\/types\/post"}],"author":[{"embeddable":true,"href":"https:\/\/vieassociative.be\/actualites\/wp-json\/wp\/v2\/users\/1"}],"replies":[{"embeddable":true,"href":"https:\/\/vieassociative.be\/actualites\/wp-json\/wp\/v2\/comments?post=3177"}],"version-history":[{"count":0,"href":"https:\/\/vieassociative.be\/actualites\/wp-json\/wp\/v2\/posts\/3177\/revisions"}],"wp:featuredmedia":[{"embeddable":true,"href":"https:\/\/vieassociative.be\/actualites\/wp-json\/wp\/v2\/media\/3178"}],"wp:attachment":[{"href":"https:\/\/vieassociative.be\/actualites\/wp-json\/wp\/v2\/media?parent=3177"}],"wp:term":[{"taxonomy":"category","embeddable":true,"href":"https:\/\/vieassociative.be\/actualites\/wp-json\/wp\/v2\/categories?post=3177"},{"taxonomy":"post_tag","embeddable":true,"href":"https:\/\/vieassociative.be\/actualites\/wp-json\/wp\/v2\/tags?post=3177"}],"curies":[{"name":"wp","href":"https:\/\/api.w.org\/{rel}","templated":true}]}}