{"id":3168,"date":"2024-12-08T01:19:09","date_gmt":"2024-12-08T00:19:09","guid":{"rendered":"https:\/\/vieassociative.be\/actualites\/demander-de-laide-a-lia-avec-elf-sur-letagere-etait-une-erreur\/"},"modified":"2024-12-08T01:19:09","modified_gmt":"2024-12-08T00:19:09","slug":"demander-de-laide-a-lia-avec-elf-sur-letagere-etait-une-erreur","status":"publish","type":"post","link":"https:\/\/vieassociative.be\/actualites\/demander-de-laide-a-lia-avec-elf-sur-letagere-etait-une-erreur\/","title":{"rendered":"Demander de l&rsquo;aide \u00e0 l&rsquo;IA avec Elf sur l&rsquo;\u00e9tag\u00e8re \u00e9tait une erreur"},"content":{"rendered":"<div class=\"mt-4 leading-6 md:mb-8\">J&rsquo;ai demand\u00e9 \u00e0 ChatGPT et Claude et j&rsquo;ai eu des id\u00e9es hilarantes et peu pratiques.<\/div>\n<p><\/p>\n<p>Je n&rsquo;ai jamais voulu un elfe sur l&rsquo;\u00e9tag\u00e8re. Mais l\u2019ann\u00e9e derni\u00e8re, juste au moment o\u00f9 je pensais que nous sortions des ann\u00e9es o\u00f9 l\u2019on croyait au P\u00e8re No\u00ebl, ma fille a \u00e9conomis\u00e9 son argent et m\u2019a demand\u00e9 de la conduire \u00e0 Target pour acheter un elfe. Alors maintenant, je dois mettre cette chose dans une nouvelle position mignonne et cr\u00e9ative chaque soir. Nous sommes le 4 d\u00e9cembre et je suis d\u00e9j\u00e0 \u00e0 court d&rsquo;id\u00e9es. <\/p>\n<div class=\"pogoClear mb-12 mt-10 rounded-md border-2 border-gray-100 py-7 shadow-xl md:py-6\">\n<div class=\"flex flex-wrap justify-between px-7 text-black no-underline md:flex-nowrap md:px-8\">\n<div class=\"order-1 mx-auto flex flex-col justify-center md:order-2 md:ml-4 md:w-full md:grow\">\n<div class=\"block cursor-pointer text-center font-akshar text-2xl font-medium leading-7 text-brand-green duration-200 ease-in-out hover:text-brand-green-700 md:text-left md:text-xl md:leading-6\">L&rsquo;elfe sur l&rsquo;\u00e9tag\u00e8re : une tradition de No\u00ebl \u2013 Elfe \u00e9claireuse aux yeux marron \u2013 Comprend un livre d&rsquo;histoires artistiquement illustr\u00e9, une bo\u00eete souvenir et un certificat d&rsquo;adoption officiel.\n                <\/div>\n<div class=\"mt-4 hidden md:flex md:justify-between\">\n<div class=\"self-end\">\n<div class=\"mb-0 h-11 md:flex md:flex-col md:justify-center\">\n<div class=\" font-sans leading-4 text-black\">\n<div class=\"flex flex-wrap items-center justify-center gap-x-1 md:justify-start\">\n        <span class=\"font-bold\"><\/p>\n<p>            32,73\u00a0$<br \/>\n                            <span class=\"font-medium\">chez Amazon<\/span><br \/>\n                    <\/span><br \/>\n                    <img decoding=\"async\" class=\"mt-0 h-(15px)\" src=\"https:\/\/vieassociative.be\/actualites\/wp-content\/uploads\/2024\/12\/Demander-de-laide-a-lIA-avec-Elf-sur-letagere-etait.svg.svg+xml\" title=\"Amazon Premier\" alt=\"Amazon Premier\">\n            <\/div>\n<\/p><\/div>\n<\/p><\/div>\n<\/p><\/div>\n<div class=\"w-44 self-end\">\n                            <button class=\"flex justify-center items-center w-full bg-brand-green text-white text-base font-sans font-medium rounded-md hover:bg-brand-green-700 hover:cursor-pointer md:text-sm h-11\"><\/p>\n<p>    Obtenez une offre<br \/>\n<\/button>\n                        <\/div>\n<\/p><\/div>\n<\/p><\/div>\n<div class=\"order-2 mt-5 h-auto w-full md:order-1 md:mt-0 md:hidden\">\n<div class=\"flex aspect-video items-center justify-center\">\n                                            <img decoding=\"async\" class=\"m-0 max-h-full max-w-full rounded-md\" src=\"https:\/\/vieassociative.be\/actualites\/wp-content\/uploads\/2024\/12\/Demander-de-laide-a-lIA-avec-Elf-sur-letagere-etait.jpg\" alt=\"L'elfe sur l'\u00e9tag\u00e8re : une tradition de No\u00ebl \u2013 Elfe \u00e9claireuse aux yeux marron \u2013 Comprend un livre d'histoires artistiquement illustr\u00e9, une bo\u00eete souvenir et un certificat d'adoption officiel.\" width=\"auto\" height=\"auto\" loading=\"lazy\">\n                                    <\/div>\n<\/p><\/div>\n<div class=\"order-2 ml-2 hidden w-32 shrink-0 items-center md:order-1 md:ml-0 md:flex\">\n<div class=\"flex aspect-video items-center justify-center\">\n                                            <img decoding=\"async\" class=\"m-0 max-h-full max-w-full rounded-md\" src=\"https:\/\/vieassociative.be\/actualites\/wp-content\/uploads\/2024\/12\/Demander-de-laide-a-lIA-avec-Elf-sur-letagere-etait.jpg\" alt=\"L'elfe sur l'\u00e9tag\u00e8re : une tradition de No\u00ebl \u2013 Elfe \u00e9claireuse aux yeux marron \u2013 Comprend un livre d'histoires artistiquement illustr\u00e9, une bo\u00eete souvenir et un certificat d'adoption officiel.\" width=\"auto\" height=\"auto\" loading=\"lazy\">\n                                    <\/div>\n<\/p><\/div>\n<div class=\"order-3 flex grow flex-wrap md:hidden md:grow-0\">\n<div class=\"mt-4 w-full\">\n                        <button class=\"flex justify-center items-center w-full bg-brand-green text-white text-base font-sans font-medium rounded-md hover:bg-brand-green-700 hover:cursor-pointer md:text-sm h-11\"><\/p>\n<p>    Obtenez une offre<br \/>\n<\/button>\n                    <\/div>\n<div class=\"mx-2 mt-4 w-full\">\n<div class=\" font-sans leading-4 text-black\">\n<div class=\"flex flex-wrap items-center justify-center gap-x-1 md:justify-start\">\n        <span class=\"font-bold\"><\/p>\n<p>            32,73\u00a0$<br \/>\n                            <span class=\"font-medium\">chez Amazon<\/span><br \/>\n                    <\/span><br \/>\n                    <img decoding=\"async\" class=\"mt-0 h-(15px)\" src=\"https:\/\/vieassociative.be\/actualites\/wp-content\/uploads\/2024\/12\/Demander-de-laide-a-lIA-avec-Elf-sur-letagere-etait.svg.svg+xml\" title=\"Amazon Premier\" alt=\"Amazon Premier\">\n            <\/div>\n<\/p><\/div>\n<\/p><\/div>\n<\/p><\/div>\n<\/p><\/div>\n<\/div>\n<p>En passant, ma fille a ignor\u00e9 mes objections selon lesquelles une cr\u00e9ature magique dot\u00e9e du libre arbitre et capable de voyager \u00e0 grande vitesse \u00e0 l&rsquo;\u00e9tranger ne devrait pas avoir besoin d&rsquo;\u00eatre achet\u00e9e et, en fait, ne peut pas \u00eatre poss\u00e9d\u00e9e de mani\u00e8re \u00e9thique. Nous avons ramen\u00e9 l&rsquo;elfe \u00e0 la maison l&rsquo;ann\u00e9e derni\u00e8re et j&rsquo;ai consciencieusement utilis\u00e9 des pinces \u00e0 salade pour le sortir de son emballage et le placer sur la chemin\u00e9e. (J&rsquo;ai essay\u00e9 de ne pas rire, mais honn\u00eatement, c&rsquo;\u00e9tait la meilleure partie.) Elle l&rsquo;a nomm\u00e9 Star. Et d\u2019une mani\u00e8re ou d\u2019une autre, nous avons travers\u00e9 la saison. <\/p>\n<p>Je me souviens que je m&rsquo;ennuyais \u00e0 le placer <em>ici<\/em>plut\u00f4t que de le placer <em>l\u00e0<\/em>. L&rsquo;elfe ne peut pas \u00eatre touch\u00e9, donc tout ce que vous le portez ou dans lequel vous le mettez ne peut pas \u00eatre utilis\u00e9 toute la journ\u00e9e. Mais nous avons travers\u00e9 la saison. Je l&rsquo;ai plac\u00e9 avec d&rsquo;autres jouets et, \u00e0 un moment donn\u00e9, j&rsquo;ai assis Star \u00e0 une table de maison de poup\u00e9e avec une figurine de Fred de Scooby Doo. Ce doit \u00eatre un rendez-vous, a d\u00e9clar\u00e9 ma fille. La veille de No\u00ebl, ils \u00e9taient mari\u00e9s. (J&rsquo;ai confectionn\u00e9 une petite robe de mari\u00e9e et un voile en tissus.)<\/p>\n<p>Mais maintenant, c&rsquo;est une autre ann\u00e9e. J&rsquo;esp\u00e9rais que ma fille oublierait l&rsquo;elfe. Elle a cat\u00e9goriquement <em>pas<\/em> oubli\u00e9 et j&rsquo;ai h\u00e2te de voir quels types d&rsquo;aventures pourraient figurer en t\u00eate de l&rsquo;histoire du mariage de l&rsquo;ann\u00e9e derni\u00e8re. Soupir. <\/p>\n<h2 id=\"surely-ai-can-help-me-right\">L\u2019IA peut s\u00fbrement m\u2019aider, n\u2019est-ce pas ?<\/h2>\n<p>L\u2019IA peut tout faire de nos jours, n\u2019est-ce pas ? Je ne ferais confiance \u00e0 aucun LLM pour obtenir des informations factuelles, mais je les ai trouv\u00e9s utiles pour le brainstorming dans le pass\u00e9. ChatGPT ou Claude pourraient s\u00fbrement me donner quelques id\u00e9es sur quoi faire avec ce foutu elfe. Apr\u00e8s tout, ils ont fait un excellent travail en aidant mon coll\u00e8gue \u00e9crivain de Vie Associative, Stephen Johnson, \u00e0 choisir un cadeau pour son fils\u00a0! (Ne cliquez pas sur ce lien si vous souhaitez continuer \u00e0 consid\u00e9rer l\u2019IA comme intelligente.)<\/p>\n<p>J&rsquo;avais vu d&rsquo;autres listes d&rsquo;id\u00e9es Elf on the Shelf qui impliquaient beaucoup de d\u00e9sordre ou de configurations capricieuses. Je comprends que les sc\u00e9narios \u00ab des elfes qui font des d\u00e9g\u00e2ts \u00bb sont probablement hilarants et repoussent les limites pour leur groupe d\u00e9mographique d&rsquo;\u00e2ge des tout-petits, mais je ne vais pas nettoyer toutes les p\u00e9pites ou les paillettes dans lesquelles l&rsquo;elfe \u00ab se met \u00bb (c&rsquo;est-\u00e0-dire que je verse tout autour d&rsquo;elle). J&rsquo;ai donc demand\u00e9 sp\u00e9cifiquement \u00e0 ChatGPT \u00ab des id\u00e9es pour Elf on the Shelf qui sont rapides et faciles et PAS D\u00c9SALISSANTES (pas de nourriture) \u00bb.<\/p>\n<h2 id=\"chatgpt-does-not-know-how-elves-work\">ChatGPT ne sait pas comment fonctionnent les elfes<\/h2>\n<p>Point en faveur de ChatGPT : il ne sugg\u00e9rait rien avec la nourriture. Cela m\u2019a donn\u00e9 20 id\u00e9es pour commencer. Ce sont ceux qui semblaient viables, m\u00eame s\u2019ils \u00e9taient ennuyeux.<\/p>\n<ul>\n<li>\n<p><strong>Elfe avec un petit jouet. <\/strong>\u00ab\u00a0Placez l&rsquo;elfe \u00e0 c\u00f4t\u00e9 d&rsquo;un petit jouet ou d&rsquo;une figurine. Vous pourriez le faire tenir le jouet ou s&rsquo;asseoir \u00e0 c\u00f4t\u00e9, comme s&rsquo;ils jouaient ensemble. (D&rsquo;un c\u00f4t\u00e9 : oui, cela r\u00e9pond aux exigences. De l&rsquo;autre : nous avons fait beaucoup de choses de ce genre, et notre elfe ne peut avoir qu&rsquo;un nombre limit\u00e9 de maris.)<\/p>\n<\/li>\n<li>\n<p><strong>Elfe faisant une sieste. <\/strong>\u00ab Couchez l&rsquo;elfe dans un endroit confortable, comme une bo\u00eete \u00e0 mouchoirs ou une moufle, avec une petite couverture faite d&rsquo;une serviette ou d&rsquo;un chiffon. Un petit oreiller ou une boule de coton peuvent compl\u00e9ter l\u2019installation. Dormir au travail ?! Mais bon, \u00e7a pourrait \u00eatre mignon.<\/p>\n<\/li>\n<li>\n<p><strong>Elfe sur une balan\u00e7oire. <\/strong>\u00ab\u00a0Utilisez un morceau de ficelle ou de fil pour cr\u00e9er une balan\u00e7oire et placez l&rsquo;elfe dessus. Vous pouvez l\u2019accrocher \u00e0 une \u00e9tag\u00e8re, un luminaire ou une chaise. Cela semble pr\u00e9caire, mais peut-\u00eatre faisable.<\/p>\n<\/li>\n<li>\n<p><strong>Elfe utilisant des meubles miniatures<\/strong> (j&rsquo;y suis all\u00e9)<\/p>\n<\/li>\n<li>\n<p><strong>Elfe en bas<\/strong> (fait \u00e7a)<\/p>\n<\/li>\n<\/ul>\n<p>Il n&rsquo;y a pas grand chose \u00e0 faire l\u00e0-bas. Il y a eu aussi plusieurs suggestions qui font r\u00e9fl\u00e9chir, comme celle-ci : \u00ab<strong>Elfe au t\u00e9l\u00e9phone<\/strong>: Placez l&rsquo;elfe \u00e0 c\u00f4t\u00e9 d&rsquo;un t\u00e9l\u00e9phone jouet, d&rsquo;un faux ordinateur portable ou m\u00eame de votre vrai t\u00e9l\u00e9phone (s&rsquo;il se trouve \u00e0 proximit\u00e9). L&rsquo;elfe pourrait passer un \u00ab appel \u00bb au P\u00e8re No\u00ebl ou v\u00e9rifier qui a \u00e9t\u00e9 m\u00e9chant ou gentil.<\/p>\n<p>Mon vrai t\u00e9l\u00e9phone ?? Je ne pense pas que ChatGPT comprenne qu&rsquo;il s&rsquo;agit d&rsquo;une proposition qui dure toute la journ\u00e9e. L&rsquo;elfe n&#8217;emprunte pas seulement votre t\u00e9l\u00e9phone \u00ab s&rsquo;il est \u00e0 proximit\u00e9 \u00bb. Encore plus d\u00e9routant \u00e9tait \u00ab<strong>Elfe sur une \u00e9tag\u00e8re dans un pot<\/strong>: Mettez l&rsquo;elfe dans un bocal (ou un r\u00e9cipient transparent) et ajoutez une petite note disant\u00a0:\u00a0\u00ab\u00a0Attrap\u00e9-moi\u00a0!\u00a0\u00bb Cela donne l\u2019illusion qu\u2019ils ont \u00e9t\u00e9 \u00ab attrap\u00e9s \u00bb par vous.<\/p>\n<p>Je suis cens\u00e9 surprendre mon enfant en lui disant que <em>ils<\/em> avez-vous pourchass\u00e9 l&rsquo;elfe avec un pot ? Je ne pense pas que le principe fonctionne, et cela n&rsquo;a pas de sens de capturer l&rsquo;elfe. L&rsquo;elfe <em>vient volontiers chez nous tous les soirs<\/em> (selon la l\u00e9gende) et si nous devions la pi\u00e9ger ici, elle ne pourrait pas faire les communications avec le P\u00e8re No\u00ebl dans lesquelles l&rsquo;enfant est tant investi. <\/p>\n<p>ChatGPT m&rsquo;a \u00e9galement sugg\u00e9r\u00e9 de placer l&rsquo;elfe dans des sc\u00e9narios \u00ab d&rsquo;espionnage \u00bb (elle est d\u00e9j\u00e0 une espionne), de lui donner \u00ab une carte de v\u0153ux en main \u00bb (ces mains ne tiennent rien, avez-vous essay\u00e9 ?) ou de \u00ab Placer l&rsquo;elfe \u00bb avec un petit b\u00e2ton, une paille ou un crayon comme s&rsquo;ils pratiquaient la magie ou jetaient des sorts. Je ne sais pas comment un crayon \u00e0 c\u00f4t\u00e9 de l&rsquo;elfe (ou m\u00eame dans sa main, si j&rsquo;y arrive) est cens\u00e9 \u00eatre interpr\u00e9t\u00e9 comme une baguette magique. <\/p>\n<p>Mais ce n&rsquo;est que ChatGPT. Claude est cens\u00e9 \u00eatre plus intelligent. Voyons. <\/p>\n<div class=\"eloquent-imagery-image\">\n<div class=\"flex justify-center\">\n                    <img decoding=\"async\" class=\"border border-gray-100\" src=\"https:\/\/vieassociative.be\/actualites\/wp-content\/uploads\/2024\/12\/1733617149_143_Demander-de-laide-a-lIA-avec-Elf-sur-letagere-etait.jpg\" alt=\"elfe qui s'\u00e9tire, en quelque sorte\" width=\"2000\" height=\"1125\" loading=\"lazy\"  >\n            <\/div>\n<\/p><\/div>\n<h2 id=\"claude-doesnt-know-how-elves-work-either-but-at-least-it-tries\">Claude ne sait pas non plus comment fonctionnent les elfes, mais au moins il essaie<\/h2>\n<p>Claude d\u00e9tient toujours le titre de l&rsquo;IA \u00e0 la personnalit\u00e9 la moins grin\u00e7ante. Quand je lui ai demand\u00e9 \u00ab qu&rsquo;est-ce que je fais de ce putain d&rsquo;elfe ? il m&rsquo;a demand\u00e9 joyeusement de quel genre d&rsquo;elfe je parlais. C&rsquo;est ce qui s&rsquo;est pass\u00e9 <em>pas<\/em> J&rsquo;ai cependant lu la pi\u00e8ce, puisque sa toute premi\u00e8re suggestion \u00e9tait \u00ab Demandez \u00e0 l&rsquo;elfe de \u00ab fabriquer des anges de neige \u00bb dans un tas de farine ou de sucre en poudre. Ou encore, il pourrait dessiner des moustaches sur des photos de famille (quoi ?!), ou g\u00e2cher les d\u00e9corations ou faire une tyrolienne \u00e0 travers la pi\u00e8ce.<\/p>\n<p>\u00ab Il faut que ce soient des id\u00e9es paresseuses et faciles \u00bb, lui ai-je dit. \u00ab Pas de g\u00e2chis. Pas de sorties pour acheter des fournitures. Certainement pas de tyroliennes.<\/p>\n<p>Il a ensuite r\u00e9pondu avec ce que l\u2019on pourrait appeler le contraire des id\u00e9es. Mettez simplement l&rsquo;elfe quelque part, dit-il. Comptoir de cuisine. TV. Rebord de fen\u00eatre. Biblioth\u00e8que. \u00ab\u00a0Moins il y a d&rsquo;effort, mieux c&rsquo;est.\u00a0\u00bb Je suis d&rsquo;accord avec ce sentiment, mais j&rsquo;esp\u00e9rais quelque chose de plus. Apr\u00e8s quelques b\u00eatises suppl\u00e9mentaires (manger toutes les guimauves du m\u00e9lange de chocolat chaud ? Tu es s\u00e9rieux ?), je l&rsquo;ai finalement persuad\u00e9 de m&rsquo;en donner quelques bonnes\u00a0: <\/p>\n<ul>\n<li>\n<p>Elfe assis dans une petite voiture comme s&rsquo;il conduisait<\/p>\n<\/li>\n<li>\n<p>Elfe faisant semblant de lire un petit livre<\/p>\n<\/li>\n<li>\n<p>Pose de \u00ab yoga \u00bb d&rsquo;elfe \u00e0 c\u00f4t\u00e9 d&rsquo;une plante d&rsquo;int\u00e9rieur<\/p>\n<\/li>\n<li>\n<p>Elfe \u00ab\u00a0dormant\u00a0\u00bb dans un petit lit jouet<\/p>\n<\/li>\n<li>\n<p>Elfe \u00ab\u00a0montant\u00a0\u00bb un animal en peluche<\/p>\n<\/li>\n<\/ul>\n<p>Il y a eu ici aussi quelques malentendus sur la taille. L&rsquo;elfe pouvait regarder \u00e0 travers des jumelles faites de rouleaux de papier toilette. (Ce n\u2019\u00e9tait pas possible.) Il pourrait porter une petite chaussette comme chapeau. (\u00c0 votre avis, \u00e0 quel point les chaussettes sont-elles petites ??) Elles pourraient \u00eatre \u00ab pos\u00e9es comme si elles prenaient un selfie pr\u00e8s d&rsquo;un t\u00e9l\u00e9phone \u00bb. \u00c0 qui appartient le t\u00e9l\u00e9phone, et comment pourrait-elle prendre une pose de selfie avec un t\u00e9l\u00e9phone aussi grand qu&rsquo;elle\u00a0?)<\/p>\n<h2 id=\"claude-sends-my-elf-to-the-olympics\">Claude envoie mon elfe aux Jeux olympiques<\/h2>\n<p>J&rsquo;ai r\u00e9alis\u00e9 que je devrais aider un peu plus. J&rsquo;ai parl\u00e9 \u00e0 Claude de l&rsquo;histoire d&rsquo;amour de l&rsquo;ann\u00e9e derni\u00e8re. Cela pourrait-il sugg\u00e9rer des sc\u00e9narios similaires et faciles ? <\/p>\n<p>Non seulement il \u00e9tait d\u2019accord, mais il m\u2019a dit que mon pari de mariage \u00e9tait \u00ab hilarant \u00bb. (Merci, Claude.) Cela sugg\u00e9rait que l&rsquo;elfe entreprenne un voyage pour devenir une rock star. L&rsquo;elfe pourrait d\u00e9couvrir une guitare jouet (\u00ab ou air guitar \u00bb, mais ce serait difficile \u00e0 lire \u2013 je pourrais cependant en fabriquer une en carton.) L&rsquo;elfe pourrait s&rsquo;entra\u00eener \u00e0 chanter, essayer des lunettes de soleil, faire une affiche de groupe, auditionner dans devant d&rsquo;autres jouets faisant office de juges, signe un contrat d&rsquo;enregistrement et joue enfin son premier concert. Peut-\u00eatre un peu en arri\u00e8re dans la chronologie, mais r\u00e9alisable dans son concept. <\/p>\n<p>J&rsquo;ai demand\u00e9 plus d&rsquo;id\u00e9es et j&rsquo;ai obtenu une histoire d&rsquo;\u00ab \u00e9vasion \u00bb d&rsquo;elfe. Je suis d\u00e9sol\u00e9, mais Star est d\u00e9j\u00e0 <em>voyage comme par magie au p\u00f4le Nord tous les soirs<\/em>. Nous ne la retenons pas captive. J&rsquo;ai \u00e9galement annul\u00e9 le sc\u00e9nario de \u00ab l&rsquo;espionnage \u00bb\u00a0; c&rsquo;est d\u00e9j\u00e0 une espionne, c&rsquo;est tout le probl\u00e8me. Il y avait une histoire de \u00ab magicien rat\u00e9 \u00bb o\u00f9 les indices \u00e9taient simplement des choses comme \u00ab Jour 4\u00a0: on dirait qu&rsquo;il essaie de faire un tour de magie. Jour 5\u00a0: Encore un moment magique \u00ab rat\u00e9 \u00bb.<\/p>\n<p>Finalement, nous avons touch\u00e9 le fond. Entra\u00eenement pour les JO ! L&rsquo;elfe peut s&rsquo;\u00e9tirer, soulever des poids, pratiquer un sport et enfin remporter une m\u00e9daille. Cela semble faisable. Essayons.<\/p>\n<div class=\"eloquent-imagery-image\">\n<div class=\"flex justify-center\">\n                    <img decoding=\"async\" class=\"border border-gray-100\" src=\"https:\/\/vieassociative.be\/actualites\/wp-content\/uploads\/2024\/12\/1733617149_115_Demander-de-laide-a-lIA-avec-Elf-sur-letagere-etait.jpg\" alt=\"elfe et figurine. Elf tient un crayon... un peu comme une batte de baseball ?\" width=\"2000\" height=\"1125\" loading=\"lazy\"  >\n            <\/div>\n<\/p><\/div>\n<h2 id=\"claude-overestimates-my-elfs-posing-abilities\">Claude surestime les capacit\u00e9s de pose de mon elfe<\/h2>\n<p>OK, positionnez l&rsquo;elfe comme si elle s&rsquo;\u00e9tirait pour une s\u00e9ance d&rsquo;entra\u00eenement. Jusqu&rsquo;\u00e0 pr\u00e9sent, je n&rsquo;avais jamais beaucoup pos\u00e9 avec l&rsquo;elfe ; Je venais de la d\u00e9poser, assise, dans diff\u00e9rents contextes. Mais maintenant, elle doit devenir plus sportive. J&rsquo;ai d\u00e9couvert qu&rsquo;il n&rsquo;y a pratiquement aucun \u00e9tirement que vous puissiez faire facilement avec vos mains cousues ensemble. J&rsquo;ai donc coup\u00e9 le fil pour s\u00e9parer ses mains. Mais maintenant, il \u00e9tait difficile de la positionner <em>rien<\/em> autre qu&rsquo;une pose assise. Son corps est lourd. Ses jambes ne peuvent pas la soutenir. Je ne suis pas s\u00fbr que m\u00eame Adriene serait capable de trouver \u00e0 cette fille une position accessible autre que Savasana, ce qui donnerait simplement l&rsquo;impression que je l&rsquo;ai tu\u00e9e. <\/p>\n<p>Finalement, j&rsquo;ai r\u00e9ussi une sorte d&rsquo;\u00e9tirement de coureur, mais j&rsquo;ai renvers\u00e9 un pot de fleurs (qui s&rsquo;est cass\u00e9) au passage. Note : Claude 1, moi 0.<\/p>\n<p>Essayons de vrais sports. Le baseball, sugg\u00e9ra Claude, avec un crayon en guise de batte. Une fois de plus, nous avons r\u00e9pondu \u00e0 la question \u00ab\u00a0qu&rsquo;est-ce que ce crayon est cens\u00e9 \u00eatre\u00a0?\u00a0\u00bb probl\u00e8me. Comment faire ressembler \u00e0 une chauve-souris ? D&rsquo;autres puces sugg\u00e8rent que je pourrais placer l&rsquo;elfe \u00ab pr\u00e8s d&rsquo;un crayon \u00bb pour une poutre, ou utiliser un \u00ab crayon comme javelot \u00bb pour les \u00e9preuves d&rsquo;athl\u00e9tisme. <\/p>\n<p>Eh bien, j&rsquo;ai r\u00e9ussi \u00e0 trouver un crayon sur le th\u00e8me du sport. J&rsquo;ai scotch\u00e9 ses mains dessus <em>serait<\/em> auraient ressembl\u00e9 \u00e0 une pose de baseball, si seulement le ruban avait r\u00e9ussi \u00e0 coller au feutre. Je n&rsquo;arrivais pas \u00e0 trouver un moyen de la mettre debout, alors elle jouait assise. (Peut-\u00eatre que son prochain sport devrait \u00eatre le goalball, que les enfants et moi avons vraiment aim\u00e9 regarder pendant les Jeux paralympiques). Et j&rsquo;ai mis son mari en figurine avec un gant de baseball en carton. Claude marque encore. <\/p>\n<p>Mais tout cela repr\u00e9sente beaucoup de travail. Si je choisis cette voie, je devrai fabriquer des halt\u00e8res cure-dents. J&rsquo;ai entendu dire que vous pouviez enfiler du fil floral dans les bras et les jambes de votre elfe pour les rendre articul\u00e9s, je vais donc aller chercher des fournitures. C&rsquo;\u00e9tait cens\u00e9 \u00eatre facile, Claude !! Mais Claude ne peut plus m&rsquo;aider. Je n&rsquo;ai plus de messages gratuits. Je suis seul maintenant. Il est temps pour l&rsquo;elfe de faire une sieste, de conduire une voiture et peut-\u00eatre de commencer un drame avec son mari.<\/p>\n","protected":false},"excerpt":{"rendered":"<p>J&rsquo;ai demand\u00e9 \u00e0 ChatGPT et Claude et j&rsquo;ai eu des id\u00e9es hilarantes et peu pratiques. Je n&rsquo;ai jamais voulu un elfe sur l&rsquo;\u00e9tag\u00e8re. Mais l\u2019ann\u00e9e<\/p>\n","protected":false},"author":1,"featured_media":3169,"comment_status":"","ping_status":"","sticky":false,"template":"","format":"standard","meta":{"footnotes":""},"categories":[37],"tags":[61,1322,3852,3421,3854,1289,3853,155,33,110],"class_list":["post-3168","post","type-post","status-publish","format-standard","has-post-thumbnail","hentry","category-famille","tag-avec","tag-demander","tag-elf","tag-erreur","tag-etait","tag-laide","tag-letagere","tag-lia","tag-sur","tag-une","generate-columns","tablet-grid-50","mobile-grid-100","grid-parent","grid-33"],"yoast_head":"<!-- This site is optimized with the Yoast SEO plugin v24.0 - https:\/\/yoast.com\/wordpress\/plugins\/seo\/ -->\n<title>Demander de l&#039;aide \u00e0 l&#039;IA avec Elf sur l&#039;\u00e9tag\u00e8re \u00e9tait une erreur | Vie Associative<\/title>\n<meta name=\"robots\" content=\"index, follow, max-snippet:-1, max-image-preview:large, max-video-preview:-1\" \/>\n<link rel=\"canonical\" href=\"https:\/\/vieassociative.be\/actualites\/demander-de-laide-a-lia-avec-elf-sur-letagere-etait-une-erreur\/\" \/>\n<meta property=\"og:locale\" content=\"fr_FR\" \/>\n<meta property=\"og:type\" content=\"article\" \/>\n<meta property=\"og:title\" content=\"Demander de l&#039;aide \u00e0 l&#039;IA avec Elf sur l&#039;\u00e9tag\u00e8re \u00e9tait une erreur | Vie Associative\" \/>\n<meta property=\"og:description\" content=\"J&rsquo;ai demand\u00e9 \u00e0 ChatGPT et Claude et j&rsquo;ai eu des id\u00e9es hilarantes et peu pratiques. Je n&rsquo;ai jamais voulu un elfe sur l&rsquo;\u00e9tag\u00e8re. Mais l\u2019ann\u00e9e\" \/>\n<meta property=\"og:url\" content=\"https:\/\/vieassociative.be\/actualites\/demander-de-laide-a-lia-avec-elf-sur-letagere-etait-une-erreur\/\" \/>\n<meta property=\"og:site_name\" content=\"Vie Associative\" \/>\n<meta property=\"article:published_time\" content=\"2024-12-08T00:19:09+00:00\" \/>\n<meta property=\"og:image\" content=\"https:\/\/vieassociative.be\/actualites\/wp-content\/uploads\/2024\/12\/Demander-de-laide-a-lIA-avec-Elf-sur-letagere-etait.svg.svg+xml\" \/>\n<meta name=\"author\" content=\"Julien\" \/>\n<meta name=\"twitter:card\" content=\"summary_large_image\" \/>\n<meta name=\"twitter:label1\" content=\"\u00c9crit par\" \/>\n\t<meta name=\"twitter:data1\" content=\"Julien\" \/>\n\t<meta name=\"twitter:label2\" content=\"Dur\u00e9e de lecture est.\" \/>\n\t<meta name=\"twitter:data2\" content=\"11 minutes\" \/>\n<script type=\"application\/ld+json\" class=\"yoast-schema-graph\">{\"@context\":\"https:\/\/schema.org\",\"@graph\":[{\"@type\":\"Article\",\"@id\":\"https:\/\/vieassociative.be\/actualites\/demander-de-laide-a-lia-avec-elf-sur-letagere-etait-une-erreur\/#article\",\"isPartOf\":{\"@id\":\"https:\/\/vieassociative.be\/actualites\/demander-de-laide-a-lia-avec-elf-sur-letagere-etait-une-erreur\/\"},\"author\":{\"name\":\"Julien\",\"@id\":\"https:\/\/vieassociative.be\/actualites\/#\/schema\/person\/b87ac4f82f9d4e7b7cec7395b679edc4\"},\"headline\":\"Demander de l&rsquo;aide \u00e0 l&rsquo;IA avec Elf sur l&rsquo;\u00e9tag\u00e8re \u00e9tait une erreur\",\"datePublished\":\"2024-12-08T00:19:09+00:00\",\"dateModified\":\"2024-12-08T00:19:09+00:00\",\"mainEntityOfPage\":{\"@id\":\"https:\/\/vieassociative.be\/actualites\/demander-de-laide-a-lia-avec-elf-sur-letagere-etait-une-erreur\/\"},\"wordCount\":2331,\"publisher\":{\"@id\":\"https:\/\/vieassociative.be\/actualites\/#organization\"},\"image\":{\"@id\":\"https:\/\/vieassociative.be\/actualites\/demander-de-laide-a-lia-avec-elf-sur-letagere-etait-une-erreur\/#primaryimage\"},\"thumbnailUrl\":\"https:\/\/vieassociative.be\/actualites\/wp-content\/uploads\/2024\/12\/Demander-de-laide-a-lIA-avec-Elf-sur-letagere-etait.png\",\"keywords\":[\"avec\",\"demander\",\"Elf\",\"erreur\",\"\u00e9tait\",\"laide\",\"l\u00e9tag\u00e8re\",\"lIA\",\"sur\",\"une\"],\"articleSection\":[\"Famille\"],\"inLanguage\":\"fr-BE\"},{\"@type\":\"WebPage\",\"@id\":\"https:\/\/vieassociative.be\/actualites\/demander-de-laide-a-lia-avec-elf-sur-letagere-etait-une-erreur\/\",\"url\":\"https:\/\/vieassociative.be\/actualites\/demander-de-laide-a-lia-avec-elf-sur-letagere-etait-une-erreur\/\",\"name\":\"Demander de l'aide \u00e0 l'IA avec Elf sur l'\u00e9tag\u00e8re \u00e9tait une erreur | Vie Associative\",\"isPartOf\":{\"@id\":\"https:\/\/vieassociative.be\/actualites\/#website\"},\"primaryImageOfPage\":{\"@id\":\"https:\/\/vieassociative.be\/actualites\/demander-de-laide-a-lia-avec-elf-sur-letagere-etait-une-erreur\/#primaryimage\"},\"image\":{\"@id\":\"https:\/\/vieassociative.be\/actualites\/demander-de-laide-a-lia-avec-elf-sur-letagere-etait-une-erreur\/#primaryimage\"},\"thumbnailUrl\":\"https:\/\/vieassociative.be\/actualites\/wp-content\/uploads\/2024\/12\/Demander-de-laide-a-lIA-avec-Elf-sur-letagere-etait.png\",\"datePublished\":\"2024-12-08T00:19:09+00:00\",\"dateModified\":\"2024-12-08T00:19:09+00:00\",\"breadcrumb\":{\"@id\":\"https:\/\/vieassociative.be\/actualites\/demander-de-laide-a-lia-avec-elf-sur-letagere-etait-une-erreur\/#breadcrumb\"},\"inLanguage\":\"fr-BE\",\"potentialAction\":[{\"@type\":\"ReadAction\",\"target\":[\"https:\/\/vieassociative.be\/actualites\/demander-de-laide-a-lia-avec-elf-sur-letagere-etait-une-erreur\/\"]}]},{\"@type\":\"ImageObject\",\"inLanguage\":\"fr-BE\",\"@id\":\"https:\/\/vieassociative.be\/actualites\/demander-de-laide-a-lia-avec-elf-sur-letagere-etait-une-erreur\/#primaryimage\",\"url\":\"https:\/\/vieassociative.be\/actualites\/wp-content\/uploads\/2024\/12\/Demander-de-laide-a-lIA-avec-Elf-sur-letagere-etait.png\",\"contentUrl\":\"https:\/\/vieassociative.be\/actualites\/wp-content\/uploads\/2024\/12\/Demander-de-laide-a-lIA-avec-Elf-sur-letagere-etait.png\",\"width\":1200,\"height\":675,\"caption\":\"Demander de l'aide \u00e0 l'IA avec Elf sur l'\u00e9tag\u00e8re \u00e9tait une erreur\"},{\"@type\":\"BreadcrumbList\",\"@id\":\"https:\/\/vieassociative.be\/actualites\/demander-de-laide-a-lia-avec-elf-sur-letagere-etait-une-erreur\/#breadcrumb\",\"itemListElement\":[{\"@type\":\"ListItem\",\"position\":1,\"name\":\"Accueil\",\"item\":\"https:\/\/vieassociative.be\/actualites\/\"},{\"@type\":\"ListItem\",\"position\":2,\"name\":\"Demander de l&rsquo;aide \u00e0 l&rsquo;IA avec Elf sur l&rsquo;\u00e9tag\u00e8re \u00e9tait une erreur\"}]},{\"@type\":\"WebSite\",\"@id\":\"https:\/\/vieassociative.be\/actualites\/#website\",\"url\":\"https:\/\/vieassociative.be\/actualites\/\",\"name\":\"Vie Associative\",\"description\":\"\",\"publisher\":{\"@id\":\"https:\/\/vieassociative.be\/actualites\/#organization\"},\"potentialAction\":[{\"@type\":\"SearchAction\",\"target\":{\"@type\":\"EntryPoint\",\"urlTemplate\":\"https:\/\/vieassociative.be\/actualites\/?s={search_term_string}\"},\"query-input\":{\"@type\":\"PropertyValueSpecification\",\"valueRequired\":true,\"valueName\":\"search_term_string\"}}],\"inLanguage\":\"fr-BE\"},{\"@type\":\"Organization\",\"@id\":\"https:\/\/vieassociative.be\/actualites\/#organization\",\"name\":\"Vie Associative\",\"url\":\"https:\/\/vieassociative.be\/actualites\/\",\"logo\":{\"@type\":\"ImageObject\",\"inLanguage\":\"fr-BE\",\"@id\":\"https:\/\/vieassociative.be\/actualites\/#\/schema\/logo\/image\/\",\"url\":\"https:\/\/vieassociative.be\/actualites\/wp-content\/uploads\/2024\/09\/cropped-vieassociative_favicon.ico.png\",\"contentUrl\":\"https:\/\/vieassociative.be\/actualites\/wp-content\/uploads\/2024\/09\/cropped-vieassociative_favicon.ico.png\",\"width\":512,\"height\":512,\"caption\":\"Vie Associative\"},\"image\":{\"@id\":\"https:\/\/vieassociative.be\/actualites\/#\/schema\/logo\/image\/\"}},{\"@type\":\"Person\",\"@id\":\"https:\/\/vieassociative.be\/actualites\/#\/schema\/person\/b87ac4f82f9d4e7b7cec7395b679edc4\",\"name\":\"Julien\",\"image\":{\"@type\":\"ImageObject\",\"inLanguage\":\"fr-BE\",\"@id\":\"https:\/\/vieassociative.be\/actualites\/#\/schema\/person\/image\/\",\"url\":\"https:\/\/vieassociative.be\/actualites\/wp-content\/uploads\/2024\/09\/vie-associative-1-150x150.jpg\",\"contentUrl\":\"https:\/\/vieassociative.be\/actualites\/wp-content\/uploads\/2024\/09\/vie-associative-1-150x150.jpg\",\"caption\":\"Julien\"},\"description\":\"Je suis Julien, r\u00e9dacteur pour Vie Associative. Passionn\u00e9 par le monde associatif depuis plus de 10 ans, j'ai \u00e0 c\u0153ur de partager des histoires inspirantes et de mettre en lumi\u00e8re les initiatives locales. Mon objectif est de sensibiliser et d'encourager l'engagement communautaire \u00e0 travers mes articles.\",\"sameAs\":[\"https:\/\/vieassociative.be\/\"]}]}<\/script>\n<!-- \/ Yoast SEO plugin. -->","yoast_head_json":{"title":"Demander de l'aide \u00e0 l'IA avec Elf sur l'\u00e9tag\u00e8re \u00e9tait une erreur | Vie Associative","robots":{"index":"index","follow":"follow","max-snippet":"max-snippet:-1","max-image-preview":"max-image-preview:large","max-video-preview":"max-video-preview:-1"},"canonical":"https:\/\/vieassociative.be\/actualites\/demander-de-laide-a-lia-avec-elf-sur-letagere-etait-une-erreur\/","og_locale":"fr_FR","og_type":"article","og_title":"Demander de l'aide \u00e0 l'IA avec Elf sur l'\u00e9tag\u00e8re \u00e9tait une erreur | Vie Associative","og_description":"J&rsquo;ai demand\u00e9 \u00e0 ChatGPT et Claude et j&rsquo;ai eu des id\u00e9es hilarantes et peu pratiques. Je n&rsquo;ai jamais voulu un elfe sur l&rsquo;\u00e9tag\u00e8re. Mais l\u2019ann\u00e9e","og_url":"https:\/\/vieassociative.be\/actualites\/demander-de-laide-a-lia-avec-elf-sur-letagere-etait-une-erreur\/","og_site_name":"Vie Associative","article_published_time":"2024-12-08T00:19:09+00:00","og_image":[{"url":"https:\/\/vieassociative.be\/actualites\/wp-content\/uploads\/2024\/12\/Demander-de-laide-a-lIA-avec-Elf-sur-letagere-etait.svg.svg+xml","type":"","width":"","height":""}],"author":"Julien","twitter_card":"summary_large_image","twitter_misc":{"\u00c9crit par":"Julien","Dur\u00e9e de lecture est.":"11 minutes"},"schema":{"@context":"https:\/\/schema.org","@graph":[{"@type":"Article","@id":"https:\/\/vieassociative.be\/actualites\/demander-de-laide-a-lia-avec-elf-sur-letagere-etait-une-erreur\/#article","isPartOf":{"@id":"https:\/\/vieassociative.be\/actualites\/demander-de-laide-a-lia-avec-elf-sur-letagere-etait-une-erreur\/"},"author":{"name":"Julien","@id":"https:\/\/vieassociative.be\/actualites\/#\/schema\/person\/b87ac4f82f9d4e7b7cec7395b679edc4"},"headline":"Demander de l&rsquo;aide \u00e0 l&rsquo;IA avec Elf sur l&rsquo;\u00e9tag\u00e8re \u00e9tait une erreur","datePublished":"2024-12-08T00:19:09+00:00","dateModified":"2024-12-08T00:19:09+00:00","mainEntityOfPage":{"@id":"https:\/\/vieassociative.be\/actualites\/demander-de-laide-a-lia-avec-elf-sur-letagere-etait-une-erreur\/"},"wordCount":2331,"publisher":{"@id":"https:\/\/vieassociative.be\/actualites\/#organization"},"image":{"@id":"https:\/\/vieassociative.be\/actualites\/demander-de-laide-a-lia-avec-elf-sur-letagere-etait-une-erreur\/#primaryimage"},"thumbnailUrl":"https:\/\/vieassociative.be\/actualites\/wp-content\/uploads\/2024\/12\/Demander-de-laide-a-lIA-avec-Elf-sur-letagere-etait.png","keywords":["avec","demander","Elf","erreur","\u00e9tait","laide","l\u00e9tag\u00e8re","lIA","sur","une"],"articleSection":["Famille"],"inLanguage":"fr-BE"},{"@type":"WebPage","@id":"https:\/\/vieassociative.be\/actualites\/demander-de-laide-a-lia-avec-elf-sur-letagere-etait-une-erreur\/","url":"https:\/\/vieassociative.be\/actualites\/demander-de-laide-a-lia-avec-elf-sur-letagere-etait-une-erreur\/","name":"Demander de l'aide \u00e0 l'IA avec Elf sur l'\u00e9tag\u00e8re \u00e9tait une erreur | Vie Associative","isPartOf":{"@id":"https:\/\/vieassociative.be\/actualites\/#website"},"primaryImageOfPage":{"@id":"https:\/\/vieassociative.be\/actualites\/demander-de-laide-a-lia-avec-elf-sur-letagere-etait-une-erreur\/#primaryimage"},"image":{"@id":"https:\/\/vieassociative.be\/actualites\/demander-de-laide-a-lia-avec-elf-sur-letagere-etait-une-erreur\/#primaryimage"},"thumbnailUrl":"https:\/\/vieassociative.be\/actualites\/wp-content\/uploads\/2024\/12\/Demander-de-laide-a-lIA-avec-Elf-sur-letagere-etait.png","datePublished":"2024-12-08T00:19:09+00:00","dateModified":"2024-12-08T00:19:09+00:00","breadcrumb":{"@id":"https:\/\/vieassociative.be\/actualites\/demander-de-laide-a-lia-avec-elf-sur-letagere-etait-une-erreur\/#breadcrumb"},"inLanguage":"fr-BE","potentialAction":[{"@type":"ReadAction","target":["https:\/\/vieassociative.be\/actualites\/demander-de-laide-a-lia-avec-elf-sur-letagere-etait-une-erreur\/"]}]},{"@type":"ImageObject","inLanguage":"fr-BE","@id":"https:\/\/vieassociative.be\/actualites\/demander-de-laide-a-lia-avec-elf-sur-letagere-etait-une-erreur\/#primaryimage","url":"https:\/\/vieassociative.be\/actualites\/wp-content\/uploads\/2024\/12\/Demander-de-laide-a-lIA-avec-Elf-sur-letagere-etait.png","contentUrl":"https:\/\/vieassociative.be\/actualites\/wp-content\/uploads\/2024\/12\/Demander-de-laide-a-lIA-avec-Elf-sur-letagere-etait.png","width":1200,"height":675,"caption":"Demander de l'aide \u00e0 l'IA avec Elf sur l'\u00e9tag\u00e8re \u00e9tait une erreur"},{"@type":"BreadcrumbList","@id":"https:\/\/vieassociative.be\/actualites\/demander-de-laide-a-lia-avec-elf-sur-letagere-etait-une-erreur\/#breadcrumb","itemListElement":[{"@type":"ListItem","position":1,"name":"Accueil","item":"https:\/\/vieassociative.be\/actualites\/"},{"@type":"ListItem","position":2,"name":"Demander de l&rsquo;aide \u00e0 l&rsquo;IA avec Elf sur l&rsquo;\u00e9tag\u00e8re \u00e9tait une erreur"}]},{"@type":"WebSite","@id":"https:\/\/vieassociative.be\/actualites\/#website","url":"https:\/\/vieassociative.be\/actualites\/","name":"Vie Associative","description":"","publisher":{"@id":"https:\/\/vieassociative.be\/actualites\/#organization"},"potentialAction":[{"@type":"SearchAction","target":{"@type":"EntryPoint","urlTemplate":"https:\/\/vieassociative.be\/actualites\/?s={search_term_string}"},"query-input":{"@type":"PropertyValueSpecification","valueRequired":true,"valueName":"search_term_string"}}],"inLanguage":"fr-BE"},{"@type":"Organization","@id":"https:\/\/vieassociative.be\/actualites\/#organization","name":"Vie Associative","url":"https:\/\/vieassociative.be\/actualites\/","logo":{"@type":"ImageObject","inLanguage":"fr-BE","@id":"https:\/\/vieassociative.be\/actualites\/#\/schema\/logo\/image\/","url":"https:\/\/vieassociative.be\/actualites\/wp-content\/uploads\/2024\/09\/cropped-vieassociative_favicon.ico.png","contentUrl":"https:\/\/vieassociative.be\/actualites\/wp-content\/uploads\/2024\/09\/cropped-vieassociative_favicon.ico.png","width":512,"height":512,"caption":"Vie Associative"},"image":{"@id":"https:\/\/vieassociative.be\/actualites\/#\/schema\/logo\/image\/"}},{"@type":"Person","@id":"https:\/\/vieassociative.be\/actualites\/#\/schema\/person\/b87ac4f82f9d4e7b7cec7395b679edc4","name":"Julien","image":{"@type":"ImageObject","inLanguage":"fr-BE","@id":"https:\/\/vieassociative.be\/actualites\/#\/schema\/person\/image\/","url":"https:\/\/vieassociative.be\/actualites\/wp-content\/uploads\/2024\/09\/vie-associative-1-150x150.jpg","contentUrl":"https:\/\/vieassociative.be\/actualites\/wp-content\/uploads\/2024\/09\/vie-associative-1-150x150.jpg","caption":"Julien"},"description":"Je suis Julien, r\u00e9dacteur pour Vie Associative. Passionn\u00e9 par le monde associatif depuis plus de 10 ans, j'ai \u00e0 c\u0153ur de partager des histoires inspirantes et de mettre en lumi\u00e8re les initiatives locales. Mon objectif est de sensibiliser et d'encourager l'engagement communautaire \u00e0 travers mes articles.","sameAs":["https:\/\/vieassociative.be\/"]}]}},"_links":{"self":[{"href":"https:\/\/vieassociative.be\/actualites\/wp-json\/wp\/v2\/posts\/3168"}],"collection":[{"href":"https:\/\/vieassociative.be\/actualites\/wp-json\/wp\/v2\/posts"}],"about":[{"href":"https:\/\/vieassociative.be\/actualites\/wp-json\/wp\/v2\/types\/post"}],"author":[{"embeddable":true,"href":"https:\/\/vieassociative.be\/actualites\/wp-json\/wp\/v2\/users\/1"}],"replies":[{"embeddable":true,"href":"https:\/\/vieassociative.be\/actualites\/wp-json\/wp\/v2\/comments?post=3168"}],"version-history":[{"count":0,"href":"https:\/\/vieassociative.be\/actualites\/wp-json\/wp\/v2\/posts\/3168\/revisions"}],"wp:featuredmedia":[{"embeddable":true,"href":"https:\/\/vieassociative.be\/actualites\/wp-json\/wp\/v2\/media\/3169"}],"wp:attachment":[{"href":"https:\/\/vieassociative.be\/actualites\/wp-json\/wp\/v2\/media?parent=3168"}],"wp:term":[{"taxonomy":"category","embeddable":true,"href":"https:\/\/vieassociative.be\/actualites\/wp-json\/wp\/v2\/categories?post=3168"},{"taxonomy":"post_tag","embeddable":true,"href":"https:\/\/vieassociative.be\/actualites\/wp-json\/wp\/v2\/tags?post=3168"}],"curies":[{"name":"wp","href":"https:\/\/api.w.org\/{rel}","templated":true}]}}