{"id":3166,"date":"2024-12-08T00:17:39","date_gmt":"2024-12-07T23:17:39","guid":{"rendered":"https:\/\/vieassociative.be\/actualites\/pourquoi-votre-chien-sent-pire-que-ses-amis\/"},"modified":"2024-12-08T00:17:39","modified_gmt":"2024-12-07T23:17:39","slug":"pourquoi-votre-chien-sent-pire-que-ses-amis","status":"publish","type":"post","link":"https:\/\/vieassociative.be\/actualites\/pourquoi-votre-chien-sent-pire-que-ses-amis\/","title":{"rendered":"Pourquoi votre chien sent pire que ses amis"},"content":{"rendered":"<div class=\"mt-4 leading-6 md:mb-8\">Il est pr\u00e9f\u00e9rable de ne pas ignorer la puanteur : cela pourrait \u00eatre le signe d\u2019un probl\u00e8me de sant\u00e9.<\/div>\n<p><\/p>\n<p>Personne ne s&rsquo;attend \u00e0 ce qu&rsquo;un chien sente bon (sauf si vous \u00eates un grand fan de l&rsquo;ar\u00f4me des chips de ma\u00efs). Mais parfois, ils peuvent vraiment puer. Et non, nous ne parlons pas d&rsquo;une petite flatulence post-fromage, ni de l&rsquo;odeur qui r\u00e9sulte de leur trempage dans l&rsquo;eau du foss\u00e9 : nous parlons d&rsquo;une odeur d\u00e9sagr\u00e9able qui vous fait savoir que quelque chose ne va pas.<\/p>\n<p>Si vous avez essay\u00e9 vos strat\u00e9gies habituelles de d\u00e9sodorisation et que votre chien sent toujours mauvais, cela peut \u00eatre d\u00fb \u00e0 de nombreux probl\u00e8mes diff\u00e9rents. Voici ce qu&rsquo;il faut savoir.<\/p>\n<h2 id=\"why-does-my-dog-smell-bad\">Pourquoi mon chien sent-il mauvais ?<\/h2>\n<p>Une odeur d\u00e9sagr\u00e9able \u00e9manant de votre chiot signifie probablement que quelque chose se passe, mais cela ne signifie pas n\u00e9cessairement que c&rsquo;est grave. <\/p>\n<h3>Raisons courantes pour lesquelles votre chien sent mauvais<\/h3>\n<p>  Selon Sara Ochoa, DVM, v\u00e9t\u00e9rinaire \u00e0 l&rsquo;h\u00f4pital v\u00e9t\u00e9rinaire de Whitehouse \u00e0 Whitehouse, Texas et SeniorTailWaggers.com, certaines des raisons les plus courantes pour lesquelles votre chien sent moins qu&rsquo;id\u00e9al comprennent\u00a0:<\/p>\n<ul>\n<li>\n<p><strong>C\u00e9rumen<\/strong><br \/>\u00ab\u00a0Souvent, nettoyer les oreilles de votre chien avec un nettoyant auriculaire \u00e0 base d&rsquo;enzymes peut aider \u00e0 briser les d\u00e9bris cireux dans les oreilles de votre chien\u00a0\u00bb, explique Ochoa \u00e0 Vie Associative.<\/p>\n<\/li>\n<li>\n<p><strong>Maladie dentaire<\/strong><br \/>\u00ab\u00a0Si votre chien souffre d&rsquo;une maladie dentaire l\u00e9g\u00e8re, lui donner des choses comme des friandises dentaires ou se brosser les dents \u00e0 la maison peut aider \u00e0 r\u00e9duire l&rsquo;accumulation de tartre\u00a0\u00bb, explique-t-elle.<\/p>\n<\/li>\n<li>\n<p><strong>Infection \u00e0 levures ou bact\u00e9rienne sur la peau<\/strong><br \/>\u00ab\u00a0Pour les infections cutan\u00e9es l\u00e9g\u00e8res, un bain \u00e0 l&rsquo;avoine aidera g\u00e9n\u00e9ralement \u00e0 r\u00e9soudre ces probl\u00e8mes\u00a0\u00bb, explique Ochoa.<\/p>\n<\/li>\n<li>\n<p><strong>Probl\u00e8mes de glande anale<\/strong><br \/>\u00ab\u00a0Si votre chien a des probl\u00e8mes de glandes anales, vous ou votre toiletteur pouvez exprimer ces glandes\u00a0\u00bb, ajoute-t-elle.<\/p>\n<\/li>\n<\/ul>\n<h3>Probl\u00e8mes de sant\u00e9 sous-jacents<\/h3>\n<p>Parfois, la puanteur peut \u00eatre le signe que votre chien a un probl\u00e8me de sant\u00e9 sous-jacent. Selon Ochoa, certains d\u2019entre eux incluent\u00a0: <\/p>\n<ul>\n<li>\n<p><strong>Infections graves de l&rsquo;oreille<\/strong><br \/>\u00ab\u00a0Si votre chien a une infection de l&rsquo;oreille caract\u00e9ris\u00e9e par un \u00e9coulement malodorant ou du pus sortant de ses oreilles, il serait pr\u00e9f\u00e9rable de consulter votre v\u00e9t\u00e9rinaire pour obtenir des m\u00e9dicaments sur ordonnance\u00a0\u00bb, explique Ochoa.<\/p>\n<\/li>\n<li>\n<p><strong>Infections des voies urinaires<\/strong><br \/>\u00abCertains chiens auront des infections des voies urinaires qui leur causeront des odeurs\u00bb, explique-t-elle. \u00ab\u00a0Cette odeur peut dispara\u00eetre avec un bain, mais revient g\u00e9n\u00e9ralement au bout de quelques heures.\u00a0\u00bb<\/p>\n<\/li>\n<li>\n<p><strong>Maladie dentaire grave<\/strong><br \/>\u00ab\u00a0Si les dents de votre chien sont tr\u00e8s mauvaises, sa bouche et son haleine peuvent sentir tr\u00e8s mauvais\u00a0\u00bb, explique Ochoa. \u00ab\u00a0Si, peu importe ce que vous essayez \u00e0 la maison, l&rsquo;haleine de votre chien sent mauvais, il a probablement besoin d&rsquo;un nettoyage dentaire chez votre v\u00e9t\u00e9rinaire.\u00a0\u00bb<\/p>\n<\/li>\n<\/ul>\n<h2 id=\"when-to-see-your-vet\">Quand consulter votre v\u00e9t\u00e9rinaire<\/h2>\n<p>Si votre chien sent mauvais, Ochoa vous conseille de garder un \u0153il sur ces autres signes indiquant que quelque chose de plus grave se passe chez votre chien\u00a0:<\/p>\n<ul>\n<li>\n<p>L\u00e9thargie<\/p>\n<\/li>\n<li>\n<p>Ne pas manger ni boire<\/p>\n<\/li>\n<li>\n<p>Vomissement<\/p>\n<\/li>\n<li>\n<p>Diarrh\u00e9e<\/p>\n<\/li>\n<li>\n<p>Perte de poids<\/p>\n<\/li>\n<\/ul>\n<p>\u00abLa plupart des chiens recommencent \u00e0 sentir bon apr\u00e8s un bain\u00bb, explique Ochoa. \u00ab Si votre chien sent toujours mauvais apr\u00e8s son bain, il serait pr\u00e9f\u00e9rable de consulter votre v\u00e9t\u00e9rinaire. Ils peuvent aider \u00e0 trouver la source de l\u2019infection et \u00e0 faire prendre \u00e0 votre chien le m\u00e9dicament appropri\u00e9 pour traiter les probl\u00e8mes et aider \u00e0 arr\u00eater l\u2019odeur. <\/p>\n","protected":false},"excerpt":{"rendered":"<p>Il est pr\u00e9f\u00e9rable de ne pas ignorer la puanteur : cela pourrait \u00eatre le signe d\u2019un probl\u00e8me de sant\u00e9. Personne ne s&rsquo;attend \u00e0 ce qu&rsquo;un<\/p>\n","protected":false},"author":1,"featured_media":3167,"comment_status":"","ping_status":"","sticky":false,"template":"","format":"standard","meta":{"footnotes":""},"categories":[37],"tags":[846,91,3420,734,1055,8],"class_list":["post-3166","post","type-post","status-publish","format-standard","has-post-thumbnail","hentry","category-famille","tag-amis","tag-chien","tag-pire","tag-pourquoi","tag-ses","tag-votre","generate-columns","tablet-grid-50","mobile-grid-100","grid-parent","grid-33"],"yoast_head":"<!-- This site is optimized with the Yoast SEO plugin v24.0 - https:\/\/yoast.com\/wordpress\/plugins\/seo\/ -->\n<title>Pourquoi votre chien sent pire que ses amis | Vie Associative<\/title>\n<meta name=\"robots\" content=\"index, follow, max-snippet:-1, max-image-preview:large, max-video-preview:-1\" \/>\n<link rel=\"canonical\" href=\"https:\/\/vieassociative.be\/actualites\/pourquoi-votre-chien-sent-pire-que-ses-amis\/\" \/>\n<meta property=\"og:locale\" content=\"fr_FR\" \/>\n<meta property=\"og:type\" content=\"article\" \/>\n<meta property=\"og:title\" content=\"Pourquoi votre chien sent pire que ses amis | Vie Associative\" \/>\n<meta property=\"og:description\" content=\"Il est pr\u00e9f\u00e9rable de ne pas ignorer la puanteur : cela pourrait \u00eatre le signe d\u2019un probl\u00e8me de sant\u00e9. Personne ne s&rsquo;attend \u00e0 ce qu&rsquo;un\" \/>\n<meta property=\"og:url\" content=\"https:\/\/vieassociative.be\/actualites\/pourquoi-votre-chien-sent-pire-que-ses-amis\/\" \/>\n<meta property=\"og:site_name\" content=\"Vie Associative\" \/>\n<meta property=\"article:published_time\" content=\"2024-12-07T23:17:39+00:00\" \/>\n<meta property=\"og:image\" content=\"https:\/\/vieassociative.be\/actualites\/wp-content\/uploads\/2024\/09\/header_backgroundk-01-e1726694325946.png\" \/>\n\t<meta property=\"og:image:width\" content=\"279\" \/>\n\t<meta property=\"og:image:height\" content=\"92\" \/>\n\t<meta property=\"og:image:type\" content=\"image\/png\" \/>\n<meta name=\"author\" content=\"Julien\" \/>\n<meta name=\"twitter:card\" content=\"summary_large_image\" \/>\n<meta name=\"twitter:label1\" content=\"\u00c9crit par\" \/>\n\t<meta name=\"twitter:data1\" content=\"Julien\" \/>\n\t<meta name=\"twitter:label2\" content=\"Dur\u00e9e de lecture est.\" \/>\n\t<meta name=\"twitter:data2\" content=\"3 minutes\" \/>\n<script type=\"application\/ld+json\" class=\"yoast-schema-graph\">{\"@context\":\"https:\/\/schema.org\",\"@graph\":[{\"@type\":\"Article\",\"@id\":\"https:\/\/vieassociative.be\/actualites\/pourquoi-votre-chien-sent-pire-que-ses-amis\/#article\",\"isPartOf\":{\"@id\":\"https:\/\/vieassociative.be\/actualites\/pourquoi-votre-chien-sent-pire-que-ses-amis\/\"},\"author\":{\"name\":\"Julien\",\"@id\":\"https:\/\/vieassociative.be\/actualites\/#\/schema\/person\/b87ac4f82f9d4e7b7cec7395b679edc4\"},\"headline\":\"Pourquoi votre chien sent pire que ses amis\",\"datePublished\":\"2024-12-07T23:17:39+00:00\",\"dateModified\":\"2024-12-07T23:17:39+00:00\",\"mainEntityOfPage\":{\"@id\":\"https:\/\/vieassociative.be\/actualites\/pourquoi-votre-chien-sent-pire-que-ses-amis\/\"},\"wordCount\":618,\"publisher\":{\"@id\":\"https:\/\/vieassociative.be\/actualites\/#organization\"},\"image\":{\"@id\":\"https:\/\/vieassociative.be\/actualites\/pourquoi-votre-chien-sent-pire-que-ses-amis\/#primaryimage\"},\"thumbnailUrl\":\"https:\/\/vieassociative.be\/actualites\/wp-content\/uploads\/2024\/12\/Pourquoi-votre-chien-sent-pire-que-ses-amis.jpg\",\"keywords\":[\"amis\",\"chien\",\"pire\",\"Pourquoi\",\"ses\",\"votre\"],\"articleSection\":[\"Famille\"],\"inLanguage\":\"fr-BE\"},{\"@type\":\"WebPage\",\"@id\":\"https:\/\/vieassociative.be\/actualites\/pourquoi-votre-chien-sent-pire-que-ses-amis\/\",\"url\":\"https:\/\/vieassociative.be\/actualites\/pourquoi-votre-chien-sent-pire-que-ses-amis\/\",\"name\":\"Pourquoi votre chien sent pire que ses amis | Vie Associative\",\"isPartOf\":{\"@id\":\"https:\/\/vieassociative.be\/actualites\/#website\"},\"primaryImageOfPage\":{\"@id\":\"https:\/\/vieassociative.be\/actualites\/pourquoi-votre-chien-sent-pire-que-ses-amis\/#primaryimage\"},\"image\":{\"@id\":\"https:\/\/vieassociative.be\/actualites\/pourquoi-votre-chien-sent-pire-que-ses-amis\/#primaryimage\"},\"thumbnailUrl\":\"https:\/\/vieassociative.be\/actualites\/wp-content\/uploads\/2024\/12\/Pourquoi-votre-chien-sent-pire-que-ses-amis.jpg\",\"datePublished\":\"2024-12-07T23:17:39+00:00\",\"dateModified\":\"2024-12-07T23:17:39+00:00\",\"breadcrumb\":{\"@id\":\"https:\/\/vieassociative.be\/actualites\/pourquoi-votre-chien-sent-pire-que-ses-amis\/#breadcrumb\"},\"inLanguage\":\"fr-BE\",\"potentialAction\":[{\"@type\":\"ReadAction\",\"target\":[\"https:\/\/vieassociative.be\/actualites\/pourquoi-votre-chien-sent-pire-que-ses-amis\/\"]}]},{\"@type\":\"ImageObject\",\"inLanguage\":\"fr-BE\",\"@id\":\"https:\/\/vieassociative.be\/actualites\/pourquoi-votre-chien-sent-pire-que-ses-amis\/#primaryimage\",\"url\":\"https:\/\/vieassociative.be\/actualites\/wp-content\/uploads\/2024\/12\/Pourquoi-votre-chien-sent-pire-que-ses-amis.jpg\",\"contentUrl\":\"https:\/\/vieassociative.be\/actualites\/wp-content\/uploads\/2024\/12\/Pourquoi-votre-chien-sent-pire-que-ses-amis.jpg\",\"width\":1200,\"height\":675,\"caption\":\"Pourquoi votre chien sent pire que ses amis\"},{\"@type\":\"BreadcrumbList\",\"@id\":\"https:\/\/vieassociative.be\/actualites\/pourquoi-votre-chien-sent-pire-que-ses-amis\/#breadcrumb\",\"itemListElement\":[{\"@type\":\"ListItem\",\"position\":1,\"name\":\"Accueil\",\"item\":\"https:\/\/vieassociative.be\/actualites\/\"},{\"@type\":\"ListItem\",\"position\":2,\"name\":\"Pourquoi votre chien sent pire que ses amis\"}]},{\"@type\":\"WebSite\",\"@id\":\"https:\/\/vieassociative.be\/actualites\/#website\",\"url\":\"https:\/\/vieassociative.be\/actualites\/\",\"name\":\"Vie Associative\",\"description\":\"\",\"publisher\":{\"@id\":\"https:\/\/vieassociative.be\/actualites\/#organization\"},\"potentialAction\":[{\"@type\":\"SearchAction\",\"target\":{\"@type\":\"EntryPoint\",\"urlTemplate\":\"https:\/\/vieassociative.be\/actualites\/?s={search_term_string}\"},\"query-input\":{\"@type\":\"PropertyValueSpecification\",\"valueRequired\":true,\"valueName\":\"search_term_string\"}}],\"inLanguage\":\"fr-BE\"},{\"@type\":\"Organization\",\"@id\":\"https:\/\/vieassociative.be\/actualites\/#organization\",\"name\":\"Vie Associative\",\"url\":\"https:\/\/vieassociative.be\/actualites\/\",\"logo\":{\"@type\":\"ImageObject\",\"inLanguage\":\"fr-BE\",\"@id\":\"https:\/\/vieassociative.be\/actualites\/#\/schema\/logo\/image\/\",\"url\":\"https:\/\/vieassociative.be\/actualites\/wp-content\/uploads\/2024\/09\/cropped-vieassociative_favicon.ico.png\",\"contentUrl\":\"https:\/\/vieassociative.be\/actualites\/wp-content\/uploads\/2024\/09\/cropped-vieassociative_favicon.ico.png\",\"width\":512,\"height\":512,\"caption\":\"Vie Associative\"},\"image\":{\"@id\":\"https:\/\/vieassociative.be\/actualites\/#\/schema\/logo\/image\/\"}},{\"@type\":\"Person\",\"@id\":\"https:\/\/vieassociative.be\/actualites\/#\/schema\/person\/b87ac4f82f9d4e7b7cec7395b679edc4\",\"name\":\"Julien\",\"image\":{\"@type\":\"ImageObject\",\"inLanguage\":\"fr-BE\",\"@id\":\"https:\/\/vieassociative.be\/actualites\/#\/schema\/person\/image\/\",\"url\":\"https:\/\/vieassociative.be\/actualites\/wp-content\/uploads\/2024\/09\/vie-associative-1-150x150.jpg\",\"contentUrl\":\"https:\/\/vieassociative.be\/actualites\/wp-content\/uploads\/2024\/09\/vie-associative-1-150x150.jpg\",\"caption\":\"Julien\"},\"description\":\"Je suis Julien, r\u00e9dacteur pour Vie Associative. Passionn\u00e9 par le monde associatif depuis plus de 10 ans, j'ai \u00e0 c\u0153ur de partager des histoires inspirantes et de mettre en lumi\u00e8re les initiatives locales. Mon objectif est de sensibiliser et d'encourager l'engagement communautaire \u00e0 travers mes articles.\",\"sameAs\":[\"https:\/\/vieassociative.be\/\"]}]}<\/script>\n<!-- \/ Yoast SEO plugin. -->","yoast_head_json":{"title":"Pourquoi votre chien sent pire que ses amis | Vie Associative","robots":{"index":"index","follow":"follow","max-snippet":"max-snippet:-1","max-image-preview":"max-image-preview:large","max-video-preview":"max-video-preview:-1"},"canonical":"https:\/\/vieassociative.be\/actualites\/pourquoi-votre-chien-sent-pire-que-ses-amis\/","og_locale":"fr_FR","og_type":"article","og_title":"Pourquoi votre chien sent pire que ses amis | Vie Associative","og_description":"Il est pr\u00e9f\u00e9rable de ne pas ignorer la puanteur : cela pourrait \u00eatre le signe d\u2019un probl\u00e8me de sant\u00e9. Personne ne s&rsquo;attend \u00e0 ce qu&rsquo;un","og_url":"https:\/\/vieassociative.be\/actualites\/pourquoi-votre-chien-sent-pire-que-ses-amis\/","og_site_name":"Vie Associative","article_published_time":"2024-12-07T23:17:39+00:00","og_image":[{"width":279,"height":92,"url":"https:\/\/vieassociative.be\/actualites\/wp-content\/uploads\/2024\/09\/header_backgroundk-01-e1726694325946.png","type":"image\/png"}],"author":"Julien","twitter_card":"summary_large_image","twitter_misc":{"\u00c9crit par":"Julien","Dur\u00e9e de lecture est.":"3 minutes"},"schema":{"@context":"https:\/\/schema.org","@graph":[{"@type":"Article","@id":"https:\/\/vieassociative.be\/actualites\/pourquoi-votre-chien-sent-pire-que-ses-amis\/#article","isPartOf":{"@id":"https:\/\/vieassociative.be\/actualites\/pourquoi-votre-chien-sent-pire-que-ses-amis\/"},"author":{"name":"Julien","@id":"https:\/\/vieassociative.be\/actualites\/#\/schema\/person\/b87ac4f82f9d4e7b7cec7395b679edc4"},"headline":"Pourquoi votre chien sent pire que ses amis","datePublished":"2024-12-07T23:17:39+00:00","dateModified":"2024-12-07T23:17:39+00:00","mainEntityOfPage":{"@id":"https:\/\/vieassociative.be\/actualites\/pourquoi-votre-chien-sent-pire-que-ses-amis\/"},"wordCount":618,"publisher":{"@id":"https:\/\/vieassociative.be\/actualites\/#organization"},"image":{"@id":"https:\/\/vieassociative.be\/actualites\/pourquoi-votre-chien-sent-pire-que-ses-amis\/#primaryimage"},"thumbnailUrl":"https:\/\/vieassociative.be\/actualites\/wp-content\/uploads\/2024\/12\/Pourquoi-votre-chien-sent-pire-que-ses-amis.jpg","keywords":["amis","chien","pire","Pourquoi","ses","votre"],"articleSection":["Famille"],"inLanguage":"fr-BE"},{"@type":"WebPage","@id":"https:\/\/vieassociative.be\/actualites\/pourquoi-votre-chien-sent-pire-que-ses-amis\/","url":"https:\/\/vieassociative.be\/actualites\/pourquoi-votre-chien-sent-pire-que-ses-amis\/","name":"Pourquoi votre chien sent pire que ses amis | Vie Associative","isPartOf":{"@id":"https:\/\/vieassociative.be\/actualites\/#website"},"primaryImageOfPage":{"@id":"https:\/\/vieassociative.be\/actualites\/pourquoi-votre-chien-sent-pire-que-ses-amis\/#primaryimage"},"image":{"@id":"https:\/\/vieassociative.be\/actualites\/pourquoi-votre-chien-sent-pire-que-ses-amis\/#primaryimage"},"thumbnailUrl":"https:\/\/vieassociative.be\/actualites\/wp-content\/uploads\/2024\/12\/Pourquoi-votre-chien-sent-pire-que-ses-amis.jpg","datePublished":"2024-12-07T23:17:39+00:00","dateModified":"2024-12-07T23:17:39+00:00","breadcrumb":{"@id":"https:\/\/vieassociative.be\/actualites\/pourquoi-votre-chien-sent-pire-que-ses-amis\/#breadcrumb"},"inLanguage":"fr-BE","potentialAction":[{"@type":"ReadAction","target":["https:\/\/vieassociative.be\/actualites\/pourquoi-votre-chien-sent-pire-que-ses-amis\/"]}]},{"@type":"ImageObject","inLanguage":"fr-BE","@id":"https:\/\/vieassociative.be\/actualites\/pourquoi-votre-chien-sent-pire-que-ses-amis\/#primaryimage","url":"https:\/\/vieassociative.be\/actualites\/wp-content\/uploads\/2024\/12\/Pourquoi-votre-chien-sent-pire-que-ses-amis.jpg","contentUrl":"https:\/\/vieassociative.be\/actualites\/wp-content\/uploads\/2024\/12\/Pourquoi-votre-chien-sent-pire-que-ses-amis.jpg","width":1200,"height":675,"caption":"Pourquoi votre chien sent pire que ses amis"},{"@type":"BreadcrumbList","@id":"https:\/\/vieassociative.be\/actualites\/pourquoi-votre-chien-sent-pire-que-ses-amis\/#breadcrumb","itemListElement":[{"@type":"ListItem","position":1,"name":"Accueil","item":"https:\/\/vieassociative.be\/actualites\/"},{"@type":"ListItem","position":2,"name":"Pourquoi votre chien sent pire que ses amis"}]},{"@type":"WebSite","@id":"https:\/\/vieassociative.be\/actualites\/#website","url":"https:\/\/vieassociative.be\/actualites\/","name":"Vie Associative","description":"","publisher":{"@id":"https:\/\/vieassociative.be\/actualites\/#organization"},"potentialAction":[{"@type":"SearchAction","target":{"@type":"EntryPoint","urlTemplate":"https:\/\/vieassociative.be\/actualites\/?s={search_term_string}"},"query-input":{"@type":"PropertyValueSpecification","valueRequired":true,"valueName":"search_term_string"}}],"inLanguage":"fr-BE"},{"@type":"Organization","@id":"https:\/\/vieassociative.be\/actualites\/#organization","name":"Vie Associative","url":"https:\/\/vieassociative.be\/actualites\/","logo":{"@type":"ImageObject","inLanguage":"fr-BE","@id":"https:\/\/vieassociative.be\/actualites\/#\/schema\/logo\/image\/","url":"https:\/\/vieassociative.be\/actualites\/wp-content\/uploads\/2024\/09\/cropped-vieassociative_favicon.ico.png","contentUrl":"https:\/\/vieassociative.be\/actualites\/wp-content\/uploads\/2024\/09\/cropped-vieassociative_favicon.ico.png","width":512,"height":512,"caption":"Vie Associative"},"image":{"@id":"https:\/\/vieassociative.be\/actualites\/#\/schema\/logo\/image\/"}},{"@type":"Person","@id":"https:\/\/vieassociative.be\/actualites\/#\/schema\/person\/b87ac4f82f9d4e7b7cec7395b679edc4","name":"Julien","image":{"@type":"ImageObject","inLanguage":"fr-BE","@id":"https:\/\/vieassociative.be\/actualites\/#\/schema\/person\/image\/","url":"https:\/\/vieassociative.be\/actualites\/wp-content\/uploads\/2024\/09\/vie-associative-1-150x150.jpg","contentUrl":"https:\/\/vieassociative.be\/actualites\/wp-content\/uploads\/2024\/09\/vie-associative-1-150x150.jpg","caption":"Julien"},"description":"Je suis Julien, r\u00e9dacteur pour Vie Associative. Passionn\u00e9 par le monde associatif depuis plus de 10 ans, j'ai \u00e0 c\u0153ur de partager des histoires inspirantes et de mettre en lumi\u00e8re les initiatives locales. Mon objectif est de sensibiliser et d'encourager l'engagement communautaire \u00e0 travers mes articles.","sameAs":["https:\/\/vieassociative.be\/"]}]}},"_links":{"self":[{"href":"https:\/\/vieassociative.be\/actualites\/wp-json\/wp\/v2\/posts\/3166"}],"collection":[{"href":"https:\/\/vieassociative.be\/actualites\/wp-json\/wp\/v2\/posts"}],"about":[{"href":"https:\/\/vieassociative.be\/actualites\/wp-json\/wp\/v2\/types\/post"}],"author":[{"embeddable":true,"href":"https:\/\/vieassociative.be\/actualites\/wp-json\/wp\/v2\/users\/1"}],"replies":[{"embeddable":true,"href":"https:\/\/vieassociative.be\/actualites\/wp-json\/wp\/v2\/comments?post=3166"}],"version-history":[{"count":0,"href":"https:\/\/vieassociative.be\/actualites\/wp-json\/wp\/v2\/posts\/3166\/revisions"}],"wp:featuredmedia":[{"embeddable":true,"href":"https:\/\/vieassociative.be\/actualites\/wp-json\/wp\/v2\/media\/3167"}],"wp:attachment":[{"href":"https:\/\/vieassociative.be\/actualites\/wp-json\/wp\/v2\/media?parent=3166"}],"wp:term":[{"taxonomy":"category","embeddable":true,"href":"https:\/\/vieassociative.be\/actualites\/wp-json\/wp\/v2\/categories?post=3166"},{"taxonomy":"post_tag","embeddable":true,"href":"https:\/\/vieassociative.be\/actualites\/wp-json\/wp\/v2\/tags?post=3166"}],"curies":[{"name":"wp","href":"https:\/\/api.w.org\/{rel}","templated":true}]}}