{"id":3163,"date":"2024-12-07T21:17:17","date_gmt":"2024-12-07T20:17:17","guid":{"rendered":"https:\/\/vieassociative.be\/actualites\/bundesliga-musiala-fait-office-de-joker-et-libere-le-bayern\/"},"modified":"2024-12-07T21:17:17","modified_gmt":"2024-12-07T20:17:17","slug":"bundesliga-musiala-fait-office-de-joker-et-libere-le-bayern","status":"publish","type":"post","link":"https:\/\/vieassociative.be\/actualites\/bundesliga-musiala-fait-office-de-joker-et-libere-le-bayern\/","title":{"rendered":"Bundesliga : Musiala fait office de joker et lib\u00e8re le Bayern"},"content":{"rendered":"<p><strong>Le FC Bayern ne fonctionne actuellement pas sans Jamal Musiala. Apr\u00e8s une sortie difficile de la Coupe, l&rsquo;entra\u00eeneur Kompany repose d&rsquo;abord son \u00e9toile contre Heidenheim. Ensuite, il est n\u00e9cessaire et marque deux fois.<\/strong><\/p>\n<p><span id=\"more-403560\"><\/span>Le FC Bayern a seulement eu du mal \u00e0 se d\u00e9barrasser de sa grande frustration en mati\u00e8re de coupe &#8211; et pour y parvenir, les leaders de la Bundesliga ont eu une fois de plus besoin du g\u00e9nie de Jamal Musiala. Le footballeur national a \u00e9t\u00e9 repos\u00e9 pendant 50 minutes par l&rsquo;entra\u00eeneur Vincent Kompany lors du match finalement mouvement\u00e9 4:2 (1:0) contre le 1. FC Heidenheim et a ensuite \u00e9t\u00e9 l&rsquo;homme d\u00e9cisif.<\/p>\n<div id=\"attachment_403565\" class=\"wp-caption alignleft\" style=\"max-width: 300px\"><img fetchpriority=\"high\" decoding=\"async\" class=\"wp-image-403565 size-medium\" src=\"https:\/\/vieassociative.be\/actualites\/wp-content\/uploads\/2024\/12\/Bundesliga-Musiala-fait-office-de-joker-et-libere-le.jpg\" alt=\"\" width=\"300\" height=\"195\"><\/p>\n<p class=\"wp-caption-text\">7 d\u00e9cembre 2024, Bavi\u00e8re, Munich : Dayot Upamecano de Munich marque pour le faire 1-0. Photo : Sven Hoppe\/dpa<\/p>\n<\/div>\n<p>Cinq minutes seulement apr\u00e8s avoir remplac\u00e9 le capitaine Thomas M\u00fcller, Musiala s&rsquo;\u00e9lan\u00e7ait irr\u00e9sistiblement balle au pied, tirait et c\u00e9l\u00e9brait (56e). Le ballon a touch\u00e9 le coin inf\u00e9rieur gauche.<\/p>\n<p>Le joueur de 21 ans a encore frapp\u00e9 dans les arr\u00eats de jeu. Le rempla\u00e7ant Leon Goretzka avait d\u00e9j\u00e0 inscrit le troisi\u00e8me but munichois (84e) devant 75 000 spectateurs. Dayot Upamecano menait le score 1-0 avant la pause apr\u00e8s un corner de Joshua Kimmich (18e).<\/p>\n<p>Les Heidenheimers, qui ont surtout d\u00e9fendu, sont revenus \u00e0 deux reprises apr\u00e8s un mauvais comportement d\u00e9fensif du Bayern de Mathias Honsak (50e) et Niklas Dorsch (85e). Sans l&rsquo;attaquant bless\u00e9 Harry Kane et le gardien Manuel Neuer (probl\u00e8mes de c\u00f4tes), gr\u00e2ce \u00e0 Musiala, le Bayern a eu de quoi assurer une victoire \u00e0 la veille de l&rsquo;assembl\u00e9e g\u00e9n\u00e9rale de ce dimanche.<\/p>\n","protected":false},"excerpt":{"rendered":"<p>Le FC Bayern ne fonctionne actuellement pas sans Jamal Musiala. Apr\u00e8s une sortie difficile de la Coupe, l&rsquo;entra\u00eeneur Kompany repose d&rsquo;abord son \u00e9toile contre Heidenheim.<\/p>\n","protected":false},"author":1,"featured_media":3164,"comment_status":"","ping_status":"","sticky":false,"template":"","format":"standard","meta":{"footnotes":""},"categories":[298],"tags":[2298,3644,635,3850,3851,3849,1604],"class_list":["post-3163","post","type-post","status-publish","format-standard","has-post-thumbnail","hentry","category-belgique","tag-bayern","tag-bundesliga","tag-fait","tag-joker","tag-libere","tag-musiala","tag-office","generate-columns","tablet-grid-50","mobile-grid-100","grid-parent","grid-33"],"yoast_head":"<!-- This site is optimized with the Yoast SEO plugin v24.0 - https:\/\/yoast.com\/wordpress\/plugins\/seo\/ -->\n<title>Bundesliga : Musiala fait office de joker et lib\u00e8re le Bayern | Vie Associative<\/title>\n<meta name=\"robots\" content=\"index, follow, max-snippet:-1, max-image-preview:large, max-video-preview:-1\" \/>\n<link rel=\"canonical\" href=\"https:\/\/vieassociative.be\/actualites\/bundesliga-musiala-fait-office-de-joker-et-libere-le-bayern\/\" \/>\n<meta property=\"og:locale\" content=\"fr_FR\" \/>\n<meta property=\"og:type\" content=\"article\" \/>\n<meta property=\"og:title\" content=\"Bundesliga : Musiala fait office de joker et lib\u00e8re le Bayern | Vie Associative\" \/>\n<meta property=\"og:description\" content=\"Le FC Bayern ne fonctionne actuellement pas sans Jamal Musiala. Apr\u00e8s une sortie difficile de la Coupe, l&rsquo;entra\u00eeneur Kompany repose d&rsquo;abord son \u00e9toile contre Heidenheim.\" \/>\n<meta property=\"og:url\" content=\"https:\/\/vieassociative.be\/actualites\/bundesliga-musiala-fait-office-de-joker-et-libere-le-bayern\/\" \/>\n<meta property=\"og:site_name\" content=\"Vie Associative\" \/>\n<meta property=\"article:published_time\" content=\"2024-12-07T20:17:17+00:00\" \/>\n<meta property=\"og:image\" content=\"https:\/\/vieassociative.be\/actualites\/wp-content\/uploads\/2024\/12\/Bundesliga-Musiala-fait-office-de-joker-et-libere-le.jpg\" \/>\n<meta name=\"author\" content=\"Julien\" \/>\n<meta name=\"twitter:card\" content=\"summary_large_image\" \/>\n<meta name=\"twitter:label1\" content=\"\u00c9crit par\" \/>\n\t<meta name=\"twitter:data1\" content=\"Julien\" \/>\n\t<meta name=\"twitter:label2\" content=\"Dur\u00e9e de lecture est.\" \/>\n\t<meta name=\"twitter:data2\" content=\"1 minute\" \/>\n<script type=\"application\/ld+json\" class=\"yoast-schema-graph\">{\"@context\":\"https:\/\/schema.org\",\"@graph\":[{\"@type\":\"Article\",\"@id\":\"https:\/\/vieassociative.be\/actualites\/bundesliga-musiala-fait-office-de-joker-et-libere-le-bayern\/#article\",\"isPartOf\":{\"@id\":\"https:\/\/vieassociative.be\/actualites\/bundesliga-musiala-fait-office-de-joker-et-libere-le-bayern\/\"},\"author\":{\"name\":\"Julien\",\"@id\":\"https:\/\/vieassociative.be\/actualites\/#\/schema\/person\/b87ac4f82f9d4e7b7cec7395b679edc4\"},\"headline\":\"Bundesliga : Musiala fait office de joker et lib\u00e8re le Bayern\",\"datePublished\":\"2024-12-07T20:17:17+00:00\",\"dateModified\":\"2024-12-07T20:17:17+00:00\",\"mainEntityOfPage\":{\"@id\":\"https:\/\/vieassociative.be\/actualites\/bundesliga-musiala-fait-office-de-joker-et-libere-le-bayern\/\"},\"wordCount\":292,\"publisher\":{\"@id\":\"https:\/\/vieassociative.be\/actualites\/#organization\"},\"image\":{\"@id\":\"https:\/\/vieassociative.be\/actualites\/bundesliga-musiala-fait-office-de-joker-et-libere-le-bayern\/#primaryimage\"},\"thumbnailUrl\":\"https:\/\/vieassociative.be\/actualites\/wp-content\/uploads\/2024\/12\/1733602637_Bundesliga-Musiala-fait-office-de-joker-et-libere-le.jpg\",\"keywords\":[\"Bayern\",\"Bundesliga\",\"fait\",\"joker\",\"lib\u00e8re\",\"Musiala\",\"Office\"],\"articleSection\":[\"Belgique\"],\"inLanguage\":\"fr-BE\"},{\"@type\":\"WebPage\",\"@id\":\"https:\/\/vieassociative.be\/actualites\/bundesliga-musiala-fait-office-de-joker-et-libere-le-bayern\/\",\"url\":\"https:\/\/vieassociative.be\/actualites\/bundesliga-musiala-fait-office-de-joker-et-libere-le-bayern\/\",\"name\":\"Bundesliga : Musiala fait office de joker et lib\u00e8re le Bayern | Vie Associative\",\"isPartOf\":{\"@id\":\"https:\/\/vieassociative.be\/actualites\/#website\"},\"primaryImageOfPage\":{\"@id\":\"https:\/\/vieassociative.be\/actualites\/bundesliga-musiala-fait-office-de-joker-et-libere-le-bayern\/#primaryimage\"},\"image\":{\"@id\":\"https:\/\/vieassociative.be\/actualites\/bundesliga-musiala-fait-office-de-joker-et-libere-le-bayern\/#primaryimage\"},\"thumbnailUrl\":\"https:\/\/vieassociative.be\/actualites\/wp-content\/uploads\/2024\/12\/1733602637_Bundesliga-Musiala-fait-office-de-joker-et-libere-le.jpg\",\"datePublished\":\"2024-12-07T20:17:17+00:00\",\"dateModified\":\"2024-12-07T20:17:17+00:00\",\"breadcrumb\":{\"@id\":\"https:\/\/vieassociative.be\/actualites\/bundesliga-musiala-fait-office-de-joker-et-libere-le-bayern\/#breadcrumb\"},\"inLanguage\":\"fr-BE\",\"potentialAction\":[{\"@type\":\"ReadAction\",\"target\":[\"https:\/\/vieassociative.be\/actualites\/bundesliga-musiala-fait-office-de-joker-et-libere-le-bayern\/\"]}]},{\"@type\":\"ImageObject\",\"inLanguage\":\"fr-BE\",\"@id\":\"https:\/\/vieassociative.be\/actualites\/bundesliga-musiala-fait-office-de-joker-et-libere-le-bayern\/#primaryimage\",\"url\":\"https:\/\/vieassociative.be\/actualites\/wp-content\/uploads\/2024\/12\/1733602637_Bundesliga-Musiala-fait-office-de-joker-et-libere-le.jpg\",\"contentUrl\":\"https:\/\/vieassociative.be\/actualites\/wp-content\/uploads\/2024\/12\/1733602637_Bundesliga-Musiala-fait-office-de-joker-et-libere-le.jpg\",\"width\":1200,\"height\":880,\"caption\":\"Bundesliga : Musiala fait office de joker et lib\u00e8re le Bayern\"},{\"@type\":\"BreadcrumbList\",\"@id\":\"https:\/\/vieassociative.be\/actualites\/bundesliga-musiala-fait-office-de-joker-et-libere-le-bayern\/#breadcrumb\",\"itemListElement\":[{\"@type\":\"ListItem\",\"position\":1,\"name\":\"Accueil\",\"item\":\"https:\/\/vieassociative.be\/actualites\/\"},{\"@type\":\"ListItem\",\"position\":2,\"name\":\"Bundesliga : Musiala fait office de joker et lib\u00e8re le Bayern\"}]},{\"@type\":\"WebSite\",\"@id\":\"https:\/\/vieassociative.be\/actualites\/#website\",\"url\":\"https:\/\/vieassociative.be\/actualites\/\",\"name\":\"Vie Associative\",\"description\":\"\",\"publisher\":{\"@id\":\"https:\/\/vieassociative.be\/actualites\/#organization\"},\"potentialAction\":[{\"@type\":\"SearchAction\",\"target\":{\"@type\":\"EntryPoint\",\"urlTemplate\":\"https:\/\/vieassociative.be\/actualites\/?s={search_term_string}\"},\"query-input\":{\"@type\":\"PropertyValueSpecification\",\"valueRequired\":true,\"valueName\":\"search_term_string\"}}],\"inLanguage\":\"fr-BE\"},{\"@type\":\"Organization\",\"@id\":\"https:\/\/vieassociative.be\/actualites\/#organization\",\"name\":\"Vie Associative\",\"url\":\"https:\/\/vieassociative.be\/actualites\/\",\"logo\":{\"@type\":\"ImageObject\",\"inLanguage\":\"fr-BE\",\"@id\":\"https:\/\/vieassociative.be\/actualites\/#\/schema\/logo\/image\/\",\"url\":\"https:\/\/vieassociative.be\/actualites\/wp-content\/uploads\/2024\/09\/cropped-vieassociative_favicon.ico.png\",\"contentUrl\":\"https:\/\/vieassociative.be\/actualites\/wp-content\/uploads\/2024\/09\/cropped-vieassociative_favicon.ico.png\",\"width\":512,\"height\":512,\"caption\":\"Vie Associative\"},\"image\":{\"@id\":\"https:\/\/vieassociative.be\/actualites\/#\/schema\/logo\/image\/\"}},{\"@type\":\"Person\",\"@id\":\"https:\/\/vieassociative.be\/actualites\/#\/schema\/person\/b87ac4f82f9d4e7b7cec7395b679edc4\",\"name\":\"Julien\",\"image\":{\"@type\":\"ImageObject\",\"inLanguage\":\"fr-BE\",\"@id\":\"https:\/\/vieassociative.be\/actualites\/#\/schema\/person\/image\/\",\"url\":\"https:\/\/vieassociative.be\/actualites\/wp-content\/uploads\/2024\/09\/vie-associative-1-150x150.jpg\",\"contentUrl\":\"https:\/\/vieassociative.be\/actualites\/wp-content\/uploads\/2024\/09\/vie-associative-1-150x150.jpg\",\"caption\":\"Julien\"},\"description\":\"Je suis Julien, r\u00e9dacteur pour Vie Associative. Passionn\u00e9 par le monde associatif depuis plus de 10 ans, j'ai \u00e0 c\u0153ur de partager des histoires inspirantes et de mettre en lumi\u00e8re les initiatives locales. Mon objectif est de sensibiliser et d'encourager l'engagement communautaire \u00e0 travers mes articles.\",\"sameAs\":[\"https:\/\/vieassociative.be\/\"]}]}<\/script>\n<!-- \/ Yoast SEO plugin. -->","yoast_head_json":{"title":"Bundesliga : Musiala fait office de joker et lib\u00e8re le Bayern | Vie Associative","robots":{"index":"index","follow":"follow","max-snippet":"max-snippet:-1","max-image-preview":"max-image-preview:large","max-video-preview":"max-video-preview:-1"},"canonical":"https:\/\/vieassociative.be\/actualites\/bundesliga-musiala-fait-office-de-joker-et-libere-le-bayern\/","og_locale":"fr_FR","og_type":"article","og_title":"Bundesliga : Musiala fait office de joker et lib\u00e8re le Bayern | Vie Associative","og_description":"Le FC Bayern ne fonctionne actuellement pas sans Jamal Musiala. Apr\u00e8s une sortie difficile de la Coupe, l&rsquo;entra\u00eeneur Kompany repose d&rsquo;abord son \u00e9toile contre Heidenheim.","og_url":"https:\/\/vieassociative.be\/actualites\/bundesliga-musiala-fait-office-de-joker-et-libere-le-bayern\/","og_site_name":"Vie Associative","article_published_time":"2024-12-07T20:17:17+00:00","og_image":[{"url":"https:\/\/vieassociative.be\/actualites\/wp-content\/uploads\/2024\/12\/Bundesliga-Musiala-fait-office-de-joker-et-libere-le.jpg","type":"","width":"","height":""}],"author":"Julien","twitter_card":"summary_large_image","twitter_misc":{"\u00c9crit par":"Julien","Dur\u00e9e de lecture est.":"1 minute"},"schema":{"@context":"https:\/\/schema.org","@graph":[{"@type":"Article","@id":"https:\/\/vieassociative.be\/actualites\/bundesliga-musiala-fait-office-de-joker-et-libere-le-bayern\/#article","isPartOf":{"@id":"https:\/\/vieassociative.be\/actualites\/bundesliga-musiala-fait-office-de-joker-et-libere-le-bayern\/"},"author":{"name":"Julien","@id":"https:\/\/vieassociative.be\/actualites\/#\/schema\/person\/b87ac4f82f9d4e7b7cec7395b679edc4"},"headline":"Bundesliga : Musiala fait office de joker et lib\u00e8re le Bayern","datePublished":"2024-12-07T20:17:17+00:00","dateModified":"2024-12-07T20:17:17+00:00","mainEntityOfPage":{"@id":"https:\/\/vieassociative.be\/actualites\/bundesliga-musiala-fait-office-de-joker-et-libere-le-bayern\/"},"wordCount":292,"publisher":{"@id":"https:\/\/vieassociative.be\/actualites\/#organization"},"image":{"@id":"https:\/\/vieassociative.be\/actualites\/bundesliga-musiala-fait-office-de-joker-et-libere-le-bayern\/#primaryimage"},"thumbnailUrl":"https:\/\/vieassociative.be\/actualites\/wp-content\/uploads\/2024\/12\/1733602637_Bundesliga-Musiala-fait-office-de-joker-et-libere-le.jpg","keywords":["Bayern","Bundesliga","fait","joker","lib\u00e8re","Musiala","Office"],"articleSection":["Belgique"],"inLanguage":"fr-BE"},{"@type":"WebPage","@id":"https:\/\/vieassociative.be\/actualites\/bundesliga-musiala-fait-office-de-joker-et-libere-le-bayern\/","url":"https:\/\/vieassociative.be\/actualites\/bundesliga-musiala-fait-office-de-joker-et-libere-le-bayern\/","name":"Bundesliga : Musiala fait office de joker et lib\u00e8re le Bayern | Vie Associative","isPartOf":{"@id":"https:\/\/vieassociative.be\/actualites\/#website"},"primaryImageOfPage":{"@id":"https:\/\/vieassociative.be\/actualites\/bundesliga-musiala-fait-office-de-joker-et-libere-le-bayern\/#primaryimage"},"image":{"@id":"https:\/\/vieassociative.be\/actualites\/bundesliga-musiala-fait-office-de-joker-et-libere-le-bayern\/#primaryimage"},"thumbnailUrl":"https:\/\/vieassociative.be\/actualites\/wp-content\/uploads\/2024\/12\/1733602637_Bundesliga-Musiala-fait-office-de-joker-et-libere-le.jpg","datePublished":"2024-12-07T20:17:17+00:00","dateModified":"2024-12-07T20:17:17+00:00","breadcrumb":{"@id":"https:\/\/vieassociative.be\/actualites\/bundesliga-musiala-fait-office-de-joker-et-libere-le-bayern\/#breadcrumb"},"inLanguage":"fr-BE","potentialAction":[{"@type":"ReadAction","target":["https:\/\/vieassociative.be\/actualites\/bundesliga-musiala-fait-office-de-joker-et-libere-le-bayern\/"]}]},{"@type":"ImageObject","inLanguage":"fr-BE","@id":"https:\/\/vieassociative.be\/actualites\/bundesliga-musiala-fait-office-de-joker-et-libere-le-bayern\/#primaryimage","url":"https:\/\/vieassociative.be\/actualites\/wp-content\/uploads\/2024\/12\/1733602637_Bundesliga-Musiala-fait-office-de-joker-et-libere-le.jpg","contentUrl":"https:\/\/vieassociative.be\/actualites\/wp-content\/uploads\/2024\/12\/1733602637_Bundesliga-Musiala-fait-office-de-joker-et-libere-le.jpg","width":1200,"height":880,"caption":"Bundesliga : Musiala fait office de joker et lib\u00e8re le Bayern"},{"@type":"BreadcrumbList","@id":"https:\/\/vieassociative.be\/actualites\/bundesliga-musiala-fait-office-de-joker-et-libere-le-bayern\/#breadcrumb","itemListElement":[{"@type":"ListItem","position":1,"name":"Accueil","item":"https:\/\/vieassociative.be\/actualites\/"},{"@type":"ListItem","position":2,"name":"Bundesliga : Musiala fait office de joker et lib\u00e8re le Bayern"}]},{"@type":"WebSite","@id":"https:\/\/vieassociative.be\/actualites\/#website","url":"https:\/\/vieassociative.be\/actualites\/","name":"Vie Associative","description":"","publisher":{"@id":"https:\/\/vieassociative.be\/actualites\/#organization"},"potentialAction":[{"@type":"SearchAction","target":{"@type":"EntryPoint","urlTemplate":"https:\/\/vieassociative.be\/actualites\/?s={search_term_string}"},"query-input":{"@type":"PropertyValueSpecification","valueRequired":true,"valueName":"search_term_string"}}],"inLanguage":"fr-BE"},{"@type":"Organization","@id":"https:\/\/vieassociative.be\/actualites\/#organization","name":"Vie Associative","url":"https:\/\/vieassociative.be\/actualites\/","logo":{"@type":"ImageObject","inLanguage":"fr-BE","@id":"https:\/\/vieassociative.be\/actualites\/#\/schema\/logo\/image\/","url":"https:\/\/vieassociative.be\/actualites\/wp-content\/uploads\/2024\/09\/cropped-vieassociative_favicon.ico.png","contentUrl":"https:\/\/vieassociative.be\/actualites\/wp-content\/uploads\/2024\/09\/cropped-vieassociative_favicon.ico.png","width":512,"height":512,"caption":"Vie Associative"},"image":{"@id":"https:\/\/vieassociative.be\/actualites\/#\/schema\/logo\/image\/"}},{"@type":"Person","@id":"https:\/\/vieassociative.be\/actualites\/#\/schema\/person\/b87ac4f82f9d4e7b7cec7395b679edc4","name":"Julien","image":{"@type":"ImageObject","inLanguage":"fr-BE","@id":"https:\/\/vieassociative.be\/actualites\/#\/schema\/person\/image\/","url":"https:\/\/vieassociative.be\/actualites\/wp-content\/uploads\/2024\/09\/vie-associative-1-150x150.jpg","contentUrl":"https:\/\/vieassociative.be\/actualites\/wp-content\/uploads\/2024\/09\/vie-associative-1-150x150.jpg","caption":"Julien"},"description":"Je suis Julien, r\u00e9dacteur pour Vie Associative. Passionn\u00e9 par le monde associatif depuis plus de 10 ans, j'ai \u00e0 c\u0153ur de partager des histoires inspirantes et de mettre en lumi\u00e8re les initiatives locales. Mon objectif est de sensibiliser et d'encourager l'engagement communautaire \u00e0 travers mes articles.","sameAs":["https:\/\/vieassociative.be\/"]}]}},"_links":{"self":[{"href":"https:\/\/vieassociative.be\/actualites\/wp-json\/wp\/v2\/posts\/3163"}],"collection":[{"href":"https:\/\/vieassociative.be\/actualites\/wp-json\/wp\/v2\/posts"}],"about":[{"href":"https:\/\/vieassociative.be\/actualites\/wp-json\/wp\/v2\/types\/post"}],"author":[{"embeddable":true,"href":"https:\/\/vieassociative.be\/actualites\/wp-json\/wp\/v2\/users\/1"}],"replies":[{"embeddable":true,"href":"https:\/\/vieassociative.be\/actualites\/wp-json\/wp\/v2\/comments?post=3163"}],"version-history":[{"count":0,"href":"https:\/\/vieassociative.be\/actualites\/wp-json\/wp\/v2\/posts\/3163\/revisions"}],"wp:featuredmedia":[{"embeddable":true,"href":"https:\/\/vieassociative.be\/actualites\/wp-json\/wp\/v2\/media\/3164"}],"wp:attachment":[{"href":"https:\/\/vieassociative.be\/actualites\/wp-json\/wp\/v2\/media?parent=3163"}],"wp:term":[{"taxonomy":"category","embeddable":true,"href":"https:\/\/vieassociative.be\/actualites\/wp-json\/wp\/v2\/categories?post=3163"},{"taxonomy":"post_tag","embeddable":true,"href":"https:\/\/vieassociative.be\/actualites\/wp-json\/wp\/v2\/tags?post=3163"}],"curies":[{"name":"wp","href":"https:\/\/api.w.org\/{rel}","templated":true}]}}