{"id":3161,"date":"2024-12-07T20:17:23","date_gmt":"2024-12-07T19:17:23","guid":{"rendered":"https:\/\/vieassociative.be\/actualites\/mes-cadeaux-preferes-pour-le-voyageur-frequent-dans-votre-vie\/"},"modified":"2024-12-07T20:17:23","modified_gmt":"2024-12-07T19:17:23","slug":"mes-cadeaux-preferes-pour-le-voyageur-frequent-dans-votre-vie","status":"publish","type":"post","link":"https:\/\/vieassociative.be\/actualites\/mes-cadeaux-preferes-pour-le-voyageur-frequent-dans-votre-vie\/","title":{"rendered":"Mes cadeaux pr\u00e9f\u00e9r\u00e9s pour le voyageur fr\u00e9quent dans votre vie"},"content":{"rendered":"<div class=\"mt-4 leading-6 md:mb-8\">Ce sont mes meilleurs choix pour la personne qui semble toujours en mouvement.<\/div>\n<p><\/p>\n<p>Connaissez-vous quelqu&rsquo;un qui semble toujours aller&#8230; <em>quelque part<\/em>? Vous regarderez des Stories Instagram et les voil\u00e0 arriv\u00e9s, assis dans un salon d&rsquo;a\u00e9roport ou posant dans un restaurant qui n&rsquo;est certainement pas dans la ville o\u00f9 ils vivent. Que cette personne soit constamment d\u00e9plac\u00e9e en raison de son travail ou qu&rsquo;elle soit simplement un fervent partisan du concept de vacances, vous pouvez profiter des vacances comme d&rsquo;une opportunit\u00e9 pour lui offrir quelque chose qui lui rendra la vie plus facile et meilleure, peu importe o\u00f9. ils sont dans le monde.<\/p>\n<h2 id=\"the-best-gifts-for-frequent-flyers\">Les meilleurs cadeaux pour les voyageurs fr\u00e9quents<\/h2>\n<p>Votre voyageur fr\u00e9quent a probablement d\u00e9j\u00e0 des bagages qu&rsquo;il aime et qui conviennent \u00e0 son style de vie et \u00e0 ses besoins, alors n&rsquo;essayez pas de les offrir en cadeau \u00e0 moins d&rsquo;\u00eatre s\u00fbr qu&rsquo;ils le souhaitent. Mais vous savez ce qu\u2019ils n\u2019ont probablement pas ? Une balance pour s&rsquo;assurer que les bagages respectent les exigences de poids des compagnies a\u00e9riennes. Un p\u00e8se-bagages portable ne co\u00fbte que 10,99 $ pour vous, mais il est inestimable pour eux. Eh bien, vous pouvez peut-\u00eatre mettre un prix sur sa valeur, car cela est sur le point de leur faire \u00e9conomiser beaucoup en frais de surpond\u00e9ration.<\/p>\n<div class=\"pogoClear mb-12 mt-10 rounded-md border-2 border-gray-100 py-7 shadow-xl md:py-6\">\n<div class=\"flex flex-wrap justify-between px-7 text-black no-underline md:flex-nowrap md:px-8\">\n<div class=\"order-1 mx-auto flex flex-col justify-center md:order-2 md:ml-4 md:w-full md:grow\">\n<div class=\"block cursor-pointer text-center font-akshar text-2xl font-medium leading-7 text-brand-green duration-200 ease-in-out hover:text-brand-green-700 md:text-left md:text-xl md:leading-6\">Balance \u00e0 bagages portable num\u00e9rique Etekcity\n                <\/div>\n<div class=\"mt-4 hidden md:flex md:justify-between\">\n<div class=\"self-end\">\n<div class=\"mb-0 h-11 md:flex md:flex-col md:justify-center\">\n<div class=\" font-sans leading-4 text-black\">\n<div class=\"flex flex-wrap items-center justify-center gap-x-1 md:justify-start\">\n        <span class=\"font-bold\"><\/p>\n<p>            10,99\u00a0$<br \/>\n                            <span class=\"font-medium\">chez Amazon<\/span><br \/>\n                    <\/span><br \/>\n                    <img decoding=\"async\" class=\"mt-0 h-(15px)\" src=\"https:\/\/vieassociative.be\/actualites\/wp-content\/uploads\/2024\/12\/Mes-cadeaux-preferes-pour-le-voyageur-frequent-dans-votre-vie.svg.svg+xml\" title=\"Amazon Premier\" alt=\"Amazon Premier\">\n            <\/div>\n<\/p><\/div>\n<\/p><\/div>\n<\/p><\/div>\n<div class=\"w-44 self-end\">\n                            <button class=\"flex justify-center items-center w-full bg-brand-green text-white text-base font-sans font-medium rounded-md hover:bg-brand-green-700 hover:cursor-pointer md:text-sm h-11\"><\/p>\n<p>    Achetez maintenant<br \/>\n<\/button>\n                        <\/div>\n<\/p><\/div>\n<\/p><\/div>\n<div class=\"order-2 mt-5 h-auto w-full md:order-1 md:mt-0 md:hidden\">\n<div class=\"flex aspect-video items-center justify-center\">\n                                            <img decoding=\"async\" class=\"m-0 max-h-full max-w-full rounded-md\" src=\"https:\/\/vieassociative.be\/actualites\/wp-content\/uploads\/2024\/12\/Mes-cadeaux-preferes-pour-le-voyageur-frequent-dans-votre-vie.jpg\" alt=\"Balance \u00e0 bagages portable num\u00e9rique Etekcity\" width=\"auto\" height=\"auto\" loading=\"lazy\">\n                                    <\/div>\n<\/p><\/div>\n<div class=\"order-2 ml-2 hidden w-32 shrink-0 items-center md:order-1 md:ml-0 md:flex\">\n<div class=\"flex aspect-video items-center justify-center\">\n                                            <img decoding=\"async\" class=\"m-0 max-h-full max-w-full rounded-md\" src=\"https:\/\/vieassociative.be\/actualites\/wp-content\/uploads\/2024\/12\/Mes-cadeaux-preferes-pour-le-voyageur-frequent-dans-votre-vie.jpg\" alt=\"Balance \u00e0 bagages portable num\u00e9rique Etekcity\" width=\"auto\" height=\"auto\" loading=\"lazy\">\n                                    <\/div>\n<\/p><\/div>\n<div class=\"order-3 flex grow flex-wrap md:hidden md:grow-0\">\n<div class=\"mt-4 w-full\">\n                        <button class=\"flex justify-center items-center w-full bg-brand-green text-white text-base font-sans font-medium rounded-md hover:bg-brand-green-700 hover:cursor-pointer md:text-sm h-11\"><\/p>\n<p>    Achetez maintenant<br \/>\n<\/button>\n                    <\/div>\n<div class=\"mx-2 mt-4 w-full\">\n<div class=\" font-sans leading-4 text-black\">\n<div class=\"flex flex-wrap items-center justify-center gap-x-1 md:justify-start\">\n        <span class=\"font-bold\"><\/p>\n<p>            10,99\u00a0$<br \/>\n                            <span class=\"font-medium\">chez Amazon<\/span><br \/>\n                    <\/span><br \/>\n                    <img decoding=\"async\" class=\"mt-0 h-(15px)\" src=\"https:\/\/vieassociative.be\/actualites\/wp-content\/uploads\/2024\/12\/Mes-cadeaux-preferes-pour-le-voyageur-frequent-dans-votre-vie.svg.svg+xml\" title=\"Amazon Premier\" alt=\"Amazon Premier\">\n            <\/div>\n<\/p><\/div>\n<\/p><\/div>\n<\/p><\/div>\n<\/p><\/div>\n<\/div>\n<p>Parlons ensuite de technologie, en particulier de la recharge et du stockage de la technologie. Regardez autour d\u2019un a\u00e9roport de temps en temps. Tout le monde est 1. sur son t\u00e9l\u00e9phone et 2. en train de le charger simultan\u00e9ment. \u00c9pargnez \u00e0 votre destinataire le choix impossible de savoir s&rsquo;il doit charger ses \u00e9couteurs, sa montre intelligente ou son t\u00e9l\u00e9phone avec sa pr\u00e9cieuse prise et procurez-vous plut\u00f4t ce chargeur pliable trois-en-un (20,34 $). Ou, s&rsquo;il s&rsquo;agit d&rsquo;un explorateur international, essayez un \u00e9tui \u00e0 passeport rechargeable, comme celui de Lovie Style (43,99 $). Ils doivent d\u00e9j\u00e0 conserver leur passeport sur eux, vous pouvez donc contribuer \u00e0 lui donner une double fonction de cette fa\u00e7on. De plus, il est peu probable qu\u2019ils en aient d\u00e9j\u00e0 un comme celui-ci, c\u2019est donc une victoire pour les vacances. <\/p>\n<p>Pour l&rsquo;avion lui-m\u00eame, j&rsquo;ai deux suggestions : un support de t\u00e9l\u00e9phone magn\u00e9tique PROFezzion (14,99 $) et l&rsquo;adaptateur Bluetooth Lavales (29,99 $). Avec ceux-ci, vous garantissez que votre voyageur pourra se divertir pendant son vol, quoi qu&rsquo;il arrive. Le support de t\u00e9l\u00e9phone maintient un t\u00e9l\u00e9phone devant quelqu&rsquo;un, le fixant au si\u00e8ge devant lui, tandis que l&rsquo;adaptateur lui permet d&rsquo;utiliser ses propres \u00e9couteurs sans fil pour \u00e9couter les divertissements en vol. <\/p>\n<p>Enfin, pensez \u00e0 un Dapper Wrapper (26,16 $), un organisateur technologique portable qui s&rsquo;enroule et maintient les cordons et les petits appareils s\u00e9par\u00e9s et en s\u00e9curit\u00e9 dans un sac, quelle que soit la vitesse \u00e0 laquelle ils courent pour se rendre \u00e0 leur porte.<\/p>\n<h2 id=\"the-best-gifts-for-traveling\">Les meilleurs cadeaux pour voyager<\/h2>\n<p>Que ce soit dans l&rsquo;avion ou dans une chambre d&rsquo;h\u00f4tel dans un nouvel endroit \u00e9trange, votre cadeau peut avoir du mal \u00e0 dormir. Puis-je sugg\u00e9rer les \u00e9couteurs de sommeil Muciozy (22,79 $)\u00a0? Ce sont des \u00e9couteurs Bluetooth avec un masque pour les yeux attach\u00e9, ce qui cr\u00e9e un environnement de sommeil tr\u00e8s personnalis\u00e9. <\/p>\n<div class=\"pogoClear mb-12 mt-10 rounded-md border-2 border-gray-100 py-7 shadow-xl md:py-6\">\n<div class=\"flex flex-wrap justify-between px-7 text-black no-underline md:flex-nowrap md:px-8\">\n<div class=\"order-1 mx-auto flex flex-col justify-center md:order-2 md:ml-4 md:w-full md:grow\">\n<div class=\"block cursor-pointer text-center font-akshar text-2xl font-medium leading-7 text-brand-green duration-200 ease-in-out hover:text-brand-green-700 md:text-left md:text-xl md:leading-6\">\u00c9couteurs de sommeil MUSICOZY\n                <\/div>\n<div class=\"mt-4 hidden md:flex md:justify-between\">\n<div class=\"self-end\">\n<div class=\"mb-0 h-11 md:flex md:flex-col md:justify-center\">\n<div class=\" font-sans leading-4 text-black\">\n<div class=\"flex flex-wrap items-center justify-center gap-x-1 md:justify-start\">\n        <span class=\"font-bold\"><\/p>\n<p>            29,99\u00a0$<br \/>\n                            <span class=\"font-medium\">chez Amazon<\/span><br \/>\n                    <\/span><br \/>\n                    <img decoding=\"async\" class=\"mt-0 h-(15px)\" src=\"https:\/\/vieassociative.be\/actualites\/wp-content\/uploads\/2024\/12\/Mes-cadeaux-preferes-pour-le-voyageur-frequent-dans-votre-vie.svg.svg+xml\" title=\"Amazon Premier\" alt=\"Amazon Premier\">\n            <\/div>\n<div class=\"flex items-center justify-center gap-x-1 font-bold md:justify-start\">\n            <span class=\"text-sm line-through\">39,99\u00a0$<\/span><br \/>\n            <span class=\"text-sm text-brand-green\">\u00c9conomisez 10,00\u00a0$<\/span>\n        <\/div>\n<\/p><\/div>\n<\/p><\/div>\n<\/p><\/div>\n<div class=\"w-44 self-end\">\n                            <button class=\"flex justify-center items-center w-full bg-brand-green text-white text-base font-sans font-medium rounded-md hover:bg-brand-green-700 hover:cursor-pointer md:text-sm h-11\"><\/p>\n<p>    Achetez maintenant<br \/>\n<\/button>\n                        <\/div>\n<\/p><\/div>\n<\/p><\/div>\n<div class=\"order-2 mt-5 h-auto w-full md:order-1 md:mt-0 md:hidden\">\n<div class=\"flex aspect-video items-center justify-center\">\n                                            <img decoding=\"async\" class=\"m-0 max-h-full max-w-full rounded-md\" src=\"https:\/\/vieassociative.be\/actualites\/wp-content\/uploads\/2024\/12\/1733599043_394_Mes-cadeaux-preferes-pour-le-voyageur-frequent-dans-votre-vie.jpg\" alt=\"MUSICOZY \u00c9couteurs de sommeil Bluetooth 5.2, bandeau, masque pour les yeux, pour maman, femme, homme, \u00e9couteurs de musique sans fil pour dormeurs lat\u00e9raux, haut-parleurs HD int\u00e9gr\u00e9s, gadgets sympas, cadeaux uniques\" width=\"auto\" height=\"auto\" loading=\"lazy\">\n                                    <\/div>\n<\/p><\/div>\n<div class=\"order-2 ml-2 hidden w-32 shrink-0 items-center md:order-1 md:ml-0 md:flex\">\n<div class=\"flex aspect-video items-center justify-center\">\n                                            <img decoding=\"async\" class=\"m-0 max-h-full max-w-full rounded-md\" src=\"https:\/\/vieassociative.be\/actualites\/wp-content\/uploads\/2024\/12\/1733599043_394_Mes-cadeaux-preferes-pour-le-voyageur-frequent-dans-votre-vie.jpg\" alt=\"MUSICOZY \u00c9couteurs de sommeil Bluetooth 5.2, bandeau, masque pour les yeux, pour maman, femme, homme, \u00e9couteurs de musique sans fil pour dormeurs lat\u00e9raux, haut-parleurs HD int\u00e9gr\u00e9s, gadgets sympas, cadeaux uniques\" width=\"auto\" height=\"auto\" loading=\"lazy\">\n                                    <\/div>\n<\/p><\/div>\n<div class=\"order-3 flex grow flex-wrap md:hidden md:grow-0\">\n<div class=\"mt-4 w-full\">\n                        <button class=\"flex justify-center items-center w-full bg-brand-green text-white text-base font-sans font-medium rounded-md hover:bg-brand-green-700 hover:cursor-pointer md:text-sm h-11\"><\/p>\n<p>    Achetez maintenant<br \/>\n<\/button>\n                    <\/div>\n<div class=\"mx-2 mt-4 w-full\">\n<div class=\" font-sans leading-4 text-black\">\n<div class=\"flex flex-wrap items-center justify-center gap-x-1 md:justify-start\">\n        <span class=\"font-bold\"><\/p>\n<p>            29,99\u00a0$<br \/>\n                            <span class=\"font-medium\">chez Amazon<\/span><br \/>\n                    <\/span><br \/>\n                    <img decoding=\"async\" class=\"mt-0 h-(15px)\" src=\"https:\/\/vieassociative.be\/actualites\/wp-content\/uploads\/2024\/12\/Mes-cadeaux-preferes-pour-le-voyageur-frequent-dans-votre-vie.svg.svg+xml\" title=\"Amazon Premier\" alt=\"Amazon Premier\">\n            <\/div>\n<div class=\"flex items-center justify-center gap-x-1 font-bold md:justify-start\">\n            <span class=\"text-sm line-through\">39,99\u00a0$<\/span><br \/>\n            <span class=\"text-sm text-brand-green\">\u00c9conomisez 10,00\u00a0$<\/span>\n        <\/div>\n<\/p><\/div>\n<\/p><\/div>\n<\/p><\/div>\n<\/p><\/div>\n<\/div>\n<p>Il y a quelques mois, j&rsquo;ai achet\u00e9 le sac de couchage Tan Fan (46 $). C&rsquo;est une sorte de sac de couchage soyeux qui est destin\u00e9 \u00e0 emp\u00eacher votre autobronzant de se r\u00e9pandre sur vos draps la nuit, et m\u00eame si je l&rsquo;utilise pour cela, j&rsquo;ai \u00e9galement d\u00e9couvert un double objectif : je l&rsquo;ai emmen\u00e9 en voyage avec moi, o\u00f9 je l&rsquo;ai utilis\u00e9 sans vergogne non seulement dans l&rsquo;avion, mais pour me s\u00e9parer des draps de mon h\u00f4tel. Je ne suis g\u00e9n\u00e9ralement pas une grande maniaque des germes, mais c&rsquo;\u00e9tait r\u00e9confortant de savoir que m\u00eame si le personnel d&rsquo;entretien se sentait paresseux cette semaine-l\u00e0, j&rsquo;\u00e9tais en s\u00e9curit\u00e9 dans un cocon personnel dans lequel je m&rsquo;\u00e9tais lav\u00e9. Il est si petit et pliable que c&rsquo;\u00e9tait un jeu d&rsquo;enfant de le ranger. Il s&rsquo;av\u00e8re qu&rsquo;il existe toutes sortes de doublures de sac de couchage si vous ne souhaitez pas acheter celle de marque autobronzante. Si votre destinataire s\u00e9journe dans des auberges ou sur Airbnb, cela pourrait \u00eatre un v\u00e9ritable gagnant. <\/p>\n<p>Une serviette de voyage est \u00e9galement un achat judicieux, surtout si votre voyageur aime le plein air ou s\u00e9journe dans des h\u00e9bergements autres que des h\u00f4tels. Le PackTowel Luxe (27,69 $) est petit, l\u00e9ger et facile \u00e0 transporter et \u00e0 ranger, mais toujours absorbant, de sorte qu&rsquo;il n&rsquo;a jamais besoin d&rsquo;\u00eatre mouill\u00e9 lorsqu&rsquo;il est en d\u00e9placement. <\/p>\n","protected":false},"excerpt":{"rendered":"<p>Ce sont mes meilleurs choix pour la personne qui semble toujours en mouvement. Connaissez-vous quelqu&rsquo;un qui semble toujours aller&#8230; quelque part? Vous regarderez des Stories<\/p>\n","protected":false},"author":1,"featured_media":3162,"comment_status":"","ping_status":"","sticky":false,"template":"","format":"standard","meta":{"footnotes":""},"categories":[12],"tags":[88,166,3848,87,81,89,58,8,3847],"class_list":["post-3161","post","type-post","status-publish","format-standard","has-post-thumbnail","hentry","category-voyage","tag-cadeaux","tag-dans","tag-frequent","tag-mes","tag-pour","tag-preferes","tag-vie","tag-votre","tag-voyageur","generate-columns","tablet-grid-50","mobile-grid-100","grid-parent","grid-33"],"yoast_head":"<!-- This site is optimized with the Yoast SEO plugin v24.0 - https:\/\/yoast.com\/wordpress\/plugins\/seo\/ -->\n<title>Mes cadeaux pr\u00e9f\u00e9r\u00e9s pour le voyageur fr\u00e9quent dans votre vie | Vie Associative<\/title>\n<meta name=\"robots\" content=\"index, follow, max-snippet:-1, max-image-preview:large, max-video-preview:-1\" \/>\n<link rel=\"canonical\" href=\"https:\/\/vieassociative.be\/actualites\/mes-cadeaux-preferes-pour-le-voyageur-frequent-dans-votre-vie\/\" \/>\n<meta property=\"og:locale\" content=\"fr_FR\" \/>\n<meta property=\"og:type\" content=\"article\" \/>\n<meta property=\"og:title\" content=\"Mes cadeaux pr\u00e9f\u00e9r\u00e9s pour le voyageur fr\u00e9quent dans votre vie | Vie Associative\" \/>\n<meta property=\"og:description\" content=\"Ce sont mes meilleurs choix pour la personne qui semble toujours en mouvement. Connaissez-vous quelqu&rsquo;un qui semble toujours aller&#8230; quelque part? Vous regarderez des Stories\" \/>\n<meta property=\"og:url\" content=\"https:\/\/vieassociative.be\/actualites\/mes-cadeaux-preferes-pour-le-voyageur-frequent-dans-votre-vie\/\" \/>\n<meta property=\"og:site_name\" content=\"Vie Associative\" \/>\n<meta property=\"article:published_time\" content=\"2024-12-07T19:17:23+00:00\" \/>\n<meta property=\"og:image\" content=\"https:\/\/vieassociative.be\/actualites\/wp-content\/uploads\/2024\/12\/Mes-cadeaux-preferes-pour-le-voyageur-frequent-dans-votre-vie.svg.svg+xml\" \/>\n<meta name=\"author\" content=\"Julien\" \/>\n<meta name=\"twitter:card\" content=\"summary_large_image\" \/>\n<meta name=\"twitter:label1\" content=\"\u00c9crit par\" \/>\n\t<meta name=\"twitter:data1\" content=\"Julien\" \/>\n\t<meta name=\"twitter:label2\" content=\"Dur\u00e9e de lecture est.\" \/>\n\t<meta name=\"twitter:data2\" content=\"4 minutes\" \/>\n<script type=\"application\/ld+json\" class=\"yoast-schema-graph\">{\"@context\":\"https:\/\/schema.org\",\"@graph\":[{\"@type\":\"Article\",\"@id\":\"https:\/\/vieassociative.be\/actualites\/mes-cadeaux-preferes-pour-le-voyageur-frequent-dans-votre-vie\/#article\",\"isPartOf\":{\"@id\":\"https:\/\/vieassociative.be\/actualites\/mes-cadeaux-preferes-pour-le-voyageur-frequent-dans-votre-vie\/\"},\"author\":{\"name\":\"Julien\",\"@id\":\"https:\/\/vieassociative.be\/actualites\/#\/schema\/person\/b87ac4f82f9d4e7b7cec7395b679edc4\"},\"headline\":\"Mes cadeaux pr\u00e9f\u00e9r\u00e9s pour le voyageur fr\u00e9quent dans votre vie\",\"datePublished\":\"2024-12-07T19:17:23+00:00\",\"dateModified\":\"2024-12-07T19:17:23+00:00\",\"mainEntityOfPage\":{\"@id\":\"https:\/\/vieassociative.be\/actualites\/mes-cadeaux-preferes-pour-le-voyageur-frequent-dans-votre-vie\/\"},\"wordCount\":852,\"publisher\":{\"@id\":\"https:\/\/vieassociative.be\/actualites\/#organization\"},\"image\":{\"@id\":\"https:\/\/vieassociative.be\/actualites\/mes-cadeaux-preferes-pour-le-voyageur-frequent-dans-votre-vie\/#primaryimage\"},\"thumbnailUrl\":\"https:\/\/vieassociative.be\/actualites\/wp-content\/uploads\/2024\/12\/Mes-cadeaux-preferes-pour-le-voyageur-frequent-dans-votre-vie.png\",\"keywords\":[\"cadeaux\",\"dans\",\"fr\u00e9quent\",\"Mes\",\"pour\",\"pr\u00e9f\u00e9r\u00e9s\",\"vie\",\"votre\",\"voyageur\"],\"articleSection\":[\"Voyage\"],\"inLanguage\":\"fr-BE\"},{\"@type\":\"WebPage\",\"@id\":\"https:\/\/vieassociative.be\/actualites\/mes-cadeaux-preferes-pour-le-voyageur-frequent-dans-votre-vie\/\",\"url\":\"https:\/\/vieassociative.be\/actualites\/mes-cadeaux-preferes-pour-le-voyageur-frequent-dans-votre-vie\/\",\"name\":\"Mes cadeaux pr\u00e9f\u00e9r\u00e9s pour le voyageur fr\u00e9quent dans votre vie | Vie Associative\",\"isPartOf\":{\"@id\":\"https:\/\/vieassociative.be\/actualites\/#website\"},\"primaryImageOfPage\":{\"@id\":\"https:\/\/vieassociative.be\/actualites\/mes-cadeaux-preferes-pour-le-voyageur-frequent-dans-votre-vie\/#primaryimage\"},\"image\":{\"@id\":\"https:\/\/vieassociative.be\/actualites\/mes-cadeaux-preferes-pour-le-voyageur-frequent-dans-votre-vie\/#primaryimage\"},\"thumbnailUrl\":\"https:\/\/vieassociative.be\/actualites\/wp-content\/uploads\/2024\/12\/Mes-cadeaux-preferes-pour-le-voyageur-frequent-dans-votre-vie.png\",\"datePublished\":\"2024-12-07T19:17:23+00:00\",\"dateModified\":\"2024-12-07T19:17:23+00:00\",\"breadcrumb\":{\"@id\":\"https:\/\/vieassociative.be\/actualites\/mes-cadeaux-preferes-pour-le-voyageur-frequent-dans-votre-vie\/#breadcrumb\"},\"inLanguage\":\"fr-BE\",\"potentialAction\":[{\"@type\":\"ReadAction\",\"target\":[\"https:\/\/vieassociative.be\/actualites\/mes-cadeaux-preferes-pour-le-voyageur-frequent-dans-votre-vie\/\"]}]},{\"@type\":\"ImageObject\",\"inLanguage\":\"fr-BE\",\"@id\":\"https:\/\/vieassociative.be\/actualites\/mes-cadeaux-preferes-pour-le-voyageur-frequent-dans-votre-vie\/#primaryimage\",\"url\":\"https:\/\/vieassociative.be\/actualites\/wp-content\/uploads\/2024\/12\/Mes-cadeaux-preferes-pour-le-voyageur-frequent-dans-votre-vie.png\",\"contentUrl\":\"https:\/\/vieassociative.be\/actualites\/wp-content\/uploads\/2024\/12\/Mes-cadeaux-preferes-pour-le-voyageur-frequent-dans-votre-vie.png\",\"width\":1199,\"height\":675,\"caption\":\"Mes cadeaux pr\u00e9f\u00e9r\u00e9s pour le voyageur fr\u00e9quent dans votre vie\"},{\"@type\":\"BreadcrumbList\",\"@id\":\"https:\/\/vieassociative.be\/actualites\/mes-cadeaux-preferes-pour-le-voyageur-frequent-dans-votre-vie\/#breadcrumb\",\"itemListElement\":[{\"@type\":\"ListItem\",\"position\":1,\"name\":\"Accueil\",\"item\":\"https:\/\/vieassociative.be\/actualites\/\"},{\"@type\":\"ListItem\",\"position\":2,\"name\":\"Mes cadeaux pr\u00e9f\u00e9r\u00e9s pour le voyageur fr\u00e9quent dans votre vie\"}]},{\"@type\":\"WebSite\",\"@id\":\"https:\/\/vieassociative.be\/actualites\/#website\",\"url\":\"https:\/\/vieassociative.be\/actualites\/\",\"name\":\"Vie Associative\",\"description\":\"\",\"publisher\":{\"@id\":\"https:\/\/vieassociative.be\/actualites\/#organization\"},\"potentialAction\":[{\"@type\":\"SearchAction\",\"target\":{\"@type\":\"EntryPoint\",\"urlTemplate\":\"https:\/\/vieassociative.be\/actualites\/?s={search_term_string}\"},\"query-input\":{\"@type\":\"PropertyValueSpecification\",\"valueRequired\":true,\"valueName\":\"search_term_string\"}}],\"inLanguage\":\"fr-BE\"},{\"@type\":\"Organization\",\"@id\":\"https:\/\/vieassociative.be\/actualites\/#organization\",\"name\":\"Vie Associative\",\"url\":\"https:\/\/vieassociative.be\/actualites\/\",\"logo\":{\"@type\":\"ImageObject\",\"inLanguage\":\"fr-BE\",\"@id\":\"https:\/\/vieassociative.be\/actualites\/#\/schema\/logo\/image\/\",\"url\":\"https:\/\/vieassociative.be\/actualites\/wp-content\/uploads\/2024\/09\/cropped-vieassociative_favicon.ico.png\",\"contentUrl\":\"https:\/\/vieassociative.be\/actualites\/wp-content\/uploads\/2024\/09\/cropped-vieassociative_favicon.ico.png\",\"width\":512,\"height\":512,\"caption\":\"Vie Associative\"},\"image\":{\"@id\":\"https:\/\/vieassociative.be\/actualites\/#\/schema\/logo\/image\/\"}},{\"@type\":\"Person\",\"@id\":\"https:\/\/vieassociative.be\/actualites\/#\/schema\/person\/b87ac4f82f9d4e7b7cec7395b679edc4\",\"name\":\"Julien\",\"image\":{\"@type\":\"ImageObject\",\"inLanguage\":\"fr-BE\",\"@id\":\"https:\/\/vieassociative.be\/actualites\/#\/schema\/person\/image\/\",\"url\":\"https:\/\/vieassociative.be\/actualites\/wp-content\/uploads\/2024\/09\/vie-associative-1-150x150.jpg\",\"contentUrl\":\"https:\/\/vieassociative.be\/actualites\/wp-content\/uploads\/2024\/09\/vie-associative-1-150x150.jpg\",\"caption\":\"Julien\"},\"description\":\"Je suis Julien, r\u00e9dacteur pour Vie Associative. Passionn\u00e9 par le monde associatif depuis plus de 10 ans, j'ai \u00e0 c\u0153ur de partager des histoires inspirantes et de mettre en lumi\u00e8re les initiatives locales. Mon objectif est de sensibiliser et d'encourager l'engagement communautaire \u00e0 travers mes articles.\",\"sameAs\":[\"https:\/\/vieassociative.be\/\"]}]}<\/script>\n<!-- \/ Yoast SEO plugin. -->","yoast_head_json":{"title":"Mes cadeaux pr\u00e9f\u00e9r\u00e9s pour le voyageur fr\u00e9quent dans votre vie | Vie Associative","robots":{"index":"index","follow":"follow","max-snippet":"max-snippet:-1","max-image-preview":"max-image-preview:large","max-video-preview":"max-video-preview:-1"},"canonical":"https:\/\/vieassociative.be\/actualites\/mes-cadeaux-preferes-pour-le-voyageur-frequent-dans-votre-vie\/","og_locale":"fr_FR","og_type":"article","og_title":"Mes cadeaux pr\u00e9f\u00e9r\u00e9s pour le voyageur fr\u00e9quent dans votre vie | Vie Associative","og_description":"Ce sont mes meilleurs choix pour la personne qui semble toujours en mouvement. Connaissez-vous quelqu&rsquo;un qui semble toujours aller&#8230; quelque part? Vous regarderez des Stories","og_url":"https:\/\/vieassociative.be\/actualites\/mes-cadeaux-preferes-pour-le-voyageur-frequent-dans-votre-vie\/","og_site_name":"Vie Associative","article_published_time":"2024-12-07T19:17:23+00:00","og_image":[{"url":"https:\/\/vieassociative.be\/actualites\/wp-content\/uploads\/2024\/12\/Mes-cadeaux-preferes-pour-le-voyageur-frequent-dans-votre-vie.svg.svg+xml","type":"","width":"","height":""}],"author":"Julien","twitter_card":"summary_large_image","twitter_misc":{"\u00c9crit par":"Julien","Dur\u00e9e de lecture est.":"4 minutes"},"schema":{"@context":"https:\/\/schema.org","@graph":[{"@type":"Article","@id":"https:\/\/vieassociative.be\/actualites\/mes-cadeaux-preferes-pour-le-voyageur-frequent-dans-votre-vie\/#article","isPartOf":{"@id":"https:\/\/vieassociative.be\/actualites\/mes-cadeaux-preferes-pour-le-voyageur-frequent-dans-votre-vie\/"},"author":{"name":"Julien","@id":"https:\/\/vieassociative.be\/actualites\/#\/schema\/person\/b87ac4f82f9d4e7b7cec7395b679edc4"},"headline":"Mes cadeaux pr\u00e9f\u00e9r\u00e9s pour le voyageur fr\u00e9quent dans votre vie","datePublished":"2024-12-07T19:17:23+00:00","dateModified":"2024-12-07T19:17:23+00:00","mainEntityOfPage":{"@id":"https:\/\/vieassociative.be\/actualites\/mes-cadeaux-preferes-pour-le-voyageur-frequent-dans-votre-vie\/"},"wordCount":852,"publisher":{"@id":"https:\/\/vieassociative.be\/actualites\/#organization"},"image":{"@id":"https:\/\/vieassociative.be\/actualites\/mes-cadeaux-preferes-pour-le-voyageur-frequent-dans-votre-vie\/#primaryimage"},"thumbnailUrl":"https:\/\/vieassociative.be\/actualites\/wp-content\/uploads\/2024\/12\/Mes-cadeaux-preferes-pour-le-voyageur-frequent-dans-votre-vie.png","keywords":["cadeaux","dans","fr\u00e9quent","Mes","pour","pr\u00e9f\u00e9r\u00e9s","vie","votre","voyageur"],"articleSection":["Voyage"],"inLanguage":"fr-BE"},{"@type":"WebPage","@id":"https:\/\/vieassociative.be\/actualites\/mes-cadeaux-preferes-pour-le-voyageur-frequent-dans-votre-vie\/","url":"https:\/\/vieassociative.be\/actualites\/mes-cadeaux-preferes-pour-le-voyageur-frequent-dans-votre-vie\/","name":"Mes cadeaux pr\u00e9f\u00e9r\u00e9s pour le voyageur fr\u00e9quent dans votre vie | Vie Associative","isPartOf":{"@id":"https:\/\/vieassociative.be\/actualites\/#website"},"primaryImageOfPage":{"@id":"https:\/\/vieassociative.be\/actualites\/mes-cadeaux-preferes-pour-le-voyageur-frequent-dans-votre-vie\/#primaryimage"},"image":{"@id":"https:\/\/vieassociative.be\/actualites\/mes-cadeaux-preferes-pour-le-voyageur-frequent-dans-votre-vie\/#primaryimage"},"thumbnailUrl":"https:\/\/vieassociative.be\/actualites\/wp-content\/uploads\/2024\/12\/Mes-cadeaux-preferes-pour-le-voyageur-frequent-dans-votre-vie.png","datePublished":"2024-12-07T19:17:23+00:00","dateModified":"2024-12-07T19:17:23+00:00","breadcrumb":{"@id":"https:\/\/vieassociative.be\/actualites\/mes-cadeaux-preferes-pour-le-voyageur-frequent-dans-votre-vie\/#breadcrumb"},"inLanguage":"fr-BE","potentialAction":[{"@type":"ReadAction","target":["https:\/\/vieassociative.be\/actualites\/mes-cadeaux-preferes-pour-le-voyageur-frequent-dans-votre-vie\/"]}]},{"@type":"ImageObject","inLanguage":"fr-BE","@id":"https:\/\/vieassociative.be\/actualites\/mes-cadeaux-preferes-pour-le-voyageur-frequent-dans-votre-vie\/#primaryimage","url":"https:\/\/vieassociative.be\/actualites\/wp-content\/uploads\/2024\/12\/Mes-cadeaux-preferes-pour-le-voyageur-frequent-dans-votre-vie.png","contentUrl":"https:\/\/vieassociative.be\/actualites\/wp-content\/uploads\/2024\/12\/Mes-cadeaux-preferes-pour-le-voyageur-frequent-dans-votre-vie.png","width":1199,"height":675,"caption":"Mes cadeaux pr\u00e9f\u00e9r\u00e9s pour le voyageur fr\u00e9quent dans votre vie"},{"@type":"BreadcrumbList","@id":"https:\/\/vieassociative.be\/actualites\/mes-cadeaux-preferes-pour-le-voyageur-frequent-dans-votre-vie\/#breadcrumb","itemListElement":[{"@type":"ListItem","position":1,"name":"Accueil","item":"https:\/\/vieassociative.be\/actualites\/"},{"@type":"ListItem","position":2,"name":"Mes cadeaux pr\u00e9f\u00e9r\u00e9s pour le voyageur fr\u00e9quent dans votre vie"}]},{"@type":"WebSite","@id":"https:\/\/vieassociative.be\/actualites\/#website","url":"https:\/\/vieassociative.be\/actualites\/","name":"Vie Associative","description":"","publisher":{"@id":"https:\/\/vieassociative.be\/actualites\/#organization"},"potentialAction":[{"@type":"SearchAction","target":{"@type":"EntryPoint","urlTemplate":"https:\/\/vieassociative.be\/actualites\/?s={search_term_string}"},"query-input":{"@type":"PropertyValueSpecification","valueRequired":true,"valueName":"search_term_string"}}],"inLanguage":"fr-BE"},{"@type":"Organization","@id":"https:\/\/vieassociative.be\/actualites\/#organization","name":"Vie Associative","url":"https:\/\/vieassociative.be\/actualites\/","logo":{"@type":"ImageObject","inLanguage":"fr-BE","@id":"https:\/\/vieassociative.be\/actualites\/#\/schema\/logo\/image\/","url":"https:\/\/vieassociative.be\/actualites\/wp-content\/uploads\/2024\/09\/cropped-vieassociative_favicon.ico.png","contentUrl":"https:\/\/vieassociative.be\/actualites\/wp-content\/uploads\/2024\/09\/cropped-vieassociative_favicon.ico.png","width":512,"height":512,"caption":"Vie Associative"},"image":{"@id":"https:\/\/vieassociative.be\/actualites\/#\/schema\/logo\/image\/"}},{"@type":"Person","@id":"https:\/\/vieassociative.be\/actualites\/#\/schema\/person\/b87ac4f82f9d4e7b7cec7395b679edc4","name":"Julien","image":{"@type":"ImageObject","inLanguage":"fr-BE","@id":"https:\/\/vieassociative.be\/actualites\/#\/schema\/person\/image\/","url":"https:\/\/vieassociative.be\/actualites\/wp-content\/uploads\/2024\/09\/vie-associative-1-150x150.jpg","contentUrl":"https:\/\/vieassociative.be\/actualites\/wp-content\/uploads\/2024\/09\/vie-associative-1-150x150.jpg","caption":"Julien"},"description":"Je suis Julien, r\u00e9dacteur pour Vie Associative. Passionn\u00e9 par le monde associatif depuis plus de 10 ans, j'ai \u00e0 c\u0153ur de partager des histoires inspirantes et de mettre en lumi\u00e8re les initiatives locales. Mon objectif est de sensibiliser et d'encourager l'engagement communautaire \u00e0 travers mes articles.","sameAs":["https:\/\/vieassociative.be\/"]}]}},"_links":{"self":[{"href":"https:\/\/vieassociative.be\/actualites\/wp-json\/wp\/v2\/posts\/3161"}],"collection":[{"href":"https:\/\/vieassociative.be\/actualites\/wp-json\/wp\/v2\/posts"}],"about":[{"href":"https:\/\/vieassociative.be\/actualites\/wp-json\/wp\/v2\/types\/post"}],"author":[{"embeddable":true,"href":"https:\/\/vieassociative.be\/actualites\/wp-json\/wp\/v2\/users\/1"}],"replies":[{"embeddable":true,"href":"https:\/\/vieassociative.be\/actualites\/wp-json\/wp\/v2\/comments?post=3161"}],"version-history":[{"count":0,"href":"https:\/\/vieassociative.be\/actualites\/wp-json\/wp\/v2\/posts\/3161\/revisions"}],"wp:featuredmedia":[{"embeddable":true,"href":"https:\/\/vieassociative.be\/actualites\/wp-json\/wp\/v2\/media\/3162"}],"wp:attachment":[{"href":"https:\/\/vieassociative.be\/actualites\/wp-json\/wp\/v2\/media?parent=3161"}],"wp:term":[{"taxonomy":"category","embeddable":true,"href":"https:\/\/vieassociative.be\/actualites\/wp-json\/wp\/v2\/categories?post=3161"},{"taxonomy":"post_tag","embeddable":true,"href":"https:\/\/vieassociative.be\/actualites\/wp-json\/wp\/v2\/tags?post=3161"}],"curies":[{"name":"wp","href":"https:\/\/api.w.org\/{rel}","templated":true}]}}