{"id":3159,"date":"2024-12-07T18:17:21","date_gmt":"2024-12-07T17:17:21","guid":{"rendered":"https:\/\/vieassociative.be\/actualites\/comment-eviter-de-transmettre-vos-peurs-a-vos-enfants\/"},"modified":"2024-12-07T18:17:21","modified_gmt":"2024-12-07T17:17:21","slug":"comment-eviter-de-transmettre-vos-peurs-a-vos-enfants","status":"publish","type":"post","link":"https:\/\/vieassociative.be\/actualites\/comment-eviter-de-transmettre-vos-peurs-a-vos-enfants\/","title":{"rendered":"Comment \u00e9viter de transmettre vos peurs \u00e0 vos enfants"},"content":{"rendered":"<div class=\"mt-4 leading-6 md:mb-8\">Les enfants remarquent plus que nous ne le pensons\u00a0: voici comment vous assurer qu\u2019ils n\u2019h\u00e9ritent pas de nos peurs.<\/div>\n<p><\/p>\n<p>En tant que parents, nous souhaitons tous que nos enfants aient une vie meilleure que la n\u00f4tre. Cela est particuli\u00e8rement vrai lorsqu&rsquo;il s&rsquo;agit de s&rsquo;assurer que nos enfants \u00e9vitent certaines de nos angoisses, qu&rsquo;il s&rsquo;agisse de la peur de l&rsquo;avion, de la conduite automobile, des hauteurs ou des angoisses li\u00e9es \u00e0 l&rsquo;argent ou \u00e0 la socialisation. <\/p>\n<p>\u00ab\u00a0Ce n&rsquo;est pas facile parce que nous avons tous peur de quelque chose\u00a0\u00bb, a d\u00e9clar\u00e9 Susan Newman, psychologue, experte en parentalit\u00e9 et auteur de <em>\u00catre parent d&rsquo;un enfant unique\u00a0: les joies et les d\u00e9fis d&rsquo;\u00e9lever votre seul et unique.  <\/em><\/p>\n<h2 id=\"our-children-notice-more-than-we-realize\"><strong>Nos enfants remarquent plus que nous ne le pensons<\/strong> <\/h2>\n<p>Il est facile de penser que nous pouvons \u00e9viter de transmettre nos peurs simplement en les cachant \u00e0 nos enfants. Cependant, comme le souligne Newman, les enfants remarquent plus que nous ne le pensons. \u00ab\u00a0Les enfants sont bien plus \u00e0 l&rsquo;\u00e9coute de leurs parents que ce que ceux-ci aiment croire\u00a0\u00bb, a d\u00e9clar\u00e9 Newman. \u00ab\u00a0Cela commence assez t\u00f4t.\u00a0\u00bb  <\/p>\n<p>Nos enfants d\u00e9pendent de nous pour tous leurs besoins physiques et \u00e9motionnels, ce qui signifie qu&rsquo;ils sont programm\u00e9s pour capter nos paroles, nos actions et notre langage corporel, qu&rsquo;il s&rsquo;agisse de remarquer la fa\u00e7on dont nous \u00e9vitons toujours les chiens ou la fa\u00e7on dont nous nous tendons. en conduisant, ou les conversations feutr\u00e9es sur l&rsquo;argent.  <\/p>\n<p>\u00ab\u00a0Ils ont leurs antennes dress\u00e9es, \u00e0 l&rsquo;\u00e9coute de la fa\u00e7on dont leurs parents agissent et r\u00e9agissent\u00a0\u00bb, a d\u00e9clar\u00e9 Newman. \u00ab\u00a0Si nous pensons camoufler notre anxi\u00e9t\u00e9, c&rsquo;est tr\u00e8s peu probable.\u00a0\u00bb  <\/p>\n<h2 id=\"how-we-can-model-healthy-coping-strategies\"><strong>Comment pouvons-nous mod\u00e9liser des strat\u00e9gies d\u2019adaptation saines<\/strong> <\/h2>\n<p>Les enfants vont remarquer nos peurs. Devenir totalement intr\u00e9pide n&rsquo;est g\u00e9n\u00e9ralement pas une option &#8211; et n&rsquo;est peut-\u00eatre pas la meilleure strat\u00e9gie, \u00e9tant donn\u00e9 qu&rsquo;une certaine quantit\u00e9 de peur est normale et saine &#8211; donc la meilleure fa\u00e7on d&rsquo;aider vos enfants \u00e0 \u00e9viter vos peurs est de les reconna\u00eetre et de leur donner l&rsquo;exemple de strat\u00e9gies d&rsquo;adaptation saines.  <\/p>\n<p>Certaines des suggestions de Newman incluent le travail actif sur vos propres peurs, la recherche d&rsquo;autres adultes qui peuvent aider vos enfants dans les activit\u00e9s que vous craignez et la lecture de livres \u00e0 vos enfants sur la fa\u00e7on de vaincre vos peurs.  <\/p>\n<p>Parfois, il est \u00e9galement utile d\u2019\u00eatre honn\u00eate avec vos enfants. \u00ab\u00a0Souvent, vous pouvez expliquer \u00e0 votre enfant ce que vous avez manqu\u00e9\u00a0\u00bb, a d\u00e9clar\u00e9 Newman. Par exemple, si vous avez peur de nager, vous pouvez expliquer votre regret de ne pas avoir suivi de cours de natation durant votre enfance, et toutes les \u00e9ventuelles activit\u00e9s que vous avez manqu\u00e9es en cons\u00e9quence.  <\/p>\n<h2 id=\"avoid-saying-be-careful\"><strong>\u00c9vitez de dire \u00ab soyez prudent \u00bb<\/strong><\/h2>\n<p>Newman recommande \u00e9galement d&rsquo;\u00e9viter de dire \u00e0 votre enfant de faire attention, car cela tend \u00e0 \u00eatre une d\u00e9claration qui \u00e9voque la peur ou la prudence. Elle recommande plut\u00f4t d\u2019utiliser un langage sp\u00e9cifique et de se concentrer sur la r\u00e9solution de probl\u00e8mes. Par exemple, au lieu de dire \u00e0 votre enfant de faire attention lorsqu&rsquo;il grimpe \u00e0 un arbre, vous pouvez lui demander s&rsquo;il a r\u00e9fl\u00e9chi \u00e0 la fa\u00e7on dont il va y grimper.  <\/p>\n<p>En discuter avec votre enfant peut l&rsquo;aider \u00e0 r\u00e9fl\u00e9chir \u00e0 la mani\u00e8re dont il pourrait grimper \u00e0 l&rsquo;arbre, aux risques potentiels et \u00e0 la question de savoir si c&rsquo;est quelque chose qu&rsquo;il pense pouvoir r\u00e9ussir.  <\/p>\n<p>\u00ab\u00a0Vous donnez \u00e0 l&rsquo;enfant les outils dont il a besoin pour \u00e9valuer les situations dans lesquelles il pourrait se trouver sans vous\u00a0\u00bb, a d\u00e9clar\u00e9 Newman. <\/p>\n","protected":false},"excerpt":{"rendered":"<p>Les enfants remarquent plus que nous ne le pensons\u00a0: voici comment vous assurer qu\u2019ils n\u2019h\u00e9ritent pas de nos peurs. En tant que parents, nous souhaitons<\/p>\n","protected":false},"author":1,"featured_media":3160,"comment_status":"","ping_status":"","sticky":false,"template":"","format":"standard","meta":{"footnotes":""},"categories":[37],"tags":[44,324,45,3846,3845,27],"class_list":["post-3159","post","type-post","status-publish","format-standard","has-post-thumbnail","hentry","category-famille","tag-comment","tag-enfants","tag-eviter","tag-peurs","tag-transmettre","tag-vos","generate-columns","tablet-grid-50","mobile-grid-100","grid-parent","grid-33"],"yoast_head":"<!-- This site is optimized with the Yoast SEO plugin v24.0 - https:\/\/yoast.com\/wordpress\/plugins\/seo\/ -->\n<title>Comment \u00e9viter de transmettre vos peurs \u00e0 vos enfants | Vie Associative<\/title>\n<meta name=\"robots\" content=\"index, follow, max-snippet:-1, max-image-preview:large, max-video-preview:-1\" \/>\n<link rel=\"canonical\" href=\"https:\/\/vieassociative.be\/actualites\/comment-eviter-de-transmettre-vos-peurs-a-vos-enfants\/\" \/>\n<meta property=\"og:locale\" content=\"fr_FR\" \/>\n<meta property=\"og:type\" content=\"article\" \/>\n<meta property=\"og:title\" content=\"Comment \u00e9viter de transmettre vos peurs \u00e0 vos enfants | Vie Associative\" \/>\n<meta property=\"og:description\" content=\"Les enfants remarquent plus que nous ne le pensons\u00a0: voici comment vous assurer qu\u2019ils n\u2019h\u00e9ritent pas de nos peurs. En tant que parents, nous souhaitons\" \/>\n<meta property=\"og:url\" content=\"https:\/\/vieassociative.be\/actualites\/comment-eviter-de-transmettre-vos-peurs-a-vos-enfants\/\" \/>\n<meta property=\"og:site_name\" content=\"Vie Associative\" \/>\n<meta property=\"article:published_time\" content=\"2024-12-07T17:17:21+00:00\" \/>\n<meta property=\"og:image\" content=\"https:\/\/vieassociative.be\/actualites\/wp-content\/uploads\/2024\/09\/header_backgroundk-01-e1726694325946.png\" \/>\n\t<meta property=\"og:image:width\" content=\"279\" \/>\n\t<meta property=\"og:image:height\" content=\"92\" \/>\n\t<meta property=\"og:image:type\" content=\"image\/png\" \/>\n<meta name=\"author\" content=\"Julien\" \/>\n<meta name=\"twitter:card\" content=\"summary_large_image\" \/>\n<meta name=\"twitter:label1\" content=\"\u00c9crit par\" \/>\n\t<meta name=\"twitter:data1\" content=\"Julien\" \/>\n\t<meta name=\"twitter:label2\" content=\"Dur\u00e9e de lecture est.\" \/>\n\t<meta name=\"twitter:data2\" content=\"3 minutes\" \/>\n<script type=\"application\/ld+json\" class=\"yoast-schema-graph\">{\"@context\":\"https:\/\/schema.org\",\"@graph\":[{\"@type\":\"Article\",\"@id\":\"https:\/\/vieassociative.be\/actualites\/comment-eviter-de-transmettre-vos-peurs-a-vos-enfants\/#article\",\"isPartOf\":{\"@id\":\"https:\/\/vieassociative.be\/actualites\/comment-eviter-de-transmettre-vos-peurs-a-vos-enfants\/\"},\"author\":{\"name\":\"Julien\",\"@id\":\"https:\/\/vieassociative.be\/actualites\/#\/schema\/person\/b87ac4f82f9d4e7b7cec7395b679edc4\"},\"headline\":\"Comment \u00e9viter de transmettre vos peurs \u00e0 vos enfants\",\"datePublished\":\"2024-12-07T17:17:21+00:00\",\"dateModified\":\"2024-12-07T17:17:21+00:00\",\"mainEntityOfPage\":{\"@id\":\"https:\/\/vieassociative.be\/actualites\/comment-eviter-de-transmettre-vos-peurs-a-vos-enfants\/\"},\"wordCount\":648,\"publisher\":{\"@id\":\"https:\/\/vieassociative.be\/actualites\/#organization\"},\"image\":{\"@id\":\"https:\/\/vieassociative.be\/actualites\/comment-eviter-de-transmettre-vos-peurs-a-vos-enfants\/#primaryimage\"},\"thumbnailUrl\":\"https:\/\/vieassociative.be\/actualites\/wp-content\/uploads\/2024\/12\/Comment-eviter-de-transmettre-vos-peurs-a-vos-enfants.jpg\",\"keywords\":[\"Comment\",\"enfants\",\"\u00e9viter\",\"peurs\",\"transmettre\",\"vos\"],\"articleSection\":[\"Famille\"],\"inLanguage\":\"fr-BE\"},{\"@type\":\"WebPage\",\"@id\":\"https:\/\/vieassociative.be\/actualites\/comment-eviter-de-transmettre-vos-peurs-a-vos-enfants\/\",\"url\":\"https:\/\/vieassociative.be\/actualites\/comment-eviter-de-transmettre-vos-peurs-a-vos-enfants\/\",\"name\":\"Comment \u00e9viter de transmettre vos peurs \u00e0 vos enfants | Vie Associative\",\"isPartOf\":{\"@id\":\"https:\/\/vieassociative.be\/actualites\/#website\"},\"primaryImageOfPage\":{\"@id\":\"https:\/\/vieassociative.be\/actualites\/comment-eviter-de-transmettre-vos-peurs-a-vos-enfants\/#primaryimage\"},\"image\":{\"@id\":\"https:\/\/vieassociative.be\/actualites\/comment-eviter-de-transmettre-vos-peurs-a-vos-enfants\/#primaryimage\"},\"thumbnailUrl\":\"https:\/\/vieassociative.be\/actualites\/wp-content\/uploads\/2024\/12\/Comment-eviter-de-transmettre-vos-peurs-a-vos-enfants.jpg\",\"datePublished\":\"2024-12-07T17:17:21+00:00\",\"dateModified\":\"2024-12-07T17:17:21+00:00\",\"breadcrumb\":{\"@id\":\"https:\/\/vieassociative.be\/actualites\/comment-eviter-de-transmettre-vos-peurs-a-vos-enfants\/#breadcrumb\"},\"inLanguage\":\"fr-BE\",\"potentialAction\":[{\"@type\":\"ReadAction\",\"target\":[\"https:\/\/vieassociative.be\/actualites\/comment-eviter-de-transmettre-vos-peurs-a-vos-enfants\/\"]}]},{\"@type\":\"ImageObject\",\"inLanguage\":\"fr-BE\",\"@id\":\"https:\/\/vieassociative.be\/actualites\/comment-eviter-de-transmettre-vos-peurs-a-vos-enfants\/#primaryimage\",\"url\":\"https:\/\/vieassociative.be\/actualites\/wp-content\/uploads\/2024\/12\/Comment-eviter-de-transmettre-vos-peurs-a-vos-enfants.jpg\",\"contentUrl\":\"https:\/\/vieassociative.be\/actualites\/wp-content\/uploads\/2024\/12\/Comment-eviter-de-transmettre-vos-peurs-a-vos-enfants.jpg\",\"width\":1200,\"height\":675,\"caption\":\"Comment \u00e9viter de transmettre vos peurs \u00e0 vos enfants\"},{\"@type\":\"BreadcrumbList\",\"@id\":\"https:\/\/vieassociative.be\/actualites\/comment-eviter-de-transmettre-vos-peurs-a-vos-enfants\/#breadcrumb\",\"itemListElement\":[{\"@type\":\"ListItem\",\"position\":1,\"name\":\"Accueil\",\"item\":\"https:\/\/vieassociative.be\/actualites\/\"},{\"@type\":\"ListItem\",\"position\":2,\"name\":\"Comment \u00e9viter de transmettre vos peurs \u00e0 vos enfants\"}]},{\"@type\":\"WebSite\",\"@id\":\"https:\/\/vieassociative.be\/actualites\/#website\",\"url\":\"https:\/\/vieassociative.be\/actualites\/\",\"name\":\"Vie Associative\",\"description\":\"\",\"publisher\":{\"@id\":\"https:\/\/vieassociative.be\/actualites\/#organization\"},\"potentialAction\":[{\"@type\":\"SearchAction\",\"target\":{\"@type\":\"EntryPoint\",\"urlTemplate\":\"https:\/\/vieassociative.be\/actualites\/?s={search_term_string}\"},\"query-input\":{\"@type\":\"PropertyValueSpecification\",\"valueRequired\":true,\"valueName\":\"search_term_string\"}}],\"inLanguage\":\"fr-BE\"},{\"@type\":\"Organization\",\"@id\":\"https:\/\/vieassociative.be\/actualites\/#organization\",\"name\":\"Vie Associative\",\"url\":\"https:\/\/vieassociative.be\/actualites\/\",\"logo\":{\"@type\":\"ImageObject\",\"inLanguage\":\"fr-BE\",\"@id\":\"https:\/\/vieassociative.be\/actualites\/#\/schema\/logo\/image\/\",\"url\":\"https:\/\/vieassociative.be\/actualites\/wp-content\/uploads\/2024\/09\/cropped-vieassociative_favicon.ico.png\",\"contentUrl\":\"https:\/\/vieassociative.be\/actualites\/wp-content\/uploads\/2024\/09\/cropped-vieassociative_favicon.ico.png\",\"width\":512,\"height\":512,\"caption\":\"Vie Associative\"},\"image\":{\"@id\":\"https:\/\/vieassociative.be\/actualites\/#\/schema\/logo\/image\/\"}},{\"@type\":\"Person\",\"@id\":\"https:\/\/vieassociative.be\/actualites\/#\/schema\/person\/b87ac4f82f9d4e7b7cec7395b679edc4\",\"name\":\"Julien\",\"image\":{\"@type\":\"ImageObject\",\"inLanguage\":\"fr-BE\",\"@id\":\"https:\/\/vieassociative.be\/actualites\/#\/schema\/person\/image\/\",\"url\":\"https:\/\/vieassociative.be\/actualites\/wp-content\/uploads\/2024\/09\/vie-associative-1-150x150.jpg\",\"contentUrl\":\"https:\/\/vieassociative.be\/actualites\/wp-content\/uploads\/2024\/09\/vie-associative-1-150x150.jpg\",\"caption\":\"Julien\"},\"description\":\"Je suis Julien, r\u00e9dacteur pour Vie Associative. Passionn\u00e9 par le monde associatif depuis plus de 10 ans, j'ai \u00e0 c\u0153ur de partager des histoires inspirantes et de mettre en lumi\u00e8re les initiatives locales. Mon objectif est de sensibiliser et d'encourager l'engagement communautaire \u00e0 travers mes articles.\",\"sameAs\":[\"https:\/\/vieassociative.be\/\"]}]}<\/script>\n<!-- \/ Yoast SEO plugin. -->","yoast_head_json":{"title":"Comment \u00e9viter de transmettre vos peurs \u00e0 vos enfants | Vie Associative","robots":{"index":"index","follow":"follow","max-snippet":"max-snippet:-1","max-image-preview":"max-image-preview:large","max-video-preview":"max-video-preview:-1"},"canonical":"https:\/\/vieassociative.be\/actualites\/comment-eviter-de-transmettre-vos-peurs-a-vos-enfants\/","og_locale":"fr_FR","og_type":"article","og_title":"Comment \u00e9viter de transmettre vos peurs \u00e0 vos enfants | Vie Associative","og_description":"Les enfants remarquent plus que nous ne le pensons\u00a0: voici comment vous assurer qu\u2019ils n\u2019h\u00e9ritent pas de nos peurs. En tant que parents, nous souhaitons","og_url":"https:\/\/vieassociative.be\/actualites\/comment-eviter-de-transmettre-vos-peurs-a-vos-enfants\/","og_site_name":"Vie Associative","article_published_time":"2024-12-07T17:17:21+00:00","og_image":[{"width":279,"height":92,"url":"https:\/\/vieassociative.be\/actualites\/wp-content\/uploads\/2024\/09\/header_backgroundk-01-e1726694325946.png","type":"image\/png"}],"author":"Julien","twitter_card":"summary_large_image","twitter_misc":{"\u00c9crit par":"Julien","Dur\u00e9e de lecture est.":"3 minutes"},"schema":{"@context":"https:\/\/schema.org","@graph":[{"@type":"Article","@id":"https:\/\/vieassociative.be\/actualites\/comment-eviter-de-transmettre-vos-peurs-a-vos-enfants\/#article","isPartOf":{"@id":"https:\/\/vieassociative.be\/actualites\/comment-eviter-de-transmettre-vos-peurs-a-vos-enfants\/"},"author":{"name":"Julien","@id":"https:\/\/vieassociative.be\/actualites\/#\/schema\/person\/b87ac4f82f9d4e7b7cec7395b679edc4"},"headline":"Comment \u00e9viter de transmettre vos peurs \u00e0 vos enfants","datePublished":"2024-12-07T17:17:21+00:00","dateModified":"2024-12-07T17:17:21+00:00","mainEntityOfPage":{"@id":"https:\/\/vieassociative.be\/actualites\/comment-eviter-de-transmettre-vos-peurs-a-vos-enfants\/"},"wordCount":648,"publisher":{"@id":"https:\/\/vieassociative.be\/actualites\/#organization"},"image":{"@id":"https:\/\/vieassociative.be\/actualites\/comment-eviter-de-transmettre-vos-peurs-a-vos-enfants\/#primaryimage"},"thumbnailUrl":"https:\/\/vieassociative.be\/actualites\/wp-content\/uploads\/2024\/12\/Comment-eviter-de-transmettre-vos-peurs-a-vos-enfants.jpg","keywords":["Comment","enfants","\u00e9viter","peurs","transmettre","vos"],"articleSection":["Famille"],"inLanguage":"fr-BE"},{"@type":"WebPage","@id":"https:\/\/vieassociative.be\/actualites\/comment-eviter-de-transmettre-vos-peurs-a-vos-enfants\/","url":"https:\/\/vieassociative.be\/actualites\/comment-eviter-de-transmettre-vos-peurs-a-vos-enfants\/","name":"Comment \u00e9viter de transmettre vos peurs \u00e0 vos enfants | Vie Associative","isPartOf":{"@id":"https:\/\/vieassociative.be\/actualites\/#website"},"primaryImageOfPage":{"@id":"https:\/\/vieassociative.be\/actualites\/comment-eviter-de-transmettre-vos-peurs-a-vos-enfants\/#primaryimage"},"image":{"@id":"https:\/\/vieassociative.be\/actualites\/comment-eviter-de-transmettre-vos-peurs-a-vos-enfants\/#primaryimage"},"thumbnailUrl":"https:\/\/vieassociative.be\/actualites\/wp-content\/uploads\/2024\/12\/Comment-eviter-de-transmettre-vos-peurs-a-vos-enfants.jpg","datePublished":"2024-12-07T17:17:21+00:00","dateModified":"2024-12-07T17:17:21+00:00","breadcrumb":{"@id":"https:\/\/vieassociative.be\/actualites\/comment-eviter-de-transmettre-vos-peurs-a-vos-enfants\/#breadcrumb"},"inLanguage":"fr-BE","potentialAction":[{"@type":"ReadAction","target":["https:\/\/vieassociative.be\/actualites\/comment-eviter-de-transmettre-vos-peurs-a-vos-enfants\/"]}]},{"@type":"ImageObject","inLanguage":"fr-BE","@id":"https:\/\/vieassociative.be\/actualites\/comment-eviter-de-transmettre-vos-peurs-a-vos-enfants\/#primaryimage","url":"https:\/\/vieassociative.be\/actualites\/wp-content\/uploads\/2024\/12\/Comment-eviter-de-transmettre-vos-peurs-a-vos-enfants.jpg","contentUrl":"https:\/\/vieassociative.be\/actualites\/wp-content\/uploads\/2024\/12\/Comment-eviter-de-transmettre-vos-peurs-a-vos-enfants.jpg","width":1200,"height":675,"caption":"Comment \u00e9viter de transmettre vos peurs \u00e0 vos enfants"},{"@type":"BreadcrumbList","@id":"https:\/\/vieassociative.be\/actualites\/comment-eviter-de-transmettre-vos-peurs-a-vos-enfants\/#breadcrumb","itemListElement":[{"@type":"ListItem","position":1,"name":"Accueil","item":"https:\/\/vieassociative.be\/actualites\/"},{"@type":"ListItem","position":2,"name":"Comment \u00e9viter de transmettre vos peurs \u00e0 vos enfants"}]},{"@type":"WebSite","@id":"https:\/\/vieassociative.be\/actualites\/#website","url":"https:\/\/vieassociative.be\/actualites\/","name":"Vie Associative","description":"","publisher":{"@id":"https:\/\/vieassociative.be\/actualites\/#organization"},"potentialAction":[{"@type":"SearchAction","target":{"@type":"EntryPoint","urlTemplate":"https:\/\/vieassociative.be\/actualites\/?s={search_term_string}"},"query-input":{"@type":"PropertyValueSpecification","valueRequired":true,"valueName":"search_term_string"}}],"inLanguage":"fr-BE"},{"@type":"Organization","@id":"https:\/\/vieassociative.be\/actualites\/#organization","name":"Vie Associative","url":"https:\/\/vieassociative.be\/actualites\/","logo":{"@type":"ImageObject","inLanguage":"fr-BE","@id":"https:\/\/vieassociative.be\/actualites\/#\/schema\/logo\/image\/","url":"https:\/\/vieassociative.be\/actualites\/wp-content\/uploads\/2024\/09\/cropped-vieassociative_favicon.ico.png","contentUrl":"https:\/\/vieassociative.be\/actualites\/wp-content\/uploads\/2024\/09\/cropped-vieassociative_favicon.ico.png","width":512,"height":512,"caption":"Vie Associative"},"image":{"@id":"https:\/\/vieassociative.be\/actualites\/#\/schema\/logo\/image\/"}},{"@type":"Person","@id":"https:\/\/vieassociative.be\/actualites\/#\/schema\/person\/b87ac4f82f9d4e7b7cec7395b679edc4","name":"Julien","image":{"@type":"ImageObject","inLanguage":"fr-BE","@id":"https:\/\/vieassociative.be\/actualites\/#\/schema\/person\/image\/","url":"https:\/\/vieassociative.be\/actualites\/wp-content\/uploads\/2024\/09\/vie-associative-1-150x150.jpg","contentUrl":"https:\/\/vieassociative.be\/actualites\/wp-content\/uploads\/2024\/09\/vie-associative-1-150x150.jpg","caption":"Julien"},"description":"Je suis Julien, r\u00e9dacteur pour Vie Associative. Passionn\u00e9 par le monde associatif depuis plus de 10 ans, j'ai \u00e0 c\u0153ur de partager des histoires inspirantes et de mettre en lumi\u00e8re les initiatives locales. Mon objectif est de sensibiliser et d'encourager l'engagement communautaire \u00e0 travers mes articles.","sameAs":["https:\/\/vieassociative.be\/"]}]}},"_links":{"self":[{"href":"https:\/\/vieassociative.be\/actualites\/wp-json\/wp\/v2\/posts\/3159"}],"collection":[{"href":"https:\/\/vieassociative.be\/actualites\/wp-json\/wp\/v2\/posts"}],"about":[{"href":"https:\/\/vieassociative.be\/actualites\/wp-json\/wp\/v2\/types\/post"}],"author":[{"embeddable":true,"href":"https:\/\/vieassociative.be\/actualites\/wp-json\/wp\/v2\/users\/1"}],"replies":[{"embeddable":true,"href":"https:\/\/vieassociative.be\/actualites\/wp-json\/wp\/v2\/comments?post=3159"}],"version-history":[{"count":0,"href":"https:\/\/vieassociative.be\/actualites\/wp-json\/wp\/v2\/posts\/3159\/revisions"}],"wp:featuredmedia":[{"embeddable":true,"href":"https:\/\/vieassociative.be\/actualites\/wp-json\/wp\/v2\/media\/3160"}],"wp:attachment":[{"href":"https:\/\/vieassociative.be\/actualites\/wp-json\/wp\/v2\/media?parent=3159"}],"wp:term":[{"taxonomy":"category","embeddable":true,"href":"https:\/\/vieassociative.be\/actualites\/wp-json\/wp\/v2\/categories?post=3159"},{"taxonomy":"post_tag","embeddable":true,"href":"https:\/\/vieassociative.be\/actualites\/wp-json\/wp\/v2\/tags?post=3159"}],"curies":[{"name":"wp","href":"https:\/\/api.w.org\/{rel}","templated":true}]}}