{"id":3156,"date":"2024-12-07T15:17:54","date_gmt":"2024-12-07T14:17:54","guid":{"rendered":"https:\/\/vieassociative.be\/actualites\/paris-notre-dame-celebre-aujourdhui-sa-resurrection\/"},"modified":"2024-12-07T15:17:54","modified_gmt":"2024-12-07T14:17:54","slug":"paris-notre-dame-celebre-aujourdhui-sa-resurrection","status":"publish","type":"post","link":"https:\/\/vieassociative.be\/actualites\/paris-notre-dame-celebre-aujourdhui-sa-resurrection\/","title":{"rendered":"Paris : Notre-Dame c\u00e9l\u00e8bre aujourd&rsquo;hui sa r\u00e9surrection"},"content":{"rendered":"<p><strong>La France attend ce moment depuis cinq ans. Le moment est d\u00e9sormais venu. Notre Dame est r\u00e9ouverte solennellement \u2013 \u200b\u200ben pr\u00e9sence de plusieurs dizaines de chefs d&rsquo;\u00c9tat et de stars de la musique.<\/strong><\/p>\n<p><span id=\"more-403522\"><\/span>Des centaines d\u2019invit\u00e9s, dont plusieurs dizaines de chefs d\u2019\u00c9tat, y assistent. Parmi eux figurent le pr\u00e9sident f\u00e9d\u00e9ral allemand Frank-Walter Steinmeier, l&rsquo;h\u00e9ritier britannique du tr\u00f4ne, le prince William, le pr\u00e9sident \u00e9lu am\u00e9ricain Donald Trump et le couple royal belge. Le pape Fran\u00e7ois ne sera pas pr\u00e9sent. Un message de sa part sera cependant lu lors de la c\u00e9r\u00e9monie.<\/p>\n<p>En raison des rafales attendues jusqu&rsquo;\u00e0 80 km\/h, une partie de la c\u00e9r\u00e9monie d&rsquo;ouverture aura lieu \u00e0 l&rsquo;int\u00e9rieur de Notre-Dame de Paris. Cela inclut le discours du pr\u00e9sident fran\u00e7ais Emmanuel Macron. Au lieu de se tenir sur le parvis de la cath\u00e9drale, il prononcera d\u00e9sormais son discours \u00e0 l&rsquo;int\u00e9rieur du chef-d&rsquo;\u0153uvre gothique.<\/p>\n<div id=\"attachment_403531\" class=\"wp-caption alignleft\" style=\"max-width: 300px\"><img fetchpriority=\"high\" decoding=\"async\" class=\"wp-image-403531 size-medium\" src=\"https:\/\/vieassociative.be\/actualites\/wp-content\/uploads\/2024\/12\/Paris-Notre-Dame-celebre-aujourdhui-sa-resurrection.jpg\" alt=\"\" width=\"300\" height=\"200\"><\/p>\n<p class=\"wp-caption-text\">11\/29\/2024, France, Paris : la nef de la cath\u00e9drale notre-Dame de Paris est vue alors que le pr\u00e9sident fran\u00e7ais Macron visite l&rsquo;int\u00e9rieur restaur\u00e9 de l&rsquo;\u00e9glise. Photo : St\u00e9phane de Sakutin\/POOL\/AP\/dpa<\/p>\n<\/div>\n<p>La c\u00e9r\u00e9monie religieuse sera accompagn\u00e9e de l&rsquo;archev\u00eaque de Paris Laurent Ulrich. L&rsquo;\u00e9v\u00e9nement se termine vers 21 heures par un grand concert avec des stars de la musique pop et classique, dont la l\u00e9gende du piano Lang Lang et le t\u00e9nor Benjamin Bernheim.<\/p>\n<p>Environ 6 000 agents de s\u00e9curit\u00e9 seront d\u00e9ploy\u00e9s lors de la r\u00e9ouverture, qui se d\u00e9roulera \u00e0 huis clos.<\/p>\n<p><strong>\u2013 Chef-d\u2019\u0153uvre gothique vieux de plus de 850 ans\u00a0:<\/strong> Lorsqu\u2019en 2019, apr\u00e8s l\u2019incendie d\u00e9vastateur de la cath\u00e9drale Notre-Dame de Paris, le pr\u00e9sident fran\u00e7ais Emmanuel Macron a promis que l\u2019\u00e9glise mondialement connue serait reconstruite en seulement cinq ans, beaucoup ont pens\u00e9 qu\u2019il \u00e9tait fou ou qu\u2019il rendait cela compl\u00e8tement arbitraire. Mais c\u2019est r\u00e9ussi. Lorsque ce chef-d&rsquo;\u0153uvre gothique vieux de plus de 850 ans rouvrira le 7 d\u00e9cembre au c\u0153ur de Paris, un chapitre plein de d\u00e9fis, de risques et de controverses prendra fin.<\/p>\n<p><strong>\u2013 Alarme incendie apr\u00e8s le d\u00e9but de la prestation :<\/strong> Le 15 avril 2019, la premi\u00e8re alarme incendie a retenti \u00e0 18h20, apr\u00e8s le d\u00e9but d&rsquo;un service religieux. Les croyants ont d\u00fb quitter le b\u00e2timent, mais ont \u00e9t\u00e9 autoris\u00e9s \u00e0 y retourner car il n&rsquo;y avait aucun signe d&rsquo;incendie. Quelques minutes plus tard, \u00e0 18h43, l&rsquo;alarme se d\u00e9clenche \u00e0 nouveau. L&rsquo;\u00e9glise a \u00e9t\u00e9 \u00e9vacu\u00e9e. Vers 19h50, la tour du pic s&rsquo;est effondr\u00e9e. Un moment dramatique qui a \u00e9t\u00e9 retransmis sur les \u00e9crans du monde entier. Heureusement, personne n\u2019a \u00e9t\u00e9 gri\u00e8vement bless\u00e9 dans l\u2019accident.<\/p>\n<p>Lors de l&rsquo;incendie majeur, toute la charpente, la fl\u00e8che et une partie de la vo\u00fbte sup\u00e9rieure ont \u00e9t\u00e9 d\u00e9truites. Le gros \u0153uvre et les deux clochers ont \u00e9t\u00e9 sauv\u00e9s. De nombreuses \u0153uvres d&rsquo;art, ainsi que les c\u00e9l\u00e8bres rosaces et le grand orgue de 8 000 tuyaux, sont rest\u00e9s en grande partie intacts, subissant les d\u00e9g\u00e2ts caus\u00e9s par la fum\u00e9e plut\u00f4t que par le feu. La couronne d&rsquo;\u00e9pines, la relique la plus importante de la cath\u00e9drale, a \u00e9galement \u00e9t\u00e9 \u00e9pargn\u00e9e par les flammes. On dit que J\u00e9sus-Christ les a port\u00e9s lors de sa crucifixion.<\/p>\n<div id=\"attachment_403532\" class=\"wp-caption alignleft\" style=\"max-width: 219px\"><img decoding=\"async\" class=\"wp-image-403532 size-medium\" src=\"https:\/\/vieassociative.be\/actualites\/wp-content\/uploads\/2024\/12\/1733581074_361_Paris-Notre-Dame-celebre-aujourdhui-sa-resurrection.jpg\" alt=\"\" width=\"219\" height=\"300\"><\/p>\n<p class=\"wp-caption-text\">11\/29\/2024, France, Paris : la photo montre l&rsquo;autel de la Cath\u00e9drale notre-Dame de Paris apr\u00e8s l&rsquo;incendie du 16 avril 2019 (en haut) et apr\u00e8s la r\u00e9novation (en bas), prise le vendredi 29 novembre 2024. Photo : Petit Tesson\/ de Sakutin\/POOL EPA AFP\/AP\/dpa<\/p>\n<\/div>\n<p><strong>\u2013 Touch\u00e9 dans le monde entier :<\/strong> L&rsquo;incendie a sem\u00e9 la consternation dans le monde entier. Le pape Fran\u00e7ois, l\u2019ancien pr\u00e9sident am\u00e9ricain Barack Obama, la chanceli\u00e8re de l\u2019\u00e9poque Angela Merkel \u2013 nombreux sont ceux qui ont comment\u00e9. \u00c0 l\u2019\u00e9poque, le pr\u00e9sident am\u00e9ricain Donald Trump avait sugg\u00e9r\u00e9 d\u2019utiliser des r\u00e9servoirs d\u2019eau volants pour \u00e9teindre l\u2019incendie. Le pr\u00e9sident russe Vladimir Poutine a propos\u00e9 d&rsquo;envoyer des experts en restauration.<\/p>\n<p>Plus de 840 millions d&rsquo;euros ont \u00e9t\u00e9 r\u00e9colt\u00e9s pour sauver le monument embl\u00e9matique. Les 350 000 donateurs viennent de 150 pays. L&rsquo;un des principaux m\u00e9c\u00e8nes \u00e9tait le milliardaire fran\u00e7ais et patron du groupe de luxe LVMH, Bernard Arnault, qui a fait un don de 200 millions d&rsquo;euros.<\/p>\n<p><strong>\u2013 Menace de charpente d\u00e9form\u00e9e :<\/strong> Avant l&rsquo;incendie d\u00e9vastateur, la fl\u00e8che avait \u00e9t\u00e9 restaur\u00e9e. L&rsquo;\u00e9chafaudage install\u00e9 sur le toit a r\u00e9sist\u00e9 \u00e0 l&rsquo;effondrement de la fl\u00e8che, mais a \u00e9t\u00e9 d\u00e9form\u00e9 par la chaleur de l&rsquo;incendie et a constitu\u00e9 un risque pour la s\u00e9curit\u00e9 de la cath\u00e9drale gravement endommag\u00e9e. L&rsquo;\u00e9chafaudage \u00e9tait compos\u00e9 d&rsquo;environ 40 000 pi\u00e8ces, pesait 200 tonnes et mesurait en partie 40 m\u00e8tres de haut. Le d\u00e9mant\u00e8lement \u00e9tait une entreprise difficile.<\/p>\n<p><strong>\u2013 Moderne ou fid\u00e8le \u00e0 l\u2019original ?<\/strong> Apr\u00e8s plus de deux ans de travaux de s\u00e9curit\u00e9 et de nettoyage, la reconstruction a d\u00e9but\u00e9 en 2021. Mais avant cela, la question du futur visage du monument parisien \u00e9tait devenue la pomme de discorde au sein de la nation : moderne ou fid\u00e8le \u00e0 l\u2019original ? L&rsquo;UNESCO est intervenue dans le conflit houleux entre hommes politiques et architectes, leur rappelant que la cath\u00e9drale est inscrite sur la liste du patrimoine culturel mondial. Les id\u00e9es des modernistes allaient d&rsquo;un toit vert et accessible \u00e0 pied \u00e0 une fl\u00e8che ultramoderne.<\/p>\n<p>Les troncs de plus de 2 000 ch\u00eanes \u00e2g\u00e9s de 100 \u00e0 200 ans ont \u00e9t\u00e9 n\u00e9cessaires \u00e0 la reconstruction de l&rsquo;ensemble de la toiture de la nef, du ch\u0153ur et de la tour pointue. Elle a \u00e9t\u00e9 restaur\u00e9e selon le mod\u00e8le m\u00e9di\u00e9val. Les nouvelles poutres \u00e9taient travaill\u00e9es \u00e0 la hache, comme au temps des premiers b\u00e2tisseurs. Les ch\u00eanes ont \u00e9t\u00e9 s\u00e9lectionn\u00e9s parmi environ 200 for\u00eats fran\u00e7aises. Un syst\u00e8me de brumisation unique a \u00e9t\u00e9 install\u00e9, con\u00e7u pour lib\u00e9rer des millions de microgouttelettes d&rsquo;eau en cas de risque d&rsquo;incendie.<\/p>\n<p><strong>\u2013 R\u00e9ouverture avec cloche olympique :<\/strong> Lorsque l&rsquo;\u00e9glise a pris feu, plus de 400 tonnes de plomb contenues dans le toit et la fl\u00e8che sont parties en fum\u00e9e. La poussi\u00e8re de plomb s&rsquo;est d\u00e9pos\u00e9e en grande quantit\u00e9 autour de la cath\u00e9drale, c&rsquo;est pourquoi le parvis a \u00e9t\u00e9 temporairement ferm\u00e9. Il a fallu environ quatre mois pour que la zone soit compl\u00e8tement nettoy\u00e9e des m\u00e9taux lourds. Les appels \u00e0 l\u2019arr\u00eat des travaux de construction se sont multipli\u00e9s lorsque la structure du toit achev\u00e9e a \u00e9t\u00e9 \u00e0 nouveau recouverte de plomb toxique en 2023.<\/p>\n<div id=\"attachment_403534\" class=\"wp-caption alignleft\" style=\"max-width: 300px\"><img decoding=\"async\" class=\"wp-image-403534 size-medium\" src=\"https:\/\/vieassociative.be\/actualites\/wp-content\/uploads\/2024\/12\/1733581074_224_Paris-Notre-Dame-celebre-aujourdhui-sa-resurrection.jpg\" alt=\"\" width=\"300\" height=\"210\"><\/p>\n<p class=\"wp-caption-text\">6 d\u00e9cembre 2024, France, Paris : les pi\u00e9tons passent devant la cath\u00e9drale notre-Dame. Photo : Bernat Armangue\/AP\/dpa<\/p>\n<\/div>\n<p>A sa r\u00e9ouverture, la cath\u00e9drale sera dot\u00e9e de trois nouvelles cloches, dont celle sonn\u00e9e par chaque champion d&rsquo;athl\u00e9tisme au Stade de France lors des JO de Paris cet \u00e9t\u00e9. Il porte l&rsquo;inscription \u00ab Paris 2024 \u00bb. Les trois nouvelles cloches remplacent trois qui \u00e9taient auparavant accroch\u00e9es pr\u00e8s de la fl\u00e8che, qui s&rsquo;est effondr\u00e9e dans l&rsquo;incendie.<\/p>\n<p><strong>\u2013 Cause de l\u2019incendie encore inconnue :<\/strong> Les premi\u00e8res hypoth\u00e8ses sur la cause de l&rsquo;incendie reposaient sur une violation de l&rsquo;interdiction de fumer sur le chantier. Un court-circuit a \u00e9galement \u00e9t\u00e9 \u00e9voqu\u00e9, qui pourrait \u00eatre li\u00e9 \u00e0 des travaux de r\u00e9novation \u00e0 l&rsquo;\u00e9poque. Mais la cause de l\u2019incendie n\u2019a pas encore \u00e9t\u00e9 clairement \u00e9lucid\u00e9e.<\/p>\n<p>Les co\u00fbts de reconstruction s&rsquo;\u00e9l\u00e8vent jusqu&rsquo;\u00e0 pr\u00e9sent \u00e0 environ 700 millions d&rsquo;euros. Les dons restants &#8211; plus de 140 millions d&rsquo;euros &#8211; sont destin\u00e9s \u00e0 r\u00e9parer les d\u00e9g\u00e2ts qui existaient avant l&rsquo;incendie. Les travaux pr\u00e9vus \u00e0 partir de 2025 pour r\u00e9am\u00e9nager les abords (par exemple les places devant et derri\u00e8re l&rsquo;\u00e9glise) sont estim\u00e9s \u00e0 environ 50 millions d&rsquo;euros. 160 arbres suppl\u00e9mentaires doivent \u00eatre plant\u00e9s et des pelouses cr\u00e9\u00e9es. (dpa)<\/p>\n","protected":false},"excerpt":{"rendered":"<p>La France attend ce moment depuis cinq ans. Le moment est d\u00e9sormais venu. Notre Dame est r\u00e9ouverte solennellement \u2013 \u200b\u200ben pr\u00e9sence de plusieurs dizaines de<\/p>\n","protected":false},"author":1,"featured_media":3157,"comment_status":"","ping_status":"","sticky":false,"template":"","format":"standard","meta":{"footnotes":""},"categories":[298],"tags":[2330,3843,3842,2447,3844],"class_list":["post-3156","post","type-post","status-publish","format-standard","has-post-thumbnail","hentry","category-belgique","tag-aujourdhui","tag-celebre","tag-notredame","tag-paris","tag-resurrection","generate-columns","tablet-grid-50","mobile-grid-100","grid-parent","grid-33"],"yoast_head":"<!-- This site is optimized with the Yoast SEO plugin v24.0 - https:\/\/yoast.com\/wordpress\/plugins\/seo\/ -->\n<title>Paris : Notre-Dame c\u00e9l\u00e8bre aujourd&#039;hui sa r\u00e9surrection | Vie Associative<\/title>\n<meta name=\"robots\" content=\"index, follow, max-snippet:-1, max-image-preview:large, max-video-preview:-1\" \/>\n<link rel=\"canonical\" href=\"https:\/\/vieassociative.be\/actualites\/paris-notre-dame-celebre-aujourdhui-sa-resurrection\/\" \/>\n<meta property=\"og:locale\" content=\"fr_FR\" \/>\n<meta property=\"og:type\" content=\"article\" \/>\n<meta property=\"og:title\" content=\"Paris : Notre-Dame c\u00e9l\u00e8bre aujourd&#039;hui sa r\u00e9surrection | Vie Associative\" \/>\n<meta property=\"og:description\" content=\"La France attend ce moment depuis cinq ans. Le moment est d\u00e9sormais venu. Notre Dame est r\u00e9ouverte solennellement \u2013 \u200b\u200ben pr\u00e9sence de plusieurs dizaines de\" \/>\n<meta property=\"og:url\" content=\"https:\/\/vieassociative.be\/actualites\/paris-notre-dame-celebre-aujourdhui-sa-resurrection\/\" \/>\n<meta property=\"og:site_name\" content=\"Vie Associative\" \/>\n<meta property=\"article:published_time\" content=\"2024-12-07T14:17:54+00:00\" \/>\n<meta property=\"og:image\" content=\"https:\/\/vieassociative.be\/actualites\/wp-content\/uploads\/2024\/12\/Paris-Notre-Dame-celebre-aujourdhui-sa-resurrection.jpg\" \/>\n<meta name=\"author\" content=\"Julien\" \/>\n<meta name=\"twitter:card\" content=\"summary_large_image\" \/>\n<meta name=\"twitter:label1\" content=\"\u00c9crit par\" \/>\n\t<meta name=\"twitter:data1\" content=\"Julien\" \/>\n\t<meta name=\"twitter:label2\" content=\"Dur\u00e9e de lecture est.\" \/>\n\t<meta name=\"twitter:data2\" content=\"7 minutes\" \/>\n<script type=\"application\/ld+json\" class=\"yoast-schema-graph\">{\"@context\":\"https:\/\/schema.org\",\"@graph\":[{\"@type\":\"Article\",\"@id\":\"https:\/\/vieassociative.be\/actualites\/paris-notre-dame-celebre-aujourdhui-sa-resurrection\/#article\",\"isPartOf\":{\"@id\":\"https:\/\/vieassociative.be\/actualites\/paris-notre-dame-celebre-aujourdhui-sa-resurrection\/\"},\"author\":{\"name\":\"Julien\",\"@id\":\"https:\/\/vieassociative.be\/actualites\/#\/schema\/person\/b87ac4f82f9d4e7b7cec7395b679edc4\"},\"headline\":\"Paris : Notre-Dame c\u00e9l\u00e8bre aujourd&rsquo;hui sa r\u00e9surrection\",\"datePublished\":\"2024-12-07T14:17:54+00:00\",\"dateModified\":\"2024-12-07T14:17:54+00:00\",\"mainEntityOfPage\":{\"@id\":\"https:\/\/vieassociative.be\/actualites\/paris-notre-dame-celebre-aujourdhui-sa-resurrection\/\"},\"wordCount\":1384,\"publisher\":{\"@id\":\"https:\/\/vieassociative.be\/actualites\/#organization\"},\"image\":{\"@id\":\"https:\/\/vieassociative.be\/actualites\/paris-notre-dame-celebre-aujourdhui-sa-resurrection\/#primaryimage\"},\"thumbnailUrl\":\"https:\/\/vieassociative.be\/actualites\/wp-content\/uploads\/2024\/12\/1733581074_Paris-Notre-Dame-celebre-aujourdhui-sa-resurrection.jpg\",\"keywords\":[\"aujourdhui\",\"c\u00e9l\u00e8bre\",\"NotreDame\",\"Paris\",\"r\u00e9surrection\"],\"articleSection\":[\"Belgique\"],\"inLanguage\":\"fr-BE\"},{\"@type\":\"WebPage\",\"@id\":\"https:\/\/vieassociative.be\/actualites\/paris-notre-dame-celebre-aujourdhui-sa-resurrection\/\",\"url\":\"https:\/\/vieassociative.be\/actualites\/paris-notre-dame-celebre-aujourdhui-sa-resurrection\/\",\"name\":\"Paris : Notre-Dame c\u00e9l\u00e8bre aujourd'hui sa r\u00e9surrection | Vie Associative\",\"isPartOf\":{\"@id\":\"https:\/\/vieassociative.be\/actualites\/#website\"},\"primaryImageOfPage\":{\"@id\":\"https:\/\/vieassociative.be\/actualites\/paris-notre-dame-celebre-aujourdhui-sa-resurrection\/#primaryimage\"},\"image\":{\"@id\":\"https:\/\/vieassociative.be\/actualites\/paris-notre-dame-celebre-aujourdhui-sa-resurrection\/#primaryimage\"},\"thumbnailUrl\":\"https:\/\/vieassociative.be\/actualites\/wp-content\/uploads\/2024\/12\/1733581074_Paris-Notre-Dame-celebre-aujourdhui-sa-resurrection.jpg\",\"datePublished\":\"2024-12-07T14:17:54+00:00\",\"dateModified\":\"2024-12-07T14:17:54+00:00\",\"breadcrumb\":{\"@id\":\"https:\/\/vieassociative.be\/actualites\/paris-notre-dame-celebre-aujourdhui-sa-resurrection\/#breadcrumb\"},\"inLanguage\":\"fr-BE\",\"potentialAction\":[{\"@type\":\"ReadAction\",\"target\":[\"https:\/\/vieassociative.be\/actualites\/paris-notre-dame-celebre-aujourdhui-sa-resurrection\/\"]}]},{\"@type\":\"ImageObject\",\"inLanguage\":\"fr-BE\",\"@id\":\"https:\/\/vieassociative.be\/actualites\/paris-notre-dame-celebre-aujourdhui-sa-resurrection\/#primaryimage\",\"url\":\"https:\/\/vieassociative.be\/actualites\/wp-content\/uploads\/2024\/12\/1733581074_Paris-Notre-Dame-celebre-aujourdhui-sa-resurrection.jpg\",\"contentUrl\":\"https:\/\/vieassociative.be\/actualites\/wp-content\/uploads\/2024\/12\/1733581074_Paris-Notre-Dame-celebre-aujourdhui-sa-resurrection.jpg\",\"width\":1200,\"height\":800,\"caption\":\"Paris : Notre-Dame c\u00e9l\u00e8bre aujourd'hui sa r\u00e9surrection\"},{\"@type\":\"BreadcrumbList\",\"@id\":\"https:\/\/vieassociative.be\/actualites\/paris-notre-dame-celebre-aujourdhui-sa-resurrection\/#breadcrumb\",\"itemListElement\":[{\"@type\":\"ListItem\",\"position\":1,\"name\":\"Accueil\",\"item\":\"https:\/\/vieassociative.be\/actualites\/\"},{\"@type\":\"ListItem\",\"position\":2,\"name\":\"Paris : Notre-Dame c\u00e9l\u00e8bre aujourd&rsquo;hui sa r\u00e9surrection\"}]},{\"@type\":\"WebSite\",\"@id\":\"https:\/\/vieassociative.be\/actualites\/#website\",\"url\":\"https:\/\/vieassociative.be\/actualites\/\",\"name\":\"Vie Associative\",\"description\":\"\",\"publisher\":{\"@id\":\"https:\/\/vieassociative.be\/actualites\/#organization\"},\"potentialAction\":[{\"@type\":\"SearchAction\",\"target\":{\"@type\":\"EntryPoint\",\"urlTemplate\":\"https:\/\/vieassociative.be\/actualites\/?s={search_term_string}\"},\"query-input\":{\"@type\":\"PropertyValueSpecification\",\"valueRequired\":true,\"valueName\":\"search_term_string\"}}],\"inLanguage\":\"fr-BE\"},{\"@type\":\"Organization\",\"@id\":\"https:\/\/vieassociative.be\/actualites\/#organization\",\"name\":\"Vie Associative\",\"url\":\"https:\/\/vieassociative.be\/actualites\/\",\"logo\":{\"@type\":\"ImageObject\",\"inLanguage\":\"fr-BE\",\"@id\":\"https:\/\/vieassociative.be\/actualites\/#\/schema\/logo\/image\/\",\"url\":\"https:\/\/vieassociative.be\/actualites\/wp-content\/uploads\/2024\/09\/cropped-vieassociative_favicon.ico.png\",\"contentUrl\":\"https:\/\/vieassociative.be\/actualites\/wp-content\/uploads\/2024\/09\/cropped-vieassociative_favicon.ico.png\",\"width\":512,\"height\":512,\"caption\":\"Vie Associative\"},\"image\":{\"@id\":\"https:\/\/vieassociative.be\/actualites\/#\/schema\/logo\/image\/\"}},{\"@type\":\"Person\",\"@id\":\"https:\/\/vieassociative.be\/actualites\/#\/schema\/person\/b87ac4f82f9d4e7b7cec7395b679edc4\",\"name\":\"Julien\",\"image\":{\"@type\":\"ImageObject\",\"inLanguage\":\"fr-BE\",\"@id\":\"https:\/\/vieassociative.be\/actualites\/#\/schema\/person\/image\/\",\"url\":\"https:\/\/vieassociative.be\/actualites\/wp-content\/uploads\/2024\/09\/vie-associative-1-150x150.jpg\",\"contentUrl\":\"https:\/\/vieassociative.be\/actualites\/wp-content\/uploads\/2024\/09\/vie-associative-1-150x150.jpg\",\"caption\":\"Julien\"},\"description\":\"Je suis Julien, r\u00e9dacteur pour Vie Associative. Passionn\u00e9 par le monde associatif depuis plus de 10 ans, j'ai \u00e0 c\u0153ur de partager des histoires inspirantes et de mettre en lumi\u00e8re les initiatives locales. Mon objectif est de sensibiliser et d'encourager l'engagement communautaire \u00e0 travers mes articles.\",\"sameAs\":[\"https:\/\/vieassociative.be\/\"]}]}<\/script>\n<!-- \/ Yoast SEO plugin. -->","yoast_head_json":{"title":"Paris : Notre-Dame c\u00e9l\u00e8bre aujourd'hui sa r\u00e9surrection | Vie Associative","robots":{"index":"index","follow":"follow","max-snippet":"max-snippet:-1","max-image-preview":"max-image-preview:large","max-video-preview":"max-video-preview:-1"},"canonical":"https:\/\/vieassociative.be\/actualites\/paris-notre-dame-celebre-aujourdhui-sa-resurrection\/","og_locale":"fr_FR","og_type":"article","og_title":"Paris : Notre-Dame c\u00e9l\u00e8bre aujourd'hui sa r\u00e9surrection | Vie Associative","og_description":"La France attend ce moment depuis cinq ans. Le moment est d\u00e9sormais venu. Notre Dame est r\u00e9ouverte solennellement \u2013 \u200b\u200ben pr\u00e9sence de plusieurs dizaines de","og_url":"https:\/\/vieassociative.be\/actualites\/paris-notre-dame-celebre-aujourdhui-sa-resurrection\/","og_site_name":"Vie Associative","article_published_time":"2024-12-07T14:17:54+00:00","og_image":[{"url":"https:\/\/vieassociative.be\/actualites\/wp-content\/uploads\/2024\/12\/Paris-Notre-Dame-celebre-aujourdhui-sa-resurrection.jpg","type":"","width":"","height":""}],"author":"Julien","twitter_card":"summary_large_image","twitter_misc":{"\u00c9crit par":"Julien","Dur\u00e9e de lecture est.":"7 minutes"},"schema":{"@context":"https:\/\/schema.org","@graph":[{"@type":"Article","@id":"https:\/\/vieassociative.be\/actualites\/paris-notre-dame-celebre-aujourdhui-sa-resurrection\/#article","isPartOf":{"@id":"https:\/\/vieassociative.be\/actualites\/paris-notre-dame-celebre-aujourdhui-sa-resurrection\/"},"author":{"name":"Julien","@id":"https:\/\/vieassociative.be\/actualites\/#\/schema\/person\/b87ac4f82f9d4e7b7cec7395b679edc4"},"headline":"Paris : Notre-Dame c\u00e9l\u00e8bre aujourd&rsquo;hui sa r\u00e9surrection","datePublished":"2024-12-07T14:17:54+00:00","dateModified":"2024-12-07T14:17:54+00:00","mainEntityOfPage":{"@id":"https:\/\/vieassociative.be\/actualites\/paris-notre-dame-celebre-aujourdhui-sa-resurrection\/"},"wordCount":1384,"publisher":{"@id":"https:\/\/vieassociative.be\/actualites\/#organization"},"image":{"@id":"https:\/\/vieassociative.be\/actualites\/paris-notre-dame-celebre-aujourdhui-sa-resurrection\/#primaryimage"},"thumbnailUrl":"https:\/\/vieassociative.be\/actualites\/wp-content\/uploads\/2024\/12\/1733581074_Paris-Notre-Dame-celebre-aujourdhui-sa-resurrection.jpg","keywords":["aujourdhui","c\u00e9l\u00e8bre","NotreDame","Paris","r\u00e9surrection"],"articleSection":["Belgique"],"inLanguage":"fr-BE"},{"@type":"WebPage","@id":"https:\/\/vieassociative.be\/actualites\/paris-notre-dame-celebre-aujourdhui-sa-resurrection\/","url":"https:\/\/vieassociative.be\/actualites\/paris-notre-dame-celebre-aujourdhui-sa-resurrection\/","name":"Paris : Notre-Dame c\u00e9l\u00e8bre aujourd'hui sa r\u00e9surrection | Vie Associative","isPartOf":{"@id":"https:\/\/vieassociative.be\/actualites\/#website"},"primaryImageOfPage":{"@id":"https:\/\/vieassociative.be\/actualites\/paris-notre-dame-celebre-aujourdhui-sa-resurrection\/#primaryimage"},"image":{"@id":"https:\/\/vieassociative.be\/actualites\/paris-notre-dame-celebre-aujourdhui-sa-resurrection\/#primaryimage"},"thumbnailUrl":"https:\/\/vieassociative.be\/actualites\/wp-content\/uploads\/2024\/12\/1733581074_Paris-Notre-Dame-celebre-aujourdhui-sa-resurrection.jpg","datePublished":"2024-12-07T14:17:54+00:00","dateModified":"2024-12-07T14:17:54+00:00","breadcrumb":{"@id":"https:\/\/vieassociative.be\/actualites\/paris-notre-dame-celebre-aujourdhui-sa-resurrection\/#breadcrumb"},"inLanguage":"fr-BE","potentialAction":[{"@type":"ReadAction","target":["https:\/\/vieassociative.be\/actualites\/paris-notre-dame-celebre-aujourdhui-sa-resurrection\/"]}]},{"@type":"ImageObject","inLanguage":"fr-BE","@id":"https:\/\/vieassociative.be\/actualites\/paris-notre-dame-celebre-aujourdhui-sa-resurrection\/#primaryimage","url":"https:\/\/vieassociative.be\/actualites\/wp-content\/uploads\/2024\/12\/1733581074_Paris-Notre-Dame-celebre-aujourdhui-sa-resurrection.jpg","contentUrl":"https:\/\/vieassociative.be\/actualites\/wp-content\/uploads\/2024\/12\/1733581074_Paris-Notre-Dame-celebre-aujourdhui-sa-resurrection.jpg","width":1200,"height":800,"caption":"Paris : Notre-Dame c\u00e9l\u00e8bre aujourd'hui sa r\u00e9surrection"},{"@type":"BreadcrumbList","@id":"https:\/\/vieassociative.be\/actualites\/paris-notre-dame-celebre-aujourdhui-sa-resurrection\/#breadcrumb","itemListElement":[{"@type":"ListItem","position":1,"name":"Accueil","item":"https:\/\/vieassociative.be\/actualites\/"},{"@type":"ListItem","position":2,"name":"Paris : Notre-Dame c\u00e9l\u00e8bre aujourd&rsquo;hui sa r\u00e9surrection"}]},{"@type":"WebSite","@id":"https:\/\/vieassociative.be\/actualites\/#website","url":"https:\/\/vieassociative.be\/actualites\/","name":"Vie Associative","description":"","publisher":{"@id":"https:\/\/vieassociative.be\/actualites\/#organization"},"potentialAction":[{"@type":"SearchAction","target":{"@type":"EntryPoint","urlTemplate":"https:\/\/vieassociative.be\/actualites\/?s={search_term_string}"},"query-input":{"@type":"PropertyValueSpecification","valueRequired":true,"valueName":"search_term_string"}}],"inLanguage":"fr-BE"},{"@type":"Organization","@id":"https:\/\/vieassociative.be\/actualites\/#organization","name":"Vie Associative","url":"https:\/\/vieassociative.be\/actualites\/","logo":{"@type":"ImageObject","inLanguage":"fr-BE","@id":"https:\/\/vieassociative.be\/actualites\/#\/schema\/logo\/image\/","url":"https:\/\/vieassociative.be\/actualites\/wp-content\/uploads\/2024\/09\/cropped-vieassociative_favicon.ico.png","contentUrl":"https:\/\/vieassociative.be\/actualites\/wp-content\/uploads\/2024\/09\/cropped-vieassociative_favicon.ico.png","width":512,"height":512,"caption":"Vie Associative"},"image":{"@id":"https:\/\/vieassociative.be\/actualites\/#\/schema\/logo\/image\/"}},{"@type":"Person","@id":"https:\/\/vieassociative.be\/actualites\/#\/schema\/person\/b87ac4f82f9d4e7b7cec7395b679edc4","name":"Julien","image":{"@type":"ImageObject","inLanguage":"fr-BE","@id":"https:\/\/vieassociative.be\/actualites\/#\/schema\/person\/image\/","url":"https:\/\/vieassociative.be\/actualites\/wp-content\/uploads\/2024\/09\/vie-associative-1-150x150.jpg","contentUrl":"https:\/\/vieassociative.be\/actualites\/wp-content\/uploads\/2024\/09\/vie-associative-1-150x150.jpg","caption":"Julien"},"description":"Je suis Julien, r\u00e9dacteur pour Vie Associative. Passionn\u00e9 par le monde associatif depuis plus de 10 ans, j'ai \u00e0 c\u0153ur de partager des histoires inspirantes et de mettre en lumi\u00e8re les initiatives locales. Mon objectif est de sensibiliser et d'encourager l'engagement communautaire \u00e0 travers mes articles.","sameAs":["https:\/\/vieassociative.be\/"]}]}},"_links":{"self":[{"href":"https:\/\/vieassociative.be\/actualites\/wp-json\/wp\/v2\/posts\/3156"}],"collection":[{"href":"https:\/\/vieassociative.be\/actualites\/wp-json\/wp\/v2\/posts"}],"about":[{"href":"https:\/\/vieassociative.be\/actualites\/wp-json\/wp\/v2\/types\/post"}],"author":[{"embeddable":true,"href":"https:\/\/vieassociative.be\/actualites\/wp-json\/wp\/v2\/users\/1"}],"replies":[{"embeddable":true,"href":"https:\/\/vieassociative.be\/actualites\/wp-json\/wp\/v2\/comments?post=3156"}],"version-history":[{"count":0,"href":"https:\/\/vieassociative.be\/actualites\/wp-json\/wp\/v2\/posts\/3156\/revisions"}],"wp:featuredmedia":[{"embeddable":true,"href":"https:\/\/vieassociative.be\/actualites\/wp-json\/wp\/v2\/media\/3157"}],"wp:attachment":[{"href":"https:\/\/vieassociative.be\/actualites\/wp-json\/wp\/v2\/media?parent=3156"}],"wp:term":[{"taxonomy":"category","embeddable":true,"href":"https:\/\/vieassociative.be\/actualites\/wp-json\/wp\/v2\/categories?post=3156"},{"taxonomy":"post_tag","embeddable":true,"href":"https:\/\/vieassociative.be\/actualites\/wp-json\/wp\/v2\/tags?post=3156"}],"curies":[{"name":"wp","href":"https:\/\/api.w.org\/{rel}","templated":true}]}}