{"id":3154,"date":"2024-12-07T14:17:24","date_gmt":"2024-12-07T13:17:24","guid":{"rendered":"https:\/\/vieassociative.be\/actualites\/mon-offre-amazon-preferee-du-jour-apple-airpods-4\/"},"modified":"2024-12-07T14:17:24","modified_gmt":"2024-12-07T13:17:24","slug":"mon-offre-amazon-preferee-du-jour-apple-airpods-4","status":"publish","type":"post","link":"https:\/\/vieassociative.be\/actualites\/mon-offre-amazon-preferee-du-jour-apple-airpods-4\/","title":{"rendered":"Mon offre Amazon pr\u00e9f\u00e9r\u00e9e du jour : Apple AirPods 4"},"content":{"rendered":"<div class=\"mt-4 leading-6 md:mb-8\">Les nouveaux Apple AirPods 4 \u00e0 r\u00e9duction de bruit, avec un design \u00e0 oreille ouverte et des basses impressionnantes, tombent \u00e0 leur prix le plus bas \u00e0 ce jour.<\/div>\n<p><\/p>\n<p>Avant l&rsquo;\u00e9v\u00e9nement Apple de septembre, tout utilisateur Apple souhaitant obtenir des AirPod \u00e0 suppression active du bruit (ANC) devait d\u00e9bourser 250 $ pour les AirPods Pro. Avec la sortie des nouveaux ANC AirPods 4, actuellement chez <strong>138,99\u00a0$<\/strong> (\u00e0 l&rsquo;origine 179 $), ce n&rsquo;est plus le cas. Le prix actuel est un nouveau prix record, selon les outils de suivi des prix. Apple propose \u00e9galement une version plus \u00e9conomique <em>sans<\/em> ANC, actuellement pour <strong>119\u00a0$<\/strong> (\u00e0 l&rsquo;origine 129 $). M\u00eame si ces r\u00e9ductions ne sont pas \u00e9poustouflantes, le fait que nous constatons <em>n&rsquo;importe lequel<\/em> la remise sur les AirPod nouvellement sortis peut \u00eatre consid\u00e9r\u00e9e comme une bonne affaire par rapport \u00e0 Apple.<\/p>\n<div class=\"shadow-b-2 mb-12 mt-10 rounded-md border-2 border-(#F0F0F0) px-6 py-2 shadow-lg md:px-12\" role=\"region\" aria-label=\"Products List\" x-data=\"{ showMore: false }\">\n<div class=\"flex w-full gap-x-5\">\n<div class=\"flex w-full flex-col flex-nowrap justify-center gap-2 text-black no-underline md:order-2 md:gap-y-6\">\n<div class=\"flex flex-col justify-between gap-y-2 md:w-full md:gap-y-1\">\n<div class=\"block font-sans text-xs font-semibold capitalize leading-3 text-gray-900 md:leading-4\">\u00c9couteurs sans fil, \u00e9couteurs Bluetooth, audio spatial personnalis\u00e9, r\u00e9sistant \u00e0 la sueur et \u00e0 l\u2019eau, USB-C<\/div>\n<div class=\"block w-fit cursor-pointer font-akshar text-lg font-medium leading-5 text-brand-green duration-200 ease-in-out hover:text-brand-green-700 md:text-xl md:leading-6\">\n<p>                            Apple AirPods 4 (sans ANC)\n                        <\/p><\/div>\n<\/p><\/div>\n<div class=\"hidden md:flex md:justify-between md:gap-x-4\">\n<div class=\"w-full mb-0 md:flex md:flex-col md:justify-center font-sans leading-4 text-black\">\n<div class=\"flex flex-wrap items-center justify-center gap-x-1 md:justify-start\">\n        <span class=\"font-bold\"><\/p>\n<p>            119,00\u00a0$<br \/>\n                            <span class=\"font-medium\">chez Amazon<\/span><br \/>\n                    <\/span><br \/>\n                    <img decoding=\"async\" class=\"mt-0 h-(15px)\" src=\"https:\/\/vieassociative.be\/actualites\/wp-content\/uploads\/2024\/12\/Mon-offre-Amazon-preferee-du-jour-Apple-AirPods-4.svg.svg+xml\" title=\"Amazon Premier\" alt=\"Amazon Premier\">\n            <\/div>\n<div class=\"flex items-center justify-center gap-x-1 font-bold md:justify-start\">\n            <span class=\"text-sm line-through\">129,00\u00a0$<\/span><br \/>\n            <span class=\"text-sm text-brand-green\">\u00c9conomisez 10,00\u00a0$<\/span>\n        <\/div>\n<\/p><\/div>\n<p>                            <button class=\"flex justify-center items-center w-full bg-brand-green text-white text-base font-sans font-medium rounded-md hover:bg-brand-green-700 hover:cursor-pointer md:text-sm hidden self-end h-12 max-w-(10rem) duration-200 ease-in-out hover:bg-brand-green-700 md:flex md:h-10\"><\/p>\n<p>    Obtenez une offre<br \/>\n<\/button>\n                        <\/div>\n<\/p><\/div>\n<div class=\"flex aspect-video h-(90px) shrink-0 items-center justify-center self-center md:order-1\">\n                        <img decoding=\"async\" class=\"m-0 max-h-full max-w-full rounded-md\" src=\"https:\/\/vieassociative.be\/actualites\/wp-content\/uploads\/2024\/12\/Mon-offre-Amazon-preferee-du-jour-Apple-AirPods-4.jpg\" alt=\"\u00c9couteurs sans fil Apple AirPods 4, \u00e9couteurs Bluetooth, audio spatial personnalis\u00e9, r\u00e9sistant \u00e0 la sueur et \u00e0 l'eau, \u00e9tui de chargement USB-C, puce H2, jusqu'\u00e0 30 heures d'autonomie, configuration sans effort pour iPhone\" width=\"auto\" height=\"auto\" loading=\"lazy\">\n                    <\/div>\n<\/p><\/div>\n<p>                            <button class=\"flex justify-center items-center w-full bg-brand-green text-white text-base font-sans font-medium rounded-md hover:bg-brand-green-700 hover:cursor-pointer md:text-sm w-full h-12 duration-200 ease-in-out hover:bg-brand-green-700 md:hidden md:h-10\"><\/p>\n<p>    Obtenez une offre<br \/>\n<\/button><\/p>\n<div class=\"flex flex-col items-center w-full md:hidden font-sans leading-4 text-black\">\n<div class=\"flex flex-wrap items-center justify-center gap-x-1 md:justify-start\">\n        <span class=\"font-bold\"><\/p>\n<p>            119,00\u00a0$<br \/>\n                            <span class=\"font-medium\">chez Amazon<\/span><br \/>\n                    <\/span><br \/>\n                    <img decoding=\"async\" class=\"mt-0 h-(15px)\" src=\"https:\/\/vieassociative.be\/actualites\/wp-content\/uploads\/2024\/12\/Mon-offre-Amazon-preferee-du-jour-Apple-AirPods-4.svg.svg+xml\" title=\"Amazon Premier\" alt=\"Amazon Premier\">\n            <\/div>\n<div class=\"flex items-center justify-center gap-x-1 font-bold md:justify-start\">\n            <span class=\"text-sm line-through\">129,00\u00a0$<\/span><br \/>\n            <span class=\"text-sm text-brand-green\">\u00c9conomisez 10,00\u00a0$<\/span>\n        <\/div>\n<\/p><\/div>\n<div class=\"flex w-full gap-x-5\">\n<div class=\"flex w-full flex-col flex-nowrap justify-center gap-2 text-black no-underline md:order-2 md:gap-y-6\">\n<div class=\"flex flex-col justify-between gap-y-2 md:w-full md:gap-y-1\">\n<div class=\"block font-sans text-xs font-semibold capitalize leading-3 text-gray-900 md:leading-4\">\u00c9couteurs sans fil, \u00e9couteurs Bluetooth, avec suppression active du bruit, audio adaptatif, transparence<\/div>\n<div class=\"block w-fit cursor-pointer font-akshar text-lg font-medium leading-5 text-brand-green duration-200 ease-in-out hover:text-brand-green-700 md:text-xl md:leading-6\">\n<p>                            Apple AirPods 4 (avec ANC)\n                        <\/p><\/div>\n<\/p><\/div>\n<div class=\"hidden md:flex md:justify-between md:gap-x-4\">\n<div class=\"w-full mb-0 md:flex md:flex-col md:justify-center font-sans leading-4 text-black\">\n<div class=\"flex flex-wrap items-center justify-center gap-x-1 md:justify-start\">\n        <span class=\"font-bold\"><\/p>\n<p>            138,99\u00a0$<br \/>\n                            <span class=\"font-medium\">chez Amazon<\/span><br \/>\n                    <\/span><br \/>\n                    <img decoding=\"async\" class=\"mt-0 h-(15px)\" src=\"https:\/\/vieassociative.be\/actualites\/wp-content\/uploads\/2024\/12\/Mon-offre-Amazon-preferee-du-jour-Apple-AirPods-4.svg.svg+xml\" title=\"Amazon Premier\" alt=\"Amazon Premier\">\n            <\/div>\n<div class=\"flex items-center justify-center gap-x-1 font-bold md:justify-start\">\n            <span class=\"text-sm line-through\">179,00\u00a0$<\/span><br \/>\n            <span class=\"text-sm text-brand-green\">\u00c9conomisez 40,01\u00a0$<\/span>\n        <\/div>\n<\/p><\/div>\n<p>                            <button class=\"flex justify-center items-center w-full bg-brand-green text-white text-base font-sans font-medium rounded-md hover:bg-brand-green-700 hover:cursor-pointer md:text-sm hidden self-end h-12 max-w-(10rem) duration-200 ease-in-out hover:bg-brand-green-700 md:flex md:h-10\"><\/p>\n<p>    Obtenez une offre<br \/>\n<\/button>\n                        <\/div>\n<\/p><\/div>\n<div class=\"flex aspect-video h-(90px) shrink-0 items-center justify-center self-center md:order-1\">\n                        <img decoding=\"async\" class=\"m-0 max-h-full max-w-full rounded-md\" src=\"https:\/\/vieassociative.be\/actualites\/wp-content\/uploads\/2024\/12\/1733577444_855_Mon-offre-Amazon-preferee-du-jour-Apple-AirPods-4.jpg\" alt=\"\u00c9couteurs sans fil Apple AirPods 4, \u00e9couteurs Bluetooth, avec suppression active du bruit, audio adaptatif, mode transparence, audio spatial personnalis\u00e9, \u00e9tui de chargement USB-C, chargement sans fil, puce H2\" width=\"auto\" height=\"auto\" loading=\"lazy\">\n                    <\/div>\n<\/p><\/div>\n<p>                            <button class=\"flex justify-center items-center w-full bg-brand-green text-white text-base font-sans font-medium rounded-md hover:bg-brand-green-700 hover:cursor-pointer md:text-sm w-full h-12 duration-200 ease-in-out hover:bg-brand-green-700 md:hidden md:h-10\"><\/p>\n<p>    Obtenez une offre<br \/>\n<\/button><\/p>\n<div class=\"flex flex-col items-center w-full md:hidden font-sans leading-4 text-black\">\n<div class=\"flex flex-wrap items-center justify-center gap-x-1 md:justify-start\">\n        <span class=\"font-bold\"><\/p>\n<p>            138,99\u00a0$<br \/>\n                            <span class=\"font-medium\">chez Amazon<\/span><br \/>\n                    <\/span><br \/>\n                    <img decoding=\"async\" class=\"mt-0 h-(15px)\" src=\"https:\/\/vieassociative.be\/actualites\/wp-content\/uploads\/2024\/12\/Mon-offre-Amazon-preferee-du-jour-Apple-AirPods-4.svg.svg+xml\" title=\"Amazon Premier\" alt=\"Amazon Premier\">\n            <\/div>\n<div class=\"flex items-center justify-center gap-x-1 font-bold md:justify-start\">\n            <span class=\"text-sm line-through\">179,00\u00a0$<\/span><br \/>\n            <span class=\"text-sm text-brand-green\">\u00c9conomisez 40,01\u00a0$<\/span>\n        <\/div>\n<\/p><\/div>\n<\/div>\n<p>Les nouveaux AirPods 4 disposent enfin d&rsquo;un chargement USB-C, vous pouvez donc utiliser les m\u00eames chargeurs que vous utilisez pour vos autres produits Apple. Les deux sont aliment\u00e9s par la puce H2 d&rsquo;Apple, vous b\u00e9n\u00e9ficierez donc d&rsquo;un son spatial personnalis\u00e9 (votre t\u00eate et vos oreilles sont mesur\u00e9es afin que vous puissiez entendre les sons provenant de diff\u00e9rentes directions lorsque vous bougez la t\u00eate) et de la possibilit\u00e9 d&rsquo;utiliser des gestes de la t\u00eate pour indiquer \u00e0 Siri \u00a0\u00bb oui \u00bb ou \u00ab non \u00bb (cela fonctionne \u00e9galement pour r\u00e9pondre ou refuser des appels). <\/p>\n<p>Si vous \u00eates pr\u00eat \u00e0 payer plus pour les AirPods 4 ANC (ce que vous devriez faire \u2013 il n&rsquo;y a qu&rsquo;une diff\u00e9rence de 20 $ pour le moment), vous recevrez un \u00e9tui de chargement avec un haut-parleur int\u00e9gr\u00e9, que vous pourrez utiliser avec Find My pour localiser si vous les perdez. Vous b\u00e9n\u00e9ficierez \u00e9galement d&rsquo;autres fonctionnalit\u00e9s telles que Conversation Awareness, qui r\u00e9duit le volume de votre musique lorsque vos AirPod d\u00e9tectent que vous avez une conversation\u00a0; Mode Transparence, qui vous permet d&rsquo;entendre votre environnement\u00a0; et Adaptive Audio (combine les modes ANC et Transparence pour ajuster les niveaux ANC en fonction du bruit autour de vous). Gardez \u00e0 l\u2019esprit que comme il s\u2019agit d\u2019\u00e9couteurs de style ouvert, il n\u2019y a pas de silicone qui isole le bruit, donc l\u2019ANC ne sera pas aussi bon que ce que vous pouvez obtenir des AirPods Pro.<\/p>\n<p>Les deux versions obtiendront l&rsquo;indice IP54 pour la r\u00e9sistance \u00e0 la poussi\u00e8re et \u00e0 l&rsquo;eau, jusqu&rsquo;\u00e0 cinq heures d&rsquo;\u00e9coute par charge (30 heures avec le bo\u00eetier de chargement) et une commutation automatique avec vos autres appareils Apple. Vous pouvez en savoir plus sur les AirPod non ANC sur la \u00ab excellente \u00bb critique de PCMag. et plus sur les AirPod ANC dans la critique \u00ab exceptionnelle \u00bb de PCMag ici.<\/p>\n","protected":false},"excerpt":{"rendered":"<p>Les nouveaux Apple AirPods 4 \u00e0 r\u00e9duction de bruit, avec un design \u00e0 oreille ouverte et des basses impressionnantes, tombent \u00e0 leur prix le plus<\/p>\n","protected":false},"author":1,"featured_media":3155,"comment_status":"","ping_status":"","sticky":false,"template":"","format":"standard","meta":{"footnotes":""},"categories":[13],"tags":[15,51,54,53,49,50,52],"class_list":["post-3154","post","type-post","status-publish","format-standard","has-post-thumbnail","hentry","category-technologie","tag-airpods","tag-amazon","tag-apple","tag-jour","tag-mon","tag-offre","tag-preferee","generate-columns","tablet-grid-50","mobile-grid-100","grid-parent","grid-33"],"yoast_head":"<!-- This site is optimized with the Yoast SEO plugin v24.0 - https:\/\/yoast.com\/wordpress\/plugins\/seo\/ -->\n<title>Mon offre Amazon pr\u00e9f\u00e9r\u00e9e du jour : Apple AirPods 4 | Vie Associative<\/title>\n<meta name=\"robots\" content=\"index, follow, max-snippet:-1, max-image-preview:large, max-video-preview:-1\" \/>\n<link rel=\"canonical\" href=\"https:\/\/vieassociative.be\/actualites\/mon-offre-amazon-preferee-du-jour-apple-airpods-4\/\" \/>\n<meta property=\"og:locale\" content=\"fr_FR\" \/>\n<meta property=\"og:type\" content=\"article\" \/>\n<meta property=\"og:title\" content=\"Mon offre Amazon pr\u00e9f\u00e9r\u00e9e du jour : Apple AirPods 4 | Vie Associative\" \/>\n<meta property=\"og:description\" content=\"Les nouveaux Apple AirPods 4 \u00e0 r\u00e9duction de bruit, avec un design \u00e0 oreille ouverte et des basses impressionnantes, tombent \u00e0 leur prix le plus\" \/>\n<meta property=\"og:url\" content=\"https:\/\/vieassociative.be\/actualites\/mon-offre-amazon-preferee-du-jour-apple-airpods-4\/\" \/>\n<meta property=\"og:site_name\" content=\"Vie Associative\" \/>\n<meta property=\"article:published_time\" content=\"2024-12-07T13:17:24+00:00\" \/>\n<meta property=\"og:image\" content=\"https:\/\/vieassociative.be\/actualites\/wp-content\/uploads\/2024\/12\/Mon-offre-Amazon-preferee-du-jour-Apple-AirPods-4.svg.svg+xml\" \/>\n<meta name=\"author\" content=\"Julien\" \/>\n<meta name=\"twitter:card\" content=\"summary_large_image\" \/>\n<meta name=\"twitter:label1\" content=\"\u00c9crit par\" \/>\n\t<meta name=\"twitter:data1\" content=\"Julien\" \/>\n\t<meta name=\"twitter:label2\" content=\"Dur\u00e9e de lecture est.\" \/>\n\t<meta name=\"twitter:data2\" content=\"3 minutes\" \/>\n<script type=\"application\/ld+json\" class=\"yoast-schema-graph\">{\"@context\":\"https:\/\/schema.org\",\"@graph\":[{\"@type\":\"Article\",\"@id\":\"https:\/\/vieassociative.be\/actualites\/mon-offre-amazon-preferee-du-jour-apple-airpods-4\/#article\",\"isPartOf\":{\"@id\":\"https:\/\/vieassociative.be\/actualites\/mon-offre-amazon-preferee-du-jour-apple-airpods-4\/\"},\"author\":{\"name\":\"Julien\",\"@id\":\"https:\/\/vieassociative.be\/actualites\/#\/schema\/person\/b87ac4f82f9d4e7b7cec7395b679edc4\"},\"headline\":\"Mon offre Amazon pr\u00e9f\u00e9r\u00e9e du jour : Apple AirPods 4\",\"datePublished\":\"2024-12-07T13:17:24+00:00\",\"dateModified\":\"2024-12-07T13:17:24+00:00\",\"mainEntityOfPage\":{\"@id\":\"https:\/\/vieassociative.be\/actualites\/mon-offre-amazon-preferee-du-jour-apple-airpods-4\/\"},\"wordCount\":529,\"publisher\":{\"@id\":\"https:\/\/vieassociative.be\/actualites\/#organization\"},\"image\":{\"@id\":\"https:\/\/vieassociative.be\/actualites\/mon-offre-amazon-preferee-du-jour-apple-airpods-4\/#primaryimage\"},\"thumbnailUrl\":\"https:\/\/vieassociative.be\/actualites\/wp-content\/uploads\/2024\/12\/Mon-offre-Amazon-preferee-du-jour-Apple-AirPods-4.png\",\"keywords\":[\"AirPods\",\"Amazon\",\"Apple\",\"jour\",\"Mon\",\"offre\",\"pr\u00e9f\u00e9r\u00e9e\"],\"articleSection\":[\"Technologie\"],\"inLanguage\":\"fr-BE\"},{\"@type\":\"WebPage\",\"@id\":\"https:\/\/vieassociative.be\/actualites\/mon-offre-amazon-preferee-du-jour-apple-airpods-4\/\",\"url\":\"https:\/\/vieassociative.be\/actualites\/mon-offre-amazon-preferee-du-jour-apple-airpods-4\/\",\"name\":\"Mon offre Amazon pr\u00e9f\u00e9r\u00e9e du jour : Apple AirPods 4 | Vie Associative\",\"isPartOf\":{\"@id\":\"https:\/\/vieassociative.be\/actualites\/#website\"},\"primaryImageOfPage\":{\"@id\":\"https:\/\/vieassociative.be\/actualites\/mon-offre-amazon-preferee-du-jour-apple-airpods-4\/#primaryimage\"},\"image\":{\"@id\":\"https:\/\/vieassociative.be\/actualites\/mon-offre-amazon-preferee-du-jour-apple-airpods-4\/#primaryimage\"},\"thumbnailUrl\":\"https:\/\/vieassociative.be\/actualites\/wp-content\/uploads\/2024\/12\/Mon-offre-Amazon-preferee-du-jour-Apple-AirPods-4.png\",\"datePublished\":\"2024-12-07T13:17:24+00:00\",\"dateModified\":\"2024-12-07T13:17:24+00:00\",\"breadcrumb\":{\"@id\":\"https:\/\/vieassociative.be\/actualites\/mon-offre-amazon-preferee-du-jour-apple-airpods-4\/#breadcrumb\"},\"inLanguage\":\"fr-BE\",\"potentialAction\":[{\"@type\":\"ReadAction\",\"target\":[\"https:\/\/vieassociative.be\/actualites\/mon-offre-amazon-preferee-du-jour-apple-airpods-4\/\"]}]},{\"@type\":\"ImageObject\",\"inLanguage\":\"fr-BE\",\"@id\":\"https:\/\/vieassociative.be\/actualites\/mon-offre-amazon-preferee-du-jour-apple-airpods-4\/#primaryimage\",\"url\":\"https:\/\/vieassociative.be\/actualites\/wp-content\/uploads\/2024\/12\/Mon-offre-Amazon-preferee-du-jour-Apple-AirPods-4.png\",\"contentUrl\":\"https:\/\/vieassociative.be\/actualites\/wp-content\/uploads\/2024\/12\/Mon-offre-Amazon-preferee-du-jour-Apple-AirPods-4.png\",\"width\":1200,\"height\":675,\"caption\":\"Mon offre Amazon pr\u00e9f\u00e9r\u00e9e du jour : Apple AirPods 4\"},{\"@type\":\"BreadcrumbList\",\"@id\":\"https:\/\/vieassociative.be\/actualites\/mon-offre-amazon-preferee-du-jour-apple-airpods-4\/#breadcrumb\",\"itemListElement\":[{\"@type\":\"ListItem\",\"position\":1,\"name\":\"Accueil\",\"item\":\"https:\/\/vieassociative.be\/actualites\/\"},{\"@type\":\"ListItem\",\"position\":2,\"name\":\"Mon offre Amazon pr\u00e9f\u00e9r\u00e9e du jour : Apple AirPods 4\"}]},{\"@type\":\"WebSite\",\"@id\":\"https:\/\/vieassociative.be\/actualites\/#website\",\"url\":\"https:\/\/vieassociative.be\/actualites\/\",\"name\":\"Vie Associative\",\"description\":\"\",\"publisher\":{\"@id\":\"https:\/\/vieassociative.be\/actualites\/#organization\"},\"potentialAction\":[{\"@type\":\"SearchAction\",\"target\":{\"@type\":\"EntryPoint\",\"urlTemplate\":\"https:\/\/vieassociative.be\/actualites\/?s={search_term_string}\"},\"query-input\":{\"@type\":\"PropertyValueSpecification\",\"valueRequired\":true,\"valueName\":\"search_term_string\"}}],\"inLanguage\":\"fr-BE\"},{\"@type\":\"Organization\",\"@id\":\"https:\/\/vieassociative.be\/actualites\/#organization\",\"name\":\"Vie Associative\",\"url\":\"https:\/\/vieassociative.be\/actualites\/\",\"logo\":{\"@type\":\"ImageObject\",\"inLanguage\":\"fr-BE\",\"@id\":\"https:\/\/vieassociative.be\/actualites\/#\/schema\/logo\/image\/\",\"url\":\"https:\/\/vieassociative.be\/actualites\/wp-content\/uploads\/2024\/09\/cropped-vieassociative_favicon.ico.png\",\"contentUrl\":\"https:\/\/vieassociative.be\/actualites\/wp-content\/uploads\/2024\/09\/cropped-vieassociative_favicon.ico.png\",\"width\":512,\"height\":512,\"caption\":\"Vie Associative\"},\"image\":{\"@id\":\"https:\/\/vieassociative.be\/actualites\/#\/schema\/logo\/image\/\"}},{\"@type\":\"Person\",\"@id\":\"https:\/\/vieassociative.be\/actualites\/#\/schema\/person\/b87ac4f82f9d4e7b7cec7395b679edc4\",\"name\":\"Julien\",\"image\":{\"@type\":\"ImageObject\",\"inLanguage\":\"fr-BE\",\"@id\":\"https:\/\/vieassociative.be\/actualites\/#\/schema\/person\/image\/\",\"url\":\"https:\/\/vieassociative.be\/actualites\/wp-content\/uploads\/2024\/09\/vie-associative-1-150x150.jpg\",\"contentUrl\":\"https:\/\/vieassociative.be\/actualites\/wp-content\/uploads\/2024\/09\/vie-associative-1-150x150.jpg\",\"caption\":\"Julien\"},\"description\":\"Je suis Julien, r\u00e9dacteur pour Vie Associative. Passionn\u00e9 par le monde associatif depuis plus de 10 ans, j'ai \u00e0 c\u0153ur de partager des histoires inspirantes et de mettre en lumi\u00e8re les initiatives locales. Mon objectif est de sensibiliser et d'encourager l'engagement communautaire \u00e0 travers mes articles.\",\"sameAs\":[\"https:\/\/vieassociative.be\/\"]}]}<\/script>\n<!-- \/ Yoast SEO plugin. -->","yoast_head_json":{"title":"Mon offre Amazon pr\u00e9f\u00e9r\u00e9e du jour : Apple AirPods 4 | Vie Associative","robots":{"index":"index","follow":"follow","max-snippet":"max-snippet:-1","max-image-preview":"max-image-preview:large","max-video-preview":"max-video-preview:-1"},"canonical":"https:\/\/vieassociative.be\/actualites\/mon-offre-amazon-preferee-du-jour-apple-airpods-4\/","og_locale":"fr_FR","og_type":"article","og_title":"Mon offre Amazon pr\u00e9f\u00e9r\u00e9e du jour : Apple AirPods 4 | Vie Associative","og_description":"Les nouveaux Apple AirPods 4 \u00e0 r\u00e9duction de bruit, avec un design \u00e0 oreille ouverte et des basses impressionnantes, tombent \u00e0 leur prix le plus","og_url":"https:\/\/vieassociative.be\/actualites\/mon-offre-amazon-preferee-du-jour-apple-airpods-4\/","og_site_name":"Vie Associative","article_published_time":"2024-12-07T13:17:24+00:00","og_image":[{"url":"https:\/\/vieassociative.be\/actualites\/wp-content\/uploads\/2024\/12\/Mon-offre-Amazon-preferee-du-jour-Apple-AirPods-4.svg.svg+xml","type":"","width":"","height":""}],"author":"Julien","twitter_card":"summary_large_image","twitter_misc":{"\u00c9crit par":"Julien","Dur\u00e9e de lecture est.":"3 minutes"},"schema":{"@context":"https:\/\/schema.org","@graph":[{"@type":"Article","@id":"https:\/\/vieassociative.be\/actualites\/mon-offre-amazon-preferee-du-jour-apple-airpods-4\/#article","isPartOf":{"@id":"https:\/\/vieassociative.be\/actualites\/mon-offre-amazon-preferee-du-jour-apple-airpods-4\/"},"author":{"name":"Julien","@id":"https:\/\/vieassociative.be\/actualites\/#\/schema\/person\/b87ac4f82f9d4e7b7cec7395b679edc4"},"headline":"Mon offre Amazon pr\u00e9f\u00e9r\u00e9e du jour : Apple AirPods 4","datePublished":"2024-12-07T13:17:24+00:00","dateModified":"2024-12-07T13:17:24+00:00","mainEntityOfPage":{"@id":"https:\/\/vieassociative.be\/actualites\/mon-offre-amazon-preferee-du-jour-apple-airpods-4\/"},"wordCount":529,"publisher":{"@id":"https:\/\/vieassociative.be\/actualites\/#organization"},"image":{"@id":"https:\/\/vieassociative.be\/actualites\/mon-offre-amazon-preferee-du-jour-apple-airpods-4\/#primaryimage"},"thumbnailUrl":"https:\/\/vieassociative.be\/actualites\/wp-content\/uploads\/2024\/12\/Mon-offre-Amazon-preferee-du-jour-Apple-AirPods-4.png","keywords":["AirPods","Amazon","Apple","jour","Mon","offre","pr\u00e9f\u00e9r\u00e9e"],"articleSection":["Technologie"],"inLanguage":"fr-BE"},{"@type":"WebPage","@id":"https:\/\/vieassociative.be\/actualites\/mon-offre-amazon-preferee-du-jour-apple-airpods-4\/","url":"https:\/\/vieassociative.be\/actualites\/mon-offre-amazon-preferee-du-jour-apple-airpods-4\/","name":"Mon offre Amazon pr\u00e9f\u00e9r\u00e9e du jour : Apple AirPods 4 | Vie Associative","isPartOf":{"@id":"https:\/\/vieassociative.be\/actualites\/#website"},"primaryImageOfPage":{"@id":"https:\/\/vieassociative.be\/actualites\/mon-offre-amazon-preferee-du-jour-apple-airpods-4\/#primaryimage"},"image":{"@id":"https:\/\/vieassociative.be\/actualites\/mon-offre-amazon-preferee-du-jour-apple-airpods-4\/#primaryimage"},"thumbnailUrl":"https:\/\/vieassociative.be\/actualites\/wp-content\/uploads\/2024\/12\/Mon-offre-Amazon-preferee-du-jour-Apple-AirPods-4.png","datePublished":"2024-12-07T13:17:24+00:00","dateModified":"2024-12-07T13:17:24+00:00","breadcrumb":{"@id":"https:\/\/vieassociative.be\/actualites\/mon-offre-amazon-preferee-du-jour-apple-airpods-4\/#breadcrumb"},"inLanguage":"fr-BE","potentialAction":[{"@type":"ReadAction","target":["https:\/\/vieassociative.be\/actualites\/mon-offre-amazon-preferee-du-jour-apple-airpods-4\/"]}]},{"@type":"ImageObject","inLanguage":"fr-BE","@id":"https:\/\/vieassociative.be\/actualites\/mon-offre-amazon-preferee-du-jour-apple-airpods-4\/#primaryimage","url":"https:\/\/vieassociative.be\/actualites\/wp-content\/uploads\/2024\/12\/Mon-offre-Amazon-preferee-du-jour-Apple-AirPods-4.png","contentUrl":"https:\/\/vieassociative.be\/actualites\/wp-content\/uploads\/2024\/12\/Mon-offre-Amazon-preferee-du-jour-Apple-AirPods-4.png","width":1200,"height":675,"caption":"Mon offre Amazon pr\u00e9f\u00e9r\u00e9e du jour : Apple AirPods 4"},{"@type":"BreadcrumbList","@id":"https:\/\/vieassociative.be\/actualites\/mon-offre-amazon-preferee-du-jour-apple-airpods-4\/#breadcrumb","itemListElement":[{"@type":"ListItem","position":1,"name":"Accueil","item":"https:\/\/vieassociative.be\/actualites\/"},{"@type":"ListItem","position":2,"name":"Mon offre Amazon pr\u00e9f\u00e9r\u00e9e du jour : Apple AirPods 4"}]},{"@type":"WebSite","@id":"https:\/\/vieassociative.be\/actualites\/#website","url":"https:\/\/vieassociative.be\/actualites\/","name":"Vie Associative","description":"","publisher":{"@id":"https:\/\/vieassociative.be\/actualites\/#organization"},"potentialAction":[{"@type":"SearchAction","target":{"@type":"EntryPoint","urlTemplate":"https:\/\/vieassociative.be\/actualites\/?s={search_term_string}"},"query-input":{"@type":"PropertyValueSpecification","valueRequired":true,"valueName":"search_term_string"}}],"inLanguage":"fr-BE"},{"@type":"Organization","@id":"https:\/\/vieassociative.be\/actualites\/#organization","name":"Vie Associative","url":"https:\/\/vieassociative.be\/actualites\/","logo":{"@type":"ImageObject","inLanguage":"fr-BE","@id":"https:\/\/vieassociative.be\/actualites\/#\/schema\/logo\/image\/","url":"https:\/\/vieassociative.be\/actualites\/wp-content\/uploads\/2024\/09\/cropped-vieassociative_favicon.ico.png","contentUrl":"https:\/\/vieassociative.be\/actualites\/wp-content\/uploads\/2024\/09\/cropped-vieassociative_favicon.ico.png","width":512,"height":512,"caption":"Vie Associative"},"image":{"@id":"https:\/\/vieassociative.be\/actualites\/#\/schema\/logo\/image\/"}},{"@type":"Person","@id":"https:\/\/vieassociative.be\/actualites\/#\/schema\/person\/b87ac4f82f9d4e7b7cec7395b679edc4","name":"Julien","image":{"@type":"ImageObject","inLanguage":"fr-BE","@id":"https:\/\/vieassociative.be\/actualites\/#\/schema\/person\/image\/","url":"https:\/\/vieassociative.be\/actualites\/wp-content\/uploads\/2024\/09\/vie-associative-1-150x150.jpg","contentUrl":"https:\/\/vieassociative.be\/actualites\/wp-content\/uploads\/2024\/09\/vie-associative-1-150x150.jpg","caption":"Julien"},"description":"Je suis Julien, r\u00e9dacteur pour Vie Associative. Passionn\u00e9 par le monde associatif depuis plus de 10 ans, j'ai \u00e0 c\u0153ur de partager des histoires inspirantes et de mettre en lumi\u00e8re les initiatives locales. Mon objectif est de sensibiliser et d'encourager l'engagement communautaire \u00e0 travers mes articles.","sameAs":["https:\/\/vieassociative.be\/"]}]}},"_links":{"self":[{"href":"https:\/\/vieassociative.be\/actualites\/wp-json\/wp\/v2\/posts\/3154"}],"collection":[{"href":"https:\/\/vieassociative.be\/actualites\/wp-json\/wp\/v2\/posts"}],"about":[{"href":"https:\/\/vieassociative.be\/actualites\/wp-json\/wp\/v2\/types\/post"}],"author":[{"embeddable":true,"href":"https:\/\/vieassociative.be\/actualites\/wp-json\/wp\/v2\/users\/1"}],"replies":[{"embeddable":true,"href":"https:\/\/vieassociative.be\/actualites\/wp-json\/wp\/v2\/comments?post=3154"}],"version-history":[{"count":0,"href":"https:\/\/vieassociative.be\/actualites\/wp-json\/wp\/v2\/posts\/3154\/revisions"}],"wp:featuredmedia":[{"embeddable":true,"href":"https:\/\/vieassociative.be\/actualites\/wp-json\/wp\/v2\/media\/3155"}],"wp:attachment":[{"href":"https:\/\/vieassociative.be\/actualites\/wp-json\/wp\/v2\/media?parent=3154"}],"wp:term":[{"taxonomy":"category","embeddable":true,"href":"https:\/\/vieassociative.be\/actualites\/wp-json\/wp\/v2\/categories?post=3154"},{"taxonomy":"post_tag","embeddable":true,"href":"https:\/\/vieassociative.be\/actualites\/wp-json\/wp\/v2\/tags?post=3154"}],"curies":[{"name":"wp","href":"https:\/\/api.w.org\/{rel}","templated":true}]}}