{"id":3143,"date":"2024-12-07T06:18:34","date_gmt":"2024-12-07T05:18:34","guid":{"rendered":"https:\/\/vieassociative.be\/actualites\/comment-empecher-votre-chien-dintroduire-des-allergenes-exterieurs-dans-votre-maison\/"},"modified":"2024-12-07T06:18:34","modified_gmt":"2024-12-07T05:18:34","slug":"comment-empecher-votre-chien-dintroduire-des-allergenes-exterieurs-dans-votre-maison","status":"publish","type":"post","link":"https:\/\/vieassociative.be\/actualites\/comment-empecher-votre-chien-dintroduire-des-allergenes-exterieurs-dans-votre-maison\/","title":{"rendered":"Comment emp\u00eacher votre chien d&rsquo;introduire des allerg\u00e8nes ext\u00e9rieurs dans votre maison"},"content":{"rendered":"<div class=\"mt-4 leading-6 md:mb-8\">Vous n\u2019allez pas leur donner un bain \u00e0 chaque fois qu\u2019ils sortent.<\/div>\n<p><\/p>\n<p>M\u00eame les chiens d&rsquo;int\u00e9rieur doivent parfois sortir, que ce soit pour aller aux toilettes naturelles, se promener ou courir un peu. Et comme vous le savez, les jours o\u00f9 il y a des pr\u00e9cipitations, tout ce qui se passe \u00e0 l&rsquo;ext\u00e9rieur les entra\u00eene \u00e0 l&rsquo;int\u00e9rieur, y compris le pollen.<\/p>\n<p>Bien que lorsque l\u2019on pense aux chiens et aux allergies, les squames viennent g\u00e9n\u00e9ralement \u00e0 l\u2019esprit en premier, votre chiot pourrait aggraver votre rhume des foins \u00e0 cette p\u00e9riode de l\u2019ann\u00e9e. Voici comment cela se produit et que faire \u00e0 ce sujet.<\/p>\n<h2 id=\"how-dogs-bring-allergens-indoors\">Comment les chiens apportent des allerg\u00e8nes \u00e0 l&rsquo;int\u00e9rieur<\/h2>\n<p>Votre chien voit une parcelle d&rsquo;herbe fra\u00eeche ou des plantes couvre-sol et a imm\u00e9diatement besoin de s&rsquo;y rouler ? Aiment-ils courir \u00e0 travers les champs ou les parties de votre jardin que vous avez am\u00e9nag\u00e9es\u00a0? <\/p>\n<p>Si tel est le cas, pensez \u00e0 la quantit\u00e9 de pollen (et de salet\u00e9) qui se retrouve sur leur fourrure. Et m\u00eame s&rsquo;ils ne roulent pas activement dedans ou ne courent pas dessus, le simple fait d&rsquo;\u00eatre dehors pendant les saisons d&rsquo;allergies suffit pour que cela fasse une diff\u00e9rence dans votre maison.<\/p>\n<p>En plus de leur pelage, le pollen peut \u00e9galement s&rsquo;accumuler sur leurs pattes (y compris sur le dessus, entre leurs ongles), dans leurs oreilles, sur leurs moustaches ou sur le pelage de leur visage, \u00e0 peu pr\u00e8s n&rsquo;importe o\u00f9.<\/p>\n<p>\u00ab\u00a0Ce (pollen) peut ensuite \u00eatre transf\u00e9r\u00e9 facilement et rapidement \u00e0 l&rsquo;int\u00e9rieur de votre maison et sur vos meubles\u00a0\u00bb, explique Sara Ochoa (DVM), v\u00e9t\u00e9rinaire au Whitehouse Veterinary Hospital de Whitehouse, Texas et SeniorTailWaggers.com, \u00e0 Vie Associative. \u00ab\u00a0Souvent, vous pouvez m\u00eame voir du pollen sur leur fourrure.\u00a0\u00bb<\/p>\n<h2 id=\"how-to-prevent-your-dog-from-bringing-allergens-into-your-home\">Comment emp\u00eacher votre chien d&rsquo;introduire des allerg\u00e8nes dans votre maison<\/h2>\n<p>M\u00eame s\u2019il est peu probable que vous puissiez extraire chaque grain de pollen de votre chien, vous pouvez en obtenir suffisamment pour faire la diff\u00e9rence. Et avant d\u2019arr\u00eater de lire parce qu\u2019il y a une r\u00e9ponse \u00e9vidente (donner un bain \u00e0 son chien), sachez que c\u2019est plus compliqu\u00e9 que \u00e7a.<\/p>\n<h3>Donnez un bain \u00e0 votre chien (avec des mises en garde)<\/h3>\n<p>Bien que donner un bain \u00e0 votre chien aide certainement \u00e0 \u00e9liminer le pollen qu&rsquo;il a sur son pelage, gardez \u00e0 l&rsquo;esprit que lui donner un bain \u00e0 chaque fois qu&rsquo;il rentre de l&rsquo;ext\u00e9rieur n&rsquo;est pas r\u00e9aliste. De plus, certaines races, comme les braques de Weimar, les teckels et les braques allemands \u00e0 poil court, n&rsquo;ont pas besoin (et ne devraient pas prendre) de bains tr\u00e8s souvent.<\/p>\n<p>Si vous avez un chien capable de se baigner plus fr\u00e9quemment, Ochoa recommande de le faire une fois par semaine pendant la saison des allergies. \u00ab\u00a0Si vous devez leur donner un bain plus que cela, j&rsquo;envisagerais d&rsquo;utiliser un shampoing \u00e0 base d&rsquo;avoine ou un shampoing doux qui ne dess\u00e8chera pas leur pelage\u00a0\u00bb, ajoute-t-elle. Pour les chiens qui ne peuvent pas se baigner aussi souvent, elle sugg\u00e8re d&rsquo;utiliser un shampoing sans eau.<\/p>\n<h3>Autres moyens d\u2019emp\u00eacher votre chien d\u2019introduire du pollen \u00e0 l\u2019int\u00e9rieur<\/h3>\n<p>Voici quelques autres jours pour \u00e9liminer le pollen de votre chien, qui sont beaucoup moins impliqu\u00e9s que le bain et peuvent \u00eatre effectu\u00e9s plus fr\u00e9quemment\u00a0:<\/p>\n<ul>\n<li>\n<p>Essuyez leur fourrure et leurs pattes avec un chiffon humide lorsqu&rsquo;ils sont pr\u00eats \u00e0 entrer<\/p>\n<\/li>\n<li>\n<p>Brossez-les avant leur arriv\u00e9e et envisagez de porter un masque si vous avez des allergies.<\/p>\n<\/li>\n<li>\n<p>Procurez-vous un paillasson en microfibre, comme ceux de Soggy Doggy, pour attraper le pollen coll\u00e9 sur leurs pieds et entre leurs orteils.<\/p>\n<\/li>\n<\/ul>\n","protected":false},"excerpt":{"rendered":"<p>Vous n\u2019allez pas leur donner un bain \u00e0 chaque fois qu\u2019ils sortent. M\u00eame les chiens d&rsquo;int\u00e9rieur doivent parfois sortir, que ce soit pour aller aux<\/p>\n","protected":false},"author":1,"featured_media":3144,"comment_status":"","ping_status":"","sticky":false,"template":"","format":"standard","meta":{"footnotes":""},"categories":[37],"tags":[3835,91,44,166,29,3834,1889,3836,560,8],"class_list":["post-3143","post","type-post","status-publish","format-standard","has-post-thumbnail","hentry","category-famille","tag-allergenes","tag-chien","tag-comment","tag-dans","tag-des","tag-dintroduire","tag-empecher","tag-exterieurs","tag-maison","tag-votre","generate-columns","tablet-grid-50","mobile-grid-100","grid-parent","grid-33"],"yoast_head":"<!-- This site is optimized with the Yoast SEO plugin v24.0 - https:\/\/yoast.com\/wordpress\/plugins\/seo\/ -->\n<title>Comment emp\u00eacher votre chien d&#039;introduire des allerg\u00e8nes ext\u00e9rieurs dans votre maison | Vie Associative<\/title>\n<meta name=\"robots\" content=\"index, follow, max-snippet:-1, max-image-preview:large, max-video-preview:-1\" \/>\n<link rel=\"canonical\" href=\"https:\/\/vieassociative.be\/actualites\/comment-empecher-votre-chien-dintroduire-des-allergenes-exterieurs-dans-votre-maison\/\" \/>\n<meta property=\"og:locale\" content=\"fr_FR\" \/>\n<meta property=\"og:type\" content=\"article\" \/>\n<meta property=\"og:title\" content=\"Comment emp\u00eacher votre chien d&#039;introduire des allerg\u00e8nes ext\u00e9rieurs dans votre maison | Vie Associative\" \/>\n<meta property=\"og:description\" content=\"Vous n\u2019allez pas leur donner un bain \u00e0 chaque fois qu\u2019ils sortent. M\u00eame les chiens d&rsquo;int\u00e9rieur doivent parfois sortir, que ce soit pour aller aux\" \/>\n<meta property=\"og:url\" content=\"https:\/\/vieassociative.be\/actualites\/comment-empecher-votre-chien-dintroduire-des-allergenes-exterieurs-dans-votre-maison\/\" \/>\n<meta property=\"og:site_name\" content=\"Vie Associative\" \/>\n<meta property=\"article:published_time\" content=\"2024-12-07T05:18:34+00:00\" \/>\n<meta property=\"og:image\" content=\"https:\/\/vieassociative.be\/actualites\/wp-content\/uploads\/2024\/09\/header_backgroundk-01-e1726694325946.png\" \/>\n\t<meta property=\"og:image:width\" content=\"279\" \/>\n\t<meta property=\"og:image:height\" content=\"92\" \/>\n\t<meta property=\"og:image:type\" content=\"image\/png\" \/>\n<meta name=\"author\" content=\"Julien\" \/>\n<meta name=\"twitter:card\" content=\"summary_large_image\" \/>\n<meta name=\"twitter:label1\" content=\"\u00c9crit par\" \/>\n\t<meta name=\"twitter:data1\" content=\"Julien\" \/>\n\t<meta name=\"twitter:label2\" content=\"Dur\u00e9e de lecture est.\" \/>\n\t<meta name=\"twitter:data2\" content=\"3 minutes\" \/>\n<script type=\"application\/ld+json\" class=\"yoast-schema-graph\">{\"@context\":\"https:\/\/schema.org\",\"@graph\":[{\"@type\":\"Article\",\"@id\":\"https:\/\/vieassociative.be\/actualites\/comment-empecher-votre-chien-dintroduire-des-allergenes-exterieurs-dans-votre-maison\/#article\",\"isPartOf\":{\"@id\":\"https:\/\/vieassociative.be\/actualites\/comment-empecher-votre-chien-dintroduire-des-allergenes-exterieurs-dans-votre-maison\/\"},\"author\":{\"name\":\"Julien\",\"@id\":\"https:\/\/vieassociative.be\/actualites\/#\/schema\/person\/b87ac4f82f9d4e7b7cec7395b679edc4\"},\"headline\":\"Comment emp\u00eacher votre chien d&rsquo;introduire des allerg\u00e8nes ext\u00e9rieurs dans votre maison\",\"datePublished\":\"2024-12-07T05:18:34+00:00\",\"dateModified\":\"2024-12-07T05:18:34+00:00\",\"mainEntityOfPage\":{\"@id\":\"https:\/\/vieassociative.be\/actualites\/comment-empecher-votre-chien-dintroduire-des-allergenes-exterieurs-dans-votre-maison\/\"},\"wordCount\":650,\"publisher\":{\"@id\":\"https:\/\/vieassociative.be\/actualites\/#organization\"},\"image\":{\"@id\":\"https:\/\/vieassociative.be\/actualites\/comment-empecher-votre-chien-dintroduire-des-allergenes-exterieurs-dans-votre-maison\/#primaryimage\"},\"thumbnailUrl\":\"https:\/\/vieassociative.be\/actualites\/wp-content\/uploads\/2024\/12\/Comment-empecher-votre-chien-dintroduire-des-allergenes-exterieurs-dans-votre.jpg\",\"keywords\":[\"allerg\u00e8nes\",\"chien\",\"Comment\",\"dans\",\"Des\",\"dintroduire\",\"emp\u00eacher\",\"ext\u00e9rieurs\",\"maison\",\"votre\"],\"articleSection\":[\"Famille\"],\"inLanguage\":\"fr-BE\"},{\"@type\":\"WebPage\",\"@id\":\"https:\/\/vieassociative.be\/actualites\/comment-empecher-votre-chien-dintroduire-des-allergenes-exterieurs-dans-votre-maison\/\",\"url\":\"https:\/\/vieassociative.be\/actualites\/comment-empecher-votre-chien-dintroduire-des-allergenes-exterieurs-dans-votre-maison\/\",\"name\":\"Comment emp\u00eacher votre chien d'introduire des allerg\u00e8nes ext\u00e9rieurs dans votre maison | Vie Associative\",\"isPartOf\":{\"@id\":\"https:\/\/vieassociative.be\/actualites\/#website\"},\"primaryImageOfPage\":{\"@id\":\"https:\/\/vieassociative.be\/actualites\/comment-empecher-votre-chien-dintroduire-des-allergenes-exterieurs-dans-votre-maison\/#primaryimage\"},\"image\":{\"@id\":\"https:\/\/vieassociative.be\/actualites\/comment-empecher-votre-chien-dintroduire-des-allergenes-exterieurs-dans-votre-maison\/#primaryimage\"},\"thumbnailUrl\":\"https:\/\/vieassociative.be\/actualites\/wp-content\/uploads\/2024\/12\/Comment-empecher-votre-chien-dintroduire-des-allergenes-exterieurs-dans-votre.jpg\",\"datePublished\":\"2024-12-07T05:18:34+00:00\",\"dateModified\":\"2024-12-07T05:18:34+00:00\",\"breadcrumb\":{\"@id\":\"https:\/\/vieassociative.be\/actualites\/comment-empecher-votre-chien-dintroduire-des-allergenes-exterieurs-dans-votre-maison\/#breadcrumb\"},\"inLanguage\":\"fr-BE\",\"potentialAction\":[{\"@type\":\"ReadAction\",\"target\":[\"https:\/\/vieassociative.be\/actualites\/comment-empecher-votre-chien-dintroduire-des-allergenes-exterieurs-dans-votre-maison\/\"]}]},{\"@type\":\"ImageObject\",\"inLanguage\":\"fr-BE\",\"@id\":\"https:\/\/vieassociative.be\/actualites\/comment-empecher-votre-chien-dintroduire-des-allergenes-exterieurs-dans-votre-maison\/#primaryimage\",\"url\":\"https:\/\/vieassociative.be\/actualites\/wp-content\/uploads\/2024\/12\/Comment-empecher-votre-chien-dintroduire-des-allergenes-exterieurs-dans-votre.jpg\",\"contentUrl\":\"https:\/\/vieassociative.be\/actualites\/wp-content\/uploads\/2024\/12\/Comment-empecher-votre-chien-dintroduire-des-allergenes-exterieurs-dans-votre.jpg\",\"width\":1200,\"height\":675,\"caption\":\"Comment emp\u00eacher votre chien d'introduire des allerg\u00e8nes ext\u00e9rieurs dans votre maison\"},{\"@type\":\"BreadcrumbList\",\"@id\":\"https:\/\/vieassociative.be\/actualites\/comment-empecher-votre-chien-dintroduire-des-allergenes-exterieurs-dans-votre-maison\/#breadcrumb\",\"itemListElement\":[{\"@type\":\"ListItem\",\"position\":1,\"name\":\"Accueil\",\"item\":\"https:\/\/vieassociative.be\/actualites\/\"},{\"@type\":\"ListItem\",\"position\":2,\"name\":\"Comment emp\u00eacher votre chien d&rsquo;introduire des allerg\u00e8nes ext\u00e9rieurs dans votre maison\"}]},{\"@type\":\"WebSite\",\"@id\":\"https:\/\/vieassociative.be\/actualites\/#website\",\"url\":\"https:\/\/vieassociative.be\/actualites\/\",\"name\":\"Vie Associative\",\"description\":\"\",\"publisher\":{\"@id\":\"https:\/\/vieassociative.be\/actualites\/#organization\"},\"potentialAction\":[{\"@type\":\"SearchAction\",\"target\":{\"@type\":\"EntryPoint\",\"urlTemplate\":\"https:\/\/vieassociative.be\/actualites\/?s={search_term_string}\"},\"query-input\":{\"@type\":\"PropertyValueSpecification\",\"valueRequired\":true,\"valueName\":\"search_term_string\"}}],\"inLanguage\":\"fr-BE\"},{\"@type\":\"Organization\",\"@id\":\"https:\/\/vieassociative.be\/actualites\/#organization\",\"name\":\"Vie Associative\",\"url\":\"https:\/\/vieassociative.be\/actualites\/\",\"logo\":{\"@type\":\"ImageObject\",\"inLanguage\":\"fr-BE\",\"@id\":\"https:\/\/vieassociative.be\/actualites\/#\/schema\/logo\/image\/\",\"url\":\"https:\/\/vieassociative.be\/actualites\/wp-content\/uploads\/2024\/09\/cropped-vieassociative_favicon.ico.png\",\"contentUrl\":\"https:\/\/vieassociative.be\/actualites\/wp-content\/uploads\/2024\/09\/cropped-vieassociative_favicon.ico.png\",\"width\":512,\"height\":512,\"caption\":\"Vie Associative\"},\"image\":{\"@id\":\"https:\/\/vieassociative.be\/actualites\/#\/schema\/logo\/image\/\"}},{\"@type\":\"Person\",\"@id\":\"https:\/\/vieassociative.be\/actualites\/#\/schema\/person\/b87ac4f82f9d4e7b7cec7395b679edc4\",\"name\":\"Julien\",\"image\":{\"@type\":\"ImageObject\",\"inLanguage\":\"fr-BE\",\"@id\":\"https:\/\/vieassociative.be\/actualites\/#\/schema\/person\/image\/\",\"url\":\"https:\/\/vieassociative.be\/actualites\/wp-content\/uploads\/2024\/09\/vie-associative-1-150x150.jpg\",\"contentUrl\":\"https:\/\/vieassociative.be\/actualites\/wp-content\/uploads\/2024\/09\/vie-associative-1-150x150.jpg\",\"caption\":\"Julien\"},\"description\":\"Je suis Julien, r\u00e9dacteur pour Vie Associative. Passionn\u00e9 par le monde associatif depuis plus de 10 ans, j'ai \u00e0 c\u0153ur de partager des histoires inspirantes et de mettre en lumi\u00e8re les initiatives locales. Mon objectif est de sensibiliser et d'encourager l'engagement communautaire \u00e0 travers mes articles.\",\"sameAs\":[\"https:\/\/vieassociative.be\/\"]}]}<\/script>\n<!-- \/ Yoast SEO plugin. -->","yoast_head_json":{"title":"Comment emp\u00eacher votre chien d'introduire des allerg\u00e8nes ext\u00e9rieurs dans votre maison | Vie Associative","robots":{"index":"index","follow":"follow","max-snippet":"max-snippet:-1","max-image-preview":"max-image-preview:large","max-video-preview":"max-video-preview:-1"},"canonical":"https:\/\/vieassociative.be\/actualites\/comment-empecher-votre-chien-dintroduire-des-allergenes-exterieurs-dans-votre-maison\/","og_locale":"fr_FR","og_type":"article","og_title":"Comment emp\u00eacher votre chien d'introduire des allerg\u00e8nes ext\u00e9rieurs dans votre maison | Vie Associative","og_description":"Vous n\u2019allez pas leur donner un bain \u00e0 chaque fois qu\u2019ils sortent. M\u00eame les chiens d&rsquo;int\u00e9rieur doivent parfois sortir, que ce soit pour aller aux","og_url":"https:\/\/vieassociative.be\/actualites\/comment-empecher-votre-chien-dintroduire-des-allergenes-exterieurs-dans-votre-maison\/","og_site_name":"Vie Associative","article_published_time":"2024-12-07T05:18:34+00:00","og_image":[{"width":279,"height":92,"url":"https:\/\/vieassociative.be\/actualites\/wp-content\/uploads\/2024\/09\/header_backgroundk-01-e1726694325946.png","type":"image\/png"}],"author":"Julien","twitter_card":"summary_large_image","twitter_misc":{"\u00c9crit par":"Julien","Dur\u00e9e de lecture est.":"3 minutes"},"schema":{"@context":"https:\/\/schema.org","@graph":[{"@type":"Article","@id":"https:\/\/vieassociative.be\/actualites\/comment-empecher-votre-chien-dintroduire-des-allergenes-exterieurs-dans-votre-maison\/#article","isPartOf":{"@id":"https:\/\/vieassociative.be\/actualites\/comment-empecher-votre-chien-dintroduire-des-allergenes-exterieurs-dans-votre-maison\/"},"author":{"name":"Julien","@id":"https:\/\/vieassociative.be\/actualites\/#\/schema\/person\/b87ac4f82f9d4e7b7cec7395b679edc4"},"headline":"Comment emp\u00eacher votre chien d&rsquo;introduire des allerg\u00e8nes ext\u00e9rieurs dans votre maison","datePublished":"2024-12-07T05:18:34+00:00","dateModified":"2024-12-07T05:18:34+00:00","mainEntityOfPage":{"@id":"https:\/\/vieassociative.be\/actualites\/comment-empecher-votre-chien-dintroduire-des-allergenes-exterieurs-dans-votre-maison\/"},"wordCount":650,"publisher":{"@id":"https:\/\/vieassociative.be\/actualites\/#organization"},"image":{"@id":"https:\/\/vieassociative.be\/actualites\/comment-empecher-votre-chien-dintroduire-des-allergenes-exterieurs-dans-votre-maison\/#primaryimage"},"thumbnailUrl":"https:\/\/vieassociative.be\/actualites\/wp-content\/uploads\/2024\/12\/Comment-empecher-votre-chien-dintroduire-des-allergenes-exterieurs-dans-votre.jpg","keywords":["allerg\u00e8nes","chien","Comment","dans","Des","dintroduire","emp\u00eacher","ext\u00e9rieurs","maison","votre"],"articleSection":["Famille"],"inLanguage":"fr-BE"},{"@type":"WebPage","@id":"https:\/\/vieassociative.be\/actualites\/comment-empecher-votre-chien-dintroduire-des-allergenes-exterieurs-dans-votre-maison\/","url":"https:\/\/vieassociative.be\/actualites\/comment-empecher-votre-chien-dintroduire-des-allergenes-exterieurs-dans-votre-maison\/","name":"Comment emp\u00eacher votre chien d'introduire des allerg\u00e8nes ext\u00e9rieurs dans votre maison | Vie Associative","isPartOf":{"@id":"https:\/\/vieassociative.be\/actualites\/#website"},"primaryImageOfPage":{"@id":"https:\/\/vieassociative.be\/actualites\/comment-empecher-votre-chien-dintroduire-des-allergenes-exterieurs-dans-votre-maison\/#primaryimage"},"image":{"@id":"https:\/\/vieassociative.be\/actualites\/comment-empecher-votre-chien-dintroduire-des-allergenes-exterieurs-dans-votre-maison\/#primaryimage"},"thumbnailUrl":"https:\/\/vieassociative.be\/actualites\/wp-content\/uploads\/2024\/12\/Comment-empecher-votre-chien-dintroduire-des-allergenes-exterieurs-dans-votre.jpg","datePublished":"2024-12-07T05:18:34+00:00","dateModified":"2024-12-07T05:18:34+00:00","breadcrumb":{"@id":"https:\/\/vieassociative.be\/actualites\/comment-empecher-votre-chien-dintroduire-des-allergenes-exterieurs-dans-votre-maison\/#breadcrumb"},"inLanguage":"fr-BE","potentialAction":[{"@type":"ReadAction","target":["https:\/\/vieassociative.be\/actualites\/comment-empecher-votre-chien-dintroduire-des-allergenes-exterieurs-dans-votre-maison\/"]}]},{"@type":"ImageObject","inLanguage":"fr-BE","@id":"https:\/\/vieassociative.be\/actualites\/comment-empecher-votre-chien-dintroduire-des-allergenes-exterieurs-dans-votre-maison\/#primaryimage","url":"https:\/\/vieassociative.be\/actualites\/wp-content\/uploads\/2024\/12\/Comment-empecher-votre-chien-dintroduire-des-allergenes-exterieurs-dans-votre.jpg","contentUrl":"https:\/\/vieassociative.be\/actualites\/wp-content\/uploads\/2024\/12\/Comment-empecher-votre-chien-dintroduire-des-allergenes-exterieurs-dans-votre.jpg","width":1200,"height":675,"caption":"Comment emp\u00eacher votre chien d'introduire des allerg\u00e8nes ext\u00e9rieurs dans votre maison"},{"@type":"BreadcrumbList","@id":"https:\/\/vieassociative.be\/actualites\/comment-empecher-votre-chien-dintroduire-des-allergenes-exterieurs-dans-votre-maison\/#breadcrumb","itemListElement":[{"@type":"ListItem","position":1,"name":"Accueil","item":"https:\/\/vieassociative.be\/actualites\/"},{"@type":"ListItem","position":2,"name":"Comment emp\u00eacher votre chien d&rsquo;introduire des allerg\u00e8nes ext\u00e9rieurs dans votre maison"}]},{"@type":"WebSite","@id":"https:\/\/vieassociative.be\/actualites\/#website","url":"https:\/\/vieassociative.be\/actualites\/","name":"Vie Associative","description":"","publisher":{"@id":"https:\/\/vieassociative.be\/actualites\/#organization"},"potentialAction":[{"@type":"SearchAction","target":{"@type":"EntryPoint","urlTemplate":"https:\/\/vieassociative.be\/actualites\/?s={search_term_string}"},"query-input":{"@type":"PropertyValueSpecification","valueRequired":true,"valueName":"search_term_string"}}],"inLanguage":"fr-BE"},{"@type":"Organization","@id":"https:\/\/vieassociative.be\/actualites\/#organization","name":"Vie Associative","url":"https:\/\/vieassociative.be\/actualites\/","logo":{"@type":"ImageObject","inLanguage":"fr-BE","@id":"https:\/\/vieassociative.be\/actualites\/#\/schema\/logo\/image\/","url":"https:\/\/vieassociative.be\/actualites\/wp-content\/uploads\/2024\/09\/cropped-vieassociative_favicon.ico.png","contentUrl":"https:\/\/vieassociative.be\/actualites\/wp-content\/uploads\/2024\/09\/cropped-vieassociative_favicon.ico.png","width":512,"height":512,"caption":"Vie Associative"},"image":{"@id":"https:\/\/vieassociative.be\/actualites\/#\/schema\/logo\/image\/"}},{"@type":"Person","@id":"https:\/\/vieassociative.be\/actualites\/#\/schema\/person\/b87ac4f82f9d4e7b7cec7395b679edc4","name":"Julien","image":{"@type":"ImageObject","inLanguage":"fr-BE","@id":"https:\/\/vieassociative.be\/actualites\/#\/schema\/person\/image\/","url":"https:\/\/vieassociative.be\/actualites\/wp-content\/uploads\/2024\/09\/vie-associative-1-150x150.jpg","contentUrl":"https:\/\/vieassociative.be\/actualites\/wp-content\/uploads\/2024\/09\/vie-associative-1-150x150.jpg","caption":"Julien"},"description":"Je suis Julien, r\u00e9dacteur pour Vie Associative. Passionn\u00e9 par le monde associatif depuis plus de 10 ans, j'ai \u00e0 c\u0153ur de partager des histoires inspirantes et de mettre en lumi\u00e8re les initiatives locales. Mon objectif est de sensibiliser et d'encourager l'engagement communautaire \u00e0 travers mes articles.","sameAs":["https:\/\/vieassociative.be\/"]}]}},"_links":{"self":[{"href":"https:\/\/vieassociative.be\/actualites\/wp-json\/wp\/v2\/posts\/3143"}],"collection":[{"href":"https:\/\/vieassociative.be\/actualites\/wp-json\/wp\/v2\/posts"}],"about":[{"href":"https:\/\/vieassociative.be\/actualites\/wp-json\/wp\/v2\/types\/post"}],"author":[{"embeddable":true,"href":"https:\/\/vieassociative.be\/actualites\/wp-json\/wp\/v2\/users\/1"}],"replies":[{"embeddable":true,"href":"https:\/\/vieassociative.be\/actualites\/wp-json\/wp\/v2\/comments?post=3143"}],"version-history":[{"count":0,"href":"https:\/\/vieassociative.be\/actualites\/wp-json\/wp\/v2\/posts\/3143\/revisions"}],"wp:featuredmedia":[{"embeddable":true,"href":"https:\/\/vieassociative.be\/actualites\/wp-json\/wp\/v2\/media\/3144"}],"wp:attachment":[{"href":"https:\/\/vieassociative.be\/actualites\/wp-json\/wp\/v2\/media?parent=3143"}],"wp:term":[{"taxonomy":"category","embeddable":true,"href":"https:\/\/vieassociative.be\/actualites\/wp-json\/wp\/v2\/categories?post=3143"},{"taxonomy":"post_tag","embeddable":true,"href":"https:\/\/vieassociative.be\/actualites\/wp-json\/wp\/v2\/tags?post=3143"}],"curies":[{"name":"wp","href":"https:\/\/api.w.org\/{rel}","templated":true}]}}