{"id":3140,"date":"2024-12-07T03:17:25","date_gmt":"2024-12-07T02:17:25","guid":{"rendered":"https:\/\/vieassociative.be\/actualites\/lopposition-renverse-le-gouvernement-par-un-vote-de-censure-la-france-lourdement-endettee-est-menacee-de-paralysie\/"},"modified":"2024-12-07T03:17:25","modified_gmt":"2024-12-07T02:17:25","slug":"lopposition-renverse-le-gouvernement-par-un-vote-de-censure-la-france-lourdement-endettee-est-menacee-de-paralysie","status":"publish","type":"post","link":"https:\/\/vieassociative.be\/actualites\/lopposition-renverse-le-gouvernement-par-un-vote-de-censure-la-france-lourdement-endettee-est-menacee-de-paralysie\/","title":{"rendered":"L\u2019opposition renverse le gouvernement par un vote de censure \u2013 la France, lourdement endett\u00e9e, est menac\u00e9e de paralysie"},"content":{"rendered":"<p><strong>Apr\u00e8s moins de trois mois, le gouvernement de centre-droit de Michel Barnier touche \u00e0 sa fin. Le pays est menac\u00e9 de paralysie. La chute du gouvernement risque \u00e9galement d\u2019avoir des cons\u00e9quences pour l\u2019Europe.<\/strong><\/p>\n<p><span id=\"more-403338\"><\/span>Par un vote de censure, l&rsquo;opposition fran\u00e7aise a fait tomber le gouvernement de centre-droit du Premier ministre Michel Barnier. Les nationalistes de droite de Marine Le Pen et le camp de gauche ont vot\u00e9 ensemble contre le gouvernement \u00e0 l&rsquo;Assembl\u00e9e nationale et ont ainsi obtenu la majorit\u00e9 n\u00e9cessaire.<\/p>\n<p>Au total, 331 des 577 d\u00e9put\u00e9s ont retir\u00e9 leur confiance au gouvernement. Barnier doit d\u00e9sormais soumettre sa d\u00e9mission et celle du gouvernement au pr\u00e9sident Emmanuel Macron. La fonction de chef de l&rsquo;\u00c9tat n&rsquo;est pas affect\u00e9e par le vote de censure.<\/p>\n<div id=\"attachment_403347\" class=\"wp-caption alignleft\" style=\"max-width: 300px\"><img fetchpriority=\"high\" decoding=\"async\" class=\"wp-image-403347 size-medium\" src=\"https:\/\/vieassociative.be\/actualites\/wp-content\/uploads\/2024\/12\/Lopposition-renverse-le-gouvernement-par-un-vote-de-censure-\u2013.jpg\" alt=\"\" width=\"300\" height=\"200\"><\/p>\n<p class=\"wp-caption-text\">4 d\u00e9cembre 2024, France, Paris : le Premier ministre fran\u00e7ais Michel Barnier participe \u00e0 un d\u00e9bat sur les motions de censure contre son gouvernement \u00e0 l&rsquo;Assembl\u00e9e nationale. Photo : Aur\u00e9lien Morissard\/Xinhua\/dpa<\/p>\n<\/div>\n<p><strong>\u2013 La gauche appelle \u00e0 la d\u00e9mission de Macron :<\/strong> La gauche fran\u00e7aise a appel\u00e9 dans la soir\u00e9e \u00e0 la d\u00e9mission du pr\u00e9sident Emmanuel Macron. \u00ab\u00a0Pour sortir de l&rsquo;impasse dans laquelle le pr\u00e9sident a entra\u00een\u00e9 le pays, nous n&rsquo;avons qu&rsquo;une seule solution : nous appelons d\u00e9sormais Emmanuel Macron \u00e0 partir\u00a0\u00bb, a d\u00e9clar\u00e9 le chef de file du parti de gauche La France Insoumise (LFI). Mathilde Panot. \u00ab\u00a0Nous ne sommes pas le chaos, c&rsquo;est Emmanuel Macron depuis sept ans.\u00a0\u00bb Avec la motion de censure, sa politique a \u00e9t\u00e9 vaincue.<\/p>\n<p>La chef du parti nationaliste de droite fran\u00e7ais, Marine Le Pen, a \u00e9galement imput\u00e9 \u00e0 Macron la crise politique qui s&rsquo;est produite. \u00ab\u00a0C&rsquo;est le grand responsable de la situation actuelle\u00a0\u00bb, a d\u00e9clar\u00e9 Le Pen sur TF1. \u00ab Je n\u2019appelle pas \u00e0 la d\u00e9mission d\u2019Emmanuel Macron \u00bb, a d\u00e9clar\u00e9 Le Pen. Mais la pression sur lui va augmenter ; il devra d\u00e9cider lui-m\u00eame s\u2019il veut rester au pouvoir jusqu\u2019en 2027 ou convoquer des \u00e9lections anticip\u00e9es.<\/p>\n<p><strong>\u2013 Macron pr\u00e9voit un discours jeudi soir :<\/strong> Le chef de l&rsquo;Etat lui-m\u00eame n&rsquo;a souhait\u00e9 s&rsquo;adresser \u00e0 la nation que jeudi soir, a indiqu\u00e9 l&rsquo;Elys\u00e9e. Macron n&rsquo;est rentr\u00e9 \u00e0 Paris depuis l&rsquo;Arabie Saoudite que dans la journ\u00e9e. Le vote sur la motion de censure avait \u00e9t\u00e9 attendu jusqu&rsquo;au retour du pr\u00e9sident dans le pays.<\/p>\n<\/p>\n<div id=\"attachment_403342\" class=\"wp-caption alignleft\" style=\"max-width: 300px\"><img decoding=\"async\" class=\"wp-image-403342 size-medium\" src=\"https:\/\/vieassociative.be\/actualites\/wp-content\/uploads\/2024\/12\/1733537845_759_Lopposition-renverse-le-gouvernement-par-un-vote-de-censure-\u2013.jpg\" alt=\"\" width=\"300\" height=\"200\"><\/p>\n<p class=\"wp-caption-text\">04.12.2024, France, Paris : Marine le Pen (M) du Rassemblement National pose avant une interview sur la cha\u00eene de t\u00e9l\u00e9vision fran\u00e7aise TF1 \u00e0 Boulogne-Billancourt, en dehors de Paris, apr\u00e8s que les d\u00e9put\u00e9s d&rsquo;extr\u00eame droite et de gauche fran\u00e7ais ont soumis conjointement une motion la d\u00e9fiance due aux conflits budg\u00e9taires oblige le Premier ministre Barnier \u00e0 d\u00e9missionner. Photo : St\u00e9phane de Sakutin\/POOL AFP\/AP\/dpa<\/p>\n<\/div>\n<p>La chute du gouvernement plonge la France dans une profonde crise politique. De nouvelles \u00e9lections l\u00e9gislatives ne seront pas possibles avant l&rsquo;\u00e9t\u00e9 prochain. Le rapport de force reste donc dans une impasse. Ni le camp de gauche qui a remport\u00e9 les \u00e9lections l\u00e9gislatives de l&rsquo;\u00e9t\u00e9, ni les forces du centre de Macron, ni les nationalistes de droite autour de Marine Le Pen et leurs alli\u00e9s ne disposent de majorit\u00e9 propre.<\/p>\n<p>Les recherches du gouvernement risquent d&rsquo;\u00eatre \u00e0 nouveau difficiles. Il semble peu probable qu\u2019au final, il y en ait assez pour faire plus qu\u2019un gouvernement minoritaire.<\/p>\n<p><strong>\u2013 Macron a \u00e9galement fait pression sur :<\/strong> Apr\u00e8s l\u2019Allemagne, le deuxi\u00e8me pilier de l\u2019important moteur franco-allemand en Europe risque \u00e9galement de sombrer dans une impasse politique temporaire et, surtout, de devoir s\u2019inqui\u00e9ter de ses probl\u00e8mes de politique int\u00e9rieure. Le bureau de Macron n&rsquo;est pas affect\u00e9 par le vote de censure. En tant que pr\u00e9sident, il nomme le premier ministre. Apr\u00e8s les \u00e9lections l\u00e9gislatives, il a \u00e9t\u00e9 fortement impliqu\u00e9 dans la recherche du gouvernement et il est probable qu&rsquo;il le fasse \u00e0 nouveau.<\/p>\n<p>De plus, la chute du gouvernement ne le laisse pas non plus indemne. Le chef de l\u2019\u00c9tat a nomm\u00e9 Barnier Premier ministre apr\u00e8s de longues explorations, et ses forces centristes ont \u00e9galement gouvern\u00e9. L\u2019opposition tentera probablement d\u00e9sormais de pousser Macron \u00e0 organiser des \u00e9lections pr\u00e9sidentielles anticip\u00e9es en raison de la situation politique compliqu\u00e9e. Jusqu\u2019\u00e0 pr\u00e9sent, Macron avait toujours rejet\u00e9 cela.<\/p>\n<p><strong>\u2013 Le budget d\u2019aust\u00e9rit\u00e9 n\u00e9cessaire n\u2019est pas vot\u00e9 :<\/strong> La crise politique est \u00e9galement malheureuse pour l&rsquo;\u00e9conomie fran\u00e7aise. Le pays a trop de nouvelles dettes. Barnier voulait reprendre le contr\u00f4le de la situation. Son gouvernement a \u00e9chou\u00e9 en raison de l\u2019escalade du conflit autour du budget d\u2019aust\u00e9rit\u00e9. Ce sera probablement l\u2019un des gouvernements les plus courts de l\u2019histoire r\u00e9cente de la France. (dpa)<\/p>\n","protected":false},"excerpt":{"rendered":"<p>Apr\u00e8s moins de trois mois, le gouvernement de centre-droit de Michel Barnier touche \u00e0 sa fin. Le pays est menac\u00e9 de paralysie. La chute du<\/p>\n","protected":false},"author":1,"featured_media":3141,"comment_status":"","ping_status":"","sticky":false,"template":"","format":"standard","meta":{"footnotes":""},"categories":[298],"tags":[3829,3831,76,2444,615,3826,3830,3832,676,3833,3827,3828],"class_list":["post-3140","post","type-post","status-publish","format-standard","has-post-thumbnail","hentry","category-belgique","tag-censure","tag-endettee","tag-est","tag-france","tag-gouvernement","tag-lopposition","tag-lourdement","tag-menacee","tag-par","tag-paralysie","tag-renverse","tag-vote","generate-columns","tablet-grid-50","mobile-grid-100","grid-parent","grid-33"],"yoast_head":"<!-- This site is optimized with the Yoast SEO plugin v24.0 - https:\/\/yoast.com\/wordpress\/plugins\/seo\/ -->\n<title>L\u2019opposition renverse le gouvernement par un vote de censure \u2013 la France, lourdement endett\u00e9e, est menac\u00e9e de paralysie | Vie Associative<\/title>\n<meta name=\"robots\" content=\"index, follow, max-snippet:-1, max-image-preview:large, max-video-preview:-1\" \/>\n<link rel=\"canonical\" href=\"https:\/\/vieassociative.be\/actualites\/lopposition-renverse-le-gouvernement-par-un-vote-de-censure-la-france-lourdement-endettee-est-menacee-de-paralysie\/\" \/>\n<meta property=\"og:locale\" content=\"fr_FR\" \/>\n<meta property=\"og:type\" content=\"article\" \/>\n<meta property=\"og:title\" content=\"L\u2019opposition renverse le gouvernement par un vote de censure \u2013 la France, lourdement endett\u00e9e, est menac\u00e9e de paralysie | Vie Associative\" \/>\n<meta property=\"og:description\" content=\"Apr\u00e8s moins de trois mois, le gouvernement de centre-droit de Michel Barnier touche \u00e0 sa fin. Le pays est menac\u00e9 de paralysie. La chute du\" \/>\n<meta property=\"og:url\" content=\"https:\/\/vieassociative.be\/actualites\/lopposition-renverse-le-gouvernement-par-un-vote-de-censure-la-france-lourdement-endettee-est-menacee-de-paralysie\/\" \/>\n<meta property=\"og:site_name\" content=\"Vie Associative\" \/>\n<meta property=\"article:published_time\" content=\"2024-12-07T02:17:25+00:00\" \/>\n<meta property=\"og:image\" content=\"https:\/\/vieassociative.be\/actualites\/wp-content\/uploads\/2024\/09\/header_backgroundk-01-e1726694325946.png\" \/>\n\t<meta property=\"og:image:width\" content=\"279\" \/>\n\t<meta property=\"og:image:height\" content=\"92\" \/>\n\t<meta property=\"og:image:type\" content=\"image\/png\" \/>\n<meta name=\"author\" content=\"Julien\" \/>\n<meta name=\"twitter:card\" content=\"summary_large_image\" \/>\n<meta name=\"twitter:label1\" content=\"\u00c9crit par\" \/>\n\t<meta name=\"twitter:data1\" content=\"Julien\" \/>\n\t<meta name=\"twitter:label2\" content=\"Dur\u00e9e de lecture est.\" \/>\n\t<meta name=\"twitter:data2\" content=\"4 minutes\" \/>\n<script type=\"application\/ld+json\" class=\"yoast-schema-graph\">{\"@context\":\"https:\/\/schema.org\",\"@graph\":[{\"@type\":\"Article\",\"@id\":\"https:\/\/vieassociative.be\/actualites\/lopposition-renverse-le-gouvernement-par-un-vote-de-censure-la-france-lourdement-endettee-est-menacee-de-paralysie\/#article\",\"isPartOf\":{\"@id\":\"https:\/\/vieassociative.be\/actualites\/lopposition-renverse-le-gouvernement-par-un-vote-de-censure-la-france-lourdement-endettee-est-menacee-de-paralysie\/\"},\"author\":{\"name\":\"Julien\",\"@id\":\"https:\/\/vieassociative.be\/actualites\/#\/schema\/person\/b87ac4f82f9d4e7b7cec7395b679edc4\"},\"headline\":\"L\u2019opposition renverse le gouvernement par un vote de censure \u2013 la France, lourdement endett\u00e9e, est menac\u00e9e de paralysie\",\"datePublished\":\"2024-12-07T02:17:25+00:00\",\"dateModified\":\"2024-12-07T02:17:25+00:00\",\"mainEntityOfPage\":{\"@id\":\"https:\/\/vieassociative.be\/actualites\/lopposition-renverse-le-gouvernement-par-un-vote-de-censure-la-france-lourdement-endettee-est-menacee-de-paralysie\/\"},\"wordCount\":836,\"publisher\":{\"@id\":\"https:\/\/vieassociative.be\/actualites\/#organization\"},\"image\":{\"@id\":\"https:\/\/vieassociative.be\/actualites\/lopposition-renverse-le-gouvernement-par-un-vote-de-censure-la-france-lourdement-endettee-est-menacee-de-paralysie\/#primaryimage\"},\"thumbnailUrl\":\"https:\/\/vieassociative.be\/actualites\/wp-content\/uploads\/2024\/12\/1733537845_Lopposition-renverse-le-gouvernement-par-un-vote-de-censure-\u2013.jpg\",\"keywords\":[\"censure\",\"endett\u00e9e\",\"est\",\"France\",\"gouvernement\",\"Lopposition\",\"lourdement\",\"menac\u00e9e\",\"par\",\"paralysie\",\"renverse\",\"vote\"],\"articleSection\":[\"Belgique\"],\"inLanguage\":\"fr-BE\"},{\"@type\":\"WebPage\",\"@id\":\"https:\/\/vieassociative.be\/actualites\/lopposition-renverse-le-gouvernement-par-un-vote-de-censure-la-france-lourdement-endettee-est-menacee-de-paralysie\/\",\"url\":\"https:\/\/vieassociative.be\/actualites\/lopposition-renverse-le-gouvernement-par-un-vote-de-censure-la-france-lourdement-endettee-est-menacee-de-paralysie\/\",\"name\":\"L\u2019opposition renverse le gouvernement par un vote de censure \u2013 la France, lourdement endett\u00e9e, est menac\u00e9e de paralysie | Vie Associative\",\"isPartOf\":{\"@id\":\"https:\/\/vieassociative.be\/actualites\/#website\"},\"primaryImageOfPage\":{\"@id\":\"https:\/\/vieassociative.be\/actualites\/lopposition-renverse-le-gouvernement-par-un-vote-de-censure-la-france-lourdement-endettee-est-menacee-de-paralysie\/#primaryimage\"},\"image\":{\"@id\":\"https:\/\/vieassociative.be\/actualites\/lopposition-renverse-le-gouvernement-par-un-vote-de-censure-la-france-lourdement-endettee-est-menacee-de-paralysie\/#primaryimage\"},\"thumbnailUrl\":\"https:\/\/vieassociative.be\/actualites\/wp-content\/uploads\/2024\/12\/1733537845_Lopposition-renverse-le-gouvernement-par-un-vote-de-censure-\u2013.jpg\",\"datePublished\":\"2024-12-07T02:17:25+00:00\",\"dateModified\":\"2024-12-07T02:17:25+00:00\",\"breadcrumb\":{\"@id\":\"https:\/\/vieassociative.be\/actualites\/lopposition-renverse-le-gouvernement-par-un-vote-de-censure-la-france-lourdement-endettee-est-menacee-de-paralysie\/#breadcrumb\"},\"inLanguage\":\"fr-BE\",\"potentialAction\":[{\"@type\":\"ReadAction\",\"target\":[\"https:\/\/vieassociative.be\/actualites\/lopposition-renverse-le-gouvernement-par-un-vote-de-censure-la-france-lourdement-endettee-est-menacee-de-paralysie\/\"]}]},{\"@type\":\"ImageObject\",\"inLanguage\":\"fr-BE\",\"@id\":\"https:\/\/vieassociative.be\/actualites\/lopposition-renverse-le-gouvernement-par-un-vote-de-censure-la-france-lourdement-endettee-est-menacee-de-paralysie\/#primaryimage\",\"url\":\"https:\/\/vieassociative.be\/actualites\/wp-content\/uploads\/2024\/12\/1733537845_Lopposition-renverse-le-gouvernement-par-un-vote-de-censure-\u2013.jpg\",\"contentUrl\":\"https:\/\/vieassociative.be\/actualites\/wp-content\/uploads\/2024\/12\/1733537845_Lopposition-renverse-le-gouvernement-par-un-vote-de-censure-\u2013.jpg\",\"width\":1300,\"height\":867,\"caption\":\"L\u2019opposition renverse le gouvernement par un vote de censure \u2013 la France, lourdement endett\u00e9e, est menac\u00e9e de paralysie\"},{\"@type\":\"BreadcrumbList\",\"@id\":\"https:\/\/vieassociative.be\/actualites\/lopposition-renverse-le-gouvernement-par-un-vote-de-censure-la-france-lourdement-endettee-est-menacee-de-paralysie\/#breadcrumb\",\"itemListElement\":[{\"@type\":\"ListItem\",\"position\":1,\"name\":\"Accueil\",\"item\":\"https:\/\/vieassociative.be\/actualites\/\"},{\"@type\":\"ListItem\",\"position\":2,\"name\":\"L\u2019opposition renverse le gouvernement par un vote de censure \u2013 la France, lourdement endett\u00e9e, est menac\u00e9e de paralysie\"}]},{\"@type\":\"WebSite\",\"@id\":\"https:\/\/vieassociative.be\/actualites\/#website\",\"url\":\"https:\/\/vieassociative.be\/actualites\/\",\"name\":\"Vie Associative\",\"description\":\"\",\"publisher\":{\"@id\":\"https:\/\/vieassociative.be\/actualites\/#organization\"},\"potentialAction\":[{\"@type\":\"SearchAction\",\"target\":{\"@type\":\"EntryPoint\",\"urlTemplate\":\"https:\/\/vieassociative.be\/actualites\/?s={search_term_string}\"},\"query-input\":{\"@type\":\"PropertyValueSpecification\",\"valueRequired\":true,\"valueName\":\"search_term_string\"}}],\"inLanguage\":\"fr-BE\"},{\"@type\":\"Organization\",\"@id\":\"https:\/\/vieassociative.be\/actualites\/#organization\",\"name\":\"Vie Associative\",\"url\":\"https:\/\/vieassociative.be\/actualites\/\",\"logo\":{\"@type\":\"ImageObject\",\"inLanguage\":\"fr-BE\",\"@id\":\"https:\/\/vieassociative.be\/actualites\/#\/schema\/logo\/image\/\",\"url\":\"https:\/\/vieassociative.be\/actualites\/wp-content\/uploads\/2024\/09\/cropped-vieassociative_favicon.ico.png\",\"contentUrl\":\"https:\/\/vieassociative.be\/actualites\/wp-content\/uploads\/2024\/09\/cropped-vieassociative_favicon.ico.png\",\"width\":512,\"height\":512,\"caption\":\"Vie Associative\"},\"image\":{\"@id\":\"https:\/\/vieassociative.be\/actualites\/#\/schema\/logo\/image\/\"}},{\"@type\":\"Person\",\"@id\":\"https:\/\/vieassociative.be\/actualites\/#\/schema\/person\/b87ac4f82f9d4e7b7cec7395b679edc4\",\"name\":\"Julien\",\"image\":{\"@type\":\"ImageObject\",\"inLanguage\":\"fr-BE\",\"@id\":\"https:\/\/vieassociative.be\/actualites\/#\/schema\/person\/image\/\",\"url\":\"https:\/\/vieassociative.be\/actualites\/wp-content\/uploads\/2024\/09\/vie-associative-1-150x150.jpg\",\"contentUrl\":\"https:\/\/vieassociative.be\/actualites\/wp-content\/uploads\/2024\/09\/vie-associative-1-150x150.jpg\",\"caption\":\"Julien\"},\"description\":\"Je suis Julien, r\u00e9dacteur pour Vie Associative. Passionn\u00e9 par le monde associatif depuis plus de 10 ans, j'ai \u00e0 c\u0153ur de partager des histoires inspirantes et de mettre en lumi\u00e8re les initiatives locales. Mon objectif est de sensibiliser et d'encourager l'engagement communautaire \u00e0 travers mes articles.\",\"sameAs\":[\"https:\/\/vieassociative.be\/\"]}]}<\/script>\n<!-- \/ Yoast SEO plugin. -->","yoast_head_json":{"title":"L\u2019opposition renverse le gouvernement par un vote de censure \u2013 la France, lourdement endett\u00e9e, est menac\u00e9e de paralysie | Vie Associative","robots":{"index":"index","follow":"follow","max-snippet":"max-snippet:-1","max-image-preview":"max-image-preview:large","max-video-preview":"max-video-preview:-1"},"canonical":"https:\/\/vieassociative.be\/actualites\/lopposition-renverse-le-gouvernement-par-un-vote-de-censure-la-france-lourdement-endettee-est-menacee-de-paralysie\/","og_locale":"fr_FR","og_type":"article","og_title":"L\u2019opposition renverse le gouvernement par un vote de censure \u2013 la France, lourdement endett\u00e9e, est menac\u00e9e de paralysie | Vie Associative","og_description":"Apr\u00e8s moins de trois mois, le gouvernement de centre-droit de Michel Barnier touche \u00e0 sa fin. Le pays est menac\u00e9 de paralysie. La chute du","og_url":"https:\/\/vieassociative.be\/actualites\/lopposition-renverse-le-gouvernement-par-un-vote-de-censure-la-france-lourdement-endettee-est-menacee-de-paralysie\/","og_site_name":"Vie Associative","article_published_time":"2024-12-07T02:17:25+00:00","og_image":[{"width":279,"height":92,"url":"https:\/\/vieassociative.be\/actualites\/wp-content\/uploads\/2024\/09\/header_backgroundk-01-e1726694325946.png","type":"image\/png"}],"author":"Julien","twitter_card":"summary_large_image","twitter_misc":{"\u00c9crit par":"Julien","Dur\u00e9e de lecture est.":"4 minutes"},"schema":{"@context":"https:\/\/schema.org","@graph":[{"@type":"Article","@id":"https:\/\/vieassociative.be\/actualites\/lopposition-renverse-le-gouvernement-par-un-vote-de-censure-la-france-lourdement-endettee-est-menacee-de-paralysie\/#article","isPartOf":{"@id":"https:\/\/vieassociative.be\/actualites\/lopposition-renverse-le-gouvernement-par-un-vote-de-censure-la-france-lourdement-endettee-est-menacee-de-paralysie\/"},"author":{"name":"Julien","@id":"https:\/\/vieassociative.be\/actualites\/#\/schema\/person\/b87ac4f82f9d4e7b7cec7395b679edc4"},"headline":"L\u2019opposition renverse le gouvernement par un vote de censure \u2013 la France, lourdement endett\u00e9e, est menac\u00e9e de paralysie","datePublished":"2024-12-07T02:17:25+00:00","dateModified":"2024-12-07T02:17:25+00:00","mainEntityOfPage":{"@id":"https:\/\/vieassociative.be\/actualites\/lopposition-renverse-le-gouvernement-par-un-vote-de-censure-la-france-lourdement-endettee-est-menacee-de-paralysie\/"},"wordCount":836,"publisher":{"@id":"https:\/\/vieassociative.be\/actualites\/#organization"},"image":{"@id":"https:\/\/vieassociative.be\/actualites\/lopposition-renverse-le-gouvernement-par-un-vote-de-censure-la-france-lourdement-endettee-est-menacee-de-paralysie\/#primaryimage"},"thumbnailUrl":"https:\/\/vieassociative.be\/actualites\/wp-content\/uploads\/2024\/12\/1733537845_Lopposition-renverse-le-gouvernement-par-un-vote-de-censure-\u2013.jpg","keywords":["censure","endett\u00e9e","est","France","gouvernement","Lopposition","lourdement","menac\u00e9e","par","paralysie","renverse","vote"],"articleSection":["Belgique"],"inLanguage":"fr-BE"},{"@type":"WebPage","@id":"https:\/\/vieassociative.be\/actualites\/lopposition-renverse-le-gouvernement-par-un-vote-de-censure-la-france-lourdement-endettee-est-menacee-de-paralysie\/","url":"https:\/\/vieassociative.be\/actualites\/lopposition-renverse-le-gouvernement-par-un-vote-de-censure-la-france-lourdement-endettee-est-menacee-de-paralysie\/","name":"L\u2019opposition renverse le gouvernement par un vote de censure \u2013 la France, lourdement endett\u00e9e, est menac\u00e9e de paralysie | Vie Associative","isPartOf":{"@id":"https:\/\/vieassociative.be\/actualites\/#website"},"primaryImageOfPage":{"@id":"https:\/\/vieassociative.be\/actualites\/lopposition-renverse-le-gouvernement-par-un-vote-de-censure-la-france-lourdement-endettee-est-menacee-de-paralysie\/#primaryimage"},"image":{"@id":"https:\/\/vieassociative.be\/actualites\/lopposition-renverse-le-gouvernement-par-un-vote-de-censure-la-france-lourdement-endettee-est-menacee-de-paralysie\/#primaryimage"},"thumbnailUrl":"https:\/\/vieassociative.be\/actualites\/wp-content\/uploads\/2024\/12\/1733537845_Lopposition-renverse-le-gouvernement-par-un-vote-de-censure-\u2013.jpg","datePublished":"2024-12-07T02:17:25+00:00","dateModified":"2024-12-07T02:17:25+00:00","breadcrumb":{"@id":"https:\/\/vieassociative.be\/actualites\/lopposition-renverse-le-gouvernement-par-un-vote-de-censure-la-france-lourdement-endettee-est-menacee-de-paralysie\/#breadcrumb"},"inLanguage":"fr-BE","potentialAction":[{"@type":"ReadAction","target":["https:\/\/vieassociative.be\/actualites\/lopposition-renverse-le-gouvernement-par-un-vote-de-censure-la-france-lourdement-endettee-est-menacee-de-paralysie\/"]}]},{"@type":"ImageObject","inLanguage":"fr-BE","@id":"https:\/\/vieassociative.be\/actualites\/lopposition-renverse-le-gouvernement-par-un-vote-de-censure-la-france-lourdement-endettee-est-menacee-de-paralysie\/#primaryimage","url":"https:\/\/vieassociative.be\/actualites\/wp-content\/uploads\/2024\/12\/1733537845_Lopposition-renverse-le-gouvernement-par-un-vote-de-censure-\u2013.jpg","contentUrl":"https:\/\/vieassociative.be\/actualites\/wp-content\/uploads\/2024\/12\/1733537845_Lopposition-renverse-le-gouvernement-par-un-vote-de-censure-\u2013.jpg","width":1300,"height":867,"caption":"L\u2019opposition renverse le gouvernement par un vote de censure \u2013 la France, lourdement endett\u00e9e, est menac\u00e9e de paralysie"},{"@type":"BreadcrumbList","@id":"https:\/\/vieassociative.be\/actualites\/lopposition-renverse-le-gouvernement-par-un-vote-de-censure-la-france-lourdement-endettee-est-menacee-de-paralysie\/#breadcrumb","itemListElement":[{"@type":"ListItem","position":1,"name":"Accueil","item":"https:\/\/vieassociative.be\/actualites\/"},{"@type":"ListItem","position":2,"name":"L\u2019opposition renverse le gouvernement par un vote de censure \u2013 la France, lourdement endett\u00e9e, est menac\u00e9e de paralysie"}]},{"@type":"WebSite","@id":"https:\/\/vieassociative.be\/actualites\/#website","url":"https:\/\/vieassociative.be\/actualites\/","name":"Vie Associative","description":"","publisher":{"@id":"https:\/\/vieassociative.be\/actualites\/#organization"},"potentialAction":[{"@type":"SearchAction","target":{"@type":"EntryPoint","urlTemplate":"https:\/\/vieassociative.be\/actualites\/?s={search_term_string}"},"query-input":{"@type":"PropertyValueSpecification","valueRequired":true,"valueName":"search_term_string"}}],"inLanguage":"fr-BE"},{"@type":"Organization","@id":"https:\/\/vieassociative.be\/actualites\/#organization","name":"Vie Associative","url":"https:\/\/vieassociative.be\/actualites\/","logo":{"@type":"ImageObject","inLanguage":"fr-BE","@id":"https:\/\/vieassociative.be\/actualites\/#\/schema\/logo\/image\/","url":"https:\/\/vieassociative.be\/actualites\/wp-content\/uploads\/2024\/09\/cropped-vieassociative_favicon.ico.png","contentUrl":"https:\/\/vieassociative.be\/actualites\/wp-content\/uploads\/2024\/09\/cropped-vieassociative_favicon.ico.png","width":512,"height":512,"caption":"Vie Associative"},"image":{"@id":"https:\/\/vieassociative.be\/actualites\/#\/schema\/logo\/image\/"}},{"@type":"Person","@id":"https:\/\/vieassociative.be\/actualites\/#\/schema\/person\/b87ac4f82f9d4e7b7cec7395b679edc4","name":"Julien","image":{"@type":"ImageObject","inLanguage":"fr-BE","@id":"https:\/\/vieassociative.be\/actualites\/#\/schema\/person\/image\/","url":"https:\/\/vieassociative.be\/actualites\/wp-content\/uploads\/2024\/09\/vie-associative-1-150x150.jpg","contentUrl":"https:\/\/vieassociative.be\/actualites\/wp-content\/uploads\/2024\/09\/vie-associative-1-150x150.jpg","caption":"Julien"},"description":"Je suis Julien, r\u00e9dacteur pour Vie Associative. Passionn\u00e9 par le monde associatif depuis plus de 10 ans, j'ai \u00e0 c\u0153ur de partager des histoires inspirantes et de mettre en lumi\u00e8re les initiatives locales. Mon objectif est de sensibiliser et d'encourager l'engagement communautaire \u00e0 travers mes articles.","sameAs":["https:\/\/vieassociative.be\/"]}]}},"_links":{"self":[{"href":"https:\/\/vieassociative.be\/actualites\/wp-json\/wp\/v2\/posts\/3140"}],"collection":[{"href":"https:\/\/vieassociative.be\/actualites\/wp-json\/wp\/v2\/posts"}],"about":[{"href":"https:\/\/vieassociative.be\/actualites\/wp-json\/wp\/v2\/types\/post"}],"author":[{"embeddable":true,"href":"https:\/\/vieassociative.be\/actualites\/wp-json\/wp\/v2\/users\/1"}],"replies":[{"embeddable":true,"href":"https:\/\/vieassociative.be\/actualites\/wp-json\/wp\/v2\/comments?post=3140"}],"version-history":[{"count":0,"href":"https:\/\/vieassociative.be\/actualites\/wp-json\/wp\/v2\/posts\/3140\/revisions"}],"wp:featuredmedia":[{"embeddable":true,"href":"https:\/\/vieassociative.be\/actualites\/wp-json\/wp\/v2\/media\/3141"}],"wp:attachment":[{"href":"https:\/\/vieassociative.be\/actualites\/wp-json\/wp\/v2\/media?parent=3140"}],"wp:term":[{"taxonomy":"category","embeddable":true,"href":"https:\/\/vieassociative.be\/actualites\/wp-json\/wp\/v2\/categories?post=3140"},{"taxonomy":"post_tag","embeddable":true,"href":"https:\/\/vieassociative.be\/actualites\/wp-json\/wp\/v2\/tags?post=3140"}],"curies":[{"name":"wp","href":"https:\/\/api.w.org\/{rel}","templated":true}]}}