{"id":3138,"date":"2024-12-07T02:17:51","date_gmt":"2024-12-07T01:17:51","guid":{"rendered":"https:\/\/vieassociative.be\/actualites\/tiktok-doit-desormais-sappuyer-sur-trump-et-la-cour-supreme-pour-eviter-une-interdiction\/"},"modified":"2024-12-07T02:17:51","modified_gmt":"2024-12-07T01:17:51","slug":"tiktok-doit-desormais-sappuyer-sur-trump-et-la-cour-supreme-pour-eviter-une-interdiction","status":"publish","type":"post","link":"https:\/\/vieassociative.be\/actualites\/tiktok-doit-desormais-sappuyer-sur-trump-et-la-cour-supreme-pour-eviter-une-interdiction\/","title":{"rendered":"TikTok doit d\u00e9sormais s&rsquo;appuyer sur Trump et la Cour supr\u00eame pour \u00e9viter une interdiction"},"content":{"rendered":"<div class=\"mt-4 leading-6 md:mb-8\">Le Congr\u00e8s a adopt\u00e9 un projet de loi qui pourrait conduire \u00e0 interdire TikTok aux \u00c9tats-Unis. Pourtant, il n\u2019est pas temps de dire au revoir, du moins pas encore.<\/div>\n<p><\/p>\n<p><strong>Mise \u00e0 jour du 12\/06\/2024\u00a0: <\/strong>\u00c0 la suite du proc\u00e8s intent\u00e9 par ByteDance pour tenter de mettre fin \u00e0 la soi-disant \u00ab interdiction de TikTok \u00bb, un panel de juges de la Cour d&rsquo;appel du circuit de DC a d\u00e9cid\u00e9 de maintenir la loi controvers\u00e9e. La d\u00e9cision laisse \u00e0 TikTok un peu plus d\u2019un mois pour trouver un acheteur am\u00e9ricain ou faire annuler la loi avant la date limite du 19 janvier, laissant \u00e0 l\u2019entreprise deux voies vers lesquelles se tourner.<\/p>\n<p>TikTok pourrait faire appel de l\u2019affaire devant la Cour supr\u00eame, ce qui semble \u00eatre pr\u00e9vu. Dans une d\u00e9claration rapport\u00e9e par Bloomberg, le porte-parole de TikTok, Michael Hughes, a \u00e9crit : \u00ab La Cour supr\u00eame a un historique \u00e9tabli en mati\u00e8re de protection du droit des Am\u00e9ricains \u00e0 la libert\u00e9 d&rsquo;expression, et nous esp\u00e9rons qu&rsquo;elle fera exactement cela sur cette question constitutionnelle importante. \u00bb<\/p>\n<p>TikTok pourrait \u00e9galement demander l\u2019aide de la nouvelle administration. Depuis la signature d&rsquo;un d\u00e9cret tentant de forcer ByteDance \u00e0 choisir entre une vente et une interdiction en 2020, le pr\u00e9sident \u00e9lu Donald Trump semble avoir chang\u00e9 d&rsquo;avis sur l&rsquo;interdiction de TikTok, publiant sur Truth Social : \u00ab Si vous vous d\u00e9barrassez de TikTok, Facebook et Zuckerschmuck va doubler son chiffre d&rsquo;affaires. Je ne veux pas que Facebook, qui a trich\u00e9 lors des derni\u00e8res \u00e9lections, fasse mieux. C&rsquo;est un v\u00e9ritable ennemi du peuple !\u00a0\u00bb<\/p>\n<p>Par co\u00efncidence, l&rsquo;investisseur de ByteDance, Jeff Yass, a contribu\u00e9 plus de 46 millions de dollars aux r\u00e9publicains lors des campagnes \u00e9lectorales de cette ann\u00e9e.<\/p>\n<p>Trump devrait prendre ses fonctions un jour apr\u00e8s la prochaine interdiction, bien qu&rsquo;il soit \u00e0 sa discr\u00e9tion de choisir comment la loi sera appliqu\u00e9e. Cependant, une application plus assouplie pourrait placer les applications et les magasins d\u2019applications dans une situation d\u00e9licate en ce qui concerne les futures administrations. <\/p>\n<p>Dans l&rsquo;\u00e9tat actuel de la loi, le pr\u00e9sident a le pouvoir de prolonger le d\u00e9lai de 90 jours s&rsquo;il semble que des progr\u00e8s significatifs ont \u00e9t\u00e9 r\u00e9alis\u00e9s dans la vente ; cependant, \u00e9tant donn\u00e9 le r\u00f4le de l&rsquo;administration Biden dans la signature de la loi, il est peu probable que le d\u00e9lai soit prolong\u00e9 avant l&rsquo;entr\u00e9e en fonction de Trump.<\/p>\n<p><em>Le texte original de cet article suit ci-dessous\u00a0:<\/em><\/p>\n<p>C&rsquo;est officiel : le pr\u00e9sident Biden a sign\u00e9 un projet de loi qui pourrait conduire \u00e0 l&rsquo;interdiction de TikTok aux \u00c9tats-Unis. La Chambre des repr\u00e9sentants a adopt\u00e9 son projet de loi initial en mars, tandis que le S\u00e9nat l&rsquo;a finalement vot\u00e9 mardi dans le cadre d&rsquo;un programme d&rsquo;aide de 95 milliards de dollars pour l&rsquo;Ukraine, Isra\u00ebl et Gaza. La l\u00e9gislation a \u00e9t\u00e9 adopt\u00e9e avec un soutien bipartisan massif dans les deux chambres, et le pr\u00e9sident l&rsquo;a rapidement sign\u00e9e peu de temps apr\u00e8s. Alors, TikTok aux \u00c9tats-Unis est mort, non ? Pas tout \u00e0 fait.<\/p>\n<h2 id=\"what-is-the-tiktok-ban-bill\">Qu\u2019est-ce que le projet de loi d\u2019interdiction de TikTok ?<\/h2>\n<p>Tout d\u2019abord, ce projet de loi n\u2019interdit pas purement et simplement TikTok. M\u00eame si le projet de loi a d\u00e9sormais force de loi, l&rsquo;application ne dispara\u00eetra pas imm\u00e9diatement de votre smartphone. <\/p>\n<p>Au lieu de cela, la loi exige que ByteDance, la soci\u00e9t\u00e9 m\u00e8re de TikTok bas\u00e9e en Chine, c\u00e8de sa participation dans l&rsquo;application \u00e0 une soci\u00e9t\u00e9 am\u00e9ricaine dans les neuf mois suivant l&rsquo;entr\u00e9e en vigueur du projet de loi. Le pr\u00e9sident Biden peut ajouter 90 jours suppl\u00e9mentaires \u00e0 ce d\u00e9lai si ByteDance semble progresser dans la vente de TikTok. (Le projet de loi initial de la Chambre pr\u00e9voyait un d\u00e9lai plus court de six mois.) Si ByteDance refusait, <em>alors<\/em> l&rsquo;application ferait face \u00e0 une interdiction aux \u00c9tats-Unis. C&rsquo;est similaire \u00e0 une tactique adopt\u00e9e par l&rsquo;administration Trump en 2020 : Trump a sign\u00e9 un d\u00e9cret obligeant ByteDance \u00e0 choisir entre une vente ou une interdiction. Les tribunaux ont cependant bloqu\u00e9 l\u2019ordonnance et l\u2019administration Biden l\u2019a ensuite r\u00e9voqu\u00e9e, la rempla\u00e7ant par une ordonnance visant \u00e0 examiner davantage d\u2019applications susceptibles de compromettre la s\u00e9curit\u00e9 am\u00e9ricaine.<\/p>\n<p>Les l\u00e9gislateurs craignent de plus en plus que les liens directs de TikTok avec la Chine mettent en p\u00e9ril les donn\u00e9es des utilisateurs am\u00e9ricains. Ces craintes ne sont pas sans fondement : fin 2022, des employ\u00e9s de ByteDance ont obtenu les adresses IP de journalistes am\u00e9ricains sur leurs comptes TikTok, dans le but de d\u00e9couvrir l&rsquo;origine des fuites de l&rsquo;entreprise. En juin dernier, nous avons appris que TikTok stockait certaines donn\u00e9es utilisateur de cr\u00e9ateurs bas\u00e9s aux \u00c9tats-Unis en Chine, apr\u00e8s avoir insist\u00e9 sur le fait que la soci\u00e9t\u00e9 conservait toutes les donn\u00e9es am\u00e9ricaines aux \u00c9tats-Unis.  <\/p>\n<p>TikTok ne r\u00e9cup\u00e8re probablement pas plus de donn\u00e9es de votre smartphone que toute autre application que vous utilisez. Le Congr\u00e8s s&rsquo;en fiche de votre vie priv\u00e9e d&rsquo;un point de vue altruiste. Le souci du gouvernement, cependant, est que contrairement aux applications Meta ou Google, vos donn\u00e9es ne sont pas r\u00e9cup\u00e9r\u00e9es par une entreprise am\u00e9ricaine ; il s&rsquo;agit plut\u00f4t d&rsquo;une fuite potentielle vers un pays \u00e9tranger, un pays ayant une relation g\u00e9opolitique compliqu\u00e9e, voire conflictuelle, avec les \u00c9tats-Unis. Cela, en plus du potentiel pour la Chine d&rsquo;influencer le contenu que les utilisateurs am\u00e9ricains voient r\u00e9ellement sur leurs flux, alimente une urgence avec de nombreux l\u00e9gislateurs \u00e0 faire quelque chose \u00e0 propos de l&rsquo;application extr\u00eamement populaire.<\/p>\n<h2 id=\"where-do-we-go-from-here\">O\u00f9 allons-nous \u00e0 partir d\u2019ici ?<\/h2>\n<p>Cela dit, le bannissement de TikTok n\u2019est pas certain. \u00c9coutez, c&rsquo;est l&rsquo;Am\u00e9rique : s&rsquo;il y a une chose que nous aimons dans ce pays, c&rsquo;est une bonne affaire. En tant que tel, maintenant que le projet de loi est officiellement une loi, vous feriez mieux de croire que les int\u00e9r\u00eats commerciaux aux \u00c9tats-Unis feront de leur mieux pour \u00eatre la soci\u00e9t\u00e9 am\u00e9ricaine \u00e0 laquelle ByteDance vend. <\/p>\n<p>Nous avons assist\u00e9 \u00e0 ce ph\u00e9nom\u00e8ne avant m\u00eame que le S\u00e9nat n&rsquo;ait d\u00e9lib\u00e9r\u00e9 sur le projet de loi : l&rsquo;ancien PDG d&rsquo;Activision, Bobby Kotick, aurait lanc\u00e9 l&rsquo;id\u00e9e d&rsquo;acheter TikTok lors d&rsquo;un d\u00eener auquel participait le PDG d&rsquo;OpenAI, Sam Altman. L&rsquo;ancien secr\u00e9taire au Tr\u00e9sor, Steve Mnuchin, constitue un groupe d&rsquo;investisseurs dans le but d&rsquo;acqu\u00e9rir l&rsquo;application. (Est-ce une condition pr\u00e9alable pour \u00eatre un \u00ab ancien \u00bb pour acheter TikTok ?) Sinon, m\u00eame Kevin O&rsquo;Leary de Shark Tank a d\u00e9clar\u00e9 \u00e0 Fox News dans une interview qu&rsquo;il aimerait acheter l&rsquo;application. Peut-\u00eatre que Microsoft, qui \u00e9tait en pourparlers pour racheter TikTok sous l\u2019administration Trump, tentera \u00e0 nouveau. <\/p>\n<p>Cela dit, qui sait si ByteDance se vendra r\u00e9ellement. Mais il aura certainement le choix de l&rsquo;acheteur s&rsquo;il est int\u00e9ress\u00e9. <\/p>\n<p>Quoi qu\u2019il en soit, TikTok ne sera pas interdit avant les \u00e9lections de 2024. Maintenant que le d\u00e9lai a \u00e9t\u00e9 prolong\u00e9 \u00e0 neuf mois, avec une prolongation potentielle de 90 jours en plus, les Am\u00e9ricains pourront toujours se connecter aux actualit\u00e9s et aux opinions sur l&rsquo;application jusqu&rsquo;au 5 novembre 2024. Comment cela se fera-t-il ? L\u2019impact sur les \u00e9lections est presque certain : TikTok se r\u00e9v\u00e9lera-t-il \u00eatre la machine d\u2019interf\u00e9rence \u00e9lectorale qui semble tant pr\u00e9occuper le gouvernement am\u00e9ricain ? Les \u00e9lecteurs puniront-ils les l\u00e9gislateurs et le pr\u00e9sident Biden pour avoir mis l\u2019application en danger, ou cela n\u2019aura-t-il pas beaucoup d\u2019impact puisque l\u2019application fonctionnera toujours lorsqu\u2019ils se rendront aux urnes ? Beaucoup de choses sur cette histoire sont en suspens : la seule chose dont nous sommes s\u00fbrs est que TikTok sera toujours avec nous au moins jusqu\u2019en janvier 2025. <\/p>\n","protected":false},"excerpt":{"rendered":"<p>Le Congr\u00e8s a adopt\u00e9 un projet de loi qui pourrait conduire \u00e0 interdire TikTok aux \u00c9tats-Unis. Pourtant, il n\u2019est pas temps de dire au revoir,<\/p>\n","protected":false},"author":1,"featured_media":3139,"comment_status":"","ping_status":"","sticky":false,"template":"","format":"standard","meta":{"footnotes":""},"categories":[13],"tags":[2644,6,2552,45,3574,81,3824,3825,33,75,2425,110],"class_list":["post-3138","post","type-post","status-publish","format-standard","has-post-thumbnail","hentry","category-technologie","tag-cour","tag-desormais","tag-doit","tag-eviter","tag-interdiction","tag-pour","tag-sappuyer","tag-supreme","tag-sur","tag-tiktok","tag-trump","tag-une","generate-columns","tablet-grid-50","mobile-grid-100","grid-parent","grid-33"],"yoast_head":"<!-- This site is optimized with the Yoast SEO plugin v24.0 - https:\/\/yoast.com\/wordpress\/plugins\/seo\/ -->\n<title>TikTok doit d\u00e9sormais s&#039;appuyer sur Trump et la Cour supr\u00eame pour \u00e9viter une interdiction | Vie Associative<\/title>\n<meta name=\"robots\" content=\"index, follow, max-snippet:-1, max-image-preview:large, max-video-preview:-1\" \/>\n<link rel=\"canonical\" href=\"https:\/\/vieassociative.be\/actualites\/tiktok-doit-desormais-sappuyer-sur-trump-et-la-cour-supreme-pour-eviter-une-interdiction\/\" \/>\n<meta property=\"og:locale\" content=\"fr_FR\" \/>\n<meta property=\"og:type\" content=\"article\" \/>\n<meta property=\"og:title\" content=\"TikTok doit d\u00e9sormais s&#039;appuyer sur Trump et la Cour supr\u00eame pour \u00e9viter une interdiction | Vie Associative\" \/>\n<meta property=\"og:description\" content=\"Le Congr\u00e8s a adopt\u00e9 un projet de loi qui pourrait conduire \u00e0 interdire TikTok aux \u00c9tats-Unis. Pourtant, il n\u2019est pas temps de dire au revoir,\" \/>\n<meta property=\"og:url\" content=\"https:\/\/vieassociative.be\/actualites\/tiktok-doit-desormais-sappuyer-sur-trump-et-la-cour-supreme-pour-eviter-une-interdiction\/\" \/>\n<meta property=\"og:site_name\" content=\"Vie Associative\" \/>\n<meta property=\"article:published_time\" content=\"2024-12-07T01:17:51+00:00\" \/>\n<meta property=\"og:image\" content=\"https:\/\/vieassociative.be\/actualites\/wp-content\/uploads\/2024\/09\/header_backgroundk-01-e1726694325946.png\" \/>\n\t<meta property=\"og:image:width\" content=\"279\" \/>\n\t<meta property=\"og:image:height\" content=\"92\" \/>\n\t<meta property=\"og:image:type\" content=\"image\/png\" \/>\n<meta name=\"author\" content=\"Julien\" \/>\n<meta name=\"twitter:card\" content=\"summary_large_image\" \/>\n<meta name=\"twitter:label1\" content=\"\u00c9crit par\" \/>\n\t<meta name=\"twitter:data1\" content=\"Julien\" \/>\n\t<meta name=\"twitter:label2\" content=\"Dur\u00e9e de lecture est.\" \/>\n\t<meta name=\"twitter:data2\" content=\"7 minutes\" \/>\n<script type=\"application\/ld+json\" class=\"yoast-schema-graph\">{\"@context\":\"https:\/\/schema.org\",\"@graph\":[{\"@type\":\"Article\",\"@id\":\"https:\/\/vieassociative.be\/actualites\/tiktok-doit-desormais-sappuyer-sur-trump-et-la-cour-supreme-pour-eviter-une-interdiction\/#article\",\"isPartOf\":{\"@id\":\"https:\/\/vieassociative.be\/actualites\/tiktok-doit-desormais-sappuyer-sur-trump-et-la-cour-supreme-pour-eviter-une-interdiction\/\"},\"author\":{\"name\":\"Julien\",\"@id\":\"https:\/\/vieassociative.be\/actualites\/#\/schema\/person\/b87ac4f82f9d4e7b7cec7395b679edc4\"},\"headline\":\"TikTok doit d\u00e9sormais s&rsquo;appuyer sur Trump et la Cour supr\u00eame pour \u00e9viter une interdiction\",\"datePublished\":\"2024-12-07T01:17:51+00:00\",\"dateModified\":\"2024-12-07T01:17:51+00:00\",\"mainEntityOfPage\":{\"@id\":\"https:\/\/vieassociative.be\/actualites\/tiktok-doit-desormais-sappuyer-sur-trump-et-la-cour-supreme-pour-eviter-une-interdiction\/\"},\"wordCount\":1380,\"publisher\":{\"@id\":\"https:\/\/vieassociative.be\/actualites\/#organization\"},\"image\":{\"@id\":\"https:\/\/vieassociative.be\/actualites\/tiktok-doit-desormais-sappuyer-sur-trump-et-la-cour-supreme-pour-eviter-une-interdiction\/#primaryimage\"},\"thumbnailUrl\":\"https:\/\/vieassociative.be\/actualites\/wp-content\/uploads\/2024\/12\/TikTok-doit-desormais-sappuyer-sur-Trump-et-la-Cour-supreme.png\",\"keywords\":[\"cour\",\"d\u00e9sormais\",\"doit\",\"\u00e9viter\",\"Interdiction\",\"pour\",\"sappuyer\",\"supr\u00eame\",\"sur\",\"TikTok\",\"Trump\",\"une\"],\"articleSection\":[\"Technologie\"],\"inLanguage\":\"fr-BE\"},{\"@type\":\"WebPage\",\"@id\":\"https:\/\/vieassociative.be\/actualites\/tiktok-doit-desormais-sappuyer-sur-trump-et-la-cour-supreme-pour-eviter-une-interdiction\/\",\"url\":\"https:\/\/vieassociative.be\/actualites\/tiktok-doit-desormais-sappuyer-sur-trump-et-la-cour-supreme-pour-eviter-une-interdiction\/\",\"name\":\"TikTok doit d\u00e9sormais s'appuyer sur Trump et la Cour supr\u00eame pour \u00e9viter une interdiction | Vie Associative\",\"isPartOf\":{\"@id\":\"https:\/\/vieassociative.be\/actualites\/#website\"},\"primaryImageOfPage\":{\"@id\":\"https:\/\/vieassociative.be\/actualites\/tiktok-doit-desormais-sappuyer-sur-trump-et-la-cour-supreme-pour-eviter-une-interdiction\/#primaryimage\"},\"image\":{\"@id\":\"https:\/\/vieassociative.be\/actualites\/tiktok-doit-desormais-sappuyer-sur-trump-et-la-cour-supreme-pour-eviter-une-interdiction\/#primaryimage\"},\"thumbnailUrl\":\"https:\/\/vieassociative.be\/actualites\/wp-content\/uploads\/2024\/12\/TikTok-doit-desormais-sappuyer-sur-Trump-et-la-Cour-supreme.png\",\"datePublished\":\"2024-12-07T01:17:51+00:00\",\"dateModified\":\"2024-12-07T01:17:51+00:00\",\"breadcrumb\":{\"@id\":\"https:\/\/vieassociative.be\/actualites\/tiktok-doit-desormais-sappuyer-sur-trump-et-la-cour-supreme-pour-eviter-une-interdiction\/#breadcrumb\"},\"inLanguage\":\"fr-BE\",\"potentialAction\":[{\"@type\":\"ReadAction\",\"target\":[\"https:\/\/vieassociative.be\/actualites\/tiktok-doit-desormais-sappuyer-sur-trump-et-la-cour-supreme-pour-eviter-une-interdiction\/\"]}]},{\"@type\":\"ImageObject\",\"inLanguage\":\"fr-BE\",\"@id\":\"https:\/\/vieassociative.be\/actualites\/tiktok-doit-desormais-sappuyer-sur-trump-et-la-cour-supreme-pour-eviter-une-interdiction\/#primaryimage\",\"url\":\"https:\/\/vieassociative.be\/actualites\/wp-content\/uploads\/2024\/12\/TikTok-doit-desormais-sappuyer-sur-Trump-et-la-Cour-supreme.png\",\"contentUrl\":\"https:\/\/vieassociative.be\/actualites\/wp-content\/uploads\/2024\/12\/TikTok-doit-desormais-sappuyer-sur-Trump-et-la-Cour-supreme.png\",\"width\":1200,\"height\":675,\"caption\":\"TikTok doit d\u00e9sormais s'appuyer sur Trump et la Cour supr\u00eame pour \u00e9viter une interdiction\"},{\"@type\":\"BreadcrumbList\",\"@id\":\"https:\/\/vieassociative.be\/actualites\/tiktok-doit-desormais-sappuyer-sur-trump-et-la-cour-supreme-pour-eviter-une-interdiction\/#breadcrumb\",\"itemListElement\":[{\"@type\":\"ListItem\",\"position\":1,\"name\":\"Accueil\",\"item\":\"https:\/\/vieassociative.be\/actualites\/\"},{\"@type\":\"ListItem\",\"position\":2,\"name\":\"TikTok doit d\u00e9sormais s&rsquo;appuyer sur Trump et la Cour supr\u00eame pour \u00e9viter une interdiction\"}]},{\"@type\":\"WebSite\",\"@id\":\"https:\/\/vieassociative.be\/actualites\/#website\",\"url\":\"https:\/\/vieassociative.be\/actualites\/\",\"name\":\"Vie Associative\",\"description\":\"\",\"publisher\":{\"@id\":\"https:\/\/vieassociative.be\/actualites\/#organization\"},\"potentialAction\":[{\"@type\":\"SearchAction\",\"target\":{\"@type\":\"EntryPoint\",\"urlTemplate\":\"https:\/\/vieassociative.be\/actualites\/?s={search_term_string}\"},\"query-input\":{\"@type\":\"PropertyValueSpecification\",\"valueRequired\":true,\"valueName\":\"search_term_string\"}}],\"inLanguage\":\"fr-BE\"},{\"@type\":\"Organization\",\"@id\":\"https:\/\/vieassociative.be\/actualites\/#organization\",\"name\":\"Vie Associative\",\"url\":\"https:\/\/vieassociative.be\/actualites\/\",\"logo\":{\"@type\":\"ImageObject\",\"inLanguage\":\"fr-BE\",\"@id\":\"https:\/\/vieassociative.be\/actualites\/#\/schema\/logo\/image\/\",\"url\":\"https:\/\/vieassociative.be\/actualites\/wp-content\/uploads\/2024\/09\/cropped-vieassociative_favicon.ico.png\",\"contentUrl\":\"https:\/\/vieassociative.be\/actualites\/wp-content\/uploads\/2024\/09\/cropped-vieassociative_favicon.ico.png\",\"width\":512,\"height\":512,\"caption\":\"Vie Associative\"},\"image\":{\"@id\":\"https:\/\/vieassociative.be\/actualites\/#\/schema\/logo\/image\/\"}},{\"@type\":\"Person\",\"@id\":\"https:\/\/vieassociative.be\/actualites\/#\/schema\/person\/b87ac4f82f9d4e7b7cec7395b679edc4\",\"name\":\"Julien\",\"image\":{\"@type\":\"ImageObject\",\"inLanguage\":\"fr-BE\",\"@id\":\"https:\/\/vieassociative.be\/actualites\/#\/schema\/person\/image\/\",\"url\":\"https:\/\/vieassociative.be\/actualites\/wp-content\/uploads\/2024\/09\/vie-associative-1-150x150.jpg\",\"contentUrl\":\"https:\/\/vieassociative.be\/actualites\/wp-content\/uploads\/2024\/09\/vie-associative-1-150x150.jpg\",\"caption\":\"Julien\"},\"description\":\"Je suis Julien, r\u00e9dacteur pour Vie Associative. Passionn\u00e9 par le monde associatif depuis plus de 10 ans, j'ai \u00e0 c\u0153ur de partager des histoires inspirantes et de mettre en lumi\u00e8re les initiatives locales. Mon objectif est de sensibiliser et d'encourager l'engagement communautaire \u00e0 travers mes articles.\",\"sameAs\":[\"https:\/\/vieassociative.be\/\"]}]}<\/script>\n<!-- \/ Yoast SEO plugin. -->","yoast_head_json":{"title":"TikTok doit d\u00e9sormais s'appuyer sur Trump et la Cour supr\u00eame pour \u00e9viter une interdiction | Vie Associative","robots":{"index":"index","follow":"follow","max-snippet":"max-snippet:-1","max-image-preview":"max-image-preview:large","max-video-preview":"max-video-preview:-1"},"canonical":"https:\/\/vieassociative.be\/actualites\/tiktok-doit-desormais-sappuyer-sur-trump-et-la-cour-supreme-pour-eviter-une-interdiction\/","og_locale":"fr_FR","og_type":"article","og_title":"TikTok doit d\u00e9sormais s'appuyer sur Trump et la Cour supr\u00eame pour \u00e9viter une interdiction | Vie Associative","og_description":"Le Congr\u00e8s a adopt\u00e9 un projet de loi qui pourrait conduire \u00e0 interdire TikTok aux \u00c9tats-Unis. Pourtant, il n\u2019est pas temps de dire au revoir,","og_url":"https:\/\/vieassociative.be\/actualites\/tiktok-doit-desormais-sappuyer-sur-trump-et-la-cour-supreme-pour-eviter-une-interdiction\/","og_site_name":"Vie Associative","article_published_time":"2024-12-07T01:17:51+00:00","og_image":[{"width":279,"height":92,"url":"https:\/\/vieassociative.be\/actualites\/wp-content\/uploads\/2024\/09\/header_backgroundk-01-e1726694325946.png","type":"image\/png"}],"author":"Julien","twitter_card":"summary_large_image","twitter_misc":{"\u00c9crit par":"Julien","Dur\u00e9e de lecture est.":"7 minutes"},"schema":{"@context":"https:\/\/schema.org","@graph":[{"@type":"Article","@id":"https:\/\/vieassociative.be\/actualites\/tiktok-doit-desormais-sappuyer-sur-trump-et-la-cour-supreme-pour-eviter-une-interdiction\/#article","isPartOf":{"@id":"https:\/\/vieassociative.be\/actualites\/tiktok-doit-desormais-sappuyer-sur-trump-et-la-cour-supreme-pour-eviter-une-interdiction\/"},"author":{"name":"Julien","@id":"https:\/\/vieassociative.be\/actualites\/#\/schema\/person\/b87ac4f82f9d4e7b7cec7395b679edc4"},"headline":"TikTok doit d\u00e9sormais s&rsquo;appuyer sur Trump et la Cour supr\u00eame pour \u00e9viter une interdiction","datePublished":"2024-12-07T01:17:51+00:00","dateModified":"2024-12-07T01:17:51+00:00","mainEntityOfPage":{"@id":"https:\/\/vieassociative.be\/actualites\/tiktok-doit-desormais-sappuyer-sur-trump-et-la-cour-supreme-pour-eviter-une-interdiction\/"},"wordCount":1380,"publisher":{"@id":"https:\/\/vieassociative.be\/actualites\/#organization"},"image":{"@id":"https:\/\/vieassociative.be\/actualites\/tiktok-doit-desormais-sappuyer-sur-trump-et-la-cour-supreme-pour-eviter-une-interdiction\/#primaryimage"},"thumbnailUrl":"https:\/\/vieassociative.be\/actualites\/wp-content\/uploads\/2024\/12\/TikTok-doit-desormais-sappuyer-sur-Trump-et-la-Cour-supreme.png","keywords":["cour","d\u00e9sormais","doit","\u00e9viter","Interdiction","pour","sappuyer","supr\u00eame","sur","TikTok","Trump","une"],"articleSection":["Technologie"],"inLanguage":"fr-BE"},{"@type":"WebPage","@id":"https:\/\/vieassociative.be\/actualites\/tiktok-doit-desormais-sappuyer-sur-trump-et-la-cour-supreme-pour-eviter-une-interdiction\/","url":"https:\/\/vieassociative.be\/actualites\/tiktok-doit-desormais-sappuyer-sur-trump-et-la-cour-supreme-pour-eviter-une-interdiction\/","name":"TikTok doit d\u00e9sormais s'appuyer sur Trump et la Cour supr\u00eame pour \u00e9viter une interdiction | Vie Associative","isPartOf":{"@id":"https:\/\/vieassociative.be\/actualites\/#website"},"primaryImageOfPage":{"@id":"https:\/\/vieassociative.be\/actualites\/tiktok-doit-desormais-sappuyer-sur-trump-et-la-cour-supreme-pour-eviter-une-interdiction\/#primaryimage"},"image":{"@id":"https:\/\/vieassociative.be\/actualites\/tiktok-doit-desormais-sappuyer-sur-trump-et-la-cour-supreme-pour-eviter-une-interdiction\/#primaryimage"},"thumbnailUrl":"https:\/\/vieassociative.be\/actualites\/wp-content\/uploads\/2024\/12\/TikTok-doit-desormais-sappuyer-sur-Trump-et-la-Cour-supreme.png","datePublished":"2024-12-07T01:17:51+00:00","dateModified":"2024-12-07T01:17:51+00:00","breadcrumb":{"@id":"https:\/\/vieassociative.be\/actualites\/tiktok-doit-desormais-sappuyer-sur-trump-et-la-cour-supreme-pour-eviter-une-interdiction\/#breadcrumb"},"inLanguage":"fr-BE","potentialAction":[{"@type":"ReadAction","target":["https:\/\/vieassociative.be\/actualites\/tiktok-doit-desormais-sappuyer-sur-trump-et-la-cour-supreme-pour-eviter-une-interdiction\/"]}]},{"@type":"ImageObject","inLanguage":"fr-BE","@id":"https:\/\/vieassociative.be\/actualites\/tiktok-doit-desormais-sappuyer-sur-trump-et-la-cour-supreme-pour-eviter-une-interdiction\/#primaryimage","url":"https:\/\/vieassociative.be\/actualites\/wp-content\/uploads\/2024\/12\/TikTok-doit-desormais-sappuyer-sur-Trump-et-la-Cour-supreme.png","contentUrl":"https:\/\/vieassociative.be\/actualites\/wp-content\/uploads\/2024\/12\/TikTok-doit-desormais-sappuyer-sur-Trump-et-la-Cour-supreme.png","width":1200,"height":675,"caption":"TikTok doit d\u00e9sormais s'appuyer sur Trump et la Cour supr\u00eame pour \u00e9viter une interdiction"},{"@type":"BreadcrumbList","@id":"https:\/\/vieassociative.be\/actualites\/tiktok-doit-desormais-sappuyer-sur-trump-et-la-cour-supreme-pour-eviter-une-interdiction\/#breadcrumb","itemListElement":[{"@type":"ListItem","position":1,"name":"Accueil","item":"https:\/\/vieassociative.be\/actualites\/"},{"@type":"ListItem","position":2,"name":"TikTok doit d\u00e9sormais s&rsquo;appuyer sur Trump et la Cour supr\u00eame pour \u00e9viter une interdiction"}]},{"@type":"WebSite","@id":"https:\/\/vieassociative.be\/actualites\/#website","url":"https:\/\/vieassociative.be\/actualites\/","name":"Vie Associative","description":"","publisher":{"@id":"https:\/\/vieassociative.be\/actualites\/#organization"},"potentialAction":[{"@type":"SearchAction","target":{"@type":"EntryPoint","urlTemplate":"https:\/\/vieassociative.be\/actualites\/?s={search_term_string}"},"query-input":{"@type":"PropertyValueSpecification","valueRequired":true,"valueName":"search_term_string"}}],"inLanguage":"fr-BE"},{"@type":"Organization","@id":"https:\/\/vieassociative.be\/actualites\/#organization","name":"Vie Associative","url":"https:\/\/vieassociative.be\/actualites\/","logo":{"@type":"ImageObject","inLanguage":"fr-BE","@id":"https:\/\/vieassociative.be\/actualites\/#\/schema\/logo\/image\/","url":"https:\/\/vieassociative.be\/actualites\/wp-content\/uploads\/2024\/09\/cropped-vieassociative_favicon.ico.png","contentUrl":"https:\/\/vieassociative.be\/actualites\/wp-content\/uploads\/2024\/09\/cropped-vieassociative_favicon.ico.png","width":512,"height":512,"caption":"Vie Associative"},"image":{"@id":"https:\/\/vieassociative.be\/actualites\/#\/schema\/logo\/image\/"}},{"@type":"Person","@id":"https:\/\/vieassociative.be\/actualites\/#\/schema\/person\/b87ac4f82f9d4e7b7cec7395b679edc4","name":"Julien","image":{"@type":"ImageObject","inLanguage":"fr-BE","@id":"https:\/\/vieassociative.be\/actualites\/#\/schema\/person\/image\/","url":"https:\/\/vieassociative.be\/actualites\/wp-content\/uploads\/2024\/09\/vie-associative-1-150x150.jpg","contentUrl":"https:\/\/vieassociative.be\/actualites\/wp-content\/uploads\/2024\/09\/vie-associative-1-150x150.jpg","caption":"Julien"},"description":"Je suis Julien, r\u00e9dacteur pour Vie Associative. Passionn\u00e9 par le monde associatif depuis plus de 10 ans, j'ai \u00e0 c\u0153ur de partager des histoires inspirantes et de mettre en lumi\u00e8re les initiatives locales. Mon objectif est de sensibiliser et d'encourager l'engagement communautaire \u00e0 travers mes articles.","sameAs":["https:\/\/vieassociative.be\/"]}]}},"_links":{"self":[{"href":"https:\/\/vieassociative.be\/actualites\/wp-json\/wp\/v2\/posts\/3138"}],"collection":[{"href":"https:\/\/vieassociative.be\/actualites\/wp-json\/wp\/v2\/posts"}],"about":[{"href":"https:\/\/vieassociative.be\/actualites\/wp-json\/wp\/v2\/types\/post"}],"author":[{"embeddable":true,"href":"https:\/\/vieassociative.be\/actualites\/wp-json\/wp\/v2\/users\/1"}],"replies":[{"embeddable":true,"href":"https:\/\/vieassociative.be\/actualites\/wp-json\/wp\/v2\/comments?post=3138"}],"version-history":[{"count":0,"href":"https:\/\/vieassociative.be\/actualites\/wp-json\/wp\/v2\/posts\/3138\/revisions"}],"wp:featuredmedia":[{"embeddable":true,"href":"https:\/\/vieassociative.be\/actualites\/wp-json\/wp\/v2\/media\/3139"}],"wp:attachment":[{"href":"https:\/\/vieassociative.be\/actualites\/wp-json\/wp\/v2\/media?parent=3138"}],"wp:term":[{"taxonomy":"category","embeddable":true,"href":"https:\/\/vieassociative.be\/actualites\/wp-json\/wp\/v2\/categories?post=3138"},{"taxonomy":"post_tag","embeddable":true,"href":"https:\/\/vieassociative.be\/actualites\/wp-json\/wp\/v2\/tags?post=3138"}],"curies":[{"name":"wp","href":"https:\/\/api.w.org\/{rel}","templated":true}]}}