{"id":3130,"date":"2024-12-06T21:17:05","date_gmt":"2024-12-06T20:17:05","guid":{"rendered":"https:\/\/vieassociative.be\/actualites\/lue-parvient-a-un-accord-avec-les-etats-du-mercosur-arimont-laccord-reste-inacceptable-pour-les-agriculteurs-locaux\/"},"modified":"2024-12-06T21:17:05","modified_gmt":"2024-12-06T20:17:05","slug":"lue-parvient-a-un-accord-avec-les-etats-du-mercosur-arimont-laccord-reste-inacceptable-pour-les-agriculteurs-locaux","status":"publish","type":"post","link":"https:\/\/vieassociative.be\/actualites\/lue-parvient-a-un-accord-avec-les-etats-du-mercosur-arimont-laccord-reste-inacceptable-pour-les-agriculteurs-locaux\/","title":{"rendered":"L\u2019UE parvient \u00e0 un accord avec les \u00c9tats du Mercosur \u2013 Arimont : \u00ab L\u2019accord reste inacceptable pour les agriculteurs locaux \u00bb"},"content":{"rendered":"<p><strong>MISE \u00c0 JOUR &#8211; La Commission europ\u00e9enne a convenu d&rsquo;une vaste zone de libre-\u00e9change avec le groupe sud-am\u00e9ricain du Mercosur (Br\u00e9sil, Argentine, Uruguay et Paraguay), malgr\u00e9 les inqui\u00e9tudes persistantes de plusieurs \u00c9tats membres. Les n\u00e9gociations sont d\u00e9sormais conclues. Selon l&rsquo;eurod\u00e9put\u00e9 de l&rsquo;Est de la Belgique, l&rsquo;accord reste totalement inacceptable.<\/strong><\/p>\n<p><span id=\"more-403487\"><\/span>\u00ab\u00a0Cet accord est et reste totalement inacceptable pour les agriculteurs europ\u00e9ens\u00a0\u00bb, souligne Arimont. \u00ab L&rsquo;agriculture est un secteur extr\u00eamement important d&rsquo;un point de vue strat\u00e9gique pour l&rsquo;Europe et doit \u00eatre trait\u00e9e comme tel. Les agriculteurs europ\u00e9ens sont d\u00e9j\u00e0 soumis \u00e0 une \u00e9norme pression concurrentielle. Une concurrence d\u00e9loyale suppl\u00e9mentaire provenant de produits de dumping en provenance d&rsquo;Am\u00e9rique du Sud qui ne r\u00e9pondent pas aux normes europ\u00e9ennes doit \u00eatre exclue. C\u2019est pourquoi je continue de m\u2019exprimer clairement contre cet accord.\u00bb<\/p>\n<div id=\"attachment_403515\" class=\"wp-caption alignleft\" style=\"max-width: 300px\"><img fetchpriority=\"high\" decoding=\"async\" class=\"wp-image-403515 size-medium\" src=\"https:\/\/vieassociative.be\/actualites\/wp-content\/uploads\/2024\/12\/LUE-parvient-a-un-accord-avec-les-Etats-du-Mercosur.jpg\" alt=\"\" width=\"300\" height=\"200\"><\/p>\n<p class=\"wp-caption-text\">L&rsquo;eurod\u00e9put\u00e9 est-belge Pascal Arimont (\u00e0 droite, CSP-PPE) au Parlement europ\u00e9en. Photo : Parlement europ\u00e9en<\/p>\n<\/div>\n<p>L&rsquo;accord d&rsquo;aujourd&rsquo;hui ne signifie pas que le Trait\u00e9 entre en vigueur sous cette forme. Apr\u00e8s avoir \u00e9t\u00e9 traduit dans toutes les langues officielles, le texte sera d\u00e9sormais pr\u00e9sent\u00e9 aux \u00c9tats membres et au Parlement europ\u00e9en, ou aux parlements nationaux et r\u00e9gionaux.<\/p>\n<p>Arimont : \u00ab Il sera d\u00e9sormais important d&rsquo;organiser des majorit\u00e9s ou des minorit\u00e9s de blocage au niveau des Etats membres et dans les parlements afin de corriger le texte. Il n&rsquo;est pas encore clair si l&rsquo;accord n\u00e9cessitera un vote unanime au Conseil ou une majorit\u00e9 qualifi\u00e9e. Si l&rsquo;accord est qualifi\u00e9 de \u00ab mixte \u00bb, les parlements nationaux et r\u00e9gionaux devront \u00e9galement ratifier le texte. De tels accords commerciaux sont fondamentalement n\u00e9cessaires dans le contexte g\u00e9opolitique actuel, mais le secteur agricole ne doit pas servir de simple monnaie d&rsquo;\u00e9change, comme c&rsquo;est le cas ici avec le Mercosur.\u00bb<\/p>\n<p>Pour approuver l&rsquo;accord, les chapitres agricoles concern\u00e9s devraient \u00eatre enti\u00e8rement r\u00e9vis\u00e9s ou exclus, le d\u00e9put\u00e9 europ\u00e9en de l&rsquo;Est de la Belgique ne s&rsquo;avoue pas encore vaincu. Il est r\u00e9solument du c\u00f4t\u00e9 des agriculteurs pour modifier ce texte ou, \u00e0 terme, pour l&#8217;emp\u00eacher.<\/p>\n<h3>La Commission europ\u00e9enne conclut un accord commercial avec le Mercosur (Questions et r\u00e9ponses)<\/h3>\n<p>Les n\u00e9gociations se sont d\u00e9roul\u00e9es sur une p\u00e9riode de pr\u00e8s d\u2019un quart de si\u00e8cle. L&rsquo;accord entre l&rsquo;UE et les \u00c9tats du Mercosur cr\u00e9erait l&rsquo;une des plus grandes zones de libre-\u00e9change au monde, avec plus de 700 millions d&rsquo;habitants. Il envisage surtout de r\u00e9duire les tarifs douaniers et ainsi de dynamiser les \u00e9changes commerciaux.<\/p>\n<p><strong>\u2013 Qu\u2019esp\u00e8re l\u2019UE obtenir de l\u2019accord de libre-\u00e9change ?<\/strong><\/p>\n<\/p>\n<div id=\"attachment_403496\" class=\"wp-caption alignleft\" style=\"max-width: 300px\"><img decoding=\"async\" class=\"wp-image-403496 size-medium\" src=\"https:\/\/vieassociative.be\/actualites\/wp-content\/uploads\/2024\/12\/1733516225_183_LUE-parvient-a-un-accord-avec-les-Etats-du-Mercosur.jpg\" alt=\"\" width=\"300\" height=\"200\"><\/p>\n<p class=\"wp-caption-text\">06.12.2024, Uruguay, Montevideo : le pr\u00e9sident argentin Javier Milei (lr), le pr\u00e9sident uruguayen Luis Lacalle Pou, la pr\u00e9sidente de la Commission europ\u00e9enne Ursula von der Leyen, le pr\u00e9sident br\u00e9silien Luiz Inacio Lula da Silva et le pr\u00e9sident paraguayen Santiago Pena posent pour une photo pendant le Sommet du Mercosur. Photo : Matilde Campodonico\/AP<\/p>\n<\/div>\n<p>En fin de compte, il s\u2019agit d\u2019emplois et de prosp\u00e9rit\u00e9. Les entreprises europ\u00e9ennes devraient b\u00e9n\u00e9ficier de nouvelles opportunit\u00e9s de croissance gr\u00e2ce \u00e0 un meilleur acc\u00e8s aux march\u00e9s des pays du Mercosur, le Br\u00e9sil, l&rsquo;Argentine, l&rsquo;Uruguay et le Paraguay. Jusqu\u2019\u00e0 pr\u00e9sent, les importateurs de produits europ\u00e9ens devaient parfois payer des droits de douane tr\u00e8s \u00e9lev\u00e9s, pr\u00e9judiciables \u00e0 la comp\u00e9titivit\u00e9. Par exemple, pour les voitures, il est de 35 pour cent, pour les machines de 14 \u00e0 20 pour cent et pour les produits chimiques jusqu&rsquo;\u00e0 18 pour cent. Les tarifs doivent d\u00e9sormais \u00eatre progressivement r\u00e9duits. Au final, environ quatre milliards d&rsquo;euros d&rsquo;imp\u00f4ts pourraient \u00eatre \u00e9conomis\u00e9s chaque ann\u00e9e, a calcul\u00e9 la Commission europ\u00e9enne.<\/p>\n<p><strong>\u2013 Qu\u2019est-ce qui rend le Mercosur si int\u00e9ressant pour l\u2019UE ?<\/strong><\/p>\n<p>Plus de 260 millions de personnes vivent dans les quatre pays du Mercosur. Ensemble, ils forment la cinqui\u00e8me plus grande r\u00e9gion \u00e9conomique du monde, avec un produit int\u00e9rieur brut annuel de 2,2 billions d&rsquo;euros. L&rsquo;ann\u00e9e derni\u00e8re, ils ont import\u00e9 des marchandises de l&rsquo;UE pour une valeur de 55,7 milliards d&rsquo;euros, tandis que le volume des exportations dans la direction oppos\u00e9e \u00e9tait de 53,7 milliards d&rsquo;euros. Selon les informations de l&rsquo;UE, au total, 60 500 entreprises europ\u00e9ennes pourraient en b\u00e9n\u00e9ficier.<\/p>\n<p><strong>\u2013 Les consommateurs en b\u00e9n\u00e9ficieront-ils \u00e9galement ?<\/strong><\/p>\n<p>La lib\u00e9ralisation des \u00e9changes pourrait r\u00e9duire les prix des produits import\u00e9s des pays du Mercosur, par exemple la viande, les fruits, le soja, le caf\u00e9 et le sucre. Afin de prot\u00e9ger l\u2019agriculture europ\u00e9enne, les march\u00e9s de certains produits agricoles ne devraient pas \u00eatre compl\u00e8tement ouverts. L&rsquo;exon\u00e9ration douani\u00e8re ne s&rsquo;appliquerait qu&rsquo;\u00e0 une certaine quantit\u00e9 livr\u00e9e.<\/p>\n<p><strong>\u2013 Pourquoi les \u00e9cologistes critiquent-ils l\u2019accord de libre-\u00e9change ?<\/strong><\/p>\n<div id=\"attachment_403497\" class=\"wp-caption alignleft\" style=\"max-width: 300px\"><img decoding=\"async\" class=\"wp-image-403497 size-medium\" src=\"https:\/\/vieassociative.be\/actualites\/wp-content\/uploads\/2024\/12\/1733516225_415_LUE-parvient-a-un-accord-avec-les-Etats-du-Mercosur.jpg\" alt=\"\" width=\"300\" height=\"200\"><\/p>\n<p class=\"wp-caption-text\">06.12.2024, Uruguay, Montevideo : le pr\u00e9sident argentin Javier Milei (l) rit \u00e0 c\u00f4t\u00e9 du pr\u00e9sident uruguayen Luis Lacalle Pou lors du sommet du Mercosur. Photo : Matilde Campodonico\/AP<\/p>\n<\/div>\n<p>Ils craignent que les nouvelles opportunit\u00e9s de vente de produits agricoles n\u2019alimentent la destruction de l\u2019environnement, par exemple dans la for\u00eat amazonienne. L&rsquo;organisation environnementale Greenpeace a qualifi\u00e9 vendredi l&rsquo;accord de toxique et de terrible pour le climat mondial. Il suppose que les taux de d\u00e9forestation dans la r\u00e9gion du Mercosur augmenteront de cinq pour cent par an au cours des six prochaines ann\u00e9es en raison de quotas d&rsquo;importation plus \u00e9lev\u00e9s pour la viande bovine. La baisse des droits de douane sur les pesticides et les plastiques pourrait \u00e9galement accro\u00eetre la pollution plastique en Am\u00e9rique du Sud et mettre en danger la biodiversit\u00e9.<\/p>\n<p><strong>\u2013 Qu\u2019ont les agriculteurs europ\u00e9ens contre le contrat avec le Mercosur ?<\/strong><\/p>\n<p>Les agriculteurs europ\u00e9ens craignent de ne pas pouvoir rivaliser avec les grands agriculteurs sud-am\u00e9ricains. Le Mercosur produit \u00e0 une \u00e9chelle beaucoup plus grande, ce qui pr\u00e9sente des avantages en termes de co\u00fbts. Les agriculteurs europ\u00e9ens se plaignent \u00e9galement du fait que des r\u00e8gles plus strictes s&rsquo;appliquent \u00e0 eux, par exemple en mati\u00e8re de protection de l&rsquo;environnement et de s\u00e9curit\u00e9 alimentaire, que leurs concurrents sud-am\u00e9ricains.<\/p>\n<p><strong>\u2013 Comment l\u2019UE r\u00e9agit-elle aux critiques ?<\/strong><\/p>\n<p>Elle rejette la plupart des all\u00e9gations comme \u00e9tant injustifi\u00e9es et souligne que les avantages \u00e9conomiques globaux d\u00e9passent clairement les inconv\u00e9nients. Les experts expliquent par exemple que toutes les importations doivent continuer \u00e0 respecter les exigences l\u00e9gales de l&rsquo;Union europ\u00e9enne. Cela signifie que les niveaux maximaux de r\u00e9sidus applicables dans l&rsquo;UE ne doivent pas \u00eatre d\u00e9pass\u00e9s. En g\u00e9n\u00e9ral, seuls les produits conformes \u00e0 de nombreuses r\u00e9glementations europ\u00e9ennes peuvent \u00eatre import\u00e9s dans l&rsquo;UE.<\/p>\n<div id=\"attachment_403498\" class=\"wp-caption alignleft\" style=\"max-width: 300px\"><img loading=\"lazy\" decoding=\"async\" class=\"wp-image-403498 size-medium\" src=\"https:\/\/vieassociative.be\/actualites\/wp-content\/uploads\/2024\/12\/1733516225_354_LUE-parvient-a-un-accord-avec-les-Etats-du-Mercosur.jpg\" alt=\"\" width=\"300\" height=\"200\"><\/p>\n<p class=\"wp-caption-text\">6 d\u00e9cembre 2024, Uruguay, Montevideo : le pr\u00e9sident br\u00e9silien Luiz Inacio Lula da Silva (l) s&rsquo;entretient avec le pr\u00e9sident paraguayen Santiago Pena lors du sommet du Mercosur. Photo : Matilde Campodonico\/AP<\/p>\n<\/div>\n<p><strong>\u2013 Pourquoi cet accord est-il si important pour l\u2019UE ?<\/strong><\/p>\n<p>Le futur pr\u00e9sident am\u00e9ricain Donald Trump a annonc\u00e9 de nouveaux tarifs douaniers avant son entr\u00e9e en fonction, alimentant les craintes d&rsquo;une politique commerciale am\u00e9ricaine encore plus protectionniste. L\u2019Union europ\u00e9enne souhaite donc \u00e9largir ses relations \u00e9conomiques. Il existe \u00e9galement un risque que les \u00c9tats du Mercosur se tournent encore plus vers la Chine si l\u2019UE ne s\u2019implique pas davantage dans ce domaine. La Chine est d\u00e9j\u00e0 le partenaire commercial le plus important pour un certain nombre de pays de la r\u00e9gion, comme le Br\u00e9sil.<\/p>\n<p><strong>\u2013 Les \u00c9tats de l&rsquo;UE comme la France et la Pologne sont contre l&rsquo;accord en raison des protestations des agriculteurs. Peut-il agir contre leur opposition ?<\/strong><\/p>\n<p>En fait non. \u00c9tant donn\u00e9 que l\u2019accord contient non seulement des accords commerciaux mais \u00e9galement des accords sur le dialogue politique et la coop\u00e9ration, il devrait en fait \u00eatre soumis \u00e0 la ratification de tous les \u00c9tats membres. Cependant, la Commission europ\u00e9enne responsable des n\u00e9gociations pourrait tenter de s\u00e9parer la partie politique de la partie commerciale. La partie commerciale pourrait alors \u00eatre adopt\u00e9e \u00e0 la majorit\u00e9 par le Conseil des \u00c9tats de l&rsquo;UE et devrait uniquement \u00eatre soumise pour approbation au Parlement europ\u00e9en et non aux parlements nationaux. Il n\u2019est toutefois pas clair si une telle approche pr\u00e9senterait des risques juridiques.<\/p>\n<p><strong>\u2013 Quand l\u2019accord pourrait-il \u00eatre formellement sign\u00e9 ?<\/strong><\/p>\n<p>Une fois les n\u00e9gociations termin\u00e9es, le texte du trait\u00e9 doit d\u00e9sormais \u00eatre soumis \u00e0 une r\u00e9vision juridique et traduit dans toutes les langues des \u00c9tats contractants. Une signature ne sera donc probablement pas possible avant le second semestre de l\u2019ann\u00e9e prochaine au plus t\u00f4t. (dpa\/cr\u00e9)<\/p>\n","protected":false},"excerpt":{"rendered":"<p>MISE \u00c0 JOUR &#8211; La Commission europ\u00e9enne a convenu d&rsquo;une vaste zone de libre-\u00e9change avec le groupe sud-am\u00e9ricain du Mercosur (Br\u00e9sil, Argentine, Uruguay et Paraguay),<\/p>\n","protected":false},"author":1,"featured_media":3131,"comment_status":"","ping_status":"","sticky":false,"template":"","format":"standard","meta":{"footnotes":""},"categories":[298],"tags":[1628,3061,2890,61,3821,3822,3058,14,3700,3578,3059,3820,81,1856],"class_list":["post-3130","post","type-post","status-publish","format-standard","has-post-thumbnail","hentry","category-belgique","tag-accord","tag-agriculteurs","tag-arimont","tag-avec","tag-etats","tag-inacceptable","tag-laccord","tag-les","tag-locaux","tag-lue","tag-mercosur","tag-parvient","tag-pour","tag-reste","generate-columns","tablet-grid-50","mobile-grid-100","grid-parent","grid-33"],"yoast_head":"<!-- This site is optimized with the Yoast SEO plugin v24.0 - https:\/\/yoast.com\/wordpress\/plugins\/seo\/ -->\n<title>L\u2019UE parvient \u00e0 un accord avec les \u00c9tats du Mercosur \u2013 Arimont : \u00ab L\u2019accord reste inacceptable pour les agriculteurs locaux \u00bb | Vie Associative<\/title>\n<meta name=\"robots\" content=\"index, follow, max-snippet:-1, max-image-preview:large, max-video-preview:-1\" \/>\n<link rel=\"canonical\" href=\"https:\/\/vieassociative.be\/actualites\/lue-parvient-a-un-accord-avec-les-etats-du-mercosur-arimont-laccord-reste-inacceptable-pour-les-agriculteurs-locaux\/\" \/>\n<meta property=\"og:locale\" content=\"fr_FR\" \/>\n<meta property=\"og:type\" content=\"article\" \/>\n<meta property=\"og:title\" content=\"L\u2019UE parvient \u00e0 un accord avec les \u00c9tats du Mercosur \u2013 Arimont : \u00ab L\u2019accord reste inacceptable pour les agriculteurs locaux \u00bb | Vie Associative\" \/>\n<meta property=\"og:description\" content=\"MISE \u00c0 JOUR &#8211; La Commission europ\u00e9enne a convenu d&rsquo;une vaste zone de libre-\u00e9change avec le groupe sud-am\u00e9ricain du Mercosur (Br\u00e9sil, Argentine, Uruguay et Paraguay),\" \/>\n<meta property=\"og:url\" content=\"https:\/\/vieassociative.be\/actualites\/lue-parvient-a-un-accord-avec-les-etats-du-mercosur-arimont-laccord-reste-inacceptable-pour-les-agriculteurs-locaux\/\" \/>\n<meta property=\"og:site_name\" content=\"Vie Associative\" \/>\n<meta property=\"article:published_time\" content=\"2024-12-06T20:17:05+00:00\" \/>\n<meta property=\"og:image\" content=\"https:\/\/vieassociative.be\/actualites\/wp-content\/uploads\/2024\/12\/LUE-parvient-a-un-accord-avec-les-Etats-du-Mercosur.jpg\" \/>\n<meta name=\"author\" content=\"Julien\" \/>\n<meta name=\"twitter:card\" content=\"summary_large_image\" \/>\n<meta name=\"twitter:label1\" content=\"\u00c9crit par\" \/>\n\t<meta name=\"twitter:data1\" content=\"Julien\" \/>\n\t<meta name=\"twitter:label2\" content=\"Dur\u00e9e de lecture est.\" \/>\n\t<meta name=\"twitter:data2\" content=\"7 minutes\" \/>\n<script type=\"application\/ld+json\" class=\"yoast-schema-graph\">{\"@context\":\"https:\/\/schema.org\",\"@graph\":[{\"@type\":\"Article\",\"@id\":\"https:\/\/vieassociative.be\/actualites\/lue-parvient-a-un-accord-avec-les-etats-du-mercosur-arimont-laccord-reste-inacceptable-pour-les-agriculteurs-locaux\/#article\",\"isPartOf\":{\"@id\":\"https:\/\/vieassociative.be\/actualites\/lue-parvient-a-un-accord-avec-les-etats-du-mercosur-arimont-laccord-reste-inacceptable-pour-les-agriculteurs-locaux\/\"},\"author\":{\"name\":\"Julien\",\"@id\":\"https:\/\/vieassociative.be\/actualites\/#\/schema\/person\/b87ac4f82f9d4e7b7cec7395b679edc4\"},\"headline\":\"L\u2019UE parvient \u00e0 un accord avec les \u00c9tats du Mercosur \u2013 Arimont : \u00ab L\u2019accord reste inacceptable pour les agriculteurs locaux \u00bb\",\"datePublished\":\"2024-12-06T20:17:05+00:00\",\"dateModified\":\"2024-12-06T20:17:05+00:00\",\"mainEntityOfPage\":{\"@id\":\"https:\/\/vieassociative.be\/actualites\/lue-parvient-a-un-accord-avec-les-etats-du-mercosur-arimont-laccord-reste-inacceptable-pour-les-agriculteurs-locaux\/\"},\"wordCount\":1514,\"publisher\":{\"@id\":\"https:\/\/vieassociative.be\/actualites\/#organization\"},\"image\":{\"@id\":\"https:\/\/vieassociative.be\/actualites\/lue-parvient-a-un-accord-avec-les-etats-du-mercosur-arimont-laccord-reste-inacceptable-pour-les-agriculteurs-locaux\/#primaryimage\"},\"thumbnailUrl\":\"https:\/\/vieassociative.be\/actualites\/wp-content\/uploads\/2024\/12\/1733516225_LUE-parvient-a-un-accord-avec-les-Etats-du-Mercosur.jpg\",\"keywords\":[\"accord\",\"agriculteurs\",\"Arimont\",\"avec\",\"\u00c9tats\",\"inacceptable\",\"Laccord\",\"Les\",\"locaux\",\"LUE\",\"Mercosur\",\"parvient\",\"pour\",\"reste\"],\"articleSection\":[\"Belgique\"],\"inLanguage\":\"fr-BE\"},{\"@type\":\"WebPage\",\"@id\":\"https:\/\/vieassociative.be\/actualites\/lue-parvient-a-un-accord-avec-les-etats-du-mercosur-arimont-laccord-reste-inacceptable-pour-les-agriculteurs-locaux\/\",\"url\":\"https:\/\/vieassociative.be\/actualites\/lue-parvient-a-un-accord-avec-les-etats-du-mercosur-arimont-laccord-reste-inacceptable-pour-les-agriculteurs-locaux\/\",\"name\":\"L\u2019UE parvient \u00e0 un accord avec les \u00c9tats du Mercosur \u2013 Arimont : \u00ab L\u2019accord reste inacceptable pour les agriculteurs locaux \u00bb | Vie Associative\",\"isPartOf\":{\"@id\":\"https:\/\/vieassociative.be\/actualites\/#website\"},\"primaryImageOfPage\":{\"@id\":\"https:\/\/vieassociative.be\/actualites\/lue-parvient-a-un-accord-avec-les-etats-du-mercosur-arimont-laccord-reste-inacceptable-pour-les-agriculteurs-locaux\/#primaryimage\"},\"image\":{\"@id\":\"https:\/\/vieassociative.be\/actualites\/lue-parvient-a-un-accord-avec-les-etats-du-mercosur-arimont-laccord-reste-inacceptable-pour-les-agriculteurs-locaux\/#primaryimage\"},\"thumbnailUrl\":\"https:\/\/vieassociative.be\/actualites\/wp-content\/uploads\/2024\/12\/1733516225_LUE-parvient-a-un-accord-avec-les-Etats-du-Mercosur.jpg\",\"datePublished\":\"2024-12-06T20:17:05+00:00\",\"dateModified\":\"2024-12-06T20:17:05+00:00\",\"breadcrumb\":{\"@id\":\"https:\/\/vieassociative.be\/actualites\/lue-parvient-a-un-accord-avec-les-etats-du-mercosur-arimont-laccord-reste-inacceptable-pour-les-agriculteurs-locaux\/#breadcrumb\"},\"inLanguage\":\"fr-BE\",\"potentialAction\":[{\"@type\":\"ReadAction\",\"target\":[\"https:\/\/vieassociative.be\/actualites\/lue-parvient-a-un-accord-avec-les-etats-du-mercosur-arimont-laccord-reste-inacceptable-pour-les-agriculteurs-locaux\/\"]}]},{\"@type\":\"ImageObject\",\"inLanguage\":\"fr-BE\",\"@id\":\"https:\/\/vieassociative.be\/actualites\/lue-parvient-a-un-accord-avec-les-etats-du-mercosur-arimont-laccord-reste-inacceptable-pour-les-agriculteurs-locaux\/#primaryimage\",\"url\":\"https:\/\/vieassociative.be\/actualites\/wp-content\/uploads\/2024\/12\/1733516225_LUE-parvient-a-un-accord-avec-les-Etats-du-Mercosur.jpg\",\"contentUrl\":\"https:\/\/vieassociative.be\/actualites\/wp-content\/uploads\/2024\/12\/1733516225_LUE-parvient-a-un-accord-avec-les-Etats-du-Mercosur.jpg\",\"width\":1200,\"height\":900,\"caption\":\"L\u2019UE parvient \u00e0 un accord avec les \u00c9tats du Mercosur \u2013 Arimont : \u00ab L\u2019accord reste inacceptable pour les agriculteurs locaux \u00bb\"},{\"@type\":\"BreadcrumbList\",\"@id\":\"https:\/\/vieassociative.be\/actualites\/lue-parvient-a-un-accord-avec-les-etats-du-mercosur-arimont-laccord-reste-inacceptable-pour-les-agriculteurs-locaux\/#breadcrumb\",\"itemListElement\":[{\"@type\":\"ListItem\",\"position\":1,\"name\":\"Accueil\",\"item\":\"https:\/\/vieassociative.be\/actualites\/\"},{\"@type\":\"ListItem\",\"position\":2,\"name\":\"L\u2019UE parvient \u00e0 un accord avec les \u00c9tats du Mercosur \u2013 Arimont : \u00ab L\u2019accord reste inacceptable pour les agriculteurs locaux \u00bb\"}]},{\"@type\":\"WebSite\",\"@id\":\"https:\/\/vieassociative.be\/actualites\/#website\",\"url\":\"https:\/\/vieassociative.be\/actualites\/\",\"name\":\"Vie Associative\",\"description\":\"\",\"publisher\":{\"@id\":\"https:\/\/vieassociative.be\/actualites\/#organization\"},\"potentialAction\":[{\"@type\":\"SearchAction\",\"target\":{\"@type\":\"EntryPoint\",\"urlTemplate\":\"https:\/\/vieassociative.be\/actualites\/?s={search_term_string}\"},\"query-input\":{\"@type\":\"PropertyValueSpecification\",\"valueRequired\":true,\"valueName\":\"search_term_string\"}}],\"inLanguage\":\"fr-BE\"},{\"@type\":\"Organization\",\"@id\":\"https:\/\/vieassociative.be\/actualites\/#organization\",\"name\":\"Vie Associative\",\"url\":\"https:\/\/vieassociative.be\/actualites\/\",\"logo\":{\"@type\":\"ImageObject\",\"inLanguage\":\"fr-BE\",\"@id\":\"https:\/\/vieassociative.be\/actualites\/#\/schema\/logo\/image\/\",\"url\":\"https:\/\/vieassociative.be\/actualites\/wp-content\/uploads\/2024\/09\/cropped-vieassociative_favicon.ico.png\",\"contentUrl\":\"https:\/\/vieassociative.be\/actualites\/wp-content\/uploads\/2024\/09\/cropped-vieassociative_favicon.ico.png\",\"width\":512,\"height\":512,\"caption\":\"Vie Associative\"},\"image\":{\"@id\":\"https:\/\/vieassociative.be\/actualites\/#\/schema\/logo\/image\/\"}},{\"@type\":\"Person\",\"@id\":\"https:\/\/vieassociative.be\/actualites\/#\/schema\/person\/b87ac4f82f9d4e7b7cec7395b679edc4\",\"name\":\"Julien\",\"image\":{\"@type\":\"ImageObject\",\"inLanguage\":\"fr-BE\",\"@id\":\"https:\/\/vieassociative.be\/actualites\/#\/schema\/person\/image\/\",\"url\":\"https:\/\/vieassociative.be\/actualites\/wp-content\/uploads\/2024\/09\/vie-associative-1-150x150.jpg\",\"contentUrl\":\"https:\/\/vieassociative.be\/actualites\/wp-content\/uploads\/2024\/09\/vie-associative-1-150x150.jpg\",\"caption\":\"Julien\"},\"description\":\"Je suis Julien, r\u00e9dacteur pour Vie Associative. Passionn\u00e9 par le monde associatif depuis plus de 10 ans, j'ai \u00e0 c\u0153ur de partager des histoires inspirantes et de mettre en lumi\u00e8re les initiatives locales. Mon objectif est de sensibiliser et d'encourager l'engagement communautaire \u00e0 travers mes articles.\",\"sameAs\":[\"https:\/\/vieassociative.be\/\"]}]}<\/script>\n<!-- \/ Yoast SEO plugin. -->","yoast_head_json":{"title":"L\u2019UE parvient \u00e0 un accord avec les \u00c9tats du Mercosur \u2013 Arimont : \u00ab L\u2019accord reste inacceptable pour les agriculteurs locaux \u00bb | Vie Associative","robots":{"index":"index","follow":"follow","max-snippet":"max-snippet:-1","max-image-preview":"max-image-preview:large","max-video-preview":"max-video-preview:-1"},"canonical":"https:\/\/vieassociative.be\/actualites\/lue-parvient-a-un-accord-avec-les-etats-du-mercosur-arimont-laccord-reste-inacceptable-pour-les-agriculteurs-locaux\/","og_locale":"fr_FR","og_type":"article","og_title":"L\u2019UE parvient \u00e0 un accord avec les \u00c9tats du Mercosur \u2013 Arimont : \u00ab L\u2019accord reste inacceptable pour les agriculteurs locaux \u00bb | Vie Associative","og_description":"MISE \u00c0 JOUR &#8211; La Commission europ\u00e9enne a convenu d&rsquo;une vaste zone de libre-\u00e9change avec le groupe sud-am\u00e9ricain du Mercosur (Br\u00e9sil, Argentine, Uruguay et Paraguay),","og_url":"https:\/\/vieassociative.be\/actualites\/lue-parvient-a-un-accord-avec-les-etats-du-mercosur-arimont-laccord-reste-inacceptable-pour-les-agriculteurs-locaux\/","og_site_name":"Vie Associative","article_published_time":"2024-12-06T20:17:05+00:00","og_image":[{"url":"https:\/\/vieassociative.be\/actualites\/wp-content\/uploads\/2024\/12\/LUE-parvient-a-un-accord-avec-les-Etats-du-Mercosur.jpg","type":"","width":"","height":""}],"author":"Julien","twitter_card":"summary_large_image","twitter_misc":{"\u00c9crit par":"Julien","Dur\u00e9e de lecture est.":"7 minutes"},"schema":{"@context":"https:\/\/schema.org","@graph":[{"@type":"Article","@id":"https:\/\/vieassociative.be\/actualites\/lue-parvient-a-un-accord-avec-les-etats-du-mercosur-arimont-laccord-reste-inacceptable-pour-les-agriculteurs-locaux\/#article","isPartOf":{"@id":"https:\/\/vieassociative.be\/actualites\/lue-parvient-a-un-accord-avec-les-etats-du-mercosur-arimont-laccord-reste-inacceptable-pour-les-agriculteurs-locaux\/"},"author":{"name":"Julien","@id":"https:\/\/vieassociative.be\/actualites\/#\/schema\/person\/b87ac4f82f9d4e7b7cec7395b679edc4"},"headline":"L\u2019UE parvient \u00e0 un accord avec les \u00c9tats du Mercosur \u2013 Arimont : \u00ab L\u2019accord reste inacceptable pour les agriculteurs locaux \u00bb","datePublished":"2024-12-06T20:17:05+00:00","dateModified":"2024-12-06T20:17:05+00:00","mainEntityOfPage":{"@id":"https:\/\/vieassociative.be\/actualites\/lue-parvient-a-un-accord-avec-les-etats-du-mercosur-arimont-laccord-reste-inacceptable-pour-les-agriculteurs-locaux\/"},"wordCount":1514,"publisher":{"@id":"https:\/\/vieassociative.be\/actualites\/#organization"},"image":{"@id":"https:\/\/vieassociative.be\/actualites\/lue-parvient-a-un-accord-avec-les-etats-du-mercosur-arimont-laccord-reste-inacceptable-pour-les-agriculteurs-locaux\/#primaryimage"},"thumbnailUrl":"https:\/\/vieassociative.be\/actualites\/wp-content\/uploads\/2024\/12\/1733516225_LUE-parvient-a-un-accord-avec-les-Etats-du-Mercosur.jpg","keywords":["accord","agriculteurs","Arimont","avec","\u00c9tats","inacceptable","Laccord","Les","locaux","LUE","Mercosur","parvient","pour","reste"],"articleSection":["Belgique"],"inLanguage":"fr-BE"},{"@type":"WebPage","@id":"https:\/\/vieassociative.be\/actualites\/lue-parvient-a-un-accord-avec-les-etats-du-mercosur-arimont-laccord-reste-inacceptable-pour-les-agriculteurs-locaux\/","url":"https:\/\/vieassociative.be\/actualites\/lue-parvient-a-un-accord-avec-les-etats-du-mercosur-arimont-laccord-reste-inacceptable-pour-les-agriculteurs-locaux\/","name":"L\u2019UE parvient \u00e0 un accord avec les \u00c9tats du Mercosur \u2013 Arimont : \u00ab L\u2019accord reste inacceptable pour les agriculteurs locaux \u00bb | Vie Associative","isPartOf":{"@id":"https:\/\/vieassociative.be\/actualites\/#website"},"primaryImageOfPage":{"@id":"https:\/\/vieassociative.be\/actualites\/lue-parvient-a-un-accord-avec-les-etats-du-mercosur-arimont-laccord-reste-inacceptable-pour-les-agriculteurs-locaux\/#primaryimage"},"image":{"@id":"https:\/\/vieassociative.be\/actualites\/lue-parvient-a-un-accord-avec-les-etats-du-mercosur-arimont-laccord-reste-inacceptable-pour-les-agriculteurs-locaux\/#primaryimage"},"thumbnailUrl":"https:\/\/vieassociative.be\/actualites\/wp-content\/uploads\/2024\/12\/1733516225_LUE-parvient-a-un-accord-avec-les-Etats-du-Mercosur.jpg","datePublished":"2024-12-06T20:17:05+00:00","dateModified":"2024-12-06T20:17:05+00:00","breadcrumb":{"@id":"https:\/\/vieassociative.be\/actualites\/lue-parvient-a-un-accord-avec-les-etats-du-mercosur-arimont-laccord-reste-inacceptable-pour-les-agriculteurs-locaux\/#breadcrumb"},"inLanguage":"fr-BE","potentialAction":[{"@type":"ReadAction","target":["https:\/\/vieassociative.be\/actualites\/lue-parvient-a-un-accord-avec-les-etats-du-mercosur-arimont-laccord-reste-inacceptable-pour-les-agriculteurs-locaux\/"]}]},{"@type":"ImageObject","inLanguage":"fr-BE","@id":"https:\/\/vieassociative.be\/actualites\/lue-parvient-a-un-accord-avec-les-etats-du-mercosur-arimont-laccord-reste-inacceptable-pour-les-agriculteurs-locaux\/#primaryimage","url":"https:\/\/vieassociative.be\/actualites\/wp-content\/uploads\/2024\/12\/1733516225_LUE-parvient-a-un-accord-avec-les-Etats-du-Mercosur.jpg","contentUrl":"https:\/\/vieassociative.be\/actualites\/wp-content\/uploads\/2024\/12\/1733516225_LUE-parvient-a-un-accord-avec-les-Etats-du-Mercosur.jpg","width":1200,"height":900,"caption":"L\u2019UE parvient \u00e0 un accord avec les \u00c9tats du Mercosur \u2013 Arimont : \u00ab L\u2019accord reste inacceptable pour les agriculteurs locaux \u00bb"},{"@type":"BreadcrumbList","@id":"https:\/\/vieassociative.be\/actualites\/lue-parvient-a-un-accord-avec-les-etats-du-mercosur-arimont-laccord-reste-inacceptable-pour-les-agriculteurs-locaux\/#breadcrumb","itemListElement":[{"@type":"ListItem","position":1,"name":"Accueil","item":"https:\/\/vieassociative.be\/actualites\/"},{"@type":"ListItem","position":2,"name":"L\u2019UE parvient \u00e0 un accord avec les \u00c9tats du Mercosur \u2013 Arimont : \u00ab L\u2019accord reste inacceptable pour les agriculteurs locaux \u00bb"}]},{"@type":"WebSite","@id":"https:\/\/vieassociative.be\/actualites\/#website","url":"https:\/\/vieassociative.be\/actualites\/","name":"Vie Associative","description":"","publisher":{"@id":"https:\/\/vieassociative.be\/actualites\/#organization"},"potentialAction":[{"@type":"SearchAction","target":{"@type":"EntryPoint","urlTemplate":"https:\/\/vieassociative.be\/actualites\/?s={search_term_string}"},"query-input":{"@type":"PropertyValueSpecification","valueRequired":true,"valueName":"search_term_string"}}],"inLanguage":"fr-BE"},{"@type":"Organization","@id":"https:\/\/vieassociative.be\/actualites\/#organization","name":"Vie Associative","url":"https:\/\/vieassociative.be\/actualites\/","logo":{"@type":"ImageObject","inLanguage":"fr-BE","@id":"https:\/\/vieassociative.be\/actualites\/#\/schema\/logo\/image\/","url":"https:\/\/vieassociative.be\/actualites\/wp-content\/uploads\/2024\/09\/cropped-vieassociative_favicon.ico.png","contentUrl":"https:\/\/vieassociative.be\/actualites\/wp-content\/uploads\/2024\/09\/cropped-vieassociative_favicon.ico.png","width":512,"height":512,"caption":"Vie Associative"},"image":{"@id":"https:\/\/vieassociative.be\/actualites\/#\/schema\/logo\/image\/"}},{"@type":"Person","@id":"https:\/\/vieassociative.be\/actualites\/#\/schema\/person\/b87ac4f82f9d4e7b7cec7395b679edc4","name":"Julien","image":{"@type":"ImageObject","inLanguage":"fr-BE","@id":"https:\/\/vieassociative.be\/actualites\/#\/schema\/person\/image\/","url":"https:\/\/vieassociative.be\/actualites\/wp-content\/uploads\/2024\/09\/vie-associative-1-150x150.jpg","contentUrl":"https:\/\/vieassociative.be\/actualites\/wp-content\/uploads\/2024\/09\/vie-associative-1-150x150.jpg","caption":"Julien"},"description":"Je suis Julien, r\u00e9dacteur pour Vie Associative. Passionn\u00e9 par le monde associatif depuis plus de 10 ans, j'ai \u00e0 c\u0153ur de partager des histoires inspirantes et de mettre en lumi\u00e8re les initiatives locales. Mon objectif est de sensibiliser et d'encourager l'engagement communautaire \u00e0 travers mes articles.","sameAs":["https:\/\/vieassociative.be\/"]}]}},"_links":{"self":[{"href":"https:\/\/vieassociative.be\/actualites\/wp-json\/wp\/v2\/posts\/3130"}],"collection":[{"href":"https:\/\/vieassociative.be\/actualites\/wp-json\/wp\/v2\/posts"}],"about":[{"href":"https:\/\/vieassociative.be\/actualites\/wp-json\/wp\/v2\/types\/post"}],"author":[{"embeddable":true,"href":"https:\/\/vieassociative.be\/actualites\/wp-json\/wp\/v2\/users\/1"}],"replies":[{"embeddable":true,"href":"https:\/\/vieassociative.be\/actualites\/wp-json\/wp\/v2\/comments?post=3130"}],"version-history":[{"count":0,"href":"https:\/\/vieassociative.be\/actualites\/wp-json\/wp\/v2\/posts\/3130\/revisions"}],"wp:featuredmedia":[{"embeddable":true,"href":"https:\/\/vieassociative.be\/actualites\/wp-json\/wp\/v2\/media\/3131"}],"wp:attachment":[{"href":"https:\/\/vieassociative.be\/actualites\/wp-json\/wp\/v2\/media?parent=3130"}],"wp:term":[{"taxonomy":"category","embeddable":true,"href":"https:\/\/vieassociative.be\/actualites\/wp-json\/wp\/v2\/categories?post=3130"},{"taxonomy":"post_tag","embeddable":true,"href":"https:\/\/vieassociative.be\/actualites\/wp-json\/wp\/v2\/tags?post=3130"}],"curies":[{"name":"wp","href":"https:\/\/api.w.org\/{rel}","templated":true}]}}