{"id":313,"date":"2024-09-22T15:31:11","date_gmt":"2024-09-22T13:31:11","guid":{"rendered":"https:\/\/vieassociative.be\/actualites\/commencez-lete-de-votre-enfant-avec-lun-de-ces-rituels\/"},"modified":"2024-09-22T15:31:11","modified_gmt":"2024-09-22T13:31:11","slug":"commencez-lete-de-votre-enfant-avec-lun-de-ces-rituels","status":"publish","type":"post","link":"https:\/\/vieassociative.be\/actualites\/commencez-lete-de-votre-enfant-avec-lun-de-ces-rituels\/","title":{"rendered":"Commencez l&rsquo;\u00e9t\u00e9 de votre enfant avec l&rsquo;un de ces rituels"},"content":{"rendered":"<div class=\"mt-4 leading-6 md:mb-8\">Aidez votre enfant \u00e0 faire la transition entre l\u2019\u00e9cole et l\u2019\u00e9t\u00e9 avec un rituel \u00e0 l\u2019ancienne.<\/div>\n<p><\/p>\n<p><em>Bienvenue dans \u00ab Le meilleur \u00e9t\u00e9 de tous les temps,<\/em><em>\u00a0\u00bb votre guide pour profiter au maximum de la saison ensoleill\u00e9e. Que votre id\u00e9e d&rsquo;un \u00e9t\u00e9 parfait consiste \u00e0 vous lancer dans des aventures \u00e9piques ou \u00e0 faire le moins possible (de pr\u00e9f\u00e9rence dans un endroit bien climatis\u00e9), nous avons ce qu&rsquo;il vous faut, car le meilleur \u00e9t\u00e9 n&rsquo;arrive pas par hasard. Vous devez le faire en sorte qu&rsquo;il se produise.<\/em><\/p>\n<p>Le d\u00e9but de l&rsquo;\u00e9t\u00e9 ne signifie g\u00e9n\u00e9ralement pas grand-chose pour les adultes : la saison change, mais vous allez au travail et payez vos factures de carte de cr\u00e9dit de la m\u00eame mani\u00e8re. Il est facile d&rsquo;oublier que le passage entre l&rsquo;ann\u00e9e scolaire et l&rsquo;\u00e9t\u00e9 est une <em>grand<\/em> Accordez-vous aux enfants. Une f\u00eate, une c\u00e9r\u00e9monie ou un rituel familial est le moyen id\u00e9al de respecter la transition et d&rsquo;aider vos enfants \u00e0 traverser en douceur leur mini-changement de vie. De plus, c&rsquo;est amusant.  <\/p>\n<h2 id=\"celebrate-the-start-of-summer-with-fire\">C\u00e9l\u00e9brez le d\u00e9but de l&rsquo;\u00e9t\u00e9 avec FIRE<\/h2>\n<p>Ma petite famille a commenc\u00e9 \u00e0 c\u00e9l\u00e9brer chaque ann\u00e9e la fin de l\u2019ann\u00e9e scolaire apr\u00e8s que mon fils ait eu une p\u00e9riode difficile en sixi\u00e8me ann\u00e9e. Il est rentr\u00e9 \u00e0 la maison apr\u00e8s le dernier jour d\u2019\u00e9cole et a dit : \u00ab Dis, papa, est-ce que je peux br\u00fbler toutes mes notes d\u2019\u00e9cole ? \u00bb Apr\u00e8s un moment de panique, je me suis dit : \u00ab Mais que se passerait-il si tu ne me donnais pas de notes ? <em>besoin<\/em> \u00ab eux \u00bb, je me suis souvenu de la z\u00e9ro fois dans ma vie o\u00f9 j&rsquo;ai consult\u00e9 mes notes de biologie de sixi\u00e8me ann\u00e9e et dit : \u00ab Ouais, faisons-le. \u00bb <\/p>\n<p>Ce soir-l\u00e0, la famille et quelques amis proches se sont r\u00e9unis autour d&rsquo;un feu de camp dans le jardin et ont regard\u00e9 Dexter jeter solennellement des pages de ses cahiers dans le feu. C&rsquo;\u00e9tait peut-\u00eatre en partie parce que nous le laissions faire quelque chose de \u00ab dangereux \u00bb, mais il \u00e9tait clair, \u00e0 la fa\u00e7on dont mon fils, habituellement joyeux, jetait soigneusement et solennellement ces feuilles volantes dans les flammes, que quelque chose d&rsquo;important lui arrivait. Puis, avec le pass\u00e9 symbolique en cendres, nous avons tous partag\u00e9 nos espoirs et nos objectifs pour l&rsquo;\u00e9t\u00e9 \u00e0 venir. <\/p>\n<p>Depuis, nous c\u00e9l\u00e9brons la fin de l\u2019ann\u00e9e scolaire en br\u00fblant nos cahiers chaque ann\u00e9e. Bien s\u00fbr, il ne br\u00fble pas tout : les projets scolaires, les dessins et les devoirs d\u2019\u00e9criture importants sont rang\u00e9s, mais les choses sans importance sont jet\u00e9es aux flammes. C\u2019est devenu ma \u00ab f\u00eate \u00bb pr\u00e9f\u00e9r\u00e9e parce qu\u2019elle n\u2019appartient qu\u2019\u00e0 nous. (Et je ne suis pas le seul parent Vie Associative g\u00e9nial \u00e0 \u00eatre d\u2019accord.)<\/p>\n<h2 id=\"what-to-consider-for-your-kids-beginning-of-summer-celebration\">Que faut-il prendre en compte pour la c\u00e9l\u00e9bration du d\u00e9but de l\u2019\u00e9t\u00e9 de votre enfant<\/h2>\n<p>Les sp\u00e9cificit\u00e9s de la c\u00e9l\u00e9bration d\u00e9pendent bien s\u00fbr de l&rsquo;enfant, de la dynamique et du style de votre famille, mais voici quelques \u00e9l\u00e9ments \u00e0 garder \u00e0 l&rsquo;esprit :<\/p>\n<p><strong>Restez s\u00e9rieux<\/strong> (au moins pendant quelques minutes) : Le s\u00e9rieux avec lequel vous prenez la c\u00e9r\u00e9monie est, je pense, ce qui la diff\u00e9rencie d&rsquo;un pique-nique ordinaire. Alors n&rsquo;en faites pas une blague ; m\u00eame l&rsquo;enfant le plus idiot appr\u00e9ciera un peu de solennit\u00e9 et une reconnaissance de votre part du fait que sa vie est importante et que ses sentiments comptent. <\/p>\n<p><strong>Ne le faites pas participer \u00e0 une autre c\u00e9l\u00e9bration\u00a0:<\/strong> Incorporer la c\u00e9l\u00e9bration de fin d\u2019ann\u00e9e scolaire dans un pique-nique du 4 juillet ou quelque chose du genre est pratique, mais cela diminue le poids dont une c\u00e9r\u00e9monie a besoin pour \u00eatre r\u00e9ussie. <\/p>\n<p><strong>Restez simple et sans stress : <\/strong>Vous n&rsquo;avez pas besoin de faire quelque chose de tr\u00e8s \u00e9labor\u00e9. Limitez les activit\u00e9s \u00e0 des choses que tout le monde peut appr\u00e9cier (ou au moins tol\u00e9rer) pour maintenir le niveau de stress bas. Restez d\u00e9tendu et essayez d&rsquo;y aller sans attentes.<\/p>\n<p><strong>Soyez coh\u00e9rent<\/strong>:Les enfants aiment la stabilit\u00e9 des traditions familiales immuables (m\u00eame si la tradition n&rsquo;a qu&rsquo;un an), alors marquez l&rsquo;occasion chaque ann\u00e9e et assurez-vous de ne pas la laisser s&rsquo;\u00e9chapper.  <\/p>\n<p><strong>Restez positif<\/strong>:Bien qu\u2019il soit important de reconna\u00eetre les d\u00e9fis du pass\u00e9, assurez-vous que la vision que vous pr\u00e9sentez de l\u2019avenir est positive. <\/p>\n<p><strong>Laissez votre enfant planifier et choisir les d\u00e9tails<\/strong>:Une fois que votre enfant est assez grand pour prendre des d\u00e9cisions, laissez-le choisir comment se d\u00e9roulera la f\u00eate de fin d&rsquo;ann\u00e9e et assurez-vous qu&rsquo;il participe \u00e0 la planification autant que son niveau de maturit\u00e9 le permet. N&rsquo;essayez pas de rendre la f\u00eate parfaite ou d&rsquo;imposer vos id\u00e9es sur la fa\u00e7on dont elle devrait se d\u00e9rouler : ce n&rsquo;est pas votre spectacle, donc si votre enfant veut aller d\u00eener au restaurant plut\u00f4t que de br\u00fbler ses cahiers, emmenez-le dans un restaurant de grillades. <\/p>\n<h2 id=\"beginning-of-summer-ceremony-ideas\">Id\u00e9es de c\u00e9r\u00e9monies pour le d\u00e9but de l&rsquo;\u00e9t\u00e9<\/h2>\n<p>M\u00eame si la d\u00e9cision de la meilleure fa\u00e7on de marquer le passage du temps doit revenir \u00e0 votre enfant, la plupart des enfants ont besoin d&rsquo;\u00eatre guid\u00e9s et ne r\u00e9agissent pas bien \u00e0 une question ouverte comme \u00ab Comment devrions-nous marquer rituellement le d\u00e9but de l&rsquo;\u00e9t\u00e9 ? \u00bb Donnez-leur donc plut\u00f4t des options. Voici quelques id\u00e9es :<\/p>\n<p><strong>Organiser une f\u00eate de famille<\/strong>: Invitez tout le clan, mais laissez votre enfant choisir son plat pr\u00e9f\u00e9r\u00e9, les jeux auxquels vous jouez et la musique que vous \u00e9coutez. Assurez-vous que tous les participants comprennent que la partie \u00ab rituelle \u00bb de la soir\u00e9e est importante. Demandez \u00e0 des proches ou \u00e0 des amis de partager un souvenir d\u2019\u00e9t\u00e9 ou de parler de leurs projets d\u2019\u00e9t\u00e9, si votre famille aime ce genre de choses. <\/p>\n<p><strong>Aller dans un endroit sp\u00e9cial<\/strong>:Les rituels r\u00e9ussis peuvent d\u00e9pendre de leur d\u00e9roulement dans un espace en dehors de la vie normale. Si vous \u00eates une famille qui aime les activit\u00e9s de plein air, envisagez une randonn\u00e9e vers un endroit magnifique. Ou faites une excursion \u00e0 la plage le soir. Peut-\u00eatre simplement d\u00eenez dans le jardin. Tout ce qui indique que cet apr\u00e8s-midi\/soir\u00e9e ne ressemble pas \u00e0 tous les autres.<\/p>\n<p><strong>Cr\u00e9er une capsule temporelle<\/strong>:De nombreux enfants (et parents) seraient horrifi\u00e9s \u00e0 l&rsquo;id\u00e9e de br\u00fbler leurs notes scolaires et pr\u00e9f\u00e9reraient comm\u00e9morer l&rsquo;ann\u00e9e en conservant des choses dans un album ou une bo\u00eete \u00e0 souvenirs remplie de photos, de souvenirs, d&rsquo;\u0153uvres d&rsquo;art et de tout ce qu&rsquo;ils consid\u00e8rent comme important. Marquez la capsule temporelle avec la mention \u00ab Ne pas ouvrir avant 2034 \u00bb, fermez-la et rangez-la dans le grenier jusqu&rsquo;\u00e0 ce que vous soyez pr\u00eat \u00e0 la d\u00e9terrer. Vous pourrez \u00e9ventuellement ajouter l&rsquo;ouverture d&rsquo;une vieille bo\u00eete au rituel annuel. <\/p>\n<p><strong>Demandez-leur d\u2019\u00e9crire une lettre \u00e0 leur futur moi :<\/strong> Demandez \u00e0 votre enfant d&rsquo;\u00e9crire une lettre \u00e0 lui-m\u00eame plus tard, peut-\u00eatre \u00e0 la fin de l&rsquo;\u00e9t\u00e9. Couvrez-la, collez-y un timbre et programmez un rappel sur votre t\u00e9l\u00e9phone pour l&rsquo;envoyer au bon moment. (Ne la lui remettez pas simplement : le courrier est \u00ab s\u00e9rieux \u00bb et un peu magique pour les enfants.) La lire leur donnera (et \u00e0 vous aussi) l&rsquo;occasion de voir \u00e0 quel point ils ont \u00e9volu\u00e9 en quelques mois seulement. <\/p>\n<p><strong>Passez une soir\u00e9e de d\u00e9tente<\/strong>:M\u00eame si votre enfant <em>go\u00fbts<\/em> L&rsquo;\u00e9cole est exigeante. Pour aider votre enfant \u00e0 s&rsquo;adapter aux ambiances plus douces de l&rsquo;\u00e9t\u00e9, organisez une soir\u00e9e consacr\u00e9e \u00e0 la d\u00e9tente, que ce soit une soir\u00e9e pyjama, une journ\u00e9e au spa ou une s\u00e9ance marathon de jeux vid\u00e9o.<\/p>\n<p><strong>Passez une journ\u00e9e sans rien faire : <\/strong> Si vous imposez un emploi du temps serr\u00e9 \u00e0 votre enfant, envisagez de consacrer une journ\u00e9e enti\u00e8re \u00e0 ne rien faire du tout. Aucune exigence. Aucun plan. Rien. Je sais que cela peut \u00eatre une grande demande pour les personnes motiv\u00e9es, mais peut-\u00eatre que cela vous fera du bien aussi ?<\/p>\n<h2 id=\"how-will-a-beginning-of-summer-ritual-help-your-child\">Comment un rituel de d\u00e9but d\u2019\u00e9t\u00e9 pourrait-il aider votre enfant ?<\/h2>\n<p>J&rsquo;aimerais terminer cet article en vous racontant comment nos rituels de fin d&rsquo;ann\u00e9e sont devenus une partie pr\u00e9cieuse des souvenirs de mon enfant, comment ils l&rsquo;ont aid\u00e9 \u00e0 devenir un adulte bien \u00e9quilibr\u00e9 et gentil, mais les d\u00e9s sont encore en suspens. Je ne sais pas s&rsquo;il se souviendra de ces c\u00e9r\u00e9monies annuelles avec tendresse ou s&rsquo;il les racontera avec tristesse \u00e0 son th\u00e9rapeute. Mais je peux dire avec certitude qu&rsquo;ils ont fonctionn\u00e9 pour moi. <\/p>\n<p>J&rsquo;ai commenc\u00e9 \u00e0 br\u00fbler mon premier cahier en pensant que ce serait une chose ridicule \u00e0 faire un soir de d\u00e9but d&rsquo;\u00e9t\u00e9, mais quelque chose dans son air s\u00e9rieux \u00e9clair\u00e9 par les flammes m&rsquo;a arr\u00eat\u00e9 net. J&rsquo;ai eu un moment de r\u00e9flexion : \u00ab Oh, merde. Ce n&rsquo;est plus un petit gar\u00e7on et il ne le sera plus jamais. \u00bb <\/p>\n<p>La prise de conscience de ce que cela signifiait r\u00e9ellement m&rsquo;a rempli d&rsquo;un immense m\u00e9lange d&rsquo;amour et de tristesse que seuls les parents qui regardent leurs enfants grandir (et loin d&rsquo;eux) peuvent comprendre. Peut-\u00eatre n&rsquo;\u00eates-vous pas une personne sentimentale comme moi, mais je recommande quand m\u00eame vivement un rituel de d\u00e9but d&rsquo;\u00e9t\u00e9.<\/p>\n","protected":false},"excerpt":{"rendered":"<p>Aidez votre enfant \u00e0 faire la transition entre l\u2019\u00e9cole et l\u2019\u00e9t\u00e9 avec un rituel \u00e0 l\u2019ancienne. Bienvenue dans \u00ab Le meilleur \u00e9t\u00e9 de tous les<\/p>\n","protected":false},"author":1,"featured_media":314,"comment_status":"","ping_status":"","sticky":false,"template":"","format":"standard","meta":{"footnotes":""},"categories":[37],"tags":[61,248,478,295,479,247,480,8],"class_list":["post-313","post","type-post","status-publish","format-standard","has-post-thumbnail","hentry","category-famille","tag-avec","tag-ces","tag-commencez","tag-enfant","tag-lete","tag-lun","tag-rituels","tag-votre","generate-columns","tablet-grid-50","mobile-grid-100","grid-parent","grid-33"],"yoast_head":"<!-- This site is optimized with the Yoast SEO plugin v24.0 - https:\/\/yoast.com\/wordpress\/plugins\/seo\/ -->\n<title>Commencez l&#039;\u00e9t\u00e9 de votre enfant avec l&#039;un de ces rituels | Vie Associative<\/title>\n<meta name=\"robots\" content=\"index, follow, max-snippet:-1, max-image-preview:large, max-video-preview:-1\" \/>\n<link rel=\"canonical\" href=\"https:\/\/vieassociative.be\/actualites\/commencez-lete-de-votre-enfant-avec-lun-de-ces-rituels\/\" \/>\n<meta property=\"og:locale\" content=\"fr_FR\" \/>\n<meta property=\"og:type\" content=\"article\" \/>\n<meta property=\"og:title\" content=\"Commencez l&#039;\u00e9t\u00e9 de votre enfant avec l&#039;un de ces rituels | Vie Associative\" \/>\n<meta property=\"og:description\" content=\"Aidez votre enfant \u00e0 faire la transition entre l\u2019\u00e9cole et l\u2019\u00e9t\u00e9 avec un rituel \u00e0 l\u2019ancienne. Bienvenue dans \u00ab Le meilleur \u00e9t\u00e9 de tous les\" \/>\n<meta property=\"og:url\" content=\"https:\/\/vieassociative.be\/actualites\/commencez-lete-de-votre-enfant-avec-lun-de-ces-rituels\/\" \/>\n<meta property=\"og:site_name\" content=\"Vie Associative\" \/>\n<meta property=\"article:published_time\" content=\"2024-09-22T13:31:11+00:00\" \/>\n<meta property=\"og:image\" content=\"https:\/\/vieassociative.be\/actualites\/wp-content\/uploads\/2024\/09\/header_backgroundk-01-e1726694325946.png\" \/>\n\t<meta property=\"og:image:width\" content=\"279\" \/>\n\t<meta property=\"og:image:height\" content=\"92\" \/>\n\t<meta property=\"og:image:type\" content=\"image\/png\" \/>\n<meta name=\"author\" content=\"Julien\" \/>\n<meta name=\"twitter:card\" content=\"summary_large_image\" \/>\n<meta name=\"twitter:label1\" content=\"\u00c9crit par\" \/>\n\t<meta name=\"twitter:data1\" content=\"Julien\" \/>\n\t<meta name=\"twitter:label2\" content=\"Dur\u00e9e de lecture est.\" \/>\n\t<meta name=\"twitter:data2\" content=\"8 minutes\" \/>\n<script type=\"application\/ld+json\" class=\"yoast-schema-graph\">{\"@context\":\"https:\/\/schema.org\",\"@graph\":[{\"@type\":\"Article\",\"@id\":\"https:\/\/vieassociative.be\/actualites\/commencez-lete-de-votre-enfant-avec-lun-de-ces-rituels\/#article\",\"isPartOf\":{\"@id\":\"https:\/\/vieassociative.be\/actualites\/commencez-lete-de-votre-enfant-avec-lun-de-ces-rituels\/\"},\"author\":{\"name\":\"Julien\",\"@id\":\"https:\/\/vieassociative.be\/actualites\/#\/schema\/person\/b87ac4f82f9d4e7b7cec7395b679edc4\"},\"headline\":\"Commencez l&rsquo;\u00e9t\u00e9 de votre enfant avec l&rsquo;un de ces rituels\",\"datePublished\":\"2024-09-22T13:31:11+00:00\",\"dateModified\":\"2024-09-22T13:31:11+00:00\",\"mainEntityOfPage\":{\"@id\":\"https:\/\/vieassociative.be\/actualites\/commencez-lete-de-votre-enfant-avec-lun-de-ces-rituels\/\"},\"wordCount\":1669,\"publisher\":{\"@id\":\"https:\/\/vieassociative.be\/actualites\/#organization\"},\"image\":{\"@id\":\"https:\/\/vieassociative.be\/actualites\/commencez-lete-de-votre-enfant-avec-lun-de-ces-rituels\/#primaryimage\"},\"thumbnailUrl\":\"https:\/\/vieassociative.be\/actualites\/wp-content\/uploads\/2024\/09\/Commencez-lete-de-votre-enfant-avec-lun-de-ces-rituels.png\",\"keywords\":[\"avec\",\"ces\",\"Commencez\",\"enfant\",\"l\u00e9t\u00e9\",\"lun\",\"rituels\",\"votre\"],\"articleSection\":[\"Famille\"],\"inLanguage\":\"fr-BE\"},{\"@type\":\"WebPage\",\"@id\":\"https:\/\/vieassociative.be\/actualites\/commencez-lete-de-votre-enfant-avec-lun-de-ces-rituels\/\",\"url\":\"https:\/\/vieassociative.be\/actualites\/commencez-lete-de-votre-enfant-avec-lun-de-ces-rituels\/\",\"name\":\"Commencez l'\u00e9t\u00e9 de votre enfant avec l'un de ces rituels | Vie Associative\",\"isPartOf\":{\"@id\":\"https:\/\/vieassociative.be\/actualites\/#website\"},\"primaryImageOfPage\":{\"@id\":\"https:\/\/vieassociative.be\/actualites\/commencez-lete-de-votre-enfant-avec-lun-de-ces-rituels\/#primaryimage\"},\"image\":{\"@id\":\"https:\/\/vieassociative.be\/actualites\/commencez-lete-de-votre-enfant-avec-lun-de-ces-rituels\/#primaryimage\"},\"thumbnailUrl\":\"https:\/\/vieassociative.be\/actualites\/wp-content\/uploads\/2024\/09\/Commencez-lete-de-votre-enfant-avec-lun-de-ces-rituels.png\",\"datePublished\":\"2024-09-22T13:31:11+00:00\",\"dateModified\":\"2024-09-22T13:31:11+00:00\",\"breadcrumb\":{\"@id\":\"https:\/\/vieassociative.be\/actualites\/commencez-lete-de-votre-enfant-avec-lun-de-ces-rituels\/#breadcrumb\"},\"inLanguage\":\"fr-BE\",\"potentialAction\":[{\"@type\":\"ReadAction\",\"target\":[\"https:\/\/vieassociative.be\/actualites\/commencez-lete-de-votre-enfant-avec-lun-de-ces-rituels\/\"]}]},{\"@type\":\"ImageObject\",\"inLanguage\":\"fr-BE\",\"@id\":\"https:\/\/vieassociative.be\/actualites\/commencez-lete-de-votre-enfant-avec-lun-de-ces-rituels\/#primaryimage\",\"url\":\"https:\/\/vieassociative.be\/actualites\/wp-content\/uploads\/2024\/09\/Commencez-lete-de-votre-enfant-avec-lun-de-ces-rituels.png\",\"contentUrl\":\"https:\/\/vieassociative.be\/actualites\/wp-content\/uploads\/2024\/09\/Commencez-lete-de-votre-enfant-avec-lun-de-ces-rituels.png\",\"width\":1200,\"height\":675,\"caption\":\"Commencez l'\u00e9t\u00e9 de votre enfant avec l'un de ces rituels\"},{\"@type\":\"BreadcrumbList\",\"@id\":\"https:\/\/vieassociative.be\/actualites\/commencez-lete-de-votre-enfant-avec-lun-de-ces-rituels\/#breadcrumb\",\"itemListElement\":[{\"@type\":\"ListItem\",\"position\":1,\"name\":\"Accueil\",\"item\":\"https:\/\/vieassociative.be\/actualites\/\"},{\"@type\":\"ListItem\",\"position\":2,\"name\":\"Commencez l&rsquo;\u00e9t\u00e9 de votre enfant avec l&rsquo;un de ces rituels\"}]},{\"@type\":\"WebSite\",\"@id\":\"https:\/\/vieassociative.be\/actualites\/#website\",\"url\":\"https:\/\/vieassociative.be\/actualites\/\",\"name\":\"Vie Associative\",\"description\":\"\",\"publisher\":{\"@id\":\"https:\/\/vieassociative.be\/actualites\/#organization\"},\"potentialAction\":[{\"@type\":\"SearchAction\",\"target\":{\"@type\":\"EntryPoint\",\"urlTemplate\":\"https:\/\/vieassociative.be\/actualites\/?s={search_term_string}\"},\"query-input\":{\"@type\":\"PropertyValueSpecification\",\"valueRequired\":true,\"valueName\":\"search_term_string\"}}],\"inLanguage\":\"fr-BE\"},{\"@type\":\"Organization\",\"@id\":\"https:\/\/vieassociative.be\/actualites\/#organization\",\"name\":\"Vie Associative\",\"url\":\"https:\/\/vieassociative.be\/actualites\/\",\"logo\":{\"@type\":\"ImageObject\",\"inLanguage\":\"fr-BE\",\"@id\":\"https:\/\/vieassociative.be\/actualites\/#\/schema\/logo\/image\/\",\"url\":\"https:\/\/vieassociative.be\/actualites\/wp-content\/uploads\/2024\/09\/cropped-vieassociative_favicon.ico.png\",\"contentUrl\":\"https:\/\/vieassociative.be\/actualites\/wp-content\/uploads\/2024\/09\/cropped-vieassociative_favicon.ico.png\",\"width\":512,\"height\":512,\"caption\":\"Vie Associative\"},\"image\":{\"@id\":\"https:\/\/vieassociative.be\/actualites\/#\/schema\/logo\/image\/\"}},{\"@type\":\"Person\",\"@id\":\"https:\/\/vieassociative.be\/actualites\/#\/schema\/person\/b87ac4f82f9d4e7b7cec7395b679edc4\",\"name\":\"Julien\",\"image\":{\"@type\":\"ImageObject\",\"inLanguage\":\"fr-BE\",\"@id\":\"https:\/\/vieassociative.be\/actualites\/#\/schema\/person\/image\/\",\"url\":\"https:\/\/vieassociative.be\/actualites\/wp-content\/uploads\/2024\/09\/vie-associative-1-150x150.jpg\",\"contentUrl\":\"https:\/\/vieassociative.be\/actualites\/wp-content\/uploads\/2024\/09\/vie-associative-1-150x150.jpg\",\"caption\":\"Julien\"},\"description\":\"Je suis Julien, r\u00e9dacteur pour Vie Associative. Passionn\u00e9 par le monde associatif depuis plus de 10 ans, j'ai \u00e0 c\u0153ur de partager des histoires inspirantes et de mettre en lumi\u00e8re les initiatives locales. Mon objectif est de sensibiliser et d'encourager l'engagement communautaire \u00e0 travers mes articles.\",\"sameAs\":[\"https:\/\/vieassociative.be\/\"]}]}<\/script>\n<!-- \/ Yoast SEO plugin. -->","yoast_head_json":{"title":"Commencez l'\u00e9t\u00e9 de votre enfant avec l'un de ces rituels | Vie Associative","robots":{"index":"index","follow":"follow","max-snippet":"max-snippet:-1","max-image-preview":"max-image-preview:large","max-video-preview":"max-video-preview:-1"},"canonical":"https:\/\/vieassociative.be\/actualites\/commencez-lete-de-votre-enfant-avec-lun-de-ces-rituels\/","og_locale":"fr_FR","og_type":"article","og_title":"Commencez l'\u00e9t\u00e9 de votre enfant avec l'un de ces rituels | Vie Associative","og_description":"Aidez votre enfant \u00e0 faire la transition entre l\u2019\u00e9cole et l\u2019\u00e9t\u00e9 avec un rituel \u00e0 l\u2019ancienne. Bienvenue dans \u00ab Le meilleur \u00e9t\u00e9 de tous les","og_url":"https:\/\/vieassociative.be\/actualites\/commencez-lete-de-votre-enfant-avec-lun-de-ces-rituels\/","og_site_name":"Vie Associative","article_published_time":"2024-09-22T13:31:11+00:00","og_image":[{"width":279,"height":92,"url":"https:\/\/vieassociative.be\/actualites\/wp-content\/uploads\/2024\/09\/header_backgroundk-01-e1726694325946.png","type":"image\/png"}],"author":"Julien","twitter_card":"summary_large_image","twitter_misc":{"\u00c9crit par":"Julien","Dur\u00e9e de lecture est.":"8 minutes"},"schema":{"@context":"https:\/\/schema.org","@graph":[{"@type":"Article","@id":"https:\/\/vieassociative.be\/actualites\/commencez-lete-de-votre-enfant-avec-lun-de-ces-rituels\/#article","isPartOf":{"@id":"https:\/\/vieassociative.be\/actualites\/commencez-lete-de-votre-enfant-avec-lun-de-ces-rituels\/"},"author":{"name":"Julien","@id":"https:\/\/vieassociative.be\/actualites\/#\/schema\/person\/b87ac4f82f9d4e7b7cec7395b679edc4"},"headline":"Commencez l&rsquo;\u00e9t\u00e9 de votre enfant avec l&rsquo;un de ces rituels","datePublished":"2024-09-22T13:31:11+00:00","dateModified":"2024-09-22T13:31:11+00:00","mainEntityOfPage":{"@id":"https:\/\/vieassociative.be\/actualites\/commencez-lete-de-votre-enfant-avec-lun-de-ces-rituels\/"},"wordCount":1669,"publisher":{"@id":"https:\/\/vieassociative.be\/actualites\/#organization"},"image":{"@id":"https:\/\/vieassociative.be\/actualites\/commencez-lete-de-votre-enfant-avec-lun-de-ces-rituels\/#primaryimage"},"thumbnailUrl":"https:\/\/vieassociative.be\/actualites\/wp-content\/uploads\/2024\/09\/Commencez-lete-de-votre-enfant-avec-lun-de-ces-rituels.png","keywords":["avec","ces","Commencez","enfant","l\u00e9t\u00e9","lun","rituels","votre"],"articleSection":["Famille"],"inLanguage":"fr-BE"},{"@type":"WebPage","@id":"https:\/\/vieassociative.be\/actualites\/commencez-lete-de-votre-enfant-avec-lun-de-ces-rituels\/","url":"https:\/\/vieassociative.be\/actualites\/commencez-lete-de-votre-enfant-avec-lun-de-ces-rituels\/","name":"Commencez l'\u00e9t\u00e9 de votre enfant avec l'un de ces rituels | Vie Associative","isPartOf":{"@id":"https:\/\/vieassociative.be\/actualites\/#website"},"primaryImageOfPage":{"@id":"https:\/\/vieassociative.be\/actualites\/commencez-lete-de-votre-enfant-avec-lun-de-ces-rituels\/#primaryimage"},"image":{"@id":"https:\/\/vieassociative.be\/actualites\/commencez-lete-de-votre-enfant-avec-lun-de-ces-rituels\/#primaryimage"},"thumbnailUrl":"https:\/\/vieassociative.be\/actualites\/wp-content\/uploads\/2024\/09\/Commencez-lete-de-votre-enfant-avec-lun-de-ces-rituels.png","datePublished":"2024-09-22T13:31:11+00:00","dateModified":"2024-09-22T13:31:11+00:00","breadcrumb":{"@id":"https:\/\/vieassociative.be\/actualites\/commencez-lete-de-votre-enfant-avec-lun-de-ces-rituels\/#breadcrumb"},"inLanguage":"fr-BE","potentialAction":[{"@type":"ReadAction","target":["https:\/\/vieassociative.be\/actualites\/commencez-lete-de-votre-enfant-avec-lun-de-ces-rituels\/"]}]},{"@type":"ImageObject","inLanguage":"fr-BE","@id":"https:\/\/vieassociative.be\/actualites\/commencez-lete-de-votre-enfant-avec-lun-de-ces-rituels\/#primaryimage","url":"https:\/\/vieassociative.be\/actualites\/wp-content\/uploads\/2024\/09\/Commencez-lete-de-votre-enfant-avec-lun-de-ces-rituels.png","contentUrl":"https:\/\/vieassociative.be\/actualites\/wp-content\/uploads\/2024\/09\/Commencez-lete-de-votre-enfant-avec-lun-de-ces-rituels.png","width":1200,"height":675,"caption":"Commencez l'\u00e9t\u00e9 de votre enfant avec l'un de ces rituels"},{"@type":"BreadcrumbList","@id":"https:\/\/vieassociative.be\/actualites\/commencez-lete-de-votre-enfant-avec-lun-de-ces-rituels\/#breadcrumb","itemListElement":[{"@type":"ListItem","position":1,"name":"Accueil","item":"https:\/\/vieassociative.be\/actualites\/"},{"@type":"ListItem","position":2,"name":"Commencez l&rsquo;\u00e9t\u00e9 de votre enfant avec l&rsquo;un de ces rituels"}]},{"@type":"WebSite","@id":"https:\/\/vieassociative.be\/actualites\/#website","url":"https:\/\/vieassociative.be\/actualites\/","name":"Vie Associative","description":"","publisher":{"@id":"https:\/\/vieassociative.be\/actualites\/#organization"},"potentialAction":[{"@type":"SearchAction","target":{"@type":"EntryPoint","urlTemplate":"https:\/\/vieassociative.be\/actualites\/?s={search_term_string}"},"query-input":{"@type":"PropertyValueSpecification","valueRequired":true,"valueName":"search_term_string"}}],"inLanguage":"fr-BE"},{"@type":"Organization","@id":"https:\/\/vieassociative.be\/actualites\/#organization","name":"Vie Associative","url":"https:\/\/vieassociative.be\/actualites\/","logo":{"@type":"ImageObject","inLanguage":"fr-BE","@id":"https:\/\/vieassociative.be\/actualites\/#\/schema\/logo\/image\/","url":"https:\/\/vieassociative.be\/actualites\/wp-content\/uploads\/2024\/09\/cropped-vieassociative_favicon.ico.png","contentUrl":"https:\/\/vieassociative.be\/actualites\/wp-content\/uploads\/2024\/09\/cropped-vieassociative_favicon.ico.png","width":512,"height":512,"caption":"Vie Associative"},"image":{"@id":"https:\/\/vieassociative.be\/actualites\/#\/schema\/logo\/image\/"}},{"@type":"Person","@id":"https:\/\/vieassociative.be\/actualites\/#\/schema\/person\/b87ac4f82f9d4e7b7cec7395b679edc4","name":"Julien","image":{"@type":"ImageObject","inLanguage":"fr-BE","@id":"https:\/\/vieassociative.be\/actualites\/#\/schema\/person\/image\/","url":"https:\/\/vieassociative.be\/actualites\/wp-content\/uploads\/2024\/09\/vie-associative-1-150x150.jpg","contentUrl":"https:\/\/vieassociative.be\/actualites\/wp-content\/uploads\/2024\/09\/vie-associative-1-150x150.jpg","caption":"Julien"},"description":"Je suis Julien, r\u00e9dacteur pour Vie Associative. Passionn\u00e9 par le monde associatif depuis plus de 10 ans, j'ai \u00e0 c\u0153ur de partager des histoires inspirantes et de mettre en lumi\u00e8re les initiatives locales. Mon objectif est de sensibiliser et d'encourager l'engagement communautaire \u00e0 travers mes articles.","sameAs":["https:\/\/vieassociative.be\/"]}]}},"_links":{"self":[{"href":"https:\/\/vieassociative.be\/actualites\/wp-json\/wp\/v2\/posts\/313"}],"collection":[{"href":"https:\/\/vieassociative.be\/actualites\/wp-json\/wp\/v2\/posts"}],"about":[{"href":"https:\/\/vieassociative.be\/actualites\/wp-json\/wp\/v2\/types\/post"}],"author":[{"embeddable":true,"href":"https:\/\/vieassociative.be\/actualites\/wp-json\/wp\/v2\/users\/1"}],"replies":[{"embeddable":true,"href":"https:\/\/vieassociative.be\/actualites\/wp-json\/wp\/v2\/comments?post=313"}],"version-history":[{"count":0,"href":"https:\/\/vieassociative.be\/actualites\/wp-json\/wp\/v2\/posts\/313\/revisions"}],"wp:featuredmedia":[{"embeddable":true,"href":"https:\/\/vieassociative.be\/actualites\/wp-json\/wp\/v2\/media\/314"}],"wp:attachment":[{"href":"https:\/\/vieassociative.be\/actualites\/wp-json\/wp\/v2\/media?parent=313"}],"wp:term":[{"taxonomy":"category","embeddable":true,"href":"https:\/\/vieassociative.be\/actualites\/wp-json\/wp\/v2\/categories?post=313"},{"taxonomy":"post_tag","embeddable":true,"href":"https:\/\/vieassociative.be\/actualites\/wp-json\/wp\/v2\/tags?post=313"}],"curies":[{"name":"wp","href":"https:\/\/api.w.org\/{rel}","templated":true}]}}