{"id":3120,"date":"2024-12-06T14:17:03","date_gmt":"2024-12-06T13:17:03","guid":{"rendered":"https:\/\/vieassociative.be\/actualites\/votre-google-pixel-pourrait-ignorer-sa-limite-de-charge\/"},"modified":"2024-12-06T14:17:03","modified_gmt":"2024-12-06T13:17:03","slug":"votre-google-pixel-pourrait-ignorer-sa-limite-de-charge","status":"publish","type":"post","link":"https:\/\/vieassociative.be\/actualites\/votre-google-pixel-pourrait-ignorer-sa-limite-de-charge\/","title":{"rendered":"Votre Google Pixel pourrait ignorer sa limite de charge"},"content":{"rendered":"<div class=\"mt-4 leading-6 md:mb-8\">Parfois, charger \u00e0 100\u00a0% est une fonctionnalit\u00e9 et non un bug.<\/div>\n<p><\/p>\n<p>Google a r\u00e9cemment ajout\u00e9 des limites de charge aux t\u00e9l\u00e9phones Pixel, permettant aux utilisateurs d&#8217;emp\u00eacher leurs appareils de se charger au-del\u00e0 de 80 % dans le but de pr\u00e9server la sant\u00e9 de la batterie \u00e0 long terme. Extraire jusqu&rsquo;\u00e0 100\u00a0% \u00e0 chaque fois peut d\u00e9grader la batterie et r\u00e9duire sa dur\u00e9e de vie, mais parfois, votre Pixel se chargera quand m\u00eame \u00e0 100\u00a0%, m\u00eame si vous avez d\u00e9fini une limite de 80\u00a0%. En effet, votre appareil a parfois besoin d&rsquo;une charge compl\u00e8te pour calibrer sa capacit\u00e9 et estimer avec pr\u00e9cision la dur\u00e9e de vie de la batterie. (Apple a un d\u00e9passement de limite de charge sur ses appareils dans le m\u00eame but.) <\/p>\n<p>Si votre Pixel ignore la limite de charge qui vous est assign\u00e9e, il s&rsquo;agit d&rsquo;une fonctionnalit\u00e9 et non d&rsquo;un bug. Mais vous pouvez (et devriez probablement) utiliser les param\u00e8tres d&rsquo;optimisation de la batterie si vous ne voulez pas d\u00e9j\u00e0 garder votre batterie en bonne sant\u00e9 le plus longtemps possible. <\/p>\n<h2 id=\"how-to-change-charging-limits-on-your-pixel\">Comment modifier les limites de charge sur votre Pixel<\/h2>\n<p>Pour d\u00e9finir (ou d\u00e9sactiver) la limite de charge de 80\u00a0% sur votre Pixel, acc\u00e9dez \u00e0 <strong>Param\u00e8tres > Batterie > Optimisation de la charge<\/strong>. Activez l&rsquo;optimisation de la charge, puis s\u00e9lectionnez <strong>Limit\u00e9 \u00e0 80\u00a0%<\/strong>. Vous pouvez \u00e9galement opter pour une charge adaptative, qui s&rsquo;arr\u00eatera \u00e0 80 % mais se rechargera ensuite jusqu&rsquo;\u00e0 100 % \u00ab avant de d\u00e9brancher normalement \u00bb. <\/p>\n<p>Les iPhones ont une fonctionnalit\u00e9 similaire : ceux des appareils plus anciens peuvent choisir une limite de 80 % ou une \u00ab charge de batterie optimis\u00e9e \u00bb, qui se charge en fonction de vos habitudes d&rsquo;utilisation. Toute personne poss\u00e9dant un mod\u00e8le d\u2019iPhone 15 ou version ult\u00e9rieure peut obtenir plus de pr\u00e9cision, avec des limites de charge \u00e0 80\u00a0%, 85\u00a0%, 90\u00a0% ou 95\u00a0%. Aller \u00e0 <strong>Param\u00e8tres > Batterie > Chargement<\/strong> pour ajuster vos options. <\/p>\n","protected":false},"excerpt":{"rendered":"<p>Parfois, charger \u00e0 100\u00a0% est une fonctionnalit\u00e9 et non un bug. Google a r\u00e9cemment ajout\u00e9 des limites de charge aux t\u00e9l\u00e9phones Pixel, permettant aux utilisateurs<\/p>\n","protected":false},"author":1,"featured_media":3121,"comment_status":"","ping_status":"","sticky":false,"template":"","format":"standard","meta":{"footnotes":""},"categories":[13],"tags":[3135,968,3811,1640,1278,1041,8],"class_list":["post-3120","post","type-post","status-publish","format-standard","has-post-thumbnail","hentry","category-technologie","tag-charge","tag-google","tag-ignorer","tag-limite","tag-pixel","tag-pourrait","tag-votre","generate-columns","tablet-grid-50","mobile-grid-100","grid-parent","grid-33"],"yoast_head":"<!-- This site is optimized with the Yoast SEO plugin v24.0 - https:\/\/yoast.com\/wordpress\/plugins\/seo\/ -->\n<title>Votre Google Pixel pourrait ignorer sa limite de charge | Vie Associative<\/title>\n<meta name=\"robots\" content=\"index, follow, max-snippet:-1, max-image-preview:large, max-video-preview:-1\" \/>\n<link rel=\"canonical\" href=\"https:\/\/vieassociative.be\/actualites\/votre-google-pixel-pourrait-ignorer-sa-limite-de-charge\/\" \/>\n<meta property=\"og:locale\" content=\"fr_FR\" \/>\n<meta property=\"og:type\" content=\"article\" \/>\n<meta property=\"og:title\" content=\"Votre Google Pixel pourrait ignorer sa limite de charge | Vie Associative\" \/>\n<meta property=\"og:description\" content=\"Parfois, charger \u00e0 100\u00a0% est une fonctionnalit\u00e9 et non un bug. Google a r\u00e9cemment ajout\u00e9 des limites de charge aux t\u00e9l\u00e9phones Pixel, permettant aux utilisateurs\" \/>\n<meta property=\"og:url\" content=\"https:\/\/vieassociative.be\/actualites\/votre-google-pixel-pourrait-ignorer-sa-limite-de-charge\/\" \/>\n<meta property=\"og:site_name\" content=\"Vie Associative\" \/>\n<meta property=\"article:published_time\" content=\"2024-12-06T13:17:03+00:00\" \/>\n<meta property=\"og:image\" content=\"https:\/\/vieassociative.be\/actualites\/wp-content\/uploads\/2024\/09\/header_backgroundk-01-e1726694325946.png\" \/>\n\t<meta property=\"og:image:width\" content=\"279\" \/>\n\t<meta property=\"og:image:height\" content=\"92\" \/>\n\t<meta property=\"og:image:type\" content=\"image\/png\" \/>\n<meta name=\"author\" content=\"Julien\" \/>\n<meta name=\"twitter:card\" content=\"summary_large_image\" \/>\n<meta name=\"twitter:label1\" content=\"\u00c9crit par\" \/>\n\t<meta name=\"twitter:data1\" content=\"Julien\" \/>\n\t<meta name=\"twitter:label2\" content=\"Dur\u00e9e de lecture est.\" \/>\n\t<meta name=\"twitter:data2\" content=\"2 minutes\" \/>\n<script type=\"application\/ld+json\" class=\"yoast-schema-graph\">{\"@context\":\"https:\/\/schema.org\",\"@graph\":[{\"@type\":\"Article\",\"@id\":\"https:\/\/vieassociative.be\/actualites\/votre-google-pixel-pourrait-ignorer-sa-limite-de-charge\/#article\",\"isPartOf\":{\"@id\":\"https:\/\/vieassociative.be\/actualites\/votre-google-pixel-pourrait-ignorer-sa-limite-de-charge\/\"},\"author\":{\"name\":\"Julien\",\"@id\":\"https:\/\/vieassociative.be\/actualites\/#\/schema\/person\/b87ac4f82f9d4e7b7cec7395b679edc4\"},\"headline\":\"Votre Google Pixel pourrait ignorer sa limite de charge\",\"datePublished\":\"2024-12-06T13:17:03+00:00\",\"dateModified\":\"2024-12-06T13:17:03+00:00\",\"mainEntityOfPage\":{\"@id\":\"https:\/\/vieassociative.be\/actualites\/votre-google-pixel-pourrait-ignorer-sa-limite-de-charge\/\"},\"wordCount\":327,\"publisher\":{\"@id\":\"https:\/\/vieassociative.be\/actualites\/#organization\"},\"image\":{\"@id\":\"https:\/\/vieassociative.be\/actualites\/votre-google-pixel-pourrait-ignorer-sa-limite-de-charge\/#primaryimage\"},\"thumbnailUrl\":\"https:\/\/vieassociative.be\/actualites\/wp-content\/uploads\/2024\/12\/Votre-Google-Pixel-pourrait-ignorer-sa-limite-de-charge.png\",\"keywords\":[\"charge\",\"Google\",\"ignorer\",\"limite\",\"Pixel\",\"pourrait\",\"votre\"],\"articleSection\":[\"Technologie\"],\"inLanguage\":\"fr-BE\"},{\"@type\":\"WebPage\",\"@id\":\"https:\/\/vieassociative.be\/actualites\/votre-google-pixel-pourrait-ignorer-sa-limite-de-charge\/\",\"url\":\"https:\/\/vieassociative.be\/actualites\/votre-google-pixel-pourrait-ignorer-sa-limite-de-charge\/\",\"name\":\"Votre Google Pixel pourrait ignorer sa limite de charge | Vie Associative\",\"isPartOf\":{\"@id\":\"https:\/\/vieassociative.be\/actualites\/#website\"},\"primaryImageOfPage\":{\"@id\":\"https:\/\/vieassociative.be\/actualites\/votre-google-pixel-pourrait-ignorer-sa-limite-de-charge\/#primaryimage\"},\"image\":{\"@id\":\"https:\/\/vieassociative.be\/actualites\/votre-google-pixel-pourrait-ignorer-sa-limite-de-charge\/#primaryimage\"},\"thumbnailUrl\":\"https:\/\/vieassociative.be\/actualites\/wp-content\/uploads\/2024\/12\/Votre-Google-Pixel-pourrait-ignorer-sa-limite-de-charge.png\",\"datePublished\":\"2024-12-06T13:17:03+00:00\",\"dateModified\":\"2024-12-06T13:17:03+00:00\",\"breadcrumb\":{\"@id\":\"https:\/\/vieassociative.be\/actualites\/votre-google-pixel-pourrait-ignorer-sa-limite-de-charge\/#breadcrumb\"},\"inLanguage\":\"fr-BE\",\"potentialAction\":[{\"@type\":\"ReadAction\",\"target\":[\"https:\/\/vieassociative.be\/actualites\/votre-google-pixel-pourrait-ignorer-sa-limite-de-charge\/\"]}]},{\"@type\":\"ImageObject\",\"inLanguage\":\"fr-BE\",\"@id\":\"https:\/\/vieassociative.be\/actualites\/votre-google-pixel-pourrait-ignorer-sa-limite-de-charge\/#primaryimage\",\"url\":\"https:\/\/vieassociative.be\/actualites\/wp-content\/uploads\/2024\/12\/Votre-Google-Pixel-pourrait-ignorer-sa-limite-de-charge.png\",\"contentUrl\":\"https:\/\/vieassociative.be\/actualites\/wp-content\/uploads\/2024\/12\/Votre-Google-Pixel-pourrait-ignorer-sa-limite-de-charge.png\",\"width\":1200,\"height\":675,\"caption\":\"Votre Google Pixel pourrait ignorer sa limite de charge\"},{\"@type\":\"BreadcrumbList\",\"@id\":\"https:\/\/vieassociative.be\/actualites\/votre-google-pixel-pourrait-ignorer-sa-limite-de-charge\/#breadcrumb\",\"itemListElement\":[{\"@type\":\"ListItem\",\"position\":1,\"name\":\"Accueil\",\"item\":\"https:\/\/vieassociative.be\/actualites\/\"},{\"@type\":\"ListItem\",\"position\":2,\"name\":\"Votre Google Pixel pourrait ignorer sa limite de charge\"}]},{\"@type\":\"WebSite\",\"@id\":\"https:\/\/vieassociative.be\/actualites\/#website\",\"url\":\"https:\/\/vieassociative.be\/actualites\/\",\"name\":\"Vie Associative\",\"description\":\"\",\"publisher\":{\"@id\":\"https:\/\/vieassociative.be\/actualites\/#organization\"},\"potentialAction\":[{\"@type\":\"SearchAction\",\"target\":{\"@type\":\"EntryPoint\",\"urlTemplate\":\"https:\/\/vieassociative.be\/actualites\/?s={search_term_string}\"},\"query-input\":{\"@type\":\"PropertyValueSpecification\",\"valueRequired\":true,\"valueName\":\"search_term_string\"}}],\"inLanguage\":\"fr-BE\"},{\"@type\":\"Organization\",\"@id\":\"https:\/\/vieassociative.be\/actualites\/#organization\",\"name\":\"Vie Associative\",\"url\":\"https:\/\/vieassociative.be\/actualites\/\",\"logo\":{\"@type\":\"ImageObject\",\"inLanguage\":\"fr-BE\",\"@id\":\"https:\/\/vieassociative.be\/actualites\/#\/schema\/logo\/image\/\",\"url\":\"https:\/\/vieassociative.be\/actualites\/wp-content\/uploads\/2024\/09\/cropped-vieassociative_favicon.ico.png\",\"contentUrl\":\"https:\/\/vieassociative.be\/actualites\/wp-content\/uploads\/2024\/09\/cropped-vieassociative_favicon.ico.png\",\"width\":512,\"height\":512,\"caption\":\"Vie Associative\"},\"image\":{\"@id\":\"https:\/\/vieassociative.be\/actualites\/#\/schema\/logo\/image\/\"}},{\"@type\":\"Person\",\"@id\":\"https:\/\/vieassociative.be\/actualites\/#\/schema\/person\/b87ac4f82f9d4e7b7cec7395b679edc4\",\"name\":\"Julien\",\"image\":{\"@type\":\"ImageObject\",\"inLanguage\":\"fr-BE\",\"@id\":\"https:\/\/vieassociative.be\/actualites\/#\/schema\/person\/image\/\",\"url\":\"https:\/\/vieassociative.be\/actualites\/wp-content\/uploads\/2024\/09\/vie-associative-1-150x150.jpg\",\"contentUrl\":\"https:\/\/vieassociative.be\/actualites\/wp-content\/uploads\/2024\/09\/vie-associative-1-150x150.jpg\",\"caption\":\"Julien\"},\"description\":\"Je suis Julien, r\u00e9dacteur pour Vie Associative. Passionn\u00e9 par le monde associatif depuis plus de 10 ans, j'ai \u00e0 c\u0153ur de partager des histoires inspirantes et de mettre en lumi\u00e8re les initiatives locales. Mon objectif est de sensibiliser et d'encourager l'engagement communautaire \u00e0 travers mes articles.\",\"sameAs\":[\"https:\/\/vieassociative.be\/\"]}]}<\/script>\n<!-- \/ Yoast SEO plugin. -->","yoast_head_json":{"title":"Votre Google Pixel pourrait ignorer sa limite de charge | Vie Associative","robots":{"index":"index","follow":"follow","max-snippet":"max-snippet:-1","max-image-preview":"max-image-preview:large","max-video-preview":"max-video-preview:-1"},"canonical":"https:\/\/vieassociative.be\/actualites\/votre-google-pixel-pourrait-ignorer-sa-limite-de-charge\/","og_locale":"fr_FR","og_type":"article","og_title":"Votre Google Pixel pourrait ignorer sa limite de charge | Vie Associative","og_description":"Parfois, charger \u00e0 100\u00a0% est une fonctionnalit\u00e9 et non un bug. Google a r\u00e9cemment ajout\u00e9 des limites de charge aux t\u00e9l\u00e9phones Pixel, permettant aux utilisateurs","og_url":"https:\/\/vieassociative.be\/actualites\/votre-google-pixel-pourrait-ignorer-sa-limite-de-charge\/","og_site_name":"Vie Associative","article_published_time":"2024-12-06T13:17:03+00:00","og_image":[{"width":279,"height":92,"url":"https:\/\/vieassociative.be\/actualites\/wp-content\/uploads\/2024\/09\/header_backgroundk-01-e1726694325946.png","type":"image\/png"}],"author":"Julien","twitter_card":"summary_large_image","twitter_misc":{"\u00c9crit par":"Julien","Dur\u00e9e de lecture est.":"2 minutes"},"schema":{"@context":"https:\/\/schema.org","@graph":[{"@type":"Article","@id":"https:\/\/vieassociative.be\/actualites\/votre-google-pixel-pourrait-ignorer-sa-limite-de-charge\/#article","isPartOf":{"@id":"https:\/\/vieassociative.be\/actualites\/votre-google-pixel-pourrait-ignorer-sa-limite-de-charge\/"},"author":{"name":"Julien","@id":"https:\/\/vieassociative.be\/actualites\/#\/schema\/person\/b87ac4f82f9d4e7b7cec7395b679edc4"},"headline":"Votre Google Pixel pourrait ignorer sa limite de charge","datePublished":"2024-12-06T13:17:03+00:00","dateModified":"2024-12-06T13:17:03+00:00","mainEntityOfPage":{"@id":"https:\/\/vieassociative.be\/actualites\/votre-google-pixel-pourrait-ignorer-sa-limite-de-charge\/"},"wordCount":327,"publisher":{"@id":"https:\/\/vieassociative.be\/actualites\/#organization"},"image":{"@id":"https:\/\/vieassociative.be\/actualites\/votre-google-pixel-pourrait-ignorer-sa-limite-de-charge\/#primaryimage"},"thumbnailUrl":"https:\/\/vieassociative.be\/actualites\/wp-content\/uploads\/2024\/12\/Votre-Google-Pixel-pourrait-ignorer-sa-limite-de-charge.png","keywords":["charge","Google","ignorer","limite","Pixel","pourrait","votre"],"articleSection":["Technologie"],"inLanguage":"fr-BE"},{"@type":"WebPage","@id":"https:\/\/vieassociative.be\/actualites\/votre-google-pixel-pourrait-ignorer-sa-limite-de-charge\/","url":"https:\/\/vieassociative.be\/actualites\/votre-google-pixel-pourrait-ignorer-sa-limite-de-charge\/","name":"Votre Google Pixel pourrait ignorer sa limite de charge | Vie Associative","isPartOf":{"@id":"https:\/\/vieassociative.be\/actualites\/#website"},"primaryImageOfPage":{"@id":"https:\/\/vieassociative.be\/actualites\/votre-google-pixel-pourrait-ignorer-sa-limite-de-charge\/#primaryimage"},"image":{"@id":"https:\/\/vieassociative.be\/actualites\/votre-google-pixel-pourrait-ignorer-sa-limite-de-charge\/#primaryimage"},"thumbnailUrl":"https:\/\/vieassociative.be\/actualites\/wp-content\/uploads\/2024\/12\/Votre-Google-Pixel-pourrait-ignorer-sa-limite-de-charge.png","datePublished":"2024-12-06T13:17:03+00:00","dateModified":"2024-12-06T13:17:03+00:00","breadcrumb":{"@id":"https:\/\/vieassociative.be\/actualites\/votre-google-pixel-pourrait-ignorer-sa-limite-de-charge\/#breadcrumb"},"inLanguage":"fr-BE","potentialAction":[{"@type":"ReadAction","target":["https:\/\/vieassociative.be\/actualites\/votre-google-pixel-pourrait-ignorer-sa-limite-de-charge\/"]}]},{"@type":"ImageObject","inLanguage":"fr-BE","@id":"https:\/\/vieassociative.be\/actualites\/votre-google-pixel-pourrait-ignorer-sa-limite-de-charge\/#primaryimage","url":"https:\/\/vieassociative.be\/actualites\/wp-content\/uploads\/2024\/12\/Votre-Google-Pixel-pourrait-ignorer-sa-limite-de-charge.png","contentUrl":"https:\/\/vieassociative.be\/actualites\/wp-content\/uploads\/2024\/12\/Votre-Google-Pixel-pourrait-ignorer-sa-limite-de-charge.png","width":1200,"height":675,"caption":"Votre Google Pixel pourrait ignorer sa limite de charge"},{"@type":"BreadcrumbList","@id":"https:\/\/vieassociative.be\/actualites\/votre-google-pixel-pourrait-ignorer-sa-limite-de-charge\/#breadcrumb","itemListElement":[{"@type":"ListItem","position":1,"name":"Accueil","item":"https:\/\/vieassociative.be\/actualites\/"},{"@type":"ListItem","position":2,"name":"Votre Google Pixel pourrait ignorer sa limite de charge"}]},{"@type":"WebSite","@id":"https:\/\/vieassociative.be\/actualites\/#website","url":"https:\/\/vieassociative.be\/actualites\/","name":"Vie Associative","description":"","publisher":{"@id":"https:\/\/vieassociative.be\/actualites\/#organization"},"potentialAction":[{"@type":"SearchAction","target":{"@type":"EntryPoint","urlTemplate":"https:\/\/vieassociative.be\/actualites\/?s={search_term_string}"},"query-input":{"@type":"PropertyValueSpecification","valueRequired":true,"valueName":"search_term_string"}}],"inLanguage":"fr-BE"},{"@type":"Organization","@id":"https:\/\/vieassociative.be\/actualites\/#organization","name":"Vie Associative","url":"https:\/\/vieassociative.be\/actualites\/","logo":{"@type":"ImageObject","inLanguage":"fr-BE","@id":"https:\/\/vieassociative.be\/actualites\/#\/schema\/logo\/image\/","url":"https:\/\/vieassociative.be\/actualites\/wp-content\/uploads\/2024\/09\/cropped-vieassociative_favicon.ico.png","contentUrl":"https:\/\/vieassociative.be\/actualites\/wp-content\/uploads\/2024\/09\/cropped-vieassociative_favicon.ico.png","width":512,"height":512,"caption":"Vie Associative"},"image":{"@id":"https:\/\/vieassociative.be\/actualites\/#\/schema\/logo\/image\/"}},{"@type":"Person","@id":"https:\/\/vieassociative.be\/actualites\/#\/schema\/person\/b87ac4f82f9d4e7b7cec7395b679edc4","name":"Julien","image":{"@type":"ImageObject","inLanguage":"fr-BE","@id":"https:\/\/vieassociative.be\/actualites\/#\/schema\/person\/image\/","url":"https:\/\/vieassociative.be\/actualites\/wp-content\/uploads\/2024\/09\/vie-associative-1-150x150.jpg","contentUrl":"https:\/\/vieassociative.be\/actualites\/wp-content\/uploads\/2024\/09\/vie-associative-1-150x150.jpg","caption":"Julien"},"description":"Je suis Julien, r\u00e9dacteur pour Vie Associative. Passionn\u00e9 par le monde associatif depuis plus de 10 ans, j'ai \u00e0 c\u0153ur de partager des histoires inspirantes et de mettre en lumi\u00e8re les initiatives locales. Mon objectif est de sensibiliser et d'encourager l'engagement communautaire \u00e0 travers mes articles.","sameAs":["https:\/\/vieassociative.be\/"]}]}},"_links":{"self":[{"href":"https:\/\/vieassociative.be\/actualites\/wp-json\/wp\/v2\/posts\/3120"}],"collection":[{"href":"https:\/\/vieassociative.be\/actualites\/wp-json\/wp\/v2\/posts"}],"about":[{"href":"https:\/\/vieassociative.be\/actualites\/wp-json\/wp\/v2\/types\/post"}],"author":[{"embeddable":true,"href":"https:\/\/vieassociative.be\/actualites\/wp-json\/wp\/v2\/users\/1"}],"replies":[{"embeddable":true,"href":"https:\/\/vieassociative.be\/actualites\/wp-json\/wp\/v2\/comments?post=3120"}],"version-history":[{"count":0,"href":"https:\/\/vieassociative.be\/actualites\/wp-json\/wp\/v2\/posts\/3120\/revisions"}],"wp:featuredmedia":[{"embeddable":true,"href":"https:\/\/vieassociative.be\/actualites\/wp-json\/wp\/v2\/media\/3121"}],"wp:attachment":[{"href":"https:\/\/vieassociative.be\/actualites\/wp-json\/wp\/v2\/media?parent=3120"}],"wp:term":[{"taxonomy":"category","embeddable":true,"href":"https:\/\/vieassociative.be\/actualites\/wp-json\/wp\/v2\/categories?post=3120"},{"taxonomy":"post_tag","embeddable":true,"href":"https:\/\/vieassociative.be\/actualites\/wp-json\/wp\/v2\/tags?post=3120"}],"curies":[{"name":"wp","href":"https:\/\/api.w.org\/{rel}","templated":true}]}}