{"id":3113,"date":"2024-12-06T09:17:11","date_gmt":"2024-12-06T08:17:11","guid":{"rendered":"https:\/\/vieassociative.be\/actualites\/lest-de-la-belgique-a-fete-son-champion-du-monde-galerie-photo\/"},"modified":"2024-12-06T09:17:11","modified_gmt":"2024-12-06T08:17:11","slug":"lest-de-la-belgique-a-fete-son-champion-du-monde-galerie-photo","status":"publish","type":"post","link":"https:\/\/vieassociative.be\/actualites\/lest-de-la-belgique-a-fete-son-champion-du-monde-galerie-photo\/","title":{"rendered":"L&rsquo;Est de la Belgique a f\u00eat\u00e9 son champion du monde (galerie photo)"},"content":{"rendered":"<p><strong>Le 24 novembre, le pilote WRC de l&rsquo;Est de la Belgique, Thierry Neuville, a remport\u00e9 le titre mondial dans la cat\u00e9gorie reine des rallyes au Japon et a provoqu\u00e9 une temp\u00eate d&rsquo;enthousiasme. Mercredi soir, le champion du monde et son copilote Martijn Wydaeghe ont \u00e9t\u00e9 c\u00e9l\u00e9br\u00e9s au centre culturel, de conf\u00e9rence et d&rsquo;exposition Triangel de St. Vither. Plus de 2 000 personnes ont assist\u00e9 \u00e0 la r\u00e9ception (voir GALERIE DE PHOTOS ci-dessous).<\/strong><\/p>\n<p><span id=\"more-403356\"><\/span>La DG du gouvernement, la ville de Saint-Vith et le Club des Supporters Officiels de Thierry Neuville (OTNSC) de Saint-Vith avaient \u00e9t\u00e9 invit\u00e9s. \u00abLa Communaut\u00e9 germanophone a son champion du monde\u00bb, se r\u00e9jouit le Premier ministre Oliver Paasch. \u00ab\u00a0Tout l&rsquo;Est de la Belgique a fait la f\u00eate avec Thierry.\u00a0\u00bb<\/p>\n<p>M\u00eame si Thierry Neuville savait qu&rsquo;il recevrait un grand accueil dans sa ville natale, il a admis qu&rsquo;il ne s&rsquo;attendait pas \u00e0 ce que son titre de Coupe du monde suscite un tel enthousiasme.<\/p>\n<div id=\"attachment_403361\" class=\"wp-caption alignleft\" style=\"max-width: 300px\"><img fetchpriority=\"high\" decoding=\"async\" class=\"wp-image-403361 size-medium\" src=\"https:\/\/vieassociative.be\/actualites\/wp-content\/uploads\/2024\/12\/LEst-de-la-Belgique-a-fete-son-champion-du-monde.jpg\" alt=\"\" width=\"300\" height=\"200\"><\/p>\n<p class=\"wp-caption-text\">Le champion du monde des rallyes Thierry Neuville (si vous regardez bien, vous pouvez le voir en plein milieu de la photo) nageant dans la foule mercredi soir dans le Triangle de Saint-Vither. Photo : Patrick von Staufenberg<\/p>\n<\/div>\n<p>Son copilote Martijn Wydaeghe a \u00e9galement \u00e9t\u00e9 surpris par le grand nombre de spectateurs et l&rsquo;enthousiasme des supporters.<\/p>\n<p>Lorsque la nouvelle saison d\u00e9butera en janvier 2025 avec le Rallye de Monte-Carlo, il est possible que davantage de fans qu&rsquo;auparavant suivront la mani\u00e8re dont Thierry Neuville, originaire de H\u00fcnningen pr\u00e8s de Saint-Vith, a accompli sa mission de d\u00e9fense de son titre. Il a d\u00e9j\u00e0 \u00e9t\u00e9 vice-champion du monde \u00e0 cinq reprises au cours des dix derni\u00e8res ann\u00e9es, mais devenir champion du monde est l&rsquo;exploit ultime.<\/p>\n<p>Neuville a remerci\u00e9 tous ceux qui ont rendu ce r\u00eave possible. \u00ab\u00a0Je suis plus motiv\u00e9 que jamais, le titre nous aidera \u00e0 d\u00e9marrer la nouvelle saison avec moins de pression\u00a0\u00bb, a-t-il d\u00e9clar\u00e9, exprimant qu&rsquo;il se sent tr\u00e8s li\u00e9 \u00e0 l&rsquo;Est de la Belgique et qu&rsquo;il est fier de sa r\u00e9gion d&rsquo;origine.<\/p>\n<p>Neuville est \u00e9galement inscrit au Livre d&rsquo;Or de la ville de Saint-Vith. En plus des interviews et des d\u00e9clarations sur sc\u00e8ne du pr\u00e9sentateur Heike Verheggen, il y avait des actes live tels que la formation de St. Vither Scars on Louise et des garanties d&rsquo;ambiance telles que De Belsch Jecke et DJ Stereonight. Entre-temps, la garde de danse de Saint-Vith \u00ab Vegder Diddeld\u00f6ppcher \u00bb s&rsquo;est produite. Une s\u00e9ance d&rsquo;autographes ne doit pas non plus \u00eatre manqu\u00e9e. (cr\u00e9er)<\/p>\n<p><em><strong>Vous trouverez ci-dessous une GALERIE DE PHOTOS avec des photos du photographe Patrick von Staufenberg prises lors de la c\u00e9l\u00e9bration dans le Triangle de Saint-Vither pour le champion du monde des rallyes Thierry Neuville. Cliquez sur l&rsquo;image pour l&rsquo;agrandir. Pour passer d&rsquo;une image \u00e0 l&rsquo;autre, il suffit de cliquer sur la fl\u00e8che situ\u00e9e \u00e0 droite de l&rsquo;image :<\/strong><\/em><\/p>\n<div class=\"wp-gallery row\">\n<figure class=\"column small-6 medium-3 end\"><img decoding=\"async\" src=\"https:\/\/vieassociative.be\/actualites\/wp-content\/uploads\/2024\/12\/1733473029_24_LEst-de-la-Belgique-a-fete-son-champion-du-monde.jpg\" width=\"159\" height=\"159\" alt=\"\"><\/figure>\n<figure class=\"column small-6 medium-3 end\"><img decoding=\"async\" src=\"https:\/\/vieassociative.be\/actualites\/wp-content\/uploads\/2024\/12\/1733473029_981_LEst-de-la-Belgique-a-fete-son-champion-du-monde.jpg\" width=\"159\" height=\"159\" alt=\"\"><\/figure>\n<figure class=\"column small-6 medium-3 end\"><img loading=\"lazy\" decoding=\"async\" src=\"https:\/\/vieassociative.be\/actualites\/wp-content\/uploads\/2024\/12\/1733473029_837_LEst-de-la-Belgique-a-fete-son-champion-du-monde.jpg\" width=\"159\" height=\"159\" alt=\"\"><\/figure>\n<figure class=\"column small-6 medium-3 end\"><img loading=\"lazy\" decoding=\"async\" src=\"https:\/\/vieassociative.be\/actualites\/wp-content\/uploads\/2024\/12\/1733473029_427_LEst-de-la-Belgique-a-fete-son-champion-du-monde.jpg\" width=\"159\" height=\"159\" alt=\"\"><\/figure>\n<figure class=\"column small-6 medium-3 end\"><img loading=\"lazy\" decoding=\"async\" src=\"https:\/\/vieassociative.be\/actualites\/wp-content\/uploads\/2024\/12\/1733473029_119_LEst-de-la-Belgique-a-fete-son-champion-du-monde.jpg\" width=\"159\" height=\"159\" alt=\"\"><\/figure>\n<figure class=\"column small-6 medium-3 end\"><img loading=\"lazy\" decoding=\"async\" src=\"https:\/\/vieassociative.be\/actualites\/wp-content\/uploads\/2024\/12\/1733473029_809_LEst-de-la-Belgique-a-fete-son-champion-du-monde.jpg\" width=\"159\" height=\"159\" alt=\"\"><\/figure>\n<figure class=\"column small-6 medium-3 end\"><img loading=\"lazy\" decoding=\"async\" src=\"https:\/\/vieassociative.be\/actualites\/wp-content\/uploads\/2024\/12\/1733473029_420_LEst-de-la-Belgique-a-fete-son-champion-du-monde.jpg\" width=\"159\" height=\"159\" alt=\"\"><\/figure>\n<figure class=\"column small-6 medium-3 end\"><img loading=\"lazy\" decoding=\"async\" src=\"https:\/\/vieassociative.be\/actualites\/wp-content\/uploads\/2024\/12\/1733473029_157_LEst-de-la-Belgique-a-fete-son-champion-du-monde.jpg\" width=\"159\" height=\"159\" alt=\"\"><\/figure>\n<figure class=\"column small-6 medium-3 end\"><img loading=\"lazy\" decoding=\"async\" src=\"https:\/\/vieassociative.be\/actualites\/wp-content\/uploads\/2024\/12\/1733473029_439_LEst-de-la-Belgique-a-fete-son-champion-du-monde.jpg\" width=\"159\" height=\"159\" alt=\"\"><\/figure>\n<figure class=\"column small-6 medium-3 end\"><img loading=\"lazy\" decoding=\"async\" src=\"https:\/\/vieassociative.be\/actualites\/wp-content\/uploads\/2024\/12\/1733473029_198_LEst-de-la-Belgique-a-fete-son-champion-du-monde.jpg\" width=\"159\" height=\"159\" alt=\"\"><\/figure>\n<figure class=\"column small-6 medium-3 end\"><img loading=\"lazy\" decoding=\"async\" src=\"https:\/\/vieassociative.be\/actualites\/wp-content\/uploads\/2024\/12\/1733473030_61_LEst-de-la-Belgique-a-fete-son-champion-du-monde.jpg\" width=\"159\" height=\"159\" alt=\"\"><\/figure>\n<figure class=\"column small-6 medium-3 end\"><img loading=\"lazy\" decoding=\"async\" src=\"https:\/\/vieassociative.be\/actualites\/wp-content\/uploads\/2024\/12\/1733473030_847_LEst-de-la-Belgique-a-fete-son-champion-du-monde.jpg\" width=\"159\" height=\"159\" alt=\"\"><\/figure>\n<figure class=\"column small-6 medium-3 end\"><img loading=\"lazy\" decoding=\"async\" src=\"https:\/\/vieassociative.be\/actualites\/wp-content\/uploads\/2024\/12\/1733473030_169_LEst-de-la-Belgique-a-fete-son-champion-du-monde.jpg\" width=\"159\" height=\"159\" alt=\"\"><\/figure>\n<figure class=\"column small-6 medium-3 end\"><img loading=\"lazy\" decoding=\"async\" src=\"https:\/\/vieassociative.be\/actualites\/wp-content\/uploads\/2024\/12\/1733473030_672_LEst-de-la-Belgique-a-fete-son-champion-du-monde.jpg\" width=\"159\" height=\"159\" alt=\"\"><\/figure>\n<figure class=\"column small-6 medium-3 end\"><img loading=\"lazy\" decoding=\"async\" src=\"https:\/\/vieassociative.be\/actualites\/wp-content\/uploads\/2024\/12\/1733473030_796_LEst-de-la-Belgique-a-fete-son-champion-du-monde.jpg\" width=\"159\" height=\"159\" alt=\"\"><\/figure>\n<figure class=\"column small-6 medium-3 end\"><img loading=\"lazy\" decoding=\"async\" src=\"https:\/\/vieassociative.be\/actualites\/wp-content\/uploads\/2024\/12\/1733473030_451_LEst-de-la-Belgique-a-fete-son-champion-du-monde.jpg\" width=\"159\" height=\"159\" alt=\"\"><\/figure>\n<figure class=\"column small-6 medium-3 end\"><img loading=\"lazy\" decoding=\"async\" src=\"https:\/\/vieassociative.be\/actualites\/wp-content\/uploads\/2024\/12\/1733473030_980_LEst-de-la-Belgique-a-fete-son-champion-du-monde.jpg\" width=\"159\" height=\"159\" alt=\"\"><\/figure>\n<figure class=\"column small-6 medium-3 end\"><img loading=\"lazy\" decoding=\"async\" src=\"https:\/\/vieassociative.be\/actualites\/wp-content\/uploads\/2024\/12\/1733473030_382_LEst-de-la-Belgique-a-fete-son-champion-du-monde.jpg\" width=\"159\" height=\"159\" alt=\"\"><\/figure>\n<figure class=\"column small-6 medium-3 end\"><img loading=\"lazy\" decoding=\"async\" src=\"https:\/\/vieassociative.be\/actualites\/wp-content\/uploads\/2024\/12\/1733473030_456_LEst-de-la-Belgique-a-fete-son-champion-du-monde.jpg\" width=\"159\" height=\"159\" alt=\"\"><\/figure>\n<figure class=\"column small-6 medium-3 end\"><img loading=\"lazy\" decoding=\"async\" src=\"https:\/\/vieassociative.be\/actualites\/wp-content\/uploads\/2024\/12\/1733473030_379_LEst-de-la-Belgique-a-fete-son-champion-du-monde.jpg\" width=\"159\" height=\"159\" alt=\"\"><\/figure>\n<figure class=\"column small-6 medium-3 end\"><img loading=\"lazy\" decoding=\"async\" src=\"https:\/\/vieassociative.be\/actualites\/wp-content\/uploads\/2024\/12\/1733473030_239_LEst-de-la-Belgique-a-fete-son-champion-du-monde.jpg\" width=\"159\" height=\"159\" alt=\"\"><\/figure>\n<figure class=\"column small-6 medium-3 end\"><img loading=\"lazy\" decoding=\"async\" src=\"https:\/\/vieassociative.be\/actualites\/wp-content\/uploads\/2024\/12\/1733473030_295_LEst-de-la-Belgique-a-fete-son-champion-du-monde.jpg\" width=\"159\" height=\"159\" alt=\"\"><\/figure>\n<figure class=\"column small-6 medium-3 end\"><img loading=\"lazy\" decoding=\"async\" src=\"https:\/\/vieassociative.be\/actualites\/wp-content\/uploads\/2024\/12\/1733473030_952_LEst-de-la-Belgique-a-fete-son-champion-du-monde.jpg\" width=\"159\" height=\"159\" alt=\"\"><\/figure>\n<figure class=\"column small-6 medium-3 end\"><img loading=\"lazy\" decoding=\"async\" src=\"https:\/\/vieassociative.be\/actualites\/wp-content\/uploads\/2024\/12\/1733473030_929_LEst-de-la-Belgique-a-fete-son-champion-du-monde.jpg\" width=\"159\" height=\"159\" alt=\"\"><\/figure>\n<figure class=\"column small-6 medium-3 end\"><img loading=\"lazy\" decoding=\"async\" src=\"https:\/\/vieassociative.be\/actualites\/wp-content\/uploads\/2024\/12\/1733473030_957_LEst-de-la-Belgique-a-fete-son-champion-du-monde.jpg\" width=\"159\" height=\"159\" alt=\"\"><\/figure>\n<figure class=\"column small-6 medium-3 end\"><img loading=\"lazy\" decoding=\"async\" src=\"https:\/\/vieassociative.be\/actualites\/wp-content\/uploads\/2024\/12\/1733473030_763_LEst-de-la-Belgique-a-fete-son-champion-du-monde.jpg\" width=\"159\" height=\"159\" alt=\"\"><\/figure>\n<figure class=\"column small-6 medium-3 end\"><img loading=\"lazy\" decoding=\"async\" src=\"https:\/\/vieassociative.be\/actualites\/wp-content\/uploads\/2024\/12\/1733473030_138_LEst-de-la-Belgique-a-fete-son-champion-du-monde.jpg\" width=\"159\" height=\"159\" alt=\"\"><\/figure>\n<figure class=\"column small-6 medium-3 end\"><img loading=\"lazy\" decoding=\"async\" src=\"https:\/\/vieassociative.be\/actualites\/wp-content\/uploads\/2024\/12\/1733473030_39_LEst-de-la-Belgique-a-fete-son-champion-du-monde.jpg\" width=\"159\" height=\"159\" alt=\"\"><\/figure>\n<figure class=\"column small-6 medium-3 end\"><img loading=\"lazy\" decoding=\"async\" src=\"https:\/\/vieassociative.be\/actualites\/wp-content\/uploads\/2024\/12\/1733473030_599_LEst-de-la-Belgique-a-fete-son-champion-du-monde.jpg\" width=\"159\" height=\"159\" alt=\"\"><\/figure>\n<figure class=\"column small-6 medium-3 end\"><img loading=\"lazy\" decoding=\"async\" src=\"https:\/\/vieassociative.be\/actualites\/wp-content\/uploads\/2024\/12\/1733473030_182_LEst-de-la-Belgique-a-fete-son-champion-du-monde.jpg\" width=\"159\" height=\"159\" alt=\"\"><\/figure>\n<figure class=\"column small-6 medium-3 end\"><img loading=\"lazy\" decoding=\"async\" src=\"https:\/\/vieassociative.be\/actualites\/wp-content\/uploads\/2024\/12\/1733473030_871_LEst-de-la-Belgique-a-fete-son-champion-du-monde.jpg\" width=\"159\" height=\"159\" alt=\"\"><\/figure>\n<figure class=\"column small-6 medium-3 end\"><img loading=\"lazy\" decoding=\"async\" src=\"https:\/\/vieassociative.be\/actualites\/wp-content\/uploads\/2024\/12\/1733473030_807_LEst-de-la-Belgique-a-fete-son-champion-du-monde.jpg\" width=\"159\" height=\"159\" alt=\"\"><\/figure>\n<figure class=\"column small-6 medium-3 end\"><img loading=\"lazy\" decoding=\"async\" src=\"https:\/\/vieassociative.be\/actualites\/wp-content\/uploads\/2024\/12\/1733473030_802_LEst-de-la-Belgique-a-fete-son-champion-du-monde.jpg\" width=\"159\" height=\"159\" alt=\"\"><\/figure>\n<figure class=\"column small-6 medium-3 end\"><img loading=\"lazy\" decoding=\"async\" src=\"https:\/\/vieassociative.be\/actualites\/wp-content\/uploads\/2024\/12\/1733473030_984_LEst-de-la-Belgique-a-fete-son-champion-du-monde.jpg\" width=\"159\" height=\"159\" alt=\"\"><\/figure>\n<figure class=\"column small-6 medium-3 end\"><img loading=\"lazy\" decoding=\"async\" src=\"https:\/\/vieassociative.be\/actualites\/wp-content\/uploads\/2024\/12\/1733473030_650_LEst-de-la-Belgique-a-fete-son-champion-du-monde.jpg\" width=\"159\" height=\"159\" alt=\"\"><\/figure>\n<figure class=\"column small-6 medium-3 end\"><img loading=\"lazy\" decoding=\"async\" src=\"https:\/\/vieassociative.be\/actualites\/wp-content\/uploads\/2024\/12\/1733473030_915_LEst-de-la-Belgique-a-fete-son-champion-du-monde.jpg\" width=\"159\" height=\"159\" alt=\"\"><\/figure>\n<figure class=\"column small-6 medium-3 end\"><img loading=\"lazy\" decoding=\"async\" src=\"https:\/\/vieassociative.be\/actualites\/wp-content\/uploads\/2024\/12\/1733473030_516_LEst-de-la-Belgique-a-fete-son-champion-du-monde.jpg\" width=\"159\" height=\"159\" alt=\"\"><\/figure>\n<figure class=\"column small-6 medium-3 end\"><img loading=\"lazy\" decoding=\"async\" src=\"https:\/\/vieassociative.be\/actualites\/wp-content\/uploads\/2024\/12\/1733473030_447_LEst-de-la-Belgique-a-fete-son-champion-du-monde.jpg\" width=\"159\" height=\"159\" alt=\"\"><\/figure>\n<figure class=\"column small-6 medium-3 end\"><img loading=\"lazy\" decoding=\"async\" src=\"https:\/\/vieassociative.be\/actualites\/wp-content\/uploads\/2024\/12\/1733473030_910_LEst-de-la-Belgique-a-fete-son-champion-du-monde.jpg\" width=\"159\" height=\"159\" alt=\"\"><\/figure>\n<figure class=\"column small-6 medium-3 end\"><img loading=\"lazy\" decoding=\"async\" src=\"https:\/\/vieassociative.be\/actualites\/wp-content\/uploads\/2024\/12\/1733473030_354_LEst-de-la-Belgique-a-fete-son-champion-du-monde.jpg\" width=\"159\" height=\"159\" alt=\"\"><\/figure>\n<figure class=\"column small-6 medium-3 end\"><img loading=\"lazy\" decoding=\"async\" src=\"https:\/\/vieassociative.be\/actualites\/wp-content\/uploads\/2024\/12\/1733473030_688_LEst-de-la-Belgique-a-fete-son-champion-du-monde.jpg\" width=\"159\" height=\"159\" alt=\"\"><\/figure>\n<figure class=\"column small-6 medium-3 end\"><img loading=\"lazy\" decoding=\"async\" src=\"https:\/\/vieassociative.be\/actualites\/wp-content\/uploads\/2024\/12\/1733473030_172_LEst-de-la-Belgique-a-fete-son-champion-du-monde.jpg\" width=\"159\" height=\"159\" alt=\"\"><\/figure>\n<figure class=\"column small-6 medium-3 end\"><img loading=\"lazy\" decoding=\"async\" src=\"https:\/\/vieassociative.be\/actualites\/wp-content\/uploads\/2024\/12\/1733473030_971_LEst-de-la-Belgique-a-fete-son-champion-du-monde.jpg\" width=\"159\" height=\"159\" alt=\"\"><\/figure>\n<figure class=\"column small-6 medium-3 end\"><img loading=\"lazy\" decoding=\"async\" src=\"https:\/\/vieassociative.be\/actualites\/wp-content\/uploads\/2024\/12\/1733473030_32_LEst-de-la-Belgique-a-fete-son-champion-du-monde.jpg\" width=\"159\" height=\"159\" alt=\"\"><\/figure>\n<figure class=\"column small-6 medium-3 end\"><img loading=\"lazy\" decoding=\"async\" src=\"https:\/\/vieassociative.be\/actualites\/wp-content\/uploads\/2024\/12\/1733473030_937_LEst-de-la-Belgique-a-fete-son-champion-du-monde.jpg\" width=\"159\" height=\"159\" alt=\"\"><\/figure>\n<figure class=\"column small-6 medium-3 end\"><img loading=\"lazy\" decoding=\"async\" src=\"https:\/\/vieassociative.be\/actualites\/wp-content\/uploads\/2024\/12\/1733473030_386_LEst-de-la-Belgique-a-fete-son-champion-du-monde.jpg\" width=\"159\" height=\"159\" alt=\"\"><\/figure>\n<figure class=\"column small-6 medium-3 end\"><img loading=\"lazy\" decoding=\"async\" src=\"https:\/\/vieassociative.be\/actualites\/wp-content\/uploads\/2024\/12\/1733473030_931_LEst-de-la-Belgique-a-fete-son-champion-du-monde.jpg\" width=\"159\" height=\"159\" alt=\"\"><\/figure>\n<figure class=\"column small-6 medium-3 end\"><img loading=\"lazy\" decoding=\"async\" src=\"https:\/\/vieassociative.be\/actualites\/wp-content\/uploads\/2024\/12\/1733473031_412_LEst-de-la-Belgique-a-fete-son-champion-du-monde.jpg\" width=\"159\" height=\"159\" alt=\"\"><\/figure>\n<figure class=\"column small-6 medium-3 end\"><img loading=\"lazy\" decoding=\"async\" src=\"https:\/\/vieassociative.be\/actualites\/wp-content\/uploads\/2024\/12\/1733473031_113_LEst-de-la-Belgique-a-fete-son-champion-du-monde.jpg\" width=\"159\" height=\"159\" alt=\"\"><\/figure>\n<figure class=\"column small-6 medium-3 end\"><img loading=\"lazy\" decoding=\"async\" src=\"https:\/\/vieassociative.be\/actualites\/wp-content\/uploads\/2024\/12\/1733473031_637_LEst-de-la-Belgique-a-fete-son-champion-du-monde.jpg\" width=\"159\" height=\"159\" alt=\"\"><\/figure>\n<figure class=\"column small-6 medium-3 end\"><img loading=\"lazy\" decoding=\"async\" src=\"https:\/\/vieassociative.be\/actualites\/wp-content\/uploads\/2024\/12\/1733473031_269_LEst-de-la-Belgique-a-fete-son-champion-du-monde.jpg\" width=\"159\" height=\"159\" alt=\"\"><\/figure>\n<figure class=\"column small-6 medium-3 end\"><img loading=\"lazy\" decoding=\"async\" src=\"https:\/\/vieassociative.be\/actualites\/wp-content\/uploads\/2024\/12\/1733473031_520_LEst-de-la-Belgique-a-fete-son-champion-du-monde.jpg\" width=\"159\" height=\"159\" alt=\"\"><\/figure>\n<figure class=\"column small-6 medium-3 end\"><img loading=\"lazy\" decoding=\"async\" src=\"https:\/\/vieassociative.be\/actualites\/wp-content\/uploads\/2024\/12\/1733473031_277_LEst-de-la-Belgique-a-fete-son-champion-du-monde.jpg\" width=\"159\" height=\"159\" alt=\"\"><\/figure>\n<figure class=\"column small-6 medium-3 end\"><img loading=\"lazy\" decoding=\"async\" src=\"https:\/\/vieassociative.be\/actualites\/wp-content\/uploads\/2024\/12\/1733473031_26_LEst-de-la-Belgique-a-fete-son-champion-du-monde.jpg\" width=\"159\" height=\"159\" alt=\"\"><\/figure>\n<figure class=\"column small-6 medium-3 end\"><img loading=\"lazy\" decoding=\"async\" src=\"https:\/\/vieassociative.be\/actualites\/wp-content\/uploads\/2024\/12\/1733473031_238_LEst-de-la-Belgique-a-fete-son-champion-du-monde.jpg\" width=\"159\" height=\"159\" alt=\"\"><\/figure>\n<figure class=\"column small-6 medium-3 end\"><img loading=\"lazy\" decoding=\"async\" src=\"https:\/\/vieassociative.be\/actualites\/wp-content\/uploads\/2024\/12\/1733473031_744_LEst-de-la-Belgique-a-fete-son-champion-du-monde.jpg\" width=\"159\" height=\"159\" alt=\"\"><\/figure>\n<figure class=\"column small-6 medium-3 end\"><img loading=\"lazy\" decoding=\"async\" src=\"https:\/\/vieassociative.be\/actualites\/wp-content\/uploads\/2024\/12\/1733473031_231_LEst-de-la-Belgique-a-fete-son-champion-du-monde.jpg\" width=\"159\" height=\"159\" alt=\"\"><\/figure>\n<figure class=\"column small-6 medium-3 end\"><img loading=\"lazy\" decoding=\"async\" src=\"https:\/\/vieassociative.be\/actualites\/wp-content\/uploads\/2024\/12\/1733473031_943_LEst-de-la-Belgique-a-fete-son-champion-du-monde.jpg\" width=\"159\" height=\"159\" alt=\"\"><\/figure>\n<figure class=\"column small-6 medium-3 end\"><img loading=\"lazy\" decoding=\"async\" src=\"https:\/\/vieassociative.be\/actualites\/wp-content\/uploads\/2024\/12\/1733473031_562_LEst-de-la-Belgique-a-fete-son-champion-du-monde.jpg\" width=\"159\" height=\"159\" alt=\"\"><\/figure>\n<figure class=\"column small-6 medium-3 end\"><img loading=\"lazy\" decoding=\"async\" src=\"https:\/\/vieassociative.be\/actualites\/wp-content\/uploads\/2024\/12\/1733473031_534_LEst-de-la-Belgique-a-fete-son-champion-du-monde.jpg\" width=\"159\" height=\"159\" alt=\"\"><\/figure>\n<figure class=\"column small-6 medium-3 end\"><img loading=\"lazy\" decoding=\"async\" src=\"https:\/\/vieassociative.be\/actualites\/wp-content\/uploads\/2024\/12\/1733473031_331_LEst-de-la-Belgique-a-fete-son-champion-du-monde.jpg\" width=\"159\" height=\"159\" alt=\"\"><\/figure>\n<figure class=\"column small-6 medium-3 end\"><img loading=\"lazy\" decoding=\"async\" src=\"https:\/\/vieassociative.be\/actualites\/wp-content\/uploads\/2024\/12\/1733473031_598_LEst-de-la-Belgique-a-fete-son-champion-du-monde.jpg\" width=\"159\" height=\"159\" alt=\"\"><\/figure>\n<figure class=\"column small-6 medium-3 end\"><img loading=\"lazy\" decoding=\"async\" src=\"https:\/\/vieassociative.be\/actualites\/wp-content\/uploads\/2024\/12\/1733473031_89_LEst-de-la-Belgique-a-fete-son-champion-du-monde.jpg\" width=\"159\" height=\"159\" alt=\"\"><\/figure>\n<figure class=\"column small-6 medium-3 end\"><img loading=\"lazy\" decoding=\"async\" src=\"https:\/\/vieassociative.be\/actualites\/wp-content\/uploads\/2024\/12\/1733473031_387_LEst-de-la-Belgique-a-fete-son-champion-du-monde.jpg\" width=\"159\" height=\"159\" alt=\"\"><\/figure>\n<figure class=\"column small-6 medium-3 end\"><img loading=\"lazy\" decoding=\"async\" src=\"https:\/\/vieassociative.be\/actualites\/wp-content\/uploads\/2024\/12\/1733473031_864_LEst-de-la-Belgique-a-fete-son-champion-du-monde.jpg\" width=\"159\" height=\"159\" alt=\"\"><\/figure>\n<figure class=\"column small-6 medium-3 end\"><img loading=\"lazy\" decoding=\"async\" src=\"https:\/\/vieassociative.be\/actualites\/wp-content\/uploads\/2024\/12\/1733473031_752_LEst-de-la-Belgique-a-fete-son-champion-du-monde.jpg\" width=\"159\" height=\"159\" alt=\"\"><\/figure>\n<figure class=\"column small-6 medium-3 end\"><img loading=\"lazy\" decoding=\"async\" src=\"https:\/\/vieassociative.be\/actualites\/wp-content\/uploads\/2024\/12\/1733473031_575_LEst-de-la-Belgique-a-fete-son-champion-du-monde.jpg\" width=\"159\" height=\"159\" alt=\"\"><\/figure>\n<\/div>\n","protected":false},"excerpt":{"rendered":"<p>Le 24 novembre, le pilote WRC de l&rsquo;Est de la Belgique, Thierry Neuville, a remport\u00e9 le titre mondial dans la cat\u00e9gorie reine des rallyes au<\/p>\n","protected":false},"author":1,"featured_media":3114,"comment_status":"","ping_status":"","sticky":false,"template":"","format":"standard","meta":{"footnotes":""},"categories":[298],"tags":[383,2524,1485,3257,237,2013,800],"class_list":["post-3113","post","type-post","status-publish","format-standard","has-post-thumbnail","hentry","category-belgique","tag-belgique","tag-champion","tag-fete","tag-galerie","tag-monde","tag-photo","tag-son","generate-columns","tablet-grid-50","mobile-grid-100","grid-parent","grid-33"],"yoast_head":"<!-- This site is optimized with the Yoast SEO plugin v24.0 - https:\/\/yoast.com\/wordpress\/plugins\/seo\/ -->\n<title>L&#039;Est de la Belgique a f\u00eat\u00e9 son champion du monde (galerie photo) | Vie Associative<\/title>\n<meta name=\"robots\" content=\"index, follow, max-snippet:-1, max-image-preview:large, max-video-preview:-1\" \/>\n<link rel=\"canonical\" href=\"https:\/\/vieassociative.be\/actualites\/lest-de-la-belgique-a-fete-son-champion-du-monde-galerie-photo\/\" \/>\n<meta property=\"og:locale\" content=\"fr_FR\" \/>\n<meta property=\"og:type\" content=\"article\" \/>\n<meta property=\"og:title\" content=\"L&#039;Est de la Belgique a f\u00eat\u00e9 son champion du monde (galerie photo) | Vie Associative\" \/>\n<meta property=\"og:description\" content=\"Le 24 novembre, le pilote WRC de l&rsquo;Est de la Belgique, Thierry Neuville, a remport\u00e9 le titre mondial dans la cat\u00e9gorie reine des rallyes au\" \/>\n<meta property=\"og:url\" content=\"https:\/\/vieassociative.be\/actualites\/lest-de-la-belgique-a-fete-son-champion-du-monde-galerie-photo\/\" \/>\n<meta property=\"og:site_name\" content=\"Vie Associative\" \/>\n<meta property=\"article:published_time\" content=\"2024-12-06T08:17:11+00:00\" \/>\n<meta property=\"og:image\" content=\"https:\/\/vieassociative.be\/actualites\/wp-content\/uploads\/2024\/12\/LEst-de-la-Belgique-a-fete-son-champion-du-monde.jpg\" \/>\n<meta name=\"author\" content=\"Julien\" \/>\n<meta name=\"twitter:card\" content=\"summary_large_image\" \/>\n<meta name=\"twitter:label1\" content=\"\u00c9crit par\" \/>\n\t<meta name=\"twitter:data1\" content=\"Julien\" \/>\n\t<meta name=\"twitter:label2\" content=\"Dur\u00e9e de lecture est.\" \/>\n\t<meta name=\"twitter:data2\" content=\"2 minutes\" \/>\n<script type=\"application\/ld+json\" class=\"yoast-schema-graph\">{\"@context\":\"https:\/\/schema.org\",\"@graph\":[{\"@type\":\"Article\",\"@id\":\"https:\/\/vieassociative.be\/actualites\/lest-de-la-belgique-a-fete-son-champion-du-monde-galerie-photo\/#article\",\"isPartOf\":{\"@id\":\"https:\/\/vieassociative.be\/actualites\/lest-de-la-belgique-a-fete-son-champion-du-monde-galerie-photo\/\"},\"author\":{\"name\":\"Julien\",\"@id\":\"https:\/\/vieassociative.be\/actualites\/#\/schema\/person\/b87ac4f82f9d4e7b7cec7395b679edc4\"},\"headline\":\"L&rsquo;Est de la Belgique a f\u00eat\u00e9 son champion du monde (galerie photo)\",\"datePublished\":\"2024-12-06T08:17:11+00:00\",\"dateModified\":\"2024-12-06T08:17:11+00:00\",\"mainEntityOfPage\":{\"@id\":\"https:\/\/vieassociative.be\/actualites\/lest-de-la-belgique-a-fete-son-champion-du-monde-galerie-photo\/\"},\"wordCount\":520,\"publisher\":{\"@id\":\"https:\/\/vieassociative.be\/actualites\/#organization\"},\"image\":{\"@id\":\"https:\/\/vieassociative.be\/actualites\/lest-de-la-belgique-a-fete-son-champion-du-monde-galerie-photo\/#primaryimage\"},\"thumbnailUrl\":\"https:\/\/vieassociative.be\/actualites\/wp-content\/uploads\/2024\/12\/1733473032_LEst-de-la-Belgique-a-fete-son-champion-du-monde.jpg\",\"keywords\":[\"Belgique\",\"champion\",\"f\u00eate\",\"galerie\",\"monde\",\"photo\",\"son\"],\"articleSection\":[\"Belgique\"],\"inLanguage\":\"fr-BE\"},{\"@type\":\"WebPage\",\"@id\":\"https:\/\/vieassociative.be\/actualites\/lest-de-la-belgique-a-fete-son-champion-du-monde-galerie-photo\/\",\"url\":\"https:\/\/vieassociative.be\/actualites\/lest-de-la-belgique-a-fete-son-champion-du-monde-galerie-photo\/\",\"name\":\"L'Est de la Belgique a f\u00eat\u00e9 son champion du monde (galerie photo) | Vie Associative\",\"isPartOf\":{\"@id\":\"https:\/\/vieassociative.be\/actualites\/#website\"},\"primaryImageOfPage\":{\"@id\":\"https:\/\/vieassociative.be\/actualites\/lest-de-la-belgique-a-fete-son-champion-du-monde-galerie-photo\/#primaryimage\"},\"image\":{\"@id\":\"https:\/\/vieassociative.be\/actualites\/lest-de-la-belgique-a-fete-son-champion-du-monde-galerie-photo\/#primaryimage\"},\"thumbnailUrl\":\"https:\/\/vieassociative.be\/actualites\/wp-content\/uploads\/2024\/12\/1733473032_LEst-de-la-Belgique-a-fete-son-champion-du-monde.jpg\",\"datePublished\":\"2024-12-06T08:17:11+00:00\",\"dateModified\":\"2024-12-06T08:17:11+00:00\",\"breadcrumb\":{\"@id\":\"https:\/\/vieassociative.be\/actualites\/lest-de-la-belgique-a-fete-son-champion-du-monde-galerie-photo\/#breadcrumb\"},\"inLanguage\":\"fr-BE\",\"potentialAction\":[{\"@type\":\"ReadAction\",\"target\":[\"https:\/\/vieassociative.be\/actualites\/lest-de-la-belgique-a-fete-son-champion-du-monde-galerie-photo\/\"]}]},{\"@type\":\"ImageObject\",\"inLanguage\":\"fr-BE\",\"@id\":\"https:\/\/vieassociative.be\/actualites\/lest-de-la-belgique-a-fete-son-champion-du-monde-galerie-photo\/#primaryimage\",\"url\":\"https:\/\/vieassociative.be\/actualites\/wp-content\/uploads\/2024\/12\/1733473032_LEst-de-la-Belgique-a-fete-son-champion-du-monde.jpg\",\"contentUrl\":\"https:\/\/vieassociative.be\/actualites\/wp-content\/uploads\/2024\/12\/1733473032_LEst-de-la-Belgique-a-fete-son-champion-du-monde.jpg\",\"width\":1200,\"height\":802,\"caption\":\"L'Est de la Belgique a f\u00eat\u00e9 son champion du monde (galerie photo)\"},{\"@type\":\"BreadcrumbList\",\"@id\":\"https:\/\/vieassociative.be\/actualites\/lest-de-la-belgique-a-fete-son-champion-du-monde-galerie-photo\/#breadcrumb\",\"itemListElement\":[{\"@type\":\"ListItem\",\"position\":1,\"name\":\"Accueil\",\"item\":\"https:\/\/vieassociative.be\/actualites\/\"},{\"@type\":\"ListItem\",\"position\":2,\"name\":\"L&rsquo;Est de la Belgique a f\u00eat\u00e9 son champion du monde (galerie photo)\"}]},{\"@type\":\"WebSite\",\"@id\":\"https:\/\/vieassociative.be\/actualites\/#website\",\"url\":\"https:\/\/vieassociative.be\/actualites\/\",\"name\":\"Vie Associative\",\"description\":\"\",\"publisher\":{\"@id\":\"https:\/\/vieassociative.be\/actualites\/#organization\"},\"potentialAction\":[{\"@type\":\"SearchAction\",\"target\":{\"@type\":\"EntryPoint\",\"urlTemplate\":\"https:\/\/vieassociative.be\/actualites\/?s={search_term_string}\"},\"query-input\":{\"@type\":\"PropertyValueSpecification\",\"valueRequired\":true,\"valueName\":\"search_term_string\"}}],\"inLanguage\":\"fr-BE\"},{\"@type\":\"Organization\",\"@id\":\"https:\/\/vieassociative.be\/actualites\/#organization\",\"name\":\"Vie Associative\",\"url\":\"https:\/\/vieassociative.be\/actualites\/\",\"logo\":{\"@type\":\"ImageObject\",\"inLanguage\":\"fr-BE\",\"@id\":\"https:\/\/vieassociative.be\/actualites\/#\/schema\/logo\/image\/\",\"url\":\"https:\/\/vieassociative.be\/actualites\/wp-content\/uploads\/2024\/09\/cropped-vieassociative_favicon.ico.png\",\"contentUrl\":\"https:\/\/vieassociative.be\/actualites\/wp-content\/uploads\/2024\/09\/cropped-vieassociative_favicon.ico.png\",\"width\":512,\"height\":512,\"caption\":\"Vie Associative\"},\"image\":{\"@id\":\"https:\/\/vieassociative.be\/actualites\/#\/schema\/logo\/image\/\"}},{\"@type\":\"Person\",\"@id\":\"https:\/\/vieassociative.be\/actualites\/#\/schema\/person\/b87ac4f82f9d4e7b7cec7395b679edc4\",\"name\":\"Julien\",\"image\":{\"@type\":\"ImageObject\",\"inLanguage\":\"fr-BE\",\"@id\":\"https:\/\/vieassociative.be\/actualites\/#\/schema\/person\/image\/\",\"url\":\"https:\/\/vieassociative.be\/actualites\/wp-content\/uploads\/2024\/09\/vie-associative-1-150x150.jpg\",\"contentUrl\":\"https:\/\/vieassociative.be\/actualites\/wp-content\/uploads\/2024\/09\/vie-associative-1-150x150.jpg\",\"caption\":\"Julien\"},\"description\":\"Je suis Julien, r\u00e9dacteur pour Vie Associative. Passionn\u00e9 par le monde associatif depuis plus de 10 ans, j'ai \u00e0 c\u0153ur de partager des histoires inspirantes et de mettre en lumi\u00e8re les initiatives locales. Mon objectif est de sensibiliser et d'encourager l'engagement communautaire \u00e0 travers mes articles.\",\"sameAs\":[\"https:\/\/vieassociative.be\/\"]}]}<\/script>\n<!-- \/ Yoast SEO plugin. -->","yoast_head_json":{"title":"L'Est de la Belgique a f\u00eat\u00e9 son champion du monde (galerie photo) | Vie Associative","robots":{"index":"index","follow":"follow","max-snippet":"max-snippet:-1","max-image-preview":"max-image-preview:large","max-video-preview":"max-video-preview:-1"},"canonical":"https:\/\/vieassociative.be\/actualites\/lest-de-la-belgique-a-fete-son-champion-du-monde-galerie-photo\/","og_locale":"fr_FR","og_type":"article","og_title":"L'Est de la Belgique a f\u00eat\u00e9 son champion du monde (galerie photo) | Vie Associative","og_description":"Le 24 novembre, le pilote WRC de l&rsquo;Est de la Belgique, Thierry Neuville, a remport\u00e9 le titre mondial dans la cat\u00e9gorie reine des rallyes au","og_url":"https:\/\/vieassociative.be\/actualites\/lest-de-la-belgique-a-fete-son-champion-du-monde-galerie-photo\/","og_site_name":"Vie Associative","article_published_time":"2024-12-06T08:17:11+00:00","og_image":[{"url":"https:\/\/vieassociative.be\/actualites\/wp-content\/uploads\/2024\/12\/LEst-de-la-Belgique-a-fete-son-champion-du-monde.jpg","type":"","width":"","height":""}],"author":"Julien","twitter_card":"summary_large_image","twitter_misc":{"\u00c9crit par":"Julien","Dur\u00e9e de lecture est.":"2 minutes"},"schema":{"@context":"https:\/\/schema.org","@graph":[{"@type":"Article","@id":"https:\/\/vieassociative.be\/actualites\/lest-de-la-belgique-a-fete-son-champion-du-monde-galerie-photo\/#article","isPartOf":{"@id":"https:\/\/vieassociative.be\/actualites\/lest-de-la-belgique-a-fete-son-champion-du-monde-galerie-photo\/"},"author":{"name":"Julien","@id":"https:\/\/vieassociative.be\/actualites\/#\/schema\/person\/b87ac4f82f9d4e7b7cec7395b679edc4"},"headline":"L&rsquo;Est de la Belgique a f\u00eat\u00e9 son champion du monde (galerie photo)","datePublished":"2024-12-06T08:17:11+00:00","dateModified":"2024-12-06T08:17:11+00:00","mainEntityOfPage":{"@id":"https:\/\/vieassociative.be\/actualites\/lest-de-la-belgique-a-fete-son-champion-du-monde-galerie-photo\/"},"wordCount":520,"publisher":{"@id":"https:\/\/vieassociative.be\/actualites\/#organization"},"image":{"@id":"https:\/\/vieassociative.be\/actualites\/lest-de-la-belgique-a-fete-son-champion-du-monde-galerie-photo\/#primaryimage"},"thumbnailUrl":"https:\/\/vieassociative.be\/actualites\/wp-content\/uploads\/2024\/12\/1733473032_LEst-de-la-Belgique-a-fete-son-champion-du-monde.jpg","keywords":["Belgique","champion","f\u00eate","galerie","monde","photo","son"],"articleSection":["Belgique"],"inLanguage":"fr-BE"},{"@type":"WebPage","@id":"https:\/\/vieassociative.be\/actualites\/lest-de-la-belgique-a-fete-son-champion-du-monde-galerie-photo\/","url":"https:\/\/vieassociative.be\/actualites\/lest-de-la-belgique-a-fete-son-champion-du-monde-galerie-photo\/","name":"L'Est de la Belgique a f\u00eat\u00e9 son champion du monde (galerie photo) | Vie Associative","isPartOf":{"@id":"https:\/\/vieassociative.be\/actualites\/#website"},"primaryImageOfPage":{"@id":"https:\/\/vieassociative.be\/actualites\/lest-de-la-belgique-a-fete-son-champion-du-monde-galerie-photo\/#primaryimage"},"image":{"@id":"https:\/\/vieassociative.be\/actualites\/lest-de-la-belgique-a-fete-son-champion-du-monde-galerie-photo\/#primaryimage"},"thumbnailUrl":"https:\/\/vieassociative.be\/actualites\/wp-content\/uploads\/2024\/12\/1733473032_LEst-de-la-Belgique-a-fete-son-champion-du-monde.jpg","datePublished":"2024-12-06T08:17:11+00:00","dateModified":"2024-12-06T08:17:11+00:00","breadcrumb":{"@id":"https:\/\/vieassociative.be\/actualites\/lest-de-la-belgique-a-fete-son-champion-du-monde-galerie-photo\/#breadcrumb"},"inLanguage":"fr-BE","potentialAction":[{"@type":"ReadAction","target":["https:\/\/vieassociative.be\/actualites\/lest-de-la-belgique-a-fete-son-champion-du-monde-galerie-photo\/"]}]},{"@type":"ImageObject","inLanguage":"fr-BE","@id":"https:\/\/vieassociative.be\/actualites\/lest-de-la-belgique-a-fete-son-champion-du-monde-galerie-photo\/#primaryimage","url":"https:\/\/vieassociative.be\/actualites\/wp-content\/uploads\/2024\/12\/1733473032_LEst-de-la-Belgique-a-fete-son-champion-du-monde.jpg","contentUrl":"https:\/\/vieassociative.be\/actualites\/wp-content\/uploads\/2024\/12\/1733473032_LEst-de-la-Belgique-a-fete-son-champion-du-monde.jpg","width":1200,"height":802,"caption":"L'Est de la Belgique a f\u00eat\u00e9 son champion du monde (galerie photo)"},{"@type":"BreadcrumbList","@id":"https:\/\/vieassociative.be\/actualites\/lest-de-la-belgique-a-fete-son-champion-du-monde-galerie-photo\/#breadcrumb","itemListElement":[{"@type":"ListItem","position":1,"name":"Accueil","item":"https:\/\/vieassociative.be\/actualites\/"},{"@type":"ListItem","position":2,"name":"L&rsquo;Est de la Belgique a f\u00eat\u00e9 son champion du monde (galerie photo)"}]},{"@type":"WebSite","@id":"https:\/\/vieassociative.be\/actualites\/#website","url":"https:\/\/vieassociative.be\/actualites\/","name":"Vie Associative","description":"","publisher":{"@id":"https:\/\/vieassociative.be\/actualites\/#organization"},"potentialAction":[{"@type":"SearchAction","target":{"@type":"EntryPoint","urlTemplate":"https:\/\/vieassociative.be\/actualites\/?s={search_term_string}"},"query-input":{"@type":"PropertyValueSpecification","valueRequired":true,"valueName":"search_term_string"}}],"inLanguage":"fr-BE"},{"@type":"Organization","@id":"https:\/\/vieassociative.be\/actualites\/#organization","name":"Vie Associative","url":"https:\/\/vieassociative.be\/actualites\/","logo":{"@type":"ImageObject","inLanguage":"fr-BE","@id":"https:\/\/vieassociative.be\/actualites\/#\/schema\/logo\/image\/","url":"https:\/\/vieassociative.be\/actualites\/wp-content\/uploads\/2024\/09\/cropped-vieassociative_favicon.ico.png","contentUrl":"https:\/\/vieassociative.be\/actualites\/wp-content\/uploads\/2024\/09\/cropped-vieassociative_favicon.ico.png","width":512,"height":512,"caption":"Vie Associative"},"image":{"@id":"https:\/\/vieassociative.be\/actualites\/#\/schema\/logo\/image\/"}},{"@type":"Person","@id":"https:\/\/vieassociative.be\/actualites\/#\/schema\/person\/b87ac4f82f9d4e7b7cec7395b679edc4","name":"Julien","image":{"@type":"ImageObject","inLanguage":"fr-BE","@id":"https:\/\/vieassociative.be\/actualites\/#\/schema\/person\/image\/","url":"https:\/\/vieassociative.be\/actualites\/wp-content\/uploads\/2024\/09\/vie-associative-1-150x150.jpg","contentUrl":"https:\/\/vieassociative.be\/actualites\/wp-content\/uploads\/2024\/09\/vie-associative-1-150x150.jpg","caption":"Julien"},"description":"Je suis Julien, r\u00e9dacteur pour Vie Associative. Passionn\u00e9 par le monde associatif depuis plus de 10 ans, j'ai \u00e0 c\u0153ur de partager des histoires inspirantes et de mettre en lumi\u00e8re les initiatives locales. Mon objectif est de sensibiliser et d'encourager l'engagement communautaire \u00e0 travers mes articles.","sameAs":["https:\/\/vieassociative.be\/"]}]}},"_links":{"self":[{"href":"https:\/\/vieassociative.be\/actualites\/wp-json\/wp\/v2\/posts\/3113"}],"collection":[{"href":"https:\/\/vieassociative.be\/actualites\/wp-json\/wp\/v2\/posts"}],"about":[{"href":"https:\/\/vieassociative.be\/actualites\/wp-json\/wp\/v2\/types\/post"}],"author":[{"embeddable":true,"href":"https:\/\/vieassociative.be\/actualites\/wp-json\/wp\/v2\/users\/1"}],"replies":[{"embeddable":true,"href":"https:\/\/vieassociative.be\/actualites\/wp-json\/wp\/v2\/comments?post=3113"}],"version-history":[{"count":0,"href":"https:\/\/vieassociative.be\/actualites\/wp-json\/wp\/v2\/posts\/3113\/revisions"}],"wp:featuredmedia":[{"embeddable":true,"href":"https:\/\/vieassociative.be\/actualites\/wp-json\/wp\/v2\/media\/3114"}],"wp:attachment":[{"href":"https:\/\/vieassociative.be\/actualites\/wp-json\/wp\/v2\/media?parent=3113"}],"wp:term":[{"taxonomy":"category","embeddable":true,"href":"https:\/\/vieassociative.be\/actualites\/wp-json\/wp\/v2\/categories?post=3113"},{"taxonomy":"post_tag","embeddable":true,"href":"https:\/\/vieassociative.be\/actualites\/wp-json\/wp\/v2\/tags?post=3113"}],"curies":[{"name":"wp","href":"https:\/\/api.w.org\/{rel}","templated":true}]}}