{"id":3111,"date":"2024-12-06T08:19:21","date_gmt":"2024-12-06T07:19:21","guid":{"rendered":"https:\/\/vieassociative.be\/actualites\/le-haut-parleur-fender-est-ideal-pour-les-musiciens-de-rue-et-les-musiciens-mais-cest-essentiellement-tout\/"},"modified":"2024-12-06T08:19:21","modified_gmt":"2024-12-06T07:19:21","slug":"le-haut-parleur-fender-est-ideal-pour-les-musiciens-de-rue-et-les-musiciens-mais-cest-essentiellement-tout","status":"publish","type":"post","link":"https:\/\/vieassociative.be\/actualites\/le-haut-parleur-fender-est-ideal-pour-les-musiciens-de-rue-et-les-musiciens-mais-cest-essentiellement-tout\/","title":{"rendered":"Le haut-parleur Fender est id\u00e9al pour les musiciens de rue et les musiciens, mais c&rsquo;est essentiellement tout"},"content":{"rendered":"<div class=\"mt-4 leading-6 md:mb-8\">Les artistes de rue ou les musiciens ont beaucoup \u00e0 attendre avec cette enceinte portable, mais les audiophiles ou ceux qui recherchent une enceinte robuste pourraient \u00eatre d\u00e9\u00e7us.<\/div>\n<p><\/p>\n<p>Lorsque j&rsquo;ai achet\u00e9 le Fender x Teufel Rockster Air 2 pour la premi\u00e8re fois, je ne comprenais pas vraiment o\u00f9 il se situait par rapport aux autres enceintes de f\u00eate sur le march\u00e9. Ce n&rsquo;est pas le plus bruyant, il n&rsquo;a pas de fonctionnalit\u00e9s sp\u00e9ciales, il n&rsquo;est ni \u00e9tanche \u00e0 l&rsquo;eau ni \u00e0 la poussi\u00e8re, il n&rsquo;y a pas d&rsquo;application et il n&rsquo;a pas de personnalisation compl\u00e8te de l&rsquo;\u00e9galiseur. Et le plus d\u00e9routant, cela co\u00fbte 600 $. <\/p>\n<p>Mais plus j\u2019ai pass\u00e9 du temps avec, plus j\u2019ai compris \u00e0 qui cette enceinte \u00e9tait destin\u00e9e. Les musiciens qui aiment avoir un haut-parleur portable qui leur donne la possibilit\u00e9 de jouer avec leur m\u00e9dia Bluetooth, d&rsquo;ajouter un microphone ou de le connecter en s\u00e9rie \u00e0 un ampli plus grand tireront le meilleur parti de ce haut-parleur. Essentiellement, c&rsquo;est le r\u00eave d&rsquo;un musicien ambulant. Mais pour tous ceux qui recherchent une enceinte de f\u00eate, la JBL PartyBox Stage 320 est incontestablement le meilleur choix \u2013 et pour la meilleure enceinte portable d\u2019ext\u00e9rieur, ne cherchez pas plus loin que la Soundboks Go.<\/p>\n<p>Fender m&rsquo;a envoy\u00e9 le haut-parleur Rockster Air 2, une collaboration avec Teufel, une soci\u00e9t\u00e9 allemande qui fabrique des produits audio, \u00e0 tester. Cette collaboration consiste principalement \u00e0 ce que Fender appose son nom de marque sur le Rockster Air 2, sorti quelques mois avant la collaboration.<\/p>\n<div class=\"pogoClear mb-12 mt-10 rounded-md border-2 border-gray-100 py-7 shadow-xl md:py-6\">\n<div class=\"flex flex-wrap justify-between px-7 text-black no-underline md:flex-nowrap md:px-8\">\n<div class=\"order-1 mx-auto flex flex-col justify-center md:order-2 md:ml-4 md:w-full md:grow\">\n<div class=\"block cursor-pointer text-center font-akshar text-2xl font-medium leading-7 text-brand-green duration-200 ease-in-out hover:text-brand-green-700 md:text-left md:text-xl md:leading-6\">Fender x Teufel ROCKSTER AIR 2\n                <\/div>\n<div class=\"mt-4 hidden md:flex md:justify-between\">\n<div class=\"self-end\">\n<div class=\"mb-0 h-11 md:flex md:flex-col md:justify-center\">\n<div class=\" font-sans leading-4 text-black\">\n<div class=\"flex flex-wrap items-center justify-center gap-x-1 md:justify-start\">\n        <span class=\"font-bold\"><\/p>\n<p>            499,99\u00a0$<br \/>\n                            <span class=\"font-medium\">chez Amazon<\/span><br \/>\n                    <\/span><br \/>\n                    <img decoding=\"async\" class=\"mt-0 h-(15px)\" src=\"https:\/\/vieassociative.be\/actualites\/wp-content\/uploads\/2024\/12\/Le-haut-parleur-Fender-est-ideal-pour-les-musiciens-de-rue.svg.svg+xml\" title=\"Amazon Premier\" alt=\"Amazon Premier\">\n            <\/div>\n<div class=\"flex items-center justify-center gap-x-1 font-bold md:justify-start\">\n            <span class=\"text-sm line-through\">599,99\u00a0$<\/span><br \/>\n            <span class=\"text-sm text-brand-green\">\u00c9conomisez 100,00\u00a0$<\/span>\n        <\/div>\n<\/p><\/div>\n<\/p><\/div>\n<\/p><\/div>\n<div class=\"w-44 self-end\">\n                            <button class=\"flex justify-center items-center w-full bg-brand-green text-white text-base font-sans font-medium rounded-md hover:bg-brand-green-700 hover:cursor-pointer md:text-sm h-11\"><\/p>\n<p>    Obtenez une offre<br \/>\n<\/button>\n                        <\/div>\n<\/p><\/div>\n<\/p><\/div>\n<div class=\"order-2 mt-5 h-auto w-full md:order-1 md:mt-0 md:hidden\">\n<div class=\"flex aspect-video items-center justify-center\">\n                                            <img decoding=\"async\" class=\"m-0 max-h-full max-w-full rounded-md\" src=\"https:\/\/vieassociative.be\/actualites\/wp-content\/uploads\/2024\/12\/Le-haut-parleur-Fender-est-ideal-pour-les-musiciens-de-rue.jpg\" alt=\"Enceinte Bluetooth portable Fender x Teufel ROCKSTER AIR 2 \u2013 Son et basses puissants, batterie 58 heures, f\u00eates et \u00e9v\u00e9nements, entr\u00e9es micro et guitare, batterie externe\" width=\"auto\" height=\"auto\" loading=\"lazy\">\n                                    <\/div>\n<\/p><\/div>\n<div class=\"order-2 ml-2 hidden w-32 shrink-0 items-center md:order-1 md:ml-0 md:flex\">\n<div class=\"flex aspect-video items-center justify-center\">\n                                            <img decoding=\"async\" class=\"m-0 max-h-full max-w-full rounded-md\" src=\"https:\/\/vieassociative.be\/actualites\/wp-content\/uploads\/2024\/12\/Le-haut-parleur-Fender-est-ideal-pour-les-musiciens-de-rue.jpg\" alt=\"Enceinte Bluetooth portable Fender x Teufel ROCKSTER AIR 2 \u2013 Son et basses puissants, batterie 58 heures, f\u00eates et \u00e9v\u00e9nements, entr\u00e9es micro et guitare, batterie externe\" width=\"auto\" height=\"auto\" loading=\"lazy\">\n                                    <\/div>\n<\/p><\/div>\n<div class=\"order-3 flex grow flex-wrap md:hidden md:grow-0\">\n<div class=\"mt-4 w-full\">\n                        <button class=\"flex justify-center items-center w-full bg-brand-green text-white text-base font-sans font-medium rounded-md hover:bg-brand-green-700 hover:cursor-pointer md:text-sm h-11\"><\/p>\n<p>    Obtenez une offre<br \/>\n<\/button>\n                    <\/div>\n<div class=\"mx-2 mt-4 w-full\">\n<div class=\" font-sans leading-4 text-black\">\n<div class=\"flex flex-wrap items-center justify-center gap-x-1 md:justify-start\">\n        <span class=\"font-bold\"><\/p>\n<p>            499,99\u00a0$<br \/>\n                            <span class=\"font-medium\">chez Amazon<\/span><br \/>\n                    <\/span><br \/>\n                    <img decoding=\"async\" class=\"mt-0 h-(15px)\" src=\"https:\/\/vieassociative.be\/actualites\/wp-content\/uploads\/2024\/12\/Le-haut-parleur-Fender-est-ideal-pour-les-musiciens-de-rue.svg.svg+xml\" title=\"Amazon Premier\" alt=\"Amazon Premier\">\n            <\/div>\n<div class=\"flex items-center justify-center gap-x-1 font-bold md:justify-start\">\n            <span class=\"text-sm line-through\">599,99\u00a0$<\/span><br \/>\n            <span class=\"text-sm text-brand-green\">\u00c9conomisez 100,00\u00a0$<\/span>\n        <\/div>\n<\/p><\/div>\n<\/p><\/div>\n<\/p><\/div>\n<\/p><\/div>\n<\/div>\n<h2 id=\"pros-and-cons-of-the-fender-x-teufel-rockster-air-2\">Avantages et inconv\u00e9nients du Fender x Teufel Rockster Air 2<\/h2>\n<h3>Avantages<\/h3>\n<ul>\n<li>\n<p>Peut jouer simultan\u00e9ment Bluetooth, AUX, microphone et guitare tout en \u00e9tant connect\u00e9 en s\u00e9rie \u00e0 d&rsquo;autres haut-parleurs\/amplis, le tout avec un contr\u00f4le de volume physique individuel<\/p>\n<\/li>\n<li>\n<p>Batterie impressionnante de 58 heures \u00e0 volume moyen<\/p>\n<\/li>\n<li>\n<p>Commandes physiques d&rsquo;\u00e9galisation des basses et des aigus sur le haut-parleur<\/p>\n<\/li>\n<li>\n<p>Batterie rempla\u00e7able et option pour batterie externe suppl\u00e9mentaire<\/p>\n<\/li>\n<li>\n<p>Peut \u00e9couter de la musique et charger la batterie en m\u00eame temps sans restriction de volume (peut \u00e9galement jouer avec uniquement le cordon d&rsquo;alimentation et sans batterie)<\/p>\n<\/li>\n<\/ul>\n<h3>Inconv\u00e9nients<\/h3>\n<ul>\n<li>\n<p>Cher<\/p>\n<\/li>\n<li>\n<p>Uniquement canal audio mono (peut obtenir un son st\u00e9r\u00e9o si vous connectez plusieurs haut-parleurs Rockster Air 2)<\/p>\n<\/li>\n<li>\n<p>Pas d&rsquo;application ni de t\u00e9l\u00e9commande<\/p>\n<\/li>\n<li>\n<p>Pas de personnalisation compl\u00e8te de l&rsquo;\u00e9galiseur ni de pr\u00e9r\u00e9glages<\/p>\n<\/li>\n<li>\n<p>Aucune protection contre les \u00e9l\u00e9ments (eau ou poussi\u00e8re)<\/p>\n<\/li>\n<\/ul>\n<h3>Sp\u00e9cifications<\/h3>\n<ul>\n<li>\n<p><strong>Autonomie de la batterie<\/strong>: Jusqu&rsquo;\u00e0 58 heures \u00e0 mi-volume ; prend 3 heures pour charger compl\u00e8tement. Une batterie rechargeable amovible de 7,8 Ah et une connexion batterie externe 12 V disponible.<\/p>\n<\/li>\n<li>\n<p><strong>Connectivit\u00e9<\/strong>: Bluetooth 5.0 avec codecs aptX HD et AAC. Le mode st\u00e9r\u00e9o Party Link se connecte \u00e0 un autre haut-parleur Rockster Air 2 pour un son st\u00e9r\u00e9o. <\/p>\n<\/li>\n<li>\n<p><strong>Application<\/strong>: Aucun.<\/p>\n<\/li>\n<li>\n<p><strong>Entr\u00e9es<\/strong>: Dispose d&rsquo;une entr\u00e9e auxiliaire 3,5 mm, d&rsquo;une sortie XLR pour le cha\u00eenage en s\u00e9rie, d&rsquo;une entr\u00e9e jack\/guitare st\u00e9r\u00e9o 6,3 mm, d&rsquo;une entr\u00e9e microphone XLR et d&rsquo;un port USB-C pour charger des appareils externes.<\/p>\n<\/li>\n<li>\n<p><strong>Pilotes<\/strong>: Un woofer de 10 pouces, un tweeter de 1 pouce avec une plage de fr\u00e9quences de 47 Hz \u00e0 22 kHz.<\/p>\n<\/li>\n<li>\n<p><strong>Puissance de sortie<\/strong>: Un amplificateur de classe D, atteignant jusqu&rsquo;\u00e0 115 dB. Puissance totale de 80 watts<strong> <\/strong>RMS.<\/p>\n<\/li>\n<li>\n<p><strong>R\u00e9sistance \u00e0 l&rsquo;eau<\/strong>: Aucun.<\/p>\n<\/li>\n<li>\n<p><strong>Taille<\/strong>: 12,7 \u00d7 23,2 \u00d7 13,5 pouces (H \u00d7 L \u00d7 P).<\/p>\n<\/li>\n<li>\n<p><strong>Poids<\/strong>: 31,2 livres.<\/p>\n<\/li>\n<\/ul>\n<h2 id=\"first-impressions-of-the-fender-x-teufel-rockster-air-2\">Premi\u00e8res impressions du Fender x Teufel Rockster Air 2<\/h2>\n<div class=\"eloquent-imagery-image\">\n<div class=\"flex justify-center\">\n                    <img decoding=\"async\" class=\"border border-gray-100\" src=\"https:\/\/vieassociative.be\/actualites\/wp-content\/uploads\/2024\/12\/1733469560_768_Le-haut-parleur-Fender-est-ideal-pour-les-musiciens-de-rue.jpg\" alt=\"Un gros plan du haut-parleur Fender x Teufel Rockster Air 2.\" width=\"2000\" height=\"1125\" loading=\"lazy\"  >\n            <\/div>\n<\/p><\/div>\n<p>Comme je le fais avec toutes les enceintes de f\u00eate portables que j\u2019examine, je l\u2019ai emport\u00e9 dans ma patinoire de football locale tout en organisant un match de football du Street FC. J&rsquo;ai fait exploser le haut-parleur \u00e0 plein volume et il n&rsquo;a pas atteint les niveaux \u00e9lev\u00e9s du Soundboks Go, ce qui \u00e9tait d\u00e9cevant, mais je suis peut-\u00eatre g\u00e2t\u00e9 par le niveau de 121 dB qu&rsquo;il atteint. Les 115 dB du Rockster conviennent et conviennent \u00e0 la plupart des gens. Il est capable de remplir une maison int\u00e9rieure de 1 200 pieds carr\u00e9s avec un son suffisamment fort pour organiser une f\u00eate. Le son a gard\u00e9 sa qualit\u00e9 m\u00eame au volume maximum.<\/p>\n<div class=\"eloquent-imagery-image\">\n<div class=\"flex justify-center\">\n                    <img decoding=\"async\" class=\"border border-gray-100\" src=\"https:\/\/vieassociative.be\/actualites\/wp-content\/uploads\/2024\/12\/1733469560_639_Le-haut-parleur-Fender-est-ideal-pour-les-musiciens-de-rue.jpg\" alt=\"Comment le haut-parleur Fender x Teufel Rockster Air 2 se compare au JBL PartyBox Stage 320.\" width=\"2000\" height=\"1125\" loading=\"lazy\"  >\n            <\/div>\n<\/p><\/div>\n<p>L\u2019enceinte est tr\u00e8s capable de chuter. Alors qu&rsquo;ils \u00e9taient sur le terrain, l&rsquo;un des joueurs a percut\u00e9 le haut-parleur \u00e0 toute vitesse, les deux \u00e9tant durement renvers\u00e9s. Ni l&rsquo;orateur ni le joueur ne semblaient cependant en phase, tous deux continuant leurs fonctions comme si de rien n&rsquo;\u00e9tait. Mais s&rsquo;il avait plu pendant notre absence, l&rsquo;enceinte n&rsquo;aurait plus \u00e9t\u00e9, puisqu&rsquo;elle n&rsquo;a aucune r\u00e9sistance \u00e0 l&rsquo;eau (ni \u00e0 la poussi\u00e8re, donc faites attention en l&rsquo;exposant dans des champs poussi\u00e9reux).<\/p>\n<div class=\"eloquent-imagery-image\">\n<div class=\"flex justify-center\">\n                    <img decoding=\"async\" class=\"border border-gray-100\" src=\"https:\/\/vieassociative.be\/actualites\/wp-content\/uploads\/2024\/12\/1733469560_2_Le-haut-parleur-Fender-est-ideal-pour-les-musiciens-de-rue.jpg\" alt=\"Les panneaux de commande physiques du haut-parleur Fender x Teufel Rockster Air 2.\" width=\"2000\" height=\"1125\" loading=\"lazy\"  >\n            <\/div>\n<\/p><\/div>\n<p>Une caract\u00e9ristique remarquable que je n\u2019ai pas vue sur d\u2019autres mod\u00e8les sont les boutons rotatifs de graves et d\u2019aigus situ\u00e9s sur le dessus du haut-parleur. Cela facilite le r\u00e9glage de l&rsquo;\u00e9galisation du Rockster Air 2 et je me demande pourquoi d&rsquo;autres haut-parleurs ne le font pas aussi. Puisqu\u2019il s\u2019agit d\u2019un haut-parleur con\u00e7u pour les musiciens qui souhaitent brancher des micros ou des instruments, il est logique de disposer de r\u00e9glages physiques des aigus et des basses. Cependant, le plus gros inconv\u00e9nient de cette enceinte est qu\u2019elle ne dispose pas d\u2019application, et donc d\u2019aucun moyen de personnaliser enti\u00e8rement l\u2019\u00e9galiseur. Les r\u00e9glages des aigus et des basses ne remplacent pas les commandes d\u2019\u00e9galisation compl\u00e8tes et un haut-parleur de ce prix devrait absolument en avoir un (en particulier un con\u00e7u pour les musiciens).<\/p>\n<div class=\"eloquent-imagery-image\">\n<div class=\"flex justify-center\">\n                    <img decoding=\"async\" class=\"border border-gray-100\" src=\"https:\/\/vieassociative.be\/actualites\/wp-content\/uploads\/2024\/12\/1733469560_320_Le-haut-parleur-Fender-est-ideal-pour-les-musiciens-de-rue.jpg\" alt=\"Le panneau d'entr\u00e9e et de sortie arri\u00e8re du haut-parleur Fender x Teufel Rockster Air 2.\" width=\"2000\" height=\"1125\" loading=\"lazy\"  >\n            <\/div>\n<\/p><\/div>\n<p>C\u2019est \u00e0 l\u2019arri\u00e8re du haut-parleur Rockster Air 2 qu\u2019il brille. Il dispose d&rsquo;une entr\u00e9e auxiliaire 3,5 mm avec son propre bouton rotatif de volume, d&rsquo;une sortie XLR pour se connecter \u00e0 un autre ampli, d&rsquo;une entr\u00e9e jack\/guitare st\u00e9r\u00e9o 6,3 mm et d&rsquo;une entr\u00e9e microphone XLR, chacune avec ses propres boutons rotatifs de volume, et d&rsquo;un port USB-C. pour charger des appareils externes comme votre t\u00e9l\u00e9phone. <\/p>\n<h2 id=\"features-of-the-fender-x-teufel-rockster-air-2\">Caract\u00e9ristiques du Fender x Teufel Rockster Air 2<\/h2>\n<div class=\"eloquent-imagery-image\">\n<div class=\"flex justify-center\">\n                    <img decoding=\"async\" class=\"border border-gray-100\" src=\"https:\/\/vieassociative.be\/actualites\/wp-content\/uploads\/2024\/12\/1733469560_42_Le-haut-parleur-Fender-est-ideal-pour-les-musiciens-de-rue.jpg\" alt=\"Connexion en s\u00e9rie du haut-parleur Fender x Teufel Rockster Air 2 \u00e0 un ampli et une guitare.\" width=\"2000\" height=\"1125\" loading=\"lazy\"  >\n            <\/div>\n<\/p><\/div>\n<p>Puisqu\u2019il n\u2019y a pas d\u2019application, il n\u2019y a pas beaucoup de fonctionnalit\u00e9s sp\u00e9ciales. Tout ce que vous obtenez est ce qui se trouve directement sur le haut-parleur. Mais le panneau arri\u00e8re a beaucoup \u00e0 offrir si vous recherchez de la flexibilit\u00e9 quant \u00e0 ce que vous souhaitez connecter \u00e0 l&rsquo;enceinte. J&rsquo;ai emmen\u00e9 le Rockster Air 2 chez mon ami et j&rsquo;ai branch\u00e9 sa guitare \u00e9lectrique, un microphone et connect\u00e9 le haut-parleur \u00e0 un ampli. J&rsquo;ai pu connecter Spotify au Rockster Air 2 et \u00e9couter de la musique pendant que mon ami jouait dessus avec sa guitare et que j&rsquo;utilisais le microphone. Pouvoir faire tout cela et le connecter \u00e0 un ampli ext\u00e9rieur est impressionnant. Si j&rsquo;avais eu un deuxi\u00e8me Rockster Air 2, j&rsquo;aurais \u00e9galement pu utiliser la fonction Party-link et leur faire jouer un son st\u00e9r\u00e9o. <\/p>\n<div class=\"eloquent-imagery-image\">\n<div class=\"flex justify-center\">\n                    <img decoding=\"async\" class=\"border border-gray-100\" src=\"https:\/\/vieassociative.be\/actualites\/wp-content\/uploads\/2024\/12\/Le-haut-parleur-Fender-est-ideal-pour-les-musiciens-de-rue.png\" alt=\"Brancher mon iPod Classic et un micro au haut-parleur Fender x Teufel Rockster Air 2.\" width=\"2000\" height=\"1125\" loading=\"lazy\"  >\n            <\/div>\n<\/p><\/div>\n<p>La flexibilit\u00e9 qu&rsquo;offre cette enceinte pour connecter des instruments tout en \u00e9tant capable de contr\u00f4ler le volume de chaque entr\u00e9e individuellement en fait le r\u00eave d&rsquo;un musicien ou d&rsquo;un musicien ambulant. Quelqu&rsquo;un avec une guitare ou un microphone et peut-\u00eatre un ami avec un clavier \u00e9lectrique peuvent facilement emmener ce haut-parleur de 31,2 livres dans Main Street et r\u00e9aliser une performance. Une autre bonne surprise a \u00e9t\u00e9 de pouvoir lire de la musique depuis l&rsquo;AUX et le Bluetooth en m\u00eame temps (je n&rsquo;aurais jamais imagin\u00e9 entendre Doja Cat et The Strokes collaborer). <\/p>\n<div class=\"eloquent-imagery-image\">\n<div class=\"flex justify-center\">\n                    <img decoding=\"async\" class=\"border border-gray-100\" src=\"https:\/\/vieassociative.be\/actualites\/wp-content\/uploads\/2024\/12\/1733469561_164_Le-haut-parleur-Fender-est-ideal-pour-les-musiciens-de-rue.jpg\" alt=\"La batterie amovible du haut-parleur Fender x Teufel Rockster Air 2.\" width=\"2000\" height=\"1125\" loading=\"lazy\"  >\n            <\/div>\n<\/p><\/div>\n<p>La dur\u00e9e de vie de la batterie est impressionnante, avec jusqu&rsquo;\u00e0 58 heures d&rsquo;autonomie \u00e0 volume moyen, la meilleure statistique parmi toutes les enceintes de f\u00eate que j&rsquo;ai test\u00e9es. Avec le mode Eco au volume maximum (qui r\u00e9duit les basses), il offre jusqu&rsquo;\u00e0 31 heures de musique. J&rsquo;aime vraiment pouvoir jouer sur le haut-parleur sans la batterie et juste avec le cordon d&rsquo;alimentation directement branch\u00e9 sur le haut-parleur. Puisqu\u2019il existe une entr\u00e9e USB-C, un musicien ambulant pourrait charger son t\u00e9l\u00e9phone tout en jouant. Une belle touche.<\/p>\n<h2 id=\"bottom-line\">Conclusion<\/h2>\n<div class=\"eloquent-imagery-image\">\n<div class=\"flex justify-center\">\n                    <img decoding=\"async\" class=\"border border-gray-100\" src=\"https:\/\/vieassociative.be\/actualites\/wp-content\/uploads\/2024\/12\/1733469561_662_Le-haut-parleur-Fender-est-ideal-pour-les-musiciens-de-rue.jpg\" alt=\"Le haut-parleur Fender x Teufel Rockster Air 2 \u00e0 l'ext\u00e9rieur lors d'un match du Street FC.\" width=\"2000\" height=\"1125\" loading=\"lazy\"  >\n            <\/div>\n<\/p><\/div>\n<p>Le Fender x Teufel Rockster Air 2 est un haut-parleur de niche, id\u00e9al pour un musicien ou un musicien ambulant \u00e0 la recherche d&rsquo;un haut-parleur portable fiable pour connecter plusieurs entr\u00e9es comme un microphone, une guitare et un AUX tout en lisant des m\u00e9dias Bluetooth dessus ou en le connectant \u00e0 un autre. haut-parleur (le tout en m\u00eame temps si vous le souhaitez). La flexibilit\u00e9 des entr\u00e9es et des sorties est la force du Rockster Air 2, tout comme la longue dur\u00e9e de vie de la batterie de 58 heures. Mais si vous n\u2019\u00eates pas un musicien ou quelqu\u2019un qui souhaite utiliser toutes ces fonctionnalit\u00e9s, autant chercher ailleurs. \u00c0 600 $, cette enceinte devrait disposer d\u2019une application avec une personnalisation compl\u00e8te de l\u2019\u00e9galisation et une sorte de protection contre l\u2019eau ou la poussi\u00e8re. Les boutons physiques d&rsquo;aigus et de basses du haut-parleur sont une touche agr\u00e9able, mais cela ne remplace pas le fait de ne pas avoir un contr\u00f4le total sur l&rsquo;\u00e9galiseur. Il existe des options moins ch\u00e8res et de meilleure qualit\u00e9 pour une enceinte de f\u00eate comme la JBL PartyBox Stage 320 avec plus de fonctionnalit\u00e9s de f\u00eate, ou des enceintes d&rsquo;ext\u00e9rieur plus robustes comme la Soundboks Go avec un son plus puissant et une protection contre les \u00e9l\u00e9ments. Mais si vous \u00eates musicien ou recherchez de la flexibilit\u00e9 avec les entr\u00e9es et sorties, le Rockster Air 2 est un choix solide. <\/p>\n","protected":false},"excerpt":{"rendered":"<p>Les artistes de rue ou les musiciens ont beaucoup \u00e0 attendre avec cette enceinte portable, mais les audiophiles ou ceux qui recherchent une enceinte robuste<\/p>\n","protected":false},"author":1,"featured_media":3112,"comment_status":"","ping_status":"","sticky":false,"template":"","format":"standard","meta":{"footnotes":""},"categories":[13],"tags":[362,3132,76,3808,3545,2482,14,156,3809,81,599,236],"class_list":["post-3111","post","type-post","status-publish","format-standard","has-post-thumbnail","hentry","category-technologie","tag-cest","tag-essentiellement","tag-est","tag-fender","tag-hautparleur","tag-ideal","tag-les","tag-mais","tag-musiciens","tag-pour","tag-rue","tag-tout","generate-columns","tablet-grid-50","mobile-grid-100","grid-parent","grid-33"],"yoast_head":"<!-- This site is optimized with the Yoast SEO plugin v24.0 - https:\/\/yoast.com\/wordpress\/plugins\/seo\/ -->\n<title>Le haut-parleur Fender est id\u00e9al pour les musiciens de rue et les musiciens, mais c&#039;est essentiellement tout | Vie Associative<\/title>\n<meta name=\"robots\" content=\"index, follow, max-snippet:-1, max-image-preview:large, max-video-preview:-1\" \/>\n<link rel=\"canonical\" href=\"https:\/\/vieassociative.be\/actualites\/le-haut-parleur-fender-est-ideal-pour-les-musiciens-de-rue-et-les-musiciens-mais-cest-essentiellement-tout\/\" \/>\n<meta property=\"og:locale\" content=\"fr_FR\" \/>\n<meta property=\"og:type\" content=\"article\" \/>\n<meta property=\"og:title\" content=\"Le haut-parleur Fender est id\u00e9al pour les musiciens de rue et les musiciens, mais c&#039;est essentiellement tout | Vie Associative\" \/>\n<meta property=\"og:description\" content=\"Les artistes de rue ou les musiciens ont beaucoup \u00e0 attendre avec cette enceinte portable, mais les audiophiles ou ceux qui recherchent une enceinte robuste\" \/>\n<meta property=\"og:url\" content=\"https:\/\/vieassociative.be\/actualites\/le-haut-parleur-fender-est-ideal-pour-les-musiciens-de-rue-et-les-musiciens-mais-cest-essentiellement-tout\/\" \/>\n<meta property=\"og:site_name\" content=\"Vie Associative\" \/>\n<meta property=\"article:published_time\" content=\"2024-12-06T07:19:21+00:00\" \/>\n<meta property=\"og:image\" content=\"https:\/\/vieassociative.be\/actualites\/wp-content\/uploads\/2024\/12\/Le-haut-parleur-Fender-est-ideal-pour-les-musiciens-de-rue.svg.svg+xml\" \/>\n<meta name=\"author\" content=\"Julien\" \/>\n<meta name=\"twitter:card\" content=\"summary_large_image\" \/>\n<meta name=\"twitter:label1\" content=\"\u00c9crit par\" \/>\n\t<meta name=\"twitter:data1\" content=\"Julien\" \/>\n\t<meta name=\"twitter:label2\" content=\"Dur\u00e9e de lecture est.\" \/>\n\t<meta name=\"twitter:data2\" content=\"8 minutes\" \/>\n<script type=\"application\/ld+json\" class=\"yoast-schema-graph\">{\"@context\":\"https:\/\/schema.org\",\"@graph\":[{\"@type\":\"Article\",\"@id\":\"https:\/\/vieassociative.be\/actualites\/le-haut-parleur-fender-est-ideal-pour-les-musiciens-de-rue-et-les-musiciens-mais-cest-essentiellement-tout\/#article\",\"isPartOf\":{\"@id\":\"https:\/\/vieassociative.be\/actualites\/le-haut-parleur-fender-est-ideal-pour-les-musiciens-de-rue-et-les-musiciens-mais-cest-essentiellement-tout\/\"},\"author\":{\"name\":\"Julien\",\"@id\":\"https:\/\/vieassociative.be\/actualites\/#\/schema\/person\/b87ac4f82f9d4e7b7cec7395b679edc4\"},\"headline\":\"Le haut-parleur Fender est id\u00e9al pour les musiciens de rue et les musiciens, mais c&rsquo;est essentiellement tout\",\"datePublished\":\"2024-12-06T07:19:21+00:00\",\"dateModified\":\"2024-12-06T07:19:21+00:00\",\"mainEntityOfPage\":{\"@id\":\"https:\/\/vieassociative.be\/actualites\/le-haut-parleur-fender-est-ideal-pour-les-musiciens-de-rue-et-les-musiciens-mais-cest-essentiellement-tout\/\"},\"wordCount\":1659,\"publisher\":{\"@id\":\"https:\/\/vieassociative.be\/actualites\/#organization\"},\"image\":{\"@id\":\"https:\/\/vieassociative.be\/actualites\/le-haut-parleur-fender-est-ideal-pour-les-musiciens-de-rue-et-les-musiciens-mais-cest-essentiellement-tout\/#primaryimage\"},\"thumbnailUrl\":\"https:\/\/vieassociative.be\/actualites\/wp-content\/uploads\/2024\/12\/1733469561_Le-haut-parleur-Fender-est-ideal-pour-les-musiciens-de-rue.png\",\"keywords\":[\"cest\",\"essentiellement\",\"est\",\"Fender\",\"hautparleur\",\"id\u00e9al\",\"Les\",\"mais\",\"musiciens\",\"pour\",\"rue\",\"tout\"],\"articleSection\":[\"Technologie\"],\"inLanguage\":\"fr-BE\"},{\"@type\":\"WebPage\",\"@id\":\"https:\/\/vieassociative.be\/actualites\/le-haut-parleur-fender-est-ideal-pour-les-musiciens-de-rue-et-les-musiciens-mais-cest-essentiellement-tout\/\",\"url\":\"https:\/\/vieassociative.be\/actualites\/le-haut-parleur-fender-est-ideal-pour-les-musiciens-de-rue-et-les-musiciens-mais-cest-essentiellement-tout\/\",\"name\":\"Le haut-parleur Fender est id\u00e9al pour les musiciens de rue et les musiciens, mais c'est essentiellement tout | Vie Associative\",\"isPartOf\":{\"@id\":\"https:\/\/vieassociative.be\/actualites\/#website\"},\"primaryImageOfPage\":{\"@id\":\"https:\/\/vieassociative.be\/actualites\/le-haut-parleur-fender-est-ideal-pour-les-musiciens-de-rue-et-les-musiciens-mais-cest-essentiellement-tout\/#primaryimage\"},\"image\":{\"@id\":\"https:\/\/vieassociative.be\/actualites\/le-haut-parleur-fender-est-ideal-pour-les-musiciens-de-rue-et-les-musiciens-mais-cest-essentiellement-tout\/#primaryimage\"},\"thumbnailUrl\":\"https:\/\/vieassociative.be\/actualites\/wp-content\/uploads\/2024\/12\/1733469561_Le-haut-parleur-Fender-est-ideal-pour-les-musiciens-de-rue.png\",\"datePublished\":\"2024-12-06T07:19:21+00:00\",\"dateModified\":\"2024-12-06T07:19:21+00:00\",\"breadcrumb\":{\"@id\":\"https:\/\/vieassociative.be\/actualites\/le-haut-parleur-fender-est-ideal-pour-les-musiciens-de-rue-et-les-musiciens-mais-cest-essentiellement-tout\/#breadcrumb\"},\"inLanguage\":\"fr-BE\",\"potentialAction\":[{\"@type\":\"ReadAction\",\"target\":[\"https:\/\/vieassociative.be\/actualites\/le-haut-parleur-fender-est-ideal-pour-les-musiciens-de-rue-et-les-musiciens-mais-cest-essentiellement-tout\/\"]}]},{\"@type\":\"ImageObject\",\"inLanguage\":\"fr-BE\",\"@id\":\"https:\/\/vieassociative.be\/actualites\/le-haut-parleur-fender-est-ideal-pour-les-musiciens-de-rue-et-les-musiciens-mais-cest-essentiellement-tout\/#primaryimage\",\"url\":\"https:\/\/vieassociative.be\/actualites\/wp-content\/uploads\/2024\/12\/1733469561_Le-haut-parleur-Fender-est-ideal-pour-les-musiciens-de-rue.png\",\"contentUrl\":\"https:\/\/vieassociative.be\/actualites\/wp-content\/uploads\/2024\/12\/1733469561_Le-haut-parleur-Fender-est-ideal-pour-les-musiciens-de-rue.png\",\"width\":1200,\"height\":675,\"caption\":\"Le haut-parleur Fender est id\u00e9al pour les musiciens de rue et les musiciens, mais c'est essentiellement tout\"},{\"@type\":\"BreadcrumbList\",\"@id\":\"https:\/\/vieassociative.be\/actualites\/le-haut-parleur-fender-est-ideal-pour-les-musiciens-de-rue-et-les-musiciens-mais-cest-essentiellement-tout\/#breadcrumb\",\"itemListElement\":[{\"@type\":\"ListItem\",\"position\":1,\"name\":\"Accueil\",\"item\":\"https:\/\/vieassociative.be\/actualites\/\"},{\"@type\":\"ListItem\",\"position\":2,\"name\":\"Le haut-parleur Fender est id\u00e9al pour les musiciens de rue et les musiciens, mais c&rsquo;est essentiellement tout\"}]},{\"@type\":\"WebSite\",\"@id\":\"https:\/\/vieassociative.be\/actualites\/#website\",\"url\":\"https:\/\/vieassociative.be\/actualites\/\",\"name\":\"Vie Associative\",\"description\":\"\",\"publisher\":{\"@id\":\"https:\/\/vieassociative.be\/actualites\/#organization\"},\"potentialAction\":[{\"@type\":\"SearchAction\",\"target\":{\"@type\":\"EntryPoint\",\"urlTemplate\":\"https:\/\/vieassociative.be\/actualites\/?s={search_term_string}\"},\"query-input\":{\"@type\":\"PropertyValueSpecification\",\"valueRequired\":true,\"valueName\":\"search_term_string\"}}],\"inLanguage\":\"fr-BE\"},{\"@type\":\"Organization\",\"@id\":\"https:\/\/vieassociative.be\/actualites\/#organization\",\"name\":\"Vie Associative\",\"url\":\"https:\/\/vieassociative.be\/actualites\/\",\"logo\":{\"@type\":\"ImageObject\",\"inLanguage\":\"fr-BE\",\"@id\":\"https:\/\/vieassociative.be\/actualites\/#\/schema\/logo\/image\/\",\"url\":\"https:\/\/vieassociative.be\/actualites\/wp-content\/uploads\/2024\/09\/cropped-vieassociative_favicon.ico.png\",\"contentUrl\":\"https:\/\/vieassociative.be\/actualites\/wp-content\/uploads\/2024\/09\/cropped-vieassociative_favicon.ico.png\",\"width\":512,\"height\":512,\"caption\":\"Vie Associative\"},\"image\":{\"@id\":\"https:\/\/vieassociative.be\/actualites\/#\/schema\/logo\/image\/\"}},{\"@type\":\"Person\",\"@id\":\"https:\/\/vieassociative.be\/actualites\/#\/schema\/person\/b87ac4f82f9d4e7b7cec7395b679edc4\",\"name\":\"Julien\",\"image\":{\"@type\":\"ImageObject\",\"inLanguage\":\"fr-BE\",\"@id\":\"https:\/\/vieassociative.be\/actualites\/#\/schema\/person\/image\/\",\"url\":\"https:\/\/vieassociative.be\/actualites\/wp-content\/uploads\/2024\/09\/vie-associative-1-150x150.jpg\",\"contentUrl\":\"https:\/\/vieassociative.be\/actualites\/wp-content\/uploads\/2024\/09\/vie-associative-1-150x150.jpg\",\"caption\":\"Julien\"},\"description\":\"Je suis Julien, r\u00e9dacteur pour Vie Associative. Passionn\u00e9 par le monde associatif depuis plus de 10 ans, j'ai \u00e0 c\u0153ur de partager des histoires inspirantes et de mettre en lumi\u00e8re les initiatives locales. Mon objectif est de sensibiliser et d'encourager l'engagement communautaire \u00e0 travers mes articles.\",\"sameAs\":[\"https:\/\/vieassociative.be\/\"]}]}<\/script>\n<!-- \/ Yoast SEO plugin. -->","yoast_head_json":{"title":"Le haut-parleur Fender est id\u00e9al pour les musiciens de rue et les musiciens, mais c'est essentiellement tout | Vie Associative","robots":{"index":"index","follow":"follow","max-snippet":"max-snippet:-1","max-image-preview":"max-image-preview:large","max-video-preview":"max-video-preview:-1"},"canonical":"https:\/\/vieassociative.be\/actualites\/le-haut-parleur-fender-est-ideal-pour-les-musiciens-de-rue-et-les-musiciens-mais-cest-essentiellement-tout\/","og_locale":"fr_FR","og_type":"article","og_title":"Le haut-parleur Fender est id\u00e9al pour les musiciens de rue et les musiciens, mais c'est essentiellement tout | Vie Associative","og_description":"Les artistes de rue ou les musiciens ont beaucoup \u00e0 attendre avec cette enceinte portable, mais les audiophiles ou ceux qui recherchent une enceinte robuste","og_url":"https:\/\/vieassociative.be\/actualites\/le-haut-parleur-fender-est-ideal-pour-les-musiciens-de-rue-et-les-musiciens-mais-cest-essentiellement-tout\/","og_site_name":"Vie Associative","article_published_time":"2024-12-06T07:19:21+00:00","og_image":[{"url":"https:\/\/vieassociative.be\/actualites\/wp-content\/uploads\/2024\/12\/Le-haut-parleur-Fender-est-ideal-pour-les-musiciens-de-rue.svg.svg+xml","type":"","width":"","height":""}],"author":"Julien","twitter_card":"summary_large_image","twitter_misc":{"\u00c9crit par":"Julien","Dur\u00e9e de lecture est.":"8 minutes"},"schema":{"@context":"https:\/\/schema.org","@graph":[{"@type":"Article","@id":"https:\/\/vieassociative.be\/actualites\/le-haut-parleur-fender-est-ideal-pour-les-musiciens-de-rue-et-les-musiciens-mais-cest-essentiellement-tout\/#article","isPartOf":{"@id":"https:\/\/vieassociative.be\/actualites\/le-haut-parleur-fender-est-ideal-pour-les-musiciens-de-rue-et-les-musiciens-mais-cest-essentiellement-tout\/"},"author":{"name":"Julien","@id":"https:\/\/vieassociative.be\/actualites\/#\/schema\/person\/b87ac4f82f9d4e7b7cec7395b679edc4"},"headline":"Le haut-parleur Fender est id\u00e9al pour les musiciens de rue et les musiciens, mais c&rsquo;est essentiellement tout","datePublished":"2024-12-06T07:19:21+00:00","dateModified":"2024-12-06T07:19:21+00:00","mainEntityOfPage":{"@id":"https:\/\/vieassociative.be\/actualites\/le-haut-parleur-fender-est-ideal-pour-les-musiciens-de-rue-et-les-musiciens-mais-cest-essentiellement-tout\/"},"wordCount":1659,"publisher":{"@id":"https:\/\/vieassociative.be\/actualites\/#organization"},"image":{"@id":"https:\/\/vieassociative.be\/actualites\/le-haut-parleur-fender-est-ideal-pour-les-musiciens-de-rue-et-les-musiciens-mais-cest-essentiellement-tout\/#primaryimage"},"thumbnailUrl":"https:\/\/vieassociative.be\/actualites\/wp-content\/uploads\/2024\/12\/1733469561_Le-haut-parleur-Fender-est-ideal-pour-les-musiciens-de-rue.png","keywords":["cest","essentiellement","est","Fender","hautparleur","id\u00e9al","Les","mais","musiciens","pour","rue","tout"],"articleSection":["Technologie"],"inLanguage":"fr-BE"},{"@type":"WebPage","@id":"https:\/\/vieassociative.be\/actualites\/le-haut-parleur-fender-est-ideal-pour-les-musiciens-de-rue-et-les-musiciens-mais-cest-essentiellement-tout\/","url":"https:\/\/vieassociative.be\/actualites\/le-haut-parleur-fender-est-ideal-pour-les-musiciens-de-rue-et-les-musiciens-mais-cest-essentiellement-tout\/","name":"Le haut-parleur Fender est id\u00e9al pour les musiciens de rue et les musiciens, mais c'est essentiellement tout | Vie Associative","isPartOf":{"@id":"https:\/\/vieassociative.be\/actualites\/#website"},"primaryImageOfPage":{"@id":"https:\/\/vieassociative.be\/actualites\/le-haut-parleur-fender-est-ideal-pour-les-musiciens-de-rue-et-les-musiciens-mais-cest-essentiellement-tout\/#primaryimage"},"image":{"@id":"https:\/\/vieassociative.be\/actualites\/le-haut-parleur-fender-est-ideal-pour-les-musiciens-de-rue-et-les-musiciens-mais-cest-essentiellement-tout\/#primaryimage"},"thumbnailUrl":"https:\/\/vieassociative.be\/actualites\/wp-content\/uploads\/2024\/12\/1733469561_Le-haut-parleur-Fender-est-ideal-pour-les-musiciens-de-rue.png","datePublished":"2024-12-06T07:19:21+00:00","dateModified":"2024-12-06T07:19:21+00:00","breadcrumb":{"@id":"https:\/\/vieassociative.be\/actualites\/le-haut-parleur-fender-est-ideal-pour-les-musiciens-de-rue-et-les-musiciens-mais-cest-essentiellement-tout\/#breadcrumb"},"inLanguage":"fr-BE","potentialAction":[{"@type":"ReadAction","target":["https:\/\/vieassociative.be\/actualites\/le-haut-parleur-fender-est-ideal-pour-les-musiciens-de-rue-et-les-musiciens-mais-cest-essentiellement-tout\/"]}]},{"@type":"ImageObject","inLanguage":"fr-BE","@id":"https:\/\/vieassociative.be\/actualites\/le-haut-parleur-fender-est-ideal-pour-les-musiciens-de-rue-et-les-musiciens-mais-cest-essentiellement-tout\/#primaryimage","url":"https:\/\/vieassociative.be\/actualites\/wp-content\/uploads\/2024\/12\/1733469561_Le-haut-parleur-Fender-est-ideal-pour-les-musiciens-de-rue.png","contentUrl":"https:\/\/vieassociative.be\/actualites\/wp-content\/uploads\/2024\/12\/1733469561_Le-haut-parleur-Fender-est-ideal-pour-les-musiciens-de-rue.png","width":1200,"height":675,"caption":"Le haut-parleur Fender est id\u00e9al pour les musiciens de rue et les musiciens, mais c'est essentiellement tout"},{"@type":"BreadcrumbList","@id":"https:\/\/vieassociative.be\/actualites\/le-haut-parleur-fender-est-ideal-pour-les-musiciens-de-rue-et-les-musiciens-mais-cest-essentiellement-tout\/#breadcrumb","itemListElement":[{"@type":"ListItem","position":1,"name":"Accueil","item":"https:\/\/vieassociative.be\/actualites\/"},{"@type":"ListItem","position":2,"name":"Le haut-parleur Fender est id\u00e9al pour les musiciens de rue et les musiciens, mais c&rsquo;est essentiellement tout"}]},{"@type":"WebSite","@id":"https:\/\/vieassociative.be\/actualites\/#website","url":"https:\/\/vieassociative.be\/actualites\/","name":"Vie Associative","description":"","publisher":{"@id":"https:\/\/vieassociative.be\/actualites\/#organization"},"potentialAction":[{"@type":"SearchAction","target":{"@type":"EntryPoint","urlTemplate":"https:\/\/vieassociative.be\/actualites\/?s={search_term_string}"},"query-input":{"@type":"PropertyValueSpecification","valueRequired":true,"valueName":"search_term_string"}}],"inLanguage":"fr-BE"},{"@type":"Organization","@id":"https:\/\/vieassociative.be\/actualites\/#organization","name":"Vie Associative","url":"https:\/\/vieassociative.be\/actualites\/","logo":{"@type":"ImageObject","inLanguage":"fr-BE","@id":"https:\/\/vieassociative.be\/actualites\/#\/schema\/logo\/image\/","url":"https:\/\/vieassociative.be\/actualites\/wp-content\/uploads\/2024\/09\/cropped-vieassociative_favicon.ico.png","contentUrl":"https:\/\/vieassociative.be\/actualites\/wp-content\/uploads\/2024\/09\/cropped-vieassociative_favicon.ico.png","width":512,"height":512,"caption":"Vie Associative"},"image":{"@id":"https:\/\/vieassociative.be\/actualites\/#\/schema\/logo\/image\/"}},{"@type":"Person","@id":"https:\/\/vieassociative.be\/actualites\/#\/schema\/person\/b87ac4f82f9d4e7b7cec7395b679edc4","name":"Julien","image":{"@type":"ImageObject","inLanguage":"fr-BE","@id":"https:\/\/vieassociative.be\/actualites\/#\/schema\/person\/image\/","url":"https:\/\/vieassociative.be\/actualites\/wp-content\/uploads\/2024\/09\/vie-associative-1-150x150.jpg","contentUrl":"https:\/\/vieassociative.be\/actualites\/wp-content\/uploads\/2024\/09\/vie-associative-1-150x150.jpg","caption":"Julien"},"description":"Je suis Julien, r\u00e9dacteur pour Vie Associative. Passionn\u00e9 par le monde associatif depuis plus de 10 ans, j'ai \u00e0 c\u0153ur de partager des histoires inspirantes et de mettre en lumi\u00e8re les initiatives locales. Mon objectif est de sensibiliser et d'encourager l'engagement communautaire \u00e0 travers mes articles.","sameAs":["https:\/\/vieassociative.be\/"]}]}},"_links":{"self":[{"href":"https:\/\/vieassociative.be\/actualites\/wp-json\/wp\/v2\/posts\/3111"}],"collection":[{"href":"https:\/\/vieassociative.be\/actualites\/wp-json\/wp\/v2\/posts"}],"about":[{"href":"https:\/\/vieassociative.be\/actualites\/wp-json\/wp\/v2\/types\/post"}],"author":[{"embeddable":true,"href":"https:\/\/vieassociative.be\/actualites\/wp-json\/wp\/v2\/users\/1"}],"replies":[{"embeddable":true,"href":"https:\/\/vieassociative.be\/actualites\/wp-json\/wp\/v2\/comments?post=3111"}],"version-history":[{"count":0,"href":"https:\/\/vieassociative.be\/actualites\/wp-json\/wp\/v2\/posts\/3111\/revisions"}],"wp:featuredmedia":[{"embeddable":true,"href":"https:\/\/vieassociative.be\/actualites\/wp-json\/wp\/v2\/media\/3112"}],"wp:attachment":[{"href":"https:\/\/vieassociative.be\/actualites\/wp-json\/wp\/v2\/media?parent=3111"}],"wp:term":[{"taxonomy":"category","embeddable":true,"href":"https:\/\/vieassociative.be\/actualites\/wp-json\/wp\/v2\/categories?post=3111"},{"taxonomy":"post_tag","embeddable":true,"href":"https:\/\/vieassociative.be\/actualites\/wp-json\/wp\/v2\/tags?post=3111"}],"curies":[{"name":"wp","href":"https:\/\/api.w.org\/{rel}","templated":true}]}}