{"id":3104,"date":"2024-12-06T03:18:38","date_gmt":"2024-12-06T02:18:38","guid":{"rendered":"https:\/\/vieassociative.be\/actualites\/le-sportschau-restera-pour-les-fans-de-bundesliga\/"},"modified":"2024-12-06T03:18:38","modified_gmt":"2024-12-06T02:18:38","slug":"le-sportschau-restera-pour-les-fans-de-bundesliga","status":"publish","type":"post","link":"https:\/\/vieassociative.be\/actualites\/le-sportschau-restera-pour-les-fans-de-bundesliga\/","title":{"rendered":"Le \u00ab Sportschau \u00bb restera pour les fans de Bundesliga"},"content":{"rendered":"<p><strong>Si vous souhaitez regarder tous les matchs de votre club pr\u00e9f\u00e9r\u00e9 en 1\u00e8re Bundesiga, vous aurez encore besoin de deux abonnements \u00e0 l&rsquo;avenir, car Sky et DAZN ont chacun obtenu deux forfaits pour l&rsquo;espace payant.<\/strong><\/p>\n<p><span id=\"more-403447\"><\/span>\u00c0 l&rsquo;avenir, Sky diffusera le match du vendredi soir ainsi que tous les matchs du samedi individuellement &#8211; y compris le match phare \u00e0 18h30. La cha\u00eene de t\u00e9l\u00e9vision payante propose \u00e9galement \u00e0 ses clients tous les matchs de la 2e Bundesliga en direct.<\/p>\n<p>La cha\u00eene sportive Internet DAZN, \u00e9galement payante, a assur\u00e9 dimanche la premi\u00e8re ligue ainsi que la conf\u00e9rence t\u00e9l\u00e9phonique de samedi, qui \u00e9tait auparavant organis\u00e9e par la comp\u00e9tition et &#8211; avant que le nom ne soit chang\u00e9 de Premiere \u00e0 Sky &#8211; y a \u00e9t\u00e9 invent\u00e9e.<\/p>\n<div id=\"attachment_403453\" class=\"wp-caption alignleft\" style=\"max-width: 300px\"><img decoding=\"async\" class=\"wp-image-403453 size-medium\" src=\"https:\/\/vieassociative.be\/actualites\/wp-content\/uploads\/2024\/12\/Le-Sportschau-restera-pour-les-fans-de-Bundesliga.jpg\" alt=\"\" width=\"300\" height=\"150\"><\/p>\n<p class=\"wp-caption-text\">5 d\u00e9cembre 2024, Hesse, Francfort\/M. : Dr. Steffen Merkel (de gauche \u00e0 droite), directeur g\u00e9n\u00e9ral de la Ligue allemande de football GmbH (DFL), Hans-Joachim Watzke, porte-parole du comit\u00e9 ex\u00e9cutif de la DFL, et Dr. Marc Lenz, directeur g\u00e9n\u00e9ral du DFL lors d&rsquo;une conf\u00e9rence de presse. Photo : J\u00fcrgen Kessler\/dpa<\/p>\n<\/div>\n<p>\u00ab Nous avons 87 pour cent des matchs en direct, soit plus qu&rsquo;au cours des huit derni\u00e8res ann\u00e9es, 80 pour cent de tous les matchs exclusivement. J&rsquo;en suis tr\u00e8s content\u00a0\u00bb, a d\u00e9clar\u00e9 Barny Mills, le patron de Sky Allemagne, \u00e0 l&rsquo;agence de presse allemande. \u00ab\u00a0Nous voulions organiser de loin le plus grand nombre de matchs et montrer les meilleurs matchs \u2013 et nous y sommes parvenus\u00a0\u00bb, a-t-il comment\u00e9 \u00e0 propos des trois bouquets de t\u00e9l\u00e9vision payante pour la 1\u00e8re et la 2\u00e8me ligue.<\/p>\n<p>En mati\u00e8re de t\u00e9l\u00e9vision gratuite, les bouquets les plus importants sont all\u00e9s \u00e0 ARD et ZDF. Les premiers r\u00e9sum\u00e9s du samedi apr\u00e8s-midi \u00e0 la t\u00e9l\u00e9vision gratuite continuent d&rsquo;\u00eatre diffus\u00e9s sur Erste sur \u00ab Sportschau \u00bb. La deuxi\u00e8me soir\u00e9e pr\u00e9sente d&rsquo;autres moments forts dans le \u00ab\u00a0Sportstudio\u00a0\u00bb, notamment les premi\u00e8res images t\u00e9l\u00e9vis\u00e9es gratuites du match de premi\u00e8re division.<\/p>\n<p>ProSiebenSat.1 a de nouveau acquis un package comprenant neuf matchs en direct sur la t\u00e9l\u00e9vision gratuite. Il s&rsquo;agit notamment de trois retransmissions de premi\u00e8re division et de la Supercoupe. RTL a obtenu les droits TV gratuits du match phare de la 2e ligue samedi soir, qui sera diffus\u00e9 sur Sport1 jusqu&rsquo;\u00e0 la fin de la saison en cours.<\/p>\n<div id=\"attachment_269660\" class=\"wp-caption alignleft\" style=\"max-width: 300px\"><img fetchpriority=\"high\" decoding=\"async\" class=\"wp-image-269660 size-medium\" src=\"https:\/\/vieassociative.be\/actualites\/wp-content\/uploads\/2024\/12\/Le-Sportschau-restera-pour-les-fans-de-Bundesliga.jpeg\" alt=\"\" width=\"300\" height=\"200\"><\/p>\n<p class=\"wp-caption-text\">Photo : Shutterstock<\/p>\n<\/div>\n<p>La Ligue allemande de football collectera un total de 4,484 milliards d&rsquo;euros gr\u00e2ce \u00e0 la vente des droits de t\u00e9l\u00e9vision nationaux de la Bundesliga pour les saisons 2025\/26 \u00e0 2028\/29.<\/p>\n<p>Il s&rsquo;agit d&rsquo;une augmentation de 84 millions d&rsquo;euros par rapport aux accords actuellement en vigueur, comme l&rsquo;a annonc\u00e9 le DFL apr\u00e8s l&rsquo;assembl\u00e9e g\u00e9n\u00e9rale \u00e0 l&rsquo;a\u00e9roport de Francfort. Les 36 \u00e9quipes de premi\u00e8re et deuxi\u00e8me division re\u00e7oivent 1,121 milliard d&rsquo;euros par an.<\/p>\n<p>\u00ab\u00a0C&rsquo;est un excellent r\u00e9sultat\u00a0\u00bb, a d\u00e9clar\u00e9 Hans-Joachim Watzke, porte-parole du comit\u00e9 ex\u00e9cutif du DFL, lors de la conf\u00e9rence de presse : \u00ab\u00a0Aujourd&rsquo;hui, c&rsquo;est un bon jour pour le football allemand\u00a0\u00bb. Watzke.<\/p>\n<p>Le chiffre d&rsquo;affaires total pour la p\u00e9riode 2021\/22 \u00e0 2024\/25 s&rsquo;\u00e9l\u00e8ve \u00e0 4,4 milliards d&rsquo;euros. Gr\u00e2ce \u00e0 cette l\u00e9g\u00e8re augmentation de 2 %, la Bundesliga \u00ab continue de d\u00e9tenir le deuxi\u00e8me contrat m\u00e9diatique le plus important de toutes les ligues de football du monde \u00bb en termes de droits m\u00e9diatiques nationaux, a d\u00e9clar\u00e9 le directeur g\u00e9n\u00e9ral du DFL, Steffen Merkel. (dpa)<\/p>\n","protected":false},"excerpt":{"rendered":"<p>Si vous souhaitez regarder tous les matchs de votre club pr\u00e9f\u00e9r\u00e9 en 1\u00e8re Bundesiga, vous aurez encore besoin de deux abonnements \u00e0 l&rsquo;avenir, car Sky<\/p>\n","protected":false},"author":1,"featured_media":3105,"comment_status":"","ping_status":"","sticky":false,"template":"","format":"standard","meta":{"footnotes":""},"categories":[298],"tags":[3644,2649,14,81,3804,3803],"class_list":["post-3104","post","type-post","status-publish","format-standard","has-post-thumbnail","hentry","category-belgique","tag-bundesliga","tag-fans","tag-les","tag-pour","tag-restera","tag-sportschau","generate-columns","tablet-grid-50","mobile-grid-100","grid-parent","grid-33"],"yoast_head":"<!-- This site is optimized with the Yoast SEO plugin v24.0 - https:\/\/yoast.com\/wordpress\/plugins\/seo\/ -->\n<title>Le \u00ab Sportschau \u00bb restera pour les fans de Bundesliga | Vie Associative<\/title>\n<meta name=\"robots\" content=\"index, follow, max-snippet:-1, max-image-preview:large, max-video-preview:-1\" \/>\n<link rel=\"canonical\" href=\"https:\/\/vieassociative.be\/actualites\/le-sportschau-restera-pour-les-fans-de-bundesliga\/\" \/>\n<meta property=\"og:locale\" content=\"fr_FR\" \/>\n<meta property=\"og:type\" content=\"article\" \/>\n<meta property=\"og:title\" content=\"Le \u00ab Sportschau \u00bb restera pour les fans de Bundesliga | Vie Associative\" \/>\n<meta property=\"og:description\" content=\"Si vous souhaitez regarder tous les matchs de votre club pr\u00e9f\u00e9r\u00e9 en 1\u00e8re Bundesiga, vous aurez encore besoin de deux abonnements \u00e0 l&rsquo;avenir, car Sky\" \/>\n<meta property=\"og:url\" content=\"https:\/\/vieassociative.be\/actualites\/le-sportschau-restera-pour-les-fans-de-bundesliga\/\" \/>\n<meta property=\"og:site_name\" content=\"Vie Associative\" \/>\n<meta property=\"article:published_time\" content=\"2024-12-06T02:18:38+00:00\" \/>\n<meta property=\"og:image\" content=\"https:\/\/vieassociative.be\/actualites\/wp-content\/uploads\/2024\/12\/Le-Sportschau-restera-pour-les-fans-de-Bundesliga.jpg\" \/>\n<meta name=\"author\" content=\"Julien\" \/>\n<meta name=\"twitter:card\" content=\"summary_large_image\" \/>\n<meta name=\"twitter:label1\" content=\"\u00c9crit par\" \/>\n\t<meta name=\"twitter:data1\" content=\"Julien\" \/>\n\t<meta name=\"twitter:label2\" content=\"Dur\u00e9e de lecture est.\" \/>\n\t<meta name=\"twitter:data2\" content=\"3 minutes\" \/>\n<script type=\"application\/ld+json\" class=\"yoast-schema-graph\">{\"@context\":\"https:\/\/schema.org\",\"@graph\":[{\"@type\":\"Article\",\"@id\":\"https:\/\/vieassociative.be\/actualites\/le-sportschau-restera-pour-les-fans-de-bundesliga\/#article\",\"isPartOf\":{\"@id\":\"https:\/\/vieassociative.be\/actualites\/le-sportschau-restera-pour-les-fans-de-bundesliga\/\"},\"author\":{\"name\":\"Julien\",\"@id\":\"https:\/\/vieassociative.be\/actualites\/#\/schema\/person\/b87ac4f82f9d4e7b7cec7395b679edc4\"},\"headline\":\"Le \u00ab Sportschau \u00bb restera pour les fans de Bundesliga\",\"datePublished\":\"2024-12-06T02:18:38+00:00\",\"dateModified\":\"2024-12-06T02:18:38+00:00\",\"mainEntityOfPage\":{\"@id\":\"https:\/\/vieassociative.be\/actualites\/le-sportschau-restera-pour-les-fans-de-bundesliga\/\"},\"wordCount\":604,\"publisher\":{\"@id\":\"https:\/\/vieassociative.be\/actualites\/#organization\"},\"image\":{\"@id\":\"https:\/\/vieassociative.be\/actualites\/le-sportschau-restera-pour-les-fans-de-bundesliga\/#primaryimage\"},\"thumbnailUrl\":\"https:\/\/vieassociative.be\/actualites\/wp-content\/uploads\/2024\/12\/1733451519_Le-Sportschau-restera-pour-les-fans-de-Bundesliga.jpeg\",\"keywords\":[\"Bundesliga\",\"fans\",\"Les\",\"pour\",\"restera\",\"Sportschau\"],\"articleSection\":[\"Belgique\"],\"inLanguage\":\"fr-BE\"},{\"@type\":\"WebPage\",\"@id\":\"https:\/\/vieassociative.be\/actualites\/le-sportschau-restera-pour-les-fans-de-bundesliga\/\",\"url\":\"https:\/\/vieassociative.be\/actualites\/le-sportschau-restera-pour-les-fans-de-bundesliga\/\",\"name\":\"Le \u00ab Sportschau \u00bb restera pour les fans de Bundesliga | Vie Associative\",\"isPartOf\":{\"@id\":\"https:\/\/vieassociative.be\/actualites\/#website\"},\"primaryImageOfPage\":{\"@id\":\"https:\/\/vieassociative.be\/actualites\/le-sportschau-restera-pour-les-fans-de-bundesliga\/#primaryimage\"},\"image\":{\"@id\":\"https:\/\/vieassociative.be\/actualites\/le-sportschau-restera-pour-les-fans-de-bundesliga\/#primaryimage\"},\"thumbnailUrl\":\"https:\/\/vieassociative.be\/actualites\/wp-content\/uploads\/2024\/12\/1733451519_Le-Sportschau-restera-pour-les-fans-de-Bundesliga.jpeg\",\"datePublished\":\"2024-12-06T02:18:38+00:00\",\"dateModified\":\"2024-12-06T02:18:38+00:00\",\"breadcrumb\":{\"@id\":\"https:\/\/vieassociative.be\/actualites\/le-sportschau-restera-pour-les-fans-de-bundesliga\/#breadcrumb\"},\"inLanguage\":\"fr-BE\",\"potentialAction\":[{\"@type\":\"ReadAction\",\"target\":[\"https:\/\/vieassociative.be\/actualites\/le-sportschau-restera-pour-les-fans-de-bundesliga\/\"]}]},{\"@type\":\"ImageObject\",\"inLanguage\":\"fr-BE\",\"@id\":\"https:\/\/vieassociative.be\/actualites\/le-sportschau-restera-pour-les-fans-de-bundesliga\/#primaryimage\",\"url\":\"https:\/\/vieassociative.be\/actualites\/wp-content\/uploads\/2024\/12\/1733451519_Le-Sportschau-restera-pour-les-fans-de-Bundesliga.jpeg\",\"contentUrl\":\"https:\/\/vieassociative.be\/actualites\/wp-content\/uploads\/2024\/12\/1733451519_Le-Sportschau-restera-pour-les-fans-de-Bundesliga.jpeg\",\"width\":1300,\"height\":867,\"caption\":\"Le \u00ab Sportschau \u00bb restera pour les fans de Bundesliga\"},{\"@type\":\"BreadcrumbList\",\"@id\":\"https:\/\/vieassociative.be\/actualites\/le-sportschau-restera-pour-les-fans-de-bundesliga\/#breadcrumb\",\"itemListElement\":[{\"@type\":\"ListItem\",\"position\":1,\"name\":\"Accueil\",\"item\":\"https:\/\/vieassociative.be\/actualites\/\"},{\"@type\":\"ListItem\",\"position\":2,\"name\":\"Le \u00ab Sportschau \u00bb restera pour les fans de Bundesliga\"}]},{\"@type\":\"WebSite\",\"@id\":\"https:\/\/vieassociative.be\/actualites\/#website\",\"url\":\"https:\/\/vieassociative.be\/actualites\/\",\"name\":\"Vie Associative\",\"description\":\"\",\"publisher\":{\"@id\":\"https:\/\/vieassociative.be\/actualites\/#organization\"},\"potentialAction\":[{\"@type\":\"SearchAction\",\"target\":{\"@type\":\"EntryPoint\",\"urlTemplate\":\"https:\/\/vieassociative.be\/actualites\/?s={search_term_string}\"},\"query-input\":{\"@type\":\"PropertyValueSpecification\",\"valueRequired\":true,\"valueName\":\"search_term_string\"}}],\"inLanguage\":\"fr-BE\"},{\"@type\":\"Organization\",\"@id\":\"https:\/\/vieassociative.be\/actualites\/#organization\",\"name\":\"Vie Associative\",\"url\":\"https:\/\/vieassociative.be\/actualites\/\",\"logo\":{\"@type\":\"ImageObject\",\"inLanguage\":\"fr-BE\",\"@id\":\"https:\/\/vieassociative.be\/actualites\/#\/schema\/logo\/image\/\",\"url\":\"https:\/\/vieassociative.be\/actualites\/wp-content\/uploads\/2024\/09\/cropped-vieassociative_favicon.ico.png\",\"contentUrl\":\"https:\/\/vieassociative.be\/actualites\/wp-content\/uploads\/2024\/09\/cropped-vieassociative_favicon.ico.png\",\"width\":512,\"height\":512,\"caption\":\"Vie Associative\"},\"image\":{\"@id\":\"https:\/\/vieassociative.be\/actualites\/#\/schema\/logo\/image\/\"}},{\"@type\":\"Person\",\"@id\":\"https:\/\/vieassociative.be\/actualites\/#\/schema\/person\/b87ac4f82f9d4e7b7cec7395b679edc4\",\"name\":\"Julien\",\"image\":{\"@type\":\"ImageObject\",\"inLanguage\":\"fr-BE\",\"@id\":\"https:\/\/vieassociative.be\/actualites\/#\/schema\/person\/image\/\",\"url\":\"https:\/\/vieassociative.be\/actualites\/wp-content\/uploads\/2024\/09\/vie-associative-1-150x150.jpg\",\"contentUrl\":\"https:\/\/vieassociative.be\/actualites\/wp-content\/uploads\/2024\/09\/vie-associative-1-150x150.jpg\",\"caption\":\"Julien\"},\"description\":\"Je suis Julien, r\u00e9dacteur pour Vie Associative. Passionn\u00e9 par le monde associatif depuis plus de 10 ans, j'ai \u00e0 c\u0153ur de partager des histoires inspirantes et de mettre en lumi\u00e8re les initiatives locales. Mon objectif est de sensibiliser et d'encourager l'engagement communautaire \u00e0 travers mes articles.\",\"sameAs\":[\"https:\/\/vieassociative.be\/\"]}]}<\/script>\n<!-- \/ Yoast SEO plugin. -->","yoast_head_json":{"title":"Le \u00ab Sportschau \u00bb restera pour les fans de Bundesliga | Vie Associative","robots":{"index":"index","follow":"follow","max-snippet":"max-snippet:-1","max-image-preview":"max-image-preview:large","max-video-preview":"max-video-preview:-1"},"canonical":"https:\/\/vieassociative.be\/actualites\/le-sportschau-restera-pour-les-fans-de-bundesliga\/","og_locale":"fr_FR","og_type":"article","og_title":"Le \u00ab Sportschau \u00bb restera pour les fans de Bundesliga | Vie Associative","og_description":"Si vous souhaitez regarder tous les matchs de votre club pr\u00e9f\u00e9r\u00e9 en 1\u00e8re Bundesiga, vous aurez encore besoin de deux abonnements \u00e0 l&rsquo;avenir, car Sky","og_url":"https:\/\/vieassociative.be\/actualites\/le-sportschau-restera-pour-les-fans-de-bundesliga\/","og_site_name":"Vie Associative","article_published_time":"2024-12-06T02:18:38+00:00","og_image":[{"url":"https:\/\/vieassociative.be\/actualites\/wp-content\/uploads\/2024\/12\/Le-Sportschau-restera-pour-les-fans-de-Bundesliga.jpg","type":"","width":"","height":""}],"author":"Julien","twitter_card":"summary_large_image","twitter_misc":{"\u00c9crit par":"Julien","Dur\u00e9e de lecture est.":"3 minutes"},"schema":{"@context":"https:\/\/schema.org","@graph":[{"@type":"Article","@id":"https:\/\/vieassociative.be\/actualites\/le-sportschau-restera-pour-les-fans-de-bundesliga\/#article","isPartOf":{"@id":"https:\/\/vieassociative.be\/actualites\/le-sportschau-restera-pour-les-fans-de-bundesliga\/"},"author":{"name":"Julien","@id":"https:\/\/vieassociative.be\/actualites\/#\/schema\/person\/b87ac4f82f9d4e7b7cec7395b679edc4"},"headline":"Le \u00ab Sportschau \u00bb restera pour les fans de Bundesliga","datePublished":"2024-12-06T02:18:38+00:00","dateModified":"2024-12-06T02:18:38+00:00","mainEntityOfPage":{"@id":"https:\/\/vieassociative.be\/actualites\/le-sportschau-restera-pour-les-fans-de-bundesliga\/"},"wordCount":604,"publisher":{"@id":"https:\/\/vieassociative.be\/actualites\/#organization"},"image":{"@id":"https:\/\/vieassociative.be\/actualites\/le-sportschau-restera-pour-les-fans-de-bundesliga\/#primaryimage"},"thumbnailUrl":"https:\/\/vieassociative.be\/actualites\/wp-content\/uploads\/2024\/12\/1733451519_Le-Sportschau-restera-pour-les-fans-de-Bundesliga.jpeg","keywords":["Bundesliga","fans","Les","pour","restera","Sportschau"],"articleSection":["Belgique"],"inLanguage":"fr-BE"},{"@type":"WebPage","@id":"https:\/\/vieassociative.be\/actualites\/le-sportschau-restera-pour-les-fans-de-bundesliga\/","url":"https:\/\/vieassociative.be\/actualites\/le-sportschau-restera-pour-les-fans-de-bundesliga\/","name":"Le \u00ab Sportschau \u00bb restera pour les fans de Bundesliga | Vie Associative","isPartOf":{"@id":"https:\/\/vieassociative.be\/actualites\/#website"},"primaryImageOfPage":{"@id":"https:\/\/vieassociative.be\/actualites\/le-sportschau-restera-pour-les-fans-de-bundesliga\/#primaryimage"},"image":{"@id":"https:\/\/vieassociative.be\/actualites\/le-sportschau-restera-pour-les-fans-de-bundesliga\/#primaryimage"},"thumbnailUrl":"https:\/\/vieassociative.be\/actualites\/wp-content\/uploads\/2024\/12\/1733451519_Le-Sportschau-restera-pour-les-fans-de-Bundesliga.jpeg","datePublished":"2024-12-06T02:18:38+00:00","dateModified":"2024-12-06T02:18:38+00:00","breadcrumb":{"@id":"https:\/\/vieassociative.be\/actualites\/le-sportschau-restera-pour-les-fans-de-bundesliga\/#breadcrumb"},"inLanguage":"fr-BE","potentialAction":[{"@type":"ReadAction","target":["https:\/\/vieassociative.be\/actualites\/le-sportschau-restera-pour-les-fans-de-bundesliga\/"]}]},{"@type":"ImageObject","inLanguage":"fr-BE","@id":"https:\/\/vieassociative.be\/actualites\/le-sportschau-restera-pour-les-fans-de-bundesliga\/#primaryimage","url":"https:\/\/vieassociative.be\/actualites\/wp-content\/uploads\/2024\/12\/1733451519_Le-Sportschau-restera-pour-les-fans-de-Bundesliga.jpeg","contentUrl":"https:\/\/vieassociative.be\/actualites\/wp-content\/uploads\/2024\/12\/1733451519_Le-Sportschau-restera-pour-les-fans-de-Bundesliga.jpeg","width":1300,"height":867,"caption":"Le \u00ab Sportschau \u00bb restera pour les fans de Bundesliga"},{"@type":"BreadcrumbList","@id":"https:\/\/vieassociative.be\/actualites\/le-sportschau-restera-pour-les-fans-de-bundesliga\/#breadcrumb","itemListElement":[{"@type":"ListItem","position":1,"name":"Accueil","item":"https:\/\/vieassociative.be\/actualites\/"},{"@type":"ListItem","position":2,"name":"Le \u00ab Sportschau \u00bb restera pour les fans de Bundesliga"}]},{"@type":"WebSite","@id":"https:\/\/vieassociative.be\/actualites\/#website","url":"https:\/\/vieassociative.be\/actualites\/","name":"Vie Associative","description":"","publisher":{"@id":"https:\/\/vieassociative.be\/actualites\/#organization"},"potentialAction":[{"@type":"SearchAction","target":{"@type":"EntryPoint","urlTemplate":"https:\/\/vieassociative.be\/actualites\/?s={search_term_string}"},"query-input":{"@type":"PropertyValueSpecification","valueRequired":true,"valueName":"search_term_string"}}],"inLanguage":"fr-BE"},{"@type":"Organization","@id":"https:\/\/vieassociative.be\/actualites\/#organization","name":"Vie Associative","url":"https:\/\/vieassociative.be\/actualites\/","logo":{"@type":"ImageObject","inLanguage":"fr-BE","@id":"https:\/\/vieassociative.be\/actualites\/#\/schema\/logo\/image\/","url":"https:\/\/vieassociative.be\/actualites\/wp-content\/uploads\/2024\/09\/cropped-vieassociative_favicon.ico.png","contentUrl":"https:\/\/vieassociative.be\/actualites\/wp-content\/uploads\/2024\/09\/cropped-vieassociative_favicon.ico.png","width":512,"height":512,"caption":"Vie Associative"},"image":{"@id":"https:\/\/vieassociative.be\/actualites\/#\/schema\/logo\/image\/"}},{"@type":"Person","@id":"https:\/\/vieassociative.be\/actualites\/#\/schema\/person\/b87ac4f82f9d4e7b7cec7395b679edc4","name":"Julien","image":{"@type":"ImageObject","inLanguage":"fr-BE","@id":"https:\/\/vieassociative.be\/actualites\/#\/schema\/person\/image\/","url":"https:\/\/vieassociative.be\/actualites\/wp-content\/uploads\/2024\/09\/vie-associative-1-150x150.jpg","contentUrl":"https:\/\/vieassociative.be\/actualites\/wp-content\/uploads\/2024\/09\/vie-associative-1-150x150.jpg","caption":"Julien"},"description":"Je suis Julien, r\u00e9dacteur pour Vie Associative. Passionn\u00e9 par le monde associatif depuis plus de 10 ans, j'ai \u00e0 c\u0153ur de partager des histoires inspirantes et de mettre en lumi\u00e8re les initiatives locales. Mon objectif est de sensibiliser et d'encourager l'engagement communautaire \u00e0 travers mes articles.","sameAs":["https:\/\/vieassociative.be\/"]}]}},"_links":{"self":[{"href":"https:\/\/vieassociative.be\/actualites\/wp-json\/wp\/v2\/posts\/3104"}],"collection":[{"href":"https:\/\/vieassociative.be\/actualites\/wp-json\/wp\/v2\/posts"}],"about":[{"href":"https:\/\/vieassociative.be\/actualites\/wp-json\/wp\/v2\/types\/post"}],"author":[{"embeddable":true,"href":"https:\/\/vieassociative.be\/actualites\/wp-json\/wp\/v2\/users\/1"}],"replies":[{"embeddable":true,"href":"https:\/\/vieassociative.be\/actualites\/wp-json\/wp\/v2\/comments?post=3104"}],"version-history":[{"count":0,"href":"https:\/\/vieassociative.be\/actualites\/wp-json\/wp\/v2\/posts\/3104\/revisions"}],"wp:featuredmedia":[{"embeddable":true,"href":"https:\/\/vieassociative.be\/actualites\/wp-json\/wp\/v2\/media\/3105"}],"wp:attachment":[{"href":"https:\/\/vieassociative.be\/actualites\/wp-json\/wp\/v2\/media?parent=3104"}],"wp:term":[{"taxonomy":"category","embeddable":true,"href":"https:\/\/vieassociative.be\/actualites\/wp-json\/wp\/v2\/categories?post=3104"},{"taxonomy":"post_tag","embeddable":true,"href":"https:\/\/vieassociative.be\/actualites\/wp-json\/wp\/v2\/tags?post=3104"}],"curies":[{"name":"wp","href":"https:\/\/api.w.org\/{rel}","templated":true}]}}