{"id":3100,"date":"2024-12-06T01:23:19","date_gmt":"2024-12-06T00:23:19","guid":{"rendered":"https:\/\/vieassociative.be\/actualites\/je-vous-exhorte-une-fois-de-plus-a-vous-promener-dans-une-foret-nationale-pour-abattre-un-arbre-de-noel-mais-legalement\/"},"modified":"2024-12-06T01:23:19","modified_gmt":"2024-12-06T00:23:19","slug":"je-vous-exhorte-une-fois-de-plus-a-vous-promener-dans-une-foret-nationale-pour-abattre-un-arbre-de-noel-mais-legalement","status":"publish","type":"post","link":"https:\/\/vieassociative.be\/actualites\/je-vous-exhorte-une-fois-de-plus-a-vous-promener-dans-une-foret-nationale-pour-abattre-un-arbre-de-noel-mais-legalement\/","title":{"rendered":"Je vous exhorte une fois de plus \u00e0 vous promener dans une for\u00eat nationale pour abattre un arbre de No\u00ebl (mais l\u00e9galement)"},"content":{"rendered":"<div class=\"mt-4 leading-6 md:mb-8\">Saviez-vous que vous pouvez faire des choses ill\u00e9gales, mais l\u00e9galement ?<\/div>\n<p><\/p>\n<p>Comme tout aspirant b\u00fbcheron le sait, la plupart du temps, il est ill\u00e9gal de se promener dans une for\u00eat nationale pour abattre un arbre. Ce mois-ci, cependant, le minist\u00e8re am\u00e9ricain de l&rsquo;Agriculture est tout \u00e0 fait favorable, \u00e0 condition que vous obteniez d&rsquo;abord un permis d\u00e9livr\u00e9 par le Service forestier.<strong>.<\/strong><\/p>\n<p>Couper votre propre arbre sur un territoire f\u00e9d\u00e9ral n&rsquo;est pas seulement l\u00e9gal, c&rsquo;est en fait un moyen assez abordable et \u00e9thique de se procurer un arbre de No\u00ebl. Cependant, vous devez suivre des directives sp\u00e9cifiques pour \u00e9viter de vous heurter au Service forestier. Alors avant de prendre votre hache et de vous diriger dans les bois pendant la p\u00e9riode des f\u00eates, voici ce que vous devez savoir sur le programme de permis d&rsquo;abattage d&rsquo;arbres de l&rsquo;USDA.<\/p>\n<h2 id=\"why-you-should-cut-your-own-tree-from-a-national-forest-besides-the-fact-that-its-really-cheap\">Pourquoi devriez-vous couper votre propre arbre dans une for\u00eat nationale (outre le fait que c&rsquo;est vraiment bon march\u00e9)<\/h2>\n<p>Abattre et r\u00e9aliser votre propre arbre de vacances contribue \u00e0 la bonne sant\u00e9 globale de la for\u00eat, selon Recreation.gov. Gr\u00e2ce \u00e0 son programme de permis, vous contribuerez \u00e0 l\u2019\u00e9claircie des peuplements dens\u00e9ment peupl\u00e9s d\u2019arbres de petit diam\u00e8tre. La suppression des arbres d\u00e9j\u00e0 d\u00e9sign\u00e9s pour l&rsquo;abattage par le Service forestier permet \u00e0 d&rsquo;autres arbres de devenir plus grands et plus forts. De plus, vous aurez la fiert\u00e9 et la satisfaction d\u2019abattre le sapin de No\u00ebl parfait pour votre maison. C&rsquo;est un v\u00e9ritable gagnant-gagnant. <\/p>\n<p>Mais disons que vous ne vous souciez pas de l&rsquo;environnement. Je veux dire, c&rsquo;est de No\u00ebl dont nous parlons. Il s&rsquo;agit de<em> ton<\/em> besoins et exp\u00e9riences. Comme me l&rsquo;a expliqu\u00e9 l&rsquo;\u00e9quipe de Recreation.gov, en plus d&rsquo;aider \u00e0 maintenir une for\u00eat saine, couper un arbre de No\u00ebl est une tradition particuli\u00e8re qui peut \u00eatre partag\u00e9e avec les familles et les amis pour cr\u00e9er une exp\u00e9rience de vacances m\u00e9morable. Pour de nombreuses familles, s\u2019aventurer dans la for\u00eat pour couper un sapin de No\u00ebl pour les f\u00eates est une tradition pr\u00e9cieuse qui se perp\u00e9tue depuis des g\u00e9n\u00e9rations. C&rsquo;est aussi beaucoup moins cher que d&rsquo;en acheter un dans un lot d&rsquo;arbres.<\/p>\n<h2 id=\"how-to-cut-your-own-tree-from-a-national-forest\">Comment couper votre propre arbre dans une for\u00eat nationale<\/h2>\n<p>Le service forestier de l&rsquo;USDA vend des permis d&rsquo;arbres de No\u00ebl via Recreation.gov. <strong>Les prix varient de 5$ \u00e0 20$, <\/strong>en fonction de l&#8217;emplacement de la for\u00eat.<strong> <\/strong>Pour acheter votre permis \u00e0 l&rsquo;avance et trouver votre for\u00eat locale participante, <strong>utiliser ce site<\/strong>qui fournit \u00e9galement des lignes directrices sur les zones de coupe autoris\u00e9es que vous devrez examiner avant de commencer \u00e0 hacher.<\/p>\n<p>En trois \u00e9tapes simples, vous pouvez commencer votre qu\u00eate pour trouver et ramener \u00e0 la maison votre propre \u00ab\u00a0arbre de No\u00ebl du gouvernement\u00a0\u00bb.<\/p>\n<ol>\n<li>\n<p><strong>Choisissez votre for\u00eat<\/strong><strong>. <\/strong>D\u00e9terminez quelle for\u00eat participante convient le mieux \u00e0 votre sortie autour du sapin de No\u00ebl. Chaque for\u00eat aura des directives sp\u00e9cifiques et des dates de saison pour couper un arbre de vacances.<\/p>\n<\/li>\n<li>\n<p><strong>Soyez prudent et pr\u00e9par\u00e9.<\/strong> Lisez attentivement les d\u00e9tails et les r\u00e8gles du permis applicable et tenez compte des suggestions Besoin de savoir pour pr\u00e9parer votre visite.<\/p>\n<\/li>\n<li>\n<p><strong>Achetez un permis.<\/strong> Achetez et imprimez votre permis avant de vous rendre en for\u00eat.<\/p>\n<\/li>\n<\/ol>\n<h2 id=\"tips-for-cutting-your-own-tree\">Conseils pour couper votre propre arbre<\/h2>\n<p>J&rsquo;ai parl\u00e9 avec l&rsquo;\u00e9quipe Recreation.gov pour obtenir des conseils suppl\u00e9mentaires en tant que familles cherchant \u00e0 se pr\u00e9parer \u00e0 leur aventure de coupe d&rsquo;arbres de No\u00ebl.<\/p>\n<ol>\n<li>\n<p>Mesurez l&rsquo;espace dans votre maison afin de pouvoir choisir l&rsquo;arbre de la bonne taille une fois dans la for\u00eat. (Ne pr\u00e9sumez pas que vous pouvez le regarder, sinon vous vous retrouverez avec une situation Griswold entre vos mains.)<\/p>\n<\/li>\n<li>\n<p>V\u00e9rifiez l\u2019\u00e9tat des routes et des for\u00eats et pr\u00e9parez-vous aux intemp\u00e9ries.  <\/p>\n<\/li>\n<li>\n<p>Avant de couper, assurez-vous que vous vous trouvez dans une zone de coupe d\u00e9sign\u00e9e et suivez toutes les directives concernant les endroits o\u00f9 la coupe d&rsquo;arbres est autoris\u00e9e. \u00c9vitez de vous aventurer sur une propri\u00e9t\u00e9 priv\u00e9e.<\/p>\n<\/li>\n<li>\n<p>Choisissez un arbre dans un peuplement surpeupl\u00e9 pour aider \u00e0 l&rsquo;\u00e9claircir.<\/p>\n<\/li>\n<li>\n<p>Coupez votre arbre pr\u00e8s du sol. La souche que vous laissez derri\u00e8re vous doit mesurer environ 6 pouces de hauteur.<\/p>\n<\/li>\n<li>\n<p>Apportez une corde et une b\u00e2che pour d\u00e9placer votre arbre de la zone de coupe \u00e0 votre v\u00e9hicule.  <\/p>\n<\/li>\n<li>\n<p>Fixez votre arbre \u00e0 votre v\u00e9hicule pour vous assurer qu&rsquo;il reste en place pendant votre voyage de retour.<\/p>\n<\/li>\n<\/ol>\n<h2 id=\"what-else-you-need-to-know\">Que devez-vous savoir d&rsquo;autre <\/h2>\n<p>Les dates de vente des permis d\u2019arbre de No\u00ebl peuvent varier selon la for\u00eat nationale. Recreation.gov encourage les familles \u00e0 consulter les directives foresti\u00e8res locales pour rassembler toutes les informations avant d&rsquo;acheter afin de s&rsquo;assurer qu&rsquo;elles sont pr\u00e9par\u00e9es. Un nouveau permis est requis chaque ann\u00e9e pour couper votre propre sapin de No\u00ebl.<\/p>\n<p>Encore une fois : vous ne pouvez abattre que des arbres situ\u00e9s dans des zones d\u00e9sign\u00e9es et approuv\u00e9es de la for\u00eat. Ce programme de permis est g\u00e9r\u00e9 par le Service forestier de l&rsquo;USDA, qui est <em>pas la m\u00eame chose<\/em> comme les parcs nationaux des \u00c9tats-Unis. Si vous ne savez pas si vous \u00eates autoris\u00e9 \u00e0 accrocher un arbre dans une certaine zone, visitez cette page sur Recreation.gov et saisissez soit le nom de votre \u00e9tat, soit le nom de la for\u00eat que vous avez en t\u00eate.<\/p>\n","protected":false},"excerpt":{"rendered":"<p>Saviez-vous que vous pouvez faire des choses ill\u00e9gales, mais l\u00e9galement ? Comme tout aspirant b\u00fbcheron le sait, la plupart du temps, il est ill\u00e9gal de<\/p>\n","protected":false},"author":1,"featured_media":3101,"comment_status":"","ping_status":"","sticky":false,"template":"","format":"standard","meta":{"footnotes":""},"categories":[40],"tags":[3799,3800,166,3797,774,3798,3801,156,538,1557,81,1129,110,4],"class_list":["post-3100","post","type-post","status-publish","format-standard","has-post-thumbnail","hentry","category-maison","tag-abattre","tag-arbre","tag-dans","tag-exhorte","tag-fois","tag-foret","tag-legalement","tag-mais","tag-nationale","tag-noel","tag-pour","tag-promener","tag-une","tag-vous","generate-columns","tablet-grid-50","mobile-grid-100","grid-parent","grid-33"],"yoast_head":"<!-- This site is optimized with the Yoast SEO plugin v24.0 - https:\/\/yoast.com\/wordpress\/plugins\/seo\/ -->\n<title>Je vous exhorte une fois de plus \u00e0 vous promener dans une for\u00eat nationale pour abattre un arbre de No\u00ebl (mais l\u00e9galement) | Vie Associative<\/title>\n<meta name=\"robots\" content=\"index, follow, max-snippet:-1, max-image-preview:large, max-video-preview:-1\" \/>\n<link rel=\"canonical\" href=\"https:\/\/vieassociative.be\/actualites\/je-vous-exhorte-une-fois-de-plus-a-vous-promener-dans-une-foret-nationale-pour-abattre-un-arbre-de-noel-mais-legalement\/\" \/>\n<meta property=\"og:locale\" content=\"fr_FR\" \/>\n<meta property=\"og:type\" content=\"article\" \/>\n<meta property=\"og:title\" content=\"Je vous exhorte une fois de plus \u00e0 vous promener dans une for\u00eat nationale pour abattre un arbre de No\u00ebl (mais l\u00e9galement) | Vie Associative\" \/>\n<meta property=\"og:description\" content=\"Saviez-vous que vous pouvez faire des choses ill\u00e9gales, mais l\u00e9galement ? Comme tout aspirant b\u00fbcheron le sait, la plupart du temps, il est ill\u00e9gal de\" \/>\n<meta property=\"og:url\" content=\"https:\/\/vieassociative.be\/actualites\/je-vous-exhorte-une-fois-de-plus-a-vous-promener-dans-une-foret-nationale-pour-abattre-un-arbre-de-noel-mais-legalement\/\" \/>\n<meta property=\"og:site_name\" content=\"Vie Associative\" \/>\n<meta property=\"article:published_time\" content=\"2024-12-06T00:23:19+00:00\" \/>\n<meta property=\"og:image\" content=\"https:\/\/vieassociative.be\/actualites\/wp-content\/uploads\/2024\/09\/header_backgroundk-01-e1726694325946.png\" \/>\n\t<meta property=\"og:image:width\" content=\"279\" \/>\n\t<meta property=\"og:image:height\" content=\"92\" \/>\n\t<meta property=\"og:image:type\" content=\"image\/png\" \/>\n<meta name=\"author\" content=\"Julien\" \/>\n<meta name=\"twitter:card\" content=\"summary_large_image\" \/>\n<meta name=\"twitter:label1\" content=\"\u00c9crit par\" \/>\n\t<meta name=\"twitter:data1\" content=\"Julien\" \/>\n\t<meta name=\"twitter:label2\" content=\"Dur\u00e9e de lecture est.\" \/>\n\t<meta name=\"twitter:data2\" content=\"5 minutes\" \/>\n<script type=\"application\/ld+json\" class=\"yoast-schema-graph\">{\"@context\":\"https:\/\/schema.org\",\"@graph\":[{\"@type\":\"Article\",\"@id\":\"https:\/\/vieassociative.be\/actualites\/je-vous-exhorte-une-fois-de-plus-a-vous-promener-dans-une-foret-nationale-pour-abattre-un-arbre-de-noel-mais-legalement\/#article\",\"isPartOf\":{\"@id\":\"https:\/\/vieassociative.be\/actualites\/je-vous-exhorte-une-fois-de-plus-a-vous-promener-dans-une-foret-nationale-pour-abattre-un-arbre-de-noel-mais-legalement\/\"},\"author\":{\"name\":\"Julien\",\"@id\":\"https:\/\/vieassociative.be\/actualites\/#\/schema\/person\/b87ac4f82f9d4e7b7cec7395b679edc4\"},\"headline\":\"Je vous exhorte une fois de plus \u00e0 vous promener dans une for\u00eat nationale pour abattre un arbre de No\u00ebl (mais l\u00e9galement)\",\"datePublished\":\"2024-12-06T00:23:19+00:00\",\"dateModified\":\"2024-12-06T00:23:19+00:00\",\"mainEntityOfPage\":{\"@id\":\"https:\/\/vieassociative.be\/actualites\/je-vous-exhorte-une-fois-de-plus-a-vous-promener-dans-une-foret-nationale-pour-abattre-un-arbre-de-noel-mais-legalement\/\"},\"wordCount\":985,\"publisher\":{\"@id\":\"https:\/\/vieassociative.be\/actualites\/#organization\"},\"image\":{\"@id\":\"https:\/\/vieassociative.be\/actualites\/je-vous-exhorte-une-fois-de-plus-a-vous-promener-dans-une-foret-nationale-pour-abattre-un-arbre-de-noel-mais-legalement\/#primaryimage\"},\"thumbnailUrl\":\"https:\/\/vieassociative.be\/actualites\/wp-content\/uploads\/2024\/12\/Je-vous-exhorte-une-fois-de-plus-a-vous-promener.png\",\"keywords\":[\"abattre\",\"arbre\",\"dans\",\"exhorte\",\"fois\",\"for\u00eat\",\"l\u00e9galement\",\"mais\",\"nationale\",\"No\u00ebl\",\"pour\",\"promener\",\"une\",\"Vous\"],\"articleSection\":[\"Maison\"],\"inLanguage\":\"fr-BE\"},{\"@type\":\"WebPage\",\"@id\":\"https:\/\/vieassociative.be\/actualites\/je-vous-exhorte-une-fois-de-plus-a-vous-promener-dans-une-foret-nationale-pour-abattre-un-arbre-de-noel-mais-legalement\/\",\"url\":\"https:\/\/vieassociative.be\/actualites\/je-vous-exhorte-une-fois-de-plus-a-vous-promener-dans-une-foret-nationale-pour-abattre-un-arbre-de-noel-mais-legalement\/\",\"name\":\"Je vous exhorte une fois de plus \u00e0 vous promener dans une for\u00eat nationale pour abattre un arbre de No\u00ebl (mais l\u00e9galement) | Vie Associative\",\"isPartOf\":{\"@id\":\"https:\/\/vieassociative.be\/actualites\/#website\"},\"primaryImageOfPage\":{\"@id\":\"https:\/\/vieassociative.be\/actualites\/je-vous-exhorte-une-fois-de-plus-a-vous-promener-dans-une-foret-nationale-pour-abattre-un-arbre-de-noel-mais-legalement\/#primaryimage\"},\"image\":{\"@id\":\"https:\/\/vieassociative.be\/actualites\/je-vous-exhorte-une-fois-de-plus-a-vous-promener-dans-une-foret-nationale-pour-abattre-un-arbre-de-noel-mais-legalement\/#primaryimage\"},\"thumbnailUrl\":\"https:\/\/vieassociative.be\/actualites\/wp-content\/uploads\/2024\/12\/Je-vous-exhorte-une-fois-de-plus-a-vous-promener.png\",\"datePublished\":\"2024-12-06T00:23:19+00:00\",\"dateModified\":\"2024-12-06T00:23:19+00:00\",\"breadcrumb\":{\"@id\":\"https:\/\/vieassociative.be\/actualites\/je-vous-exhorte-une-fois-de-plus-a-vous-promener-dans-une-foret-nationale-pour-abattre-un-arbre-de-noel-mais-legalement\/#breadcrumb\"},\"inLanguage\":\"fr-BE\",\"potentialAction\":[{\"@type\":\"ReadAction\",\"target\":[\"https:\/\/vieassociative.be\/actualites\/je-vous-exhorte-une-fois-de-plus-a-vous-promener-dans-une-foret-nationale-pour-abattre-un-arbre-de-noel-mais-legalement\/\"]}]},{\"@type\":\"ImageObject\",\"inLanguage\":\"fr-BE\",\"@id\":\"https:\/\/vieassociative.be\/actualites\/je-vous-exhorte-une-fois-de-plus-a-vous-promener-dans-une-foret-nationale-pour-abattre-un-arbre-de-noel-mais-legalement\/#primaryimage\",\"url\":\"https:\/\/vieassociative.be\/actualites\/wp-content\/uploads\/2024\/12\/Je-vous-exhorte-une-fois-de-plus-a-vous-promener.png\",\"contentUrl\":\"https:\/\/vieassociative.be\/actualites\/wp-content\/uploads\/2024\/12\/Je-vous-exhorte-une-fois-de-plus-a-vous-promener.png\",\"width\":1200,\"height\":675,\"caption\":\"Je vous exhorte une fois de plus \u00e0 vous promener dans une for\u00eat nationale pour abattre un arbre de No\u00ebl (mais l\u00e9galement)\"},{\"@type\":\"BreadcrumbList\",\"@id\":\"https:\/\/vieassociative.be\/actualites\/je-vous-exhorte-une-fois-de-plus-a-vous-promener-dans-une-foret-nationale-pour-abattre-un-arbre-de-noel-mais-legalement\/#breadcrumb\",\"itemListElement\":[{\"@type\":\"ListItem\",\"position\":1,\"name\":\"Accueil\",\"item\":\"https:\/\/vieassociative.be\/actualites\/\"},{\"@type\":\"ListItem\",\"position\":2,\"name\":\"Je vous exhorte une fois de plus \u00e0 vous promener dans une for\u00eat nationale pour abattre un arbre de No\u00ebl (mais l\u00e9galement)\"}]},{\"@type\":\"WebSite\",\"@id\":\"https:\/\/vieassociative.be\/actualites\/#website\",\"url\":\"https:\/\/vieassociative.be\/actualites\/\",\"name\":\"Vie Associative\",\"description\":\"\",\"publisher\":{\"@id\":\"https:\/\/vieassociative.be\/actualites\/#organization\"},\"potentialAction\":[{\"@type\":\"SearchAction\",\"target\":{\"@type\":\"EntryPoint\",\"urlTemplate\":\"https:\/\/vieassociative.be\/actualites\/?s={search_term_string}\"},\"query-input\":{\"@type\":\"PropertyValueSpecification\",\"valueRequired\":true,\"valueName\":\"search_term_string\"}}],\"inLanguage\":\"fr-BE\"},{\"@type\":\"Organization\",\"@id\":\"https:\/\/vieassociative.be\/actualites\/#organization\",\"name\":\"Vie Associative\",\"url\":\"https:\/\/vieassociative.be\/actualites\/\",\"logo\":{\"@type\":\"ImageObject\",\"inLanguage\":\"fr-BE\",\"@id\":\"https:\/\/vieassociative.be\/actualites\/#\/schema\/logo\/image\/\",\"url\":\"https:\/\/vieassociative.be\/actualites\/wp-content\/uploads\/2024\/09\/cropped-vieassociative_favicon.ico.png\",\"contentUrl\":\"https:\/\/vieassociative.be\/actualites\/wp-content\/uploads\/2024\/09\/cropped-vieassociative_favicon.ico.png\",\"width\":512,\"height\":512,\"caption\":\"Vie Associative\"},\"image\":{\"@id\":\"https:\/\/vieassociative.be\/actualites\/#\/schema\/logo\/image\/\"}},{\"@type\":\"Person\",\"@id\":\"https:\/\/vieassociative.be\/actualites\/#\/schema\/person\/b87ac4f82f9d4e7b7cec7395b679edc4\",\"name\":\"Julien\",\"image\":{\"@type\":\"ImageObject\",\"inLanguage\":\"fr-BE\",\"@id\":\"https:\/\/vieassociative.be\/actualites\/#\/schema\/person\/image\/\",\"url\":\"https:\/\/vieassociative.be\/actualites\/wp-content\/uploads\/2024\/09\/vie-associative-1-150x150.jpg\",\"contentUrl\":\"https:\/\/vieassociative.be\/actualites\/wp-content\/uploads\/2024\/09\/vie-associative-1-150x150.jpg\",\"caption\":\"Julien\"},\"description\":\"Je suis Julien, r\u00e9dacteur pour Vie Associative. Passionn\u00e9 par le monde associatif depuis plus de 10 ans, j'ai \u00e0 c\u0153ur de partager des histoires inspirantes et de mettre en lumi\u00e8re les initiatives locales. Mon objectif est de sensibiliser et d'encourager l'engagement communautaire \u00e0 travers mes articles.\",\"sameAs\":[\"https:\/\/vieassociative.be\/\"]}]}<\/script>\n<!-- \/ Yoast SEO plugin. -->","yoast_head_json":{"title":"Je vous exhorte une fois de plus \u00e0 vous promener dans une for\u00eat nationale pour abattre un arbre de No\u00ebl (mais l\u00e9galement) | Vie Associative","robots":{"index":"index","follow":"follow","max-snippet":"max-snippet:-1","max-image-preview":"max-image-preview:large","max-video-preview":"max-video-preview:-1"},"canonical":"https:\/\/vieassociative.be\/actualites\/je-vous-exhorte-une-fois-de-plus-a-vous-promener-dans-une-foret-nationale-pour-abattre-un-arbre-de-noel-mais-legalement\/","og_locale":"fr_FR","og_type":"article","og_title":"Je vous exhorte une fois de plus \u00e0 vous promener dans une for\u00eat nationale pour abattre un arbre de No\u00ebl (mais l\u00e9galement) | Vie Associative","og_description":"Saviez-vous que vous pouvez faire des choses ill\u00e9gales, mais l\u00e9galement ? Comme tout aspirant b\u00fbcheron le sait, la plupart du temps, il est ill\u00e9gal de","og_url":"https:\/\/vieassociative.be\/actualites\/je-vous-exhorte-une-fois-de-plus-a-vous-promener-dans-une-foret-nationale-pour-abattre-un-arbre-de-noel-mais-legalement\/","og_site_name":"Vie Associative","article_published_time":"2024-12-06T00:23:19+00:00","og_image":[{"width":279,"height":92,"url":"https:\/\/vieassociative.be\/actualites\/wp-content\/uploads\/2024\/09\/header_backgroundk-01-e1726694325946.png","type":"image\/png"}],"author":"Julien","twitter_card":"summary_large_image","twitter_misc":{"\u00c9crit par":"Julien","Dur\u00e9e de lecture est.":"5 minutes"},"schema":{"@context":"https:\/\/schema.org","@graph":[{"@type":"Article","@id":"https:\/\/vieassociative.be\/actualites\/je-vous-exhorte-une-fois-de-plus-a-vous-promener-dans-une-foret-nationale-pour-abattre-un-arbre-de-noel-mais-legalement\/#article","isPartOf":{"@id":"https:\/\/vieassociative.be\/actualites\/je-vous-exhorte-une-fois-de-plus-a-vous-promener-dans-une-foret-nationale-pour-abattre-un-arbre-de-noel-mais-legalement\/"},"author":{"name":"Julien","@id":"https:\/\/vieassociative.be\/actualites\/#\/schema\/person\/b87ac4f82f9d4e7b7cec7395b679edc4"},"headline":"Je vous exhorte une fois de plus \u00e0 vous promener dans une for\u00eat nationale pour abattre un arbre de No\u00ebl (mais l\u00e9galement)","datePublished":"2024-12-06T00:23:19+00:00","dateModified":"2024-12-06T00:23:19+00:00","mainEntityOfPage":{"@id":"https:\/\/vieassociative.be\/actualites\/je-vous-exhorte-une-fois-de-plus-a-vous-promener-dans-une-foret-nationale-pour-abattre-un-arbre-de-noel-mais-legalement\/"},"wordCount":985,"publisher":{"@id":"https:\/\/vieassociative.be\/actualites\/#organization"},"image":{"@id":"https:\/\/vieassociative.be\/actualites\/je-vous-exhorte-une-fois-de-plus-a-vous-promener-dans-une-foret-nationale-pour-abattre-un-arbre-de-noel-mais-legalement\/#primaryimage"},"thumbnailUrl":"https:\/\/vieassociative.be\/actualites\/wp-content\/uploads\/2024\/12\/Je-vous-exhorte-une-fois-de-plus-a-vous-promener.png","keywords":["abattre","arbre","dans","exhorte","fois","for\u00eat","l\u00e9galement","mais","nationale","No\u00ebl","pour","promener","une","Vous"],"articleSection":["Maison"],"inLanguage":"fr-BE"},{"@type":"WebPage","@id":"https:\/\/vieassociative.be\/actualites\/je-vous-exhorte-une-fois-de-plus-a-vous-promener-dans-une-foret-nationale-pour-abattre-un-arbre-de-noel-mais-legalement\/","url":"https:\/\/vieassociative.be\/actualites\/je-vous-exhorte-une-fois-de-plus-a-vous-promener-dans-une-foret-nationale-pour-abattre-un-arbre-de-noel-mais-legalement\/","name":"Je vous exhorte une fois de plus \u00e0 vous promener dans une for\u00eat nationale pour abattre un arbre de No\u00ebl (mais l\u00e9galement) | Vie Associative","isPartOf":{"@id":"https:\/\/vieassociative.be\/actualites\/#website"},"primaryImageOfPage":{"@id":"https:\/\/vieassociative.be\/actualites\/je-vous-exhorte-une-fois-de-plus-a-vous-promener-dans-une-foret-nationale-pour-abattre-un-arbre-de-noel-mais-legalement\/#primaryimage"},"image":{"@id":"https:\/\/vieassociative.be\/actualites\/je-vous-exhorte-une-fois-de-plus-a-vous-promener-dans-une-foret-nationale-pour-abattre-un-arbre-de-noel-mais-legalement\/#primaryimage"},"thumbnailUrl":"https:\/\/vieassociative.be\/actualites\/wp-content\/uploads\/2024\/12\/Je-vous-exhorte-une-fois-de-plus-a-vous-promener.png","datePublished":"2024-12-06T00:23:19+00:00","dateModified":"2024-12-06T00:23:19+00:00","breadcrumb":{"@id":"https:\/\/vieassociative.be\/actualites\/je-vous-exhorte-une-fois-de-plus-a-vous-promener-dans-une-foret-nationale-pour-abattre-un-arbre-de-noel-mais-legalement\/#breadcrumb"},"inLanguage":"fr-BE","potentialAction":[{"@type":"ReadAction","target":["https:\/\/vieassociative.be\/actualites\/je-vous-exhorte-une-fois-de-plus-a-vous-promener-dans-une-foret-nationale-pour-abattre-un-arbre-de-noel-mais-legalement\/"]}]},{"@type":"ImageObject","inLanguage":"fr-BE","@id":"https:\/\/vieassociative.be\/actualites\/je-vous-exhorte-une-fois-de-plus-a-vous-promener-dans-une-foret-nationale-pour-abattre-un-arbre-de-noel-mais-legalement\/#primaryimage","url":"https:\/\/vieassociative.be\/actualites\/wp-content\/uploads\/2024\/12\/Je-vous-exhorte-une-fois-de-plus-a-vous-promener.png","contentUrl":"https:\/\/vieassociative.be\/actualites\/wp-content\/uploads\/2024\/12\/Je-vous-exhorte-une-fois-de-plus-a-vous-promener.png","width":1200,"height":675,"caption":"Je vous exhorte une fois de plus \u00e0 vous promener dans une for\u00eat nationale pour abattre un arbre de No\u00ebl (mais l\u00e9galement)"},{"@type":"BreadcrumbList","@id":"https:\/\/vieassociative.be\/actualites\/je-vous-exhorte-une-fois-de-plus-a-vous-promener-dans-une-foret-nationale-pour-abattre-un-arbre-de-noel-mais-legalement\/#breadcrumb","itemListElement":[{"@type":"ListItem","position":1,"name":"Accueil","item":"https:\/\/vieassociative.be\/actualites\/"},{"@type":"ListItem","position":2,"name":"Je vous exhorte une fois de plus \u00e0 vous promener dans une for\u00eat nationale pour abattre un arbre de No\u00ebl (mais l\u00e9galement)"}]},{"@type":"WebSite","@id":"https:\/\/vieassociative.be\/actualites\/#website","url":"https:\/\/vieassociative.be\/actualites\/","name":"Vie Associative","description":"","publisher":{"@id":"https:\/\/vieassociative.be\/actualites\/#organization"},"potentialAction":[{"@type":"SearchAction","target":{"@type":"EntryPoint","urlTemplate":"https:\/\/vieassociative.be\/actualites\/?s={search_term_string}"},"query-input":{"@type":"PropertyValueSpecification","valueRequired":true,"valueName":"search_term_string"}}],"inLanguage":"fr-BE"},{"@type":"Organization","@id":"https:\/\/vieassociative.be\/actualites\/#organization","name":"Vie Associative","url":"https:\/\/vieassociative.be\/actualites\/","logo":{"@type":"ImageObject","inLanguage":"fr-BE","@id":"https:\/\/vieassociative.be\/actualites\/#\/schema\/logo\/image\/","url":"https:\/\/vieassociative.be\/actualites\/wp-content\/uploads\/2024\/09\/cropped-vieassociative_favicon.ico.png","contentUrl":"https:\/\/vieassociative.be\/actualites\/wp-content\/uploads\/2024\/09\/cropped-vieassociative_favicon.ico.png","width":512,"height":512,"caption":"Vie Associative"},"image":{"@id":"https:\/\/vieassociative.be\/actualites\/#\/schema\/logo\/image\/"}},{"@type":"Person","@id":"https:\/\/vieassociative.be\/actualites\/#\/schema\/person\/b87ac4f82f9d4e7b7cec7395b679edc4","name":"Julien","image":{"@type":"ImageObject","inLanguage":"fr-BE","@id":"https:\/\/vieassociative.be\/actualites\/#\/schema\/person\/image\/","url":"https:\/\/vieassociative.be\/actualites\/wp-content\/uploads\/2024\/09\/vie-associative-1-150x150.jpg","contentUrl":"https:\/\/vieassociative.be\/actualites\/wp-content\/uploads\/2024\/09\/vie-associative-1-150x150.jpg","caption":"Julien"},"description":"Je suis Julien, r\u00e9dacteur pour Vie Associative. Passionn\u00e9 par le monde associatif depuis plus de 10 ans, j'ai \u00e0 c\u0153ur de partager des histoires inspirantes et de mettre en lumi\u00e8re les initiatives locales. Mon objectif est de sensibiliser et d'encourager l'engagement communautaire \u00e0 travers mes articles.","sameAs":["https:\/\/vieassociative.be\/"]}]}},"_links":{"self":[{"href":"https:\/\/vieassociative.be\/actualites\/wp-json\/wp\/v2\/posts\/3100"}],"collection":[{"href":"https:\/\/vieassociative.be\/actualites\/wp-json\/wp\/v2\/posts"}],"about":[{"href":"https:\/\/vieassociative.be\/actualites\/wp-json\/wp\/v2\/types\/post"}],"author":[{"embeddable":true,"href":"https:\/\/vieassociative.be\/actualites\/wp-json\/wp\/v2\/users\/1"}],"replies":[{"embeddable":true,"href":"https:\/\/vieassociative.be\/actualites\/wp-json\/wp\/v2\/comments?post=3100"}],"version-history":[{"count":0,"href":"https:\/\/vieassociative.be\/actualites\/wp-json\/wp\/v2\/posts\/3100\/revisions"}],"wp:featuredmedia":[{"embeddable":true,"href":"https:\/\/vieassociative.be\/actualites\/wp-json\/wp\/v2\/media\/3101"}],"wp:attachment":[{"href":"https:\/\/vieassociative.be\/actualites\/wp-json\/wp\/v2\/media?parent=3100"}],"wp:term":[{"taxonomy":"category","embeddable":true,"href":"https:\/\/vieassociative.be\/actualites\/wp-json\/wp\/v2\/categories?post=3100"},{"taxonomy":"post_tag","embeddable":true,"href":"https:\/\/vieassociative.be\/actualites\/wp-json\/wp\/v2\/tags?post=3100"}],"curies":[{"name":"wp","href":"https:\/\/api.w.org\/{rel}","templated":true}]}}