{"id":3098,"date":"2024-12-06T00:17:18","date_gmt":"2024-12-05T23:17:18","guid":{"rendered":"https:\/\/vieassociative.be\/actualites\/la-meilleure-facon-de-soudoyer-un-tout-petit-pour-quil-mange-ses-legumes\/"},"modified":"2024-12-06T00:17:18","modified_gmt":"2024-12-05T23:17:18","slug":"la-meilleure-facon-de-soudoyer-un-tout-petit-pour-quil-mange-ses-legumes","status":"publish","type":"post","link":"https:\/\/vieassociative.be\/actualites\/la-meilleure-facon-de-soudoyer-un-tout-petit-pour-quil-mange-ses-legumes\/","title":{"rendered":"La meilleure fa\u00e7on de soudoyer un tout-petit pour qu&rsquo;il mange ses l\u00e9gumes"},"content":{"rendered":"<div class=\"mt-4 leading-6 md:mb-8\">La science est d\u2019accord : les temps d\u00e9sesp\u00e9r\u00e9s appellent des mesures d\u00e9sesp\u00e9r\u00e9es, et la corruption fonctionne.<\/div>\n<p><\/p>\n<p>Faire manger \u00e0 un tout-petit autre chose que des nuggets de poulet et des frites peut sembler un exploit parental surhumain, presque mythique. Bien s\u00fbr, tu sais qu&rsquo;ils <em>devrait<\/em> avoir une alimentation plus saine et plus \u00e9quilibr\u00e9e, ce que tous les \u00ab experts \u00bb parentaux d&rsquo;Instagram voudraient vous faire croire tout \u00e0 fait possible jusqu&rsquo;au moment o\u00f9 vous vous retrouvez face \u00e0 un bambin qui refuse de toucher \u00e0 tout ce qui n&rsquo;est pas frit ou couvert dans le fromage. <\/p>\n<p>Lorsqu&rsquo;il s&rsquo;agit d&rsquo;une bataille entre un tout-petit et des l\u00e9gumes verts, le tout-petit <em>toujours <\/em>\u00e0 la fin, ils finissent par l&#8217;emporter, surtout les jours o\u00f9 il faut plus d&rsquo;une heure pour leur faire enfiler un pantalon. <\/p>\n<h2 id=\"study-shows-non-food-rewards-get-toddlers-to-try-more-vegetables\"><strong>Une \u00e9tude montre que les r\u00e9compenses non alimentaires incitent les tout-petits \u00e0 essayer davantage de l\u00e9gumes<\/strong> <\/h2>\n<p>Des moments comme ceux-ci appellent des mesures d\u00e9sesp\u00e9r\u00e9es \u2013 et comme l\u2019indique une \u00e9tude r\u00e9cente men\u00e9e par des chercheurs de l\u2019Universit\u00e9 de Maastricht aux Pays-Bas, soudoyer votre tout-petit pour qu\u2019il mange ses l\u00e9gumes est une strat\u00e9gie qui peut fonctionner.  <\/p>\n<p>Dans cette exp\u00e9rience, r\u00e9cemment pr\u00e9sent\u00e9e au Congr\u00e8s europ\u00e9en sur l&rsquo;ob\u00e9sit\u00e9 de cette ann\u00e9e, des chercheurs ont test\u00e9 si offrir une r\u00e9compense amusante et non alimentaire, comme un autocollant ou un petit jouet, inciterait les tout-petits \u00e0 manger une plus grande vari\u00e9t\u00e9 de l\u00e9gumes. Pour commencer, les tout-petits de plusieurs garderies aux Pays-Bas ont \u00e9t\u00e9 divis\u00e9s en trois groupes. Un groupe a \u00e9t\u00e9 expos\u00e9 \u00e0 une vari\u00e9t\u00e9 de l\u00e9gumes et a re\u00e7u une r\u00e9compense \u00e0 chaque fois qu&rsquo;il les essayait, un groupe a \u00e9t\u00e9 expos\u00e9 \u00e0 une vari\u00e9t\u00e9 de l\u00e9gumes mais n&rsquo;a re\u00e7u aucune r\u00e9compense, tandis que le troisi\u00e8me groupe n&rsquo;a pas \u00e9t\u00e9 expos\u00e9 aux l\u00e9gumes et n&rsquo;a pas re\u00e7u de r\u00e9compense. une r\u00e9compense.<\/p>\n<p>\u00c0 la fin de l&rsquo;exp\u00e9rience, les tout-petits \u00e0 qui on a offert une r\u00e9compense amusante et non alimentaire \u00e9taient plus dispos\u00e9s \u00e0 manger une plus grande vari\u00e9t\u00e9 de l\u00e9gumes que les tout-petits qui n&rsquo;ont pas re\u00e7u de r\u00e9compense ou qui n&rsquo;ont pas \u00e9t\u00e9 expos\u00e9s \u00e0 une vari\u00e9t\u00e9 de l\u00e9gumes. l\u00e9gumes. <\/p>\n<p>\u00ab\u00a0R\u00e9compenser les tout-petits pour qu&rsquo;ils go\u00fbtent des l\u00e9gumes semble \u00e9galement accro\u00eetre leur volont\u00e9 d&rsquo;essayer diff\u00e9rents l\u00e9gumes\u00a0\u00bb, a d\u00e9clar\u00e9 le chercheur Britt van Belkom, qui a dirig\u00e9 l&rsquo;\u00e9tude, dans un communiqu\u00e9 de presse. \u00ab\u00a0Le type de r\u00e9compense est cependant tr\u00e8s important\u00a0: il doit s&rsquo;agir d&rsquo;amusement mais pas de nourriture.\u00a0\u00bb <\/p>\n<h2 id=\"positive-reinforcement-works\"><strong>Travaux de renforcement positif<\/strong> <\/h2>\n<p>\u00abLes tout-petits r\u00e9agissent tr\u00e8s bien au renforcement positif\u00bb, a d\u00e9clar\u00e9 Beth Oller, m\u00e9decin de famille bas\u00e9e \u00e0 Plainville, Kan. Cela peut prendre la forme d&rsquo;autocollants, ou encore d&rsquo;applaudissements et d&rsquo;\u00e9loges verbaux. Selon votre tout-petit, offrir un autocollant ou un petit jouet pourrait l\u2019inciter \u00e0 essayer davantage de l\u00e9gumes.  <\/p>\n<p>Cependant, comme le pr\u00e9vient Oller, \u00ab cela pourrait cr\u00e9er un pr\u00e9c\u00e9dent que vous ne voudriez pas voir perdurer \u00bb. Un inconv\u00e9nient potentiel est que votre tout-petit pourrait commencer \u00e0 s\u2019attendre \u00e0 une r\u00e9compense pour d\u2019autres routines, comme s\u2019asseoir \u00e0 table pour un repas. <\/p>\n<p>Pourtant, \u00ab c\u2019est chaque parent qui conna\u00eet le mieux son enfant \u00bb, a d\u00e9clar\u00e9 Oller. \u00ab\u00a0Si un autocollant doit inciter l&rsquo;enfant \u00e0 essayer quelque chose de nouveau, il ne pr\u00e9sentera peut-\u00eatre pas beaucoup d&rsquo;inconv\u00e9nients.\u00a0\u00bb <\/p>\n","protected":false},"excerpt":{"rendered":"<p>La science est d\u2019accord : les temps d\u00e9sesp\u00e9r\u00e9s appellent des mesures d\u00e9sesp\u00e9r\u00e9es, et la corruption fonctionne. Faire manger \u00e0 un tout-petit autre chose que des<\/p>\n","protected":false},"author":1,"featured_media":3099,"comment_status":"","ping_status":"","sticky":false,"template":"","format":"standard","meta":{"footnotes":""},"categories":[37],"tags":[531,1002,3796,530,81,1855,1055,3795,1678],"class_list":["post-3098","post","type-post","status-publish","format-standard","has-post-thumbnail","hentry","category-famille","tag-facon","tag-legumes","tag-mange","tag-meilleure","tag-pour","tag-quil","tag-ses","tag-soudoyer","tag-toutpetit","generate-columns","tablet-grid-50","mobile-grid-100","grid-parent","grid-33"],"yoast_head":"<!-- This site is optimized with the Yoast SEO plugin v24.0 - https:\/\/yoast.com\/wordpress\/plugins\/seo\/ -->\n<title>La meilleure fa\u00e7on de soudoyer un tout-petit pour qu&#039;il mange ses l\u00e9gumes | Vie Associative<\/title>\n<meta name=\"robots\" content=\"index, follow, max-snippet:-1, max-image-preview:large, max-video-preview:-1\" \/>\n<link rel=\"canonical\" href=\"https:\/\/vieassociative.be\/actualites\/la-meilleure-facon-de-soudoyer-un-tout-petit-pour-quil-mange-ses-legumes\/\" \/>\n<meta property=\"og:locale\" content=\"fr_FR\" \/>\n<meta property=\"og:type\" content=\"article\" \/>\n<meta property=\"og:title\" content=\"La meilleure fa\u00e7on de soudoyer un tout-petit pour qu&#039;il mange ses l\u00e9gumes | Vie Associative\" \/>\n<meta property=\"og:description\" content=\"La science est d\u2019accord : les temps d\u00e9sesp\u00e9r\u00e9s appellent des mesures d\u00e9sesp\u00e9r\u00e9es, et la corruption fonctionne. Faire manger \u00e0 un tout-petit autre chose que des\" \/>\n<meta property=\"og:url\" content=\"https:\/\/vieassociative.be\/actualites\/la-meilleure-facon-de-soudoyer-un-tout-petit-pour-quil-mange-ses-legumes\/\" \/>\n<meta property=\"og:site_name\" content=\"Vie Associative\" \/>\n<meta property=\"article:published_time\" content=\"2024-12-05T23:17:18+00:00\" \/>\n<meta property=\"og:image\" content=\"https:\/\/vieassociative.be\/actualites\/wp-content\/uploads\/2024\/09\/header_backgroundk-01-e1726694325946.png\" \/>\n\t<meta property=\"og:image:width\" content=\"279\" \/>\n\t<meta property=\"og:image:height\" content=\"92\" \/>\n\t<meta property=\"og:image:type\" content=\"image\/png\" \/>\n<meta name=\"author\" content=\"Julien\" \/>\n<meta name=\"twitter:card\" content=\"summary_large_image\" \/>\n<meta name=\"twitter:label1\" content=\"\u00c9crit par\" \/>\n\t<meta name=\"twitter:data1\" content=\"Julien\" \/>\n\t<meta name=\"twitter:label2\" content=\"Dur\u00e9e de lecture est.\" \/>\n\t<meta name=\"twitter:data2\" content=\"3 minutes\" \/>\n<script type=\"application\/ld+json\" class=\"yoast-schema-graph\">{\"@context\":\"https:\/\/schema.org\",\"@graph\":[{\"@type\":\"Article\",\"@id\":\"https:\/\/vieassociative.be\/actualites\/la-meilleure-facon-de-soudoyer-un-tout-petit-pour-quil-mange-ses-legumes\/#article\",\"isPartOf\":{\"@id\":\"https:\/\/vieassociative.be\/actualites\/la-meilleure-facon-de-soudoyer-un-tout-petit-pour-quil-mange-ses-legumes\/\"},\"author\":{\"name\":\"Julien\",\"@id\":\"https:\/\/vieassociative.be\/actualites\/#\/schema\/person\/b87ac4f82f9d4e7b7cec7395b679edc4\"},\"headline\":\"La meilleure fa\u00e7on de soudoyer un tout-petit pour qu&rsquo;il mange ses l\u00e9gumes\",\"datePublished\":\"2024-12-05T23:17:18+00:00\",\"dateModified\":\"2024-12-05T23:17:18+00:00\",\"mainEntityOfPage\":{\"@id\":\"https:\/\/vieassociative.be\/actualites\/la-meilleure-facon-de-soudoyer-un-tout-petit-pour-quil-mange-ses-legumes\/\"},\"wordCount\":630,\"publisher\":{\"@id\":\"https:\/\/vieassociative.be\/actualites\/#organization\"},\"image\":{\"@id\":\"https:\/\/vieassociative.be\/actualites\/la-meilleure-facon-de-soudoyer-un-tout-petit-pour-quil-mange-ses-legumes\/#primaryimage\"},\"thumbnailUrl\":\"https:\/\/vieassociative.be\/actualites\/wp-content\/uploads\/2024\/12\/La-meilleure-facon-de-soudoyer-un-tout-petit-pour-quil-mange.jpg\",\"keywords\":[\"fa\u00e7on\",\"l\u00e9gumes\",\"mange\",\"meilleure\",\"pour\",\"quil\",\"ses\",\"soudoyer\",\"toutpetit\"],\"articleSection\":[\"Famille\"],\"inLanguage\":\"fr-BE\"},{\"@type\":\"WebPage\",\"@id\":\"https:\/\/vieassociative.be\/actualites\/la-meilleure-facon-de-soudoyer-un-tout-petit-pour-quil-mange-ses-legumes\/\",\"url\":\"https:\/\/vieassociative.be\/actualites\/la-meilleure-facon-de-soudoyer-un-tout-petit-pour-quil-mange-ses-legumes\/\",\"name\":\"La meilleure fa\u00e7on de soudoyer un tout-petit pour qu'il mange ses l\u00e9gumes | Vie Associative\",\"isPartOf\":{\"@id\":\"https:\/\/vieassociative.be\/actualites\/#website\"},\"primaryImageOfPage\":{\"@id\":\"https:\/\/vieassociative.be\/actualites\/la-meilleure-facon-de-soudoyer-un-tout-petit-pour-quil-mange-ses-legumes\/#primaryimage\"},\"image\":{\"@id\":\"https:\/\/vieassociative.be\/actualites\/la-meilleure-facon-de-soudoyer-un-tout-petit-pour-quil-mange-ses-legumes\/#primaryimage\"},\"thumbnailUrl\":\"https:\/\/vieassociative.be\/actualites\/wp-content\/uploads\/2024\/12\/La-meilleure-facon-de-soudoyer-un-tout-petit-pour-quil-mange.jpg\",\"datePublished\":\"2024-12-05T23:17:18+00:00\",\"dateModified\":\"2024-12-05T23:17:18+00:00\",\"breadcrumb\":{\"@id\":\"https:\/\/vieassociative.be\/actualites\/la-meilleure-facon-de-soudoyer-un-tout-petit-pour-quil-mange-ses-legumes\/#breadcrumb\"},\"inLanguage\":\"fr-BE\",\"potentialAction\":[{\"@type\":\"ReadAction\",\"target\":[\"https:\/\/vieassociative.be\/actualites\/la-meilleure-facon-de-soudoyer-un-tout-petit-pour-quil-mange-ses-legumes\/\"]}]},{\"@type\":\"ImageObject\",\"inLanguage\":\"fr-BE\",\"@id\":\"https:\/\/vieassociative.be\/actualites\/la-meilleure-facon-de-soudoyer-un-tout-petit-pour-quil-mange-ses-legumes\/#primaryimage\",\"url\":\"https:\/\/vieassociative.be\/actualites\/wp-content\/uploads\/2024\/12\/La-meilleure-facon-de-soudoyer-un-tout-petit-pour-quil-mange.jpg\",\"contentUrl\":\"https:\/\/vieassociative.be\/actualites\/wp-content\/uploads\/2024\/12\/La-meilleure-facon-de-soudoyer-un-tout-petit-pour-quil-mange.jpg\",\"width\":1200,\"height\":675,\"caption\":\"La meilleure fa\u00e7on de soudoyer un tout-petit pour qu'il mange ses l\u00e9gumes\"},{\"@type\":\"BreadcrumbList\",\"@id\":\"https:\/\/vieassociative.be\/actualites\/la-meilleure-facon-de-soudoyer-un-tout-petit-pour-quil-mange-ses-legumes\/#breadcrumb\",\"itemListElement\":[{\"@type\":\"ListItem\",\"position\":1,\"name\":\"Accueil\",\"item\":\"https:\/\/vieassociative.be\/actualites\/\"},{\"@type\":\"ListItem\",\"position\":2,\"name\":\"La meilleure fa\u00e7on de soudoyer un tout-petit pour qu&rsquo;il mange ses l\u00e9gumes\"}]},{\"@type\":\"WebSite\",\"@id\":\"https:\/\/vieassociative.be\/actualites\/#website\",\"url\":\"https:\/\/vieassociative.be\/actualites\/\",\"name\":\"Vie Associative\",\"description\":\"\",\"publisher\":{\"@id\":\"https:\/\/vieassociative.be\/actualites\/#organization\"},\"potentialAction\":[{\"@type\":\"SearchAction\",\"target\":{\"@type\":\"EntryPoint\",\"urlTemplate\":\"https:\/\/vieassociative.be\/actualites\/?s={search_term_string}\"},\"query-input\":{\"@type\":\"PropertyValueSpecification\",\"valueRequired\":true,\"valueName\":\"search_term_string\"}}],\"inLanguage\":\"fr-BE\"},{\"@type\":\"Organization\",\"@id\":\"https:\/\/vieassociative.be\/actualites\/#organization\",\"name\":\"Vie Associative\",\"url\":\"https:\/\/vieassociative.be\/actualites\/\",\"logo\":{\"@type\":\"ImageObject\",\"inLanguage\":\"fr-BE\",\"@id\":\"https:\/\/vieassociative.be\/actualites\/#\/schema\/logo\/image\/\",\"url\":\"https:\/\/vieassociative.be\/actualites\/wp-content\/uploads\/2024\/09\/cropped-vieassociative_favicon.ico.png\",\"contentUrl\":\"https:\/\/vieassociative.be\/actualites\/wp-content\/uploads\/2024\/09\/cropped-vieassociative_favicon.ico.png\",\"width\":512,\"height\":512,\"caption\":\"Vie Associative\"},\"image\":{\"@id\":\"https:\/\/vieassociative.be\/actualites\/#\/schema\/logo\/image\/\"}},{\"@type\":\"Person\",\"@id\":\"https:\/\/vieassociative.be\/actualites\/#\/schema\/person\/b87ac4f82f9d4e7b7cec7395b679edc4\",\"name\":\"Julien\",\"image\":{\"@type\":\"ImageObject\",\"inLanguage\":\"fr-BE\",\"@id\":\"https:\/\/vieassociative.be\/actualites\/#\/schema\/person\/image\/\",\"url\":\"https:\/\/vieassociative.be\/actualites\/wp-content\/uploads\/2024\/09\/vie-associative-1-150x150.jpg\",\"contentUrl\":\"https:\/\/vieassociative.be\/actualites\/wp-content\/uploads\/2024\/09\/vie-associative-1-150x150.jpg\",\"caption\":\"Julien\"},\"description\":\"Je suis Julien, r\u00e9dacteur pour Vie Associative. Passionn\u00e9 par le monde associatif depuis plus de 10 ans, j'ai \u00e0 c\u0153ur de partager des histoires inspirantes et de mettre en lumi\u00e8re les initiatives locales. Mon objectif est de sensibiliser et d'encourager l'engagement communautaire \u00e0 travers mes articles.\",\"sameAs\":[\"https:\/\/vieassociative.be\/\"]}]}<\/script>\n<!-- \/ Yoast SEO plugin. -->","yoast_head_json":{"title":"La meilleure fa\u00e7on de soudoyer un tout-petit pour qu'il mange ses l\u00e9gumes | Vie Associative","robots":{"index":"index","follow":"follow","max-snippet":"max-snippet:-1","max-image-preview":"max-image-preview:large","max-video-preview":"max-video-preview:-1"},"canonical":"https:\/\/vieassociative.be\/actualites\/la-meilleure-facon-de-soudoyer-un-tout-petit-pour-quil-mange-ses-legumes\/","og_locale":"fr_FR","og_type":"article","og_title":"La meilleure fa\u00e7on de soudoyer un tout-petit pour qu'il mange ses l\u00e9gumes | Vie Associative","og_description":"La science est d\u2019accord : les temps d\u00e9sesp\u00e9r\u00e9s appellent des mesures d\u00e9sesp\u00e9r\u00e9es, et la corruption fonctionne. Faire manger \u00e0 un tout-petit autre chose que des","og_url":"https:\/\/vieassociative.be\/actualites\/la-meilleure-facon-de-soudoyer-un-tout-petit-pour-quil-mange-ses-legumes\/","og_site_name":"Vie Associative","article_published_time":"2024-12-05T23:17:18+00:00","og_image":[{"width":279,"height":92,"url":"https:\/\/vieassociative.be\/actualites\/wp-content\/uploads\/2024\/09\/header_backgroundk-01-e1726694325946.png","type":"image\/png"}],"author":"Julien","twitter_card":"summary_large_image","twitter_misc":{"\u00c9crit par":"Julien","Dur\u00e9e de lecture est.":"3 minutes"},"schema":{"@context":"https:\/\/schema.org","@graph":[{"@type":"Article","@id":"https:\/\/vieassociative.be\/actualites\/la-meilleure-facon-de-soudoyer-un-tout-petit-pour-quil-mange-ses-legumes\/#article","isPartOf":{"@id":"https:\/\/vieassociative.be\/actualites\/la-meilleure-facon-de-soudoyer-un-tout-petit-pour-quil-mange-ses-legumes\/"},"author":{"name":"Julien","@id":"https:\/\/vieassociative.be\/actualites\/#\/schema\/person\/b87ac4f82f9d4e7b7cec7395b679edc4"},"headline":"La meilleure fa\u00e7on de soudoyer un tout-petit pour qu&rsquo;il mange ses l\u00e9gumes","datePublished":"2024-12-05T23:17:18+00:00","dateModified":"2024-12-05T23:17:18+00:00","mainEntityOfPage":{"@id":"https:\/\/vieassociative.be\/actualites\/la-meilleure-facon-de-soudoyer-un-tout-petit-pour-quil-mange-ses-legumes\/"},"wordCount":630,"publisher":{"@id":"https:\/\/vieassociative.be\/actualites\/#organization"},"image":{"@id":"https:\/\/vieassociative.be\/actualites\/la-meilleure-facon-de-soudoyer-un-tout-petit-pour-quil-mange-ses-legumes\/#primaryimage"},"thumbnailUrl":"https:\/\/vieassociative.be\/actualites\/wp-content\/uploads\/2024\/12\/La-meilleure-facon-de-soudoyer-un-tout-petit-pour-quil-mange.jpg","keywords":["fa\u00e7on","l\u00e9gumes","mange","meilleure","pour","quil","ses","soudoyer","toutpetit"],"articleSection":["Famille"],"inLanguage":"fr-BE"},{"@type":"WebPage","@id":"https:\/\/vieassociative.be\/actualites\/la-meilleure-facon-de-soudoyer-un-tout-petit-pour-quil-mange-ses-legumes\/","url":"https:\/\/vieassociative.be\/actualites\/la-meilleure-facon-de-soudoyer-un-tout-petit-pour-quil-mange-ses-legumes\/","name":"La meilleure fa\u00e7on de soudoyer un tout-petit pour qu'il mange ses l\u00e9gumes | Vie Associative","isPartOf":{"@id":"https:\/\/vieassociative.be\/actualites\/#website"},"primaryImageOfPage":{"@id":"https:\/\/vieassociative.be\/actualites\/la-meilleure-facon-de-soudoyer-un-tout-petit-pour-quil-mange-ses-legumes\/#primaryimage"},"image":{"@id":"https:\/\/vieassociative.be\/actualites\/la-meilleure-facon-de-soudoyer-un-tout-petit-pour-quil-mange-ses-legumes\/#primaryimage"},"thumbnailUrl":"https:\/\/vieassociative.be\/actualites\/wp-content\/uploads\/2024\/12\/La-meilleure-facon-de-soudoyer-un-tout-petit-pour-quil-mange.jpg","datePublished":"2024-12-05T23:17:18+00:00","dateModified":"2024-12-05T23:17:18+00:00","breadcrumb":{"@id":"https:\/\/vieassociative.be\/actualites\/la-meilleure-facon-de-soudoyer-un-tout-petit-pour-quil-mange-ses-legumes\/#breadcrumb"},"inLanguage":"fr-BE","potentialAction":[{"@type":"ReadAction","target":["https:\/\/vieassociative.be\/actualites\/la-meilleure-facon-de-soudoyer-un-tout-petit-pour-quil-mange-ses-legumes\/"]}]},{"@type":"ImageObject","inLanguage":"fr-BE","@id":"https:\/\/vieassociative.be\/actualites\/la-meilleure-facon-de-soudoyer-un-tout-petit-pour-quil-mange-ses-legumes\/#primaryimage","url":"https:\/\/vieassociative.be\/actualites\/wp-content\/uploads\/2024\/12\/La-meilleure-facon-de-soudoyer-un-tout-petit-pour-quil-mange.jpg","contentUrl":"https:\/\/vieassociative.be\/actualites\/wp-content\/uploads\/2024\/12\/La-meilleure-facon-de-soudoyer-un-tout-petit-pour-quil-mange.jpg","width":1200,"height":675,"caption":"La meilleure fa\u00e7on de soudoyer un tout-petit pour qu'il mange ses l\u00e9gumes"},{"@type":"BreadcrumbList","@id":"https:\/\/vieassociative.be\/actualites\/la-meilleure-facon-de-soudoyer-un-tout-petit-pour-quil-mange-ses-legumes\/#breadcrumb","itemListElement":[{"@type":"ListItem","position":1,"name":"Accueil","item":"https:\/\/vieassociative.be\/actualites\/"},{"@type":"ListItem","position":2,"name":"La meilleure fa\u00e7on de soudoyer un tout-petit pour qu&rsquo;il mange ses l\u00e9gumes"}]},{"@type":"WebSite","@id":"https:\/\/vieassociative.be\/actualites\/#website","url":"https:\/\/vieassociative.be\/actualites\/","name":"Vie Associative","description":"","publisher":{"@id":"https:\/\/vieassociative.be\/actualites\/#organization"},"potentialAction":[{"@type":"SearchAction","target":{"@type":"EntryPoint","urlTemplate":"https:\/\/vieassociative.be\/actualites\/?s={search_term_string}"},"query-input":{"@type":"PropertyValueSpecification","valueRequired":true,"valueName":"search_term_string"}}],"inLanguage":"fr-BE"},{"@type":"Organization","@id":"https:\/\/vieassociative.be\/actualites\/#organization","name":"Vie Associative","url":"https:\/\/vieassociative.be\/actualites\/","logo":{"@type":"ImageObject","inLanguage":"fr-BE","@id":"https:\/\/vieassociative.be\/actualites\/#\/schema\/logo\/image\/","url":"https:\/\/vieassociative.be\/actualites\/wp-content\/uploads\/2024\/09\/cropped-vieassociative_favicon.ico.png","contentUrl":"https:\/\/vieassociative.be\/actualites\/wp-content\/uploads\/2024\/09\/cropped-vieassociative_favicon.ico.png","width":512,"height":512,"caption":"Vie Associative"},"image":{"@id":"https:\/\/vieassociative.be\/actualites\/#\/schema\/logo\/image\/"}},{"@type":"Person","@id":"https:\/\/vieassociative.be\/actualites\/#\/schema\/person\/b87ac4f82f9d4e7b7cec7395b679edc4","name":"Julien","image":{"@type":"ImageObject","inLanguage":"fr-BE","@id":"https:\/\/vieassociative.be\/actualites\/#\/schema\/person\/image\/","url":"https:\/\/vieassociative.be\/actualites\/wp-content\/uploads\/2024\/09\/vie-associative-1-150x150.jpg","contentUrl":"https:\/\/vieassociative.be\/actualites\/wp-content\/uploads\/2024\/09\/vie-associative-1-150x150.jpg","caption":"Julien"},"description":"Je suis Julien, r\u00e9dacteur pour Vie Associative. Passionn\u00e9 par le monde associatif depuis plus de 10 ans, j'ai \u00e0 c\u0153ur de partager des histoires inspirantes et de mettre en lumi\u00e8re les initiatives locales. Mon objectif est de sensibiliser et d'encourager l'engagement communautaire \u00e0 travers mes articles.","sameAs":["https:\/\/vieassociative.be\/"]}]}},"_links":{"self":[{"href":"https:\/\/vieassociative.be\/actualites\/wp-json\/wp\/v2\/posts\/3098"}],"collection":[{"href":"https:\/\/vieassociative.be\/actualites\/wp-json\/wp\/v2\/posts"}],"about":[{"href":"https:\/\/vieassociative.be\/actualites\/wp-json\/wp\/v2\/types\/post"}],"author":[{"embeddable":true,"href":"https:\/\/vieassociative.be\/actualites\/wp-json\/wp\/v2\/users\/1"}],"replies":[{"embeddable":true,"href":"https:\/\/vieassociative.be\/actualites\/wp-json\/wp\/v2\/comments?post=3098"}],"version-history":[{"count":0,"href":"https:\/\/vieassociative.be\/actualites\/wp-json\/wp\/v2\/posts\/3098\/revisions"}],"wp:featuredmedia":[{"embeddable":true,"href":"https:\/\/vieassociative.be\/actualites\/wp-json\/wp\/v2\/media\/3099"}],"wp:attachment":[{"href":"https:\/\/vieassociative.be\/actualites\/wp-json\/wp\/v2\/media?parent=3098"}],"wp:term":[{"taxonomy":"category","embeddable":true,"href":"https:\/\/vieassociative.be\/actualites\/wp-json\/wp\/v2\/categories?post=3098"},{"taxonomy":"post_tag","embeddable":true,"href":"https:\/\/vieassociative.be\/actualites\/wp-json\/wp\/v2\/tags?post=3098"}],"curies":[{"name":"wp","href":"https:\/\/api.w.org\/{rel}","templated":true}]}}