{"id":3095,"date":"2024-12-05T21:17:53","date_gmt":"2024-12-05T20:17:53","guid":{"rendered":"https:\/\/vieassociative.be\/actualites\/tout-est-juste-satire-le-dg-est-il-une-boutique-pour-hommes\/"},"modified":"2024-12-05T21:17:53","modified_gmt":"2024-12-05T20:17:53","slug":"tout-est-juste-satire-le-dg-est-il-une-boutique-pour-hommes","status":"publish","type":"post","link":"https:\/\/vieassociative.be\/actualites\/tout-est-juste-satire-le-dg-est-il-une-boutique-pour-hommes\/","title":{"rendered":"TOUT EST JUSTE SATIRE \u2013 Le DG est-il une boutique pour hommes ?"},"content":{"rendered":"<p><strong>Apr\u00e8s les d\u00e9parts de Marion Dhur (Burg-Reuland) et Claudia Niessen (Eupen), seuls des hommes sont \u00e0 la t\u00eate des neuf communaut\u00e9s germanophones.<\/strong><\/p>\n<p><span id=\"more-403217\"><\/span>Apr\u00e8s avoir pr\u00eat\u00e9 serment devant le DG-Premier ministre Oliver Paasch (ProDG) mardi au monast\u00e8re de Heidberg \u00e0 Eupen, Daniel Franzen (B\u00fctgenbach), Erik Wiesemes (Amel), Thomas Lennertz (Eupen), Rainer Stoffels (B\u00fcllingen), Daniel Hilligsmann (Kelmis ), Alain Stellmann (Burg-Reuland), Patrick Thevissen (Lontzen) et Mario Pitz (Raeren) pour un Photo de groupe.<\/p>\n<p>La pr\u00e9sidente du Parlement Patricia Creutz est techniquement la plus haute repr\u00e9sentante de la communaut\u00e9 germanophone, mais elle n&rsquo;a \u00e9t\u00e9 photographe que pour la photo de groupe de mardi au monast\u00e8re de Heidberg. Le DG une boutique pour hommes ? (cr\u00e9er)<\/p>\n<\/p>\n<h3>Neuf maires ont pr\u00eat\u00e9 serment (galerie photo)<\/h3>\n<p><strong>24 heures apr\u00e8s la nomination des neuf conseillers communaux avec la prestation de serment des membres du conseil communal et des juges non professionnels (voir reportage avec galerie de photos ailleurs), les neuf bourgmestres ont pr\u00eat\u00e9 serment au monast\u00e8re Heidberg \u00e0 Eupen (voir galerie de photos ci-dessous).<\/strong><\/p>\n<p><!--more-->Cette fois, le ma\u00eetre de c\u00e9r\u00e9monie \u00e9tait le Premier ministre Oliver Paasch, qui a repris la tutelle des neuf communes de la DG.<\/p>\n<p>Dans son discours, Paasch a f\u00e9licit\u00e9 les dirigeants communautaires et leur a fait comprendre que des temps difficiles attendent non seulement la DG du gouvernement, mais aussi les communaut\u00e9s.<\/p>\n<div id=\"attachment_403221\" class=\"wp-caption alignleft\" style=\"max-width: 300px\"><img fetchpriority=\"high\" decoding=\"async\" class=\"wp-image-403221 size-medium\" src=\"https:\/\/vieassociative.be\/actualites\/wp-content\/uploads\/2024\/12\/TOUT-EST-JUSTE-SATIRE-\u2013-Le-DG-est-il-une-boutique.jpg\" alt=\"\" width=\"300\" height=\"200\"><\/p>\n<p class=\"wp-caption-text\">Photo de groupe des nouveaux et anciens maires avec le Premier ministre Oliver Paasch. Photo : Patrick von Staufenberg<\/p>\n<\/div>\n<p>Contrairement \u00e0 2018, de nombreux nouveaux maires ont pr\u00eat\u00e9 serment \u00e0 cette \u00e9poque. Il y a six ans, seuls trois dirigeants communautaires \u00e9taient pr\u00e9sents : Erik Wiesemes (Amel), Daniel Franzen (B\u00fctgenbach) et Patrick Thevissen (Lontzen). Marion Dhur (Burg-Reuland) et Friedhelm Wirtz (B\u00fcllingen) n&rsquo;ont plus postul\u00e9 pour un nouveau mandat et Erwin G\u00fcsting (Raeren) avait d\u00e9j\u00e0 \u00e9t\u00e9 d\u00e9mis de ses fonctions au printemps 2021.<\/p>\n<p>Werner Henkes (St. Vith), Rainer Stoffels (B\u00fcllingen), Alain Stellmann (Burg-Reuland), Thomas Lennertz (Eupen), Daniel Hilligsmann (Kelmis) et Mario Pitz (Raeren) ont re\u00e7u pour la premi\u00e8re fois l&rsquo;\u00e9charpe de bourgmestre.<\/p>\n<p>Claudia Niessen (Eupen), Luc Frank (Kelmis) et Herbert Grommes (Saint-Vith) se sont port\u00e9s candidats le 13 octobre pour un nouveau mandat, mais sont d\u00e9sormais dans l&rsquo;opposition. N\u00e9anmoins, ils \u00e9taient \u00e9galement pr\u00e9sents mardi \u00e0 la c\u00e9r\u00e9monie au monast\u00e8re de Heidberg \u00e0 Eupen et ont pos\u00e9 pour une photo avec les nouveaux bourgmestres. (cr\u00e9er)<\/p>\n<p><em><strong>Vous trouverez ci-dessous une GALERIE DE PHOTOS avec des images du photographe Patrick von Staufenberg de la prestation de serment des neuf bourgmestres de la DG devant le Premier ministre Oliver Paasch mardi au monast\u00e8re de Heidberg \u00e0 Eupen (cliquez sur l&rsquo;image pour l&rsquo;agrandir) :<\/strong><\/em><\/p>\n<div class=\"wp-gallery row\">\n<figure class=\"column small-6 medium-3 end\"><img decoding=\"async\" src=\"https:\/\/vieassociative.be\/actualites\/wp-content\/uploads\/2024\/12\/1733429872_593_TOUT-EST-JUSTE-SATIRE-\u2013-Le-DG-est-il-une-boutique.jpg\" width=\"159\" height=\"159\" alt=\"\"><\/figure>\n<figure class=\"column small-6 medium-3 end\"><img decoding=\"async\" src=\"https:\/\/vieassociative.be\/actualites\/wp-content\/uploads\/2024\/12\/1733429872_557_TOUT-EST-JUSTE-SATIRE-\u2013-Le-DG-est-il-une-boutique.jpg\" width=\"159\" height=\"159\" alt=\"\"><\/figure>\n<figure class=\"column small-6 medium-3 end\"><img loading=\"lazy\" decoding=\"async\" src=\"https:\/\/vieassociative.be\/actualites\/wp-content\/uploads\/2024\/12\/1733429872_684_TOUT-EST-JUSTE-SATIRE-\u2013-Le-DG-est-il-une-boutique.jpg\" width=\"159\" height=\"159\" alt=\"\"><\/figure>\n<figure class=\"column small-6 medium-3 end\"><img loading=\"lazy\" decoding=\"async\" src=\"https:\/\/vieassociative.be\/actualites\/wp-content\/uploads\/2024\/12\/1733429872_625_TOUT-EST-JUSTE-SATIRE-\u2013-Le-DG-est-il-une-boutique.jpg\" width=\"159\" height=\"159\" alt=\"\"><\/figure>\n<figure class=\"column small-6 medium-3 end\"><img loading=\"lazy\" decoding=\"async\" src=\"https:\/\/vieassociative.be\/actualites\/wp-content\/uploads\/2024\/12\/1733429872_882_TOUT-EST-JUSTE-SATIRE-\u2013-Le-DG-est-il-une-boutique.jpg\" width=\"159\" height=\"159\" alt=\"\"><\/figure>\n<figure class=\"column small-6 medium-3 end\"><img loading=\"lazy\" decoding=\"async\" src=\"https:\/\/vieassociative.be\/actualites\/wp-content\/uploads\/2024\/12\/1733429872_991_TOUT-EST-JUSTE-SATIRE-\u2013-Le-DG-est-il-une-boutique.jpg\" width=\"159\" height=\"159\" alt=\"\"><\/figure>\n<figure class=\"column small-6 medium-3 end\"><img loading=\"lazy\" decoding=\"async\" src=\"https:\/\/vieassociative.be\/actualites\/wp-content\/uploads\/2024\/12\/1733429872_345_TOUT-EST-JUSTE-SATIRE-\u2013-Le-DG-est-il-une-boutique.jpg\" width=\"159\" height=\"159\" alt=\"\"><\/figure>\n<figure class=\"column small-6 medium-3 end\"><img loading=\"lazy\" decoding=\"async\" src=\"https:\/\/vieassociative.be\/actualites\/wp-content\/uploads\/2024\/12\/1733429872_407_TOUT-EST-JUSTE-SATIRE-\u2013-Le-DG-est-il-une-boutique.jpg\" width=\"159\" height=\"159\" alt=\"\"><\/figure>\n<figure class=\"column small-6 medium-3 end\"><img loading=\"lazy\" decoding=\"async\" src=\"https:\/\/vieassociative.be\/actualites\/wp-content\/uploads\/2024\/12\/1733429872_364_TOUT-EST-JUSTE-SATIRE-\u2013-Le-DG-est-il-une-boutique.jpg\" width=\"159\" height=\"159\" alt=\"\"><\/figure>\n<figure class=\"column small-6 medium-3 end\"><img loading=\"lazy\" decoding=\"async\" src=\"https:\/\/vieassociative.be\/actualites\/wp-content\/uploads\/2024\/12\/1733429872_774_TOUT-EST-JUSTE-SATIRE-\u2013-Le-DG-est-il-une-boutique.jpg\" width=\"159\" height=\"159\" alt=\"\"><\/figure>\n<figure class=\"column small-6 medium-3 end\"><img loading=\"lazy\" decoding=\"async\" src=\"https:\/\/vieassociative.be\/actualites\/wp-content\/uploads\/2024\/12\/1733429873_597_TOUT-EST-JUSTE-SATIRE-\u2013-Le-DG-est-il-une-boutique.jpg\" width=\"159\" height=\"159\" alt=\"\"><\/figure>\n<figure class=\"column small-6 medium-3 end\"><img loading=\"lazy\" decoding=\"async\" src=\"https:\/\/vieassociative.be\/actualites\/wp-content\/uploads\/2024\/12\/1733429873_543_TOUT-EST-JUSTE-SATIRE-\u2013-Le-DG-est-il-une-boutique.jpg\" width=\"159\" height=\"159\" alt=\"\"><\/figure>\n<figure class=\"column small-6 medium-3 end\"><img loading=\"lazy\" decoding=\"async\" src=\"https:\/\/vieassociative.be\/actualites\/wp-content\/uploads\/2024\/12\/1733429873_933_TOUT-EST-JUSTE-SATIRE-\u2013-Le-DG-est-il-une-boutique.jpg\" width=\"159\" height=\"159\" alt=\"\"><\/figure>\n<figure class=\"column small-6 medium-3 end\"><img loading=\"lazy\" decoding=\"async\" src=\"https:\/\/vieassociative.be\/actualites\/wp-content\/uploads\/2024\/12\/1733429873_535_TOUT-EST-JUSTE-SATIRE-\u2013-Le-DG-est-il-une-boutique.jpg\" width=\"159\" height=\"159\" alt=\"\"><\/figure>\n<figure class=\"column small-6 medium-3 end\"><img loading=\"lazy\" decoding=\"async\" src=\"https:\/\/vieassociative.be\/actualites\/wp-content\/uploads\/2024\/12\/1733429873_485_TOUT-EST-JUSTE-SATIRE-\u2013-Le-DG-est-il-une-boutique.jpg\" width=\"159\" height=\"159\" alt=\"\"><\/figure>\n<figure class=\"column small-6 medium-3 end\"><img loading=\"lazy\" decoding=\"async\" src=\"https:\/\/vieassociative.be\/actualites\/wp-content\/uploads\/2024\/12\/1733429873_61_TOUT-EST-JUSTE-SATIRE-\u2013-Le-DG-est-il-une-boutique.jpg\" width=\"159\" height=\"159\" alt=\"\"><\/figure>\n<figure class=\"column small-6 medium-3 end\"><img loading=\"lazy\" decoding=\"async\" src=\"https:\/\/vieassociative.be\/actualites\/wp-content\/uploads\/2024\/12\/1733429873_715_TOUT-EST-JUSTE-SATIRE-\u2013-Le-DG-est-il-une-boutique.jpg\" width=\"159\" height=\"159\" alt=\"\"><\/figure>\n<figure class=\"column small-6 medium-3 end\"><img loading=\"lazy\" decoding=\"async\" src=\"https:\/\/vieassociative.be\/actualites\/wp-content\/uploads\/2024\/12\/1733429873_384_TOUT-EST-JUSTE-SATIRE-\u2013-Le-DG-est-il-une-boutique.jpg\" width=\"159\" height=\"159\" alt=\"\"><\/figure>\n<figure class=\"column small-6 medium-3 end\"><img loading=\"lazy\" decoding=\"async\" src=\"https:\/\/vieassociative.be\/actualites\/wp-content\/uploads\/2024\/12\/1733429873_593_TOUT-EST-JUSTE-SATIRE-\u2013-Le-DG-est-il-une-boutique.jpg\" width=\"159\" height=\"159\" alt=\"\"><\/figure>\n<figure class=\"column small-6 medium-3 end\"><img loading=\"lazy\" decoding=\"async\" src=\"https:\/\/vieassociative.be\/actualites\/wp-content\/uploads\/2024\/12\/1733429873_830_TOUT-EST-JUSTE-SATIRE-\u2013-Le-DG-est-il-une-boutique.jpg\" width=\"159\" height=\"159\" alt=\"\"><\/figure>\n<figure class=\"column small-6 medium-3 end\"><img loading=\"lazy\" decoding=\"async\" src=\"https:\/\/vieassociative.be\/actualites\/wp-content\/uploads\/2024\/12\/1733429873_309_TOUT-EST-JUSTE-SATIRE-\u2013-Le-DG-est-il-une-boutique.jpg\" width=\"159\" height=\"159\" alt=\"\"><\/figure>\n<figure class=\"column small-6 medium-3 end\"><img loading=\"lazy\" decoding=\"async\" src=\"https:\/\/vieassociative.be\/actualites\/wp-content\/uploads\/2024\/12\/1733429873_741_TOUT-EST-JUSTE-SATIRE-\u2013-Le-DG-est-il-une-boutique.jpg\" width=\"159\" height=\"159\" alt=\"\"><\/figure>\n<figure class=\"column small-6 medium-3 end\"><img loading=\"lazy\" decoding=\"async\" src=\"https:\/\/vieassociative.be\/actualites\/wp-content\/uploads\/2024\/12\/1733429873_207_TOUT-EST-JUSTE-SATIRE-\u2013-Le-DG-est-il-une-boutique.jpg\" width=\"159\" height=\"159\" alt=\"\"><\/figure>\n<figure class=\"column small-6 medium-3 end\"><img loading=\"lazy\" decoding=\"async\" src=\"https:\/\/vieassociative.be\/actualites\/wp-content\/uploads\/2024\/12\/1733429873_979_TOUT-EST-JUSTE-SATIRE-\u2013-Le-DG-est-il-une-boutique.jpg\" width=\"159\" height=\"159\" alt=\"\"><\/figure>\n<figure class=\"column small-6 medium-3 end\"><img loading=\"lazy\" decoding=\"async\" src=\"https:\/\/vieassociative.be\/actualites\/wp-content\/uploads\/2024\/12\/1733429873_809_TOUT-EST-JUSTE-SATIRE-\u2013-Le-DG-est-il-une-boutique.jpg\" width=\"159\" height=\"159\" alt=\"\"><\/figure>\n<figure class=\"column small-6 medium-3 end\"><img loading=\"lazy\" decoding=\"async\" src=\"https:\/\/vieassociative.be\/actualites\/wp-content\/uploads\/2024\/12\/1733429873_136_TOUT-EST-JUSTE-SATIRE-\u2013-Le-DG-est-il-une-boutique.jpg\" width=\"159\" height=\"159\" alt=\"\"><\/figure>\n<figure class=\"column small-6 medium-3 end\"><img loading=\"lazy\" decoding=\"async\" src=\"https:\/\/vieassociative.be\/actualites\/wp-content\/uploads\/2024\/12\/1733429873_250_TOUT-EST-JUSTE-SATIRE-\u2013-Le-DG-est-il-une-boutique.jpg\" width=\"159\" height=\"159\" alt=\"\"><\/figure>\n<figure class=\"column small-6 medium-3 end\"><img loading=\"lazy\" decoding=\"async\" src=\"https:\/\/vieassociative.be\/actualites\/wp-content\/uploads\/2024\/12\/1733429873_455_TOUT-EST-JUSTE-SATIRE-\u2013-Le-DG-est-il-une-boutique.jpg\" width=\"159\" height=\"159\" alt=\"\"><\/figure>\n<figure class=\"column small-6 medium-3 end\"><img loading=\"lazy\" decoding=\"async\" src=\"https:\/\/vieassociative.be\/actualites\/wp-content\/uploads\/2024\/12\/1733429873_493_TOUT-EST-JUSTE-SATIRE-\u2013-Le-DG-est-il-une-boutique.jpg\" width=\"159\" height=\"159\" alt=\"\"><\/figure>\n<figure class=\"column small-6 medium-3 end\"><img loading=\"lazy\" decoding=\"async\" src=\"https:\/\/vieassociative.be\/actualites\/wp-content\/uploads\/2024\/12\/1733429873_243_TOUT-EST-JUSTE-SATIRE-\u2013-Le-DG-est-il-une-boutique.jpg\" width=\"159\" height=\"159\" alt=\"\"><\/figure>\n<figure class=\"column small-6 medium-3 end\"><img loading=\"lazy\" decoding=\"async\" src=\"https:\/\/vieassociative.be\/actualites\/wp-content\/uploads\/2024\/12\/1733429873_334_TOUT-EST-JUSTE-SATIRE-\u2013-Le-DG-est-il-une-boutique.jpg\" width=\"159\" height=\"159\" alt=\"\"><\/figure>\n<figure class=\"column small-6 medium-3 end\"><img loading=\"lazy\" decoding=\"async\" src=\"https:\/\/vieassociative.be\/actualites\/wp-content\/uploads\/2024\/12\/1733429873_60_TOUT-EST-JUSTE-SATIRE-\u2013-Le-DG-est-il-une-boutique.jpg\" width=\"159\" height=\"159\" alt=\"\"><\/figure>\n<figure class=\"column small-6 medium-3 end\"><img loading=\"lazy\" decoding=\"async\" src=\"https:\/\/vieassociative.be\/actualites\/wp-content\/uploads\/2024\/12\/1733429873_448_TOUT-EST-JUSTE-SATIRE-\u2013-Le-DG-est-il-une-boutique.jpg\" width=\"159\" height=\"159\" alt=\"\"><\/figure>\n<figure class=\"column small-6 medium-3 end\"><img loading=\"lazy\" decoding=\"async\" src=\"https:\/\/vieassociative.be\/actualites\/wp-content\/uploads\/2024\/12\/1733429873_809_TOUT-EST-JUSTE-SATIRE-\u2013-Le-DG-est-il-une-boutique.jpg\" width=\"159\" height=\"159\" alt=\"\"><\/figure>\n<figure class=\"column small-6 medium-3 end\"><img loading=\"lazy\" decoding=\"async\" src=\"https:\/\/vieassociative.be\/actualites\/wp-content\/uploads\/2024\/12\/1733429873_249_TOUT-EST-JUSTE-SATIRE-\u2013-Le-DG-est-il-une-boutique.jpg\" width=\"159\" height=\"159\" alt=\"\"><\/figure>\n<figure class=\"column small-6 medium-3 end\"><img loading=\"lazy\" decoding=\"async\" src=\"https:\/\/vieassociative.be\/actualites\/wp-content\/uploads\/2024\/12\/1733429873_400_TOUT-EST-JUSTE-SATIRE-\u2013-Le-DG-est-il-une-boutique.jpg\" width=\"159\" height=\"159\" alt=\"\"><\/figure>\n<figure class=\"column small-6 medium-3 end\"><img loading=\"lazy\" decoding=\"async\" src=\"https:\/\/vieassociative.be\/actualites\/wp-content\/uploads\/2024\/12\/1733429873_275_TOUT-EST-JUSTE-SATIRE-\u2013-Le-DG-est-il-une-boutique.jpg\" width=\"159\" height=\"159\" alt=\"\"><\/figure>\n<figure class=\"column small-6 medium-3 end\"><img loading=\"lazy\" decoding=\"async\" src=\"https:\/\/vieassociative.be\/actualites\/wp-content\/uploads\/2024\/12\/1733429873_139_TOUT-EST-JUSTE-SATIRE-\u2013-Le-DG-est-il-une-boutique.jpg\" width=\"159\" height=\"159\" alt=\"\"><\/figure>\n<figure class=\"column small-6 medium-3 end\"><img loading=\"lazy\" decoding=\"async\" src=\"https:\/\/vieassociative.be\/actualites\/wp-content\/uploads\/2024\/12\/1733429873_889_TOUT-EST-JUSTE-SATIRE-\u2013-Le-DG-est-il-une-boutique.jpg\" width=\"159\" height=\"159\" alt=\"\"><\/figure>\n<figure class=\"column small-6 medium-3 end\"><img loading=\"lazy\" decoding=\"async\" src=\"https:\/\/vieassociative.be\/actualites\/wp-content\/uploads\/2024\/12\/1733429873_335_TOUT-EST-JUSTE-SATIRE-\u2013-Le-DG-est-il-une-boutique.jpg\" width=\"159\" height=\"159\" alt=\"\"><\/figure>\n<figure class=\"column small-6 medium-3 end\"><img loading=\"lazy\" decoding=\"async\" src=\"https:\/\/vieassociative.be\/actualites\/wp-content\/uploads\/2024\/12\/1733429873_733_TOUT-EST-JUSTE-SATIRE-\u2013-Le-DG-est-il-une-boutique.jpg\" width=\"159\" height=\"159\" alt=\"\"><\/figure>\n<figure class=\"column small-6 medium-3 end\"><img loading=\"lazy\" decoding=\"async\" src=\"https:\/\/vieassociative.be\/actualites\/wp-content\/uploads\/2024\/12\/1733429873_650_TOUT-EST-JUSTE-SATIRE-\u2013-Le-DG-est-il-une-boutique.jpg\" width=\"159\" height=\"159\" alt=\"\"><\/figure>\n<figure class=\"column small-6 medium-3 end\"><img loading=\"lazy\" decoding=\"async\" src=\"https:\/\/vieassociative.be\/actualites\/wp-content\/uploads\/2024\/12\/1733429873_684_TOUT-EST-JUSTE-SATIRE-\u2013-Le-DG-est-il-une-boutique.jpg\" width=\"159\" height=\"159\" alt=\"\"><\/figure>\n<figure class=\"column small-6 medium-3 end\"><img loading=\"lazy\" decoding=\"async\" src=\"https:\/\/vieassociative.be\/actualites\/wp-content\/uploads\/2024\/12\/1733429873_19_TOUT-EST-JUSTE-SATIRE-\u2013-Le-DG-est-il-une-boutique.jpg\" width=\"159\" height=\"159\" alt=\"\"><\/figure>\n<figure class=\"column small-6 medium-3 end\"><img loading=\"lazy\" decoding=\"async\" src=\"https:\/\/vieassociative.be\/actualites\/wp-content\/uploads\/2024\/12\/1733429873_477_TOUT-EST-JUSTE-SATIRE-\u2013-Le-DG-est-il-une-boutique.jpg\" width=\"159\" height=\"159\" alt=\"\"><\/figure>\n<figure class=\"column small-6 medium-3 end\"><img loading=\"lazy\" decoding=\"async\" src=\"https:\/\/vieassociative.be\/actualites\/wp-content\/uploads\/2024\/12\/1733429873_573_TOUT-EST-JUSTE-SATIRE-\u2013-Le-DG-est-il-une-boutique.jpg\" width=\"159\" height=\"159\" alt=\"\"><\/figure>\n<\/div>\n<p><em><strong>Sur le sujet, voir aussi l&rsquo;article suivant sur l&rsquo;OD :<\/strong><\/em><\/p>\n<div class=\"responsive-embed widescreen\">\n<blockquote class=\"wp-embedded-content\" data-secret=\"kBuP4w9hnY\">\n<p>Photos de la s\u00e9ance introductive du conseil municipal d&rsquo;Eupen lundi \u00e0 Josefsheim (galerie de photos)<\/p>\n<\/blockquote>\n<p><iframe loading=\"lazy\" class=\"wp-embedded-content\" sandbox=\"allow-scripts\" security=\"restricted\" style=\"position: absolute; visibility: hidden;\" title=\"\u201eBilder von der Einf\u00fchrungssitzung des Eupener Stadtrates am Montag im Josefsheim (Fotogalerie)\u201c \u2014 Ostbelgien Direkt\" src=\"https:\/\/ostbelgiendirekt.be\/about:blank\" data-secret=\"kBuP4w9hnY\" width=\"500\" height=\"282\" frameborder=\"0\" marginwidth=\"0\" marginheight=\"0\" scrolling=\"no\" data-rocket-lazyload=\"fitvidscompatible\" data-lazy-src=\"https:\/\/ostbelgiendirekt.be\/die-neuen-gemeinderaete-403038\/embed#?secret=sKAsQDFdjz#?secret=kBuP4w9hnY\"><\/iframe><noscript><iframe class=\"wp-embedded-content\" sandbox=\"allow-scripts\" security=\"restricted\" style=\"position: absolute; visibility: hidden;\" title=\"\u201eBilder von der Einf\u00fchrungssitzung des Eupener Stadtrates am Montag im Josefsheim (Fotogalerie)\u201c \u2014 Ostbelgien Direkt\" src=\"https:\/\/ostbelgiendirekt.be\/die-neuen-gemeinderaete-403038\/embed#?secret=sKAsQDFdjz#?secret=kBuP4w9hnY\" data-secret=\"kBuP4w9hnY\" width=\"500\" height=\"282\" frameborder=\"0\" marginwidth=\"0\" marginheight=\"0\" scrolling=\"no\"><\/iframe><\/noscript><\/p>\n<\/div>\n","protected":false},"excerpt":{"rendered":"<p>Apr\u00e8s les d\u00e9parts de Marion Dhur (Burg-Reuland) et Claudia Niessen (Eupen), seuls des hommes sont \u00e0 la t\u00eate des neuf communaut\u00e9s germanophones. Apr\u00e8s avoir pr\u00eat\u00e9<\/p>\n","protected":false},"author":1,"featured_media":3096,"comment_status":"","ping_status":"","sticky":false,"template":"","format":"standard","meta":{"footnotes":""},"categories":[298],"tags":[3794,76,586,1838,1499,81,3793,236,110],"class_list":["post-3095","post","type-post","status-publish","format-standard","has-post-thumbnail","hentry","category-belgique","tag-boutique","tag-est","tag-estil","tag-hommes","tag-juste","tag-pour","tag-satire","tag-tout","tag-une","generate-columns","tablet-grid-50","mobile-grid-100","grid-parent","grid-33"],"yoast_head":"<!-- This site is optimized with the Yoast SEO plugin v24.0 - https:\/\/yoast.com\/wordpress\/plugins\/seo\/ -->\n<title>TOUT EST JUSTE SATIRE \u2013 Le DG est-il une boutique pour hommes ? | Vie Associative<\/title>\n<meta name=\"robots\" content=\"index, follow, max-snippet:-1, max-image-preview:large, max-video-preview:-1\" \/>\n<link rel=\"canonical\" href=\"https:\/\/vieassociative.be\/actualites\/tout-est-juste-satire-le-dg-est-il-une-boutique-pour-hommes\/\" \/>\n<meta property=\"og:locale\" content=\"fr_FR\" \/>\n<meta property=\"og:type\" content=\"article\" \/>\n<meta property=\"og:title\" content=\"TOUT EST JUSTE SATIRE \u2013 Le DG est-il une boutique pour hommes ? | Vie Associative\" \/>\n<meta property=\"og:description\" content=\"Apr\u00e8s les d\u00e9parts de Marion Dhur (Burg-Reuland) et Claudia Niessen (Eupen), seuls des hommes sont \u00e0 la t\u00eate des neuf communaut\u00e9s germanophones. Apr\u00e8s avoir pr\u00eat\u00e9\" \/>\n<meta property=\"og:url\" content=\"https:\/\/vieassociative.be\/actualites\/tout-est-juste-satire-le-dg-est-il-une-boutique-pour-hommes\/\" \/>\n<meta property=\"og:site_name\" content=\"Vie Associative\" \/>\n<meta property=\"article:published_time\" content=\"2024-12-05T20:17:53+00:00\" \/>\n<meta property=\"og:image\" content=\"https:\/\/vieassociative.be\/actualites\/wp-content\/uploads\/2024\/09\/header_backgroundk-01-e1726694325946.png\" \/>\n\t<meta property=\"og:image:width\" content=\"279\" \/>\n\t<meta property=\"og:image:height\" content=\"92\" \/>\n\t<meta property=\"og:image:type\" content=\"image\/png\" \/>\n<meta name=\"author\" content=\"Julien\" \/>\n<meta name=\"twitter:card\" content=\"summary_large_image\" \/>\n<meta name=\"twitter:label1\" content=\"\u00c9crit par\" \/>\n\t<meta name=\"twitter:data1\" content=\"Julien\" \/>\n\t<meta name=\"twitter:label2\" content=\"Dur\u00e9e de lecture est.\" \/>\n\t<meta name=\"twitter:data2\" content=\"2 minutes\" \/>\n<script type=\"application\/ld+json\" class=\"yoast-schema-graph\">{\"@context\":\"https:\/\/schema.org\",\"@graph\":[{\"@type\":\"Article\",\"@id\":\"https:\/\/vieassociative.be\/actualites\/tout-est-juste-satire-le-dg-est-il-une-boutique-pour-hommes\/#article\",\"isPartOf\":{\"@id\":\"https:\/\/vieassociative.be\/actualites\/tout-est-juste-satire-le-dg-est-il-une-boutique-pour-hommes\/\"},\"author\":{\"name\":\"Julien\",\"@id\":\"https:\/\/vieassociative.be\/actualites\/#\/schema\/person\/b87ac4f82f9d4e7b7cec7395b679edc4\"},\"headline\":\"TOUT EST JUSTE SATIRE \u2013 Le DG est-il une boutique pour hommes ?\",\"datePublished\":\"2024-12-05T20:17:53+00:00\",\"dateModified\":\"2024-12-05T20:17:53+00:00\",\"mainEntityOfPage\":{\"@id\":\"https:\/\/vieassociative.be\/actualites\/tout-est-juste-satire-le-dg-est-il-une-boutique-pour-hommes\/\"},\"wordCount\":494,\"publisher\":{\"@id\":\"https:\/\/vieassociative.be\/actualites\/#organization\"},\"image\":{\"@id\":\"https:\/\/vieassociative.be\/actualites\/tout-est-juste-satire-le-dg-est-il-une-boutique-pour-hommes\/#primaryimage\"},\"thumbnailUrl\":\"https:\/\/vieassociative.be\/actualites\/wp-content\/uploads\/2024\/12\/1733429874_TOUT-EST-JUSTE-SATIRE-\u2013-Le-DG-est-il-une-boutique.jpg\",\"keywords\":[\"boutique\",\"est\",\"estil\",\"hommes\",\"juste\",\"pour\",\"SATIRE\",\"tout\",\"une\"],\"articleSection\":[\"Belgique\"],\"inLanguage\":\"fr-BE\"},{\"@type\":\"WebPage\",\"@id\":\"https:\/\/vieassociative.be\/actualites\/tout-est-juste-satire-le-dg-est-il-une-boutique-pour-hommes\/\",\"url\":\"https:\/\/vieassociative.be\/actualites\/tout-est-juste-satire-le-dg-est-il-une-boutique-pour-hommes\/\",\"name\":\"TOUT EST JUSTE SATIRE \u2013 Le DG est-il une boutique pour hommes ? | Vie Associative\",\"isPartOf\":{\"@id\":\"https:\/\/vieassociative.be\/actualites\/#website\"},\"primaryImageOfPage\":{\"@id\":\"https:\/\/vieassociative.be\/actualites\/tout-est-juste-satire-le-dg-est-il-une-boutique-pour-hommes\/#primaryimage\"},\"image\":{\"@id\":\"https:\/\/vieassociative.be\/actualites\/tout-est-juste-satire-le-dg-est-il-une-boutique-pour-hommes\/#primaryimage\"},\"thumbnailUrl\":\"https:\/\/vieassociative.be\/actualites\/wp-content\/uploads\/2024\/12\/1733429874_TOUT-EST-JUSTE-SATIRE-\u2013-Le-DG-est-il-une-boutique.jpg\",\"datePublished\":\"2024-12-05T20:17:53+00:00\",\"dateModified\":\"2024-12-05T20:17:53+00:00\",\"breadcrumb\":{\"@id\":\"https:\/\/vieassociative.be\/actualites\/tout-est-juste-satire-le-dg-est-il-une-boutique-pour-hommes\/#breadcrumb\"},\"inLanguage\":\"fr-BE\",\"potentialAction\":[{\"@type\":\"ReadAction\",\"target\":[\"https:\/\/vieassociative.be\/actualites\/tout-est-juste-satire-le-dg-est-il-une-boutique-pour-hommes\/\"]}]},{\"@type\":\"ImageObject\",\"inLanguage\":\"fr-BE\",\"@id\":\"https:\/\/vieassociative.be\/actualites\/tout-est-juste-satire-le-dg-est-il-une-boutique-pour-hommes\/#primaryimage\",\"url\":\"https:\/\/vieassociative.be\/actualites\/wp-content\/uploads\/2024\/12\/1733429874_TOUT-EST-JUSTE-SATIRE-\u2013-Le-DG-est-il-une-boutique.jpg\",\"contentUrl\":\"https:\/\/vieassociative.be\/actualites\/wp-content\/uploads\/2024\/12\/1733429874_TOUT-EST-JUSTE-SATIRE-\u2013-Le-DG-est-il-une-boutique.jpg\",\"width\":1200,\"height\":807,\"caption\":\"TOUT EST JUSTE SATIRE \u2013 Le DG est-il une boutique pour hommes ?\"},{\"@type\":\"BreadcrumbList\",\"@id\":\"https:\/\/vieassociative.be\/actualites\/tout-est-juste-satire-le-dg-est-il-une-boutique-pour-hommes\/#breadcrumb\",\"itemListElement\":[{\"@type\":\"ListItem\",\"position\":1,\"name\":\"Accueil\",\"item\":\"https:\/\/vieassociative.be\/actualites\/\"},{\"@type\":\"ListItem\",\"position\":2,\"name\":\"TOUT EST JUSTE SATIRE \u2013 Le DG est-il une boutique pour hommes ?\"}]},{\"@type\":\"WebSite\",\"@id\":\"https:\/\/vieassociative.be\/actualites\/#website\",\"url\":\"https:\/\/vieassociative.be\/actualites\/\",\"name\":\"Vie Associative\",\"description\":\"\",\"publisher\":{\"@id\":\"https:\/\/vieassociative.be\/actualites\/#organization\"},\"potentialAction\":[{\"@type\":\"SearchAction\",\"target\":{\"@type\":\"EntryPoint\",\"urlTemplate\":\"https:\/\/vieassociative.be\/actualites\/?s={search_term_string}\"},\"query-input\":{\"@type\":\"PropertyValueSpecification\",\"valueRequired\":true,\"valueName\":\"search_term_string\"}}],\"inLanguage\":\"fr-BE\"},{\"@type\":\"Organization\",\"@id\":\"https:\/\/vieassociative.be\/actualites\/#organization\",\"name\":\"Vie Associative\",\"url\":\"https:\/\/vieassociative.be\/actualites\/\",\"logo\":{\"@type\":\"ImageObject\",\"inLanguage\":\"fr-BE\",\"@id\":\"https:\/\/vieassociative.be\/actualites\/#\/schema\/logo\/image\/\",\"url\":\"https:\/\/vieassociative.be\/actualites\/wp-content\/uploads\/2024\/09\/cropped-vieassociative_favicon.ico.png\",\"contentUrl\":\"https:\/\/vieassociative.be\/actualites\/wp-content\/uploads\/2024\/09\/cropped-vieassociative_favicon.ico.png\",\"width\":512,\"height\":512,\"caption\":\"Vie Associative\"},\"image\":{\"@id\":\"https:\/\/vieassociative.be\/actualites\/#\/schema\/logo\/image\/\"}},{\"@type\":\"Person\",\"@id\":\"https:\/\/vieassociative.be\/actualites\/#\/schema\/person\/b87ac4f82f9d4e7b7cec7395b679edc4\",\"name\":\"Julien\",\"image\":{\"@type\":\"ImageObject\",\"inLanguage\":\"fr-BE\",\"@id\":\"https:\/\/vieassociative.be\/actualites\/#\/schema\/person\/image\/\",\"url\":\"https:\/\/vieassociative.be\/actualites\/wp-content\/uploads\/2024\/09\/vie-associative-1-150x150.jpg\",\"contentUrl\":\"https:\/\/vieassociative.be\/actualites\/wp-content\/uploads\/2024\/09\/vie-associative-1-150x150.jpg\",\"caption\":\"Julien\"},\"description\":\"Je suis Julien, r\u00e9dacteur pour Vie Associative. Passionn\u00e9 par le monde associatif depuis plus de 10 ans, j'ai \u00e0 c\u0153ur de partager des histoires inspirantes et de mettre en lumi\u00e8re les initiatives locales. Mon objectif est de sensibiliser et d'encourager l'engagement communautaire \u00e0 travers mes articles.\",\"sameAs\":[\"https:\/\/vieassociative.be\/\"]}]}<\/script>\n<!-- \/ Yoast SEO plugin. -->","yoast_head_json":{"title":"TOUT EST JUSTE SATIRE \u2013 Le DG est-il une boutique pour hommes ? | Vie Associative","robots":{"index":"index","follow":"follow","max-snippet":"max-snippet:-1","max-image-preview":"max-image-preview:large","max-video-preview":"max-video-preview:-1"},"canonical":"https:\/\/vieassociative.be\/actualites\/tout-est-juste-satire-le-dg-est-il-une-boutique-pour-hommes\/","og_locale":"fr_FR","og_type":"article","og_title":"TOUT EST JUSTE SATIRE \u2013 Le DG est-il une boutique pour hommes ? | Vie Associative","og_description":"Apr\u00e8s les d\u00e9parts de Marion Dhur (Burg-Reuland) et Claudia Niessen (Eupen), seuls des hommes sont \u00e0 la t\u00eate des neuf communaut\u00e9s germanophones. Apr\u00e8s avoir pr\u00eat\u00e9","og_url":"https:\/\/vieassociative.be\/actualites\/tout-est-juste-satire-le-dg-est-il-une-boutique-pour-hommes\/","og_site_name":"Vie Associative","article_published_time":"2024-12-05T20:17:53+00:00","og_image":[{"width":279,"height":92,"url":"https:\/\/vieassociative.be\/actualites\/wp-content\/uploads\/2024\/09\/header_backgroundk-01-e1726694325946.png","type":"image\/png"}],"author":"Julien","twitter_card":"summary_large_image","twitter_misc":{"\u00c9crit par":"Julien","Dur\u00e9e de lecture est.":"2 minutes"},"schema":{"@context":"https:\/\/schema.org","@graph":[{"@type":"Article","@id":"https:\/\/vieassociative.be\/actualites\/tout-est-juste-satire-le-dg-est-il-une-boutique-pour-hommes\/#article","isPartOf":{"@id":"https:\/\/vieassociative.be\/actualites\/tout-est-juste-satire-le-dg-est-il-une-boutique-pour-hommes\/"},"author":{"name":"Julien","@id":"https:\/\/vieassociative.be\/actualites\/#\/schema\/person\/b87ac4f82f9d4e7b7cec7395b679edc4"},"headline":"TOUT EST JUSTE SATIRE \u2013 Le DG est-il une boutique pour hommes ?","datePublished":"2024-12-05T20:17:53+00:00","dateModified":"2024-12-05T20:17:53+00:00","mainEntityOfPage":{"@id":"https:\/\/vieassociative.be\/actualites\/tout-est-juste-satire-le-dg-est-il-une-boutique-pour-hommes\/"},"wordCount":494,"publisher":{"@id":"https:\/\/vieassociative.be\/actualites\/#organization"},"image":{"@id":"https:\/\/vieassociative.be\/actualites\/tout-est-juste-satire-le-dg-est-il-une-boutique-pour-hommes\/#primaryimage"},"thumbnailUrl":"https:\/\/vieassociative.be\/actualites\/wp-content\/uploads\/2024\/12\/1733429874_TOUT-EST-JUSTE-SATIRE-\u2013-Le-DG-est-il-une-boutique.jpg","keywords":["boutique","est","estil","hommes","juste","pour","SATIRE","tout","une"],"articleSection":["Belgique"],"inLanguage":"fr-BE"},{"@type":"WebPage","@id":"https:\/\/vieassociative.be\/actualites\/tout-est-juste-satire-le-dg-est-il-une-boutique-pour-hommes\/","url":"https:\/\/vieassociative.be\/actualites\/tout-est-juste-satire-le-dg-est-il-une-boutique-pour-hommes\/","name":"TOUT EST JUSTE SATIRE \u2013 Le DG est-il une boutique pour hommes ? | Vie Associative","isPartOf":{"@id":"https:\/\/vieassociative.be\/actualites\/#website"},"primaryImageOfPage":{"@id":"https:\/\/vieassociative.be\/actualites\/tout-est-juste-satire-le-dg-est-il-une-boutique-pour-hommes\/#primaryimage"},"image":{"@id":"https:\/\/vieassociative.be\/actualites\/tout-est-juste-satire-le-dg-est-il-une-boutique-pour-hommes\/#primaryimage"},"thumbnailUrl":"https:\/\/vieassociative.be\/actualites\/wp-content\/uploads\/2024\/12\/1733429874_TOUT-EST-JUSTE-SATIRE-\u2013-Le-DG-est-il-une-boutique.jpg","datePublished":"2024-12-05T20:17:53+00:00","dateModified":"2024-12-05T20:17:53+00:00","breadcrumb":{"@id":"https:\/\/vieassociative.be\/actualites\/tout-est-juste-satire-le-dg-est-il-une-boutique-pour-hommes\/#breadcrumb"},"inLanguage":"fr-BE","potentialAction":[{"@type":"ReadAction","target":["https:\/\/vieassociative.be\/actualites\/tout-est-juste-satire-le-dg-est-il-une-boutique-pour-hommes\/"]}]},{"@type":"ImageObject","inLanguage":"fr-BE","@id":"https:\/\/vieassociative.be\/actualites\/tout-est-juste-satire-le-dg-est-il-une-boutique-pour-hommes\/#primaryimage","url":"https:\/\/vieassociative.be\/actualites\/wp-content\/uploads\/2024\/12\/1733429874_TOUT-EST-JUSTE-SATIRE-\u2013-Le-DG-est-il-une-boutique.jpg","contentUrl":"https:\/\/vieassociative.be\/actualites\/wp-content\/uploads\/2024\/12\/1733429874_TOUT-EST-JUSTE-SATIRE-\u2013-Le-DG-est-il-une-boutique.jpg","width":1200,"height":807,"caption":"TOUT EST JUSTE SATIRE \u2013 Le DG est-il une boutique pour hommes ?"},{"@type":"BreadcrumbList","@id":"https:\/\/vieassociative.be\/actualites\/tout-est-juste-satire-le-dg-est-il-une-boutique-pour-hommes\/#breadcrumb","itemListElement":[{"@type":"ListItem","position":1,"name":"Accueil","item":"https:\/\/vieassociative.be\/actualites\/"},{"@type":"ListItem","position":2,"name":"TOUT EST JUSTE SATIRE \u2013 Le DG est-il une boutique pour hommes ?"}]},{"@type":"WebSite","@id":"https:\/\/vieassociative.be\/actualites\/#website","url":"https:\/\/vieassociative.be\/actualites\/","name":"Vie Associative","description":"","publisher":{"@id":"https:\/\/vieassociative.be\/actualites\/#organization"},"potentialAction":[{"@type":"SearchAction","target":{"@type":"EntryPoint","urlTemplate":"https:\/\/vieassociative.be\/actualites\/?s={search_term_string}"},"query-input":{"@type":"PropertyValueSpecification","valueRequired":true,"valueName":"search_term_string"}}],"inLanguage":"fr-BE"},{"@type":"Organization","@id":"https:\/\/vieassociative.be\/actualites\/#organization","name":"Vie Associative","url":"https:\/\/vieassociative.be\/actualites\/","logo":{"@type":"ImageObject","inLanguage":"fr-BE","@id":"https:\/\/vieassociative.be\/actualites\/#\/schema\/logo\/image\/","url":"https:\/\/vieassociative.be\/actualites\/wp-content\/uploads\/2024\/09\/cropped-vieassociative_favicon.ico.png","contentUrl":"https:\/\/vieassociative.be\/actualites\/wp-content\/uploads\/2024\/09\/cropped-vieassociative_favicon.ico.png","width":512,"height":512,"caption":"Vie Associative"},"image":{"@id":"https:\/\/vieassociative.be\/actualites\/#\/schema\/logo\/image\/"}},{"@type":"Person","@id":"https:\/\/vieassociative.be\/actualites\/#\/schema\/person\/b87ac4f82f9d4e7b7cec7395b679edc4","name":"Julien","image":{"@type":"ImageObject","inLanguage":"fr-BE","@id":"https:\/\/vieassociative.be\/actualites\/#\/schema\/person\/image\/","url":"https:\/\/vieassociative.be\/actualites\/wp-content\/uploads\/2024\/09\/vie-associative-1-150x150.jpg","contentUrl":"https:\/\/vieassociative.be\/actualites\/wp-content\/uploads\/2024\/09\/vie-associative-1-150x150.jpg","caption":"Julien"},"description":"Je suis Julien, r\u00e9dacteur pour Vie Associative. Passionn\u00e9 par le monde associatif depuis plus de 10 ans, j'ai \u00e0 c\u0153ur de partager des histoires inspirantes et de mettre en lumi\u00e8re les initiatives locales. Mon objectif est de sensibiliser et d'encourager l'engagement communautaire \u00e0 travers mes articles.","sameAs":["https:\/\/vieassociative.be\/"]}]}},"_links":{"self":[{"href":"https:\/\/vieassociative.be\/actualites\/wp-json\/wp\/v2\/posts\/3095"}],"collection":[{"href":"https:\/\/vieassociative.be\/actualites\/wp-json\/wp\/v2\/posts"}],"about":[{"href":"https:\/\/vieassociative.be\/actualites\/wp-json\/wp\/v2\/types\/post"}],"author":[{"embeddable":true,"href":"https:\/\/vieassociative.be\/actualites\/wp-json\/wp\/v2\/users\/1"}],"replies":[{"embeddable":true,"href":"https:\/\/vieassociative.be\/actualites\/wp-json\/wp\/v2\/comments?post=3095"}],"version-history":[{"count":0,"href":"https:\/\/vieassociative.be\/actualites\/wp-json\/wp\/v2\/posts\/3095\/revisions"}],"wp:featuredmedia":[{"embeddable":true,"href":"https:\/\/vieassociative.be\/actualites\/wp-json\/wp\/v2\/media\/3096"}],"wp:attachment":[{"href":"https:\/\/vieassociative.be\/actualites\/wp-json\/wp\/v2\/media?parent=3095"}],"wp:term":[{"taxonomy":"category","embeddable":true,"href":"https:\/\/vieassociative.be\/actualites\/wp-json\/wp\/v2\/categories?post=3095"},{"taxonomy":"post_tag","embeddable":true,"href":"https:\/\/vieassociative.be\/actualites\/wp-json\/wp\/v2\/tags?post=3095"}],"curies":[{"name":"wp","href":"https:\/\/api.w.org\/{rel}","templated":true}]}}