{"id":3093,"date":"2024-12-05T20:17:21","date_gmt":"2024-12-05T19:17:21","guid":{"rendered":"https:\/\/vieassociative.be\/actualites\/votre-facture-verizon-est-devenue-un-peu-plus-chere\/"},"modified":"2024-12-05T20:17:21","modified_gmt":"2024-12-05T19:17:21","slug":"votre-facture-verizon-est-devenue-un-peu-plus-chere","status":"publish","type":"post","link":"https:\/\/vieassociative.be\/actualites\/votre-facture-verizon-est-devenue-un-peu-plus-chere\/","title":{"rendered":"Votre facture Verizon est devenue un peu plus ch\u00e8re"},"content":{"rendered":"<div class=\"mt-4 leading-6 md:mb-8\">Le service de facturation de Verizon semble prendre des notes du MTA.<\/div>\n<p><\/p>\n<p>Si vous pr\u00eatez une attention particuli\u00e8re \u00e0 votre facture Verizon ce mois-ci, \u00e0 c\u00f4t\u00e9 des n\u00e9buleux \u00ab\u00a0frais de r\u00e9cup\u00e9ration administratifs et t\u00e9l\u00e9phoniques\u00a0\u00bb, vous remarquerez que vous payez 20 cents de plus par ligne voix et donn\u00e9es qu&rsquo;auparavant, comme l&rsquo;a confirm\u00e9 le porte-parole de Verizon, Greg. Koroneos \u00e0 The Verge.<\/p>\n<p>L&rsquo;augmentation, aussi maigre qu&rsquo;elle puisse para\u00eetre \u00e0 premi\u00e8re vue, porte les frais administratifs totaux pour une ligne t\u00e9l\u00e9phonique \u00e0 3,50 $ et les frais administratifs totaux pour une ligne de donn\u00e9es \u00e0 1,60 $.<\/p>\n<p>Vous devez donc envoyer quelques trimestres suppl\u00e9mentaires \u00e0 Verizon chaque mois. Quel est le probl\u00e8me\u00a0? Eh bien, le nickel-and-diming fait suite \u00e0 une augmentation plus importante des frais administratifs par rapport \u00e0 il y a \u00e0 peine deux ans, qui a vu les prix des lignes t\u00e9l\u00e9phoniques passer de 1,95 $ \u00e0 3,30 $. Dans le m\u00eame temps, Verizon a \u00e9galement appliqu\u00e9 de nouveaux \u00ab frais d&rsquo;ajustement \u00e9conomique \u00bb \u00e0 certains comptes professionnels, faisant payer \u00e0 ces clients 2,20 $ de plus par ligne et 98 cents de plus pour chaque t\u00e9l\u00e9phone et tablette du compte.<\/p>\n<p>Tout cela commence \u00e0 s\u2019additionner au bout d\u2019un moment. Alors, quelle est la raison de ces changements ? Dans une d\u00e9claration \u00e0 CNET apr\u00e8s l&rsquo;augmentation des prix de 1,35 $ en 2022, Verizon a d\u00e9clar\u00e9 :<\/p>\n<p>\u00ab\u00a0De temps en temps, nous examinons et ajustons les frais afin de couvrir certaines d\u00e9penses administratives et de t\u00e9l\u00e9communications de Verizon, ainsi que les co\u00fbts li\u00e9s au respect des exigences r\u00e9glementaires.\u00a0\u00bb<\/p>\n<p>Eh bien, cela clarifie les choses !<\/p>\n<p>En tant que New-Yorkais, je ne peux m&#8217;emp\u00eacher de penser aux augmentations r\u00e9guli\u00e8res des prix pour voyager sur le MTA. Ils d\u00e9barquent g\u00e9n\u00e9ralement toutes les quelques ann\u00e9es environ et font grimper les prix de 15 \u00e0 20 cents par hausse. Le plus r\u00e9cent, datant d&rsquo;ao\u00fbt 2023, a fait passer le tarif du m\u00e9tro et du bus de 2,75 $ \u00e0 2,90 $, et m\u00eame si cela peut sembler mineur au premier abord, 15 cents de plus sur deux trajets par jour pour une semaine de travail de cinq jours s&rsquo;ajoutent \u00e0 un suppl\u00e9ment. Frais de 75 cents par semaine au total. Multipliez cela sur une ann\u00e9e enti\u00e8re, avec de nouvelles augmentations tarifaires arrivant r\u00e9guli\u00e8rement, et vous comprendrez pourquoi les gens commenceraient \u00e0 s&rsquo;\u00e9nerver.<\/p>\n<p>Je suppose qu&rsquo;au moins avec ce changement, vous ne payez les frais suppl\u00e9mentaires qu&rsquo;une fois par mois.<\/p>\n","protected":false},"excerpt":{"rendered":"<p>Le service de facturation de Verizon semble prendre des notes du MTA. Si vous pr\u00eatez une attention particuli\u00e8re \u00e0 votre facture Verizon ce mois-ci, \u00e0<\/p>\n","protected":false},"author":1,"featured_media":3094,"comment_status":"","ping_status":"","sticky":false,"template":"","format":"standard","meta":{"footnotes":""},"categories":[13],"tags":[3792,1786,76,3791,302,1135,8],"class_list":["post-3093","post","type-post","status-publish","format-standard","has-post-thumbnail","hentry","category-technologie","tag-chere","tag-devenue","tag-est","tag-facture","tag-peu","tag-verizon","tag-votre","generate-columns","tablet-grid-50","mobile-grid-100","grid-parent","grid-33"],"yoast_head":"<!-- This site is optimized with the Yoast SEO plugin v24.0 - https:\/\/yoast.com\/wordpress\/plugins\/seo\/ -->\n<title>Votre facture Verizon est devenue un peu plus ch\u00e8re | Vie Associative<\/title>\n<meta name=\"robots\" content=\"index, follow, max-snippet:-1, max-image-preview:large, max-video-preview:-1\" \/>\n<link rel=\"canonical\" href=\"https:\/\/vieassociative.be\/actualites\/votre-facture-verizon-est-devenue-un-peu-plus-chere\/\" \/>\n<meta property=\"og:locale\" content=\"fr_FR\" \/>\n<meta property=\"og:type\" content=\"article\" \/>\n<meta property=\"og:title\" content=\"Votre facture Verizon est devenue un peu plus ch\u00e8re | Vie Associative\" \/>\n<meta property=\"og:description\" content=\"Le service de facturation de Verizon semble prendre des notes du MTA. Si vous pr\u00eatez une attention particuli\u00e8re \u00e0 votre facture Verizon ce mois-ci, \u00e0\" \/>\n<meta property=\"og:url\" content=\"https:\/\/vieassociative.be\/actualites\/votre-facture-verizon-est-devenue-un-peu-plus-chere\/\" \/>\n<meta property=\"og:site_name\" content=\"Vie Associative\" \/>\n<meta property=\"article:published_time\" content=\"2024-12-05T19:17:21+00:00\" \/>\n<meta property=\"og:image\" content=\"https:\/\/vieassociative.be\/actualites\/wp-content\/uploads\/2024\/09\/header_backgroundk-01-e1726694325946.png\" \/>\n\t<meta property=\"og:image:width\" content=\"279\" \/>\n\t<meta property=\"og:image:height\" content=\"92\" \/>\n\t<meta property=\"og:image:type\" content=\"image\/png\" \/>\n<meta name=\"author\" content=\"Julien\" \/>\n<meta name=\"twitter:card\" content=\"summary_large_image\" \/>\n<meta name=\"twitter:label1\" content=\"\u00c9crit par\" \/>\n\t<meta name=\"twitter:data1\" content=\"Julien\" \/>\n\t<meta name=\"twitter:label2\" content=\"Dur\u00e9e de lecture est.\" \/>\n\t<meta name=\"twitter:data2\" content=\"2 minutes\" \/>\n<script type=\"application\/ld+json\" class=\"yoast-schema-graph\">{\"@context\":\"https:\/\/schema.org\",\"@graph\":[{\"@type\":\"Article\",\"@id\":\"https:\/\/vieassociative.be\/actualites\/votre-facture-verizon-est-devenue-un-peu-plus-chere\/#article\",\"isPartOf\":{\"@id\":\"https:\/\/vieassociative.be\/actualites\/votre-facture-verizon-est-devenue-un-peu-plus-chere\/\"},\"author\":{\"name\":\"Julien\",\"@id\":\"https:\/\/vieassociative.be\/actualites\/#\/schema\/person\/b87ac4f82f9d4e7b7cec7395b679edc4\"},\"headline\":\"Votre facture Verizon est devenue un peu plus ch\u00e8re\",\"datePublished\":\"2024-12-05T19:17:21+00:00\",\"dateModified\":\"2024-12-05T19:17:21+00:00\",\"mainEntityOfPage\":{\"@id\":\"https:\/\/vieassociative.be\/actualites\/votre-facture-verizon-est-devenue-un-peu-plus-chere\/\"},\"wordCount\":428,\"publisher\":{\"@id\":\"https:\/\/vieassociative.be\/actualites\/#organization\"},\"image\":{\"@id\":\"https:\/\/vieassociative.be\/actualites\/votre-facture-verizon-est-devenue-un-peu-plus-chere\/#primaryimage\"},\"thumbnailUrl\":\"https:\/\/vieassociative.be\/actualites\/wp-content\/uploads\/2024\/12\/Votre-facture-Verizon-est-devenue-un-peu-plus-chere.jpg\",\"keywords\":[\"ch\u00e8re\",\"devenue\",\"est\",\"facture\",\"peu\",\"Verizon\",\"votre\"],\"articleSection\":[\"Technologie\"],\"inLanguage\":\"fr-BE\"},{\"@type\":\"WebPage\",\"@id\":\"https:\/\/vieassociative.be\/actualites\/votre-facture-verizon-est-devenue-un-peu-plus-chere\/\",\"url\":\"https:\/\/vieassociative.be\/actualites\/votre-facture-verizon-est-devenue-un-peu-plus-chere\/\",\"name\":\"Votre facture Verizon est devenue un peu plus ch\u00e8re | Vie Associative\",\"isPartOf\":{\"@id\":\"https:\/\/vieassociative.be\/actualites\/#website\"},\"primaryImageOfPage\":{\"@id\":\"https:\/\/vieassociative.be\/actualites\/votre-facture-verizon-est-devenue-un-peu-plus-chere\/#primaryimage\"},\"image\":{\"@id\":\"https:\/\/vieassociative.be\/actualites\/votre-facture-verizon-est-devenue-un-peu-plus-chere\/#primaryimage\"},\"thumbnailUrl\":\"https:\/\/vieassociative.be\/actualites\/wp-content\/uploads\/2024\/12\/Votre-facture-Verizon-est-devenue-un-peu-plus-chere.jpg\",\"datePublished\":\"2024-12-05T19:17:21+00:00\",\"dateModified\":\"2024-12-05T19:17:21+00:00\",\"breadcrumb\":{\"@id\":\"https:\/\/vieassociative.be\/actualites\/votre-facture-verizon-est-devenue-un-peu-plus-chere\/#breadcrumb\"},\"inLanguage\":\"fr-BE\",\"potentialAction\":[{\"@type\":\"ReadAction\",\"target\":[\"https:\/\/vieassociative.be\/actualites\/votre-facture-verizon-est-devenue-un-peu-plus-chere\/\"]}]},{\"@type\":\"ImageObject\",\"inLanguage\":\"fr-BE\",\"@id\":\"https:\/\/vieassociative.be\/actualites\/votre-facture-verizon-est-devenue-un-peu-plus-chere\/#primaryimage\",\"url\":\"https:\/\/vieassociative.be\/actualites\/wp-content\/uploads\/2024\/12\/Votre-facture-Verizon-est-devenue-un-peu-plus-chere.jpg\",\"contentUrl\":\"https:\/\/vieassociative.be\/actualites\/wp-content\/uploads\/2024\/12\/Votre-facture-Verizon-est-devenue-un-peu-plus-chere.jpg\",\"width\":1200,\"height\":675,\"caption\":\"Votre facture Verizon est devenue un peu plus ch\u00e8re\"},{\"@type\":\"BreadcrumbList\",\"@id\":\"https:\/\/vieassociative.be\/actualites\/votre-facture-verizon-est-devenue-un-peu-plus-chere\/#breadcrumb\",\"itemListElement\":[{\"@type\":\"ListItem\",\"position\":1,\"name\":\"Accueil\",\"item\":\"https:\/\/vieassociative.be\/actualites\/\"},{\"@type\":\"ListItem\",\"position\":2,\"name\":\"Votre facture Verizon est devenue un peu plus ch\u00e8re\"}]},{\"@type\":\"WebSite\",\"@id\":\"https:\/\/vieassociative.be\/actualites\/#website\",\"url\":\"https:\/\/vieassociative.be\/actualites\/\",\"name\":\"Vie Associative\",\"description\":\"\",\"publisher\":{\"@id\":\"https:\/\/vieassociative.be\/actualites\/#organization\"},\"potentialAction\":[{\"@type\":\"SearchAction\",\"target\":{\"@type\":\"EntryPoint\",\"urlTemplate\":\"https:\/\/vieassociative.be\/actualites\/?s={search_term_string}\"},\"query-input\":{\"@type\":\"PropertyValueSpecification\",\"valueRequired\":true,\"valueName\":\"search_term_string\"}}],\"inLanguage\":\"fr-BE\"},{\"@type\":\"Organization\",\"@id\":\"https:\/\/vieassociative.be\/actualites\/#organization\",\"name\":\"Vie Associative\",\"url\":\"https:\/\/vieassociative.be\/actualites\/\",\"logo\":{\"@type\":\"ImageObject\",\"inLanguage\":\"fr-BE\",\"@id\":\"https:\/\/vieassociative.be\/actualites\/#\/schema\/logo\/image\/\",\"url\":\"https:\/\/vieassociative.be\/actualites\/wp-content\/uploads\/2024\/09\/cropped-vieassociative_favicon.ico.png\",\"contentUrl\":\"https:\/\/vieassociative.be\/actualites\/wp-content\/uploads\/2024\/09\/cropped-vieassociative_favicon.ico.png\",\"width\":512,\"height\":512,\"caption\":\"Vie Associative\"},\"image\":{\"@id\":\"https:\/\/vieassociative.be\/actualites\/#\/schema\/logo\/image\/\"}},{\"@type\":\"Person\",\"@id\":\"https:\/\/vieassociative.be\/actualites\/#\/schema\/person\/b87ac4f82f9d4e7b7cec7395b679edc4\",\"name\":\"Julien\",\"image\":{\"@type\":\"ImageObject\",\"inLanguage\":\"fr-BE\",\"@id\":\"https:\/\/vieassociative.be\/actualites\/#\/schema\/person\/image\/\",\"url\":\"https:\/\/vieassociative.be\/actualites\/wp-content\/uploads\/2024\/09\/vie-associative-1-150x150.jpg\",\"contentUrl\":\"https:\/\/vieassociative.be\/actualites\/wp-content\/uploads\/2024\/09\/vie-associative-1-150x150.jpg\",\"caption\":\"Julien\"},\"description\":\"Je suis Julien, r\u00e9dacteur pour Vie Associative. Passionn\u00e9 par le monde associatif depuis plus de 10 ans, j'ai \u00e0 c\u0153ur de partager des histoires inspirantes et de mettre en lumi\u00e8re les initiatives locales. Mon objectif est de sensibiliser et d'encourager l'engagement communautaire \u00e0 travers mes articles.\",\"sameAs\":[\"https:\/\/vieassociative.be\/\"]}]}<\/script>\n<!-- \/ Yoast SEO plugin. -->","yoast_head_json":{"title":"Votre facture Verizon est devenue un peu plus ch\u00e8re | Vie Associative","robots":{"index":"index","follow":"follow","max-snippet":"max-snippet:-1","max-image-preview":"max-image-preview:large","max-video-preview":"max-video-preview:-1"},"canonical":"https:\/\/vieassociative.be\/actualites\/votre-facture-verizon-est-devenue-un-peu-plus-chere\/","og_locale":"fr_FR","og_type":"article","og_title":"Votre facture Verizon est devenue un peu plus ch\u00e8re | Vie Associative","og_description":"Le service de facturation de Verizon semble prendre des notes du MTA. Si vous pr\u00eatez une attention particuli\u00e8re \u00e0 votre facture Verizon ce mois-ci, \u00e0","og_url":"https:\/\/vieassociative.be\/actualites\/votre-facture-verizon-est-devenue-un-peu-plus-chere\/","og_site_name":"Vie Associative","article_published_time":"2024-12-05T19:17:21+00:00","og_image":[{"width":279,"height":92,"url":"https:\/\/vieassociative.be\/actualites\/wp-content\/uploads\/2024\/09\/header_backgroundk-01-e1726694325946.png","type":"image\/png"}],"author":"Julien","twitter_card":"summary_large_image","twitter_misc":{"\u00c9crit par":"Julien","Dur\u00e9e de lecture est.":"2 minutes"},"schema":{"@context":"https:\/\/schema.org","@graph":[{"@type":"Article","@id":"https:\/\/vieassociative.be\/actualites\/votre-facture-verizon-est-devenue-un-peu-plus-chere\/#article","isPartOf":{"@id":"https:\/\/vieassociative.be\/actualites\/votre-facture-verizon-est-devenue-un-peu-plus-chere\/"},"author":{"name":"Julien","@id":"https:\/\/vieassociative.be\/actualites\/#\/schema\/person\/b87ac4f82f9d4e7b7cec7395b679edc4"},"headline":"Votre facture Verizon est devenue un peu plus ch\u00e8re","datePublished":"2024-12-05T19:17:21+00:00","dateModified":"2024-12-05T19:17:21+00:00","mainEntityOfPage":{"@id":"https:\/\/vieassociative.be\/actualites\/votre-facture-verizon-est-devenue-un-peu-plus-chere\/"},"wordCount":428,"publisher":{"@id":"https:\/\/vieassociative.be\/actualites\/#organization"},"image":{"@id":"https:\/\/vieassociative.be\/actualites\/votre-facture-verizon-est-devenue-un-peu-plus-chere\/#primaryimage"},"thumbnailUrl":"https:\/\/vieassociative.be\/actualites\/wp-content\/uploads\/2024\/12\/Votre-facture-Verizon-est-devenue-un-peu-plus-chere.jpg","keywords":["ch\u00e8re","devenue","est","facture","peu","Verizon","votre"],"articleSection":["Technologie"],"inLanguage":"fr-BE"},{"@type":"WebPage","@id":"https:\/\/vieassociative.be\/actualites\/votre-facture-verizon-est-devenue-un-peu-plus-chere\/","url":"https:\/\/vieassociative.be\/actualites\/votre-facture-verizon-est-devenue-un-peu-plus-chere\/","name":"Votre facture Verizon est devenue un peu plus ch\u00e8re | Vie Associative","isPartOf":{"@id":"https:\/\/vieassociative.be\/actualites\/#website"},"primaryImageOfPage":{"@id":"https:\/\/vieassociative.be\/actualites\/votre-facture-verizon-est-devenue-un-peu-plus-chere\/#primaryimage"},"image":{"@id":"https:\/\/vieassociative.be\/actualites\/votre-facture-verizon-est-devenue-un-peu-plus-chere\/#primaryimage"},"thumbnailUrl":"https:\/\/vieassociative.be\/actualites\/wp-content\/uploads\/2024\/12\/Votre-facture-Verizon-est-devenue-un-peu-plus-chere.jpg","datePublished":"2024-12-05T19:17:21+00:00","dateModified":"2024-12-05T19:17:21+00:00","breadcrumb":{"@id":"https:\/\/vieassociative.be\/actualites\/votre-facture-verizon-est-devenue-un-peu-plus-chere\/#breadcrumb"},"inLanguage":"fr-BE","potentialAction":[{"@type":"ReadAction","target":["https:\/\/vieassociative.be\/actualites\/votre-facture-verizon-est-devenue-un-peu-plus-chere\/"]}]},{"@type":"ImageObject","inLanguage":"fr-BE","@id":"https:\/\/vieassociative.be\/actualites\/votre-facture-verizon-est-devenue-un-peu-plus-chere\/#primaryimage","url":"https:\/\/vieassociative.be\/actualites\/wp-content\/uploads\/2024\/12\/Votre-facture-Verizon-est-devenue-un-peu-plus-chere.jpg","contentUrl":"https:\/\/vieassociative.be\/actualites\/wp-content\/uploads\/2024\/12\/Votre-facture-Verizon-est-devenue-un-peu-plus-chere.jpg","width":1200,"height":675,"caption":"Votre facture Verizon est devenue un peu plus ch\u00e8re"},{"@type":"BreadcrumbList","@id":"https:\/\/vieassociative.be\/actualites\/votre-facture-verizon-est-devenue-un-peu-plus-chere\/#breadcrumb","itemListElement":[{"@type":"ListItem","position":1,"name":"Accueil","item":"https:\/\/vieassociative.be\/actualites\/"},{"@type":"ListItem","position":2,"name":"Votre facture Verizon est devenue un peu plus ch\u00e8re"}]},{"@type":"WebSite","@id":"https:\/\/vieassociative.be\/actualites\/#website","url":"https:\/\/vieassociative.be\/actualites\/","name":"Vie Associative","description":"","publisher":{"@id":"https:\/\/vieassociative.be\/actualites\/#organization"},"potentialAction":[{"@type":"SearchAction","target":{"@type":"EntryPoint","urlTemplate":"https:\/\/vieassociative.be\/actualites\/?s={search_term_string}"},"query-input":{"@type":"PropertyValueSpecification","valueRequired":true,"valueName":"search_term_string"}}],"inLanguage":"fr-BE"},{"@type":"Organization","@id":"https:\/\/vieassociative.be\/actualites\/#organization","name":"Vie Associative","url":"https:\/\/vieassociative.be\/actualites\/","logo":{"@type":"ImageObject","inLanguage":"fr-BE","@id":"https:\/\/vieassociative.be\/actualites\/#\/schema\/logo\/image\/","url":"https:\/\/vieassociative.be\/actualites\/wp-content\/uploads\/2024\/09\/cropped-vieassociative_favicon.ico.png","contentUrl":"https:\/\/vieassociative.be\/actualites\/wp-content\/uploads\/2024\/09\/cropped-vieassociative_favicon.ico.png","width":512,"height":512,"caption":"Vie Associative"},"image":{"@id":"https:\/\/vieassociative.be\/actualites\/#\/schema\/logo\/image\/"}},{"@type":"Person","@id":"https:\/\/vieassociative.be\/actualites\/#\/schema\/person\/b87ac4f82f9d4e7b7cec7395b679edc4","name":"Julien","image":{"@type":"ImageObject","inLanguage":"fr-BE","@id":"https:\/\/vieassociative.be\/actualites\/#\/schema\/person\/image\/","url":"https:\/\/vieassociative.be\/actualites\/wp-content\/uploads\/2024\/09\/vie-associative-1-150x150.jpg","contentUrl":"https:\/\/vieassociative.be\/actualites\/wp-content\/uploads\/2024\/09\/vie-associative-1-150x150.jpg","caption":"Julien"},"description":"Je suis Julien, r\u00e9dacteur pour Vie Associative. Passionn\u00e9 par le monde associatif depuis plus de 10 ans, j'ai \u00e0 c\u0153ur de partager des histoires inspirantes et de mettre en lumi\u00e8re les initiatives locales. Mon objectif est de sensibiliser et d'encourager l'engagement communautaire \u00e0 travers mes articles.","sameAs":["https:\/\/vieassociative.be\/"]}]}},"_links":{"self":[{"href":"https:\/\/vieassociative.be\/actualites\/wp-json\/wp\/v2\/posts\/3093"}],"collection":[{"href":"https:\/\/vieassociative.be\/actualites\/wp-json\/wp\/v2\/posts"}],"about":[{"href":"https:\/\/vieassociative.be\/actualites\/wp-json\/wp\/v2\/types\/post"}],"author":[{"embeddable":true,"href":"https:\/\/vieassociative.be\/actualites\/wp-json\/wp\/v2\/users\/1"}],"replies":[{"embeddable":true,"href":"https:\/\/vieassociative.be\/actualites\/wp-json\/wp\/v2\/comments?post=3093"}],"version-history":[{"count":0,"href":"https:\/\/vieassociative.be\/actualites\/wp-json\/wp\/v2\/posts\/3093\/revisions"}],"wp:featuredmedia":[{"embeddable":true,"href":"https:\/\/vieassociative.be\/actualites\/wp-json\/wp\/v2\/media\/3094"}],"wp:attachment":[{"href":"https:\/\/vieassociative.be\/actualites\/wp-json\/wp\/v2\/media?parent=3093"}],"wp:term":[{"taxonomy":"category","embeddable":true,"href":"https:\/\/vieassociative.be\/actualites\/wp-json\/wp\/v2\/categories?post=3093"},{"taxonomy":"post_tag","embeddable":true,"href":"https:\/\/vieassociative.be\/actualites\/wp-json\/wp\/v2\/tags?post=3093"}],"curies":[{"name":"wp","href":"https:\/\/api.w.org\/{rel}","templated":true}]}}