{"id":3091,"date":"2024-12-05T18:17:23","date_gmt":"2024-12-05T17:17:23","guid":{"rendered":"https:\/\/vieassociative.be\/actualites\/comment-jincite-mes-enfants-a-faire-des-promenades-avec-moi\/"},"modified":"2024-12-05T18:17:23","modified_gmt":"2024-12-05T17:17:23","slug":"comment-jincite-mes-enfants-a-faire-des-promenades-avec-moi","status":"publish","type":"post","link":"https:\/\/vieassociative.be\/actualites\/comment-jincite-mes-enfants-a-faire-des-promenades-avec-moi\/","title":{"rendered":"Comment j&rsquo;incite mes enfants \u00e0 faire des promenades avec moi"},"content":{"rendered":"<div class=\"mt-4 leading-6 md:mb-8\">Parce qu&rsquo;ils ne veulent pas sortir, mais ils doivent sortir.<\/div>\n<p><\/p>\n<p>Mes enfants pr\u00e9tendent <em>d\u00e9tester<\/em> faire des promenades, et aucune quantit\u00e9 de \u00ab mais c&rsquo;est une belle journ\u00e9e ! ou \u00ab\u00a0nous avons tous besoin d&rsquo;air frais!\u00a0\u00bb suffit \u00e0 les convaincre du contraire. Ainsi, au fil des ann\u00e9es, j&rsquo;ai d\u00fb faire preuve de cr\u00e9ativit\u00e9 et les inciter \u00e0 faire des promenades dans le quartier avec moi, en faisant en sorte que cela ressemble moins \u00e0 une promenade qu&rsquo;\u00e0 un jeu. Voici mes meilleurs conseils pour que les enfants sortent des \u00e9crans et sortent avec vous.<\/p>\n<h2 id=\"color-walk\">Promenade en couleurs<\/h2>\n<p>Les promenades color\u00e9es \u00e9taient une tendance pand\u00e9mique sur Instagram que j&rsquo;ai vol\u00e9e avec beaucoup de succ\u00e8s. Au d\u00e9part, nous choisissons une couleur, un th\u00e8me ou un d\u00e9fi. Nous pouvons choisir une couleur sp\u00e9cifique, comme le rouge, ou tenter de trouver une chose dans chaque couleur de l\u2019arc-en-ciel. Nous avons choisi des combinaisons de couleurs saisonni\u00e8res, comme l&rsquo;orange et le noir autour d&rsquo;Halloween, ou pour trouver certaines couleurs, mais uniquement dans les fleurs. Pour un d\u00e9fi suppl\u00e9mentaire, nous devrons peut-\u00eatre trouver des choses vertes qui <em>ne sont pas<\/em> feuilles.<\/p>\n<p>Vous pouvez d\u00e9cider de collecter des objets (\u00e0 condition que cela n&rsquo;implique pas de cueillir les fleurs de quelqu&rsquo;un) ou vous pouvez simplement \u00ab\u00a0je l&rsquo;espionne\u00a0\u00bb. Pour \u00eatre encore plus interactif, prenez des photos ensemble et r\u00e9alisez un collage \u00e0 votre retour chez vous. <\/p>\n<h2 id=\"clues\">Indices<\/h2>\n<p>Faire une promenade d&rsquo;indices implique un peu de pr\u00e9paration de votre part, mais cela constitue une aventure amusante. Pour la f\u00eate d&rsquo;anniversaire de ma fille, j&rsquo;ai cach\u00e9 des indices de rimes dans les bois qui menaient \u00e0 chaque nouvel endroit. Un exemple \u00e9tait : \u00ab\u00a0Si vous suivez ce chemin vers la droite, vous verrez le prochain indice bien en vue.\u00a0\u00bb Vous marchez avec eux alors qu\u2019ils vont d\u2019indice en indice. <\/p>\n<p>Pour vous faciliter la t\u00e2che, si vous empruntez un chemin familier, vous pouvez penser aux choses \u00e0 l&rsquo;avance, les noter dans un cahier, puis les lire \u00e0 vos enfants lorsque vous atteignez chaque nouvel endroit. Par exemple, \u00ab\u00a0Notre prochain emplacement est la maison jaune qui a un topiaire en forme de souris.\u00a0\u00bb Ils se concentreront davantage sur la recherche de la maison et moins sur le fait qu&rsquo;ils sont \u00ab en promenade \u00bb.<\/p>\n<p>Si vous mettez un prix \u00e0 la fin, vous pouvez appeler cela une chasse au tr\u00e9sor, mais nous laissons cela \u00eatre une fa\u00e7on amusante de nous conduire en cercle chez nous sans prix. Les enfants doivent suivre les indices pour se rendre d&rsquo;un endroit \u00e0 l&rsquo;autre et rentrer chez eux. <\/p>\n<h2 id=\"rhythm-maker\">Cr\u00e9ateur de rythme<\/h2>\n<p>Il existe un jeu dramatique appel\u00e9 \u00ab\u00a0cr\u00e9ateur de rythme\u00a0\u00bb dans lequel une personne cr\u00e9e un rythme comme applaudir ou claquer, et tout le monde le copie, et quelqu&rsquo;un qui \u00e9tait hors de la pi\u00e8ce lorsque le leader a \u00e9t\u00e9 choisi doit deviner qui a cr\u00e9\u00e9 le rythme. Je n&rsquo;ai que deux enfants, donc je ne peux pas n\u00e9cessairement jouer \u00e0 ce jeu avec eux pendant que nous marchons&#8230;<em>plut\u00f4t<\/em>nous sommes \u00e0 tour de r\u00f4le le cr\u00e9ateur du rythme, et le reste d&rsquo;entre nous doit copier le rythme pendant que nous marchons dans le temps. <\/p>\n<p>Une personne peut chanter une chanson et les autres la rejoindre, ou lorsque quelqu&rsquo;un s&rsquo;est in\u00e9vitablement procur\u00e9 un b\u00e2ton, il peut garder le rythme du groupe avec plut\u00f4t que de l&rsquo;utiliser comme une \u00e9p\u00e9e. <\/p>\n<h2 id=\"other-quick-suggestions\">Autres suggestions rapides<\/h2>\n<p>Une fois qu&rsquo;ils en ont assez des couleurs, des indices et des rythmes, essayez l&rsquo;un de ceux-ci\u00a0: <\/p>\n<ul>\n<li>\n<p>Laissez les enfants apporter des scooters, et ils pourront faire des allers-retours entre vous et le trottoir autant de fois qu&rsquo;ils le souhaitent, \u00e0 condition qu&rsquo;ils fassent attention aux routes et aux voitures.<\/p>\n<\/li>\n<li>\n<p>\u00ab\u00a0Nous partons \u00e0 la chasse \u00e0 l&rsquo;ours\/aux f\u00e9es\/au monstres\u00a0!\u00a0\u00bb<\/p>\n<\/li>\n<li>\n<p>Donnez-leur de petits cahiers et des crayons et demandez-leur de cataloguer les insectes, les plantes, les roches, etc.<\/p>\n<\/li>\n<li>\n<p>Souviens-toi du vieux <em>Monty Python <\/em>sketch \u00ab\u00a0Le minist\u00e8re des promenades idiotes\u00a0?\u00a0\u00bb Cr\u00e9ez votre version des promenades idiotes et demandez aux enfants de changer leur style de marche \u00e0 chaque p\u00e2t\u00e9 de maisons. Ou criez des suggestions une fois par bloc. \u00ab\u00a0Marchez comme un robot\u00a0!\u00a0\u00bb \u00ab\u00a0Marchez comme si vos jambes \u00e9taient de la gel\u00e9e\u00a0!\u00a0\u00bb <\/p>\n<\/li>\n<\/ul>\n<p>Parfois, ils sont plus heureux lorsqu\u2019ils sont dehors, m\u00eame s\u2019ils ne trouvent pas amusant que vous le sugg\u00e9riez. Tout le monde peut profiter d\u2019une petite promenade autour du p\u00e2t\u00e9 de maisons.<\/p>\n<p><\/p>\n","protected":false},"excerpt":{"rendered":"<p>Parce qu&rsquo;ils ne veulent pas sortir, mais ils doivent sortir. Mes enfants pr\u00e9tendent d\u00e9tester faire des promenades, et aucune quantit\u00e9 de \u00ab mais c&rsquo;est une<\/p>\n","protected":false},"author":1,"featured_media":3092,"comment_status":"","ping_status":"","sticky":false,"template":"","format":"standard","meta":{"footnotes":""},"categories":[37],"tags":[61,44,29,324,127,3788,87,3790,3789],"class_list":["post-3091","post","type-post","status-publish","format-standard","has-post-thumbnail","hentry","category-famille","tag-avec","tag-comment","tag-des","tag-enfants","tag-faire","tag-jincite","tag-mes","tag-moi","tag-promenades","generate-columns","tablet-grid-50","mobile-grid-100","grid-parent","grid-33"],"yoast_head":"<!-- This site is optimized with the Yoast SEO plugin v24.0 - https:\/\/yoast.com\/wordpress\/plugins\/seo\/ -->\n<title>Comment j&#039;incite mes enfants \u00e0 faire des promenades avec moi | Vie Associative<\/title>\n<meta name=\"robots\" content=\"index, follow, max-snippet:-1, max-image-preview:large, max-video-preview:-1\" \/>\n<link rel=\"canonical\" href=\"https:\/\/vieassociative.be\/actualites\/comment-jincite-mes-enfants-a-faire-des-promenades-avec-moi\/\" \/>\n<meta property=\"og:locale\" content=\"fr_FR\" \/>\n<meta property=\"og:type\" content=\"article\" \/>\n<meta property=\"og:title\" content=\"Comment j&#039;incite mes enfants \u00e0 faire des promenades avec moi | Vie Associative\" \/>\n<meta property=\"og:description\" content=\"Parce qu&rsquo;ils ne veulent pas sortir, mais ils doivent sortir. Mes enfants pr\u00e9tendent d\u00e9tester faire des promenades, et aucune quantit\u00e9 de \u00ab mais c&rsquo;est une\" \/>\n<meta property=\"og:url\" content=\"https:\/\/vieassociative.be\/actualites\/comment-jincite-mes-enfants-a-faire-des-promenades-avec-moi\/\" \/>\n<meta property=\"og:site_name\" content=\"Vie Associative\" \/>\n<meta property=\"article:published_time\" content=\"2024-12-05T17:17:23+00:00\" \/>\n<meta property=\"og:image\" content=\"https:\/\/vieassociative.be\/actualites\/wp-content\/uploads\/2024\/09\/header_backgroundk-01-e1726694325946.png\" \/>\n\t<meta property=\"og:image:width\" content=\"279\" \/>\n\t<meta property=\"og:image:height\" content=\"92\" \/>\n\t<meta property=\"og:image:type\" content=\"image\/png\" \/>\n<meta name=\"author\" content=\"Julien\" \/>\n<meta name=\"twitter:card\" content=\"summary_large_image\" \/>\n<meta name=\"twitter:label1\" content=\"\u00c9crit par\" \/>\n\t<meta name=\"twitter:data1\" content=\"Julien\" \/>\n\t<meta name=\"twitter:label2\" content=\"Dur\u00e9e de lecture est.\" \/>\n\t<meta name=\"twitter:data2\" content=\"4 minutes\" \/>\n<script type=\"application\/ld+json\" class=\"yoast-schema-graph\">{\"@context\":\"https:\/\/schema.org\",\"@graph\":[{\"@type\":\"Article\",\"@id\":\"https:\/\/vieassociative.be\/actualites\/comment-jincite-mes-enfants-a-faire-des-promenades-avec-moi\/#article\",\"isPartOf\":{\"@id\":\"https:\/\/vieassociative.be\/actualites\/comment-jincite-mes-enfants-a-faire-des-promenades-avec-moi\/\"},\"author\":{\"name\":\"Julien\",\"@id\":\"https:\/\/vieassociative.be\/actualites\/#\/schema\/person\/b87ac4f82f9d4e7b7cec7395b679edc4\"},\"headline\":\"Comment j&rsquo;incite mes enfants \u00e0 faire des promenades avec moi\",\"datePublished\":\"2024-12-05T17:17:23+00:00\",\"dateModified\":\"2024-12-05T17:17:23+00:00\",\"mainEntityOfPage\":{\"@id\":\"https:\/\/vieassociative.be\/actualites\/comment-jincite-mes-enfants-a-faire-des-promenades-avec-moi\/\"},\"wordCount\":785,\"publisher\":{\"@id\":\"https:\/\/vieassociative.be\/actualites\/#organization\"},\"image\":{\"@id\":\"https:\/\/vieassociative.be\/actualites\/comment-jincite-mes-enfants-a-faire-des-promenades-avec-moi\/#primaryimage\"},\"thumbnailUrl\":\"https:\/\/vieassociative.be\/actualites\/wp-content\/uploads\/2024\/12\/Comment-jincite-mes-enfants-a-faire-des-promenades-avec-moi.jpg\",\"keywords\":[\"avec\",\"Comment\",\"Des\",\"enfants\",\"faire\",\"jincite\",\"Mes\",\"moi\",\"promenades\"],\"articleSection\":[\"Famille\"],\"inLanguage\":\"fr-BE\"},{\"@type\":\"WebPage\",\"@id\":\"https:\/\/vieassociative.be\/actualites\/comment-jincite-mes-enfants-a-faire-des-promenades-avec-moi\/\",\"url\":\"https:\/\/vieassociative.be\/actualites\/comment-jincite-mes-enfants-a-faire-des-promenades-avec-moi\/\",\"name\":\"Comment j'incite mes enfants \u00e0 faire des promenades avec moi | Vie Associative\",\"isPartOf\":{\"@id\":\"https:\/\/vieassociative.be\/actualites\/#website\"},\"primaryImageOfPage\":{\"@id\":\"https:\/\/vieassociative.be\/actualites\/comment-jincite-mes-enfants-a-faire-des-promenades-avec-moi\/#primaryimage\"},\"image\":{\"@id\":\"https:\/\/vieassociative.be\/actualites\/comment-jincite-mes-enfants-a-faire-des-promenades-avec-moi\/#primaryimage\"},\"thumbnailUrl\":\"https:\/\/vieassociative.be\/actualites\/wp-content\/uploads\/2024\/12\/Comment-jincite-mes-enfants-a-faire-des-promenades-avec-moi.jpg\",\"datePublished\":\"2024-12-05T17:17:23+00:00\",\"dateModified\":\"2024-12-05T17:17:23+00:00\",\"breadcrumb\":{\"@id\":\"https:\/\/vieassociative.be\/actualites\/comment-jincite-mes-enfants-a-faire-des-promenades-avec-moi\/#breadcrumb\"},\"inLanguage\":\"fr-BE\",\"potentialAction\":[{\"@type\":\"ReadAction\",\"target\":[\"https:\/\/vieassociative.be\/actualites\/comment-jincite-mes-enfants-a-faire-des-promenades-avec-moi\/\"]}]},{\"@type\":\"ImageObject\",\"inLanguage\":\"fr-BE\",\"@id\":\"https:\/\/vieassociative.be\/actualites\/comment-jincite-mes-enfants-a-faire-des-promenades-avec-moi\/#primaryimage\",\"url\":\"https:\/\/vieassociative.be\/actualites\/wp-content\/uploads\/2024\/12\/Comment-jincite-mes-enfants-a-faire-des-promenades-avec-moi.jpg\",\"contentUrl\":\"https:\/\/vieassociative.be\/actualites\/wp-content\/uploads\/2024\/12\/Comment-jincite-mes-enfants-a-faire-des-promenades-avec-moi.jpg\",\"width\":1200,\"height\":675,\"caption\":\"Comment j'incite mes enfants \u00e0 faire des promenades avec moi\"},{\"@type\":\"BreadcrumbList\",\"@id\":\"https:\/\/vieassociative.be\/actualites\/comment-jincite-mes-enfants-a-faire-des-promenades-avec-moi\/#breadcrumb\",\"itemListElement\":[{\"@type\":\"ListItem\",\"position\":1,\"name\":\"Accueil\",\"item\":\"https:\/\/vieassociative.be\/actualites\/\"},{\"@type\":\"ListItem\",\"position\":2,\"name\":\"Comment j&rsquo;incite mes enfants \u00e0 faire des promenades avec moi\"}]},{\"@type\":\"WebSite\",\"@id\":\"https:\/\/vieassociative.be\/actualites\/#website\",\"url\":\"https:\/\/vieassociative.be\/actualites\/\",\"name\":\"Vie Associative\",\"description\":\"\",\"publisher\":{\"@id\":\"https:\/\/vieassociative.be\/actualites\/#organization\"},\"potentialAction\":[{\"@type\":\"SearchAction\",\"target\":{\"@type\":\"EntryPoint\",\"urlTemplate\":\"https:\/\/vieassociative.be\/actualites\/?s={search_term_string}\"},\"query-input\":{\"@type\":\"PropertyValueSpecification\",\"valueRequired\":true,\"valueName\":\"search_term_string\"}}],\"inLanguage\":\"fr-BE\"},{\"@type\":\"Organization\",\"@id\":\"https:\/\/vieassociative.be\/actualites\/#organization\",\"name\":\"Vie Associative\",\"url\":\"https:\/\/vieassociative.be\/actualites\/\",\"logo\":{\"@type\":\"ImageObject\",\"inLanguage\":\"fr-BE\",\"@id\":\"https:\/\/vieassociative.be\/actualites\/#\/schema\/logo\/image\/\",\"url\":\"https:\/\/vieassociative.be\/actualites\/wp-content\/uploads\/2024\/09\/cropped-vieassociative_favicon.ico.png\",\"contentUrl\":\"https:\/\/vieassociative.be\/actualites\/wp-content\/uploads\/2024\/09\/cropped-vieassociative_favicon.ico.png\",\"width\":512,\"height\":512,\"caption\":\"Vie Associative\"},\"image\":{\"@id\":\"https:\/\/vieassociative.be\/actualites\/#\/schema\/logo\/image\/\"}},{\"@type\":\"Person\",\"@id\":\"https:\/\/vieassociative.be\/actualites\/#\/schema\/person\/b87ac4f82f9d4e7b7cec7395b679edc4\",\"name\":\"Julien\",\"image\":{\"@type\":\"ImageObject\",\"inLanguage\":\"fr-BE\",\"@id\":\"https:\/\/vieassociative.be\/actualites\/#\/schema\/person\/image\/\",\"url\":\"https:\/\/vieassociative.be\/actualites\/wp-content\/uploads\/2024\/09\/vie-associative-1-150x150.jpg\",\"contentUrl\":\"https:\/\/vieassociative.be\/actualites\/wp-content\/uploads\/2024\/09\/vie-associative-1-150x150.jpg\",\"caption\":\"Julien\"},\"description\":\"Je suis Julien, r\u00e9dacteur pour Vie Associative. Passionn\u00e9 par le monde associatif depuis plus de 10 ans, j'ai \u00e0 c\u0153ur de partager des histoires inspirantes et de mettre en lumi\u00e8re les initiatives locales. Mon objectif est de sensibiliser et d'encourager l'engagement communautaire \u00e0 travers mes articles.\",\"sameAs\":[\"https:\/\/vieassociative.be\/\"]}]}<\/script>\n<!-- \/ Yoast SEO plugin. -->","yoast_head_json":{"title":"Comment j'incite mes enfants \u00e0 faire des promenades avec moi | Vie Associative","robots":{"index":"index","follow":"follow","max-snippet":"max-snippet:-1","max-image-preview":"max-image-preview:large","max-video-preview":"max-video-preview:-1"},"canonical":"https:\/\/vieassociative.be\/actualites\/comment-jincite-mes-enfants-a-faire-des-promenades-avec-moi\/","og_locale":"fr_FR","og_type":"article","og_title":"Comment j'incite mes enfants \u00e0 faire des promenades avec moi | Vie Associative","og_description":"Parce qu&rsquo;ils ne veulent pas sortir, mais ils doivent sortir. Mes enfants pr\u00e9tendent d\u00e9tester faire des promenades, et aucune quantit\u00e9 de \u00ab mais c&rsquo;est une","og_url":"https:\/\/vieassociative.be\/actualites\/comment-jincite-mes-enfants-a-faire-des-promenades-avec-moi\/","og_site_name":"Vie Associative","article_published_time":"2024-12-05T17:17:23+00:00","og_image":[{"width":279,"height":92,"url":"https:\/\/vieassociative.be\/actualites\/wp-content\/uploads\/2024\/09\/header_backgroundk-01-e1726694325946.png","type":"image\/png"}],"author":"Julien","twitter_card":"summary_large_image","twitter_misc":{"\u00c9crit par":"Julien","Dur\u00e9e de lecture est.":"4 minutes"},"schema":{"@context":"https:\/\/schema.org","@graph":[{"@type":"Article","@id":"https:\/\/vieassociative.be\/actualites\/comment-jincite-mes-enfants-a-faire-des-promenades-avec-moi\/#article","isPartOf":{"@id":"https:\/\/vieassociative.be\/actualites\/comment-jincite-mes-enfants-a-faire-des-promenades-avec-moi\/"},"author":{"name":"Julien","@id":"https:\/\/vieassociative.be\/actualites\/#\/schema\/person\/b87ac4f82f9d4e7b7cec7395b679edc4"},"headline":"Comment j&rsquo;incite mes enfants \u00e0 faire des promenades avec moi","datePublished":"2024-12-05T17:17:23+00:00","dateModified":"2024-12-05T17:17:23+00:00","mainEntityOfPage":{"@id":"https:\/\/vieassociative.be\/actualites\/comment-jincite-mes-enfants-a-faire-des-promenades-avec-moi\/"},"wordCount":785,"publisher":{"@id":"https:\/\/vieassociative.be\/actualites\/#organization"},"image":{"@id":"https:\/\/vieassociative.be\/actualites\/comment-jincite-mes-enfants-a-faire-des-promenades-avec-moi\/#primaryimage"},"thumbnailUrl":"https:\/\/vieassociative.be\/actualites\/wp-content\/uploads\/2024\/12\/Comment-jincite-mes-enfants-a-faire-des-promenades-avec-moi.jpg","keywords":["avec","Comment","Des","enfants","faire","jincite","Mes","moi","promenades"],"articleSection":["Famille"],"inLanguage":"fr-BE"},{"@type":"WebPage","@id":"https:\/\/vieassociative.be\/actualites\/comment-jincite-mes-enfants-a-faire-des-promenades-avec-moi\/","url":"https:\/\/vieassociative.be\/actualites\/comment-jincite-mes-enfants-a-faire-des-promenades-avec-moi\/","name":"Comment j'incite mes enfants \u00e0 faire des promenades avec moi | Vie Associative","isPartOf":{"@id":"https:\/\/vieassociative.be\/actualites\/#website"},"primaryImageOfPage":{"@id":"https:\/\/vieassociative.be\/actualites\/comment-jincite-mes-enfants-a-faire-des-promenades-avec-moi\/#primaryimage"},"image":{"@id":"https:\/\/vieassociative.be\/actualites\/comment-jincite-mes-enfants-a-faire-des-promenades-avec-moi\/#primaryimage"},"thumbnailUrl":"https:\/\/vieassociative.be\/actualites\/wp-content\/uploads\/2024\/12\/Comment-jincite-mes-enfants-a-faire-des-promenades-avec-moi.jpg","datePublished":"2024-12-05T17:17:23+00:00","dateModified":"2024-12-05T17:17:23+00:00","breadcrumb":{"@id":"https:\/\/vieassociative.be\/actualites\/comment-jincite-mes-enfants-a-faire-des-promenades-avec-moi\/#breadcrumb"},"inLanguage":"fr-BE","potentialAction":[{"@type":"ReadAction","target":["https:\/\/vieassociative.be\/actualites\/comment-jincite-mes-enfants-a-faire-des-promenades-avec-moi\/"]}]},{"@type":"ImageObject","inLanguage":"fr-BE","@id":"https:\/\/vieassociative.be\/actualites\/comment-jincite-mes-enfants-a-faire-des-promenades-avec-moi\/#primaryimage","url":"https:\/\/vieassociative.be\/actualites\/wp-content\/uploads\/2024\/12\/Comment-jincite-mes-enfants-a-faire-des-promenades-avec-moi.jpg","contentUrl":"https:\/\/vieassociative.be\/actualites\/wp-content\/uploads\/2024\/12\/Comment-jincite-mes-enfants-a-faire-des-promenades-avec-moi.jpg","width":1200,"height":675,"caption":"Comment j'incite mes enfants \u00e0 faire des promenades avec moi"},{"@type":"BreadcrumbList","@id":"https:\/\/vieassociative.be\/actualites\/comment-jincite-mes-enfants-a-faire-des-promenades-avec-moi\/#breadcrumb","itemListElement":[{"@type":"ListItem","position":1,"name":"Accueil","item":"https:\/\/vieassociative.be\/actualites\/"},{"@type":"ListItem","position":2,"name":"Comment j&rsquo;incite mes enfants \u00e0 faire des promenades avec moi"}]},{"@type":"WebSite","@id":"https:\/\/vieassociative.be\/actualites\/#website","url":"https:\/\/vieassociative.be\/actualites\/","name":"Vie Associative","description":"","publisher":{"@id":"https:\/\/vieassociative.be\/actualites\/#organization"},"potentialAction":[{"@type":"SearchAction","target":{"@type":"EntryPoint","urlTemplate":"https:\/\/vieassociative.be\/actualites\/?s={search_term_string}"},"query-input":{"@type":"PropertyValueSpecification","valueRequired":true,"valueName":"search_term_string"}}],"inLanguage":"fr-BE"},{"@type":"Organization","@id":"https:\/\/vieassociative.be\/actualites\/#organization","name":"Vie Associative","url":"https:\/\/vieassociative.be\/actualites\/","logo":{"@type":"ImageObject","inLanguage":"fr-BE","@id":"https:\/\/vieassociative.be\/actualites\/#\/schema\/logo\/image\/","url":"https:\/\/vieassociative.be\/actualites\/wp-content\/uploads\/2024\/09\/cropped-vieassociative_favicon.ico.png","contentUrl":"https:\/\/vieassociative.be\/actualites\/wp-content\/uploads\/2024\/09\/cropped-vieassociative_favicon.ico.png","width":512,"height":512,"caption":"Vie Associative"},"image":{"@id":"https:\/\/vieassociative.be\/actualites\/#\/schema\/logo\/image\/"}},{"@type":"Person","@id":"https:\/\/vieassociative.be\/actualites\/#\/schema\/person\/b87ac4f82f9d4e7b7cec7395b679edc4","name":"Julien","image":{"@type":"ImageObject","inLanguage":"fr-BE","@id":"https:\/\/vieassociative.be\/actualites\/#\/schema\/person\/image\/","url":"https:\/\/vieassociative.be\/actualites\/wp-content\/uploads\/2024\/09\/vie-associative-1-150x150.jpg","contentUrl":"https:\/\/vieassociative.be\/actualites\/wp-content\/uploads\/2024\/09\/vie-associative-1-150x150.jpg","caption":"Julien"},"description":"Je suis Julien, r\u00e9dacteur pour Vie Associative. Passionn\u00e9 par le monde associatif depuis plus de 10 ans, j'ai \u00e0 c\u0153ur de partager des histoires inspirantes et de mettre en lumi\u00e8re les initiatives locales. Mon objectif est de sensibiliser et d'encourager l'engagement communautaire \u00e0 travers mes articles.","sameAs":["https:\/\/vieassociative.be\/"]}]}},"_links":{"self":[{"href":"https:\/\/vieassociative.be\/actualites\/wp-json\/wp\/v2\/posts\/3091"}],"collection":[{"href":"https:\/\/vieassociative.be\/actualites\/wp-json\/wp\/v2\/posts"}],"about":[{"href":"https:\/\/vieassociative.be\/actualites\/wp-json\/wp\/v2\/types\/post"}],"author":[{"embeddable":true,"href":"https:\/\/vieassociative.be\/actualites\/wp-json\/wp\/v2\/users\/1"}],"replies":[{"embeddable":true,"href":"https:\/\/vieassociative.be\/actualites\/wp-json\/wp\/v2\/comments?post=3091"}],"version-history":[{"count":0,"href":"https:\/\/vieassociative.be\/actualites\/wp-json\/wp\/v2\/posts\/3091\/revisions"}],"wp:featuredmedia":[{"embeddable":true,"href":"https:\/\/vieassociative.be\/actualites\/wp-json\/wp\/v2\/media\/3092"}],"wp:attachment":[{"href":"https:\/\/vieassociative.be\/actualites\/wp-json\/wp\/v2\/media?parent=3091"}],"wp:term":[{"taxonomy":"category","embeddable":true,"href":"https:\/\/vieassociative.be\/actualites\/wp-json\/wp\/v2\/categories?post=3091"},{"taxonomy":"post_tag","embeddable":true,"href":"https:\/\/vieassociative.be\/actualites\/wp-json\/wp\/v2\/tags?post=3091"}],"curies":[{"name":"wp","href":"https:\/\/api.w.org\/{rel}","templated":true}]}}