{"id":3089,"date":"2024-12-05T15:17:06","date_gmt":"2024-12-05T14:17:06","guid":{"rendered":"https:\/\/vieassociative.be\/actualites\/une-voiture-en-feu-et-un-poteau-en-feu\/"},"modified":"2024-12-05T15:17:06","modified_gmt":"2024-12-05T14:17:06","slug":"une-voiture-en-feu-et-un-poteau-en-feu","status":"publish","type":"post","link":"https:\/\/vieassociative.be\/actualites\/une-voiture-en-feu-et-un-poteau-en-feu\/","title":{"rendered":"Une voiture en feu et un poteau en feu"},"content":{"rendered":"<p><strong>La zone de police de Weser-G\u00f6hl a signal\u00e9 plusieurs incidents dans son rapport du jeudi 12 mai.<\/strong><\/p>\n<p><span id=\"more-403439\"><\/span><strong>\u2013 Voiture en feu :<\/strong> Le 12\/04 vers 9h40, les services de la zone de police de Weser-G\u00f6hl ont re\u00e7u une information de chasseurs selon laquelle une voiture \u00e9tait en feu \u00e0 l&rsquo;entr\u00e9e de la for\u00eat de Raeren. Les pompiers et les policiers recherchent la voiture et retrouvent finalement le conducteur et sa voiture un peu plus loin dans la for\u00eat. Le feu a \u00e9t\u00e9 \u00e9teint. Le Welkenraedter \u00e9tait entr\u00e9 dans le foss\u00e9 sous l&rsquo;influence de l&rsquo;alcool et lorsqu&rsquo;il a tent\u00e9 de sortir du foss\u00e9 par ses propres moyens, il a probablement exerc\u00e9 une telle pression sur le moteur qu&rsquo;un incendie s&rsquo;est d\u00e9clar\u00e9. Le conducteur sera enregistr\u00e9 et se verra imposer une interdiction de conduire.<\/p>\n<p><strong>\u2013 M\u00e2t en feu\u00a0:<\/strong> Le 12\/04 vers 11h30, les services de la zone de police de Weser-G\u00f6hl ont \u00e9t\u00e9 appel\u00e9s sur un pyl\u00f4ne \u00e9lectrique en feu dans la Bergstrasse \u00e0 Raeren. Les pompiers et ORES sont d\u00e9j\u00e0 sur place. Le feu sera \u00e9teint. Il y a probablement eu un court-circuit et un petit incendie s&rsquo;est d\u00e9clar\u00e9 au pied du m\u00e2t.<\/p>\n<p><strong>\u2013 Accident de la route avec bless\u00e9s :<\/strong> Le 4 d\u00e9cembre, un accident de la route s&rsquo;est produit peu avant 19 heures dans la Aachener Stra\u00dfe \u00e0 Raeren. Un conducteur venant d&rsquo;Aix-la-Chapelle n&rsquo;a pas respect\u00e9 le droit de passage d&rsquo;une conductrice qui voyageait d&rsquo;Eynatten en direction d&rsquo;Aix-la-Chapelle. Les pompiers, l&rsquo;ambulance et la police arrivent sur place. Les deux conducteurs ont \u00e9t\u00e9 bless\u00e9s et transport\u00e9s \u00e0 l&rsquo;h\u00f4pital d&rsquo;Eupen. Les v\u00e9hicules sont remorqu\u00e9s.<\/p>\n<p><strong>\u2013 Accident de la route :<\/strong> Le 4 d\u00e9cembre vers 20 heures, un accident de la route s&rsquo;est produit dans la Aachener Stra\u00dfe \u00e0 Eupen. Le conducteur d\u2019un camion de livraison, sous l\u2019emprise de l\u2019alcool, percute l\u2019arri\u00e8re d\u2019une autre voiture. Un proc\u00e8s-verbal sera dress\u00e9 contre la personne et le permis de conduire lui sera imm\u00e9diatement confisqu\u00e9.<\/p>\n","protected":false},"excerpt":{"rendered":"<p>La zone de police de Weser-G\u00f6hl a signal\u00e9 plusieurs incidents dans son rapport du jeudi 12 mai. \u2013 Voiture en feu : Le 12\/04 vers<\/p>\n","protected":false},"author":1,"featured_media":1939,"comment_status":"","ping_status":"","sticky":false,"template":"","format":"standard","meta":{"footnotes":""},"categories":[298],"tags":[2114,3787,110,1229],"class_list":["post-3089","post","type-post","status-publish","format-standard","has-post-thumbnail","hentry","category-belgique","tag-feu","tag-poteau","tag-une","tag-voiture","generate-columns","tablet-grid-50","mobile-grid-100","grid-parent","grid-33"],"yoast_head":"<!-- This site is optimized with the Yoast SEO plugin v24.0 - https:\/\/yoast.com\/wordpress\/plugins\/seo\/ -->\n<title>Une voiture en feu et un poteau en feu | Vie Associative<\/title>\n<meta name=\"robots\" content=\"index, follow, max-snippet:-1, max-image-preview:large, max-video-preview:-1\" \/>\n<link rel=\"canonical\" href=\"https:\/\/vieassociative.be\/actualites\/une-voiture-en-feu-et-un-poteau-en-feu\/\" \/>\n<meta property=\"og:locale\" content=\"fr_FR\" \/>\n<meta property=\"og:type\" content=\"article\" \/>\n<meta property=\"og:title\" content=\"Une voiture en feu et un poteau en feu | Vie Associative\" \/>\n<meta property=\"og:description\" content=\"La zone de police de Weser-G\u00f6hl a signal\u00e9 plusieurs incidents dans son rapport du jeudi 12 mai. \u2013 Voiture en feu : Le 12\/04 vers\" \/>\n<meta property=\"og:url\" content=\"https:\/\/vieassociative.be\/actualites\/une-voiture-en-feu-et-un-poteau-en-feu\/\" \/>\n<meta property=\"og:site_name\" content=\"Vie Associative\" \/>\n<meta property=\"article:published_time\" content=\"2024-12-05T14:17:06+00:00\" \/>\n<meta property=\"og:image\" content=\"https:\/\/vieassociative.be\/actualites\/wp-content\/uploads\/2024\/09\/header_backgroundk-01-e1726694325946.png\" \/>\n\t<meta property=\"og:image:width\" content=\"279\" \/>\n\t<meta property=\"og:image:height\" content=\"92\" \/>\n\t<meta property=\"og:image:type\" content=\"image\/png\" \/>\n<meta name=\"author\" content=\"Julien\" \/>\n<meta name=\"twitter:card\" content=\"summary_large_image\" \/>\n<meta name=\"twitter:label1\" content=\"\u00c9crit par\" \/>\n\t<meta name=\"twitter:data1\" content=\"Julien\" \/>\n\t<meta name=\"twitter:label2\" content=\"Dur\u00e9e de lecture est.\" \/>\n\t<meta name=\"twitter:data2\" content=\"2 minutes\" \/>\n<script type=\"application\/ld+json\" class=\"yoast-schema-graph\">{\"@context\":\"https:\/\/schema.org\",\"@graph\":[{\"@type\":\"Article\",\"@id\":\"https:\/\/vieassociative.be\/actualites\/une-voiture-en-feu-et-un-poteau-en-feu\/#article\",\"isPartOf\":{\"@id\":\"https:\/\/vieassociative.be\/actualites\/une-voiture-en-feu-et-un-poteau-en-feu\/\"},\"author\":{\"name\":\"Julien\",\"@id\":\"https:\/\/vieassociative.be\/actualites\/#\/schema\/person\/b87ac4f82f9d4e7b7cec7395b679edc4\"},\"headline\":\"Une voiture en feu et un poteau en feu\",\"datePublished\":\"2024-12-05T14:17:06+00:00\",\"dateModified\":\"2024-12-05T14:17:06+00:00\",\"mainEntityOfPage\":{\"@id\":\"https:\/\/vieassociative.be\/actualites\/une-voiture-en-feu-et-un-poteau-en-feu\/\"},\"wordCount\":358,\"publisher\":{\"@id\":\"https:\/\/vieassociative.be\/actualites\/#organization\"},\"image\":{\"@id\":\"https:\/\/vieassociative.be\/actualites\/une-voiture-en-feu-et-un-poteau-en-feu\/#primaryimage\"},\"thumbnailUrl\":\"https:\/\/vieassociative.be\/actualites\/wp-content\/uploads\/2024\/11\/Raeren-Le-conducteur-tombe-dans-un-micro-sommeil-a-midi.jpeg\",\"keywords\":[\"feu\",\"poteau\",\"une\",\"voiture\"],\"articleSection\":[\"Belgique\"],\"inLanguage\":\"fr-BE\"},{\"@type\":\"WebPage\",\"@id\":\"https:\/\/vieassociative.be\/actualites\/une-voiture-en-feu-et-un-poteau-en-feu\/\",\"url\":\"https:\/\/vieassociative.be\/actualites\/une-voiture-en-feu-et-un-poteau-en-feu\/\",\"name\":\"Une voiture en feu et un poteau en feu | Vie Associative\",\"isPartOf\":{\"@id\":\"https:\/\/vieassociative.be\/actualites\/#website\"},\"primaryImageOfPage\":{\"@id\":\"https:\/\/vieassociative.be\/actualites\/une-voiture-en-feu-et-un-poteau-en-feu\/#primaryimage\"},\"image\":{\"@id\":\"https:\/\/vieassociative.be\/actualites\/une-voiture-en-feu-et-un-poteau-en-feu\/#primaryimage\"},\"thumbnailUrl\":\"https:\/\/vieassociative.be\/actualites\/wp-content\/uploads\/2024\/11\/Raeren-Le-conducteur-tombe-dans-un-micro-sommeil-a-midi.jpeg\",\"datePublished\":\"2024-12-05T14:17:06+00:00\",\"dateModified\":\"2024-12-05T14:17:06+00:00\",\"breadcrumb\":{\"@id\":\"https:\/\/vieassociative.be\/actualites\/une-voiture-en-feu-et-un-poteau-en-feu\/#breadcrumb\"},\"inLanguage\":\"fr-BE\",\"potentialAction\":[{\"@type\":\"ReadAction\",\"target\":[\"https:\/\/vieassociative.be\/actualites\/une-voiture-en-feu-et-un-poteau-en-feu\/\"]}]},{\"@type\":\"ImageObject\",\"inLanguage\":\"fr-BE\",\"@id\":\"https:\/\/vieassociative.be\/actualites\/une-voiture-en-feu-et-un-poteau-en-feu\/#primaryimage\",\"url\":\"https:\/\/vieassociative.be\/actualites\/wp-content\/uploads\/2024\/11\/Raeren-Le-conducteur-tombe-dans-un-micro-sommeil-a-midi.jpeg\",\"contentUrl\":\"https:\/\/vieassociative.be\/actualites\/wp-content\/uploads\/2024\/11\/Raeren-Le-conducteur-tombe-dans-un-micro-sommeil-a-midi.jpeg\",\"width\":1200,\"height\":800,\"caption\":\"Raeren : Le conducteur tombe dans un micro-sommeil \u00e0 midi\"},{\"@type\":\"BreadcrumbList\",\"@id\":\"https:\/\/vieassociative.be\/actualites\/une-voiture-en-feu-et-un-poteau-en-feu\/#breadcrumb\",\"itemListElement\":[{\"@type\":\"ListItem\",\"position\":1,\"name\":\"Accueil\",\"item\":\"https:\/\/vieassociative.be\/actualites\/\"},{\"@type\":\"ListItem\",\"position\":2,\"name\":\"Une voiture en feu et un poteau en feu\"}]},{\"@type\":\"WebSite\",\"@id\":\"https:\/\/vieassociative.be\/actualites\/#website\",\"url\":\"https:\/\/vieassociative.be\/actualites\/\",\"name\":\"Vie Associative\",\"description\":\"\",\"publisher\":{\"@id\":\"https:\/\/vieassociative.be\/actualites\/#organization\"},\"potentialAction\":[{\"@type\":\"SearchAction\",\"target\":{\"@type\":\"EntryPoint\",\"urlTemplate\":\"https:\/\/vieassociative.be\/actualites\/?s={search_term_string}\"},\"query-input\":{\"@type\":\"PropertyValueSpecification\",\"valueRequired\":true,\"valueName\":\"search_term_string\"}}],\"inLanguage\":\"fr-BE\"},{\"@type\":\"Organization\",\"@id\":\"https:\/\/vieassociative.be\/actualites\/#organization\",\"name\":\"Vie Associative\",\"url\":\"https:\/\/vieassociative.be\/actualites\/\",\"logo\":{\"@type\":\"ImageObject\",\"inLanguage\":\"fr-BE\",\"@id\":\"https:\/\/vieassociative.be\/actualites\/#\/schema\/logo\/image\/\",\"url\":\"https:\/\/vieassociative.be\/actualites\/wp-content\/uploads\/2024\/09\/cropped-vieassociative_favicon.ico.png\",\"contentUrl\":\"https:\/\/vieassociative.be\/actualites\/wp-content\/uploads\/2024\/09\/cropped-vieassociative_favicon.ico.png\",\"width\":512,\"height\":512,\"caption\":\"Vie Associative\"},\"image\":{\"@id\":\"https:\/\/vieassociative.be\/actualites\/#\/schema\/logo\/image\/\"}},{\"@type\":\"Person\",\"@id\":\"https:\/\/vieassociative.be\/actualites\/#\/schema\/person\/b87ac4f82f9d4e7b7cec7395b679edc4\",\"name\":\"Julien\",\"image\":{\"@type\":\"ImageObject\",\"inLanguage\":\"fr-BE\",\"@id\":\"https:\/\/vieassociative.be\/actualites\/#\/schema\/person\/image\/\",\"url\":\"https:\/\/vieassociative.be\/actualites\/wp-content\/uploads\/2024\/09\/vie-associative-1-150x150.jpg\",\"contentUrl\":\"https:\/\/vieassociative.be\/actualites\/wp-content\/uploads\/2024\/09\/vie-associative-1-150x150.jpg\",\"caption\":\"Julien\"},\"description\":\"Je suis Julien, r\u00e9dacteur pour Vie Associative. Passionn\u00e9 par le monde associatif depuis plus de 10 ans, j'ai \u00e0 c\u0153ur de partager des histoires inspirantes et de mettre en lumi\u00e8re les initiatives locales. Mon objectif est de sensibiliser et d'encourager l'engagement communautaire \u00e0 travers mes articles.\",\"sameAs\":[\"https:\/\/vieassociative.be\/\"]}]}<\/script>\n<!-- \/ Yoast SEO plugin. -->","yoast_head_json":{"title":"Une voiture en feu et un poteau en feu | Vie Associative","robots":{"index":"index","follow":"follow","max-snippet":"max-snippet:-1","max-image-preview":"max-image-preview:large","max-video-preview":"max-video-preview:-1"},"canonical":"https:\/\/vieassociative.be\/actualites\/une-voiture-en-feu-et-un-poteau-en-feu\/","og_locale":"fr_FR","og_type":"article","og_title":"Une voiture en feu et un poteau en feu | Vie Associative","og_description":"La zone de police de Weser-G\u00f6hl a signal\u00e9 plusieurs incidents dans son rapport du jeudi 12 mai. \u2013 Voiture en feu : Le 12\/04 vers","og_url":"https:\/\/vieassociative.be\/actualites\/une-voiture-en-feu-et-un-poteau-en-feu\/","og_site_name":"Vie Associative","article_published_time":"2024-12-05T14:17:06+00:00","og_image":[{"width":279,"height":92,"url":"https:\/\/vieassociative.be\/actualites\/wp-content\/uploads\/2024\/09\/header_backgroundk-01-e1726694325946.png","type":"image\/png"}],"author":"Julien","twitter_card":"summary_large_image","twitter_misc":{"\u00c9crit par":"Julien","Dur\u00e9e de lecture est.":"2 minutes"},"schema":{"@context":"https:\/\/schema.org","@graph":[{"@type":"Article","@id":"https:\/\/vieassociative.be\/actualites\/une-voiture-en-feu-et-un-poteau-en-feu\/#article","isPartOf":{"@id":"https:\/\/vieassociative.be\/actualites\/une-voiture-en-feu-et-un-poteau-en-feu\/"},"author":{"name":"Julien","@id":"https:\/\/vieassociative.be\/actualites\/#\/schema\/person\/b87ac4f82f9d4e7b7cec7395b679edc4"},"headline":"Une voiture en feu et un poteau en feu","datePublished":"2024-12-05T14:17:06+00:00","dateModified":"2024-12-05T14:17:06+00:00","mainEntityOfPage":{"@id":"https:\/\/vieassociative.be\/actualites\/une-voiture-en-feu-et-un-poteau-en-feu\/"},"wordCount":358,"publisher":{"@id":"https:\/\/vieassociative.be\/actualites\/#organization"},"image":{"@id":"https:\/\/vieassociative.be\/actualites\/une-voiture-en-feu-et-un-poteau-en-feu\/#primaryimage"},"thumbnailUrl":"https:\/\/vieassociative.be\/actualites\/wp-content\/uploads\/2024\/11\/Raeren-Le-conducteur-tombe-dans-un-micro-sommeil-a-midi.jpeg","keywords":["feu","poteau","une","voiture"],"articleSection":["Belgique"],"inLanguage":"fr-BE"},{"@type":"WebPage","@id":"https:\/\/vieassociative.be\/actualites\/une-voiture-en-feu-et-un-poteau-en-feu\/","url":"https:\/\/vieassociative.be\/actualites\/une-voiture-en-feu-et-un-poteau-en-feu\/","name":"Une voiture en feu et un poteau en feu | Vie Associative","isPartOf":{"@id":"https:\/\/vieassociative.be\/actualites\/#website"},"primaryImageOfPage":{"@id":"https:\/\/vieassociative.be\/actualites\/une-voiture-en-feu-et-un-poteau-en-feu\/#primaryimage"},"image":{"@id":"https:\/\/vieassociative.be\/actualites\/une-voiture-en-feu-et-un-poteau-en-feu\/#primaryimage"},"thumbnailUrl":"https:\/\/vieassociative.be\/actualites\/wp-content\/uploads\/2024\/11\/Raeren-Le-conducteur-tombe-dans-un-micro-sommeil-a-midi.jpeg","datePublished":"2024-12-05T14:17:06+00:00","dateModified":"2024-12-05T14:17:06+00:00","breadcrumb":{"@id":"https:\/\/vieassociative.be\/actualites\/une-voiture-en-feu-et-un-poteau-en-feu\/#breadcrumb"},"inLanguage":"fr-BE","potentialAction":[{"@type":"ReadAction","target":["https:\/\/vieassociative.be\/actualites\/une-voiture-en-feu-et-un-poteau-en-feu\/"]}]},{"@type":"ImageObject","inLanguage":"fr-BE","@id":"https:\/\/vieassociative.be\/actualites\/une-voiture-en-feu-et-un-poteau-en-feu\/#primaryimage","url":"https:\/\/vieassociative.be\/actualites\/wp-content\/uploads\/2024\/11\/Raeren-Le-conducteur-tombe-dans-un-micro-sommeil-a-midi.jpeg","contentUrl":"https:\/\/vieassociative.be\/actualites\/wp-content\/uploads\/2024\/11\/Raeren-Le-conducteur-tombe-dans-un-micro-sommeil-a-midi.jpeg","width":1200,"height":800,"caption":"Raeren : Le conducteur tombe dans un micro-sommeil \u00e0 midi"},{"@type":"BreadcrumbList","@id":"https:\/\/vieassociative.be\/actualites\/une-voiture-en-feu-et-un-poteau-en-feu\/#breadcrumb","itemListElement":[{"@type":"ListItem","position":1,"name":"Accueil","item":"https:\/\/vieassociative.be\/actualites\/"},{"@type":"ListItem","position":2,"name":"Une voiture en feu et un poteau en feu"}]},{"@type":"WebSite","@id":"https:\/\/vieassociative.be\/actualites\/#website","url":"https:\/\/vieassociative.be\/actualites\/","name":"Vie Associative","description":"","publisher":{"@id":"https:\/\/vieassociative.be\/actualites\/#organization"},"potentialAction":[{"@type":"SearchAction","target":{"@type":"EntryPoint","urlTemplate":"https:\/\/vieassociative.be\/actualites\/?s={search_term_string}"},"query-input":{"@type":"PropertyValueSpecification","valueRequired":true,"valueName":"search_term_string"}}],"inLanguage":"fr-BE"},{"@type":"Organization","@id":"https:\/\/vieassociative.be\/actualites\/#organization","name":"Vie Associative","url":"https:\/\/vieassociative.be\/actualites\/","logo":{"@type":"ImageObject","inLanguage":"fr-BE","@id":"https:\/\/vieassociative.be\/actualites\/#\/schema\/logo\/image\/","url":"https:\/\/vieassociative.be\/actualites\/wp-content\/uploads\/2024\/09\/cropped-vieassociative_favicon.ico.png","contentUrl":"https:\/\/vieassociative.be\/actualites\/wp-content\/uploads\/2024\/09\/cropped-vieassociative_favicon.ico.png","width":512,"height":512,"caption":"Vie Associative"},"image":{"@id":"https:\/\/vieassociative.be\/actualites\/#\/schema\/logo\/image\/"}},{"@type":"Person","@id":"https:\/\/vieassociative.be\/actualites\/#\/schema\/person\/b87ac4f82f9d4e7b7cec7395b679edc4","name":"Julien","image":{"@type":"ImageObject","inLanguage":"fr-BE","@id":"https:\/\/vieassociative.be\/actualites\/#\/schema\/person\/image\/","url":"https:\/\/vieassociative.be\/actualites\/wp-content\/uploads\/2024\/09\/vie-associative-1-150x150.jpg","contentUrl":"https:\/\/vieassociative.be\/actualites\/wp-content\/uploads\/2024\/09\/vie-associative-1-150x150.jpg","caption":"Julien"},"description":"Je suis Julien, r\u00e9dacteur pour Vie Associative. Passionn\u00e9 par le monde associatif depuis plus de 10 ans, j'ai \u00e0 c\u0153ur de partager des histoires inspirantes et de mettre en lumi\u00e8re les initiatives locales. Mon objectif est de sensibiliser et d'encourager l'engagement communautaire \u00e0 travers mes articles.","sameAs":["https:\/\/vieassociative.be\/"]}]}},"_links":{"self":[{"href":"https:\/\/vieassociative.be\/actualites\/wp-json\/wp\/v2\/posts\/3089"}],"collection":[{"href":"https:\/\/vieassociative.be\/actualites\/wp-json\/wp\/v2\/posts"}],"about":[{"href":"https:\/\/vieassociative.be\/actualites\/wp-json\/wp\/v2\/types\/post"}],"author":[{"embeddable":true,"href":"https:\/\/vieassociative.be\/actualites\/wp-json\/wp\/v2\/users\/1"}],"replies":[{"embeddable":true,"href":"https:\/\/vieassociative.be\/actualites\/wp-json\/wp\/v2\/comments?post=3089"}],"version-history":[{"count":0,"href":"https:\/\/vieassociative.be\/actualites\/wp-json\/wp\/v2\/posts\/3089\/revisions"}],"wp:featuredmedia":[{"embeddable":true,"href":"https:\/\/vieassociative.be\/actualites\/wp-json\/wp\/v2\/media\/1939"}],"wp:attachment":[{"href":"https:\/\/vieassociative.be\/actualites\/wp-json\/wp\/v2\/media?parent=3089"}],"wp:term":[{"taxonomy":"category","embeddable":true,"href":"https:\/\/vieassociative.be\/actualites\/wp-json\/wp\/v2\/categories?post=3089"},{"taxonomy":"post_tag","embeddable":true,"href":"https:\/\/vieassociative.be\/actualites\/wp-json\/wp\/v2\/tags?post=3089"}],"curies":[{"name":"wp","href":"https:\/\/api.w.org\/{rel}","templated":true}]}}