{"id":3083,"date":"2024-12-05T12:17:06","date_gmt":"2024-12-05T11:17:06","guid":{"rendered":"https:\/\/vieassociative.be\/actualites\/pourquoi-vous-ne-devriez-jamais-preparer-votre-propre-preparation-pour-bebe\/"},"modified":"2024-12-05T12:17:06","modified_gmt":"2024-12-05T11:17:06","slug":"pourquoi-vous-ne-devriez-jamais-preparer-votre-propre-preparation-pour-bebe","status":"publish","type":"post","link":"https:\/\/vieassociative.be\/actualites\/pourquoi-vous-ne-devriez-jamais-preparer-votre-propre-preparation-pour-bebe\/","title":{"rendered":"Pourquoi vous ne devriez jamais pr\u00e9parer votre propre pr\u00e9paration pour b\u00e9b\u00e9"},"content":{"rendered":"<div class=\"mt-4 leading-6 md:mb-8\">Les pr\u00e9parations pour nourrissons faites maison ont envoy\u00e9 des b\u00e9b\u00e9s \u00e0 l&rsquo;h\u00f4pital lors de la r\u00e9cente p\u00e9nurie.<\/div>\n<p><\/p>\n<p>Lorsque vous pr\u00e9parez de la nourriture pour vous-m\u00eame, il n\u2019y a jamais beaucoup de mal \u00e0 exp\u00e9rimenter. M\u00eame si vous ratez compl\u00e8tement la recette, vous pouvez probablement toujours la manger sans mourir. Imaginez maintenant qu&rsquo;une recette maison soit <em>litt\u00e9ralement la seule nourriture que vous \u00e9tiez autoris\u00e9 \u00e0 manger pendant six mois.<\/em> Les enjeux sont un peu plus \u00e9lev\u00e9s maintenant, n&rsquo;est-ce pas ? <\/p>\n<p>Les humains adultes ont surv\u00e9cu avec des aliments loin d\u2019\u00eatre id\u00e9aux sans d\u00e9velopper de graves probl\u00e8mes de sant\u00e9 ; nous avons abord\u00e9 cette question dans cet article, \u00e0 savoir si vous pouvez contracter le scorbut en ne mangeant que des ramen. Mais lorsque vous parlez d\u2019un b\u00e9b\u00e9 \u2013 une petite personne dont le seul travail est de doubler de taille au cours de ses cinq premiers mois de vie \u2013 la nutrition exacte qu\u2019il re\u00e7oit compte vraiment. <\/p>\n<p>Ou, pour citer l\u2019American Academy of Pediatrics (AAP)\u00a0:<\/p>\n<blockquote>\n<p>La premi\u00e8re ann\u00e9e de vie est une p\u00e9riode cl\u00e9 pour le d\u00e9veloppement du cerveau et du corps de votre b\u00e9b\u00e9. Si votre b\u00e9b\u00e9 ne consomme pas suffisamment des \u00e9l\u00e9ments importants des pr\u00e9parations pour nourrissons, m\u00eame pendant quelques jours ou semaines, il peut subir des effets \u00e0 long terme sur ses capacit\u00e9s \u00e0 devenir fort et \u00e0 r\u00e9ussir \u00e0 l&rsquo;\u00e9cole. Le manque de ces nutriments peut entra\u00eener de graves probl\u00e8mes de sant\u00e9, voire la mort.<\/p>\n<\/blockquote>\n<p>La Food and Drug Administration a r\u00e9cemment envoy\u00e9 un avis indiquant qu&rsquo;elle avait r\u00e9cemment re\u00e7u des rapports faisant \u00e9tat de b\u00e9b\u00e9s ayant d\u00fb \u00eatre hospitalis\u00e9s en raison de faibles taux de calcium dans le sang en raison de la consommation de lait maternis\u00e9 fait maison. <\/p>\n<p>La FDA approuve les pr\u00e9parations pour nourrissons achet\u00e9es en magasin, exigeant que la pr\u00e9paration finie soit test\u00e9e pour son contenu nutritionnel (pour s&rsquo;assurer que les nutriments contenus dans les ingr\u00e9dients ont effectivement travers\u00e9 le processus de fabrication) et que les fabricants de pr\u00e9parations pour nourrissons aient d\u00e9montr\u00e9 que leurs produits favorisent une croissance saine dans b\u00e9b\u00e9s. La FDA fait <em>pas<\/em> faites de m\u00eame pour les recettes de formules maison. <\/p>\n<p>Donc, si vous avez vu une recette diffus\u00e9e sur les r\u00e9seaux sociaux et que quelqu&rsquo;un dit que sa grand-m\u00e8re utilisait \u00e0 l&rsquo;\u00e9poque&#8230; eh bien, personne n&rsquo;a r\u00e9ellement v\u00e9rifi\u00e9 que cette recette est saine ou appropri\u00e9e pour votre b\u00e9b\u00e9. Une enqu\u00eate de 2020 sur les recettes de pr\u00e9parations maison provenant de blogs a r\u00e9v\u00e9l\u00e9 que nombre d&rsquo;entre elles contenaient des ingr\u00e9dients nocifs ou inappropri\u00e9s et que, dans de nombreux cas, leurs instructions n&rsquo;incluaient pas suffisamment d&rsquo;informations pour que les gens puissent manipuler la pr\u00e9paration en toute s\u00e9curit\u00e9 (par exemple, des conseils sur la dur\u00e9e de conservation). au r\u00e9frig\u00e9rateur). <\/p>\n<h2 id=\"why-is-it-so-hard-to-make-a-good-formula\">Pourquoi est-il si difficile de faire une bonne formule ?<\/h2>\n<p>Le lait maternis\u00e9 fournit une nutrition \u00e9quivalente \u00e0 celle qu&rsquo;un b\u00e9b\u00e9 re\u00e7oit du lait maternel. Le lait maternel est tr\u00e8s diff\u00e9rent sur le plan nutritionnel du lait de vache ou de ch\u00e8vre, ou d&rsquo;autres produits laitiers ou substituts. Le lait de vache contient trop de prot\u00e9ines et pas assez de fer ou de vitamine C. Le lait de ch\u00e8vre est trop riche en prot\u00e9ines, en potassium et en chlorure et ne contient pas assez de folate. Les b\u00e9b\u00e9s ont d\u00e9velopp\u00e9 des carences en vitamines, des d\u00e9s\u00e9quilibres \u00e9lectrolytiques et d\u2019autres probl\u00e8mes de sant\u00e9 en buvant des laits animaux et des pr\u00e9parations maison.<\/p>\n<p>L&rsquo;AAP d\u00e9taille ici certaines de ces diff\u00e9rences et note qu&rsquo;un b\u00e9b\u00e9 de plus de 6 mois peut consommer du lait de vache comme palliatif si vous ne trouvez pas suffisamment de pr\u00e9paration pour nourrissons. Les b\u00e9b\u00e9s plus jeunes, vraiment <em>faire <\/em>besoin de lait maternel ou de pr\u00e9paration commerciale. <\/p>\n<p>Les anciennes recettes de pr\u00e9parations pour nourrissons incluaient g\u00e9n\u00e9ralement quelques ingr\u00e9dients d&rsquo;\u00e9picerie, comme le lait de vache et le sirop de ma\u00efs, qui \u00e9taient probablement obtenus <em>quelques<\/em> nutriments dans l&rsquo;\u00e9quivalent approximatif du lait maternel, mais cela ne veut pas dire qu&rsquo;ils \u00e9taient bons, ni m\u00eame n\u00e9cessairement assez bons. Savez-vous si la recette de votre grand-m\u00e8re contient une quantit\u00e9 s\u00fbre de s\u00e9l\u00e9nium, par exemple\u00a0? Je ne le pensais pas. <\/p>\n<p>Maintenant, <em>devrait<\/em> la FDA approuve-t-elle les recettes de pr\u00e9parations pour nourrissons, peut-\u00eatre en testant et en distribuant une recette appropri\u00e9e que les gens pourraient utiliser pour pr\u00e9parer des pr\u00e9parations pour nourrissons \u00e0 la maison\u00a0? Ce serait plut\u00f4t cool, honn\u00eatement ! (En supposant, bien s\u00fbr, qu&rsquo;une formule nutritionnellement ad\u00e9quate puisse \u00eatre pr\u00e9par\u00e9e \u00e0 partir d&rsquo;ingr\u00e9dients couramment disponibles. Peut-\u00eatre que ce n&rsquo;est pas possible.) Mais \u00e0 l&rsquo;heure actuelle, il n&rsquo;existe tout simplement pas de bonne recette test\u00e9e. Au lieu de cr\u00e9er votre propre formule, nous avons des suggestions s\u00fbres pour faire face \u00e0 la p\u00e9nurie de formules ici, y compris des solutions provisoires approuv\u00e9es par les m\u00e9decins. Et si vous \u00eates suffisamment d\u00e9sesp\u00e9r\u00e9 pour cr\u00e9er votre propre formule, veuillez contacter le p\u00e9diatre de votre enfant pour discuter de vos options. <\/p>\n<p><\/p>\n","protected":false},"excerpt":{"rendered":"<p>Les pr\u00e9parations pour nourrissons faites maison ont envoy\u00e9 des b\u00e9b\u00e9s \u00e0 l&rsquo;h\u00f4pital lors de la r\u00e9cente p\u00e9nurie. Lorsque vous pr\u00e9parez de la nourriture pour vous-m\u00eame,<\/p>\n","protected":false},"author":1,"featured_media":3084,"comment_status":"","ping_status":"","sticky":false,"template":"","format":"standard","meta":{"footnotes":""},"categories":[37],"tags":[180,636,851,81,734,3783,702,2292,8,4],"class_list":["post-3083","post","type-post","status-publish","format-standard","has-post-thumbnail","hentry","category-famille","tag-bebe","tag-devriez","tag-jamais","tag-pour","tag-pourquoi","tag-preparation","tag-preparer","tag-propre","tag-votre","tag-vous","generate-columns","tablet-grid-50","mobile-grid-100","grid-parent","grid-33"],"yoast_head":"<!-- This site is optimized with the Yoast SEO plugin v24.0 - https:\/\/yoast.com\/wordpress\/plugins\/seo\/ -->\n<title>Pourquoi vous ne devriez jamais pr\u00e9parer votre propre pr\u00e9paration pour b\u00e9b\u00e9 | Vie Associative<\/title>\n<meta name=\"robots\" content=\"index, follow, max-snippet:-1, max-image-preview:large, max-video-preview:-1\" \/>\n<link rel=\"canonical\" href=\"https:\/\/vieassociative.be\/actualites\/pourquoi-vous-ne-devriez-jamais-preparer-votre-propre-preparation-pour-bebe\/\" \/>\n<meta property=\"og:locale\" content=\"fr_FR\" \/>\n<meta property=\"og:type\" content=\"article\" \/>\n<meta property=\"og:title\" content=\"Pourquoi vous ne devriez jamais pr\u00e9parer votre propre pr\u00e9paration pour b\u00e9b\u00e9 | Vie Associative\" \/>\n<meta property=\"og:description\" content=\"Les pr\u00e9parations pour nourrissons faites maison ont envoy\u00e9 des b\u00e9b\u00e9s \u00e0 l&rsquo;h\u00f4pital lors de la r\u00e9cente p\u00e9nurie. Lorsque vous pr\u00e9parez de la nourriture pour vous-m\u00eame,\" \/>\n<meta property=\"og:url\" content=\"https:\/\/vieassociative.be\/actualites\/pourquoi-vous-ne-devriez-jamais-preparer-votre-propre-preparation-pour-bebe\/\" \/>\n<meta property=\"og:site_name\" content=\"Vie Associative\" \/>\n<meta property=\"article:published_time\" content=\"2024-12-05T11:17:06+00:00\" \/>\n<meta property=\"og:image\" content=\"https:\/\/vieassociative.be\/actualites\/wp-content\/uploads\/2024\/09\/header_backgroundk-01-e1726694325946.png\" \/>\n\t<meta property=\"og:image:width\" content=\"279\" \/>\n\t<meta property=\"og:image:height\" content=\"92\" \/>\n\t<meta property=\"og:image:type\" content=\"image\/png\" \/>\n<meta name=\"author\" content=\"Julien\" \/>\n<meta name=\"twitter:card\" content=\"summary_large_image\" \/>\n<meta name=\"twitter:label1\" content=\"\u00c9crit par\" \/>\n\t<meta name=\"twitter:data1\" content=\"Julien\" \/>\n\t<meta name=\"twitter:label2\" content=\"Dur\u00e9e de lecture est.\" \/>\n\t<meta name=\"twitter:data2\" content=\"5 minutes\" \/>\n<script type=\"application\/ld+json\" class=\"yoast-schema-graph\">{\"@context\":\"https:\/\/schema.org\",\"@graph\":[{\"@type\":\"Article\",\"@id\":\"https:\/\/vieassociative.be\/actualites\/pourquoi-vous-ne-devriez-jamais-preparer-votre-propre-preparation-pour-bebe\/#article\",\"isPartOf\":{\"@id\":\"https:\/\/vieassociative.be\/actualites\/pourquoi-vous-ne-devriez-jamais-preparer-votre-propre-preparation-pour-bebe\/\"},\"author\":{\"name\":\"Julien\",\"@id\":\"https:\/\/vieassociative.be\/actualites\/#\/schema\/person\/b87ac4f82f9d4e7b7cec7395b679edc4\"},\"headline\":\"Pourquoi vous ne devriez jamais pr\u00e9parer votre propre pr\u00e9paration pour b\u00e9b\u00e9\",\"datePublished\":\"2024-12-05T11:17:06+00:00\",\"dateModified\":\"2024-12-05T11:17:06+00:00\",\"mainEntityOfPage\":{\"@id\":\"https:\/\/vieassociative.be\/actualites\/pourquoi-vous-ne-devriez-jamais-preparer-votre-propre-preparation-pour-bebe\/\"},\"wordCount\":948,\"publisher\":{\"@id\":\"https:\/\/vieassociative.be\/actualites\/#organization\"},\"image\":{\"@id\":\"https:\/\/vieassociative.be\/actualites\/pourquoi-vous-ne-devriez-jamais-preparer-votre-propre-preparation-pour-bebe\/#primaryimage\"},\"thumbnailUrl\":\"https:\/\/vieassociative.be\/actualites\/wp-content\/uploads\/2024\/12\/Pourquoi-vous-ne-devriez-jamais-preparer-votre-propre-preparation-pour.jpg\",\"keywords\":[\"b\u00e9b\u00e9\",\"devriez\",\"jamais\",\"pour\",\"Pourquoi\",\"pr\u00e9paration\",\"pr\u00e9parer\",\"propre\",\"votre\",\"Vous\"],\"articleSection\":[\"Famille\"],\"inLanguage\":\"fr-BE\"},{\"@type\":\"WebPage\",\"@id\":\"https:\/\/vieassociative.be\/actualites\/pourquoi-vous-ne-devriez-jamais-preparer-votre-propre-preparation-pour-bebe\/\",\"url\":\"https:\/\/vieassociative.be\/actualites\/pourquoi-vous-ne-devriez-jamais-preparer-votre-propre-preparation-pour-bebe\/\",\"name\":\"Pourquoi vous ne devriez jamais pr\u00e9parer votre propre pr\u00e9paration pour b\u00e9b\u00e9 | Vie Associative\",\"isPartOf\":{\"@id\":\"https:\/\/vieassociative.be\/actualites\/#website\"},\"primaryImageOfPage\":{\"@id\":\"https:\/\/vieassociative.be\/actualites\/pourquoi-vous-ne-devriez-jamais-preparer-votre-propre-preparation-pour-bebe\/#primaryimage\"},\"image\":{\"@id\":\"https:\/\/vieassociative.be\/actualites\/pourquoi-vous-ne-devriez-jamais-preparer-votre-propre-preparation-pour-bebe\/#primaryimage\"},\"thumbnailUrl\":\"https:\/\/vieassociative.be\/actualites\/wp-content\/uploads\/2024\/12\/Pourquoi-vous-ne-devriez-jamais-preparer-votre-propre-preparation-pour.jpg\",\"datePublished\":\"2024-12-05T11:17:06+00:00\",\"dateModified\":\"2024-12-05T11:17:06+00:00\",\"breadcrumb\":{\"@id\":\"https:\/\/vieassociative.be\/actualites\/pourquoi-vous-ne-devriez-jamais-preparer-votre-propre-preparation-pour-bebe\/#breadcrumb\"},\"inLanguage\":\"fr-BE\",\"potentialAction\":[{\"@type\":\"ReadAction\",\"target\":[\"https:\/\/vieassociative.be\/actualites\/pourquoi-vous-ne-devriez-jamais-preparer-votre-propre-preparation-pour-bebe\/\"]}]},{\"@type\":\"ImageObject\",\"inLanguage\":\"fr-BE\",\"@id\":\"https:\/\/vieassociative.be\/actualites\/pourquoi-vous-ne-devriez-jamais-preparer-votre-propre-preparation-pour-bebe\/#primaryimage\",\"url\":\"https:\/\/vieassociative.be\/actualites\/wp-content\/uploads\/2024\/12\/Pourquoi-vous-ne-devriez-jamais-preparer-votre-propre-preparation-pour.jpg\",\"contentUrl\":\"https:\/\/vieassociative.be\/actualites\/wp-content\/uploads\/2024\/12\/Pourquoi-vous-ne-devriez-jamais-preparer-votre-propre-preparation-pour.jpg\",\"width\":1200,\"height\":675,\"caption\":\"Pourquoi vous ne devriez jamais pr\u00e9parer votre propre pr\u00e9paration pour b\u00e9b\u00e9\"},{\"@type\":\"BreadcrumbList\",\"@id\":\"https:\/\/vieassociative.be\/actualites\/pourquoi-vous-ne-devriez-jamais-preparer-votre-propre-preparation-pour-bebe\/#breadcrumb\",\"itemListElement\":[{\"@type\":\"ListItem\",\"position\":1,\"name\":\"Accueil\",\"item\":\"https:\/\/vieassociative.be\/actualites\/\"},{\"@type\":\"ListItem\",\"position\":2,\"name\":\"Pourquoi vous ne devriez jamais pr\u00e9parer votre propre pr\u00e9paration pour b\u00e9b\u00e9\"}]},{\"@type\":\"WebSite\",\"@id\":\"https:\/\/vieassociative.be\/actualites\/#website\",\"url\":\"https:\/\/vieassociative.be\/actualites\/\",\"name\":\"Vie Associative\",\"description\":\"\",\"publisher\":{\"@id\":\"https:\/\/vieassociative.be\/actualites\/#organization\"},\"potentialAction\":[{\"@type\":\"SearchAction\",\"target\":{\"@type\":\"EntryPoint\",\"urlTemplate\":\"https:\/\/vieassociative.be\/actualites\/?s={search_term_string}\"},\"query-input\":{\"@type\":\"PropertyValueSpecification\",\"valueRequired\":true,\"valueName\":\"search_term_string\"}}],\"inLanguage\":\"fr-BE\"},{\"@type\":\"Organization\",\"@id\":\"https:\/\/vieassociative.be\/actualites\/#organization\",\"name\":\"Vie Associative\",\"url\":\"https:\/\/vieassociative.be\/actualites\/\",\"logo\":{\"@type\":\"ImageObject\",\"inLanguage\":\"fr-BE\",\"@id\":\"https:\/\/vieassociative.be\/actualites\/#\/schema\/logo\/image\/\",\"url\":\"https:\/\/vieassociative.be\/actualites\/wp-content\/uploads\/2024\/09\/cropped-vieassociative_favicon.ico.png\",\"contentUrl\":\"https:\/\/vieassociative.be\/actualites\/wp-content\/uploads\/2024\/09\/cropped-vieassociative_favicon.ico.png\",\"width\":512,\"height\":512,\"caption\":\"Vie Associative\"},\"image\":{\"@id\":\"https:\/\/vieassociative.be\/actualites\/#\/schema\/logo\/image\/\"}},{\"@type\":\"Person\",\"@id\":\"https:\/\/vieassociative.be\/actualites\/#\/schema\/person\/b87ac4f82f9d4e7b7cec7395b679edc4\",\"name\":\"Julien\",\"image\":{\"@type\":\"ImageObject\",\"inLanguage\":\"fr-BE\",\"@id\":\"https:\/\/vieassociative.be\/actualites\/#\/schema\/person\/image\/\",\"url\":\"https:\/\/vieassociative.be\/actualites\/wp-content\/uploads\/2024\/09\/vie-associative-1-150x150.jpg\",\"contentUrl\":\"https:\/\/vieassociative.be\/actualites\/wp-content\/uploads\/2024\/09\/vie-associative-1-150x150.jpg\",\"caption\":\"Julien\"},\"description\":\"Je suis Julien, r\u00e9dacteur pour Vie Associative. Passionn\u00e9 par le monde associatif depuis plus de 10 ans, j'ai \u00e0 c\u0153ur de partager des histoires inspirantes et de mettre en lumi\u00e8re les initiatives locales. Mon objectif est de sensibiliser et d'encourager l'engagement communautaire \u00e0 travers mes articles.\",\"sameAs\":[\"https:\/\/vieassociative.be\/\"]}]}<\/script>\n<!-- \/ Yoast SEO plugin. -->","yoast_head_json":{"title":"Pourquoi vous ne devriez jamais pr\u00e9parer votre propre pr\u00e9paration pour b\u00e9b\u00e9 | Vie Associative","robots":{"index":"index","follow":"follow","max-snippet":"max-snippet:-1","max-image-preview":"max-image-preview:large","max-video-preview":"max-video-preview:-1"},"canonical":"https:\/\/vieassociative.be\/actualites\/pourquoi-vous-ne-devriez-jamais-preparer-votre-propre-preparation-pour-bebe\/","og_locale":"fr_FR","og_type":"article","og_title":"Pourquoi vous ne devriez jamais pr\u00e9parer votre propre pr\u00e9paration pour b\u00e9b\u00e9 | Vie Associative","og_description":"Les pr\u00e9parations pour nourrissons faites maison ont envoy\u00e9 des b\u00e9b\u00e9s \u00e0 l&rsquo;h\u00f4pital lors de la r\u00e9cente p\u00e9nurie. Lorsque vous pr\u00e9parez de la nourriture pour vous-m\u00eame,","og_url":"https:\/\/vieassociative.be\/actualites\/pourquoi-vous-ne-devriez-jamais-preparer-votre-propre-preparation-pour-bebe\/","og_site_name":"Vie Associative","article_published_time":"2024-12-05T11:17:06+00:00","og_image":[{"width":279,"height":92,"url":"https:\/\/vieassociative.be\/actualites\/wp-content\/uploads\/2024\/09\/header_backgroundk-01-e1726694325946.png","type":"image\/png"}],"author":"Julien","twitter_card":"summary_large_image","twitter_misc":{"\u00c9crit par":"Julien","Dur\u00e9e de lecture est.":"5 minutes"},"schema":{"@context":"https:\/\/schema.org","@graph":[{"@type":"Article","@id":"https:\/\/vieassociative.be\/actualites\/pourquoi-vous-ne-devriez-jamais-preparer-votre-propre-preparation-pour-bebe\/#article","isPartOf":{"@id":"https:\/\/vieassociative.be\/actualites\/pourquoi-vous-ne-devriez-jamais-preparer-votre-propre-preparation-pour-bebe\/"},"author":{"name":"Julien","@id":"https:\/\/vieassociative.be\/actualites\/#\/schema\/person\/b87ac4f82f9d4e7b7cec7395b679edc4"},"headline":"Pourquoi vous ne devriez jamais pr\u00e9parer votre propre pr\u00e9paration pour b\u00e9b\u00e9","datePublished":"2024-12-05T11:17:06+00:00","dateModified":"2024-12-05T11:17:06+00:00","mainEntityOfPage":{"@id":"https:\/\/vieassociative.be\/actualites\/pourquoi-vous-ne-devriez-jamais-preparer-votre-propre-preparation-pour-bebe\/"},"wordCount":948,"publisher":{"@id":"https:\/\/vieassociative.be\/actualites\/#organization"},"image":{"@id":"https:\/\/vieassociative.be\/actualites\/pourquoi-vous-ne-devriez-jamais-preparer-votre-propre-preparation-pour-bebe\/#primaryimage"},"thumbnailUrl":"https:\/\/vieassociative.be\/actualites\/wp-content\/uploads\/2024\/12\/Pourquoi-vous-ne-devriez-jamais-preparer-votre-propre-preparation-pour.jpg","keywords":["b\u00e9b\u00e9","devriez","jamais","pour","Pourquoi","pr\u00e9paration","pr\u00e9parer","propre","votre","Vous"],"articleSection":["Famille"],"inLanguage":"fr-BE"},{"@type":"WebPage","@id":"https:\/\/vieassociative.be\/actualites\/pourquoi-vous-ne-devriez-jamais-preparer-votre-propre-preparation-pour-bebe\/","url":"https:\/\/vieassociative.be\/actualites\/pourquoi-vous-ne-devriez-jamais-preparer-votre-propre-preparation-pour-bebe\/","name":"Pourquoi vous ne devriez jamais pr\u00e9parer votre propre pr\u00e9paration pour b\u00e9b\u00e9 | Vie Associative","isPartOf":{"@id":"https:\/\/vieassociative.be\/actualites\/#website"},"primaryImageOfPage":{"@id":"https:\/\/vieassociative.be\/actualites\/pourquoi-vous-ne-devriez-jamais-preparer-votre-propre-preparation-pour-bebe\/#primaryimage"},"image":{"@id":"https:\/\/vieassociative.be\/actualites\/pourquoi-vous-ne-devriez-jamais-preparer-votre-propre-preparation-pour-bebe\/#primaryimage"},"thumbnailUrl":"https:\/\/vieassociative.be\/actualites\/wp-content\/uploads\/2024\/12\/Pourquoi-vous-ne-devriez-jamais-preparer-votre-propre-preparation-pour.jpg","datePublished":"2024-12-05T11:17:06+00:00","dateModified":"2024-12-05T11:17:06+00:00","breadcrumb":{"@id":"https:\/\/vieassociative.be\/actualites\/pourquoi-vous-ne-devriez-jamais-preparer-votre-propre-preparation-pour-bebe\/#breadcrumb"},"inLanguage":"fr-BE","potentialAction":[{"@type":"ReadAction","target":["https:\/\/vieassociative.be\/actualites\/pourquoi-vous-ne-devriez-jamais-preparer-votre-propre-preparation-pour-bebe\/"]}]},{"@type":"ImageObject","inLanguage":"fr-BE","@id":"https:\/\/vieassociative.be\/actualites\/pourquoi-vous-ne-devriez-jamais-preparer-votre-propre-preparation-pour-bebe\/#primaryimage","url":"https:\/\/vieassociative.be\/actualites\/wp-content\/uploads\/2024\/12\/Pourquoi-vous-ne-devriez-jamais-preparer-votre-propre-preparation-pour.jpg","contentUrl":"https:\/\/vieassociative.be\/actualites\/wp-content\/uploads\/2024\/12\/Pourquoi-vous-ne-devriez-jamais-preparer-votre-propre-preparation-pour.jpg","width":1200,"height":675,"caption":"Pourquoi vous ne devriez jamais pr\u00e9parer votre propre pr\u00e9paration pour b\u00e9b\u00e9"},{"@type":"BreadcrumbList","@id":"https:\/\/vieassociative.be\/actualites\/pourquoi-vous-ne-devriez-jamais-preparer-votre-propre-preparation-pour-bebe\/#breadcrumb","itemListElement":[{"@type":"ListItem","position":1,"name":"Accueil","item":"https:\/\/vieassociative.be\/actualites\/"},{"@type":"ListItem","position":2,"name":"Pourquoi vous ne devriez jamais pr\u00e9parer votre propre pr\u00e9paration pour b\u00e9b\u00e9"}]},{"@type":"WebSite","@id":"https:\/\/vieassociative.be\/actualites\/#website","url":"https:\/\/vieassociative.be\/actualites\/","name":"Vie Associative","description":"","publisher":{"@id":"https:\/\/vieassociative.be\/actualites\/#organization"},"potentialAction":[{"@type":"SearchAction","target":{"@type":"EntryPoint","urlTemplate":"https:\/\/vieassociative.be\/actualites\/?s={search_term_string}"},"query-input":{"@type":"PropertyValueSpecification","valueRequired":true,"valueName":"search_term_string"}}],"inLanguage":"fr-BE"},{"@type":"Organization","@id":"https:\/\/vieassociative.be\/actualites\/#organization","name":"Vie Associative","url":"https:\/\/vieassociative.be\/actualites\/","logo":{"@type":"ImageObject","inLanguage":"fr-BE","@id":"https:\/\/vieassociative.be\/actualites\/#\/schema\/logo\/image\/","url":"https:\/\/vieassociative.be\/actualites\/wp-content\/uploads\/2024\/09\/cropped-vieassociative_favicon.ico.png","contentUrl":"https:\/\/vieassociative.be\/actualites\/wp-content\/uploads\/2024\/09\/cropped-vieassociative_favicon.ico.png","width":512,"height":512,"caption":"Vie Associative"},"image":{"@id":"https:\/\/vieassociative.be\/actualites\/#\/schema\/logo\/image\/"}},{"@type":"Person","@id":"https:\/\/vieassociative.be\/actualites\/#\/schema\/person\/b87ac4f82f9d4e7b7cec7395b679edc4","name":"Julien","image":{"@type":"ImageObject","inLanguage":"fr-BE","@id":"https:\/\/vieassociative.be\/actualites\/#\/schema\/person\/image\/","url":"https:\/\/vieassociative.be\/actualites\/wp-content\/uploads\/2024\/09\/vie-associative-1-150x150.jpg","contentUrl":"https:\/\/vieassociative.be\/actualites\/wp-content\/uploads\/2024\/09\/vie-associative-1-150x150.jpg","caption":"Julien"},"description":"Je suis Julien, r\u00e9dacteur pour Vie Associative. Passionn\u00e9 par le monde associatif depuis plus de 10 ans, j'ai \u00e0 c\u0153ur de partager des histoires inspirantes et de mettre en lumi\u00e8re les initiatives locales. Mon objectif est de sensibiliser et d'encourager l'engagement communautaire \u00e0 travers mes articles.","sameAs":["https:\/\/vieassociative.be\/"]}]}},"_links":{"self":[{"href":"https:\/\/vieassociative.be\/actualites\/wp-json\/wp\/v2\/posts\/3083"}],"collection":[{"href":"https:\/\/vieassociative.be\/actualites\/wp-json\/wp\/v2\/posts"}],"about":[{"href":"https:\/\/vieassociative.be\/actualites\/wp-json\/wp\/v2\/types\/post"}],"author":[{"embeddable":true,"href":"https:\/\/vieassociative.be\/actualites\/wp-json\/wp\/v2\/users\/1"}],"replies":[{"embeddable":true,"href":"https:\/\/vieassociative.be\/actualites\/wp-json\/wp\/v2\/comments?post=3083"}],"version-history":[{"count":0,"href":"https:\/\/vieassociative.be\/actualites\/wp-json\/wp\/v2\/posts\/3083\/revisions"}],"wp:featuredmedia":[{"embeddable":true,"href":"https:\/\/vieassociative.be\/actualites\/wp-json\/wp\/v2\/media\/3084"}],"wp:attachment":[{"href":"https:\/\/vieassociative.be\/actualites\/wp-json\/wp\/v2\/media?parent=3083"}],"wp:term":[{"taxonomy":"category","embeddable":true,"href":"https:\/\/vieassociative.be\/actualites\/wp-json\/wp\/v2\/categories?post=3083"},{"taxonomy":"post_tag","embeddable":true,"href":"https:\/\/vieassociative.be\/actualites\/wp-json\/wp\/v2\/tags?post=3083"}],"curies":[{"name":"wp","href":"https:\/\/api.w.org\/{rel}","templated":true}]}}