{"id":3080,"date":"2024-12-05T09:17:11","date_gmt":"2024-12-05T08:17:11","guid":{"rendered":"https:\/\/vieassociative.be\/actualites\/la-justice-ouvre-une-enquete-sur-reynders-pour-blanchiment-dargent\/"},"modified":"2024-12-05T09:17:11","modified_gmt":"2024-12-05T08:17:11","slug":"la-justice-ouvre-une-enquete-sur-reynders-pour-blanchiment-dargent","status":"publish","type":"post","link":"https:\/\/vieassociative.be\/actualites\/la-justice-ouvre-une-enquete-sur-reynders-pour-blanchiment-dargent\/","title":{"rendered":"La justice ouvre une enqu\u00eate sur Reynders pour blanchiment d&rsquo;argent"},"content":{"rendered":"<p><strong>Il y a trois jours, Didier Reynders a d\u00e9missionn\u00e9 de son poste de commissaire europ\u00e9en \u00e0 la Justice. Aujourd\u2019hui, c\u2019est lui-m\u00eame qui est au centre de l\u2019attention de la justice \u2013 soup\u00e7onn\u00e9 de blanchiment d\u2019argent.<\/strong><\/p>\n<p><span id=\"more-403305\"><\/span>Peu de temps apr\u00e8s son d\u00e9part de son poste de commissaire europ\u00e9en \u00e0 la Justice, Didier Reynders a fait l&rsquo;objet d&rsquo;une enqu\u00eate pour soup\u00e7on de blanchiment d&rsquo;argent. Cela a \u00e9t\u00e9 confirm\u00e9 par le parquet g\u00e9n\u00e9ral de Bruxelles.<\/p>\n<p>La plateforme m\u00e9diatique d&rsquo;investigation \u00ab Follow The Money \u00bb et le journal \u00ab Le Soir \u00bb avaient pr\u00e9c\u00e9demment rapport\u00e9 que plusieurs appartements avaient \u00e9t\u00e9 perquisitionn\u00e9s et que Reynders avait \u00e9t\u00e9 interrog\u00e9 par la police. L&rsquo;ancien ministre des Lib\u00e9raux francophones (MR) aurait achet\u00e9 dans des points de vente des e-tickets &#8211; c&rsquo;est-\u00e0-dire des bons d&rsquo;achat d&rsquo;une valeur comprise entre 1 et 100 euros &#8211; transf\u00e9rables sur un compte de jeu d\u00e9tenu par la Loterie nationale.<\/p>\n<div id=\"attachment_226046\" class=\"wp-caption alignleft\" style=\"max-width: 300px\"><img fetchpriority=\"high\" decoding=\"async\" class=\"wp-image-226046 size-medium\" src=\"https:\/\/vieassociative.be\/actualites\/wp-content\/uploads\/2024\/12\/La-justice-ouvre-une-enquete-sur-Reynders-pour-blanchiment-dargent.jpeg\" alt=\"\" width=\"300\" height=\"190\"><\/p>\n<p class=\"wp-caption-text\">Didier Reynders, ancien commissaire europ\u00e9en \u00e0 la justice. Photo : Virginie Mayo\/AP\/dpa<\/p>\n<\/div>\n<p>Certains de ces billets de loterie auraient \u00e9t\u00e9 achet\u00e9s en esp\u00e8ces et les gains auraient \u00e9t\u00e9 vers\u00e9s sur le compte num\u00e9rique de Reynder \u00e0 la Loterie nationale. Ils ont ensuite \u00e9t\u00e9 transf\u00e9r\u00e9s sur son compte courant. On ne sait pas exactement o\u00f9 Reynders a obtenu l\u2019argent pour les billets \u00e9lectroniques. Il n&rsquo;y avait initialement aucune information sur les montants pr\u00e9cis.<\/p>\n<p>Un porte-parole de la Commission europ\u00e9enne a d\u00e9clar\u00e9 que l&rsquo;autorit\u00e9 ne disposait d&rsquo;aucune autre information \u00e0 ce sujet. \u00ab\u00a0Si les autorit\u00e9s belges nous contactent, nous travaillerons bien entendu avec elles.\u00a0\u00bb<\/p>\n<p>Reynders a \u00e9t\u00e9 commissaire europ\u00e9en \u00e0 la justice dans le cabinet de la pr\u00e9sidente de la Commission Ursula von der Leyen de 2019 \u00e0 2024 et \u00e9tait \u00e9galement responsable de l&rsquo;\u00c9tat de droit. Le Belge a \u00e9t\u00e9 ministre belge des Finances de 1999 \u00e0 2011 et ministre des Affaires \u00e9trang\u00e8res de 2011 \u00e0 2019. Ces derni\u00e8res ann\u00e9es, Reynders a \u00e9chou\u00e9 \u00e0 deux reprises dans sa candidature au poste de Secr\u00e9taire G\u00e9n\u00e9ral du Conseil de l&rsquo;Europe. L&rsquo;homme de 66 ans n&rsquo;a pas non plus pu s&rsquo;affirmer comme premier candidat de la liste lib\u00e9rale francophone aux \u00e9lections europ\u00e9ennes de juin 2024 ou pour un autre mandat de commissaire europ\u00e9en. (dpa\/cr\u00e9)<\/p>\n","protected":false},"excerpt":{"rendered":"<p>Il y a trois jours, Didier Reynders a d\u00e9missionn\u00e9 de son poste de commissaire europ\u00e9en \u00e0 la Justice. Aujourd\u2019hui, c\u2019est lui-m\u00eame qui est au centre<\/p>\n","protected":false},"author":1,"featured_media":3081,"comment_status":"","ping_status":"","sticky":false,"template":"","format":"standard","meta":{"footnotes":""},"categories":[298],"tags":[3781,3782,3779,3710,3760,81,3780,33,110],"class_list":["post-3080","post","type-post","status-publish","format-standard","has-post-thumbnail","hentry","category-belgique","tag-blanchiment","tag-dargent","tag-enquete","tag-justice","tag-ouvre","tag-pour","tag-reynders","tag-sur","tag-une","generate-columns","tablet-grid-50","mobile-grid-100","grid-parent","grid-33"],"yoast_head":"<!-- This site is optimized with the Yoast SEO plugin v24.0 - https:\/\/yoast.com\/wordpress\/plugins\/seo\/ -->\n<title>La justice ouvre une enqu\u00eate sur Reynders pour blanchiment d&#039;argent | Vie Associative<\/title>\n<meta name=\"robots\" content=\"index, follow, max-snippet:-1, max-image-preview:large, max-video-preview:-1\" \/>\n<link rel=\"canonical\" href=\"https:\/\/vieassociative.be\/actualites\/la-justice-ouvre-une-enquete-sur-reynders-pour-blanchiment-dargent\/\" \/>\n<meta property=\"og:locale\" content=\"fr_FR\" \/>\n<meta property=\"og:type\" content=\"article\" \/>\n<meta property=\"og:title\" content=\"La justice ouvre une enqu\u00eate sur Reynders pour blanchiment d&#039;argent | Vie Associative\" \/>\n<meta property=\"og:description\" content=\"Il y a trois jours, Didier Reynders a d\u00e9missionn\u00e9 de son poste de commissaire europ\u00e9en \u00e0 la Justice. Aujourd\u2019hui, c\u2019est lui-m\u00eame qui est au centre\" \/>\n<meta property=\"og:url\" content=\"https:\/\/vieassociative.be\/actualites\/la-justice-ouvre-une-enquete-sur-reynders-pour-blanchiment-dargent\/\" \/>\n<meta property=\"og:site_name\" content=\"Vie Associative\" \/>\n<meta property=\"article:published_time\" content=\"2024-12-05T08:17:11+00:00\" \/>\n<meta property=\"og:image\" content=\"https:\/\/vieassociative.be\/actualites\/wp-content\/uploads\/2024\/12\/La-justice-ouvre-une-enquete-sur-Reynders-pour-blanchiment-dargent.jpeg\" \/>\n<meta name=\"author\" content=\"Julien\" \/>\n<meta name=\"twitter:card\" content=\"summary_large_image\" \/>\n<meta name=\"twitter:label1\" content=\"\u00c9crit par\" \/>\n\t<meta name=\"twitter:data1\" content=\"Julien\" \/>\n\t<meta name=\"twitter:label2\" content=\"Dur\u00e9e de lecture est.\" \/>\n\t<meta name=\"twitter:data2\" content=\"2 minutes\" \/>\n<script type=\"application\/ld+json\" class=\"yoast-schema-graph\">{\"@context\":\"https:\/\/schema.org\",\"@graph\":[{\"@type\":\"Article\",\"@id\":\"https:\/\/vieassociative.be\/actualites\/la-justice-ouvre-une-enquete-sur-reynders-pour-blanchiment-dargent\/#article\",\"isPartOf\":{\"@id\":\"https:\/\/vieassociative.be\/actualites\/la-justice-ouvre-une-enquete-sur-reynders-pour-blanchiment-dargent\/\"},\"author\":{\"name\":\"Julien\",\"@id\":\"https:\/\/vieassociative.be\/actualites\/#\/schema\/person\/b87ac4f82f9d4e7b7cec7395b679edc4\"},\"headline\":\"La justice ouvre une enqu\u00eate sur Reynders pour blanchiment d&rsquo;argent\",\"datePublished\":\"2024-12-05T08:17:11+00:00\",\"dateModified\":\"2024-12-05T08:17:11+00:00\",\"mainEntityOfPage\":{\"@id\":\"https:\/\/vieassociative.be\/actualites\/la-justice-ouvre-une-enquete-sur-reynders-pour-blanchiment-dargent\/\"},\"wordCount\":407,\"publisher\":{\"@id\":\"https:\/\/vieassociative.be\/actualites\/#organization\"},\"image\":{\"@id\":\"https:\/\/vieassociative.be\/actualites\/la-justice-ouvre-une-enquete-sur-reynders-pour-blanchiment-dargent\/#primaryimage\"},\"thumbnailUrl\":\"https:\/\/vieassociative.be\/actualites\/wp-content\/uploads\/2024\/12\/La-justice-ouvre-une-enquete-sur-Reynders-pour-blanchiment-dargent.jpg\",\"keywords\":[\"blanchiment\",\"dargent\",\"enqu\u00eate\",\"justice\",\"ouvre\",\"pour\",\"Reynders\",\"sur\",\"une\"],\"articleSection\":[\"Belgique\"],\"inLanguage\":\"fr-BE\"},{\"@type\":\"WebPage\",\"@id\":\"https:\/\/vieassociative.be\/actualites\/la-justice-ouvre-une-enquete-sur-reynders-pour-blanchiment-dargent\/\",\"url\":\"https:\/\/vieassociative.be\/actualites\/la-justice-ouvre-une-enquete-sur-reynders-pour-blanchiment-dargent\/\",\"name\":\"La justice ouvre une enqu\u00eate sur Reynders pour blanchiment d'argent | Vie Associative\",\"isPartOf\":{\"@id\":\"https:\/\/vieassociative.be\/actualites\/#website\"},\"primaryImageOfPage\":{\"@id\":\"https:\/\/vieassociative.be\/actualites\/la-justice-ouvre-une-enquete-sur-reynders-pour-blanchiment-dargent\/#primaryimage\"},\"image\":{\"@id\":\"https:\/\/vieassociative.be\/actualites\/la-justice-ouvre-une-enquete-sur-reynders-pour-blanchiment-dargent\/#primaryimage\"},\"thumbnailUrl\":\"https:\/\/vieassociative.be\/actualites\/wp-content\/uploads\/2024\/12\/La-justice-ouvre-une-enquete-sur-Reynders-pour-blanchiment-dargent.jpg\",\"datePublished\":\"2024-12-05T08:17:11+00:00\",\"dateModified\":\"2024-12-05T08:17:11+00:00\",\"breadcrumb\":{\"@id\":\"https:\/\/vieassociative.be\/actualites\/la-justice-ouvre-une-enquete-sur-reynders-pour-blanchiment-dargent\/#breadcrumb\"},\"inLanguage\":\"fr-BE\",\"potentialAction\":[{\"@type\":\"ReadAction\",\"target\":[\"https:\/\/vieassociative.be\/actualites\/la-justice-ouvre-une-enquete-sur-reynders-pour-blanchiment-dargent\/\"]}]},{\"@type\":\"ImageObject\",\"inLanguage\":\"fr-BE\",\"@id\":\"https:\/\/vieassociative.be\/actualites\/la-justice-ouvre-une-enquete-sur-reynders-pour-blanchiment-dargent\/#primaryimage\",\"url\":\"https:\/\/vieassociative.be\/actualites\/wp-content\/uploads\/2024\/12\/La-justice-ouvre-une-enquete-sur-Reynders-pour-blanchiment-dargent.jpg\",\"contentUrl\":\"https:\/\/vieassociative.be\/actualites\/wp-content\/uploads\/2024\/12\/La-justice-ouvre-une-enquete-sur-Reynders-pour-blanchiment-dargent.jpg\",\"width\":1200,\"height\":800,\"caption\":\"La justice ouvre une enqu\u00eate sur Reynders pour blanchiment d'argent\"},{\"@type\":\"BreadcrumbList\",\"@id\":\"https:\/\/vieassociative.be\/actualites\/la-justice-ouvre-une-enquete-sur-reynders-pour-blanchiment-dargent\/#breadcrumb\",\"itemListElement\":[{\"@type\":\"ListItem\",\"position\":1,\"name\":\"Accueil\",\"item\":\"https:\/\/vieassociative.be\/actualites\/\"},{\"@type\":\"ListItem\",\"position\":2,\"name\":\"La justice ouvre une enqu\u00eate sur Reynders pour blanchiment d&rsquo;argent\"}]},{\"@type\":\"WebSite\",\"@id\":\"https:\/\/vieassociative.be\/actualites\/#website\",\"url\":\"https:\/\/vieassociative.be\/actualites\/\",\"name\":\"Vie Associative\",\"description\":\"\",\"publisher\":{\"@id\":\"https:\/\/vieassociative.be\/actualites\/#organization\"},\"potentialAction\":[{\"@type\":\"SearchAction\",\"target\":{\"@type\":\"EntryPoint\",\"urlTemplate\":\"https:\/\/vieassociative.be\/actualites\/?s={search_term_string}\"},\"query-input\":{\"@type\":\"PropertyValueSpecification\",\"valueRequired\":true,\"valueName\":\"search_term_string\"}}],\"inLanguage\":\"fr-BE\"},{\"@type\":\"Organization\",\"@id\":\"https:\/\/vieassociative.be\/actualites\/#organization\",\"name\":\"Vie Associative\",\"url\":\"https:\/\/vieassociative.be\/actualites\/\",\"logo\":{\"@type\":\"ImageObject\",\"inLanguage\":\"fr-BE\",\"@id\":\"https:\/\/vieassociative.be\/actualites\/#\/schema\/logo\/image\/\",\"url\":\"https:\/\/vieassociative.be\/actualites\/wp-content\/uploads\/2024\/09\/cropped-vieassociative_favicon.ico.png\",\"contentUrl\":\"https:\/\/vieassociative.be\/actualites\/wp-content\/uploads\/2024\/09\/cropped-vieassociative_favicon.ico.png\",\"width\":512,\"height\":512,\"caption\":\"Vie Associative\"},\"image\":{\"@id\":\"https:\/\/vieassociative.be\/actualites\/#\/schema\/logo\/image\/\"}},{\"@type\":\"Person\",\"@id\":\"https:\/\/vieassociative.be\/actualites\/#\/schema\/person\/b87ac4f82f9d4e7b7cec7395b679edc4\",\"name\":\"Julien\",\"image\":{\"@type\":\"ImageObject\",\"inLanguage\":\"fr-BE\",\"@id\":\"https:\/\/vieassociative.be\/actualites\/#\/schema\/person\/image\/\",\"url\":\"https:\/\/vieassociative.be\/actualites\/wp-content\/uploads\/2024\/09\/vie-associative-1-150x150.jpg\",\"contentUrl\":\"https:\/\/vieassociative.be\/actualites\/wp-content\/uploads\/2024\/09\/vie-associative-1-150x150.jpg\",\"caption\":\"Julien\"},\"description\":\"Je suis Julien, r\u00e9dacteur pour Vie Associative. Passionn\u00e9 par le monde associatif depuis plus de 10 ans, j'ai \u00e0 c\u0153ur de partager des histoires inspirantes et de mettre en lumi\u00e8re les initiatives locales. Mon objectif est de sensibiliser et d'encourager l'engagement communautaire \u00e0 travers mes articles.\",\"sameAs\":[\"https:\/\/vieassociative.be\/\"]}]}<\/script>\n<!-- \/ Yoast SEO plugin. -->","yoast_head_json":{"title":"La justice ouvre une enqu\u00eate sur Reynders pour blanchiment d'argent | Vie Associative","robots":{"index":"index","follow":"follow","max-snippet":"max-snippet:-1","max-image-preview":"max-image-preview:large","max-video-preview":"max-video-preview:-1"},"canonical":"https:\/\/vieassociative.be\/actualites\/la-justice-ouvre-une-enquete-sur-reynders-pour-blanchiment-dargent\/","og_locale":"fr_FR","og_type":"article","og_title":"La justice ouvre une enqu\u00eate sur Reynders pour blanchiment d'argent | Vie Associative","og_description":"Il y a trois jours, Didier Reynders a d\u00e9missionn\u00e9 de son poste de commissaire europ\u00e9en \u00e0 la Justice. Aujourd\u2019hui, c\u2019est lui-m\u00eame qui est au centre","og_url":"https:\/\/vieassociative.be\/actualites\/la-justice-ouvre-une-enquete-sur-reynders-pour-blanchiment-dargent\/","og_site_name":"Vie Associative","article_published_time":"2024-12-05T08:17:11+00:00","og_image":[{"url":"https:\/\/vieassociative.be\/actualites\/wp-content\/uploads\/2024\/12\/La-justice-ouvre-une-enquete-sur-Reynders-pour-blanchiment-dargent.jpeg","type":"","width":"","height":""}],"author":"Julien","twitter_card":"summary_large_image","twitter_misc":{"\u00c9crit par":"Julien","Dur\u00e9e de lecture est.":"2 minutes"},"schema":{"@context":"https:\/\/schema.org","@graph":[{"@type":"Article","@id":"https:\/\/vieassociative.be\/actualites\/la-justice-ouvre-une-enquete-sur-reynders-pour-blanchiment-dargent\/#article","isPartOf":{"@id":"https:\/\/vieassociative.be\/actualites\/la-justice-ouvre-une-enquete-sur-reynders-pour-blanchiment-dargent\/"},"author":{"name":"Julien","@id":"https:\/\/vieassociative.be\/actualites\/#\/schema\/person\/b87ac4f82f9d4e7b7cec7395b679edc4"},"headline":"La justice ouvre une enqu\u00eate sur Reynders pour blanchiment d&rsquo;argent","datePublished":"2024-12-05T08:17:11+00:00","dateModified":"2024-12-05T08:17:11+00:00","mainEntityOfPage":{"@id":"https:\/\/vieassociative.be\/actualites\/la-justice-ouvre-une-enquete-sur-reynders-pour-blanchiment-dargent\/"},"wordCount":407,"publisher":{"@id":"https:\/\/vieassociative.be\/actualites\/#organization"},"image":{"@id":"https:\/\/vieassociative.be\/actualites\/la-justice-ouvre-une-enquete-sur-reynders-pour-blanchiment-dargent\/#primaryimage"},"thumbnailUrl":"https:\/\/vieassociative.be\/actualites\/wp-content\/uploads\/2024\/12\/La-justice-ouvre-une-enquete-sur-Reynders-pour-blanchiment-dargent.jpg","keywords":["blanchiment","dargent","enqu\u00eate","justice","ouvre","pour","Reynders","sur","une"],"articleSection":["Belgique"],"inLanguage":"fr-BE"},{"@type":"WebPage","@id":"https:\/\/vieassociative.be\/actualites\/la-justice-ouvre-une-enquete-sur-reynders-pour-blanchiment-dargent\/","url":"https:\/\/vieassociative.be\/actualites\/la-justice-ouvre-une-enquete-sur-reynders-pour-blanchiment-dargent\/","name":"La justice ouvre une enqu\u00eate sur Reynders pour blanchiment d'argent | Vie Associative","isPartOf":{"@id":"https:\/\/vieassociative.be\/actualites\/#website"},"primaryImageOfPage":{"@id":"https:\/\/vieassociative.be\/actualites\/la-justice-ouvre-une-enquete-sur-reynders-pour-blanchiment-dargent\/#primaryimage"},"image":{"@id":"https:\/\/vieassociative.be\/actualites\/la-justice-ouvre-une-enquete-sur-reynders-pour-blanchiment-dargent\/#primaryimage"},"thumbnailUrl":"https:\/\/vieassociative.be\/actualites\/wp-content\/uploads\/2024\/12\/La-justice-ouvre-une-enquete-sur-Reynders-pour-blanchiment-dargent.jpg","datePublished":"2024-12-05T08:17:11+00:00","dateModified":"2024-12-05T08:17:11+00:00","breadcrumb":{"@id":"https:\/\/vieassociative.be\/actualites\/la-justice-ouvre-une-enquete-sur-reynders-pour-blanchiment-dargent\/#breadcrumb"},"inLanguage":"fr-BE","potentialAction":[{"@type":"ReadAction","target":["https:\/\/vieassociative.be\/actualites\/la-justice-ouvre-une-enquete-sur-reynders-pour-blanchiment-dargent\/"]}]},{"@type":"ImageObject","inLanguage":"fr-BE","@id":"https:\/\/vieassociative.be\/actualites\/la-justice-ouvre-une-enquete-sur-reynders-pour-blanchiment-dargent\/#primaryimage","url":"https:\/\/vieassociative.be\/actualites\/wp-content\/uploads\/2024\/12\/La-justice-ouvre-une-enquete-sur-Reynders-pour-blanchiment-dargent.jpg","contentUrl":"https:\/\/vieassociative.be\/actualites\/wp-content\/uploads\/2024\/12\/La-justice-ouvre-une-enquete-sur-Reynders-pour-blanchiment-dargent.jpg","width":1200,"height":800,"caption":"La justice ouvre une enqu\u00eate sur Reynders pour blanchiment d'argent"},{"@type":"BreadcrumbList","@id":"https:\/\/vieassociative.be\/actualites\/la-justice-ouvre-une-enquete-sur-reynders-pour-blanchiment-dargent\/#breadcrumb","itemListElement":[{"@type":"ListItem","position":1,"name":"Accueil","item":"https:\/\/vieassociative.be\/actualites\/"},{"@type":"ListItem","position":2,"name":"La justice ouvre une enqu\u00eate sur Reynders pour blanchiment d&rsquo;argent"}]},{"@type":"WebSite","@id":"https:\/\/vieassociative.be\/actualites\/#website","url":"https:\/\/vieassociative.be\/actualites\/","name":"Vie Associative","description":"","publisher":{"@id":"https:\/\/vieassociative.be\/actualites\/#organization"},"potentialAction":[{"@type":"SearchAction","target":{"@type":"EntryPoint","urlTemplate":"https:\/\/vieassociative.be\/actualites\/?s={search_term_string}"},"query-input":{"@type":"PropertyValueSpecification","valueRequired":true,"valueName":"search_term_string"}}],"inLanguage":"fr-BE"},{"@type":"Organization","@id":"https:\/\/vieassociative.be\/actualites\/#organization","name":"Vie Associative","url":"https:\/\/vieassociative.be\/actualites\/","logo":{"@type":"ImageObject","inLanguage":"fr-BE","@id":"https:\/\/vieassociative.be\/actualites\/#\/schema\/logo\/image\/","url":"https:\/\/vieassociative.be\/actualites\/wp-content\/uploads\/2024\/09\/cropped-vieassociative_favicon.ico.png","contentUrl":"https:\/\/vieassociative.be\/actualites\/wp-content\/uploads\/2024\/09\/cropped-vieassociative_favicon.ico.png","width":512,"height":512,"caption":"Vie Associative"},"image":{"@id":"https:\/\/vieassociative.be\/actualites\/#\/schema\/logo\/image\/"}},{"@type":"Person","@id":"https:\/\/vieassociative.be\/actualites\/#\/schema\/person\/b87ac4f82f9d4e7b7cec7395b679edc4","name":"Julien","image":{"@type":"ImageObject","inLanguage":"fr-BE","@id":"https:\/\/vieassociative.be\/actualites\/#\/schema\/person\/image\/","url":"https:\/\/vieassociative.be\/actualites\/wp-content\/uploads\/2024\/09\/vie-associative-1-150x150.jpg","contentUrl":"https:\/\/vieassociative.be\/actualites\/wp-content\/uploads\/2024\/09\/vie-associative-1-150x150.jpg","caption":"Julien"},"description":"Je suis Julien, r\u00e9dacteur pour Vie Associative. Passionn\u00e9 par le monde associatif depuis plus de 10 ans, j'ai \u00e0 c\u0153ur de partager des histoires inspirantes et de mettre en lumi\u00e8re les initiatives locales. Mon objectif est de sensibiliser et d'encourager l'engagement communautaire \u00e0 travers mes articles.","sameAs":["https:\/\/vieassociative.be\/"]}]}},"_links":{"self":[{"href":"https:\/\/vieassociative.be\/actualites\/wp-json\/wp\/v2\/posts\/3080"}],"collection":[{"href":"https:\/\/vieassociative.be\/actualites\/wp-json\/wp\/v2\/posts"}],"about":[{"href":"https:\/\/vieassociative.be\/actualites\/wp-json\/wp\/v2\/types\/post"}],"author":[{"embeddable":true,"href":"https:\/\/vieassociative.be\/actualites\/wp-json\/wp\/v2\/users\/1"}],"replies":[{"embeddable":true,"href":"https:\/\/vieassociative.be\/actualites\/wp-json\/wp\/v2\/comments?post=3080"}],"version-history":[{"count":0,"href":"https:\/\/vieassociative.be\/actualites\/wp-json\/wp\/v2\/posts\/3080\/revisions"}],"wp:featuredmedia":[{"embeddable":true,"href":"https:\/\/vieassociative.be\/actualites\/wp-json\/wp\/v2\/media\/3081"}],"wp:attachment":[{"href":"https:\/\/vieassociative.be\/actualites\/wp-json\/wp\/v2\/media?parent=3080"}],"wp:term":[{"taxonomy":"category","embeddable":true,"href":"https:\/\/vieassociative.be\/actualites\/wp-json\/wp\/v2\/categories?post=3080"},{"taxonomy":"post_tag","embeddable":true,"href":"https:\/\/vieassociative.be\/actualites\/wp-json\/wp\/v2\/tags?post=3080"}],"curies":[{"name":"wp","href":"https:\/\/api.w.org\/{rel}","templated":true}]}}