{"id":3076,"date":"2024-12-05T07:17:00","date_gmt":"2024-12-05T06:17:00","guid":{"rendered":"https:\/\/vieassociative.be\/actualites\/vous-pouvez-concevoir-un-agenda-personnalise-pour-votre-ipad-ou-autre-tablette\/"},"modified":"2024-12-05T07:17:00","modified_gmt":"2024-12-05T06:17:00","slug":"vous-pouvez-concevoir-un-agenda-personnalise-pour-votre-ipad-ou-autre-tablette","status":"publish","type":"post","link":"https:\/\/vieassociative.be\/actualites\/vous-pouvez-concevoir-un-agenda-personnalise-pour-votre-ipad-ou-autre-tablette\/","title":{"rendered":"Vous pouvez concevoir un agenda personnalis\u00e9 pour votre iPad ou autre tablette"},"content":{"rendered":"<div class=\"mt-4 leading-6 md:mb-8\">Procurez-vous un agenda PDF et annotez-le comme un agenda papier.<\/div>\n<p><\/p>\n<p>Il y a quelque chose de simple <em>tangible<\/em> sur l&rsquo;utilisation d&rsquo;un stylo et de papier pour planifier votre journ\u00e9e, c&rsquo;est pourquoi de nombreuses personnes pr\u00e9f\u00e8rent un agenda papier \u00e0 une application de liste de t\u00e2ches ou \u00e0 un calendrier. Le probl\u00e8me : un agenda papier est encore un autre objet \u00e0 transporter, ce qui semble idiot si vous poss\u00e9dez d\u00e9j\u00e0 un iPad ou une autre tablette.<\/p>\n<p>C&rsquo;est l\u00e0 qu&rsquo;interviennent les pages remarquablement organis\u00e9es. Ce site Web gratuit vous permet de cr\u00e9er l&rsquo;agenda PDF de vos r\u00eaves. L&rsquo;outil est con\u00e7u en pensant \u00e0 la tablette remarquable e-ink, mais il n&rsquo;y a aucune raison pour que vous ne puissiez pas l&rsquo;utiliser sur un iPad ou toute tablette qui vous permet de annoter des fichiers PDF. Le planificateur lui-m\u00eame propose des vues annuelles, trimestrielles, mensuelles, hebdomadaires et quotidiennes, toutes reli\u00e9es \u00e0 de nombreux liens. Cela signifie que vous pouvez appuyer sur un jour dans la vue mensuelle afin de voir la page du jour en cours, puis appuyer sur le mois ou la semaine dans l&rsquo;en-t\u00eate pour voir ces pages. Il y a m\u00eame des onglets dans la marge de gauche, vous permettant de passer rapidement d&rsquo;un jour \u00e0 l&rsquo;autre comme vous le feriez dans un article.<\/p>\n<p>Pour commencer, rendez-vous sur la page de destination et cliquez sur <strong>Commencez \u00e0 cr\u00e9er<\/strong>. L&rsquo;application Web vous montrera le PDF\u00a0; cliquez pour l&rsquo;explorer. Vous pouvez ensuite cliquer sur le <strong>Param\u00e8tres<\/strong> bouton pour changer les choses. Les premi\u00e8res options vous permettent de choisir l&rsquo;ann\u00e9e, si la semaine commence un dimanche ou un lundi et si vous souhaitez un fichier haute r\u00e9solution.<\/p>\n<div class=\"eloquent-imagery-image\">\n<div class=\"flex justify-center\">\n                    <img decoding=\"async\" class=\"border border-gray-100\" src=\"https:\/\/vieassociative.be\/actualites\/wp-content\/uploads\/2024\/12\/Vous-pouvez-concevoir-un-agenda-personnalise-pour-votre-iPad-ou.png\" alt=\"Un calendrier annuel, complet avec tous les mois, est affich\u00e9. Une superposition permet \u00e0 l'utilisateur de le personnaliser.\" width=\"2000\" height=\"1063\" loading=\"lazy\"  >\n            <\/div>\n<\/p><\/div>\n<p>Vous pouvez l&rsquo;imprimer au format PDF (il est recommand\u00e9 de le faire dans Chrome) et \u00eatre parfaitement satisfait\u00a0; le vrai plaisir, cependant, vient si vous cliquez <strong>Param\u00e8tres avanc\u00e9s<\/strong> et personnaliser les choses. Cela vous permet de personnaliser les choses plus compl\u00e8tement. Vous pouvez ajouter une page de titre personnalis\u00e9e, supprimer les sections dont vous n&rsquo;avez pas besoin et modifier la police. Vous pouvez \u00e9galement choisir parmi des mod\u00e8les personnalis\u00e9s pour chaque section.<\/p>\n<div class=\"eloquent-imagery-image\">\n<div class=\"flex justify-center\">\n                    <img decoding=\"async\" class=\"border border-gray-100\" src=\"https:\/\/vieassociative.be\/actualites\/wp-content\/uploads\/2024\/12\/1733379420_158_Vous-pouvez-concevoir-un-agenda-personnalise-pour-votre-iPad-ou.png\" alt=\"Personnalisation de la vue quotidienne.\" width=\"2000\" height=\"686\" loading=\"lazy\"  >\n            <\/div>\n<\/p><\/div>\n<p>Vous pouvez \u00e9galement ajouter des sections personnalis\u00e9es \u00e0 la fin du guide. Par d\u00e9faut, cela signifie Notes et Objectifs, ce dernier \u00e9tant un outil \u00ab\u00a0ne coupez pas la cha\u00eene\u00a0\u00bb pour la cr\u00e9ation d&rsquo;habitudes visuelles. Mais vous pouvez supprimer ces sections ou les personnaliser si vous pr\u00e9f\u00e9rez.<\/p>\n<div class=\"eloquent-imagery-image\">\n<div class=\"flex justify-center\">\n                    <img decoding=\"async\" class=\"border border-gray-100\" src=\"https:\/\/vieassociative.be\/actualites\/wp-content\/uploads\/2024\/12\/1733379420_517_Vous-pouvez-concevoir-un-agenda-personnalise-pour-votre-iPad-ou.png\" alt=\"La vue des habitudes, \u00e0 la fin de l'agenda PDF, vous permet de cocher des choses tout au long de l'ann\u00e9e.\" width=\"2000\" height=\"1110\" loading=\"lazy\"  >\n            <\/div>\n<\/p><\/div>\n<p>Il existe \u00e9galement la possibilit\u00e9 d&rsquo;importer des jours f\u00e9ri\u00e9s ou n&rsquo;importe quel fichier iCal, si vous souhaitez que certaines dates apparaissent. Je recommande de creuser et de personnaliser les choses jusqu&rsquo;\u00e0 ce qu&rsquo;elles ressemblent et fonctionnent comme vous le souhaitez. Ensuite, lorsque vous avez termin\u00e9, synchronisez-le avec l&rsquo;application de balisage PDF de votre choix.<\/p>\n<p>Il existe d&rsquo;autres outils pour cr\u00e9er des agendas PDF personnalis\u00e9s, y compris celui-ci sur Github, que vous pouvez personnaliser si vous connaissez la ligne de commande. Les pages remarquablement organis\u00e9es vous permettent de personnaliser l&rsquo;apparence et la convivialit\u00e9 de votre agenda tout en restant simples \u00e0 utiliser.<\/p>\n","protected":false},"excerpt":{"rendered":"<p>Procurez-vous un agenda PDF et annotez-le comme un agenda papier. Il y a quelque chose de simple tangible sur l&rsquo;utilisation d&rsquo;un stylo et de papier<\/p>\n","protected":false},"author":1,"featured_media":3077,"comment_status":"","ping_status":"","sticky":false,"template":"","format":"standard","meta":{"footnotes":""},"categories":[13],"tags":[2254,3090,1257,1915,2269,81,5,3228,8,4],"class_list":["post-3076","post","type-post","status-publish","format-standard","has-post-thumbnail","hentry","category-technologie","tag-agenda","tag-autre","tag-concevoir","tag-ipad","tag-personnalise","tag-pour","tag-pouvez","tag-tablette","tag-votre","tag-vous","generate-columns","tablet-grid-50","mobile-grid-100","grid-parent","grid-33"],"yoast_head":"<!-- This site is optimized with the Yoast SEO plugin v24.0 - https:\/\/yoast.com\/wordpress\/plugins\/seo\/ -->\n<title>Vous pouvez concevoir un agenda personnalis\u00e9 pour votre iPad ou autre tablette | Vie Associative<\/title>\n<meta name=\"robots\" content=\"index, follow, max-snippet:-1, max-image-preview:large, max-video-preview:-1\" \/>\n<link rel=\"canonical\" href=\"https:\/\/vieassociative.be\/actualites\/vous-pouvez-concevoir-un-agenda-personnalise-pour-votre-ipad-ou-autre-tablette\/\" \/>\n<meta property=\"og:locale\" content=\"fr_FR\" \/>\n<meta property=\"og:type\" content=\"article\" \/>\n<meta property=\"og:title\" content=\"Vous pouvez concevoir un agenda personnalis\u00e9 pour votre iPad ou autre tablette | Vie Associative\" \/>\n<meta property=\"og:description\" content=\"Procurez-vous un agenda PDF et annotez-le comme un agenda papier. Il y a quelque chose de simple tangible sur l&rsquo;utilisation d&rsquo;un stylo et de papier\" \/>\n<meta property=\"og:url\" content=\"https:\/\/vieassociative.be\/actualites\/vous-pouvez-concevoir-un-agenda-personnalise-pour-votre-ipad-ou-autre-tablette\/\" \/>\n<meta property=\"og:site_name\" content=\"Vie Associative\" \/>\n<meta property=\"article:published_time\" content=\"2024-12-05T06:17:00+00:00\" \/>\n<meta property=\"og:image\" content=\"https:\/\/vieassociative.be\/actualites\/wp-content\/uploads\/2024\/12\/Vous-pouvez-concevoir-un-agenda-personnalise-pour-votre-iPad-ou.png\" \/>\n<meta name=\"author\" content=\"Julien\" \/>\n<meta name=\"twitter:card\" content=\"summary_large_image\" \/>\n<meta name=\"twitter:label1\" content=\"\u00c9crit par\" \/>\n\t<meta name=\"twitter:data1\" content=\"Julien\" \/>\n\t<meta name=\"twitter:label2\" content=\"Dur\u00e9e de lecture est.\" \/>\n\t<meta name=\"twitter:data2\" content=\"3 minutes\" \/>\n<script type=\"application\/ld+json\" class=\"yoast-schema-graph\">{\"@context\":\"https:\/\/schema.org\",\"@graph\":[{\"@type\":\"Article\",\"@id\":\"https:\/\/vieassociative.be\/actualites\/vous-pouvez-concevoir-un-agenda-personnalise-pour-votre-ipad-ou-autre-tablette\/#article\",\"isPartOf\":{\"@id\":\"https:\/\/vieassociative.be\/actualites\/vous-pouvez-concevoir-un-agenda-personnalise-pour-votre-ipad-ou-autre-tablette\/\"},\"author\":{\"name\":\"Julien\",\"@id\":\"https:\/\/vieassociative.be\/actualites\/#\/schema\/person\/b87ac4f82f9d4e7b7cec7395b679edc4\"},\"headline\":\"Vous pouvez concevoir un agenda personnalis\u00e9 pour votre iPad ou autre tablette\",\"datePublished\":\"2024-12-05T06:17:00+00:00\",\"dateModified\":\"2024-12-05T06:17:00+00:00\",\"mainEntityOfPage\":{\"@id\":\"https:\/\/vieassociative.be\/actualites\/vous-pouvez-concevoir-un-agenda-personnalise-pour-votre-ipad-ou-autre-tablette\/\"},\"wordCount\":556,\"publisher\":{\"@id\":\"https:\/\/vieassociative.be\/actualites\/#organization\"},\"image\":{\"@id\":\"https:\/\/vieassociative.be\/actualites\/vous-pouvez-concevoir-un-agenda-personnalise-pour-votre-ipad-ou-autre-tablette\/#primaryimage\"},\"thumbnailUrl\":\"https:\/\/vieassociative.be\/actualites\/wp-content\/uploads\/2024\/12\/1733379420_Vous-pouvez-concevoir-un-agenda-personnalise-pour-votre-iPad-ou.png\",\"keywords\":[\"Agenda\",\"autre\",\"concevoir\",\"iPad\",\"personnalis\u00e9\",\"pour\",\"pouvez\",\"tablette\",\"votre\",\"Vous\"],\"articleSection\":[\"Technologie\"],\"inLanguage\":\"fr-BE\"},{\"@type\":\"WebPage\",\"@id\":\"https:\/\/vieassociative.be\/actualites\/vous-pouvez-concevoir-un-agenda-personnalise-pour-votre-ipad-ou-autre-tablette\/\",\"url\":\"https:\/\/vieassociative.be\/actualites\/vous-pouvez-concevoir-un-agenda-personnalise-pour-votre-ipad-ou-autre-tablette\/\",\"name\":\"Vous pouvez concevoir un agenda personnalis\u00e9 pour votre iPad ou autre tablette | Vie Associative\",\"isPartOf\":{\"@id\":\"https:\/\/vieassociative.be\/actualites\/#website\"},\"primaryImageOfPage\":{\"@id\":\"https:\/\/vieassociative.be\/actualites\/vous-pouvez-concevoir-un-agenda-personnalise-pour-votre-ipad-ou-autre-tablette\/#primaryimage\"},\"image\":{\"@id\":\"https:\/\/vieassociative.be\/actualites\/vous-pouvez-concevoir-un-agenda-personnalise-pour-votre-ipad-ou-autre-tablette\/#primaryimage\"},\"thumbnailUrl\":\"https:\/\/vieassociative.be\/actualites\/wp-content\/uploads\/2024\/12\/1733379420_Vous-pouvez-concevoir-un-agenda-personnalise-pour-votre-iPad-ou.png\",\"datePublished\":\"2024-12-05T06:17:00+00:00\",\"dateModified\":\"2024-12-05T06:17:00+00:00\",\"breadcrumb\":{\"@id\":\"https:\/\/vieassociative.be\/actualites\/vous-pouvez-concevoir-un-agenda-personnalise-pour-votre-ipad-ou-autre-tablette\/#breadcrumb\"},\"inLanguage\":\"fr-BE\",\"potentialAction\":[{\"@type\":\"ReadAction\",\"target\":[\"https:\/\/vieassociative.be\/actualites\/vous-pouvez-concevoir-un-agenda-personnalise-pour-votre-ipad-ou-autre-tablette\/\"]}]},{\"@type\":\"ImageObject\",\"inLanguage\":\"fr-BE\",\"@id\":\"https:\/\/vieassociative.be\/actualites\/vous-pouvez-concevoir-un-agenda-personnalise-pour-votre-ipad-ou-autre-tablette\/#primaryimage\",\"url\":\"https:\/\/vieassociative.be\/actualites\/wp-content\/uploads\/2024\/12\/1733379420_Vous-pouvez-concevoir-un-agenda-personnalise-pour-votre-iPad-ou.png\",\"contentUrl\":\"https:\/\/vieassociative.be\/actualites\/wp-content\/uploads\/2024\/12\/1733379420_Vous-pouvez-concevoir-un-agenda-personnalise-pour-votre-iPad-ou.png\",\"width\":1200,\"height\":675,\"caption\":\"Vous pouvez concevoir un agenda personnalis\u00e9 pour votre iPad ou autre tablette\"},{\"@type\":\"BreadcrumbList\",\"@id\":\"https:\/\/vieassociative.be\/actualites\/vous-pouvez-concevoir-un-agenda-personnalise-pour-votre-ipad-ou-autre-tablette\/#breadcrumb\",\"itemListElement\":[{\"@type\":\"ListItem\",\"position\":1,\"name\":\"Accueil\",\"item\":\"https:\/\/vieassociative.be\/actualites\/\"},{\"@type\":\"ListItem\",\"position\":2,\"name\":\"Vous pouvez concevoir un agenda personnalis\u00e9 pour votre iPad ou autre tablette\"}]},{\"@type\":\"WebSite\",\"@id\":\"https:\/\/vieassociative.be\/actualites\/#website\",\"url\":\"https:\/\/vieassociative.be\/actualites\/\",\"name\":\"Vie Associative\",\"description\":\"\",\"publisher\":{\"@id\":\"https:\/\/vieassociative.be\/actualites\/#organization\"},\"potentialAction\":[{\"@type\":\"SearchAction\",\"target\":{\"@type\":\"EntryPoint\",\"urlTemplate\":\"https:\/\/vieassociative.be\/actualites\/?s={search_term_string}\"},\"query-input\":{\"@type\":\"PropertyValueSpecification\",\"valueRequired\":true,\"valueName\":\"search_term_string\"}}],\"inLanguage\":\"fr-BE\"},{\"@type\":\"Organization\",\"@id\":\"https:\/\/vieassociative.be\/actualites\/#organization\",\"name\":\"Vie Associative\",\"url\":\"https:\/\/vieassociative.be\/actualites\/\",\"logo\":{\"@type\":\"ImageObject\",\"inLanguage\":\"fr-BE\",\"@id\":\"https:\/\/vieassociative.be\/actualites\/#\/schema\/logo\/image\/\",\"url\":\"https:\/\/vieassociative.be\/actualites\/wp-content\/uploads\/2024\/09\/cropped-vieassociative_favicon.ico.png\",\"contentUrl\":\"https:\/\/vieassociative.be\/actualites\/wp-content\/uploads\/2024\/09\/cropped-vieassociative_favicon.ico.png\",\"width\":512,\"height\":512,\"caption\":\"Vie Associative\"},\"image\":{\"@id\":\"https:\/\/vieassociative.be\/actualites\/#\/schema\/logo\/image\/\"}},{\"@type\":\"Person\",\"@id\":\"https:\/\/vieassociative.be\/actualites\/#\/schema\/person\/b87ac4f82f9d4e7b7cec7395b679edc4\",\"name\":\"Julien\",\"image\":{\"@type\":\"ImageObject\",\"inLanguage\":\"fr-BE\",\"@id\":\"https:\/\/vieassociative.be\/actualites\/#\/schema\/person\/image\/\",\"url\":\"https:\/\/vieassociative.be\/actualites\/wp-content\/uploads\/2024\/09\/vie-associative-1-150x150.jpg\",\"contentUrl\":\"https:\/\/vieassociative.be\/actualites\/wp-content\/uploads\/2024\/09\/vie-associative-1-150x150.jpg\",\"caption\":\"Julien\"},\"description\":\"Je suis Julien, r\u00e9dacteur pour Vie Associative. Passionn\u00e9 par le monde associatif depuis plus de 10 ans, j'ai \u00e0 c\u0153ur de partager des histoires inspirantes et de mettre en lumi\u00e8re les initiatives locales. Mon objectif est de sensibiliser et d'encourager l'engagement communautaire \u00e0 travers mes articles.\",\"sameAs\":[\"https:\/\/vieassociative.be\/\"]}]}<\/script>\n<!-- \/ Yoast SEO plugin. -->","yoast_head_json":{"title":"Vous pouvez concevoir un agenda personnalis\u00e9 pour votre iPad ou autre tablette | Vie Associative","robots":{"index":"index","follow":"follow","max-snippet":"max-snippet:-1","max-image-preview":"max-image-preview:large","max-video-preview":"max-video-preview:-1"},"canonical":"https:\/\/vieassociative.be\/actualites\/vous-pouvez-concevoir-un-agenda-personnalise-pour-votre-ipad-ou-autre-tablette\/","og_locale":"fr_FR","og_type":"article","og_title":"Vous pouvez concevoir un agenda personnalis\u00e9 pour votre iPad ou autre tablette | Vie Associative","og_description":"Procurez-vous un agenda PDF et annotez-le comme un agenda papier. Il y a quelque chose de simple tangible sur l&rsquo;utilisation d&rsquo;un stylo et de papier","og_url":"https:\/\/vieassociative.be\/actualites\/vous-pouvez-concevoir-un-agenda-personnalise-pour-votre-ipad-ou-autre-tablette\/","og_site_name":"Vie Associative","article_published_time":"2024-12-05T06:17:00+00:00","og_image":[{"url":"https:\/\/vieassociative.be\/actualites\/wp-content\/uploads\/2024\/12\/Vous-pouvez-concevoir-un-agenda-personnalise-pour-votre-iPad-ou.png","type":"","width":"","height":""}],"author":"Julien","twitter_card":"summary_large_image","twitter_misc":{"\u00c9crit par":"Julien","Dur\u00e9e de lecture est.":"3 minutes"},"schema":{"@context":"https:\/\/schema.org","@graph":[{"@type":"Article","@id":"https:\/\/vieassociative.be\/actualites\/vous-pouvez-concevoir-un-agenda-personnalise-pour-votre-ipad-ou-autre-tablette\/#article","isPartOf":{"@id":"https:\/\/vieassociative.be\/actualites\/vous-pouvez-concevoir-un-agenda-personnalise-pour-votre-ipad-ou-autre-tablette\/"},"author":{"name":"Julien","@id":"https:\/\/vieassociative.be\/actualites\/#\/schema\/person\/b87ac4f82f9d4e7b7cec7395b679edc4"},"headline":"Vous pouvez concevoir un agenda personnalis\u00e9 pour votre iPad ou autre tablette","datePublished":"2024-12-05T06:17:00+00:00","dateModified":"2024-12-05T06:17:00+00:00","mainEntityOfPage":{"@id":"https:\/\/vieassociative.be\/actualites\/vous-pouvez-concevoir-un-agenda-personnalise-pour-votre-ipad-ou-autre-tablette\/"},"wordCount":556,"publisher":{"@id":"https:\/\/vieassociative.be\/actualites\/#organization"},"image":{"@id":"https:\/\/vieassociative.be\/actualites\/vous-pouvez-concevoir-un-agenda-personnalise-pour-votre-ipad-ou-autre-tablette\/#primaryimage"},"thumbnailUrl":"https:\/\/vieassociative.be\/actualites\/wp-content\/uploads\/2024\/12\/1733379420_Vous-pouvez-concevoir-un-agenda-personnalise-pour-votre-iPad-ou.png","keywords":["Agenda","autre","concevoir","iPad","personnalis\u00e9","pour","pouvez","tablette","votre","Vous"],"articleSection":["Technologie"],"inLanguage":"fr-BE"},{"@type":"WebPage","@id":"https:\/\/vieassociative.be\/actualites\/vous-pouvez-concevoir-un-agenda-personnalise-pour-votre-ipad-ou-autre-tablette\/","url":"https:\/\/vieassociative.be\/actualites\/vous-pouvez-concevoir-un-agenda-personnalise-pour-votre-ipad-ou-autre-tablette\/","name":"Vous pouvez concevoir un agenda personnalis\u00e9 pour votre iPad ou autre tablette | Vie Associative","isPartOf":{"@id":"https:\/\/vieassociative.be\/actualites\/#website"},"primaryImageOfPage":{"@id":"https:\/\/vieassociative.be\/actualites\/vous-pouvez-concevoir-un-agenda-personnalise-pour-votre-ipad-ou-autre-tablette\/#primaryimage"},"image":{"@id":"https:\/\/vieassociative.be\/actualites\/vous-pouvez-concevoir-un-agenda-personnalise-pour-votre-ipad-ou-autre-tablette\/#primaryimage"},"thumbnailUrl":"https:\/\/vieassociative.be\/actualites\/wp-content\/uploads\/2024\/12\/1733379420_Vous-pouvez-concevoir-un-agenda-personnalise-pour-votre-iPad-ou.png","datePublished":"2024-12-05T06:17:00+00:00","dateModified":"2024-12-05T06:17:00+00:00","breadcrumb":{"@id":"https:\/\/vieassociative.be\/actualites\/vous-pouvez-concevoir-un-agenda-personnalise-pour-votre-ipad-ou-autre-tablette\/#breadcrumb"},"inLanguage":"fr-BE","potentialAction":[{"@type":"ReadAction","target":["https:\/\/vieassociative.be\/actualites\/vous-pouvez-concevoir-un-agenda-personnalise-pour-votre-ipad-ou-autre-tablette\/"]}]},{"@type":"ImageObject","inLanguage":"fr-BE","@id":"https:\/\/vieassociative.be\/actualites\/vous-pouvez-concevoir-un-agenda-personnalise-pour-votre-ipad-ou-autre-tablette\/#primaryimage","url":"https:\/\/vieassociative.be\/actualites\/wp-content\/uploads\/2024\/12\/1733379420_Vous-pouvez-concevoir-un-agenda-personnalise-pour-votre-iPad-ou.png","contentUrl":"https:\/\/vieassociative.be\/actualites\/wp-content\/uploads\/2024\/12\/1733379420_Vous-pouvez-concevoir-un-agenda-personnalise-pour-votre-iPad-ou.png","width":1200,"height":675,"caption":"Vous pouvez concevoir un agenda personnalis\u00e9 pour votre iPad ou autre tablette"},{"@type":"BreadcrumbList","@id":"https:\/\/vieassociative.be\/actualites\/vous-pouvez-concevoir-un-agenda-personnalise-pour-votre-ipad-ou-autre-tablette\/#breadcrumb","itemListElement":[{"@type":"ListItem","position":1,"name":"Accueil","item":"https:\/\/vieassociative.be\/actualites\/"},{"@type":"ListItem","position":2,"name":"Vous pouvez concevoir un agenda personnalis\u00e9 pour votre iPad ou autre tablette"}]},{"@type":"WebSite","@id":"https:\/\/vieassociative.be\/actualites\/#website","url":"https:\/\/vieassociative.be\/actualites\/","name":"Vie Associative","description":"","publisher":{"@id":"https:\/\/vieassociative.be\/actualites\/#organization"},"potentialAction":[{"@type":"SearchAction","target":{"@type":"EntryPoint","urlTemplate":"https:\/\/vieassociative.be\/actualites\/?s={search_term_string}"},"query-input":{"@type":"PropertyValueSpecification","valueRequired":true,"valueName":"search_term_string"}}],"inLanguage":"fr-BE"},{"@type":"Organization","@id":"https:\/\/vieassociative.be\/actualites\/#organization","name":"Vie Associative","url":"https:\/\/vieassociative.be\/actualites\/","logo":{"@type":"ImageObject","inLanguage":"fr-BE","@id":"https:\/\/vieassociative.be\/actualites\/#\/schema\/logo\/image\/","url":"https:\/\/vieassociative.be\/actualites\/wp-content\/uploads\/2024\/09\/cropped-vieassociative_favicon.ico.png","contentUrl":"https:\/\/vieassociative.be\/actualites\/wp-content\/uploads\/2024\/09\/cropped-vieassociative_favicon.ico.png","width":512,"height":512,"caption":"Vie Associative"},"image":{"@id":"https:\/\/vieassociative.be\/actualites\/#\/schema\/logo\/image\/"}},{"@type":"Person","@id":"https:\/\/vieassociative.be\/actualites\/#\/schema\/person\/b87ac4f82f9d4e7b7cec7395b679edc4","name":"Julien","image":{"@type":"ImageObject","inLanguage":"fr-BE","@id":"https:\/\/vieassociative.be\/actualites\/#\/schema\/person\/image\/","url":"https:\/\/vieassociative.be\/actualites\/wp-content\/uploads\/2024\/09\/vie-associative-1-150x150.jpg","contentUrl":"https:\/\/vieassociative.be\/actualites\/wp-content\/uploads\/2024\/09\/vie-associative-1-150x150.jpg","caption":"Julien"},"description":"Je suis Julien, r\u00e9dacteur pour Vie Associative. Passionn\u00e9 par le monde associatif depuis plus de 10 ans, j'ai \u00e0 c\u0153ur de partager des histoires inspirantes et de mettre en lumi\u00e8re les initiatives locales. Mon objectif est de sensibiliser et d'encourager l'engagement communautaire \u00e0 travers mes articles.","sameAs":["https:\/\/vieassociative.be\/"]}]}},"_links":{"self":[{"href":"https:\/\/vieassociative.be\/actualites\/wp-json\/wp\/v2\/posts\/3076"}],"collection":[{"href":"https:\/\/vieassociative.be\/actualites\/wp-json\/wp\/v2\/posts"}],"about":[{"href":"https:\/\/vieassociative.be\/actualites\/wp-json\/wp\/v2\/types\/post"}],"author":[{"embeddable":true,"href":"https:\/\/vieassociative.be\/actualites\/wp-json\/wp\/v2\/users\/1"}],"replies":[{"embeddable":true,"href":"https:\/\/vieassociative.be\/actualites\/wp-json\/wp\/v2\/comments?post=3076"}],"version-history":[{"count":0,"href":"https:\/\/vieassociative.be\/actualites\/wp-json\/wp\/v2\/posts\/3076\/revisions"}],"wp:featuredmedia":[{"embeddable":true,"href":"https:\/\/vieassociative.be\/actualites\/wp-json\/wp\/v2\/media\/3077"}],"wp:attachment":[{"href":"https:\/\/vieassociative.be\/actualites\/wp-json\/wp\/v2\/media?parent=3076"}],"wp:term":[{"taxonomy":"category","embeddable":true,"href":"https:\/\/vieassociative.be\/actualites\/wp-json\/wp\/v2\/categories?post=3076"},{"taxonomy":"post_tag","embeddable":true,"href":"https:\/\/vieassociative.be\/actualites\/wp-json\/wp\/v2\/tags?post=3076"}],"curies":[{"name":"wp","href":"https:\/\/api.w.org\/{rel}","templated":true}]}}