{"id":3067,"date":"2024-12-05T00:18:39","date_gmt":"2024-12-04T23:18:39","guid":{"rendered":"https:\/\/vieassociative.be\/actualites\/pourquoi-vous-ne-pouvez-pas-simplement-commander-du-lait-maternise-au-canada\/"},"modified":"2024-12-05T00:18:39","modified_gmt":"2024-12-04T23:18:39","slug":"pourquoi-vous-ne-pouvez-pas-simplement-commander-du-lait-maternise-au-canada","status":"publish","type":"post","link":"https:\/\/vieassociative.be\/actualites\/pourquoi-vous-ne-pouvez-pas-simplement-commander-du-lait-maternise-au-canada\/","title":{"rendered":"Pourquoi vous ne pouvez pas simplement commander du lait maternis\u00e9 au Canada"},"content":{"rendered":"<div class=\"mt-4 leading-6 md:mb-8\">Malgr\u00e9 ce que vous lisez sur Facebook, Amazon au Canada ne peut pas r\u00e9soudre la p\u00e9nurie de pr\u00e9parations pour nourrissons aux \u00c9tats-Unis<\/div>\n<p><\/p>\n<p>Alors que les pr\u00e9parations pour nourrissons continuent d&rsquo;\u00eatre rares, les parents de nourrissons recherchent des moyens cr\u00e9atifs de mettre la main sur ce pr\u00e9cieux Enfamil, mais une solution simple, apparemment ing\u00e9nieuse, qui devient virale en ce moment ne fonctionnera pas comme d\u00e9crit. La suggestion qui se r\u00e9pand sur Facebook et Twitter conseille aux parents d&rsquo;aller sur Amazon et de changer le pays de leur compte des \u00c9tats-Unis au Canada. <\/p>\n<p>L&rsquo;affirmation est que si vous faites cela, vous serez r\u00e9compens\u00e9 par toutes sortes d&rsquo;options d&rsquo;achat de pr\u00e9parations pour nourrissons, car le Canada ne conna\u00eet pas de p\u00e9nurie majeure de pr\u00e9parations pour nourrissons. Le probl\u00e8me, cependant, survient lorsque vous souhaitez r\u00e9ellement obtenir la formule (ou toute autre chose). <em>livr\u00e9<\/em> d&rsquo;Amazon Canada. L&rsquo;entreprise n&rsquo;exp\u00e9diera des produits qu&rsquo;au Canada, donc \u00e0 moins d&rsquo;avoir un ami au Manitoba, cela ne fonctionnera pas.<\/p>\n<p>La page des restrictions d&rsquo;exp\u00e9dition d&rsquo;Amazon indique\u00a0:<\/p>\n<blockquote>\n<p>Certaines restrictions nous emp\u00eachent d&rsquo;exp\u00e9dier certains produits dans toutes les zones g\u00e9ographiques. Les restrictions concernant des articles sp\u00e9cifiques peuvent obliger l&rsquo;acheteur \u00e0 fournir des informations suppl\u00e9mentaires afin d&rsquo;exp\u00e9dier l&rsquo;article.<\/p>\n<\/blockquote>\n<p>Vous pourrez peut-\u00eatre trouver un exp\u00e9diteur de formule tiers sur Amazon, mais cela co\u00fbte cher en termes de frais d&rsquo;exp\u00e9dition et cela peut ne pas \u00eatre l\u00e9gal, selon le type de formule import\u00e9e. <\/p>\n<h2 id=\"the-fdas-role-in-all-this\">Le r\u00f4le de la FDA dans tout cela<\/h2>\n<p>La question plus vaste de savoir pourquoi les \u00c9tats-Unis, en tant que nation, n\u2019importent pas davantage de pr\u00e9parations pour nourrissons est plus compliqu\u00e9e que les r\u00e8gles d\u2019Amazon. Seulement environ 2 % de la formule am\u00e9ricaine provient de sources \u00e9trang\u00e8res. Le rappel effectu\u00e9 en f\u00e9vrier par le grand fabricant Abbott a boulevers\u00e9 notre d\u00e9licate cha\u00eene nationale d&rsquo;approvisionnement en pr\u00e9parations pour nourrissons, et corriger le probl\u00e8me pr\u00e9sente de s\u00e9rieux d\u00e9fis. <\/p>\n<p>S&rsquo;il s&rsquo;agissait d&rsquo;un autre produit, on aurait peut-\u00eatre pu en importer rapidement davantage, mais nous sommes particuli\u00e8rement attentifs \u00e0 nos pr\u00e9parations pour nourrissons. La formule doit r\u00e9pondre aux normes nutritionnelles de la FDA et \u00e0 d&rsquo;autres exigences pour \u00eatre vendue ici. Alors que les marques europ\u00e9ennes de pr\u00e9parations pour nourrissons respectent ou d\u00e9passent g\u00e9n\u00e9ralement les exigences nutritionnelles de la FDA (\u00e0 tel point qu&rsquo;il existe un march\u00e9 noir pour les pr\u00e9parations \u00e9trang\u00e8res), l&#8217;emballage et d&rsquo;autres aspects des produits sont une autre histoire. <\/p>\n<p>  Le rappel et l\u2019approbation de la FDA ne sont qu\u2019une partie de l\u2019histoire \u2013 le reste est une question d\u2019\u00e9conomie.<\/p>\n<h2 id=\"tariffs-and-dairy-protection\"><strong>Tarifs et protection des produits laitiers<\/strong><\/h2>\n<p>Afin de prot\u00e9ger l&rsquo;industrie laiti\u00e8re am\u00e9ricaine et les fabricants am\u00e9ricains de pr\u00e9parations pour nourrissons, les droits de douane sur l&rsquo;importation de pr\u00e9parations pour nourrissons sont fix\u00e9s \u00e0 17,5 % pour la plupart des types de pr\u00e9parations pour nourrissons. L&rsquo;accord de l&rsquo;ALENA r\u00e9cemment remani\u00e9 a en fait augment\u00e9 le co\u00fbt de l&rsquo;importation de pr\u00e9parations pour nourrissons canadiennes, d\u00e9courageant quiconque de construire une nouvelle usine l\u00e0-bas et rendant co\u00fbteuse l&rsquo;importation de tout exc\u00e9dent des usines canadiennes. <\/p>\n<h2 id=\"light-at-the-end-of-the-tunnel\">La lumi\u00e8re au bout du tunnel ?<\/h2>\n<p>M\u00eame s&rsquo;il n&rsquo;est pas possible de modifier rapidement les tarifs, le gouvernement prend d&rsquo;autres mesures pour tenter de mettre fin \u00e0 la crise. La FDA a annonc\u00e9 cette semaine son intention d&rsquo;att\u00e9nuer la p\u00e9nurie en assouplissant certaines de ses r\u00e8gles (mais pas celles couvrant les besoins nutritionnels), et Abbot a annonc\u00e9 aujourd&rsquo;hui que ses installations devraient \u00eatre de nouveau en ligne, avec de nouvelles normes de s\u00e9curit\u00e9 en place, dans quelques semaines.<\/p>\n","protected":false},"excerpt":{"rendered":"<p>Malgr\u00e9 ce que vous lisez sur Facebook, Amazon au Canada ne peut pas r\u00e9soudre la p\u00e9nurie de pr\u00e9parations pour nourrissons aux \u00c9tats-Unis Alors que les<\/p>\n","protected":false},"author":1,"featured_media":3068,"comment_status":"","ping_status":"","sticky":false,"template":"","format":"standard","meta":{"footnotes":""},"categories":[37],"tags":[3770,3532,1899,3769,126,734,5,2287,4],"class_list":["post-3067","post","type-post","status-publish","format-standard","has-post-thumbnail","hentry","category-famille","tag-canada","tag-commander","tag-lait","tag-maternise","tag-pas","tag-pourquoi","tag-pouvez","tag-simplement","tag-vous","generate-columns","tablet-grid-50","mobile-grid-100","grid-parent","grid-33"],"yoast_head":"<!-- This site is optimized with the Yoast SEO plugin v24.0 - https:\/\/yoast.com\/wordpress\/plugins\/seo\/ -->\n<title>Pourquoi vous ne pouvez pas simplement commander du lait maternis\u00e9 au Canada | Vie Associative<\/title>\n<meta name=\"robots\" content=\"index, follow, max-snippet:-1, max-image-preview:large, max-video-preview:-1\" \/>\n<link rel=\"canonical\" href=\"https:\/\/vieassociative.be\/actualites\/pourquoi-vous-ne-pouvez-pas-simplement-commander-du-lait-maternise-au-canada\/\" \/>\n<meta property=\"og:locale\" content=\"fr_FR\" \/>\n<meta property=\"og:type\" content=\"article\" \/>\n<meta property=\"og:title\" content=\"Pourquoi vous ne pouvez pas simplement commander du lait maternis\u00e9 au Canada | Vie Associative\" \/>\n<meta property=\"og:description\" content=\"Malgr\u00e9 ce que vous lisez sur Facebook, Amazon au Canada ne peut pas r\u00e9soudre la p\u00e9nurie de pr\u00e9parations pour nourrissons aux \u00c9tats-Unis Alors que les\" \/>\n<meta property=\"og:url\" content=\"https:\/\/vieassociative.be\/actualites\/pourquoi-vous-ne-pouvez-pas-simplement-commander-du-lait-maternise-au-canada\/\" \/>\n<meta property=\"og:site_name\" content=\"Vie Associative\" \/>\n<meta property=\"article:published_time\" content=\"2024-12-04T23:18:39+00:00\" \/>\n<meta property=\"og:image\" content=\"https:\/\/vieassociative.be\/actualites\/wp-content\/uploads\/2024\/09\/header_backgroundk-01-e1726694325946.png\" \/>\n\t<meta property=\"og:image:width\" content=\"279\" \/>\n\t<meta property=\"og:image:height\" content=\"92\" \/>\n\t<meta property=\"og:image:type\" content=\"image\/png\" \/>\n<meta name=\"author\" content=\"Julien\" \/>\n<meta name=\"twitter:card\" content=\"summary_large_image\" \/>\n<meta name=\"twitter:label1\" content=\"\u00c9crit par\" \/>\n\t<meta name=\"twitter:data1\" content=\"Julien\" \/>\n\t<meta name=\"twitter:label2\" content=\"Dur\u00e9e de lecture est.\" \/>\n\t<meta name=\"twitter:data2\" content=\"3 minutes\" \/>\n<script type=\"application\/ld+json\" class=\"yoast-schema-graph\">{\"@context\":\"https:\/\/schema.org\",\"@graph\":[{\"@type\":\"Article\",\"@id\":\"https:\/\/vieassociative.be\/actualites\/pourquoi-vous-ne-pouvez-pas-simplement-commander-du-lait-maternise-au-canada\/#article\",\"isPartOf\":{\"@id\":\"https:\/\/vieassociative.be\/actualites\/pourquoi-vous-ne-pouvez-pas-simplement-commander-du-lait-maternise-au-canada\/\"},\"author\":{\"name\":\"Julien\",\"@id\":\"https:\/\/vieassociative.be\/actualites\/#\/schema\/person\/b87ac4f82f9d4e7b7cec7395b679edc4\"},\"headline\":\"Pourquoi vous ne pouvez pas simplement commander du lait maternis\u00e9 au Canada\",\"datePublished\":\"2024-12-04T23:18:39+00:00\",\"dateModified\":\"2024-12-04T23:18:39+00:00\",\"mainEntityOfPage\":{\"@id\":\"https:\/\/vieassociative.be\/actualites\/pourquoi-vous-ne-pouvez-pas-simplement-commander-du-lait-maternise-au-canada\/\"},\"wordCount\":682,\"publisher\":{\"@id\":\"https:\/\/vieassociative.be\/actualites\/#organization\"},\"image\":{\"@id\":\"https:\/\/vieassociative.be\/actualites\/pourquoi-vous-ne-pouvez-pas-simplement-commander-du-lait-maternise-au-canada\/#primaryimage\"},\"thumbnailUrl\":\"https:\/\/vieassociative.be\/actualites\/wp-content\/uploads\/2024\/12\/Pourquoi-vous-ne-pouvez-pas-simplement-commander-du-lait-maternise.jpg\",\"keywords\":[\"Canada\",\"commander\",\"lait\",\"maternis\u00e9\",\"pas\",\"Pourquoi\",\"pouvez\",\"simplement\",\"Vous\"],\"articleSection\":[\"Famille\"],\"inLanguage\":\"fr-BE\"},{\"@type\":\"WebPage\",\"@id\":\"https:\/\/vieassociative.be\/actualites\/pourquoi-vous-ne-pouvez-pas-simplement-commander-du-lait-maternise-au-canada\/\",\"url\":\"https:\/\/vieassociative.be\/actualites\/pourquoi-vous-ne-pouvez-pas-simplement-commander-du-lait-maternise-au-canada\/\",\"name\":\"Pourquoi vous ne pouvez pas simplement commander du lait maternis\u00e9 au Canada | Vie Associative\",\"isPartOf\":{\"@id\":\"https:\/\/vieassociative.be\/actualites\/#website\"},\"primaryImageOfPage\":{\"@id\":\"https:\/\/vieassociative.be\/actualites\/pourquoi-vous-ne-pouvez-pas-simplement-commander-du-lait-maternise-au-canada\/#primaryimage\"},\"image\":{\"@id\":\"https:\/\/vieassociative.be\/actualites\/pourquoi-vous-ne-pouvez-pas-simplement-commander-du-lait-maternise-au-canada\/#primaryimage\"},\"thumbnailUrl\":\"https:\/\/vieassociative.be\/actualites\/wp-content\/uploads\/2024\/12\/Pourquoi-vous-ne-pouvez-pas-simplement-commander-du-lait-maternise.jpg\",\"datePublished\":\"2024-12-04T23:18:39+00:00\",\"dateModified\":\"2024-12-04T23:18:39+00:00\",\"breadcrumb\":{\"@id\":\"https:\/\/vieassociative.be\/actualites\/pourquoi-vous-ne-pouvez-pas-simplement-commander-du-lait-maternise-au-canada\/#breadcrumb\"},\"inLanguage\":\"fr-BE\",\"potentialAction\":[{\"@type\":\"ReadAction\",\"target\":[\"https:\/\/vieassociative.be\/actualites\/pourquoi-vous-ne-pouvez-pas-simplement-commander-du-lait-maternise-au-canada\/\"]}]},{\"@type\":\"ImageObject\",\"inLanguage\":\"fr-BE\",\"@id\":\"https:\/\/vieassociative.be\/actualites\/pourquoi-vous-ne-pouvez-pas-simplement-commander-du-lait-maternise-au-canada\/#primaryimage\",\"url\":\"https:\/\/vieassociative.be\/actualites\/wp-content\/uploads\/2024\/12\/Pourquoi-vous-ne-pouvez-pas-simplement-commander-du-lait-maternise.jpg\",\"contentUrl\":\"https:\/\/vieassociative.be\/actualites\/wp-content\/uploads\/2024\/12\/Pourquoi-vous-ne-pouvez-pas-simplement-commander-du-lait-maternise.jpg\",\"width\":1200,\"height\":675,\"caption\":\"Pourquoi vous ne pouvez pas simplement commander du lait maternis\u00e9 au Canada\"},{\"@type\":\"BreadcrumbList\",\"@id\":\"https:\/\/vieassociative.be\/actualites\/pourquoi-vous-ne-pouvez-pas-simplement-commander-du-lait-maternise-au-canada\/#breadcrumb\",\"itemListElement\":[{\"@type\":\"ListItem\",\"position\":1,\"name\":\"Accueil\",\"item\":\"https:\/\/vieassociative.be\/actualites\/\"},{\"@type\":\"ListItem\",\"position\":2,\"name\":\"Pourquoi vous ne pouvez pas simplement commander du lait maternis\u00e9 au Canada\"}]},{\"@type\":\"WebSite\",\"@id\":\"https:\/\/vieassociative.be\/actualites\/#website\",\"url\":\"https:\/\/vieassociative.be\/actualites\/\",\"name\":\"Vie Associative\",\"description\":\"\",\"publisher\":{\"@id\":\"https:\/\/vieassociative.be\/actualites\/#organization\"},\"potentialAction\":[{\"@type\":\"SearchAction\",\"target\":{\"@type\":\"EntryPoint\",\"urlTemplate\":\"https:\/\/vieassociative.be\/actualites\/?s={search_term_string}\"},\"query-input\":{\"@type\":\"PropertyValueSpecification\",\"valueRequired\":true,\"valueName\":\"search_term_string\"}}],\"inLanguage\":\"fr-BE\"},{\"@type\":\"Organization\",\"@id\":\"https:\/\/vieassociative.be\/actualites\/#organization\",\"name\":\"Vie Associative\",\"url\":\"https:\/\/vieassociative.be\/actualites\/\",\"logo\":{\"@type\":\"ImageObject\",\"inLanguage\":\"fr-BE\",\"@id\":\"https:\/\/vieassociative.be\/actualites\/#\/schema\/logo\/image\/\",\"url\":\"https:\/\/vieassociative.be\/actualites\/wp-content\/uploads\/2024\/09\/cropped-vieassociative_favicon.ico.png\",\"contentUrl\":\"https:\/\/vieassociative.be\/actualites\/wp-content\/uploads\/2024\/09\/cropped-vieassociative_favicon.ico.png\",\"width\":512,\"height\":512,\"caption\":\"Vie Associative\"},\"image\":{\"@id\":\"https:\/\/vieassociative.be\/actualites\/#\/schema\/logo\/image\/\"}},{\"@type\":\"Person\",\"@id\":\"https:\/\/vieassociative.be\/actualites\/#\/schema\/person\/b87ac4f82f9d4e7b7cec7395b679edc4\",\"name\":\"Julien\",\"image\":{\"@type\":\"ImageObject\",\"inLanguage\":\"fr-BE\",\"@id\":\"https:\/\/vieassociative.be\/actualites\/#\/schema\/person\/image\/\",\"url\":\"https:\/\/vieassociative.be\/actualites\/wp-content\/uploads\/2024\/09\/vie-associative-1-150x150.jpg\",\"contentUrl\":\"https:\/\/vieassociative.be\/actualites\/wp-content\/uploads\/2024\/09\/vie-associative-1-150x150.jpg\",\"caption\":\"Julien\"},\"description\":\"Je suis Julien, r\u00e9dacteur pour Vie Associative. Passionn\u00e9 par le monde associatif depuis plus de 10 ans, j'ai \u00e0 c\u0153ur de partager des histoires inspirantes et de mettre en lumi\u00e8re les initiatives locales. Mon objectif est de sensibiliser et d'encourager l'engagement communautaire \u00e0 travers mes articles.\",\"sameAs\":[\"https:\/\/vieassociative.be\/\"]}]}<\/script>\n<!-- \/ Yoast SEO plugin. -->","yoast_head_json":{"title":"Pourquoi vous ne pouvez pas simplement commander du lait maternis\u00e9 au Canada | Vie Associative","robots":{"index":"index","follow":"follow","max-snippet":"max-snippet:-1","max-image-preview":"max-image-preview:large","max-video-preview":"max-video-preview:-1"},"canonical":"https:\/\/vieassociative.be\/actualites\/pourquoi-vous-ne-pouvez-pas-simplement-commander-du-lait-maternise-au-canada\/","og_locale":"fr_FR","og_type":"article","og_title":"Pourquoi vous ne pouvez pas simplement commander du lait maternis\u00e9 au Canada | Vie Associative","og_description":"Malgr\u00e9 ce que vous lisez sur Facebook, Amazon au Canada ne peut pas r\u00e9soudre la p\u00e9nurie de pr\u00e9parations pour nourrissons aux \u00c9tats-Unis Alors que les","og_url":"https:\/\/vieassociative.be\/actualites\/pourquoi-vous-ne-pouvez-pas-simplement-commander-du-lait-maternise-au-canada\/","og_site_name":"Vie Associative","article_published_time":"2024-12-04T23:18:39+00:00","og_image":[{"width":279,"height":92,"url":"https:\/\/vieassociative.be\/actualites\/wp-content\/uploads\/2024\/09\/header_backgroundk-01-e1726694325946.png","type":"image\/png"}],"author":"Julien","twitter_card":"summary_large_image","twitter_misc":{"\u00c9crit par":"Julien","Dur\u00e9e de lecture est.":"3 minutes"},"schema":{"@context":"https:\/\/schema.org","@graph":[{"@type":"Article","@id":"https:\/\/vieassociative.be\/actualites\/pourquoi-vous-ne-pouvez-pas-simplement-commander-du-lait-maternise-au-canada\/#article","isPartOf":{"@id":"https:\/\/vieassociative.be\/actualites\/pourquoi-vous-ne-pouvez-pas-simplement-commander-du-lait-maternise-au-canada\/"},"author":{"name":"Julien","@id":"https:\/\/vieassociative.be\/actualites\/#\/schema\/person\/b87ac4f82f9d4e7b7cec7395b679edc4"},"headline":"Pourquoi vous ne pouvez pas simplement commander du lait maternis\u00e9 au Canada","datePublished":"2024-12-04T23:18:39+00:00","dateModified":"2024-12-04T23:18:39+00:00","mainEntityOfPage":{"@id":"https:\/\/vieassociative.be\/actualites\/pourquoi-vous-ne-pouvez-pas-simplement-commander-du-lait-maternise-au-canada\/"},"wordCount":682,"publisher":{"@id":"https:\/\/vieassociative.be\/actualites\/#organization"},"image":{"@id":"https:\/\/vieassociative.be\/actualites\/pourquoi-vous-ne-pouvez-pas-simplement-commander-du-lait-maternise-au-canada\/#primaryimage"},"thumbnailUrl":"https:\/\/vieassociative.be\/actualites\/wp-content\/uploads\/2024\/12\/Pourquoi-vous-ne-pouvez-pas-simplement-commander-du-lait-maternise.jpg","keywords":["Canada","commander","lait","maternis\u00e9","pas","Pourquoi","pouvez","simplement","Vous"],"articleSection":["Famille"],"inLanguage":"fr-BE"},{"@type":"WebPage","@id":"https:\/\/vieassociative.be\/actualites\/pourquoi-vous-ne-pouvez-pas-simplement-commander-du-lait-maternise-au-canada\/","url":"https:\/\/vieassociative.be\/actualites\/pourquoi-vous-ne-pouvez-pas-simplement-commander-du-lait-maternise-au-canada\/","name":"Pourquoi vous ne pouvez pas simplement commander du lait maternis\u00e9 au Canada | Vie Associative","isPartOf":{"@id":"https:\/\/vieassociative.be\/actualites\/#website"},"primaryImageOfPage":{"@id":"https:\/\/vieassociative.be\/actualites\/pourquoi-vous-ne-pouvez-pas-simplement-commander-du-lait-maternise-au-canada\/#primaryimage"},"image":{"@id":"https:\/\/vieassociative.be\/actualites\/pourquoi-vous-ne-pouvez-pas-simplement-commander-du-lait-maternise-au-canada\/#primaryimage"},"thumbnailUrl":"https:\/\/vieassociative.be\/actualites\/wp-content\/uploads\/2024\/12\/Pourquoi-vous-ne-pouvez-pas-simplement-commander-du-lait-maternise.jpg","datePublished":"2024-12-04T23:18:39+00:00","dateModified":"2024-12-04T23:18:39+00:00","breadcrumb":{"@id":"https:\/\/vieassociative.be\/actualites\/pourquoi-vous-ne-pouvez-pas-simplement-commander-du-lait-maternise-au-canada\/#breadcrumb"},"inLanguage":"fr-BE","potentialAction":[{"@type":"ReadAction","target":["https:\/\/vieassociative.be\/actualites\/pourquoi-vous-ne-pouvez-pas-simplement-commander-du-lait-maternise-au-canada\/"]}]},{"@type":"ImageObject","inLanguage":"fr-BE","@id":"https:\/\/vieassociative.be\/actualites\/pourquoi-vous-ne-pouvez-pas-simplement-commander-du-lait-maternise-au-canada\/#primaryimage","url":"https:\/\/vieassociative.be\/actualites\/wp-content\/uploads\/2024\/12\/Pourquoi-vous-ne-pouvez-pas-simplement-commander-du-lait-maternise.jpg","contentUrl":"https:\/\/vieassociative.be\/actualites\/wp-content\/uploads\/2024\/12\/Pourquoi-vous-ne-pouvez-pas-simplement-commander-du-lait-maternise.jpg","width":1200,"height":675,"caption":"Pourquoi vous ne pouvez pas simplement commander du lait maternis\u00e9 au Canada"},{"@type":"BreadcrumbList","@id":"https:\/\/vieassociative.be\/actualites\/pourquoi-vous-ne-pouvez-pas-simplement-commander-du-lait-maternise-au-canada\/#breadcrumb","itemListElement":[{"@type":"ListItem","position":1,"name":"Accueil","item":"https:\/\/vieassociative.be\/actualites\/"},{"@type":"ListItem","position":2,"name":"Pourquoi vous ne pouvez pas simplement commander du lait maternis\u00e9 au Canada"}]},{"@type":"WebSite","@id":"https:\/\/vieassociative.be\/actualites\/#website","url":"https:\/\/vieassociative.be\/actualites\/","name":"Vie Associative","description":"","publisher":{"@id":"https:\/\/vieassociative.be\/actualites\/#organization"},"potentialAction":[{"@type":"SearchAction","target":{"@type":"EntryPoint","urlTemplate":"https:\/\/vieassociative.be\/actualites\/?s={search_term_string}"},"query-input":{"@type":"PropertyValueSpecification","valueRequired":true,"valueName":"search_term_string"}}],"inLanguage":"fr-BE"},{"@type":"Organization","@id":"https:\/\/vieassociative.be\/actualites\/#organization","name":"Vie Associative","url":"https:\/\/vieassociative.be\/actualites\/","logo":{"@type":"ImageObject","inLanguage":"fr-BE","@id":"https:\/\/vieassociative.be\/actualites\/#\/schema\/logo\/image\/","url":"https:\/\/vieassociative.be\/actualites\/wp-content\/uploads\/2024\/09\/cropped-vieassociative_favicon.ico.png","contentUrl":"https:\/\/vieassociative.be\/actualites\/wp-content\/uploads\/2024\/09\/cropped-vieassociative_favicon.ico.png","width":512,"height":512,"caption":"Vie Associative"},"image":{"@id":"https:\/\/vieassociative.be\/actualites\/#\/schema\/logo\/image\/"}},{"@type":"Person","@id":"https:\/\/vieassociative.be\/actualites\/#\/schema\/person\/b87ac4f82f9d4e7b7cec7395b679edc4","name":"Julien","image":{"@type":"ImageObject","inLanguage":"fr-BE","@id":"https:\/\/vieassociative.be\/actualites\/#\/schema\/person\/image\/","url":"https:\/\/vieassociative.be\/actualites\/wp-content\/uploads\/2024\/09\/vie-associative-1-150x150.jpg","contentUrl":"https:\/\/vieassociative.be\/actualites\/wp-content\/uploads\/2024\/09\/vie-associative-1-150x150.jpg","caption":"Julien"},"description":"Je suis Julien, r\u00e9dacteur pour Vie Associative. Passionn\u00e9 par le monde associatif depuis plus de 10 ans, j'ai \u00e0 c\u0153ur de partager des histoires inspirantes et de mettre en lumi\u00e8re les initiatives locales. Mon objectif est de sensibiliser et d'encourager l'engagement communautaire \u00e0 travers mes articles.","sameAs":["https:\/\/vieassociative.be\/"]}]}},"_links":{"self":[{"href":"https:\/\/vieassociative.be\/actualites\/wp-json\/wp\/v2\/posts\/3067"}],"collection":[{"href":"https:\/\/vieassociative.be\/actualites\/wp-json\/wp\/v2\/posts"}],"about":[{"href":"https:\/\/vieassociative.be\/actualites\/wp-json\/wp\/v2\/types\/post"}],"author":[{"embeddable":true,"href":"https:\/\/vieassociative.be\/actualites\/wp-json\/wp\/v2\/users\/1"}],"replies":[{"embeddable":true,"href":"https:\/\/vieassociative.be\/actualites\/wp-json\/wp\/v2\/comments?post=3067"}],"version-history":[{"count":0,"href":"https:\/\/vieassociative.be\/actualites\/wp-json\/wp\/v2\/posts\/3067\/revisions"}],"wp:featuredmedia":[{"embeddable":true,"href":"https:\/\/vieassociative.be\/actualites\/wp-json\/wp\/v2\/media\/3068"}],"wp:attachment":[{"href":"https:\/\/vieassociative.be\/actualites\/wp-json\/wp\/v2\/media?parent=3067"}],"wp:term":[{"taxonomy":"category","embeddable":true,"href":"https:\/\/vieassociative.be\/actualites\/wp-json\/wp\/v2\/categories?post=3067"},{"taxonomy":"post_tag","embeddable":true,"href":"https:\/\/vieassociative.be\/actualites\/wp-json\/wp\/v2\/tags?post=3067"}],"curies":[{"name":"wp","href":"https:\/\/api.w.org\/{rel}","templated":true}]}}