{"id":3058,"date":"2024-12-04T18:17:26","date_gmt":"2024-12-04T17:17:26","guid":{"rendered":"https:\/\/vieassociative.be\/actualites\/comment-elsa-a-appris-a-mes-enfants-a-apprivoiser-leurs-crises-de-colere-et-a-faire-des-corvees\/"},"modified":"2024-12-04T18:17:26","modified_gmt":"2024-12-04T17:17:26","slug":"comment-elsa-a-appris-a-mes-enfants-a-apprivoiser-leurs-crises-de-colere-et-a-faire-des-corvees","status":"publish","type":"post","link":"https:\/\/vieassociative.be\/actualites\/comment-elsa-a-appris-a-mes-enfants-a-apprivoiser-leurs-crises-de-colere-et-a-faire-des-corvees\/","title":{"rendered":"Comment Elsa a appris \u00e0 mes enfants \u00e0 apprivoiser leurs crises de col\u00e8re (et \u00e0 faire des corv\u00e9es)"},"content":{"rendered":"<div class=\"mt-4 leading-6 md:mb-8\">Le h\u00e9ros de Frozen est venu \u00e0 mon secours pour g\u00e9rer les grands sentiments d&rsquo;une nouvelle mani\u00e8re.<\/div>\n<p><\/p>\n<p>J&rsquo;ai r\u00e9cemment r\u00e9alis\u00e9 que j&rsquo;avais interpr\u00e9t\u00e9 le grand num\u00e9ro d&rsquo;Elsa \u00ab\u00a0Let It Go\u00a0\u00bb de <em>Congel\u00e9<\/em> incorrectement ces derni\u00e8res ann\u00e9es lorsqu&rsquo;il s&rsquo;agit de mes enfants et de les aider \u00e0 g\u00e9rer (ou non) leurs grandes \u00e9motions. J&rsquo;ai finalement \u00e9t\u00e9 frapp\u00e9 par le fait que la chanson est <em>pas<\/em> sur \u00e0 quel point il est formidable d&rsquo;exprimer ses \u00e9motions, mais que je pourrais toujours utiliser Elsa pour aider mes enfants \u00e0 mieux contr\u00f4ler leurs \u00e9motions, \u00e9viter les crises de col\u00e8re \u00e9piques et rattraper les m\u00e9faits du pass\u00e9.<\/p>\n<p>Avant cette r\u00e9v\u00e9lation, mes enfants ont eu une semaine difficile. Mon fils a peut-\u00eatre d\u00fb ou non prendre un jour de cong\u00e9 \u00e0 la maternelle la semaine derni\u00e8re en raison de\u2026 une temp\u00eate d&rsquo;\u00e9motions (et de certaines actions violentes qu&rsquo;il a pu commettre en cons\u00e9quence). Quelques jours plus tard, ma fille a re\u00e7u la pluie au parc et s&rsquo;est mise \u00e0 crier comme l&rsquo;autre c\u00e9l\u00e8bre personnage d&rsquo;Idina Menzel (la m\u00e9chante sorci\u00e8re de l&rsquo;ouest, Elphaba de <em>M\u00e9chant), <\/em>fondre lorsqu&rsquo;on l&rsquo;asperge d&rsquo;eau. Quand je lui ai dit qu&rsquo;elle l&rsquo;\u00e9tait <em>pas<\/em> va fondre, elle m&rsquo;a mordu.<\/p>\n<p>G\u00e9rer ces petites personnes et leurs grands sentiments \u00e9tait \u00e9puisant et un peu embarrassant. J\u2019avais du mal \u00e0 continuer et j\u2019avais d\u00e9sesp\u00e9r\u00e9ment besoin d\u2019une solution cr\u00e9ative. Alors que nous fuyons l&rsquo;averse dans la voiture, \u00ab Let It Go \u00bb est apparu sur la liste de lecture al\u00e9atoire de mes enfants, et j&rsquo;ai vu la chanson sous un nouveau jour. Ce n\u2019est pas un triomphe et une libert\u00e9 d\u2019expression ; c&rsquo;est un d\u00e9sastre environnemental. Elsa a g\u00e2ch\u00e9 un festival d&rsquo;\u00e9t\u00e9, rompu plusieurs accords commerciaux, probablement g\u00e2ch\u00e9 les r\u00e9coltes de son pays et aurait pu tuer des gens morts de froid dans la temp\u00eate soudaine ou \u00e9craser leur buggy sur les routes verglac\u00e9es.<\/p>\n<h2 id=\"a-little-frozen-refresher\">Un peu <em>Congel\u00e9<\/em> remise \u00e0 niveau<\/h2>\n<p>Si vous n&rsquo;avez pas regard\u00e9 le film en boucle ces derni\u00e8res ann\u00e9es (heureusement), voici un petit rappel\u00a0: le film commence avec la magique Elsa qui poss\u00e8de des pouvoirs de glace qui semblent se renforcer avec ses \u00e9motions. Apr\u00e8s avoir bless\u00e9 sa s\u0153ur cadette non magique, Anna, les parents d&rsquo;Elsa disent \u00e0 Elsa de \u00ab cacher, de ne pas ressentir \u00bb ses \u00e9motions et de ne pas laisser appara\u00eetre ses pouvoirs ou ses sentiments. Pendant des ann\u00e9es, Elsa garde ses \u00e9motions, bonnes et mauvaises, enferm\u00e9es \u00e0 l&rsquo;int\u00e9rieur jusqu&rsquo;au jour o\u00f9 elle explose, laisse sortir tous ses sentiments, g\u00e8le le royaume d&rsquo;Arendelle malgr\u00e9 le fait que c&rsquo;est l&rsquo;\u00e9t\u00e9 et s&rsquo;enferme dans un palais de glace loin du monde. . <\/p>\n<p>Anna supplie Elsa de d\u00e9geler Arendelle, mais Elsa ne sait pas comment. Anna faillit mourir en essayant de sauver le royaume et sa s\u0153ur jusqu&rsquo;\u00e0 ce qu&rsquo;Elsa se rende compte que sa s\u0153ur l&rsquo;aime et croit en elle. Le royaume d&rsquo;Elsa ne l&rsquo;a pas abandonn\u00e9e ni d\u00e9cid\u00e9 qu&rsquo;elle est un monstre \u00e0 cause de ses pouvoirs. Bien attach\u00e9e, Elsa fait fondre la neige avec le pouvoir de l&rsquo;amour. Elle est capable de contr\u00f4ler ses pouvoirs. <\/p>\n<h2 id=\"what-elsa-can-teach-our-kids-about-managing-their-emotions\"><strong>Ce qu&rsquo;Elsa peut apprendre \u00e0 nos enfants sur la gestion de leurs \u00e9motions<\/strong><\/h2>\n<p>J&rsquo;ai fait asseoir les enfants \u00e0 la table de la cuisine. Les \u00e9motions fortes s&rsquo;\u00e9taient poursuivies sans rel\u00e2che tout au long du week-end et j&rsquo;\u00e9tais maintenant pr\u00eat avec un nouveau plan.<\/p>\n<p>\u00ab Vous avez eu beaucoup de sentiments intenses, \u00bb dis-je, \u00ab et les gens ont \u00e9t\u00e9 bless\u00e9s. Je ne veux pas que tu sois comme Elsa au d\u00e9but du film et que tu caches tes sentiments. Mais tout ce \u00ab laisser tomber \u00bb cr\u00e9e un v\u00e9ritable g\u00e2chis. L\u2019\u00e9t\u00e9 est g\u00e2ch\u00e9 pour tout Arendelle. <\/p>\n<p>Je sais que tous les enfants ne comprennent pas les m\u00e9taphores, mais le mien a hoch\u00e9 la t\u00eate. <\/p>\n<p>Nous avons racont\u00e9 la fin du film. Ma fille a parl\u00e9 d&rsquo;Elsa utilisant ses \u00ab capacit\u00e9s de calmement \u00bb pour contr\u00f4ler ses pouvoirs et mon fils a parl\u00e9 d&rsquo;Elsa r\u00e9alisant que les gens l&rsquo;aimaient et \u00e0 quel point savoir que cela lui permettait de d\u00e9geler son royaume. <\/p>\n<p>\u00abJe vous aime infiniment, m\u00eame lorsque vous passez de mauvais jours\u00bb, leur ai-je dit. \u00abJe ne dis pas \u00e7a pour te faire honte ou pour te dire que tu es mauvais. Tu n&rsquo;es pas mauvais. Tu es tr\u00e8s bon. Mais vous avez caus\u00e9 du mal. Nous devons aider \u00e0 faire fondre Arendelle. J&rsquo;ai propos\u00e9 certaines choses que nous allons faire pour nous entraider et aider votre communaut\u00e9. <\/p>\n<p>J&rsquo;ai sorti un tableau blanc avec un programme \u00e9crit pour les deux prochains jours : au lieu du \u00ab temps m\u00e9diatique \u00bb, il y avait du temps pour les corv\u00e9es et du temps pour ma fille pour lire \u00e0 mon fils (en plus des heures habituelles de collation, de lecture en famille). et routines du coucher).<\/p>\n<p>Mes enfants ont accept\u00e9 leur sort et, m\u00eame s&rsquo;ils ont continu\u00e9 \u00e0 \u00e9prouver de grands sentiments dans les jours qui ont suivi, ils n&rsquo;ont pas laiss\u00e9 la temp\u00eate faire rage autant qu&rsquo;avant.<\/p>\n","protected":false},"excerpt":{"rendered":"<p>Le h\u00e9ros de Frozen est venu \u00e0 mon secours pour g\u00e9rer les grands sentiments d&rsquo;une nouvelle mani\u00e8re. J&rsquo;ai r\u00e9cemment r\u00e9alis\u00e9 que j&rsquo;avais interpr\u00e9t\u00e9 le grand<\/p>\n","protected":false},"author":1,"featured_media":3059,"comment_status":"","ping_status":"","sticky":false,"template":"","format":"standard","meta":{"footnotes":""},"categories":[37],"tags":[3765,3766,2363,44,3767,3114,29,3764,324,127,845,87],"class_list":["post-3058","post","type-post","status-publish","format-standard","has-post-thumbnail","hentry","category-famille","tag-appris","tag-apprivoiser","tag-colere","tag-comment","tag-corvees","tag-crises","tag-des","tag-elsa","tag-enfants","tag-faire","tag-leurs","tag-mes","generate-columns","tablet-grid-50","mobile-grid-100","grid-parent","grid-33"],"yoast_head":"<!-- This site is optimized with the Yoast SEO plugin v24.0 - https:\/\/yoast.com\/wordpress\/plugins\/seo\/ -->\n<title>Comment Elsa a appris \u00e0 mes enfants \u00e0 apprivoiser leurs crises de col\u00e8re (et \u00e0 faire des corv\u00e9es) | Vie Associative<\/title>\n<meta name=\"robots\" content=\"index, follow, max-snippet:-1, max-image-preview:large, max-video-preview:-1\" \/>\n<link rel=\"canonical\" href=\"https:\/\/vieassociative.be\/actualites\/comment-elsa-a-appris-a-mes-enfants-a-apprivoiser-leurs-crises-de-colere-et-a-faire-des-corvees\/\" \/>\n<meta property=\"og:locale\" content=\"fr_FR\" \/>\n<meta property=\"og:type\" content=\"article\" \/>\n<meta property=\"og:title\" content=\"Comment Elsa a appris \u00e0 mes enfants \u00e0 apprivoiser leurs crises de col\u00e8re (et \u00e0 faire des corv\u00e9es) | Vie Associative\" \/>\n<meta property=\"og:description\" content=\"Le h\u00e9ros de Frozen est venu \u00e0 mon secours pour g\u00e9rer les grands sentiments d&rsquo;une nouvelle mani\u00e8re. J&rsquo;ai r\u00e9cemment r\u00e9alis\u00e9 que j&rsquo;avais interpr\u00e9t\u00e9 le grand\" \/>\n<meta property=\"og:url\" content=\"https:\/\/vieassociative.be\/actualites\/comment-elsa-a-appris-a-mes-enfants-a-apprivoiser-leurs-crises-de-colere-et-a-faire-des-corvees\/\" \/>\n<meta property=\"og:site_name\" content=\"Vie Associative\" \/>\n<meta property=\"article:published_time\" content=\"2024-12-04T17:17:26+00:00\" \/>\n<meta property=\"og:image\" content=\"https:\/\/vieassociative.be\/actualites\/wp-content\/uploads\/2024\/09\/header_backgroundk-01-e1726694325946.png\" \/>\n\t<meta property=\"og:image:width\" content=\"279\" \/>\n\t<meta property=\"og:image:height\" content=\"92\" \/>\n\t<meta property=\"og:image:type\" content=\"image\/png\" \/>\n<meta name=\"author\" content=\"Julien\" \/>\n<meta name=\"twitter:card\" content=\"summary_large_image\" \/>\n<meta name=\"twitter:label1\" content=\"\u00c9crit par\" \/>\n\t<meta name=\"twitter:data1\" content=\"Julien\" \/>\n\t<meta name=\"twitter:label2\" content=\"Dur\u00e9e de lecture est.\" \/>\n\t<meta name=\"twitter:data2\" content=\"4 minutes\" \/>\n<script type=\"application\/ld+json\" class=\"yoast-schema-graph\">{\"@context\":\"https:\/\/schema.org\",\"@graph\":[{\"@type\":\"Article\",\"@id\":\"https:\/\/vieassociative.be\/actualites\/comment-elsa-a-appris-a-mes-enfants-a-apprivoiser-leurs-crises-de-colere-et-a-faire-des-corvees\/#article\",\"isPartOf\":{\"@id\":\"https:\/\/vieassociative.be\/actualites\/comment-elsa-a-appris-a-mes-enfants-a-apprivoiser-leurs-crises-de-colere-et-a-faire-des-corvees\/\"},\"author\":{\"name\":\"Julien\",\"@id\":\"https:\/\/vieassociative.be\/actualites\/#\/schema\/person\/b87ac4f82f9d4e7b7cec7395b679edc4\"},\"headline\":\"Comment Elsa a appris \u00e0 mes enfants \u00e0 apprivoiser leurs crises de col\u00e8re (et \u00e0 faire des corv\u00e9es)\",\"datePublished\":\"2024-12-04T17:17:26+00:00\",\"dateModified\":\"2024-12-04T17:17:26+00:00\",\"mainEntityOfPage\":{\"@id\":\"https:\/\/vieassociative.be\/actualites\/comment-elsa-a-appris-a-mes-enfants-a-apprivoiser-leurs-crises-de-colere-et-a-faire-des-corvees\/\"},\"wordCount\":936,\"publisher\":{\"@id\":\"https:\/\/vieassociative.be\/actualites\/#organization\"},\"image\":{\"@id\":\"https:\/\/vieassociative.be\/actualites\/comment-elsa-a-appris-a-mes-enfants-a-apprivoiser-leurs-crises-de-colere-et-a-faire-des-corvees\/#primaryimage\"},\"thumbnailUrl\":\"https:\/\/vieassociative.be\/actualites\/wp-content\/uploads\/2024\/12\/Comment-Elsa-a-appris-a-mes-enfants-a-apprivoiser-leurs.png\",\"keywords\":[\"appris\",\"apprivoiser\",\"col\u00e8re\",\"Comment\",\"corv\u00e9es\",\"crises\",\"Des\",\"Elsa\",\"enfants\",\"faire\",\"leurs\",\"Mes\"],\"articleSection\":[\"Famille\"],\"inLanguage\":\"fr-BE\"},{\"@type\":\"WebPage\",\"@id\":\"https:\/\/vieassociative.be\/actualites\/comment-elsa-a-appris-a-mes-enfants-a-apprivoiser-leurs-crises-de-colere-et-a-faire-des-corvees\/\",\"url\":\"https:\/\/vieassociative.be\/actualites\/comment-elsa-a-appris-a-mes-enfants-a-apprivoiser-leurs-crises-de-colere-et-a-faire-des-corvees\/\",\"name\":\"Comment Elsa a appris \u00e0 mes enfants \u00e0 apprivoiser leurs crises de col\u00e8re (et \u00e0 faire des corv\u00e9es) | Vie Associative\",\"isPartOf\":{\"@id\":\"https:\/\/vieassociative.be\/actualites\/#website\"},\"primaryImageOfPage\":{\"@id\":\"https:\/\/vieassociative.be\/actualites\/comment-elsa-a-appris-a-mes-enfants-a-apprivoiser-leurs-crises-de-colere-et-a-faire-des-corvees\/#primaryimage\"},\"image\":{\"@id\":\"https:\/\/vieassociative.be\/actualites\/comment-elsa-a-appris-a-mes-enfants-a-apprivoiser-leurs-crises-de-colere-et-a-faire-des-corvees\/#primaryimage\"},\"thumbnailUrl\":\"https:\/\/vieassociative.be\/actualites\/wp-content\/uploads\/2024\/12\/Comment-Elsa-a-appris-a-mes-enfants-a-apprivoiser-leurs.png\",\"datePublished\":\"2024-12-04T17:17:26+00:00\",\"dateModified\":\"2024-12-04T17:17:26+00:00\",\"breadcrumb\":{\"@id\":\"https:\/\/vieassociative.be\/actualites\/comment-elsa-a-appris-a-mes-enfants-a-apprivoiser-leurs-crises-de-colere-et-a-faire-des-corvees\/#breadcrumb\"},\"inLanguage\":\"fr-BE\",\"potentialAction\":[{\"@type\":\"ReadAction\",\"target\":[\"https:\/\/vieassociative.be\/actualites\/comment-elsa-a-appris-a-mes-enfants-a-apprivoiser-leurs-crises-de-colere-et-a-faire-des-corvees\/\"]}]},{\"@type\":\"ImageObject\",\"inLanguage\":\"fr-BE\",\"@id\":\"https:\/\/vieassociative.be\/actualites\/comment-elsa-a-appris-a-mes-enfants-a-apprivoiser-leurs-crises-de-colere-et-a-faire-des-corvees\/#primaryimage\",\"url\":\"https:\/\/vieassociative.be\/actualites\/wp-content\/uploads\/2024\/12\/Comment-Elsa-a-appris-a-mes-enfants-a-apprivoiser-leurs.png\",\"contentUrl\":\"https:\/\/vieassociative.be\/actualites\/wp-content\/uploads\/2024\/12\/Comment-Elsa-a-appris-a-mes-enfants-a-apprivoiser-leurs.png\",\"width\":1199,\"height\":675,\"caption\":\"Comment Elsa a appris \u00e0 mes enfants \u00e0 apprivoiser leurs crises de col\u00e8re (et \u00e0 faire des corv\u00e9es)\"},{\"@type\":\"BreadcrumbList\",\"@id\":\"https:\/\/vieassociative.be\/actualites\/comment-elsa-a-appris-a-mes-enfants-a-apprivoiser-leurs-crises-de-colere-et-a-faire-des-corvees\/#breadcrumb\",\"itemListElement\":[{\"@type\":\"ListItem\",\"position\":1,\"name\":\"Accueil\",\"item\":\"https:\/\/vieassociative.be\/actualites\/\"},{\"@type\":\"ListItem\",\"position\":2,\"name\":\"Comment Elsa a appris \u00e0 mes enfants \u00e0 apprivoiser leurs crises de col\u00e8re (et \u00e0 faire des corv\u00e9es)\"}]},{\"@type\":\"WebSite\",\"@id\":\"https:\/\/vieassociative.be\/actualites\/#website\",\"url\":\"https:\/\/vieassociative.be\/actualites\/\",\"name\":\"Vie Associative\",\"description\":\"\",\"publisher\":{\"@id\":\"https:\/\/vieassociative.be\/actualites\/#organization\"},\"potentialAction\":[{\"@type\":\"SearchAction\",\"target\":{\"@type\":\"EntryPoint\",\"urlTemplate\":\"https:\/\/vieassociative.be\/actualites\/?s={search_term_string}\"},\"query-input\":{\"@type\":\"PropertyValueSpecification\",\"valueRequired\":true,\"valueName\":\"search_term_string\"}}],\"inLanguage\":\"fr-BE\"},{\"@type\":\"Organization\",\"@id\":\"https:\/\/vieassociative.be\/actualites\/#organization\",\"name\":\"Vie Associative\",\"url\":\"https:\/\/vieassociative.be\/actualites\/\",\"logo\":{\"@type\":\"ImageObject\",\"inLanguage\":\"fr-BE\",\"@id\":\"https:\/\/vieassociative.be\/actualites\/#\/schema\/logo\/image\/\",\"url\":\"https:\/\/vieassociative.be\/actualites\/wp-content\/uploads\/2024\/09\/cropped-vieassociative_favicon.ico.png\",\"contentUrl\":\"https:\/\/vieassociative.be\/actualites\/wp-content\/uploads\/2024\/09\/cropped-vieassociative_favicon.ico.png\",\"width\":512,\"height\":512,\"caption\":\"Vie Associative\"},\"image\":{\"@id\":\"https:\/\/vieassociative.be\/actualites\/#\/schema\/logo\/image\/\"}},{\"@type\":\"Person\",\"@id\":\"https:\/\/vieassociative.be\/actualites\/#\/schema\/person\/b87ac4f82f9d4e7b7cec7395b679edc4\",\"name\":\"Julien\",\"image\":{\"@type\":\"ImageObject\",\"inLanguage\":\"fr-BE\",\"@id\":\"https:\/\/vieassociative.be\/actualites\/#\/schema\/person\/image\/\",\"url\":\"https:\/\/vieassociative.be\/actualites\/wp-content\/uploads\/2024\/09\/vie-associative-1-150x150.jpg\",\"contentUrl\":\"https:\/\/vieassociative.be\/actualites\/wp-content\/uploads\/2024\/09\/vie-associative-1-150x150.jpg\",\"caption\":\"Julien\"},\"description\":\"Je suis Julien, r\u00e9dacteur pour Vie Associative. Passionn\u00e9 par le monde associatif depuis plus de 10 ans, j'ai \u00e0 c\u0153ur de partager des histoires inspirantes et de mettre en lumi\u00e8re les initiatives locales. Mon objectif est de sensibiliser et d'encourager l'engagement communautaire \u00e0 travers mes articles.\",\"sameAs\":[\"https:\/\/vieassociative.be\/\"]}]}<\/script>\n<!-- \/ Yoast SEO plugin. -->","yoast_head_json":{"title":"Comment Elsa a appris \u00e0 mes enfants \u00e0 apprivoiser leurs crises de col\u00e8re (et \u00e0 faire des corv\u00e9es) | Vie Associative","robots":{"index":"index","follow":"follow","max-snippet":"max-snippet:-1","max-image-preview":"max-image-preview:large","max-video-preview":"max-video-preview:-1"},"canonical":"https:\/\/vieassociative.be\/actualites\/comment-elsa-a-appris-a-mes-enfants-a-apprivoiser-leurs-crises-de-colere-et-a-faire-des-corvees\/","og_locale":"fr_FR","og_type":"article","og_title":"Comment Elsa a appris \u00e0 mes enfants \u00e0 apprivoiser leurs crises de col\u00e8re (et \u00e0 faire des corv\u00e9es) | Vie Associative","og_description":"Le h\u00e9ros de Frozen est venu \u00e0 mon secours pour g\u00e9rer les grands sentiments d&rsquo;une nouvelle mani\u00e8re. J&rsquo;ai r\u00e9cemment r\u00e9alis\u00e9 que j&rsquo;avais interpr\u00e9t\u00e9 le grand","og_url":"https:\/\/vieassociative.be\/actualites\/comment-elsa-a-appris-a-mes-enfants-a-apprivoiser-leurs-crises-de-colere-et-a-faire-des-corvees\/","og_site_name":"Vie Associative","article_published_time":"2024-12-04T17:17:26+00:00","og_image":[{"width":279,"height":92,"url":"https:\/\/vieassociative.be\/actualites\/wp-content\/uploads\/2024\/09\/header_backgroundk-01-e1726694325946.png","type":"image\/png"}],"author":"Julien","twitter_card":"summary_large_image","twitter_misc":{"\u00c9crit par":"Julien","Dur\u00e9e de lecture est.":"4 minutes"},"schema":{"@context":"https:\/\/schema.org","@graph":[{"@type":"Article","@id":"https:\/\/vieassociative.be\/actualites\/comment-elsa-a-appris-a-mes-enfants-a-apprivoiser-leurs-crises-de-colere-et-a-faire-des-corvees\/#article","isPartOf":{"@id":"https:\/\/vieassociative.be\/actualites\/comment-elsa-a-appris-a-mes-enfants-a-apprivoiser-leurs-crises-de-colere-et-a-faire-des-corvees\/"},"author":{"name":"Julien","@id":"https:\/\/vieassociative.be\/actualites\/#\/schema\/person\/b87ac4f82f9d4e7b7cec7395b679edc4"},"headline":"Comment Elsa a appris \u00e0 mes enfants \u00e0 apprivoiser leurs crises de col\u00e8re (et \u00e0 faire des corv\u00e9es)","datePublished":"2024-12-04T17:17:26+00:00","dateModified":"2024-12-04T17:17:26+00:00","mainEntityOfPage":{"@id":"https:\/\/vieassociative.be\/actualites\/comment-elsa-a-appris-a-mes-enfants-a-apprivoiser-leurs-crises-de-colere-et-a-faire-des-corvees\/"},"wordCount":936,"publisher":{"@id":"https:\/\/vieassociative.be\/actualites\/#organization"},"image":{"@id":"https:\/\/vieassociative.be\/actualites\/comment-elsa-a-appris-a-mes-enfants-a-apprivoiser-leurs-crises-de-colere-et-a-faire-des-corvees\/#primaryimage"},"thumbnailUrl":"https:\/\/vieassociative.be\/actualites\/wp-content\/uploads\/2024\/12\/Comment-Elsa-a-appris-a-mes-enfants-a-apprivoiser-leurs.png","keywords":["appris","apprivoiser","col\u00e8re","Comment","corv\u00e9es","crises","Des","Elsa","enfants","faire","leurs","Mes"],"articleSection":["Famille"],"inLanguage":"fr-BE"},{"@type":"WebPage","@id":"https:\/\/vieassociative.be\/actualites\/comment-elsa-a-appris-a-mes-enfants-a-apprivoiser-leurs-crises-de-colere-et-a-faire-des-corvees\/","url":"https:\/\/vieassociative.be\/actualites\/comment-elsa-a-appris-a-mes-enfants-a-apprivoiser-leurs-crises-de-colere-et-a-faire-des-corvees\/","name":"Comment Elsa a appris \u00e0 mes enfants \u00e0 apprivoiser leurs crises de col\u00e8re (et \u00e0 faire des corv\u00e9es) | Vie Associative","isPartOf":{"@id":"https:\/\/vieassociative.be\/actualites\/#website"},"primaryImageOfPage":{"@id":"https:\/\/vieassociative.be\/actualites\/comment-elsa-a-appris-a-mes-enfants-a-apprivoiser-leurs-crises-de-colere-et-a-faire-des-corvees\/#primaryimage"},"image":{"@id":"https:\/\/vieassociative.be\/actualites\/comment-elsa-a-appris-a-mes-enfants-a-apprivoiser-leurs-crises-de-colere-et-a-faire-des-corvees\/#primaryimage"},"thumbnailUrl":"https:\/\/vieassociative.be\/actualites\/wp-content\/uploads\/2024\/12\/Comment-Elsa-a-appris-a-mes-enfants-a-apprivoiser-leurs.png","datePublished":"2024-12-04T17:17:26+00:00","dateModified":"2024-12-04T17:17:26+00:00","breadcrumb":{"@id":"https:\/\/vieassociative.be\/actualites\/comment-elsa-a-appris-a-mes-enfants-a-apprivoiser-leurs-crises-de-colere-et-a-faire-des-corvees\/#breadcrumb"},"inLanguage":"fr-BE","potentialAction":[{"@type":"ReadAction","target":["https:\/\/vieassociative.be\/actualites\/comment-elsa-a-appris-a-mes-enfants-a-apprivoiser-leurs-crises-de-colere-et-a-faire-des-corvees\/"]}]},{"@type":"ImageObject","inLanguage":"fr-BE","@id":"https:\/\/vieassociative.be\/actualites\/comment-elsa-a-appris-a-mes-enfants-a-apprivoiser-leurs-crises-de-colere-et-a-faire-des-corvees\/#primaryimage","url":"https:\/\/vieassociative.be\/actualites\/wp-content\/uploads\/2024\/12\/Comment-Elsa-a-appris-a-mes-enfants-a-apprivoiser-leurs.png","contentUrl":"https:\/\/vieassociative.be\/actualites\/wp-content\/uploads\/2024\/12\/Comment-Elsa-a-appris-a-mes-enfants-a-apprivoiser-leurs.png","width":1199,"height":675,"caption":"Comment Elsa a appris \u00e0 mes enfants \u00e0 apprivoiser leurs crises de col\u00e8re (et \u00e0 faire des corv\u00e9es)"},{"@type":"BreadcrumbList","@id":"https:\/\/vieassociative.be\/actualites\/comment-elsa-a-appris-a-mes-enfants-a-apprivoiser-leurs-crises-de-colere-et-a-faire-des-corvees\/#breadcrumb","itemListElement":[{"@type":"ListItem","position":1,"name":"Accueil","item":"https:\/\/vieassociative.be\/actualites\/"},{"@type":"ListItem","position":2,"name":"Comment Elsa a appris \u00e0 mes enfants \u00e0 apprivoiser leurs crises de col\u00e8re (et \u00e0 faire des corv\u00e9es)"}]},{"@type":"WebSite","@id":"https:\/\/vieassociative.be\/actualites\/#website","url":"https:\/\/vieassociative.be\/actualites\/","name":"Vie Associative","description":"","publisher":{"@id":"https:\/\/vieassociative.be\/actualites\/#organization"},"potentialAction":[{"@type":"SearchAction","target":{"@type":"EntryPoint","urlTemplate":"https:\/\/vieassociative.be\/actualites\/?s={search_term_string}"},"query-input":{"@type":"PropertyValueSpecification","valueRequired":true,"valueName":"search_term_string"}}],"inLanguage":"fr-BE"},{"@type":"Organization","@id":"https:\/\/vieassociative.be\/actualites\/#organization","name":"Vie Associative","url":"https:\/\/vieassociative.be\/actualites\/","logo":{"@type":"ImageObject","inLanguage":"fr-BE","@id":"https:\/\/vieassociative.be\/actualites\/#\/schema\/logo\/image\/","url":"https:\/\/vieassociative.be\/actualites\/wp-content\/uploads\/2024\/09\/cropped-vieassociative_favicon.ico.png","contentUrl":"https:\/\/vieassociative.be\/actualites\/wp-content\/uploads\/2024\/09\/cropped-vieassociative_favicon.ico.png","width":512,"height":512,"caption":"Vie Associative"},"image":{"@id":"https:\/\/vieassociative.be\/actualites\/#\/schema\/logo\/image\/"}},{"@type":"Person","@id":"https:\/\/vieassociative.be\/actualites\/#\/schema\/person\/b87ac4f82f9d4e7b7cec7395b679edc4","name":"Julien","image":{"@type":"ImageObject","inLanguage":"fr-BE","@id":"https:\/\/vieassociative.be\/actualites\/#\/schema\/person\/image\/","url":"https:\/\/vieassociative.be\/actualites\/wp-content\/uploads\/2024\/09\/vie-associative-1-150x150.jpg","contentUrl":"https:\/\/vieassociative.be\/actualites\/wp-content\/uploads\/2024\/09\/vie-associative-1-150x150.jpg","caption":"Julien"},"description":"Je suis Julien, r\u00e9dacteur pour Vie Associative. Passionn\u00e9 par le monde associatif depuis plus de 10 ans, j'ai \u00e0 c\u0153ur de partager des histoires inspirantes et de mettre en lumi\u00e8re les initiatives locales. Mon objectif est de sensibiliser et d'encourager l'engagement communautaire \u00e0 travers mes articles.","sameAs":["https:\/\/vieassociative.be\/"]}]}},"_links":{"self":[{"href":"https:\/\/vieassociative.be\/actualites\/wp-json\/wp\/v2\/posts\/3058"}],"collection":[{"href":"https:\/\/vieassociative.be\/actualites\/wp-json\/wp\/v2\/posts"}],"about":[{"href":"https:\/\/vieassociative.be\/actualites\/wp-json\/wp\/v2\/types\/post"}],"author":[{"embeddable":true,"href":"https:\/\/vieassociative.be\/actualites\/wp-json\/wp\/v2\/users\/1"}],"replies":[{"embeddable":true,"href":"https:\/\/vieassociative.be\/actualites\/wp-json\/wp\/v2\/comments?post=3058"}],"version-history":[{"count":0,"href":"https:\/\/vieassociative.be\/actualites\/wp-json\/wp\/v2\/posts\/3058\/revisions"}],"wp:featuredmedia":[{"embeddable":true,"href":"https:\/\/vieassociative.be\/actualites\/wp-json\/wp\/v2\/media\/3059"}],"wp:attachment":[{"href":"https:\/\/vieassociative.be\/actualites\/wp-json\/wp\/v2\/media?parent=3058"}],"wp:term":[{"taxonomy":"category","embeddable":true,"href":"https:\/\/vieassociative.be\/actualites\/wp-json\/wp\/v2\/categories?post=3058"},{"taxonomy":"post_tag","embeddable":true,"href":"https:\/\/vieassociative.be\/actualites\/wp-json\/wp\/v2\/tags?post=3058"}],"curies":[{"name":"wp","href":"https:\/\/api.w.org\/{rel}","templated":true}]}}