{"id":3054,"date":"2024-12-04T15:17:14","date_gmt":"2024-12-04T14:17:14","guid":{"rendered":"https:\/\/vieassociative.be\/actualites\/le-conseil-de-leurope-ouvre-la-voie-a-une-action-plus-dure-contre-les-loups-pascal-arimont-csp-ppe-une-etape-importante\/"},"modified":"2024-12-04T15:17:14","modified_gmt":"2024-12-04T14:17:14","slug":"le-conseil-de-leurope-ouvre-la-voie-a-une-action-plus-dure-contre-les-loups-pascal-arimont-csp-ppe-une-etape-importante","status":"publish","type":"post","link":"https:\/\/vieassociative.be\/actualites\/le-conseil-de-leurope-ouvre-la-voie-a-une-action-plus-dure-contre-les-loups-pascal-arimont-csp-ppe-une-etape-importante\/","title":{"rendered":"Le Conseil de l\u2019Europe ouvre la voie \u00e0 une action plus dure contre les loups \u2013 Pascal Arimont (CSP-PPE) : \u00ab Une \u00e9tape importante \u00bb"},"content":{"rendered":"<p><strong>Les loups sont-ils plus faciles \u00e0 tirer ? Cela fait des ann\u00e9es que les d\u00e9fenseurs des droits des animaux et les agriculteurs d\u00e9battent de ce sujet avec beaucoup d&rsquo;\u00e9motion. Maintenant, les choses bougent. Le Conseil de l\u2019Europe ouvre la voie \u00e0 une action plus dure contre les loups. L&rsquo;eurod\u00e9put\u00e9 de l&rsquo;Est de la Belgique Pascal Arimont parle d&rsquo;une \u00ab \u00e9tape importante \u00bb.<\/strong><\/p>\n<p><span id=\"more-403287\"><\/span>La commission comp\u00e9tente a approuv\u00e9 une demande correspondante des \u00c9tats de l&rsquo;UE visant \u00e0 r\u00e9duire le statut de protection. Avant que cela puisse s\u2019appliquer en Belgique, la l\u00e9gislation europ\u00e9enne doit \u00eatre modifi\u00e9e.<\/p>\n<p>Le contexte de la demande est que, selon les informations de l&rsquo;UE, le nombre de loups en Europe a presque doubl\u00e9 en dix ans. Le nombre de t\u00eates de b\u00e9tail tu\u00e9es par les loups dans l&rsquo;UE, principalement des moutons et des ch\u00e8vres, est estim\u00e9 \u00e0 au moins 65 500 par an.<\/p>\n<div id=\"attachment_182368\" class=\"wp-caption alignnone\" style=\"max-width: 300px\"><img fetchpriority=\"high\" decoding=\"async\" class=\"size-medium wp-image-182368\" src=\"https:\/\/vieassociative.be\/actualites\/wp-content\/uploads\/2024\/12\/Le-Conseil-de-lEurope-ouvre-la-voie-a-une-action.jpeg\" alt=\"\" width=\"300\" height=\"207\"  ><\/p>\n<p class=\"wp-caption-text\">Cette photo d&rsquo;un loup dans les Hautes Fagnes a \u00e9t\u00e9 publi\u00e9e en juin 2018, selon le ministre r\u00e9gional wallon de l&rsquo;\u00e9poque, Ren\u00e9 Collin. Cela devrait servir de preuve que le loup est de retour dans ces zones. Photo de : Belga<\/p>\n<\/div>\n<p>Le Conseil de l&rsquo;Europe est ind\u00e9pendant de l&rsquo;UE. Ses 50 membres comprennent les \u00c9tats de l\u2019UE, mais aussi des pays comme la Grande-Bretagne et la Turquie. L&rsquo;organisme veille \u00e0 la protection des droits de l&rsquo;homme, mais est \u00e9galement responsable du respect de la Convention de Berne, un trait\u00e9 international adopt\u00e9 en 1979 pour prot\u00e9ger les animaux et les plantes sauvages. Dans ce trait\u00e9, le loup \u00e9tait auparavant consid\u00e9r\u00e9 comme \u00ab strictement prot\u00e9g\u00e9 \u00bb. Cela signifie que les \u00c9tats doivent prendre des mesures pour conserver les loups et que les animaux ne sont pas intentionnellement tu\u00e9s.<\/p>\n<p>Apr\u00e8s une longue discussion, les \u00c9tats de l\u2019UE ont ensuite demand\u00e9 en septembre un d\u00e9classement de son statut \u00e0 \u00ab\u00a0prot\u00e9g\u00e9\u00a0\u00bb. M\u00eame si cela comportait toujours des r\u00e8gles strictes, la chasse aux loups probl\u00e9matiques serait alors plus facile dans certaines circonstances.<\/p>\n<p>La raison en \u00e9tait que la population de loups se r\u00e9tablissait de plus en plus ces derni\u00e8res ann\u00e9es. De plus, on a r\u00e9cemment constat\u00e9 une augmentation du nombre de fissures chez les animaux de ferme comme les moutons et les bovins. Les m\u00e9canismes de d\u00e9fense tels que les hautes cl\u00f4tures sont r\u00e9guli\u00e8rement neutralis\u00e9s par les loups.<\/p>\n<div id=\"attachment_352997\" class=\"wp-caption alignleft\" style=\"max-width: 300px\"><img decoding=\"async\" class=\"wp-image-352997 size-medium\" src=\"https:\/\/vieassociative.be\/actualites\/wp-content\/uploads\/2024\/12\/1733321833_202_Le-Conseil-de-lEurope-ouvre-la-voie-a-une-action.jpeg\" alt=\"\" width=\"300\" height=\"200\"  ><\/p>\n<p class=\"wp-caption-text\">Un loup gris europ\u00e9en dans un enclos. La question des loups est une pr\u00e9occupation politique. Photo : Sina Schuldt\/dpa<\/p>\n<\/div>\n<p><strong>\u2013 Le loup a disparu :<\/strong> Selon l&rsquo;organisation de protection des esp\u00e8ces WWF, le loup a disparu d&rsquo;Europe occidentale au milieu du XIXe si\u00e8cle. Elle n\u2019a donc surv\u00e9cu qu\u2019\u00e0 l\u2019est et au sud de l\u2019Europe. Toutefois, les stocks se reconstituent depuis plusieurs ann\u00e9es.<\/p>\n<p>Selon l&rsquo;UE, le nombre de loups en Europe est pass\u00e9 de 11\u00a0193 en 2012 \u00e0 20\u00a0300 en 2023.<\/p>\n<p><strong>\u2013 Suit maintenant le processus l\u00e9gislatif :<\/strong> Cependant, la d\u00e9cision du Conseil de l&rsquo;Europe ne signifie pas automatiquement que les animaux peuvent d\u00e9sormais \u00eatre simplement abattus en Belgique. L&rsquo;amendement entrera en vigueur trois mois apr\u00e8s son adoption, sauf objection d&rsquo;un tiers des parties contractantes.<\/p>\n<p>La Commission europ\u00e9enne pourrait alors soumettre une proposition visant \u00e0 modifier le statut de protection du loup en vertu du droit europ\u00e9en. Cette proposition n\u00e9cessite \u00e0 nouveau une majorit\u00e9 parmi les \u00c9tats de l\u2019UE et une majorit\u00e9 au Parlement europ\u00e9en. Des modifications du projet sont toujours possibles.<\/p>\n<h3>Arimont : \u00ab Une \u00e9tape importante vers une gestion plus flexible du loup \u00bb<\/h3>\n<p>L&rsquo;eurod\u00e9put\u00e9 de l&rsquo;Est de la Belgique Pascal Arimont (CSP-PPE) salue la d\u00e9cision du Conseil de l&rsquo;Europe de modifier le statut de protection du loup de \u00ab strictement prot\u00e9g\u00e9 \u00bb \u00e0 \u00ab prot\u00e9g\u00e9 \u00bb en vertu de la Convention internationale de Berne (\u00ab Convention de Berne \u00bb) \u00e0 la demande de la Commission europ\u00e9enne de baisser.<\/p>\n<div id=\"attachment_353685\" class=\"wp-caption alignleft\" style=\"max-width: 300px\"><img decoding=\"async\" class=\"wp-image-353685 size-medium\" src=\"https:\/\/vieassociative.be\/actualites\/wp-content\/uploads\/2024\/12\/1733321834_9_Le-Conseil-de-lEurope-ouvre-la-voie-a-une-action.jpeg\" alt=\"\" width=\"300\" height=\"200\"  ><\/p>\n<p class=\"wp-caption-text\">\u00c9change sur le th\u00e8me \u00ab L&rsquo;installation des loups dans l&rsquo;Est de la Belgique : quelles cons\u00e9quences pour notre nature et notre agriculture ? \u00bb Dans la salle \u00ab Zur Alten Linde \u00bb \u00e0 Weywertz en juin 2023. Photo : Frederik Wiesen<\/p>\n<\/div>\n<p>\u00abLe d\u00e9classement de la protection dans le cadre de la &lsquo;Convention de Berne&rsquo; est la base sur laquelle l&rsquo;UE doit adapter sa propre l\u00e9gislation dans ce domaine, ce qu&rsquo;on appelle la &lsquo;directive faune-flore-habitat&rsquo;. Concr\u00e8tement, l&rsquo;adaptation de la Convention de Berne entrera en vigueur en mars 2025, de sorte que la Commission europ\u00e9enne pourra d\u00e9sormais proposer des modifications correspondantes au Parlement et aux \u00c9tats membres\u00bb, a d\u00e9clar\u00e9 Arimont.<\/p>\n<p>Le loup reste prot\u00e9g\u00e9, mais le d\u00e9classement permettra aux \u00c9tats membres et aux r\u00e9gions de g\u00e9rer les populations locales de loups de mani\u00e8re plus flexible. \u00ab Compte tenu de la population croissante de loups en Europe, la protection actuelle des loups, la plus stricte, n\u2019est tout simplement plus justifi\u00e9e. Au niveau de l\u2019UE, il sera d\u00e9sormais important de prendre les mesures suppl\u00e9mentaires n\u00e9cessaires. C\u2019est important, notamment pour les agriculteurs qui pratiquent l\u2019\u00e9levage en p\u00e2turage et qui sont ou seront de plus en plus confront\u00e9s aux loups \u00bb, explique Arimont.<\/p>\n<p>Le moyen le plus simple de modifier l\u00e9galement la directive Habitats dans l\u2019UE est de modifier l\u2019article 19 (\u00ab Proc\u00e9dure de modification des annexes \u00bb), bien que cela n\u00e9cessite une d\u00e9cision unanime de tous les \u00c9tats membres.<\/p>\n<div id=\"attachment_353687\" class=\"wp-caption alignleft\" style=\"max-width: 300px\"><img loading=\"lazy\" decoding=\"async\" class=\"wp-image-353687 size-medium\" src=\"https:\/\/vieassociative.be\/actualites\/wp-content\/uploads\/2024\/12\/1733321834_560_Le-Conseil-de-lEurope-ouvre-la-voie-a-une-action.jpeg\" alt=\"\" width=\"300\" height=\"200\"  ><\/p>\n<p class=\"wp-caption-text\">Pascal Arimont Pascal Arimont (\u00e0 droite) avec le repr\u00e9sentant europ\u00e9en du Tyrol du Sud, Herbert Dorfmann (\u00e0 gauche). Photo : Frederik Wiesen<\/p>\n<\/div>\n<p>Avant cette d\u00e9cision, l&rsquo;eurod\u00e9put\u00e9 de l&rsquo;Est de la Belgique s&rsquo;est \u00e9galement adress\u00e9 \u00e0 la ministre de l&rsquo;Agriculture Anne-Catherine Dalcq (MR), en charge du dossier en R\u00e9gion wallonne, pour s&rsquo;enqu\u00e9rir de l&rsquo;approche de la r\u00e9gion en mati\u00e8re de gestion future du loup.<\/p>\n<p>\u00ab Mme Dalcq m&rsquo;a inform\u00e9 que la Belgique s&rsquo;\u00e9tait abstenue lors du vote concern\u00e9 au niveau europ\u00e9en, avec l&rsquo;accord de la R\u00e9gion wallonne. J&rsquo;esp\u00e8re que la Belgique soutiendra plus activement l&rsquo;adaptation de la directive Habitats l&rsquo;ann\u00e9e prochaine. \u00abJe ferai certainement pression sur le gouvernement wallon pour que la Belgique accepte de modifier le statut de protection dans la directive Habitats afin de permettre une gestion plus flexible des loups ici, notamment ici dans l&rsquo;Est de la Belgique\u00bb, souligne Arimont.<\/p>\n<p>La Convention de Berne est un trait\u00e9 international conclu en 1979 par le Conseil de l&rsquo;Europe pour la conservation des plantes et animaux sauvages et de leurs habitats naturels en Europe. L&rsquo;accord comprend 50 parties contractantes, dont tous les \u00c9tats membres de l&rsquo;UE. La directive europ\u00e9enne sur les habitats a mis en \u0153uvre les exigences de la Convention de Berne au sein de l&rsquo;UE.<\/p>\n","protected":false},"excerpt":{"rendered":"<p>Les loups sont-ils plus faciles \u00e0 tirer ? Cela fait des ann\u00e9es que les d\u00e9fenseurs des droits des animaux et les agriculteurs d\u00e9battent de ce<\/p>\n","protected":false},"author":1,"featured_media":3055,"comment_status":"","ping_status":"","sticky":false,"template":"","format":"standard","meta":{"footnotes":""},"categories":[298],"tags":[3761,2890,1085,796,3057,3087,3763,1659,14,2785,3762,3760,2889,110,2815],"class_list":["post-3054","post","type-post","status-publish","format-standard","has-post-thumbnail","hentry","category-belgique","tag-action","tag-arimont","tag-conseil","tag-contre","tag-cspppe","tag-dure","tag-etape","tag-importante","tag-les","tag-leurope","tag-loups","tag-ouvre","tag-pascal","tag-une","tag-voie","generate-columns","tablet-grid-50","mobile-grid-100","grid-parent","grid-33"],"yoast_head":"<!-- This site is optimized with the Yoast SEO plugin v24.0 - https:\/\/yoast.com\/wordpress\/plugins\/seo\/ -->\n<title>Le Conseil de l\u2019Europe ouvre la voie \u00e0 une action plus dure contre les loups \u2013 Pascal Arimont (CSP-PPE) : \u00ab Une \u00e9tape importante \u00bb | Vie Associative<\/title>\n<meta name=\"robots\" content=\"index, follow, max-snippet:-1, max-image-preview:large, max-video-preview:-1\" \/>\n<link rel=\"canonical\" href=\"https:\/\/vieassociative.be\/actualites\/le-conseil-de-leurope-ouvre-la-voie-a-une-action-plus-dure-contre-les-loups-pascal-arimont-csp-ppe-une-etape-importante\/\" \/>\n<meta property=\"og:locale\" content=\"fr_FR\" \/>\n<meta property=\"og:type\" content=\"article\" \/>\n<meta property=\"og:title\" content=\"Le Conseil de l\u2019Europe ouvre la voie \u00e0 une action plus dure contre les loups \u2013 Pascal Arimont (CSP-PPE) : \u00ab Une \u00e9tape importante \u00bb | Vie Associative\" \/>\n<meta property=\"og:description\" content=\"Les loups sont-ils plus faciles \u00e0 tirer ? Cela fait des ann\u00e9es que les d\u00e9fenseurs des droits des animaux et les agriculteurs d\u00e9battent de ce\" \/>\n<meta property=\"og:url\" content=\"https:\/\/vieassociative.be\/actualites\/le-conseil-de-leurope-ouvre-la-voie-a-une-action-plus-dure-contre-les-loups-pascal-arimont-csp-ppe-une-etape-importante\/\" \/>\n<meta property=\"og:site_name\" content=\"Vie Associative\" \/>\n<meta property=\"article:published_time\" content=\"2024-12-04T14:17:14+00:00\" \/>\n<meta property=\"og:image\" content=\"https:\/\/vieassociative.be\/actualites\/wp-content\/uploads\/2024\/12\/Le-Conseil-de-lEurope-ouvre-la-voie-a-une-action.jpeg\" \/>\n<meta name=\"author\" content=\"Julien\" \/>\n<meta name=\"twitter:card\" content=\"summary_large_image\" \/>\n<meta name=\"twitter:label1\" content=\"\u00c9crit par\" \/>\n\t<meta name=\"twitter:data1\" content=\"Julien\" \/>\n\t<meta name=\"twitter:label2\" content=\"Dur\u00e9e de lecture est.\" \/>\n\t<meta name=\"twitter:data2\" content=\"6 minutes\" \/>\n<script type=\"application\/ld+json\" class=\"yoast-schema-graph\">{\"@context\":\"https:\/\/schema.org\",\"@graph\":[{\"@type\":\"Article\",\"@id\":\"https:\/\/vieassociative.be\/actualites\/le-conseil-de-leurope-ouvre-la-voie-a-une-action-plus-dure-contre-les-loups-pascal-arimont-csp-ppe-une-etape-importante\/#article\",\"isPartOf\":{\"@id\":\"https:\/\/vieassociative.be\/actualites\/le-conseil-de-leurope-ouvre-la-voie-a-une-action-plus-dure-contre-les-loups-pascal-arimont-csp-ppe-une-etape-importante\/\"},\"author\":{\"name\":\"Julien\",\"@id\":\"https:\/\/vieassociative.be\/actualites\/#\/schema\/person\/b87ac4f82f9d4e7b7cec7395b679edc4\"},\"headline\":\"Le Conseil de l\u2019Europe ouvre la voie \u00e0 une action plus dure contre les loups \u2013 Pascal Arimont (CSP-PPE) : \u00ab Une \u00e9tape importante \u00bb\",\"datePublished\":\"2024-12-04T14:17:14+00:00\",\"dateModified\":\"2024-12-04T14:17:14+00:00\",\"mainEntityOfPage\":{\"@id\":\"https:\/\/vieassociative.be\/actualites\/le-conseil-de-leurope-ouvre-la-voie-a-une-action-plus-dure-contre-les-loups-pascal-arimont-csp-ppe-une-etape-importante\/\"},\"wordCount\":1166,\"publisher\":{\"@id\":\"https:\/\/vieassociative.be\/actualites\/#organization\"},\"image\":{\"@id\":\"https:\/\/vieassociative.be\/actualites\/le-conseil-de-leurope-ouvre-la-voie-a-une-action-plus-dure-contre-les-loups-pascal-arimont-csp-ppe-une-etape-importante\/#primaryimage\"},\"thumbnailUrl\":\"https:\/\/vieassociative.be\/actualites\/wp-content\/uploads\/2024\/12\/Le-Conseil-de-lEurope-ouvre-la-voie-a-une-action.jpg\",\"keywords\":[\"action\",\"Arimont\",\"conseil\",\"contre\",\"CSPPPE\",\"dure\",\"\u00e9tape\",\"importante\",\"Les\",\"lEurope\",\"loups\",\"ouvre\",\"Pascal\",\"une\",\"voie\"],\"articleSection\":[\"Belgique\"],\"inLanguage\":\"fr-BE\"},{\"@type\":\"WebPage\",\"@id\":\"https:\/\/vieassociative.be\/actualites\/le-conseil-de-leurope-ouvre-la-voie-a-une-action-plus-dure-contre-les-loups-pascal-arimont-csp-ppe-une-etape-importante\/\",\"url\":\"https:\/\/vieassociative.be\/actualites\/le-conseil-de-leurope-ouvre-la-voie-a-une-action-plus-dure-contre-les-loups-pascal-arimont-csp-ppe-une-etape-importante\/\",\"name\":\"Le Conseil de l\u2019Europe ouvre la voie \u00e0 une action plus dure contre les loups \u2013 Pascal Arimont (CSP-PPE) : \u00ab Une \u00e9tape importante \u00bb | Vie Associative\",\"isPartOf\":{\"@id\":\"https:\/\/vieassociative.be\/actualites\/#website\"},\"primaryImageOfPage\":{\"@id\":\"https:\/\/vieassociative.be\/actualites\/le-conseil-de-leurope-ouvre-la-voie-a-une-action-plus-dure-contre-les-loups-pascal-arimont-csp-ppe-une-etape-importante\/#primaryimage\"},\"image\":{\"@id\":\"https:\/\/vieassociative.be\/actualites\/le-conseil-de-leurope-ouvre-la-voie-a-une-action-plus-dure-contre-les-loups-pascal-arimont-csp-ppe-une-etape-importante\/#primaryimage\"},\"thumbnailUrl\":\"https:\/\/vieassociative.be\/actualites\/wp-content\/uploads\/2024\/12\/Le-Conseil-de-lEurope-ouvre-la-voie-a-une-action.jpg\",\"datePublished\":\"2024-12-04T14:17:14+00:00\",\"dateModified\":\"2024-12-04T14:17:14+00:00\",\"breadcrumb\":{\"@id\":\"https:\/\/vieassociative.be\/actualites\/le-conseil-de-leurope-ouvre-la-voie-a-une-action-plus-dure-contre-les-loups-pascal-arimont-csp-ppe-une-etape-importante\/#breadcrumb\"},\"inLanguage\":\"fr-BE\",\"potentialAction\":[{\"@type\":\"ReadAction\",\"target\":[\"https:\/\/vieassociative.be\/actualites\/le-conseil-de-leurope-ouvre-la-voie-a-une-action-plus-dure-contre-les-loups-pascal-arimont-csp-ppe-une-etape-importante\/\"]}]},{\"@type\":\"ImageObject\",\"inLanguage\":\"fr-BE\",\"@id\":\"https:\/\/vieassociative.be\/actualites\/le-conseil-de-leurope-ouvre-la-voie-a-une-action-plus-dure-contre-les-loups-pascal-arimont-csp-ppe-une-etape-importante\/#primaryimage\",\"url\":\"https:\/\/vieassociative.be\/actualites\/wp-content\/uploads\/2024\/12\/Le-Conseil-de-lEurope-ouvre-la-voie-a-une-action.jpg\",\"contentUrl\":\"https:\/\/vieassociative.be\/actualites\/wp-content\/uploads\/2024\/12\/Le-Conseil-de-lEurope-ouvre-la-voie-a-une-action.jpg\",\"width\":1200,\"height\":765,\"caption\":\"Le Conseil de l\u2019Europe ouvre la voie \u00e0 une action plus dure contre les loups \u2013 Pascal Arimont (CSP-PPE) : \u00ab Une \u00e9tape importante \u00bb\"},{\"@type\":\"BreadcrumbList\",\"@id\":\"https:\/\/vieassociative.be\/actualites\/le-conseil-de-leurope-ouvre-la-voie-a-une-action-plus-dure-contre-les-loups-pascal-arimont-csp-ppe-une-etape-importante\/#breadcrumb\",\"itemListElement\":[{\"@type\":\"ListItem\",\"position\":1,\"name\":\"Accueil\",\"item\":\"https:\/\/vieassociative.be\/actualites\/\"},{\"@type\":\"ListItem\",\"position\":2,\"name\":\"Le Conseil de l\u2019Europe ouvre la voie \u00e0 une action plus dure contre les loups \u2013 Pascal Arimont (CSP-PPE) : \u00ab Une \u00e9tape importante \u00bb\"}]},{\"@type\":\"WebSite\",\"@id\":\"https:\/\/vieassociative.be\/actualites\/#website\",\"url\":\"https:\/\/vieassociative.be\/actualites\/\",\"name\":\"Vie Associative\",\"description\":\"\",\"publisher\":{\"@id\":\"https:\/\/vieassociative.be\/actualites\/#organization\"},\"potentialAction\":[{\"@type\":\"SearchAction\",\"target\":{\"@type\":\"EntryPoint\",\"urlTemplate\":\"https:\/\/vieassociative.be\/actualites\/?s={search_term_string}\"},\"query-input\":{\"@type\":\"PropertyValueSpecification\",\"valueRequired\":true,\"valueName\":\"search_term_string\"}}],\"inLanguage\":\"fr-BE\"},{\"@type\":\"Organization\",\"@id\":\"https:\/\/vieassociative.be\/actualites\/#organization\",\"name\":\"Vie Associative\",\"url\":\"https:\/\/vieassociative.be\/actualites\/\",\"logo\":{\"@type\":\"ImageObject\",\"inLanguage\":\"fr-BE\",\"@id\":\"https:\/\/vieassociative.be\/actualites\/#\/schema\/logo\/image\/\",\"url\":\"https:\/\/vieassociative.be\/actualites\/wp-content\/uploads\/2024\/09\/cropped-vieassociative_favicon.ico.png\",\"contentUrl\":\"https:\/\/vieassociative.be\/actualites\/wp-content\/uploads\/2024\/09\/cropped-vieassociative_favicon.ico.png\",\"width\":512,\"height\":512,\"caption\":\"Vie Associative\"},\"image\":{\"@id\":\"https:\/\/vieassociative.be\/actualites\/#\/schema\/logo\/image\/\"}},{\"@type\":\"Person\",\"@id\":\"https:\/\/vieassociative.be\/actualites\/#\/schema\/person\/b87ac4f82f9d4e7b7cec7395b679edc4\",\"name\":\"Julien\",\"image\":{\"@type\":\"ImageObject\",\"inLanguage\":\"fr-BE\",\"@id\":\"https:\/\/vieassociative.be\/actualites\/#\/schema\/person\/image\/\",\"url\":\"https:\/\/vieassociative.be\/actualites\/wp-content\/uploads\/2024\/09\/vie-associative-1-150x150.jpg\",\"contentUrl\":\"https:\/\/vieassociative.be\/actualites\/wp-content\/uploads\/2024\/09\/vie-associative-1-150x150.jpg\",\"caption\":\"Julien\"},\"description\":\"Je suis Julien, r\u00e9dacteur pour Vie Associative. Passionn\u00e9 par le monde associatif depuis plus de 10 ans, j'ai \u00e0 c\u0153ur de partager des histoires inspirantes et de mettre en lumi\u00e8re les initiatives locales. Mon objectif est de sensibiliser et d'encourager l'engagement communautaire \u00e0 travers mes articles.\",\"sameAs\":[\"https:\/\/vieassociative.be\/\"]}]}<\/script>\n<!-- \/ Yoast SEO plugin. -->","yoast_head_json":{"title":"Le Conseil de l\u2019Europe ouvre la voie \u00e0 une action plus dure contre les loups \u2013 Pascal Arimont (CSP-PPE) : \u00ab Une \u00e9tape importante \u00bb | Vie Associative","robots":{"index":"index","follow":"follow","max-snippet":"max-snippet:-1","max-image-preview":"max-image-preview:large","max-video-preview":"max-video-preview:-1"},"canonical":"https:\/\/vieassociative.be\/actualites\/le-conseil-de-leurope-ouvre-la-voie-a-une-action-plus-dure-contre-les-loups-pascal-arimont-csp-ppe-une-etape-importante\/","og_locale":"fr_FR","og_type":"article","og_title":"Le Conseil de l\u2019Europe ouvre la voie \u00e0 une action plus dure contre les loups \u2013 Pascal Arimont (CSP-PPE) : \u00ab Une \u00e9tape importante \u00bb | Vie Associative","og_description":"Les loups sont-ils plus faciles \u00e0 tirer ? Cela fait des ann\u00e9es que les d\u00e9fenseurs des droits des animaux et les agriculteurs d\u00e9battent de ce","og_url":"https:\/\/vieassociative.be\/actualites\/le-conseil-de-leurope-ouvre-la-voie-a-une-action-plus-dure-contre-les-loups-pascal-arimont-csp-ppe-une-etape-importante\/","og_site_name":"Vie Associative","article_published_time":"2024-12-04T14:17:14+00:00","og_image":[{"url":"https:\/\/vieassociative.be\/actualites\/wp-content\/uploads\/2024\/12\/Le-Conseil-de-lEurope-ouvre-la-voie-a-une-action.jpeg","type":"","width":"","height":""}],"author":"Julien","twitter_card":"summary_large_image","twitter_misc":{"\u00c9crit par":"Julien","Dur\u00e9e de lecture est.":"6 minutes"},"schema":{"@context":"https:\/\/schema.org","@graph":[{"@type":"Article","@id":"https:\/\/vieassociative.be\/actualites\/le-conseil-de-leurope-ouvre-la-voie-a-une-action-plus-dure-contre-les-loups-pascal-arimont-csp-ppe-une-etape-importante\/#article","isPartOf":{"@id":"https:\/\/vieassociative.be\/actualites\/le-conseil-de-leurope-ouvre-la-voie-a-une-action-plus-dure-contre-les-loups-pascal-arimont-csp-ppe-une-etape-importante\/"},"author":{"name":"Julien","@id":"https:\/\/vieassociative.be\/actualites\/#\/schema\/person\/b87ac4f82f9d4e7b7cec7395b679edc4"},"headline":"Le Conseil de l\u2019Europe ouvre la voie \u00e0 une action plus dure contre les loups \u2013 Pascal Arimont (CSP-PPE) : \u00ab Une \u00e9tape importante \u00bb","datePublished":"2024-12-04T14:17:14+00:00","dateModified":"2024-12-04T14:17:14+00:00","mainEntityOfPage":{"@id":"https:\/\/vieassociative.be\/actualites\/le-conseil-de-leurope-ouvre-la-voie-a-une-action-plus-dure-contre-les-loups-pascal-arimont-csp-ppe-une-etape-importante\/"},"wordCount":1166,"publisher":{"@id":"https:\/\/vieassociative.be\/actualites\/#organization"},"image":{"@id":"https:\/\/vieassociative.be\/actualites\/le-conseil-de-leurope-ouvre-la-voie-a-une-action-plus-dure-contre-les-loups-pascal-arimont-csp-ppe-une-etape-importante\/#primaryimage"},"thumbnailUrl":"https:\/\/vieassociative.be\/actualites\/wp-content\/uploads\/2024\/12\/Le-Conseil-de-lEurope-ouvre-la-voie-a-une-action.jpg","keywords":["action","Arimont","conseil","contre","CSPPPE","dure","\u00e9tape","importante","Les","lEurope","loups","ouvre","Pascal","une","voie"],"articleSection":["Belgique"],"inLanguage":"fr-BE"},{"@type":"WebPage","@id":"https:\/\/vieassociative.be\/actualites\/le-conseil-de-leurope-ouvre-la-voie-a-une-action-plus-dure-contre-les-loups-pascal-arimont-csp-ppe-une-etape-importante\/","url":"https:\/\/vieassociative.be\/actualites\/le-conseil-de-leurope-ouvre-la-voie-a-une-action-plus-dure-contre-les-loups-pascal-arimont-csp-ppe-une-etape-importante\/","name":"Le Conseil de l\u2019Europe ouvre la voie \u00e0 une action plus dure contre les loups \u2013 Pascal Arimont (CSP-PPE) : \u00ab Une \u00e9tape importante \u00bb | Vie Associative","isPartOf":{"@id":"https:\/\/vieassociative.be\/actualites\/#website"},"primaryImageOfPage":{"@id":"https:\/\/vieassociative.be\/actualites\/le-conseil-de-leurope-ouvre-la-voie-a-une-action-plus-dure-contre-les-loups-pascal-arimont-csp-ppe-une-etape-importante\/#primaryimage"},"image":{"@id":"https:\/\/vieassociative.be\/actualites\/le-conseil-de-leurope-ouvre-la-voie-a-une-action-plus-dure-contre-les-loups-pascal-arimont-csp-ppe-une-etape-importante\/#primaryimage"},"thumbnailUrl":"https:\/\/vieassociative.be\/actualites\/wp-content\/uploads\/2024\/12\/Le-Conseil-de-lEurope-ouvre-la-voie-a-une-action.jpg","datePublished":"2024-12-04T14:17:14+00:00","dateModified":"2024-12-04T14:17:14+00:00","breadcrumb":{"@id":"https:\/\/vieassociative.be\/actualites\/le-conseil-de-leurope-ouvre-la-voie-a-une-action-plus-dure-contre-les-loups-pascal-arimont-csp-ppe-une-etape-importante\/#breadcrumb"},"inLanguage":"fr-BE","potentialAction":[{"@type":"ReadAction","target":["https:\/\/vieassociative.be\/actualites\/le-conseil-de-leurope-ouvre-la-voie-a-une-action-plus-dure-contre-les-loups-pascal-arimont-csp-ppe-une-etape-importante\/"]}]},{"@type":"ImageObject","inLanguage":"fr-BE","@id":"https:\/\/vieassociative.be\/actualites\/le-conseil-de-leurope-ouvre-la-voie-a-une-action-plus-dure-contre-les-loups-pascal-arimont-csp-ppe-une-etape-importante\/#primaryimage","url":"https:\/\/vieassociative.be\/actualites\/wp-content\/uploads\/2024\/12\/Le-Conseil-de-lEurope-ouvre-la-voie-a-une-action.jpg","contentUrl":"https:\/\/vieassociative.be\/actualites\/wp-content\/uploads\/2024\/12\/Le-Conseil-de-lEurope-ouvre-la-voie-a-une-action.jpg","width":1200,"height":765,"caption":"Le Conseil de l\u2019Europe ouvre la voie \u00e0 une action plus dure contre les loups \u2013 Pascal Arimont (CSP-PPE) : \u00ab Une \u00e9tape importante \u00bb"},{"@type":"BreadcrumbList","@id":"https:\/\/vieassociative.be\/actualites\/le-conseil-de-leurope-ouvre-la-voie-a-une-action-plus-dure-contre-les-loups-pascal-arimont-csp-ppe-une-etape-importante\/#breadcrumb","itemListElement":[{"@type":"ListItem","position":1,"name":"Accueil","item":"https:\/\/vieassociative.be\/actualites\/"},{"@type":"ListItem","position":2,"name":"Le Conseil de l\u2019Europe ouvre la voie \u00e0 une action plus dure contre les loups \u2013 Pascal Arimont (CSP-PPE) : \u00ab Une \u00e9tape importante \u00bb"}]},{"@type":"WebSite","@id":"https:\/\/vieassociative.be\/actualites\/#website","url":"https:\/\/vieassociative.be\/actualites\/","name":"Vie Associative","description":"","publisher":{"@id":"https:\/\/vieassociative.be\/actualites\/#organization"},"potentialAction":[{"@type":"SearchAction","target":{"@type":"EntryPoint","urlTemplate":"https:\/\/vieassociative.be\/actualites\/?s={search_term_string}"},"query-input":{"@type":"PropertyValueSpecification","valueRequired":true,"valueName":"search_term_string"}}],"inLanguage":"fr-BE"},{"@type":"Organization","@id":"https:\/\/vieassociative.be\/actualites\/#organization","name":"Vie Associative","url":"https:\/\/vieassociative.be\/actualites\/","logo":{"@type":"ImageObject","inLanguage":"fr-BE","@id":"https:\/\/vieassociative.be\/actualites\/#\/schema\/logo\/image\/","url":"https:\/\/vieassociative.be\/actualites\/wp-content\/uploads\/2024\/09\/cropped-vieassociative_favicon.ico.png","contentUrl":"https:\/\/vieassociative.be\/actualites\/wp-content\/uploads\/2024\/09\/cropped-vieassociative_favicon.ico.png","width":512,"height":512,"caption":"Vie Associative"},"image":{"@id":"https:\/\/vieassociative.be\/actualites\/#\/schema\/logo\/image\/"}},{"@type":"Person","@id":"https:\/\/vieassociative.be\/actualites\/#\/schema\/person\/b87ac4f82f9d4e7b7cec7395b679edc4","name":"Julien","image":{"@type":"ImageObject","inLanguage":"fr-BE","@id":"https:\/\/vieassociative.be\/actualites\/#\/schema\/person\/image\/","url":"https:\/\/vieassociative.be\/actualites\/wp-content\/uploads\/2024\/09\/vie-associative-1-150x150.jpg","contentUrl":"https:\/\/vieassociative.be\/actualites\/wp-content\/uploads\/2024\/09\/vie-associative-1-150x150.jpg","caption":"Julien"},"description":"Je suis Julien, r\u00e9dacteur pour Vie Associative. Passionn\u00e9 par le monde associatif depuis plus de 10 ans, j'ai \u00e0 c\u0153ur de partager des histoires inspirantes et de mettre en lumi\u00e8re les initiatives locales. Mon objectif est de sensibiliser et d'encourager l'engagement communautaire \u00e0 travers mes articles.","sameAs":["https:\/\/vieassociative.be\/"]}]}},"_links":{"self":[{"href":"https:\/\/vieassociative.be\/actualites\/wp-json\/wp\/v2\/posts\/3054"}],"collection":[{"href":"https:\/\/vieassociative.be\/actualites\/wp-json\/wp\/v2\/posts"}],"about":[{"href":"https:\/\/vieassociative.be\/actualites\/wp-json\/wp\/v2\/types\/post"}],"author":[{"embeddable":true,"href":"https:\/\/vieassociative.be\/actualites\/wp-json\/wp\/v2\/users\/1"}],"replies":[{"embeddable":true,"href":"https:\/\/vieassociative.be\/actualites\/wp-json\/wp\/v2\/comments?post=3054"}],"version-history":[{"count":0,"href":"https:\/\/vieassociative.be\/actualites\/wp-json\/wp\/v2\/posts\/3054\/revisions"}],"wp:featuredmedia":[{"embeddable":true,"href":"https:\/\/vieassociative.be\/actualites\/wp-json\/wp\/v2\/media\/3055"}],"wp:attachment":[{"href":"https:\/\/vieassociative.be\/actualites\/wp-json\/wp\/v2\/media?parent=3054"}],"wp:term":[{"taxonomy":"category","embeddable":true,"href":"https:\/\/vieassociative.be\/actualites\/wp-json\/wp\/v2\/categories?post=3054"},{"taxonomy":"post_tag","embeddable":true,"href":"https:\/\/vieassociative.be\/actualites\/wp-json\/wp\/v2\/tags?post=3054"}],"curies":[{"name":"wp","href":"https:\/\/api.w.org\/{rel}","templated":true}]}}