{"id":3052,"date":"2024-12-04T14:18:18","date_gmt":"2024-12-04T13:18:18","guid":{"rendered":"https:\/\/vieassociative.be\/actualites\/amazon-music-a-enfin-sa-propre-version-de-spotify-enveloppee\/"},"modified":"2024-12-04T14:18:18","modified_gmt":"2024-12-04T13:18:18","slug":"amazon-music-a-enfin-sa-propre-version-de-spotify-enveloppee","status":"publish","type":"post","link":"https:\/\/vieassociative.be\/actualites\/amazon-music-a-enfin-sa-propre-version-de-spotify-enveloppee\/","title":{"rendered":"Amazon Music a enfin sa propre version de Spotify envelopp\u00e9e"},"content":{"rendered":"<div class=\"mt-4 leading-6 md:mb-8\">\u00ab\u00a0Amazon Music livr\u00e9\u00a0\u00bb est ici.<\/div>\n<p><\/p>\n<p>Si vous utilisez Amazon Music, vous pourriez vous sentir d\u00e9connect\u00e9 \u00e0 cette p\u00e9riode de l&rsquo;ann\u00e9e, car les utilisateurs de Spotify et d&rsquo;Apple Music partagent respectivement leurs statistiques d&rsquo;\u00e9coute depuis Wrapped et Replay. Cette ann\u00e9e, cependant, c&rsquo;est un peu diff\u00e9rent : il semble qu&rsquo;Amazon ait finalement saut\u00e9 dans le train du r\u00e9capitulatif de fin d&rsquo;ann\u00e9e, en d\u00e9ployant sa propre version aux utilisateurs qu&rsquo;il appelle \u00ab\u00a0Livr\u00e9\u00a0\u00bb. (Vous comprenez ? Parce qu&rsquo;Amazon ?)<\/p>\n<p>Si vous avez d\u00e9j\u00e0 utilis\u00e9 une plateforme avec un r\u00e9capitulatif annuel, Amazon Music Delivered semble assez standard\u00a0: la fonctionnalit\u00e9 r\u00e9sume votre activit\u00e9 d&rsquo;\u00e9coute pour 2024, y compris des statistiques telles que vos meilleurs artistes, chansons et podcasts de l&rsquo;ann\u00e9e, si vous avez utilis\u00e9 Amazon Music pour vos besoins en podcasting, bien s\u00fbr. Amazon indique \u00e9galement que vous verrez tous les \u00ab joyaux cach\u00e9s \u00bb que vous avez d\u00e9couverts, ainsi que la \u00ab principale demande \u00bb que vous avez faite sur Amazon Music via Alexa. Je suis s\u00fbr que vos flux de m\u00e9dias sociaux seront en effervescence avec cette statistique.<\/p>\n<p>Amazon indique que certains auditeurs peuvent recevoir un message de l&rsquo;un de leurs meilleurs artistes. La soci\u00e9t\u00e9 n&rsquo;a pas confirm\u00e9 quels artistes ont fourni ces messages, mais Amazon indique que vous avez besoin d&rsquo;un appareil \u00ab compatible Alexa \u00bb pour recevoir des messages.  <\/p>\n<p>En tout cas, c&rsquo;est une grande am\u00e9lioration par rapport \u00e0 la fa\u00e7on dont les choses fonctionnaient auparavant : Amazon Music proposait une playlist annuelle, comprenant vos meilleurs morceaux de l&rsquo;ann\u00e9e \u00e9coul\u00e9e. Mais cette nouvelle fonctionnalit\u00e9, comme Spotify Wrapped, constitue un moyen plus engageant de revoir vos habitudes d\u2019\u00e9coute pour 2024. <\/p>\n<div class=\"mx-auto mt-8 w-full max-w-4xl\">\n<div id=\"video-container-bcQkDk7EUZE\"><\/div>\n<\/div>\n<h2 id=\"how-to-find-your-2024-amazon-music-delivered\">Comment trouver votre Amazon Music 2024 livr\u00e9 <\/h2>\n<p>Pour consulter votre 2024 Delivered, ouvrez l&rsquo;application Amazon Music sur votre iPhone ou Android, puis rendez-vous sur votre <strong>Biblioth\u00e8que<\/strong>. Ici, appuyez sur la banni\u00e8re \u00ab 2024 Delivered \u00bb et vous y \u00eates. <\/p>\n<p>M\u00eame si tous les graphismes sont nouveaux, vous pouvez toujours acc\u00e9der \u00e0 une playlist de fin d&rsquo;ann\u00e9e. Vous les trouverez sous la forme d&rsquo;une nouvelle playlist \u00ab Top Songs 2024 \u00bb, plut\u00f4t que de l&rsquo;ancienne playlist \u00ab My Year in Review \u00bb. Vous pouvez \u00e9galement demander \u00e0 Alexa de lire la liste de lecture en disant : \u00ab Alexa, joue My Top Songs 2024 \u00bb. <\/p>\n<p>Si vous disposez d&rsquo;un appareil compatible Alexa connect\u00e9 \u00e0 votre compte Amazon Music, vous verrez une lumi\u00e8re jaune clignotante si vous avez re\u00e7u un message d&rsquo;un artiste de premier plan.<\/p>\n<div class=\"eloquent-imagery-image\">\n<div class=\"flex justify-center\">\n                    <img decoding=\"async\" class=\"border border-gray-100\" src=\"https:\/\/vieassociative.be\/actualites\/wp-content\/uploads\/2024\/12\/Amazon-Music-a-enfin-sa-propre-version-de-Spotify-enveloppee.jpg\" alt=\"trois captures d'\u00e9cran d'Amazon Music Delivered\" width=\"2000\" height=\"1124\" loading=\"lazy\"  >\n            <\/div>\n<\/p><\/div>\n","protected":false},"excerpt":{"rendered":"<p>\u00ab\u00a0Amazon Music livr\u00e9\u00a0\u00bb est ici. Si vous utilisez Amazon Music, vous pourriez vous sentir d\u00e9connect\u00e9 \u00e0 cette p\u00e9riode de l&rsquo;ann\u00e9e, car les utilisateurs de Spotify<\/p>\n","protected":false},"author":1,"featured_media":3053,"comment_status":"","ping_status":"","sticky":false,"template":"","format":"standard","meta":{"footnotes":""},"categories":[13],"tags":[51,545,3759,3757,2292,3758,2376],"class_list":["post-3052","post","type-post","status-publish","format-standard","has-post-thumbnail","hentry","category-technologie","tag-amazon","tag-enfin","tag-enveloppee","tag-music","tag-propre","tag-spotify","tag-version","generate-columns","tablet-grid-50","mobile-grid-100","grid-parent","grid-33"],"yoast_head":"<!-- This site is optimized with the Yoast SEO plugin v24.0 - https:\/\/yoast.com\/wordpress\/plugins\/seo\/ -->\n<title>Amazon Music a enfin sa propre version de Spotify envelopp\u00e9e | Vie Associative<\/title>\n<meta name=\"robots\" content=\"index, follow, max-snippet:-1, max-image-preview:large, max-video-preview:-1\" \/>\n<link rel=\"canonical\" href=\"https:\/\/vieassociative.be\/actualites\/amazon-music-a-enfin-sa-propre-version-de-spotify-enveloppee\/\" \/>\n<meta property=\"og:locale\" content=\"fr_FR\" \/>\n<meta property=\"og:type\" content=\"article\" \/>\n<meta property=\"og:title\" content=\"Amazon Music a enfin sa propre version de Spotify envelopp\u00e9e | Vie Associative\" \/>\n<meta property=\"og:description\" content=\"\u00ab\u00a0Amazon Music livr\u00e9\u00a0\u00bb est ici. Si vous utilisez Amazon Music, vous pourriez vous sentir d\u00e9connect\u00e9 \u00e0 cette p\u00e9riode de l&rsquo;ann\u00e9e, car les utilisateurs de Spotify\" \/>\n<meta property=\"og:url\" content=\"https:\/\/vieassociative.be\/actualites\/amazon-music-a-enfin-sa-propre-version-de-spotify-enveloppee\/\" \/>\n<meta property=\"og:site_name\" content=\"Vie Associative\" \/>\n<meta property=\"article:published_time\" content=\"2024-12-04T13:18:18+00:00\" \/>\n<meta property=\"og:image\" content=\"https:\/\/vieassociative.be\/actualites\/wp-content\/uploads\/2024\/12\/Amazon-Music-a-enfin-sa-propre-version-de-Spotify-enveloppee.jpg\" \/>\n<meta name=\"author\" content=\"Julien\" \/>\n<meta name=\"twitter:card\" content=\"summary_large_image\" \/>\n<meta name=\"twitter:label1\" content=\"\u00c9crit par\" \/>\n\t<meta name=\"twitter:data1\" content=\"Julien\" \/>\n\t<meta name=\"twitter:label2\" content=\"Dur\u00e9e de lecture est.\" \/>\n\t<meta name=\"twitter:data2\" content=\"2 minutes\" \/>\n<script type=\"application\/ld+json\" class=\"yoast-schema-graph\">{\"@context\":\"https:\/\/schema.org\",\"@graph\":[{\"@type\":\"Article\",\"@id\":\"https:\/\/vieassociative.be\/actualites\/amazon-music-a-enfin-sa-propre-version-de-spotify-enveloppee\/#article\",\"isPartOf\":{\"@id\":\"https:\/\/vieassociative.be\/actualites\/amazon-music-a-enfin-sa-propre-version-de-spotify-enveloppee\/\"},\"author\":{\"name\":\"Julien\",\"@id\":\"https:\/\/vieassociative.be\/actualites\/#\/schema\/person\/b87ac4f82f9d4e7b7cec7395b679edc4\"},\"headline\":\"Amazon Music a enfin sa propre version de Spotify envelopp\u00e9e\",\"datePublished\":\"2024-12-04T13:18:18+00:00\",\"dateModified\":\"2024-12-04T13:18:18+00:00\",\"mainEntityOfPage\":{\"@id\":\"https:\/\/vieassociative.be\/actualites\/amazon-music-a-enfin-sa-propre-version-de-spotify-enveloppee\/\"},\"wordCount\":433,\"publisher\":{\"@id\":\"https:\/\/vieassociative.be\/actualites\/#organization\"},\"image\":{\"@id\":\"https:\/\/vieassociative.be\/actualites\/amazon-music-a-enfin-sa-propre-version-de-spotify-enveloppee\/#primaryimage\"},\"thumbnailUrl\":\"https:\/\/vieassociative.be\/actualites\/wp-content\/uploads\/2024\/12\/1733318298_Amazon-Music-a-enfin-sa-propre-version-de-Spotify-enveloppee.jpg\",\"keywords\":[\"Amazon\",\"enfin\",\"envelopp\u00e9e\",\"Music\",\"propre\",\"Spotify\",\"version\"],\"articleSection\":[\"Technologie\"],\"inLanguage\":\"fr-BE\"},{\"@type\":\"WebPage\",\"@id\":\"https:\/\/vieassociative.be\/actualites\/amazon-music-a-enfin-sa-propre-version-de-spotify-enveloppee\/\",\"url\":\"https:\/\/vieassociative.be\/actualites\/amazon-music-a-enfin-sa-propre-version-de-spotify-enveloppee\/\",\"name\":\"Amazon Music a enfin sa propre version de Spotify envelopp\u00e9e | Vie Associative\",\"isPartOf\":{\"@id\":\"https:\/\/vieassociative.be\/actualites\/#website\"},\"primaryImageOfPage\":{\"@id\":\"https:\/\/vieassociative.be\/actualites\/amazon-music-a-enfin-sa-propre-version-de-spotify-enveloppee\/#primaryimage\"},\"image\":{\"@id\":\"https:\/\/vieassociative.be\/actualites\/amazon-music-a-enfin-sa-propre-version-de-spotify-enveloppee\/#primaryimage\"},\"thumbnailUrl\":\"https:\/\/vieassociative.be\/actualites\/wp-content\/uploads\/2024\/12\/1733318298_Amazon-Music-a-enfin-sa-propre-version-de-Spotify-enveloppee.jpg\",\"datePublished\":\"2024-12-04T13:18:18+00:00\",\"dateModified\":\"2024-12-04T13:18:18+00:00\",\"breadcrumb\":{\"@id\":\"https:\/\/vieassociative.be\/actualites\/amazon-music-a-enfin-sa-propre-version-de-spotify-enveloppee\/#breadcrumb\"},\"inLanguage\":\"fr-BE\",\"potentialAction\":[{\"@type\":\"ReadAction\",\"target\":[\"https:\/\/vieassociative.be\/actualites\/amazon-music-a-enfin-sa-propre-version-de-spotify-enveloppee\/\"]}]},{\"@type\":\"ImageObject\",\"inLanguage\":\"fr-BE\",\"@id\":\"https:\/\/vieassociative.be\/actualites\/amazon-music-a-enfin-sa-propre-version-de-spotify-enveloppee\/#primaryimage\",\"url\":\"https:\/\/vieassociative.be\/actualites\/wp-content\/uploads\/2024\/12\/1733318298_Amazon-Music-a-enfin-sa-propre-version-de-Spotify-enveloppee.jpg\",\"contentUrl\":\"https:\/\/vieassociative.be\/actualites\/wp-content\/uploads\/2024\/12\/1733318298_Amazon-Music-a-enfin-sa-propre-version-de-Spotify-enveloppee.jpg\",\"width\":1200,\"height\":675,\"caption\":\"Amazon Music a enfin sa propre version de Spotify envelopp\u00e9e\"},{\"@type\":\"BreadcrumbList\",\"@id\":\"https:\/\/vieassociative.be\/actualites\/amazon-music-a-enfin-sa-propre-version-de-spotify-enveloppee\/#breadcrumb\",\"itemListElement\":[{\"@type\":\"ListItem\",\"position\":1,\"name\":\"Accueil\",\"item\":\"https:\/\/vieassociative.be\/actualites\/\"},{\"@type\":\"ListItem\",\"position\":2,\"name\":\"Amazon Music a enfin sa propre version de Spotify envelopp\u00e9e\"}]},{\"@type\":\"WebSite\",\"@id\":\"https:\/\/vieassociative.be\/actualites\/#website\",\"url\":\"https:\/\/vieassociative.be\/actualites\/\",\"name\":\"Vie Associative\",\"description\":\"\",\"publisher\":{\"@id\":\"https:\/\/vieassociative.be\/actualites\/#organization\"},\"potentialAction\":[{\"@type\":\"SearchAction\",\"target\":{\"@type\":\"EntryPoint\",\"urlTemplate\":\"https:\/\/vieassociative.be\/actualites\/?s={search_term_string}\"},\"query-input\":{\"@type\":\"PropertyValueSpecification\",\"valueRequired\":true,\"valueName\":\"search_term_string\"}}],\"inLanguage\":\"fr-BE\"},{\"@type\":\"Organization\",\"@id\":\"https:\/\/vieassociative.be\/actualites\/#organization\",\"name\":\"Vie Associative\",\"url\":\"https:\/\/vieassociative.be\/actualites\/\",\"logo\":{\"@type\":\"ImageObject\",\"inLanguage\":\"fr-BE\",\"@id\":\"https:\/\/vieassociative.be\/actualites\/#\/schema\/logo\/image\/\",\"url\":\"https:\/\/vieassociative.be\/actualites\/wp-content\/uploads\/2024\/09\/cropped-vieassociative_favicon.ico.png\",\"contentUrl\":\"https:\/\/vieassociative.be\/actualites\/wp-content\/uploads\/2024\/09\/cropped-vieassociative_favicon.ico.png\",\"width\":512,\"height\":512,\"caption\":\"Vie Associative\"},\"image\":{\"@id\":\"https:\/\/vieassociative.be\/actualites\/#\/schema\/logo\/image\/\"}},{\"@type\":\"Person\",\"@id\":\"https:\/\/vieassociative.be\/actualites\/#\/schema\/person\/b87ac4f82f9d4e7b7cec7395b679edc4\",\"name\":\"Julien\",\"image\":{\"@type\":\"ImageObject\",\"inLanguage\":\"fr-BE\",\"@id\":\"https:\/\/vieassociative.be\/actualites\/#\/schema\/person\/image\/\",\"url\":\"https:\/\/vieassociative.be\/actualites\/wp-content\/uploads\/2024\/09\/vie-associative-1-150x150.jpg\",\"contentUrl\":\"https:\/\/vieassociative.be\/actualites\/wp-content\/uploads\/2024\/09\/vie-associative-1-150x150.jpg\",\"caption\":\"Julien\"},\"description\":\"Je suis Julien, r\u00e9dacteur pour Vie Associative. Passionn\u00e9 par le monde associatif depuis plus de 10 ans, j'ai \u00e0 c\u0153ur de partager des histoires inspirantes et de mettre en lumi\u00e8re les initiatives locales. Mon objectif est de sensibiliser et d'encourager l'engagement communautaire \u00e0 travers mes articles.\",\"sameAs\":[\"https:\/\/vieassociative.be\/\"]}]}<\/script>\n<!-- \/ Yoast SEO plugin. -->","yoast_head_json":{"title":"Amazon Music a enfin sa propre version de Spotify envelopp\u00e9e | Vie Associative","robots":{"index":"index","follow":"follow","max-snippet":"max-snippet:-1","max-image-preview":"max-image-preview:large","max-video-preview":"max-video-preview:-1"},"canonical":"https:\/\/vieassociative.be\/actualites\/amazon-music-a-enfin-sa-propre-version-de-spotify-enveloppee\/","og_locale":"fr_FR","og_type":"article","og_title":"Amazon Music a enfin sa propre version de Spotify envelopp\u00e9e | Vie Associative","og_description":"\u00ab\u00a0Amazon Music livr\u00e9\u00a0\u00bb est ici. Si vous utilisez Amazon Music, vous pourriez vous sentir d\u00e9connect\u00e9 \u00e0 cette p\u00e9riode de l&rsquo;ann\u00e9e, car les utilisateurs de Spotify","og_url":"https:\/\/vieassociative.be\/actualites\/amazon-music-a-enfin-sa-propre-version-de-spotify-enveloppee\/","og_site_name":"Vie Associative","article_published_time":"2024-12-04T13:18:18+00:00","og_image":[{"url":"https:\/\/vieassociative.be\/actualites\/wp-content\/uploads\/2024\/12\/Amazon-Music-a-enfin-sa-propre-version-de-Spotify-enveloppee.jpg","type":"","width":"","height":""}],"author":"Julien","twitter_card":"summary_large_image","twitter_misc":{"\u00c9crit par":"Julien","Dur\u00e9e de lecture est.":"2 minutes"},"schema":{"@context":"https:\/\/schema.org","@graph":[{"@type":"Article","@id":"https:\/\/vieassociative.be\/actualites\/amazon-music-a-enfin-sa-propre-version-de-spotify-enveloppee\/#article","isPartOf":{"@id":"https:\/\/vieassociative.be\/actualites\/amazon-music-a-enfin-sa-propre-version-de-spotify-enveloppee\/"},"author":{"name":"Julien","@id":"https:\/\/vieassociative.be\/actualites\/#\/schema\/person\/b87ac4f82f9d4e7b7cec7395b679edc4"},"headline":"Amazon Music a enfin sa propre version de Spotify envelopp\u00e9e","datePublished":"2024-12-04T13:18:18+00:00","dateModified":"2024-12-04T13:18:18+00:00","mainEntityOfPage":{"@id":"https:\/\/vieassociative.be\/actualites\/amazon-music-a-enfin-sa-propre-version-de-spotify-enveloppee\/"},"wordCount":433,"publisher":{"@id":"https:\/\/vieassociative.be\/actualites\/#organization"},"image":{"@id":"https:\/\/vieassociative.be\/actualites\/amazon-music-a-enfin-sa-propre-version-de-spotify-enveloppee\/#primaryimage"},"thumbnailUrl":"https:\/\/vieassociative.be\/actualites\/wp-content\/uploads\/2024\/12\/1733318298_Amazon-Music-a-enfin-sa-propre-version-de-Spotify-enveloppee.jpg","keywords":["Amazon","enfin","envelopp\u00e9e","Music","propre","Spotify","version"],"articleSection":["Technologie"],"inLanguage":"fr-BE"},{"@type":"WebPage","@id":"https:\/\/vieassociative.be\/actualites\/amazon-music-a-enfin-sa-propre-version-de-spotify-enveloppee\/","url":"https:\/\/vieassociative.be\/actualites\/amazon-music-a-enfin-sa-propre-version-de-spotify-enveloppee\/","name":"Amazon Music a enfin sa propre version de Spotify envelopp\u00e9e | Vie Associative","isPartOf":{"@id":"https:\/\/vieassociative.be\/actualites\/#website"},"primaryImageOfPage":{"@id":"https:\/\/vieassociative.be\/actualites\/amazon-music-a-enfin-sa-propre-version-de-spotify-enveloppee\/#primaryimage"},"image":{"@id":"https:\/\/vieassociative.be\/actualites\/amazon-music-a-enfin-sa-propre-version-de-spotify-enveloppee\/#primaryimage"},"thumbnailUrl":"https:\/\/vieassociative.be\/actualites\/wp-content\/uploads\/2024\/12\/1733318298_Amazon-Music-a-enfin-sa-propre-version-de-Spotify-enveloppee.jpg","datePublished":"2024-12-04T13:18:18+00:00","dateModified":"2024-12-04T13:18:18+00:00","breadcrumb":{"@id":"https:\/\/vieassociative.be\/actualites\/amazon-music-a-enfin-sa-propre-version-de-spotify-enveloppee\/#breadcrumb"},"inLanguage":"fr-BE","potentialAction":[{"@type":"ReadAction","target":["https:\/\/vieassociative.be\/actualites\/amazon-music-a-enfin-sa-propre-version-de-spotify-enveloppee\/"]}]},{"@type":"ImageObject","inLanguage":"fr-BE","@id":"https:\/\/vieassociative.be\/actualites\/amazon-music-a-enfin-sa-propre-version-de-spotify-enveloppee\/#primaryimage","url":"https:\/\/vieassociative.be\/actualites\/wp-content\/uploads\/2024\/12\/1733318298_Amazon-Music-a-enfin-sa-propre-version-de-Spotify-enveloppee.jpg","contentUrl":"https:\/\/vieassociative.be\/actualites\/wp-content\/uploads\/2024\/12\/1733318298_Amazon-Music-a-enfin-sa-propre-version-de-Spotify-enveloppee.jpg","width":1200,"height":675,"caption":"Amazon Music a enfin sa propre version de Spotify envelopp\u00e9e"},{"@type":"BreadcrumbList","@id":"https:\/\/vieassociative.be\/actualites\/amazon-music-a-enfin-sa-propre-version-de-spotify-enveloppee\/#breadcrumb","itemListElement":[{"@type":"ListItem","position":1,"name":"Accueil","item":"https:\/\/vieassociative.be\/actualites\/"},{"@type":"ListItem","position":2,"name":"Amazon Music a enfin sa propre version de Spotify envelopp\u00e9e"}]},{"@type":"WebSite","@id":"https:\/\/vieassociative.be\/actualites\/#website","url":"https:\/\/vieassociative.be\/actualites\/","name":"Vie Associative","description":"","publisher":{"@id":"https:\/\/vieassociative.be\/actualites\/#organization"},"potentialAction":[{"@type":"SearchAction","target":{"@type":"EntryPoint","urlTemplate":"https:\/\/vieassociative.be\/actualites\/?s={search_term_string}"},"query-input":{"@type":"PropertyValueSpecification","valueRequired":true,"valueName":"search_term_string"}}],"inLanguage":"fr-BE"},{"@type":"Organization","@id":"https:\/\/vieassociative.be\/actualites\/#organization","name":"Vie Associative","url":"https:\/\/vieassociative.be\/actualites\/","logo":{"@type":"ImageObject","inLanguage":"fr-BE","@id":"https:\/\/vieassociative.be\/actualites\/#\/schema\/logo\/image\/","url":"https:\/\/vieassociative.be\/actualites\/wp-content\/uploads\/2024\/09\/cropped-vieassociative_favicon.ico.png","contentUrl":"https:\/\/vieassociative.be\/actualites\/wp-content\/uploads\/2024\/09\/cropped-vieassociative_favicon.ico.png","width":512,"height":512,"caption":"Vie Associative"},"image":{"@id":"https:\/\/vieassociative.be\/actualites\/#\/schema\/logo\/image\/"}},{"@type":"Person","@id":"https:\/\/vieassociative.be\/actualites\/#\/schema\/person\/b87ac4f82f9d4e7b7cec7395b679edc4","name":"Julien","image":{"@type":"ImageObject","inLanguage":"fr-BE","@id":"https:\/\/vieassociative.be\/actualites\/#\/schema\/person\/image\/","url":"https:\/\/vieassociative.be\/actualites\/wp-content\/uploads\/2024\/09\/vie-associative-1-150x150.jpg","contentUrl":"https:\/\/vieassociative.be\/actualites\/wp-content\/uploads\/2024\/09\/vie-associative-1-150x150.jpg","caption":"Julien"},"description":"Je suis Julien, r\u00e9dacteur pour Vie Associative. Passionn\u00e9 par le monde associatif depuis plus de 10 ans, j'ai \u00e0 c\u0153ur de partager des histoires inspirantes et de mettre en lumi\u00e8re les initiatives locales. Mon objectif est de sensibiliser et d'encourager l'engagement communautaire \u00e0 travers mes articles.","sameAs":["https:\/\/vieassociative.be\/"]}]}},"_links":{"self":[{"href":"https:\/\/vieassociative.be\/actualites\/wp-json\/wp\/v2\/posts\/3052"}],"collection":[{"href":"https:\/\/vieassociative.be\/actualites\/wp-json\/wp\/v2\/posts"}],"about":[{"href":"https:\/\/vieassociative.be\/actualites\/wp-json\/wp\/v2\/types\/post"}],"author":[{"embeddable":true,"href":"https:\/\/vieassociative.be\/actualites\/wp-json\/wp\/v2\/users\/1"}],"replies":[{"embeddable":true,"href":"https:\/\/vieassociative.be\/actualites\/wp-json\/wp\/v2\/comments?post=3052"}],"version-history":[{"count":0,"href":"https:\/\/vieassociative.be\/actualites\/wp-json\/wp\/v2\/posts\/3052\/revisions"}],"wp:featuredmedia":[{"embeddable":true,"href":"https:\/\/vieassociative.be\/actualites\/wp-json\/wp\/v2\/media\/3053"}],"wp:attachment":[{"href":"https:\/\/vieassociative.be\/actualites\/wp-json\/wp\/v2\/media?parent=3052"}],"wp:term":[{"taxonomy":"category","embeddable":true,"href":"https:\/\/vieassociative.be\/actualites\/wp-json\/wp\/v2\/categories?post=3052"},{"taxonomy":"post_tag","embeddable":true,"href":"https:\/\/vieassociative.be\/actualites\/wp-json\/wp\/v2\/tags?post=3052"}],"curies":[{"name":"wp","href":"https:\/\/api.w.org\/{rel}","templated":true}]}}