{"id":3047,"date":"2024-12-04T08:18:35","date_gmt":"2024-12-04T07:18:35","guid":{"rendered":"https:\/\/vieassociative.be\/actualites\/ma-cafetiere-preferee-beneficie-dune-reduction-allant-jusqua-30-apres-le-cyber-monday\/"},"modified":"2024-12-04T08:18:35","modified_gmt":"2024-12-04T07:18:35","slug":"ma-cafetiere-preferee-beneficie-dune-reduction-allant-jusqua-30-apres-le-cyber-monday","status":"publish","type":"post","link":"https:\/\/vieassociative.be\/actualites\/ma-cafetiere-preferee-beneficie-dune-reduction-allant-jusqua-30-apres-le-cyber-monday\/","title":{"rendered":"Ma cafeti\u00e8re pr\u00e9f\u00e9r\u00e9e b\u00e9n\u00e9ficie d&rsquo;une r\u00e9duction allant jusqu&rsquo;\u00e0 30 % apr\u00e8s le Cyber \u200b\u200b\u200b\u200bMonday"},"content":{"rendered":"<div class=\"mt-4 leading-6 md:mb-8\">Celui-ci est une \u00e9vidence, \u00e0 mon avis.<\/div>\n<p><\/p>\n<p><em>Le Moccamaster Technivorm fait partie du million de ventes post-Cyber \u200b\u200bMonday. Si vous \u00eates int\u00e9ress\u00e9 par la meilleure technologie en vente aujourd&rsquo;hui, <strong>consultez notre page sur les meilleures offres technologiques du Cyber \u200b\u200b\u200b\u200bMonday encore actives<\/strong><\/em><em>  pour une vue plus large de toutes les meilleures r\u00e9ductions que vous pouvez obtenir d\u00e8s maintenant. Les prix sont exacts au moment de la r\u00e9daction, mais vous pouvez vous attendre \u00e0 ce qu&rsquo;ils fluctuent et que les stocks se vendent, vous ne voudrez donc peut-\u00eatre pas h\u00e9siter si vous voyez une vente qui vous attire.<\/em><\/p>\n<p>Pendant tr\u00e8s longtemps, j&rsquo;ai \u00e9t\u00e9 un gars de Keurig et j&rsquo;en \u00e9tais content. Je chargeais une K-Cup dans ma machine \u00e0 portion individuelle et deux minutes plus tard, ma matin\u00e9e \u00e9tait sauv\u00e9e. Cependant, j&rsquo;avais deux probl\u00e8mes avec mon Keurig\u00a0: premi\u00e8rement, je d\u00e9testais le gaspillage quotidien des K-Cups, m\u00eame avec les \u00ab\u00a0recyclables\u00a0\u00bb qui sont apparues il y a quelques ann\u00e9es. Et deuxi\u00e8mement, utiliser la machine \u00e9tait un peu p\u00e9nible lorsqu\u2019on essayait de pr\u00e9parer plus d\u2019une tasse \u00e0 la fois. Ce serait bien de remplir un mug de voyage, par exemple, mais une tasse ne suffirait pas et deux tasses risqueraient de d\u00e9border. Et si nous avions plusieurs invit\u00e9s qui voulaient une tasse de caf\u00e9, ils devraient attendre leur tour car ma machine pr\u00e9pare exactement une portion \u00e0 la fois. J&rsquo;ai donc commenc\u00e9 \u00e0 m&rsquo;int\u00e9resser \u00e0 une cafeti\u00e8re plus traditionnelle &#8211; quelque chose qui utiliserait un filtre en papier pour pr\u00e9parer une cafeti\u00e8re enti\u00e8re &#8211; et si j&rsquo;avais des invit\u00e9s ou si je voulais remplir ma tasse de voyage, ce ne serait pas un probl\u00e8me.  <\/p>\n<p>M\u00eame si je me contenterais probablement d&rsquo;une cafeti\u00e8re standard, j&rsquo;ai \u00e9t\u00e9 attir\u00e9 par le Moccamaster Technivorm et je n&rsquo;ai jamais eu la chance de chercher ailleurs. Cette chose a tout pour plaire : elle est \u00e9l\u00e9gante, elle pr\u00e9pare 40 onces de caf\u00e9 \u00e0 la fois et est cens\u00e9e optimiser la vitesse \u00e0 laquelle le caf\u00e9 est infus\u00e9 pour extraire toute la \u00ab saveur \u00bb du caf\u00e9 et maximiser sa \u00ab complexit\u00e9, son go\u00fbt et son ar\u00f4me \u00bb. Je n&rsquo;ai aucune formation scientifique ou experte en ce qui concerne \u00abl&rsquo;extraction\u00bb de mon caf\u00e9, j&rsquo;aime juste une bonne tasse, et cette chose fait un pot de bon caf\u00e9 \u00e0 chaque fois. (Cette critique YouTube explique bien la machine de mani\u00e8re plus approfondie.)<\/p>\n<div class=\"pogoClear mb-12 mt-10 rounded-md border-2 border-gray-100 py-7 shadow-xl md:py-6\">\n<div class=\"flex flex-wrap justify-between px-7 text-black no-underline md:flex-nowrap md:px-8\">\n<div class=\"order-1 mx-auto flex flex-col justify-center md:order-2 md:ml-4 md:w-full md:grow\">\n<div class=\"block cursor-pointer text-center font-akshar text-2xl font-medium leading-7 text-brand-green duration-200 ease-in-out hover:text-brand-green-700 md:text-left md:text-xl md:leading-6\">Moccamaster Technivorm\n                <\/div>\n<div class=\"mt-4 hidden md:flex md:justify-between\">\n<div class=\"self-end\">\n<div class=\"mb-0 h-11 md:flex md:flex-col md:justify-center\">\n<div class=\" font-sans leading-4 text-black\">\n<div class=\"flex flex-wrap items-center justify-center gap-x-1 md:justify-start\">\n        <span class=\"font-bold\"><\/p>\n<p>            250,13 $<br \/>\n                            <span class=\"font-medium\">chez Amazon<\/span><br \/>\n                    <\/span><br \/>\n                    <img decoding=\"async\" class=\"mt-0 h-(15px)\" src=\"https:\/\/vieassociative.be\/actualites\/wp-content\/uploads\/2024\/12\/Ma-cafetiere-preferee-beneficie-dune-reduction-allant-jusqua-30.svg.svg+xml\" title=\"Amazon Premier\" alt=\"Amazon Premier\">\n            <\/div>\n<div class=\"flex items-center justify-center gap-x-1 font-bold md:justify-start\">\n            <span class=\"text-sm line-through\">359,00\u00a0$<\/span><br \/>\n            <span class=\"text-sm text-brand-green\">\u00c9conomisez 108,87\u00a0$<\/span>\n        <\/div>\n<\/p><\/div>\n<\/p><\/div>\n<\/p><\/div>\n<div class=\"w-44 self-end\">\n                            <button class=\"flex justify-center items-center w-full bg-brand-green text-white text-base font-sans font-medium rounded-md hover:bg-brand-green-700 hover:cursor-pointer md:text-sm h-11\"><\/p>\n<p>    Obtenez une offre<br \/>\n<\/button>\n                        <\/div>\n<\/p><\/div>\n<\/p><\/div>\n<div class=\"order-2 mt-5 h-auto w-full md:order-1 md:mt-0 md:hidden\">\n<div class=\"flex aspect-video items-center justify-center\">\n                                            <img decoding=\"async\" class=\"m-0 max-h-full max-w-full rounded-md\" src=\"https:\/\/vieassociative.be\/actualites\/wp-content\/uploads\/2024\/12\/Ma-cafetiere-preferee-beneficie-dune-reduction-allant-jusqua-30.jpg\" alt=\"Technivorm Moccamaster 53942 KBGV Cafeti\u00e8re 10 tasses Poivre jaune, 40 onces, 1,25 l\" width=\"auto\" height=\"auto\" loading=\"lazy\">\n                                    <\/div>\n<\/p><\/div>\n<div class=\"order-2 ml-2 hidden w-32 shrink-0 items-center md:order-1 md:ml-0 md:flex\">\n<div class=\"flex aspect-video items-center justify-center\">\n                                            <img decoding=\"async\" class=\"m-0 max-h-full max-w-full rounded-md\" src=\"https:\/\/vieassociative.be\/actualites\/wp-content\/uploads\/2024\/12\/Ma-cafetiere-preferee-beneficie-dune-reduction-allant-jusqua-30.jpg\" alt=\"Technivorm Moccamaster 53942 KBGV Cafeti\u00e8re 10 tasses Poivre jaune, 40 onces, 1,25 l\" width=\"auto\" height=\"auto\" loading=\"lazy\">\n                                    <\/div>\n<\/p><\/div>\n<div class=\"order-3 flex grow flex-wrap md:hidden md:grow-0\">\n<div class=\"mt-4 w-full\">\n                        <button class=\"flex justify-center items-center w-full bg-brand-green text-white text-base font-sans font-medium rounded-md hover:bg-brand-green-700 hover:cursor-pointer md:text-sm h-11\"><\/p>\n<p>    Obtenez une offre<br \/>\n<\/button>\n                    <\/div>\n<div class=\"mx-2 mt-4 w-full\">\n<div class=\" font-sans leading-4 text-black\">\n<div class=\"flex flex-wrap items-center justify-center gap-x-1 md:justify-start\">\n        <span class=\"font-bold\"><\/p>\n<p>            250,13 $<br \/>\n                            <span class=\"font-medium\">chez Amazon<\/span><br \/>\n                    <\/span><br \/>\n                    <img decoding=\"async\" class=\"mt-0 h-(15px)\" src=\"https:\/\/vieassociative.be\/actualites\/wp-content\/uploads\/2024\/12\/Ma-cafetiere-preferee-beneficie-dune-reduction-allant-jusqua-30.svg.svg+xml\" title=\"Amazon Premier\" alt=\"Amazon Premier\">\n            <\/div>\n<div class=\"flex items-center justify-center gap-x-1 font-bold md:justify-start\">\n            <span class=\"text-sm line-through\">359,00\u00a0$<\/span><br \/>\n            <span class=\"text-sm text-brand-green\">\u00c9conomisez 108,87\u00a0$<\/span>\n        <\/div>\n<\/p><\/div>\n<\/p><\/div>\n<\/p><\/div>\n<\/p><\/div>\n<\/div>\n<p>Quant \u00e0 la pr\u00e9paration r\u00e9elle de votre caf\u00e9, je fr\u00e9quente assez souvent les conseils de Moccamaster, qui sont publi\u00e9s en ligne (m\u00eame s&rsquo;ils devraient \u00e9galement \u00eatre fournis avec votre machine sous forme papier). Il a le rapport sugg\u00e9r\u00e9 entre l&rsquo;eau et le caf\u00e9 moulu pour toute quantit\u00e9 de caf\u00e9 que vous cherchez \u00e0 pr\u00e9parer (j&rsquo;ai tendance \u00e0 pr\u00e9parer un litre \u00e0 la fois, ce qui \u00e9quivaut \u00e0 six cuill\u00e8res \u00e0 soupe de deux cuill\u00e8res \u00e0 soupe de Moccamaster, soit 55 onces), ainsi comme conseil sur ce qu&rsquo;il faut faire si l&rsquo;intensit\u00e9 est faible : Si votre caf\u00e9 est trop fort, Moccamaster vous recommande d&rsquo;ajouter de l&rsquo;eau chaude. Mais s&rsquo;il est trop faible, Moccamaster ne recommande pas d&rsquo;ajouter plus de marc : il conseille plut\u00f4t \u00ab d&rsquo;explorer diff\u00e9rentes vari\u00e9t\u00e9s de caf\u00e9 ou profils de torr\u00e9faction pour en trouver un plus adapt\u00e9 \u00e0 votre go\u00fbt \u00bb. Pour moi, cela ressemble \u00e0 une version tr\u00e8s polie de \u00ab la poubelle de ton caf\u00e9, mec \u00bb.<\/p>\n<p>Du point de vue d&rsquo;un novice, tout dans cette machine Moccamaster est incroyable, sauf le prix. Le truc co\u00fbte 359 $, ce qui, la derni\u00e8re fois que j&rsquo;ai v\u00e9rifi\u00e9, <strong>cher<\/strong>. C&rsquo;est pourquoi, lorsque j&rsquo;ai vu que le Technivorm \u00e9tait en vente, j&rsquo;ai d\u00fb en parler. <\/p>\n<p>Malheureusement, l&rsquo;accord est d\u00e9j\u00e0 fluctuant. A l\u2019origine, Amazon proposait cette machine \u00e0 moiti\u00e9 prix pour le Black Friday. Mais depuis, cette vente a pris fin. Mais de nombreuses couleurs sont encore en promotion \u00e0 30 % de r\u00e9duction. Au moment de la r\u00e9daction, cela comprend l&rsquo;abricot, le noir, l&rsquo;orange, le jaune beurre, le rouge pomme sucr\u00e9e, le rose, le gris pierre et le poivre jaune. Rose Gold propose une vente plus petite, actuellement au prix de 319,95 $. Je vous recommande de cliquer sur les diff\u00e9rentes couleurs avant d&rsquo;acheter pour voir si l&rsquo;offre a chang\u00e9 depuis cet article. <\/p>\n<div class=\"w-full mt-12 text-center sm:text-left\" x-data=\"{ showAll: false }\">\n<div class=\"flex flex-col items-center justify-between sm:px-6 sm:flex-row\">\n\t\t\t<span class=\"text-sm italic\">Les offres sont s\u00e9lectionn\u00e9es par notre \u00e9quipe commerciale<\/span><\/p><\/div>\n<\/p><\/div>\n","protected":false},"excerpt":{"rendered":"<p>Celui-ci est une \u00e9vidence, \u00e0 mon avis. Le Moccamaster Technivorm fait partie du million de ventes post-Cyber \u200b\u200bMonday. Si vous \u00eates int\u00e9ress\u00e9 par la meilleure<\/p>\n","protected":false},"author":1,"featured_media":3048,"comment_status":"","ping_status":"","sticky":false,"template":"","format":"standard","meta":{"footnotes":""},"categories":[39],"tags":[3756,472,3546,1516,2624,698,1269,2625,52,308],"class_list":["post-3047","post","type-post","status-publish","format-standard","has-post-thumbnail","hentry","category-gastronomie","tag-allant","tag-apres","tag-beneficie","tag-cafetiere","tag-cyber","tag-dune","tag-jusqua","tag-monday","tag-preferee","tag-reduction","generate-columns","tablet-grid-50","mobile-grid-100","grid-parent","grid-33"],"yoast_head":"<!-- This site is optimized with the Yoast SEO plugin v24.0 - https:\/\/yoast.com\/wordpress\/plugins\/seo\/ -->\n<title>Ma cafeti\u00e8re pr\u00e9f\u00e9r\u00e9e b\u00e9n\u00e9ficie d&#039;une r\u00e9duction allant jusqu&#039;\u00e0 30 % apr\u00e8s le Cyber \u200b\u200b\u200b\u200bMonday | Vie Associative<\/title>\n<meta name=\"robots\" content=\"index, follow, max-snippet:-1, max-image-preview:large, max-video-preview:-1\" \/>\n<link rel=\"canonical\" href=\"https:\/\/vieassociative.be\/actualites\/ma-cafetiere-preferee-beneficie-dune-reduction-allant-jusqua-30-apres-le-cyber-monday\/\" \/>\n<meta property=\"og:locale\" content=\"fr_FR\" \/>\n<meta property=\"og:type\" content=\"article\" \/>\n<meta property=\"og:title\" content=\"Ma cafeti\u00e8re pr\u00e9f\u00e9r\u00e9e b\u00e9n\u00e9ficie d&#039;une r\u00e9duction allant jusqu&#039;\u00e0 30 % apr\u00e8s le Cyber \u200b\u200b\u200b\u200bMonday | Vie Associative\" \/>\n<meta property=\"og:description\" content=\"Celui-ci est une \u00e9vidence, \u00e0 mon avis. Le Moccamaster Technivorm fait partie du million de ventes post-Cyber \u200b\u200bMonday. Si vous \u00eates int\u00e9ress\u00e9 par la meilleure\" \/>\n<meta property=\"og:url\" content=\"https:\/\/vieassociative.be\/actualites\/ma-cafetiere-preferee-beneficie-dune-reduction-allant-jusqua-30-apres-le-cyber-monday\/\" \/>\n<meta property=\"og:site_name\" content=\"Vie Associative\" \/>\n<meta property=\"article:published_time\" content=\"2024-12-04T07:18:35+00:00\" \/>\n<meta property=\"og:image\" content=\"https:\/\/vieassociative.be\/actualites\/wp-content\/uploads\/2024\/12\/Ma-cafetiere-preferee-beneficie-dune-reduction-allant-jusqua-30.svg.svg+xml\" \/>\n<meta name=\"author\" content=\"Julien\" \/>\n<meta name=\"twitter:card\" content=\"summary_large_image\" \/>\n<meta name=\"twitter:label1\" content=\"\u00c9crit par\" \/>\n\t<meta name=\"twitter:data1\" content=\"Julien\" \/>\n\t<meta name=\"twitter:label2\" content=\"Dur\u00e9e de lecture est.\" \/>\n\t<meta name=\"twitter:data2\" content=\"4 minutes\" \/>\n<script type=\"application\/ld+json\" class=\"yoast-schema-graph\">{\"@context\":\"https:\/\/schema.org\",\"@graph\":[{\"@type\":\"Article\",\"@id\":\"https:\/\/vieassociative.be\/actualites\/ma-cafetiere-preferee-beneficie-dune-reduction-allant-jusqua-30-apres-le-cyber-monday\/#article\",\"isPartOf\":{\"@id\":\"https:\/\/vieassociative.be\/actualites\/ma-cafetiere-preferee-beneficie-dune-reduction-allant-jusqua-30-apres-le-cyber-monday\/\"},\"author\":{\"name\":\"Julien\",\"@id\":\"https:\/\/vieassociative.be\/actualites\/#\/schema\/person\/b87ac4f82f9d4e7b7cec7395b679edc4\"},\"headline\":\"Ma cafeti\u00e8re pr\u00e9f\u00e9r\u00e9e b\u00e9n\u00e9ficie d&rsquo;une r\u00e9duction allant jusqu&rsquo;\u00e0 30 % apr\u00e8s le Cyber \u200b\u200b\u200b\u200bMonday\",\"datePublished\":\"2024-12-04T07:18:35+00:00\",\"dateModified\":\"2024-12-04T07:18:35+00:00\",\"mainEntityOfPage\":{\"@id\":\"https:\/\/vieassociative.be\/actualites\/ma-cafetiere-preferee-beneficie-dune-reduction-allant-jusqua-30-apres-le-cyber-monday\/\"},\"wordCount\":797,\"publisher\":{\"@id\":\"https:\/\/vieassociative.be\/actualites\/#organization\"},\"image\":{\"@id\":\"https:\/\/vieassociative.be\/actualites\/ma-cafetiere-preferee-beneficie-dune-reduction-allant-jusqua-30-apres-le-cyber-monday\/#primaryimage\"},\"thumbnailUrl\":\"https:\/\/vieassociative.be\/actualites\/wp-content\/uploads\/2024\/12\/Ma-cafetiere-preferee-beneficie-dune-reduction-allant-jusqua-30.png\",\"keywords\":[\"allant\",\"Apr\u00e8s\",\"b\u00e9n\u00e9ficie\",\"cafeti\u00e8re\",\"Cyber\",\"dune\",\"jusqu\u00e0\",\"Monday\",\"pr\u00e9f\u00e9r\u00e9e\",\"r\u00e9duction\"],\"articleSection\":[\"Gastronomie\"],\"inLanguage\":\"fr-BE\"},{\"@type\":\"WebPage\",\"@id\":\"https:\/\/vieassociative.be\/actualites\/ma-cafetiere-preferee-beneficie-dune-reduction-allant-jusqua-30-apres-le-cyber-monday\/\",\"url\":\"https:\/\/vieassociative.be\/actualites\/ma-cafetiere-preferee-beneficie-dune-reduction-allant-jusqua-30-apres-le-cyber-monday\/\",\"name\":\"Ma cafeti\u00e8re pr\u00e9f\u00e9r\u00e9e b\u00e9n\u00e9ficie d'une r\u00e9duction allant jusqu'\u00e0 30 % apr\u00e8s le Cyber \u200b\u200b\u200b\u200bMonday | Vie Associative\",\"isPartOf\":{\"@id\":\"https:\/\/vieassociative.be\/actualites\/#website\"},\"primaryImageOfPage\":{\"@id\":\"https:\/\/vieassociative.be\/actualites\/ma-cafetiere-preferee-beneficie-dune-reduction-allant-jusqua-30-apres-le-cyber-monday\/#primaryimage\"},\"image\":{\"@id\":\"https:\/\/vieassociative.be\/actualites\/ma-cafetiere-preferee-beneficie-dune-reduction-allant-jusqua-30-apres-le-cyber-monday\/#primaryimage\"},\"thumbnailUrl\":\"https:\/\/vieassociative.be\/actualites\/wp-content\/uploads\/2024\/12\/Ma-cafetiere-preferee-beneficie-dune-reduction-allant-jusqua-30.png\",\"datePublished\":\"2024-12-04T07:18:35+00:00\",\"dateModified\":\"2024-12-04T07:18:35+00:00\",\"breadcrumb\":{\"@id\":\"https:\/\/vieassociative.be\/actualites\/ma-cafetiere-preferee-beneficie-dune-reduction-allant-jusqua-30-apres-le-cyber-monday\/#breadcrumb\"},\"inLanguage\":\"fr-BE\",\"potentialAction\":[{\"@type\":\"ReadAction\",\"target\":[\"https:\/\/vieassociative.be\/actualites\/ma-cafetiere-preferee-beneficie-dune-reduction-allant-jusqua-30-apres-le-cyber-monday\/\"]}]},{\"@type\":\"ImageObject\",\"inLanguage\":\"fr-BE\",\"@id\":\"https:\/\/vieassociative.be\/actualites\/ma-cafetiere-preferee-beneficie-dune-reduction-allant-jusqua-30-apres-le-cyber-monday\/#primaryimage\",\"url\":\"https:\/\/vieassociative.be\/actualites\/wp-content\/uploads\/2024\/12\/Ma-cafetiere-preferee-beneficie-dune-reduction-allant-jusqua-30.png\",\"contentUrl\":\"https:\/\/vieassociative.be\/actualites\/wp-content\/uploads\/2024\/12\/Ma-cafetiere-preferee-beneficie-dune-reduction-allant-jusqua-30.png\",\"width\":1200,\"height\":675,\"caption\":\"Ma cafeti\u00e8re pr\u00e9f\u00e9r\u00e9e b\u00e9n\u00e9ficie d'une r\u00e9duction allant jusqu'\u00e0 30 % apr\u00e8s le Cyber \u200b\u200b\u200b\u200bMonday\"},{\"@type\":\"BreadcrumbList\",\"@id\":\"https:\/\/vieassociative.be\/actualites\/ma-cafetiere-preferee-beneficie-dune-reduction-allant-jusqua-30-apres-le-cyber-monday\/#breadcrumb\",\"itemListElement\":[{\"@type\":\"ListItem\",\"position\":1,\"name\":\"Accueil\",\"item\":\"https:\/\/vieassociative.be\/actualites\/\"},{\"@type\":\"ListItem\",\"position\":2,\"name\":\"Ma cafeti\u00e8re pr\u00e9f\u00e9r\u00e9e b\u00e9n\u00e9ficie d&rsquo;une r\u00e9duction allant jusqu&rsquo;\u00e0 30 % apr\u00e8s le Cyber \u200b\u200b\u200b\u200bMonday\"}]},{\"@type\":\"WebSite\",\"@id\":\"https:\/\/vieassociative.be\/actualites\/#website\",\"url\":\"https:\/\/vieassociative.be\/actualites\/\",\"name\":\"Vie Associative\",\"description\":\"\",\"publisher\":{\"@id\":\"https:\/\/vieassociative.be\/actualites\/#organization\"},\"potentialAction\":[{\"@type\":\"SearchAction\",\"target\":{\"@type\":\"EntryPoint\",\"urlTemplate\":\"https:\/\/vieassociative.be\/actualites\/?s={search_term_string}\"},\"query-input\":{\"@type\":\"PropertyValueSpecification\",\"valueRequired\":true,\"valueName\":\"search_term_string\"}}],\"inLanguage\":\"fr-BE\"},{\"@type\":\"Organization\",\"@id\":\"https:\/\/vieassociative.be\/actualites\/#organization\",\"name\":\"Vie Associative\",\"url\":\"https:\/\/vieassociative.be\/actualites\/\",\"logo\":{\"@type\":\"ImageObject\",\"inLanguage\":\"fr-BE\",\"@id\":\"https:\/\/vieassociative.be\/actualites\/#\/schema\/logo\/image\/\",\"url\":\"https:\/\/vieassociative.be\/actualites\/wp-content\/uploads\/2024\/09\/cropped-vieassociative_favicon.ico.png\",\"contentUrl\":\"https:\/\/vieassociative.be\/actualites\/wp-content\/uploads\/2024\/09\/cropped-vieassociative_favicon.ico.png\",\"width\":512,\"height\":512,\"caption\":\"Vie Associative\"},\"image\":{\"@id\":\"https:\/\/vieassociative.be\/actualites\/#\/schema\/logo\/image\/\"}},{\"@type\":\"Person\",\"@id\":\"https:\/\/vieassociative.be\/actualites\/#\/schema\/person\/b87ac4f82f9d4e7b7cec7395b679edc4\",\"name\":\"Julien\",\"image\":{\"@type\":\"ImageObject\",\"inLanguage\":\"fr-BE\",\"@id\":\"https:\/\/vieassociative.be\/actualites\/#\/schema\/person\/image\/\",\"url\":\"https:\/\/vieassociative.be\/actualites\/wp-content\/uploads\/2024\/09\/vie-associative-1-150x150.jpg\",\"contentUrl\":\"https:\/\/vieassociative.be\/actualites\/wp-content\/uploads\/2024\/09\/vie-associative-1-150x150.jpg\",\"caption\":\"Julien\"},\"description\":\"Je suis Julien, r\u00e9dacteur pour Vie Associative. Passionn\u00e9 par le monde associatif depuis plus de 10 ans, j'ai \u00e0 c\u0153ur de partager des histoires inspirantes et de mettre en lumi\u00e8re les initiatives locales. Mon objectif est de sensibiliser et d'encourager l'engagement communautaire \u00e0 travers mes articles.\",\"sameAs\":[\"https:\/\/vieassociative.be\/\"]}]}<\/script>\n<!-- \/ Yoast SEO plugin. -->","yoast_head_json":{"title":"Ma cafeti\u00e8re pr\u00e9f\u00e9r\u00e9e b\u00e9n\u00e9ficie d'une r\u00e9duction allant jusqu'\u00e0 30 % apr\u00e8s le Cyber \u200b\u200b\u200b\u200bMonday | Vie Associative","robots":{"index":"index","follow":"follow","max-snippet":"max-snippet:-1","max-image-preview":"max-image-preview:large","max-video-preview":"max-video-preview:-1"},"canonical":"https:\/\/vieassociative.be\/actualites\/ma-cafetiere-preferee-beneficie-dune-reduction-allant-jusqua-30-apres-le-cyber-monday\/","og_locale":"fr_FR","og_type":"article","og_title":"Ma cafeti\u00e8re pr\u00e9f\u00e9r\u00e9e b\u00e9n\u00e9ficie d'une r\u00e9duction allant jusqu'\u00e0 30 % apr\u00e8s le Cyber \u200b\u200b\u200b\u200bMonday | Vie Associative","og_description":"Celui-ci est une \u00e9vidence, \u00e0 mon avis. Le Moccamaster Technivorm fait partie du million de ventes post-Cyber \u200b\u200bMonday. Si vous \u00eates int\u00e9ress\u00e9 par la meilleure","og_url":"https:\/\/vieassociative.be\/actualites\/ma-cafetiere-preferee-beneficie-dune-reduction-allant-jusqua-30-apres-le-cyber-monday\/","og_site_name":"Vie Associative","article_published_time":"2024-12-04T07:18:35+00:00","og_image":[{"url":"https:\/\/vieassociative.be\/actualites\/wp-content\/uploads\/2024\/12\/Ma-cafetiere-preferee-beneficie-dune-reduction-allant-jusqua-30.svg.svg+xml","type":"","width":"","height":""}],"author":"Julien","twitter_card":"summary_large_image","twitter_misc":{"\u00c9crit par":"Julien","Dur\u00e9e de lecture est.":"4 minutes"},"schema":{"@context":"https:\/\/schema.org","@graph":[{"@type":"Article","@id":"https:\/\/vieassociative.be\/actualites\/ma-cafetiere-preferee-beneficie-dune-reduction-allant-jusqua-30-apres-le-cyber-monday\/#article","isPartOf":{"@id":"https:\/\/vieassociative.be\/actualites\/ma-cafetiere-preferee-beneficie-dune-reduction-allant-jusqua-30-apres-le-cyber-monday\/"},"author":{"name":"Julien","@id":"https:\/\/vieassociative.be\/actualites\/#\/schema\/person\/b87ac4f82f9d4e7b7cec7395b679edc4"},"headline":"Ma cafeti\u00e8re pr\u00e9f\u00e9r\u00e9e b\u00e9n\u00e9ficie d&rsquo;une r\u00e9duction allant jusqu&rsquo;\u00e0 30 % apr\u00e8s le Cyber \u200b\u200b\u200b\u200bMonday","datePublished":"2024-12-04T07:18:35+00:00","dateModified":"2024-12-04T07:18:35+00:00","mainEntityOfPage":{"@id":"https:\/\/vieassociative.be\/actualites\/ma-cafetiere-preferee-beneficie-dune-reduction-allant-jusqua-30-apres-le-cyber-monday\/"},"wordCount":797,"publisher":{"@id":"https:\/\/vieassociative.be\/actualites\/#organization"},"image":{"@id":"https:\/\/vieassociative.be\/actualites\/ma-cafetiere-preferee-beneficie-dune-reduction-allant-jusqua-30-apres-le-cyber-monday\/#primaryimage"},"thumbnailUrl":"https:\/\/vieassociative.be\/actualites\/wp-content\/uploads\/2024\/12\/Ma-cafetiere-preferee-beneficie-dune-reduction-allant-jusqua-30.png","keywords":["allant","Apr\u00e8s","b\u00e9n\u00e9ficie","cafeti\u00e8re","Cyber","dune","jusqu\u00e0","Monday","pr\u00e9f\u00e9r\u00e9e","r\u00e9duction"],"articleSection":["Gastronomie"],"inLanguage":"fr-BE"},{"@type":"WebPage","@id":"https:\/\/vieassociative.be\/actualites\/ma-cafetiere-preferee-beneficie-dune-reduction-allant-jusqua-30-apres-le-cyber-monday\/","url":"https:\/\/vieassociative.be\/actualites\/ma-cafetiere-preferee-beneficie-dune-reduction-allant-jusqua-30-apres-le-cyber-monday\/","name":"Ma cafeti\u00e8re pr\u00e9f\u00e9r\u00e9e b\u00e9n\u00e9ficie d'une r\u00e9duction allant jusqu'\u00e0 30 % apr\u00e8s le Cyber \u200b\u200b\u200b\u200bMonday | Vie Associative","isPartOf":{"@id":"https:\/\/vieassociative.be\/actualites\/#website"},"primaryImageOfPage":{"@id":"https:\/\/vieassociative.be\/actualites\/ma-cafetiere-preferee-beneficie-dune-reduction-allant-jusqua-30-apres-le-cyber-monday\/#primaryimage"},"image":{"@id":"https:\/\/vieassociative.be\/actualites\/ma-cafetiere-preferee-beneficie-dune-reduction-allant-jusqua-30-apres-le-cyber-monday\/#primaryimage"},"thumbnailUrl":"https:\/\/vieassociative.be\/actualites\/wp-content\/uploads\/2024\/12\/Ma-cafetiere-preferee-beneficie-dune-reduction-allant-jusqua-30.png","datePublished":"2024-12-04T07:18:35+00:00","dateModified":"2024-12-04T07:18:35+00:00","breadcrumb":{"@id":"https:\/\/vieassociative.be\/actualites\/ma-cafetiere-preferee-beneficie-dune-reduction-allant-jusqua-30-apres-le-cyber-monday\/#breadcrumb"},"inLanguage":"fr-BE","potentialAction":[{"@type":"ReadAction","target":["https:\/\/vieassociative.be\/actualites\/ma-cafetiere-preferee-beneficie-dune-reduction-allant-jusqua-30-apres-le-cyber-monday\/"]}]},{"@type":"ImageObject","inLanguage":"fr-BE","@id":"https:\/\/vieassociative.be\/actualites\/ma-cafetiere-preferee-beneficie-dune-reduction-allant-jusqua-30-apres-le-cyber-monday\/#primaryimage","url":"https:\/\/vieassociative.be\/actualites\/wp-content\/uploads\/2024\/12\/Ma-cafetiere-preferee-beneficie-dune-reduction-allant-jusqua-30.png","contentUrl":"https:\/\/vieassociative.be\/actualites\/wp-content\/uploads\/2024\/12\/Ma-cafetiere-preferee-beneficie-dune-reduction-allant-jusqua-30.png","width":1200,"height":675,"caption":"Ma cafeti\u00e8re pr\u00e9f\u00e9r\u00e9e b\u00e9n\u00e9ficie d'une r\u00e9duction allant jusqu'\u00e0 30 % apr\u00e8s le Cyber \u200b\u200b\u200b\u200bMonday"},{"@type":"BreadcrumbList","@id":"https:\/\/vieassociative.be\/actualites\/ma-cafetiere-preferee-beneficie-dune-reduction-allant-jusqua-30-apres-le-cyber-monday\/#breadcrumb","itemListElement":[{"@type":"ListItem","position":1,"name":"Accueil","item":"https:\/\/vieassociative.be\/actualites\/"},{"@type":"ListItem","position":2,"name":"Ma cafeti\u00e8re pr\u00e9f\u00e9r\u00e9e b\u00e9n\u00e9ficie d&rsquo;une r\u00e9duction allant jusqu&rsquo;\u00e0 30 % apr\u00e8s le Cyber \u200b\u200b\u200b\u200bMonday"}]},{"@type":"WebSite","@id":"https:\/\/vieassociative.be\/actualites\/#website","url":"https:\/\/vieassociative.be\/actualites\/","name":"Vie Associative","description":"","publisher":{"@id":"https:\/\/vieassociative.be\/actualites\/#organization"},"potentialAction":[{"@type":"SearchAction","target":{"@type":"EntryPoint","urlTemplate":"https:\/\/vieassociative.be\/actualites\/?s={search_term_string}"},"query-input":{"@type":"PropertyValueSpecification","valueRequired":true,"valueName":"search_term_string"}}],"inLanguage":"fr-BE"},{"@type":"Organization","@id":"https:\/\/vieassociative.be\/actualites\/#organization","name":"Vie Associative","url":"https:\/\/vieassociative.be\/actualites\/","logo":{"@type":"ImageObject","inLanguage":"fr-BE","@id":"https:\/\/vieassociative.be\/actualites\/#\/schema\/logo\/image\/","url":"https:\/\/vieassociative.be\/actualites\/wp-content\/uploads\/2024\/09\/cropped-vieassociative_favicon.ico.png","contentUrl":"https:\/\/vieassociative.be\/actualites\/wp-content\/uploads\/2024\/09\/cropped-vieassociative_favicon.ico.png","width":512,"height":512,"caption":"Vie Associative"},"image":{"@id":"https:\/\/vieassociative.be\/actualites\/#\/schema\/logo\/image\/"}},{"@type":"Person","@id":"https:\/\/vieassociative.be\/actualites\/#\/schema\/person\/b87ac4f82f9d4e7b7cec7395b679edc4","name":"Julien","image":{"@type":"ImageObject","inLanguage":"fr-BE","@id":"https:\/\/vieassociative.be\/actualites\/#\/schema\/person\/image\/","url":"https:\/\/vieassociative.be\/actualites\/wp-content\/uploads\/2024\/09\/vie-associative-1-150x150.jpg","contentUrl":"https:\/\/vieassociative.be\/actualites\/wp-content\/uploads\/2024\/09\/vie-associative-1-150x150.jpg","caption":"Julien"},"description":"Je suis Julien, r\u00e9dacteur pour Vie Associative. Passionn\u00e9 par le monde associatif depuis plus de 10 ans, j'ai \u00e0 c\u0153ur de partager des histoires inspirantes et de mettre en lumi\u00e8re les initiatives locales. Mon objectif est de sensibiliser et d'encourager l'engagement communautaire \u00e0 travers mes articles.","sameAs":["https:\/\/vieassociative.be\/"]}]}},"_links":{"self":[{"href":"https:\/\/vieassociative.be\/actualites\/wp-json\/wp\/v2\/posts\/3047"}],"collection":[{"href":"https:\/\/vieassociative.be\/actualites\/wp-json\/wp\/v2\/posts"}],"about":[{"href":"https:\/\/vieassociative.be\/actualites\/wp-json\/wp\/v2\/types\/post"}],"author":[{"embeddable":true,"href":"https:\/\/vieassociative.be\/actualites\/wp-json\/wp\/v2\/users\/1"}],"replies":[{"embeddable":true,"href":"https:\/\/vieassociative.be\/actualites\/wp-json\/wp\/v2\/comments?post=3047"}],"version-history":[{"count":0,"href":"https:\/\/vieassociative.be\/actualites\/wp-json\/wp\/v2\/posts\/3047\/revisions"}],"wp:featuredmedia":[{"embeddable":true,"href":"https:\/\/vieassociative.be\/actualites\/wp-json\/wp\/v2\/media\/3048"}],"wp:attachment":[{"href":"https:\/\/vieassociative.be\/actualites\/wp-json\/wp\/v2\/media?parent=3047"}],"wp:term":[{"taxonomy":"category","embeddable":true,"href":"https:\/\/vieassociative.be\/actualites\/wp-json\/wp\/v2\/categories?post=3047"},{"taxonomy":"post_tag","embeddable":true,"href":"https:\/\/vieassociative.be\/actualites\/wp-json\/wp\/v2\/tags?post=3047"}],"curies":[{"name":"wp","href":"https:\/\/api.w.org\/{rel}","templated":true}]}}